{"id":36172,"date":"2023-02-14T22:05:00","date_gmt":"2023-02-14T21:05:00","guid":{"rendered":"https:\/\/lasentinelle.dz\/?p=36172"},"modified":"2023-02-14T20:50:00","modified_gmt":"2023-02-14T19:50:00","slug":"securite-societale-appel-a-lelaboration-dun-rapport-annuel","status":"publish","type":"post","link":"https:\/\/lasentinelle.dz\/index.php\/2023\/02\/14\/securite-societale-appel-a-lelaboration-dun-rapport-annuel\/","title":{"rendered":"S\u00e9curit\u00e9 soci\u00e9tale\u00a0: Appel \u00e0 l\u2019\u00e9laboration d\u2019un rapport annuel"},"content":{"rendered":"\n<p>Le concept de s\u00e9curit\u00e9 soci\u00e9tale a \u00e9t\u00e9 hier au c\u0153ur d\u2019une journ\u00e9e parlementaire organis\u00e9e par la Commission de d\u00e9fense de l&rsquo;Assembl\u00e9e populaire nationale. L\u2019occasion pour le pr\u00e9sident de la Chambre basse du Parlement, Brahim Boughali, de souligner tout l\u2019enjeu que repr\u00e9sente que la s\u00e9curit\u00e9 soci\u00e9tale cpour l&rsquo;unit\u00e9 nationale.<\/p>\n\n\n\n<p>Le tenant du perchoir de l\u2019H\u00e9micycle a ainsi indiqu\u00e9 dans son allocution d\u2019ouverture que \u00ab\u00a0la r\u00e9alisation de la s\u00e9curit\u00e9 soci\u00e9tale constituait l&rsquo;un des facteurs cl\u00e9s qui contribuent au renforcement de la coh\u00e9sion nationale, car r\u00e9unissant les composantes de la conscience collective et visant \u00e0 lib\u00e9rer l&rsquo;homme, notamment de la pauvret\u00e9, de l&rsquo;ignorance et de la maladie\u00a0\u00bb.L&rsquo;Alg\u00e9rie \u00ab\u00a0a pris conscience de la valeur de la s\u00e9curit\u00e9 et de son r\u00f4le dans la pr\u00e9servation de la coh\u00e9sion de la soci\u00e9t\u00e9\u00a0\u00bb, a-t-il soulign\u00e9, insistant sur l&rsquo;importance des programmes \u00e9labor\u00e9s pour \u00ab\u00a0pr\u00e9server la s\u00e9curit\u00e9 du pays et le prot\u00e9ger de toute tentative d&rsquo;intrusion op\u00e9r\u00e9e par les forces qui cherchent \u00e0 d\u00e9stabiliser les soci\u00e9t\u00e9s et \u00e0 menacer leur s\u00e9curit\u00e9\u00a0\u00bb.Le pr\u00e9sident de l&rsquo;APN s&rsquo;est f\u00e9licit\u00e9 des r\u00e9alisations accomplies par l&rsquo;Alg\u00e9rie, \u00ab\u00a0des r\u00e9alisations dont le m\u00e9rite revient aux personnes d\u00e9vou\u00e9es et aux institutions qui veillent sur la s\u00e9curit\u00e9 et la stabilit\u00e9 du pays\u00a0\u00bb mais aussi \u00e0 \u00ab\u00a0la volont\u00e9 politique dont les contours apparaissent clairement dans la vie soci\u00e9tale\u00a0\u00bb, a-t-il dit.<\/p>\n\n\n\n<p>Notons que les participants \u00e0 cette rencontre qui s\u2019est&nbsp; tenue sous le th\u00e8me de \u00ab\u00a0La s\u00e9curit\u00e9 soci\u00e9tale: r\u00e9alit\u00e9 de la menace et strat\u00e9gies de riposte\u00a0\u00bb et qui a \u00e9t\u00e9 anim\u00e9e par des experts en sciences politiques ont \u00e9labor\u00e9 une s\u00e9rie de recommandations. Ils ont ainsi appel\u00e9 \u00e0 la cr\u00e9ation d&rsquo;une commission d&rsquo;experts charg\u00e9e d&rsquo;\u00e9laborer un rapport annuel p\u00e9riodique sur la s\u00e9curit\u00e9 soci\u00e9tale en Alg\u00e9rieen identifiant ses mutations et les menaces auxquelles elle fait face.L&rsquo;institution d&rsquo;une \u00ab\u00a0journ\u00e9e nationale de la s\u00e9curit\u00e9 soci\u00e9tale\u00a0\u00bb a \u00e9galement \u00e9t\u00e9 propos\u00e9e, pour mettre en exergue les valeurs nationales, religieuses et historiques qui rassemblent et unissent les Alg\u00e9riens, outre le renforcement des campagnes de mobilisation pour promouvoir les valeurs de la s\u00e9curit\u00e9 soci\u00e9tale avec la contribution des diff\u00e9rentes institutions nationales, des forces de la soci\u00e9t\u00e9 civile et des \u00e9tablissements \u00e9ducatifs et religieux.Les participants ont \u00e9galement mis l&rsquo;accent sur l&rsquo;importance de l&rsquo;adh\u00e9sion des instances sp\u00e9cialis\u00e9es dans la communication et les nouvelles technologies \u00e0 travers la mise en place de programmes sp\u00e9ciaux sur l&rsquo;utilisation des r\u00e9seaux sociaux.<\/p>\n\n\n\n<p><strong>Chokri Hafed<\/strong><\/p>\n","protected":false},"excerpt":{"rendered":"<p>Le concept de s\u00e9curit\u00e9 soci\u00e9tale a \u00e9t\u00e9 hier au c\u0153ur d\u2019une journ\u00e9e parlementaire organis\u00e9e par la Commission de d\u00e9fense de<\/p>\n","protected":false},"author":3,"featured_media":36199,"comment_status":"open","ping_status":"closed","sticky":false,"template":"","format":"standard","meta":{"colormag_page_container_layout":"default_layout","colormag_page_sidebar_layout":"default_layout","om_disable_all_campaigns":false,"_monsterinsights_skip_tracking":false,"_monsterinsights_sitenote_active":false,"_monsterinsights_sitenote_note":"","_monsterinsights_sitenote_category":0,"footnotes":"","_wpscppro_dont_share_socialmedia":false,"_wpscppro_custom_social_share_image":0,"_facebook_share_type":"","_twitter_share_type":"","_linkedin_share_type":"","_pinterest_share_type":"","_linkedin_share_type_page":"","_instagram_share_type":"","_medium_share_type":"","_threads_share_type":"","_google_business_share_type":"","_selected_social_profile":[],"_wpsp_enable_custom_social_template":false,"_wpsp_social_scheduling":{"enabled":false,"datetime":null,"platforms":[],"status":"template_only","dateOption":"today","timeOption":"now","customDays":"","customHours":"","customDate":"","customTime":"","schedulingType":"absolute"},"_wpsp_active_default_template":true},"categories":[27],"tags":[],"class_list":["post-36172","post","type-post","status-publish","format-standard","has-post-thumbnail","hentry","category-actualite"],"aioseo_notices":[],"yoast_head":"<!-- This site is optimized with the Yoast SEO plugin v27.5 - https:\/\/yoast.com\/product\/yoast-seo-wordpress\/ -->\n<title>S\u00e9curit\u00e9 soci\u00e9tale\u00a0: Appel \u00e0 l\u2019\u00e9laboration d\u2019un rapport annuel - La Sentinelle<\/title>\n<meta name=\"robots\" content=\"index, follow, max-snippet:-1, max-image-preview:large, max-video-preview:-1\" \/>\n<link rel=\"canonical\" href=\"https:\/\/lasentinelle.dz\/index.php\/2023\/02\/14\/securite-societale-appel-a-lelaboration-dun-rapport-annuel\/\" \/>\n<meta property=\"og:locale\" content=\"fr_FR\" \/>\n<meta property=\"og:type\" content=\"article\" \/>\n<meta property=\"og:title\" content=\"S\u00e9curit\u00e9 soci\u00e9tale\u00a0: Appel \u00e0 l\u2019\u00e9laboration d\u2019un rapport annuel - La Sentinelle\" \/>\n<meta property=\"og:description\" content=\"Le concept de s\u00e9curit\u00e9 soci\u00e9tale a \u00e9t\u00e9 hier au c\u0153ur d\u2019une journ\u00e9e parlementaire organis\u00e9e par la Commission de d\u00e9fense de\" \/>\n<meta property=\"og:url\" content=\"https:\/\/lasentinelle.dz\/index.php\/2023\/02\/14\/securite-societale-appel-a-lelaboration-dun-rapport-annuel\/\" \/>\n<meta property=\"og:site_name\" content=\"La Sentinelle\" \/>\n<meta property=\"article:publisher\" content=\"https:\/\/www.facebook.com\/La-Sentinelle-104059864394773\" \/>\n<meta property=\"article:published_time\" content=\"2023-02-14T21:05:00+00:00\" \/>\n<meta property=\"og:image\" content=\"https:\/\/lasentinelle.dz\/wp-content\/uploads\/2023\/02\/image_2023-02-14_204951860.png\" \/>\n\t<meta property=\"og:image:width\" content=\"580\" \/>\n\t<meta property=\"og:image:height\" content=\"350\" \/>\n\t<meta property=\"og:image:type\" content=\"image\/png\" \/>\n<meta name=\"author\" content=\"La Sentinelle\" \/>\n<meta name=\"twitter:card\" content=\"summary_large_image\" \/>\n<meta name=\"twitter:label1\" content=\"\u00c9crit par\" \/>\n\t<meta name=\"twitter:data1\" content=\"La Sentinelle\" \/>\n\t<meta name=\"twitter:label2\" content=\"Dur\u00e9e de lecture estim\u00e9e\" \/>\n\t<meta name=\"twitter:data2\" content=\"2 minutes\" \/>\n<script type=\"application\/ld+json\" class=\"yoast-schema-graph\">{\"@context\":\"https:\\\/\\\/schema.org\",\"@graph\":[{\"@type\":\"Article\",\"@id\":\"https:\\\/\\\/lasentinelle.dz\\\/index.php\\\/2023\\\/02\\\/14\\\/securite-societale-appel-a-lelaboration-dun-rapport-annuel\\\/#article\",\"isPartOf\":{\"@id\":\"https:\\\/\\\/lasentinelle.dz\\\/index.php\\\/2023\\\/02\\\/14\\\/securite-societale-appel-a-lelaboration-dun-rapport-annuel\\\/\"},\"author\":{\"name\":\"La Sentinelle\",\"@id\":\"https:\\\/\\\/lasentinelle.dz\\\/#\\\/schema\\\/person\\\/d865044e22e70a75174ce8bcad3acfb3\"},\"headline\":\"S\u00e9curit\u00e9 soci\u00e9tale\u00a0: Appel \u00e0 l\u2019\u00e9laboration d\u2019un rapport annuel\",\"datePublished\":\"2023-02-14T21:05:00+00:00\",\"mainEntityOfPage\":{\"@id\":\"https:\\\/\\\/lasentinelle.dz\\\/index.php\\\/2023\\\/02\\\/14\\\/securite-societale-appel-a-lelaboration-dun-rapport-annuel\\\/\"},\"wordCount\":488,\"commentCount\":0,\"publisher\":{\"@id\":\"https:\\\/\\\/lasentinelle.dz\\\/#organization\"},\"image\":{\"@id\":\"https:\\\/\\\/lasentinelle.dz\\\/index.php\\\/2023\\\/02\\\/14\\\/securite-societale-appel-a-lelaboration-dun-rapport-annuel\\\/#primaryimage\"},\"thumbnailUrl\":\"https:\\\/\\\/lasentinelle.dz\\\/wp-content\\\/uploads\\\/2023\\\/02\\\/image_2023-02-14_204951860.png\",\"articleSection\":[\"Actualit\u00e9\"],\"inLanguage\":\"fr-FR\",\"potentialAction\":[{\"@type\":\"CommentAction\",\"name\":\"Comment\",\"target\":[\"https:\\\/\\\/lasentinelle.dz\\\/index.php\\\/2023\\\/02\\\/14\\\/securite-societale-appel-a-lelaboration-dun-rapport-annuel\\\/#respond\"]}]},{\"@type\":\"WebPage\",\"@id\":\"https:\\\/\\\/lasentinelle.dz\\\/index.php\\\/2023\\\/02\\\/14\\\/securite-societale-appel-a-lelaboration-dun-rapport-annuel\\\/\",\"url\":\"https:\\\/\\\/lasentinelle.dz\\\/index.php\\\/2023\\\/02\\\/14\\\/securite-societale-appel-a-lelaboration-dun-rapport-annuel\\\/\",\"name\":\"S\u00e9curit\u00e9 soci\u00e9tale\u00a0: Appel \u00e0 l\u2019\u00e9laboration d\u2019un rapport annuel - La Sentinelle\",\"isPartOf\":{\"@id\":\"https:\\\/\\\/lasentinelle.dz\\\/#website\"},\"primaryImageOfPage\":{\"@id\":\"https:\\\/\\\/lasentinelle.dz\\\/index.php\\\/2023\\\/02\\\/14\\\/securite-societale-appel-a-lelaboration-dun-rapport-annuel\\\/#primaryimage\"},\"image\":{\"@id\":\"https:\\\/\\\/lasentinelle.dz\\\/index.php\\\/2023\\\/02\\\/14\\\/securite-societale-appel-a-lelaboration-dun-rapport-annuel\\\/#primaryimage\"},\"thumbnailUrl\":\"https:\\\/\\\/lasentinelle.dz\\\/wp-content\\\/uploads\\\/2023\\\/02\\\/image_2023-02-14_204951860.png\",\"datePublished\":\"2023-02-14T21:05:00+00:00\",\"breadcrumb\":{\"@id\":\"https:\\\/\\\/lasentinelle.dz\\\/index.php\\\/2023\\\/02\\\/14\\\/securite-societale-appel-a-lelaboration-dun-rapport-annuel\\\/#breadcrumb\"},\"inLanguage\":\"fr-FR\",\"potentialAction\":[{\"@type\":\"ReadAction\",\"target\":[\"https:\\\/\\\/lasentinelle.dz\\\/index.php\\\/2023\\\/02\\\/14\\\/securite-societale-appel-a-lelaboration-dun-rapport-annuel\\\/\"]}]},{\"@type\":\"ImageObject\",\"inLanguage\":\"fr-FR\",\"@id\":\"https:\\\/\\\/lasentinelle.dz\\\/index.php\\\/2023\\\/02\\\/14\\\/securite-societale-appel-a-lelaboration-dun-rapport-annuel\\\/#primaryimage\",\"url\":\"https:\\\/\\\/lasentinelle.dz\\\/wp-content\\\/uploads\\\/2023\\\/02\\\/image_2023-02-14_204951860.png\",\"contentUrl\":\"https:\\\/\\\/lasentinelle.dz\\\/wp-content\\\/uploads\\\/2023\\\/02\\\/image_2023-02-14_204951860.png\",\"width\":580,\"height\":350},{\"@type\":\"BreadcrumbList\",\"@id\":\"https:\\\/\\\/lasentinelle.dz\\\/index.php\\\/2023\\\/02\\\/14\\\/securite-societale-appel-a-lelaboration-dun-rapport-annuel\\\/#breadcrumb\",\"itemListElement\":[{\"@type\":\"ListItem\",\"position\":1,\"name\":\"Accueil\",\"item\":\"https:\\\/\\\/lasentinelle.dz\\\/\"},{\"@type\":\"ListItem\",\"position\":2,\"name\":\"S\u00e9curit\u00e9 soci\u00e9tale\u00a0: Appel \u00e0 l\u2019\u00e9laboration d\u2019un rapport annuel\"}]},{\"@type\":\"WebSite\",\"@id\":\"https:\\\/\\\/lasentinelle.dz\\\/#website\",\"url\":\"https:\\\/\\\/lasentinelle.dz\\\/\",\"name\":\"La Sentinelle\",\"description\":\"Quotidien national d&#039;information\",\"publisher\":{\"@id\":\"https:\\\/\\\/lasentinelle.dz\\\/#organization\"},\"potentialAction\":[{\"@type\":\"SearchAction\",\"target\":{\"@type\":\"EntryPoint\",\"urlTemplate\":\"https:\\\/\\\/lasentinelle.dz\\\/?s={search_term_string}\"},\"query-input\":{\"@type\":\"PropertyValueSpecification\",\"valueRequired\":true,\"valueName\":\"search_term_string\"}}],\"inLanguage\":\"fr-FR\"},{\"@type\":\"Organization\",\"@id\":\"https:\\\/\\\/lasentinelle.dz\\\/#organization\",\"name\":\"Quotidien La Sentinelle\",\"url\":\"https:\\\/\\\/lasentinelle.dz\\\/\",\"logo\":{\"@type\":\"ImageObject\",\"inLanguage\":\"fr-FR\",\"@id\":\"https:\\\/\\\/lasentinelle.dz\\\/#\\\/schema\\\/logo\\\/image\\\/\",\"url\":\"https:\\\/\\\/lasentinelle.dz\\\/wp-content\\\/uploads\\\/2021\\\/09\\\/logo-sentinelleSLOGAN-1.png\",\"contentUrl\":\"https:\\\/\\\/lasentinelle.dz\\\/wp-content\\\/uploads\\\/2021\\\/09\\\/logo-sentinelleSLOGAN-1.png\",\"width\":615,\"height\":142,\"caption\":\"Quotidien La Sentinelle\"},\"image\":{\"@id\":\"https:\\\/\\\/lasentinelle.dz\\\/#\\\/schema\\\/logo\\\/image\\\/\"},\"sameAs\":[\"https:\\\/\\\/www.facebook.com\\\/La-Sentinelle-104059864394773\"]},{\"@type\":\"Person\",\"@id\":\"https:\\\/\\\/lasentinelle.dz\\\/#\\\/schema\\\/person\\\/d865044e22e70a75174ce8bcad3acfb3\",\"name\":\"La Sentinelle\",\"image\":{\"@type\":\"ImageObject\",\"inLanguage\":\"fr-FR\",\"@id\":\"https:\\\/\\\/secure.gravatar.com\\\/avatar\\\/57de8e5d4b15d43fb361a71fbb36338450fe67865b528a43dd10ef7c51a20392?s=96&d=mm&r=g\",\"url\":\"https:\\\/\\\/secure.gravatar.com\\\/avatar\\\/57de8e5d4b15d43fb361a71fbb36338450fe67865b528a43dd10ef7c51a20392?s=96&d=mm&r=g\",\"contentUrl\":\"https:\\\/\\\/secure.gravatar.com\\\/avatar\\\/57de8e5d4b15d43fb361a71fbb36338450fe67865b528a43dd10ef7c51a20392?s=96&d=mm&r=g\",\"caption\":\"La Sentinelle\"},\"sameAs\":[\"http:\\\/\\\/www.lasentinelle.dz\"],\"url\":\"https:\\\/\\\/lasentinelle.dz\\\/author\\\/redaction\\\/\"}]}<\/script>\n<!-- \/ Yoast SEO plugin. -->","yoast_head_json":{"title":"S\u00e9curit\u00e9 soci\u00e9tale\u00a0: Appel \u00e0 l\u2019\u00e9laboration d\u2019un rapport annuel - La Sentinelle","robots":{"index":"index","follow":"follow","max-snippet":"max-snippet:-1","max-image-preview":"max-image-preview:large","max-video-preview":"max-video-preview:-1"},"canonical":"https:\/\/lasentinelle.dz\/index.php\/2023\/02\/14\/securite-societale-appel-a-lelaboration-dun-rapport-annuel\/","og_locale":"fr_FR","og_type":"article","og_title":"S\u00e9curit\u00e9 soci\u00e9tale\u00a0: Appel \u00e0 l\u2019\u00e9laboration d\u2019un rapport annuel - La Sentinelle","og_description":"Le concept de s\u00e9curit\u00e9 soci\u00e9tale a \u00e9t\u00e9 hier au c\u0153ur d\u2019une journ\u00e9e parlementaire organis\u00e9e par la Commission de d\u00e9fense de","og_url":"https:\/\/lasentinelle.dz\/index.php\/2023\/02\/14\/securite-societale-appel-a-lelaboration-dun-rapport-annuel\/","og_site_name":"La Sentinelle","article_publisher":"https:\/\/www.facebook.com\/La-Sentinelle-104059864394773","article_published_time":"2023-02-14T21:05:00+00:00","og_image":[{"width":580,"height":350,"url":"https:\/\/lasentinelle.dz\/wp-content\/uploads\/2023\/02\/image_2023-02-14_204951860.png","type":"image\/png"}],"author":"La Sentinelle","twitter_card":"summary_large_image","twitter_misc":{"\u00c9crit par":"La Sentinelle","Dur\u00e9e de lecture estim\u00e9e":"2 minutes"},"schema":{"@context":"https:\/\/schema.org","@graph":[{"@type":"Article","@id":"https:\/\/lasentinelle.dz\/index.php\/2023\/02\/14\/securite-societale-appel-a-lelaboration-dun-rapport-annuel\/#article","isPartOf":{"@id":"https:\/\/lasentinelle.dz\/index.php\/2023\/02\/14\/securite-societale-appel-a-lelaboration-dun-rapport-annuel\/"},"author":{"name":"La Sentinelle","@id":"https:\/\/lasentinelle.dz\/#\/schema\/person\/d865044e22e70a75174ce8bcad3acfb3"},"headline":"S\u00e9curit\u00e9 soci\u00e9tale\u00a0: Appel \u00e0 l\u2019\u00e9laboration d\u2019un rapport annuel","datePublished":"2023-02-14T21:05:00+00:00","mainEntityOfPage":{"@id":"https:\/\/lasentinelle.dz\/index.php\/2023\/02\/14\/securite-societale-appel-a-lelaboration-dun-rapport-annuel\/"},"wordCount":488,"commentCount":0,"publisher":{"@id":"https:\/\/lasentinelle.dz\/#organization"},"image":{"@id":"https:\/\/lasentinelle.dz\/index.php\/2023\/02\/14\/securite-societale-appel-a-lelaboration-dun-rapport-annuel\/#primaryimage"},"thumbnailUrl":"https:\/\/lasentinelle.dz\/wp-content\/uploads\/2023\/02\/image_2023-02-14_204951860.png","articleSection":["Actualit\u00e9"],"inLanguage":"fr-FR","potentialAction":[{"@type":"CommentAction","name":"Comment","target":["https:\/\/lasentinelle.dz\/index.php\/2023\/02\/14\/securite-societale-appel-a-lelaboration-dun-rapport-annuel\/#respond"]}]},{"@type":"WebPage","@id":"https:\/\/lasentinelle.dz\/index.php\/2023\/02\/14\/securite-societale-appel-a-lelaboration-dun-rapport-annuel\/","url":"https:\/\/lasentinelle.dz\/index.php\/2023\/02\/14\/securite-societale-appel-a-lelaboration-dun-rapport-annuel\/","name":"S\u00e9curit\u00e9 soci\u00e9tale\u00a0: Appel \u00e0 l\u2019\u00e9laboration d\u2019un rapport annuel - La Sentinelle","isPartOf":{"@id":"https:\/\/lasentinelle.dz\/#website"},"primaryImageOfPage":{"@id":"https:\/\/lasentinelle.dz\/index.php\/2023\/02\/14\/securite-societale-appel-a-lelaboration-dun-rapport-annuel\/#primaryimage"},"image":{"@id":"https:\/\/lasentinelle.dz\/index.php\/2023\/02\/14\/securite-societale-appel-a-lelaboration-dun-rapport-annuel\/#primaryimage"},"thumbnailUrl":"https:\/\/lasentinelle.dz\/wp-content\/uploads\/2023\/02\/image_2023-02-14_204951860.png","datePublished":"2023-02-14T21:05:00+00:00","breadcrumb":{"@id":"https:\/\/lasentinelle.dz\/index.php\/2023\/02\/14\/securite-societale-appel-a-lelaboration-dun-rapport-annuel\/#breadcrumb"},"inLanguage":"fr-FR","potentialAction":[{"@type":"ReadAction","target":["https:\/\/lasentinelle.dz\/index.php\/2023\/02\/14\/securite-societale-appel-a-lelaboration-dun-rapport-annuel\/"]}]},{"@type":"ImageObject","inLanguage":"fr-FR","@id":"https:\/\/lasentinelle.dz\/index.php\/2023\/02\/14\/securite-societale-appel-a-lelaboration-dun-rapport-annuel\/#primaryimage","url":"https:\/\/lasentinelle.dz\/wp-content\/uploads\/2023\/02\/image_2023-02-14_204951860.png","contentUrl":"https:\/\/lasentinelle.dz\/wp-content\/uploads\/2023\/02\/image_2023-02-14_204951860.png","width":580,"height":350},{"@type":"BreadcrumbList","@id":"https:\/\/lasentinelle.dz\/index.php\/2023\/02\/14\/securite-societale-appel-a-lelaboration-dun-rapport-annuel\/#breadcrumb","itemListElement":[{"@type":"ListItem","position":1,"name":"Accueil","item":"https:\/\/lasentinelle.dz\/"},{"@type":"ListItem","position":2,"name":"S\u00e9curit\u00e9 soci\u00e9tale\u00a0: Appel \u00e0 l\u2019\u00e9laboration d\u2019un rapport annuel"}]},{"@type":"WebSite","@id":"https:\/\/lasentinelle.dz\/#website","url":"https:\/\/lasentinelle.dz\/","name":"La Sentinelle","description":"Quotidien national d&#039;information","publisher":{"@id":"https:\/\/lasentinelle.dz\/#organization"},"potentialAction":[{"@type":"SearchAction","target":{"@type":"EntryPoint","urlTemplate":"https:\/\/lasentinelle.dz\/?s={search_term_string}"},"query-input":{"@type":"PropertyValueSpecification","valueRequired":true,"valueName":"search_term_string"}}],"inLanguage":"fr-FR"},{"@type":"Organization","@id":"https:\/\/lasentinelle.dz\/#organization","name":"Quotidien La Sentinelle","url":"https:\/\/lasentinelle.dz\/","logo":{"@type":"ImageObject","inLanguage":"fr-FR","@id":"https:\/\/lasentinelle.dz\/#\/schema\/logo\/image\/","url":"https:\/\/lasentinelle.dz\/wp-content\/uploads\/2021\/09\/logo-sentinelleSLOGAN-1.png","contentUrl":"https:\/\/lasentinelle.dz\/wp-content\/uploads\/2021\/09\/logo-sentinelleSLOGAN-1.png","width":615,"height":142,"caption":"Quotidien La Sentinelle"},"image":{"@id":"https:\/\/lasentinelle.dz\/#\/schema\/logo\/image\/"},"sameAs":["https:\/\/www.facebook.com\/La-Sentinelle-104059864394773"]},{"@type":"Person","@id":"https:\/\/lasentinelle.dz\/#\/schema\/person\/d865044e22e70a75174ce8bcad3acfb3","name":"La Sentinelle","image":{"@type":"ImageObject","inLanguage":"fr-FR","@id":"https:\/\/secure.gravatar.com\/avatar\/57de8e5d4b15d43fb361a71fbb36338450fe67865b528a43dd10ef7c51a20392?s=96&d=mm&r=g","url":"https:\/\/secure.gravatar.com\/avatar\/57de8e5d4b15d43fb361a71fbb36338450fe67865b528a43dd10ef7c51a20392?s=96&d=mm&r=g","contentUrl":"https:\/\/secure.gravatar.com\/avatar\/57de8e5d4b15d43fb361a71fbb36338450fe67865b528a43dd10ef7c51a20392?s=96&d=mm&r=g","caption":"La Sentinelle"},"sameAs":["http:\/\/www.lasentinelle.dz"],"url":"https:\/\/lasentinelle.dz\/author\/redaction\/"}]}},"_links":{"self":[{"href":"https:\/\/lasentinelle.dz\/index.php\/wp-json\/wp\/v2\/posts\/36172","targetHints":{"allow":["GET"]}}],"collection":[{"href":"https:\/\/lasentinelle.dz\/index.php\/wp-json\/wp\/v2\/posts"}],"about":[{"href":"https:\/\/lasentinelle.dz\/index.php\/wp-json\/wp\/v2\/types\/post"}],"author":[{"embeddable":true,"href":"https:\/\/lasentinelle.dz\/index.php\/wp-json\/wp\/v2\/users\/3"}],"replies":[{"embeddable":true,"href":"https:\/\/lasentinelle.dz\/index.php\/wp-json\/wp\/v2\/comments?post=36172"}],"version-history":[{"count":1,"href":"https:\/\/lasentinelle.dz\/index.php\/wp-json\/wp\/v2\/posts\/36172\/revisions"}],"predecessor-version":[{"id":36200,"href":"https:\/\/lasentinelle.dz\/index.php\/wp-json\/wp\/v2\/posts\/36172\/revisions\/36200"}],"wp:featuredmedia":[{"embeddable":true,"href":"https:\/\/lasentinelle.dz\/index.php\/wp-json\/wp\/v2\/media\/36199"}],"wp:attachment":[{"href":"https:\/\/lasentinelle.dz\/index.php\/wp-json\/wp\/v2\/media?parent=36172"}],"wp:term":[{"taxonomy":"category","embeddable":true,"href":"https:\/\/lasentinelle.dz\/index.php\/wp-json\/wp\/v2\/categories?post=36172"},{"taxonomy":"post_tag","embeddable":true,"href":"https:\/\/lasentinelle.dz\/index.php\/wp-json\/wp\/v2\/tags?post=36172"}],"curies":[{"name":"wp","href":"https:\/\/api.w.org\/{rel}","templated":true}]}}