{"id":36221,"date":"2023-02-15T22:08:00","date_gmt":"2023-02-15T21:08:00","guid":{"rendered":"https:\/\/lasentinelle.dz\/?p=36221"},"modified":"2023-02-15T20:39:52","modified_gmt":"2023-02-15T19:39:52","slug":"palestine-occupee-itamar-ben-gvir-sen-prend-aux-detenus-palestiniens","status":"publish","type":"post","link":"https:\/\/lasentinelle.dz\/index.php\/2023\/02\/15\/palestine-occupee-itamar-ben-gvir-sen-prend-aux-detenus-palestiniens\/","title":{"rendered":"Palestine occup\u00e9e\u00a0: Itamar Ben Gvir s\u2019en prend aux d\u00e9tenus palestiniens"},"content":{"rendered":"\n<p>Le ministre de la S\u00e9curit\u00e9 nationale de l\u2019entit\u00e9 sioniste et figure de l&rsquo;extr\u00eame droite Itamar Ben Gvirprend d\u00e9sormais pour cible les prisonniers palestiniens, touchant l&rsquo;un des points les plus sensibles du conflit. Depuis son entr\u00e9e en d\u00e9cembre au gouvernement form\u00e9 par Benjamin Netanyahou, le plus \u00e0 droite de l&rsquo;histoire de l\u2019entit\u00e9 sioniste, Itamar Ben Gvir a promis d&rsquo;\u0153uvrer pour que les prisonniers palestiniens ne soient pas trait\u00e9s avec trop d&rsquo;\u00e9gards. Les propos incendiaires de Itamar Ben Gvir ont suscit\u00e9 de vives r\u00e9actions. Dans la bande de Ghazades manifestants ont brandi des pancartes portant les mots : \u00abBen Gvir, va en enfer\u00bb. Dans un m\u00e9morandum adress\u00e9 \u00e0 des diplomates \u00e9trangers \u00e0 El Qods, le Hamas a averti que toute tentative de porter atteinte aux droits des prisonniers reviendrait \u00e0 \u00abfranchir toutes les lignes rouges\u00bb, qualifiant ce sujet de \u00abd\u00e9tonateur\u00bb. \u00abDans chaque famille en Cisjordanie il y a au moins une personne qui a \u00e9t\u00e9 arr\u00eat\u00e9e ou traduite devant la justice militaire\u00bb, explique \u00e0 la presse Milena Ansari, de l&rsquo;ONG palestinienne de d\u00e9fense des prisonniers Addameer. \u00abC&rsquo;est donc un sujet qui touche profond\u00e9ment le c\u0153ur de l&rsquo;identit\u00e9 palestinienne\u00bb, rel\u00e8ve-t-elle. Selon Addameer, environ 800.000 Palestiniens sont pass\u00e9s dans les ge\u00f4les sionistes depuis la guerre isra\u00e9lo-arabe de juin 1967 et le d\u00e9but de l&rsquo;occupation des territoires palestiniens. Itamar Ben Gvira \u00e9t\u00e9 inculp\u00e9 de nombreuses fois, notamment pour incitation au racisme. L\u2019extr\u00eamiste pr\u00f4ne l&rsquo;annexion par l\u2019entit\u00e9 sioniste de la Cisjordanie et le transfert vers les pays voisins d&rsquo;une partie des Arabes isra\u00e9liens, descendants des Palestiniens rest\u00e9s sur leurs terres apr\u00e8s la cr\u00e9ation d&rsquo;Isra\u00ebl en 1948. Il a aussi demand\u00e9 que les Palestiniens soient passibles de la peine de mort, un sujet qui n&rsquo;entre pas dans le cadre de ses comp\u00e9tences minist\u00e9rielles. D&rsquo;apr\u00e8s le Club des prisonniers palestiniens, des d\u00e9tenus observeront une gr\u00e8ve de la faim \u00e0 la fin mars pour protester contre les mesures voulues par Itamar Ben Gvir. Dans un courrier en h\u00e9breu envoy\u00e9 \u00e0 la cha\u00eene publique Kan et diffus\u00e9 lundi, des repr\u00e9sentants de prisonniers ont menac\u00e9 de \u00abfaire couler le sang\u00bb si leurs conditions de d\u00e9tention \u00e9taient modifi\u00e9es. \u00abNous n&rsquo;avons rien \u00e0 perdre (&#8230;) notre destin est d&rsquo;\u00eatre des combattants et notre espoir est d&rsquo;\u00eatre des martyrs\u00bb, affirment-ils. \u00abIls ne r\u00e9ussiront pas \u00e0 nous briser\u00bb. Environ 4700 Palestiniens sont actuellement d\u00e9tenus dans des ge\u00f4les sionistes, dont 190 ont moins de 18 ans, selon Addameer. Selon Basil Farraj, un chercheur sp\u00e9cialis\u00e9 dans la question des d\u00e9tenus palestiniens, la prison est un facteur de rapprochement entre les membres du Hamas et ceux du Fatah, le mouvement du pr\u00e9sident palestinien Mahmoud Abbas. \u00abLa r\u00e9sistance des prisonniers contre les pratiques isra\u00e9liennes encourage l&rsquo;unit\u00e9 et Itamar Ben Gvir \u00abveut briser ce sentiment d&rsquo;une organisation politique\u00bb, explique-t-il. Le fils du dirigeant palestinien Marwan Barghouthi, condamn\u00e9 plusieurs fois \u00e0 la prison \u00e0 perp\u00e9tuit\u00e9, a racont\u00e9 \u00e0 la presse qu&rsquo;il n&rsquo;avait pas \u00e9t\u00e9 autoris\u00e9 \u00e0 entrer en contact avec son p\u00e8re depuis trois mois. \u00abTout ce qu&rsquo;ils lui feront aura pour seul effet d&rsquo;accro\u00eetre le soutien que lui apportent les Palestiniens\u00bb, a averti Qassam Barghouthi.<\/p>\n\n\n\n<p><strong>&nbsp;K.L. et agences<\/strong><\/p>\n","protected":false},"excerpt":{"rendered":"<p>Le ministre de la S\u00e9curit\u00e9 nationale de l\u2019entit\u00e9 sioniste et figure de l&rsquo;extr\u00eame droite Itamar Ben Gvirprend d\u00e9sormais pour cible<\/p>\n","protected":false},"author":3,"featured_media":36231,"comment_status":"open","ping_status":"closed","sticky":false,"template":"","format":"standard","meta":{"colormag_page_container_layout":"default_layout","colormag_page_sidebar_layout":"default_layout","om_disable_all_campaigns":false,"_monsterinsights_skip_tracking":false,"_monsterinsights_sitenote_active":false,"_monsterinsights_sitenote_note":"","_monsterinsights_sitenote_category":0,"footnotes":"","_wpscppro_dont_share_socialmedia":false,"_wpscppro_custom_social_share_image":0,"_facebook_share_type":"","_twitter_share_type":"","_linkedin_share_type":"","_pinterest_share_type":"","_linkedin_share_type_page":"","_instagram_share_type":"","_medium_share_type":"","_threads_share_type":"","_google_business_share_type":"","_selected_social_profile":[],"_wpsp_enable_custom_social_template":false,"_wpsp_social_scheduling":{"enabled":false,"datetime":null,"platforms":[],"status":"template_only","dateOption":"today","timeOption":"now","customDays":"","customHours":"","customDate":"","customTime":"","schedulingType":"absolute"},"_wpsp_active_default_template":true},"categories":[52,37],"tags":[],"class_list":["post-36221","post","type-post","status-publish","format-standard","has-post-thumbnail","hentry","category-a-la-une","category-monde"],"aioseo_notices":[],"yoast_head":"<!-- This site is optimized with the Yoast SEO plugin v27.5 - https:\/\/yoast.com\/product\/yoast-seo-wordpress\/ -->\n<title>Palestine occup\u00e9e\u00a0: Itamar Ben Gvir s\u2019en prend aux d\u00e9tenus palestiniens - La Sentinelle<\/title>\n<meta name=\"robots\" content=\"index, follow, max-snippet:-1, max-image-preview:large, max-video-preview:-1\" \/>\n<link rel=\"canonical\" href=\"https:\/\/lasentinelle.dz\/index.php\/2023\/02\/15\/palestine-occupee-itamar-ben-gvir-sen-prend-aux-detenus-palestiniens\/\" \/>\n<meta property=\"og:locale\" content=\"fr_FR\" \/>\n<meta property=\"og:type\" content=\"article\" \/>\n<meta property=\"og:title\" content=\"Palestine occup\u00e9e\u00a0: Itamar Ben Gvir s\u2019en prend aux d\u00e9tenus palestiniens - La Sentinelle\" \/>\n<meta property=\"og:description\" content=\"Le ministre de la S\u00e9curit\u00e9 nationale de l\u2019entit\u00e9 sioniste et figure de l&rsquo;extr\u00eame droite Itamar Ben Gvirprend d\u00e9sormais pour cible\" \/>\n<meta property=\"og:url\" content=\"https:\/\/lasentinelle.dz\/index.php\/2023\/02\/15\/palestine-occupee-itamar-ben-gvir-sen-prend-aux-detenus-palestiniens\/\" \/>\n<meta property=\"og:site_name\" content=\"La Sentinelle\" \/>\n<meta property=\"article:publisher\" content=\"https:\/\/www.facebook.com\/La-Sentinelle-104059864394773\" \/>\n<meta property=\"article:published_time\" content=\"2023-02-15T21:08:00+00:00\" \/>\n<meta property=\"og:image\" content=\"https:\/\/lasentinelle.dz\/wp-content\/uploads\/2023\/02\/Sans-titre-1-9.png\" \/>\n\t<meta property=\"og:image:width\" content=\"1599\" \/>\n\t<meta property=\"og:image:height\" content=\"900\" \/>\n\t<meta property=\"og:image:type\" content=\"image\/png\" \/>\n<meta name=\"author\" content=\"La Sentinelle\" \/>\n<meta name=\"twitter:card\" content=\"summary_large_image\" \/>\n<meta name=\"twitter:label1\" content=\"\u00c9crit par\" \/>\n\t<meta name=\"twitter:data1\" content=\"La Sentinelle\" \/>\n\t<meta name=\"twitter:label2\" content=\"Dur\u00e9e de lecture estim\u00e9e\" \/>\n\t<meta name=\"twitter:data2\" content=\"3 minutes\" \/>\n<script type=\"application\/ld+json\" class=\"yoast-schema-graph\">{\"@context\":\"https:\\\/\\\/schema.org\",\"@graph\":[{\"@type\":\"Article\",\"@id\":\"https:\\\/\\\/lasentinelle.dz\\\/index.php\\\/2023\\\/02\\\/15\\\/palestine-occupee-itamar-ben-gvir-sen-prend-aux-detenus-palestiniens\\\/#article\",\"isPartOf\":{\"@id\":\"https:\\\/\\\/lasentinelle.dz\\\/index.php\\\/2023\\\/02\\\/15\\\/palestine-occupee-itamar-ben-gvir-sen-prend-aux-detenus-palestiniens\\\/\"},\"author\":{\"name\":\"La Sentinelle\",\"@id\":\"https:\\\/\\\/lasentinelle.dz\\\/#\\\/schema\\\/person\\\/d865044e22e70a75174ce8bcad3acfb3\"},\"headline\":\"Palestine occup\u00e9e\u00a0: Itamar Ben Gvir s\u2019en prend aux d\u00e9tenus palestiniens\",\"datePublished\":\"2023-02-15T21:08:00+00:00\",\"mainEntityOfPage\":{\"@id\":\"https:\\\/\\\/lasentinelle.dz\\\/index.php\\\/2023\\\/02\\\/15\\\/palestine-occupee-itamar-ben-gvir-sen-prend-aux-detenus-palestiniens\\\/\"},\"wordCount\":576,\"commentCount\":0,\"publisher\":{\"@id\":\"https:\\\/\\\/lasentinelle.dz\\\/#organization\"},\"image\":{\"@id\":\"https:\\\/\\\/lasentinelle.dz\\\/index.php\\\/2023\\\/02\\\/15\\\/palestine-occupee-itamar-ben-gvir-sen-prend-aux-detenus-palestiniens\\\/#primaryimage\"},\"thumbnailUrl\":\"https:\\\/\\\/lasentinelle.dz\\\/wp-content\\\/uploads\\\/2023\\\/02\\\/Sans-titre-1-9.png\",\"articleSection\":[\"\u00c0 la Une\",\"Monde\"],\"inLanguage\":\"fr-FR\",\"potentialAction\":[{\"@type\":\"CommentAction\",\"name\":\"Comment\",\"target\":[\"https:\\\/\\\/lasentinelle.dz\\\/index.php\\\/2023\\\/02\\\/15\\\/palestine-occupee-itamar-ben-gvir-sen-prend-aux-detenus-palestiniens\\\/#respond\"]}]},{\"@type\":\"WebPage\",\"@id\":\"https:\\\/\\\/lasentinelle.dz\\\/index.php\\\/2023\\\/02\\\/15\\\/palestine-occupee-itamar-ben-gvir-sen-prend-aux-detenus-palestiniens\\\/\",\"url\":\"https:\\\/\\\/lasentinelle.dz\\\/index.php\\\/2023\\\/02\\\/15\\\/palestine-occupee-itamar-ben-gvir-sen-prend-aux-detenus-palestiniens\\\/\",\"name\":\"Palestine occup\u00e9e\u00a0: Itamar Ben Gvir s\u2019en prend aux d\u00e9tenus palestiniens - La Sentinelle\",\"isPartOf\":{\"@id\":\"https:\\\/\\\/lasentinelle.dz\\\/#website\"},\"primaryImageOfPage\":{\"@id\":\"https:\\\/\\\/lasentinelle.dz\\\/index.php\\\/2023\\\/02\\\/15\\\/palestine-occupee-itamar-ben-gvir-sen-prend-aux-detenus-palestiniens\\\/#primaryimage\"},\"image\":{\"@id\":\"https:\\\/\\\/lasentinelle.dz\\\/index.php\\\/2023\\\/02\\\/15\\\/palestine-occupee-itamar-ben-gvir-sen-prend-aux-detenus-palestiniens\\\/#primaryimage\"},\"thumbnailUrl\":\"https:\\\/\\\/lasentinelle.dz\\\/wp-content\\\/uploads\\\/2023\\\/02\\\/Sans-titre-1-9.png\",\"datePublished\":\"2023-02-15T21:08:00+00:00\",\"breadcrumb\":{\"@id\":\"https:\\\/\\\/lasentinelle.dz\\\/index.php\\\/2023\\\/02\\\/15\\\/palestine-occupee-itamar-ben-gvir-sen-prend-aux-detenus-palestiniens\\\/#breadcrumb\"},\"inLanguage\":\"fr-FR\",\"potentialAction\":[{\"@type\":\"ReadAction\",\"target\":[\"https:\\\/\\\/lasentinelle.dz\\\/index.php\\\/2023\\\/02\\\/15\\\/palestine-occupee-itamar-ben-gvir-sen-prend-aux-detenus-palestiniens\\\/\"]}]},{\"@type\":\"ImageObject\",\"inLanguage\":\"fr-FR\",\"@id\":\"https:\\\/\\\/lasentinelle.dz\\\/index.php\\\/2023\\\/02\\\/15\\\/palestine-occupee-itamar-ben-gvir-sen-prend-aux-detenus-palestiniens\\\/#primaryimage\",\"url\":\"https:\\\/\\\/lasentinelle.dz\\\/wp-content\\\/uploads\\\/2023\\\/02\\\/Sans-titre-1-9.png\",\"contentUrl\":\"https:\\\/\\\/lasentinelle.dz\\\/wp-content\\\/uploads\\\/2023\\\/02\\\/Sans-titre-1-9.png\",\"width\":1599,\"height\":900},{\"@type\":\"BreadcrumbList\",\"@id\":\"https:\\\/\\\/lasentinelle.dz\\\/index.php\\\/2023\\\/02\\\/15\\\/palestine-occupee-itamar-ben-gvir-sen-prend-aux-detenus-palestiniens\\\/#breadcrumb\",\"itemListElement\":[{\"@type\":\"ListItem\",\"position\":1,\"name\":\"Accueil\",\"item\":\"https:\\\/\\\/lasentinelle.dz\\\/\"},{\"@type\":\"ListItem\",\"position\":2,\"name\":\"Palestine occup\u00e9e\u00a0: Itamar Ben Gvir s\u2019en prend aux d\u00e9tenus palestiniens\"}]},{\"@type\":\"WebSite\",\"@id\":\"https:\\\/\\\/lasentinelle.dz\\\/#website\",\"url\":\"https:\\\/\\\/lasentinelle.dz\\\/\",\"name\":\"La Sentinelle\",\"description\":\"Quotidien national d&#039;information\",\"publisher\":{\"@id\":\"https:\\\/\\\/lasentinelle.dz\\\/#organization\"},\"potentialAction\":[{\"@type\":\"SearchAction\",\"target\":{\"@type\":\"EntryPoint\",\"urlTemplate\":\"https:\\\/\\\/lasentinelle.dz\\\/?s={search_term_string}\"},\"query-input\":{\"@type\":\"PropertyValueSpecification\",\"valueRequired\":true,\"valueName\":\"search_term_string\"}}],\"inLanguage\":\"fr-FR\"},{\"@type\":\"Organization\",\"@id\":\"https:\\\/\\\/lasentinelle.dz\\\/#organization\",\"name\":\"Quotidien La Sentinelle\",\"url\":\"https:\\\/\\\/lasentinelle.dz\\\/\",\"logo\":{\"@type\":\"ImageObject\",\"inLanguage\":\"fr-FR\",\"@id\":\"https:\\\/\\\/lasentinelle.dz\\\/#\\\/schema\\\/logo\\\/image\\\/\",\"url\":\"https:\\\/\\\/lasentinelle.dz\\\/wp-content\\\/uploads\\\/2021\\\/09\\\/logo-sentinelleSLOGAN-1.png\",\"contentUrl\":\"https:\\\/\\\/lasentinelle.dz\\\/wp-content\\\/uploads\\\/2021\\\/09\\\/logo-sentinelleSLOGAN-1.png\",\"width\":615,\"height\":142,\"caption\":\"Quotidien La Sentinelle\"},\"image\":{\"@id\":\"https:\\\/\\\/lasentinelle.dz\\\/#\\\/schema\\\/logo\\\/image\\\/\"},\"sameAs\":[\"https:\\\/\\\/www.facebook.com\\\/La-Sentinelle-104059864394773\"]},{\"@type\":\"Person\",\"@id\":\"https:\\\/\\\/lasentinelle.dz\\\/#\\\/schema\\\/person\\\/d865044e22e70a75174ce8bcad3acfb3\",\"name\":\"La Sentinelle\",\"image\":{\"@type\":\"ImageObject\",\"inLanguage\":\"fr-FR\",\"@id\":\"https:\\\/\\\/secure.gravatar.com\\\/avatar\\\/57de8e5d4b15d43fb361a71fbb36338450fe67865b528a43dd10ef7c51a20392?s=96&d=mm&r=g\",\"url\":\"https:\\\/\\\/secure.gravatar.com\\\/avatar\\\/57de8e5d4b15d43fb361a71fbb36338450fe67865b528a43dd10ef7c51a20392?s=96&d=mm&r=g\",\"contentUrl\":\"https:\\\/\\\/secure.gravatar.com\\\/avatar\\\/57de8e5d4b15d43fb361a71fbb36338450fe67865b528a43dd10ef7c51a20392?s=96&d=mm&r=g\",\"caption\":\"La Sentinelle\"},\"sameAs\":[\"http:\\\/\\\/www.lasentinelle.dz\"],\"url\":\"https:\\\/\\\/lasentinelle.dz\\\/author\\\/redaction\\\/\"}]}<\/script>\n<!-- \/ Yoast SEO plugin. -->","yoast_head_json":{"title":"Palestine occup\u00e9e\u00a0: Itamar Ben Gvir s\u2019en prend aux d\u00e9tenus palestiniens - La Sentinelle","robots":{"index":"index","follow":"follow","max-snippet":"max-snippet:-1","max-image-preview":"max-image-preview:large","max-video-preview":"max-video-preview:-1"},"canonical":"https:\/\/lasentinelle.dz\/index.php\/2023\/02\/15\/palestine-occupee-itamar-ben-gvir-sen-prend-aux-detenus-palestiniens\/","og_locale":"fr_FR","og_type":"article","og_title":"Palestine occup\u00e9e\u00a0: Itamar Ben Gvir s\u2019en prend aux d\u00e9tenus palestiniens - La Sentinelle","og_description":"Le ministre de la S\u00e9curit\u00e9 nationale de l\u2019entit\u00e9 sioniste et figure de l&rsquo;extr\u00eame droite Itamar Ben Gvirprend d\u00e9sormais pour cible","og_url":"https:\/\/lasentinelle.dz\/index.php\/2023\/02\/15\/palestine-occupee-itamar-ben-gvir-sen-prend-aux-detenus-palestiniens\/","og_site_name":"La Sentinelle","article_publisher":"https:\/\/www.facebook.com\/La-Sentinelle-104059864394773","article_published_time":"2023-02-15T21:08:00+00:00","og_image":[{"width":1599,"height":900,"url":"https:\/\/lasentinelle.dz\/wp-content\/uploads\/2023\/02\/Sans-titre-1-9.png","type":"image\/png"}],"author":"La Sentinelle","twitter_card":"summary_large_image","twitter_misc":{"\u00c9crit par":"La Sentinelle","Dur\u00e9e de lecture estim\u00e9e":"3 minutes"},"schema":{"@context":"https:\/\/schema.org","@graph":[{"@type":"Article","@id":"https:\/\/lasentinelle.dz\/index.php\/2023\/02\/15\/palestine-occupee-itamar-ben-gvir-sen-prend-aux-detenus-palestiniens\/#article","isPartOf":{"@id":"https:\/\/lasentinelle.dz\/index.php\/2023\/02\/15\/palestine-occupee-itamar-ben-gvir-sen-prend-aux-detenus-palestiniens\/"},"author":{"name":"La Sentinelle","@id":"https:\/\/lasentinelle.dz\/#\/schema\/person\/d865044e22e70a75174ce8bcad3acfb3"},"headline":"Palestine occup\u00e9e\u00a0: Itamar Ben Gvir s\u2019en prend aux d\u00e9tenus palestiniens","datePublished":"2023-02-15T21:08:00+00:00","mainEntityOfPage":{"@id":"https:\/\/lasentinelle.dz\/index.php\/2023\/02\/15\/palestine-occupee-itamar-ben-gvir-sen-prend-aux-detenus-palestiniens\/"},"wordCount":576,"commentCount":0,"publisher":{"@id":"https:\/\/lasentinelle.dz\/#organization"},"image":{"@id":"https:\/\/lasentinelle.dz\/index.php\/2023\/02\/15\/palestine-occupee-itamar-ben-gvir-sen-prend-aux-detenus-palestiniens\/#primaryimage"},"thumbnailUrl":"https:\/\/lasentinelle.dz\/wp-content\/uploads\/2023\/02\/Sans-titre-1-9.png","articleSection":["\u00c0 la Une","Monde"],"inLanguage":"fr-FR","potentialAction":[{"@type":"CommentAction","name":"Comment","target":["https:\/\/lasentinelle.dz\/index.php\/2023\/02\/15\/palestine-occupee-itamar-ben-gvir-sen-prend-aux-detenus-palestiniens\/#respond"]}]},{"@type":"WebPage","@id":"https:\/\/lasentinelle.dz\/index.php\/2023\/02\/15\/palestine-occupee-itamar-ben-gvir-sen-prend-aux-detenus-palestiniens\/","url":"https:\/\/lasentinelle.dz\/index.php\/2023\/02\/15\/palestine-occupee-itamar-ben-gvir-sen-prend-aux-detenus-palestiniens\/","name":"Palestine occup\u00e9e\u00a0: Itamar Ben Gvir s\u2019en prend aux d\u00e9tenus palestiniens - La Sentinelle","isPartOf":{"@id":"https:\/\/lasentinelle.dz\/#website"},"primaryImageOfPage":{"@id":"https:\/\/lasentinelle.dz\/index.php\/2023\/02\/15\/palestine-occupee-itamar-ben-gvir-sen-prend-aux-detenus-palestiniens\/#primaryimage"},"image":{"@id":"https:\/\/lasentinelle.dz\/index.php\/2023\/02\/15\/palestine-occupee-itamar-ben-gvir-sen-prend-aux-detenus-palestiniens\/#primaryimage"},"thumbnailUrl":"https:\/\/lasentinelle.dz\/wp-content\/uploads\/2023\/02\/Sans-titre-1-9.png","datePublished":"2023-02-15T21:08:00+00:00","breadcrumb":{"@id":"https:\/\/lasentinelle.dz\/index.php\/2023\/02\/15\/palestine-occupee-itamar-ben-gvir-sen-prend-aux-detenus-palestiniens\/#breadcrumb"},"inLanguage":"fr-FR","potentialAction":[{"@type":"ReadAction","target":["https:\/\/lasentinelle.dz\/index.php\/2023\/02\/15\/palestine-occupee-itamar-ben-gvir-sen-prend-aux-detenus-palestiniens\/"]}]},{"@type":"ImageObject","inLanguage":"fr-FR","@id":"https:\/\/lasentinelle.dz\/index.php\/2023\/02\/15\/palestine-occupee-itamar-ben-gvir-sen-prend-aux-detenus-palestiniens\/#primaryimage","url":"https:\/\/lasentinelle.dz\/wp-content\/uploads\/2023\/02\/Sans-titre-1-9.png","contentUrl":"https:\/\/lasentinelle.dz\/wp-content\/uploads\/2023\/02\/Sans-titre-1-9.png","width":1599,"height":900},{"@type":"BreadcrumbList","@id":"https:\/\/lasentinelle.dz\/index.php\/2023\/02\/15\/palestine-occupee-itamar-ben-gvir-sen-prend-aux-detenus-palestiniens\/#breadcrumb","itemListElement":[{"@type":"ListItem","position":1,"name":"Accueil","item":"https:\/\/lasentinelle.dz\/"},{"@type":"ListItem","position":2,"name":"Palestine occup\u00e9e\u00a0: Itamar Ben Gvir s\u2019en prend aux d\u00e9tenus palestiniens"}]},{"@type":"WebSite","@id":"https:\/\/lasentinelle.dz\/#website","url":"https:\/\/lasentinelle.dz\/","name":"La Sentinelle","description":"Quotidien national d&#039;information","publisher":{"@id":"https:\/\/lasentinelle.dz\/#organization"},"potentialAction":[{"@type":"SearchAction","target":{"@type":"EntryPoint","urlTemplate":"https:\/\/lasentinelle.dz\/?s={search_term_string}"},"query-input":{"@type":"PropertyValueSpecification","valueRequired":true,"valueName":"search_term_string"}}],"inLanguage":"fr-FR"},{"@type":"Organization","@id":"https:\/\/lasentinelle.dz\/#organization","name":"Quotidien La Sentinelle","url":"https:\/\/lasentinelle.dz\/","logo":{"@type":"ImageObject","inLanguage":"fr-FR","@id":"https:\/\/lasentinelle.dz\/#\/schema\/logo\/image\/","url":"https:\/\/lasentinelle.dz\/wp-content\/uploads\/2021\/09\/logo-sentinelleSLOGAN-1.png","contentUrl":"https:\/\/lasentinelle.dz\/wp-content\/uploads\/2021\/09\/logo-sentinelleSLOGAN-1.png","width":615,"height":142,"caption":"Quotidien La Sentinelle"},"image":{"@id":"https:\/\/lasentinelle.dz\/#\/schema\/logo\/image\/"},"sameAs":["https:\/\/www.facebook.com\/La-Sentinelle-104059864394773"]},{"@type":"Person","@id":"https:\/\/lasentinelle.dz\/#\/schema\/person\/d865044e22e70a75174ce8bcad3acfb3","name":"La Sentinelle","image":{"@type":"ImageObject","inLanguage":"fr-FR","@id":"https:\/\/secure.gravatar.com\/avatar\/57de8e5d4b15d43fb361a71fbb36338450fe67865b528a43dd10ef7c51a20392?s=96&d=mm&r=g","url":"https:\/\/secure.gravatar.com\/avatar\/57de8e5d4b15d43fb361a71fbb36338450fe67865b528a43dd10ef7c51a20392?s=96&d=mm&r=g","contentUrl":"https:\/\/secure.gravatar.com\/avatar\/57de8e5d4b15d43fb361a71fbb36338450fe67865b528a43dd10ef7c51a20392?s=96&d=mm&r=g","caption":"La Sentinelle"},"sameAs":["http:\/\/www.lasentinelle.dz"],"url":"https:\/\/lasentinelle.dz\/author\/redaction\/"}]}},"_links":{"self":[{"href":"https:\/\/lasentinelle.dz\/index.php\/wp-json\/wp\/v2\/posts\/36221","targetHints":{"allow":["GET"]}}],"collection":[{"href":"https:\/\/lasentinelle.dz\/index.php\/wp-json\/wp\/v2\/posts"}],"about":[{"href":"https:\/\/lasentinelle.dz\/index.php\/wp-json\/wp\/v2\/types\/post"}],"author":[{"embeddable":true,"href":"https:\/\/lasentinelle.dz\/index.php\/wp-json\/wp\/v2\/users\/3"}],"replies":[{"embeddable":true,"href":"https:\/\/lasentinelle.dz\/index.php\/wp-json\/wp\/v2\/comments?post=36221"}],"version-history":[{"count":2,"href":"https:\/\/lasentinelle.dz\/index.php\/wp-json\/wp\/v2\/posts\/36221\/revisions"}],"predecessor-version":[{"id":36300,"href":"https:\/\/lasentinelle.dz\/index.php\/wp-json\/wp\/v2\/posts\/36221\/revisions\/36300"}],"wp:featuredmedia":[{"embeddable":true,"href":"https:\/\/lasentinelle.dz\/index.php\/wp-json\/wp\/v2\/media\/36231"}],"wp:attachment":[{"href":"https:\/\/lasentinelle.dz\/index.php\/wp-json\/wp\/v2\/media?parent=36221"}],"wp:term":[{"taxonomy":"category","embeddable":true,"href":"https:\/\/lasentinelle.dz\/index.php\/wp-json\/wp\/v2\/categories?post=36221"},{"taxonomy":"post_tag","embeddable":true,"href":"https:\/\/lasentinelle.dz\/index.php\/wp-json\/wp\/v2\/tags?post=36221"}],"curies":[{"name":"wp","href":"https:\/\/api.w.org\/{rel}","templated":true}]}}