{"id":36261,"date":"2023-02-15T22:05:00","date_gmt":"2023-02-15T21:05:00","guid":{"rendered":"https:\/\/lasentinelle.dz\/?p=36261"},"modified":"2023-02-15T18:59:27","modified_gmt":"2023-02-15T17:59:27","slug":"djezzy-presente-son-bilan-depuis-son-rachat-total-par-le-fni-des-resultats-en-forte-hausse","status":"publish","type":"post","link":"https:\/\/lasentinelle.dz\/index.php\/2023\/02\/15\/djezzy-presente-son-bilan-depuis-son-rachat-total-par-le-fni-des-resultats-en-forte-hausse\/","title":{"rendered":"Djezzy pr\u00e9sente son bilan depuis son rachat total par le FNI\u00a0: Des r\u00e9sultats en forte hausse"},"content":{"rendered":"\n<p>Le passage de l\u2019op\u00e9rateur de t\u00e9l\u00e9phonie mobile dans le giron exclusif du secteur public national n\u2019a pas nui \u00e0 ses performances. Bien au contraire&nbsp;! L\u2019op\u00e9rateur vient de publier son premier bilan depuis le rachat de la totalit\u00e9 des actifs d\u00e9tenus par Veon l\u2019\u00e9t\u00e9 dernier par le Fonds national d\u2019investissements. Un bilan qui fait ressortir une hausse significative du chiffre d\u2019affaires- le plus haut depuis le quatri\u00e8me trimestre 2017-, mais aussi une relance des investissements. Selon un communiqu\u00e9 de l\u2019op\u00e9rateur publi\u00e9 hier, au cours du 4etrimestre 2022, Djezzy a r\u00e9alis\u00e9 un chiffre d\u2019affaires de 24,3 milliards de dinars, enregistrant une forte croissance annuelle de 6,5% ainsi qu\u2019une hausse exceptionnelle de 2,6% compar\u00e9 au 3e trimestre de la m\u00eame ann\u00e9e malgr\u00e9 une saisonnalit\u00e9 habituellement d\u00e9favorable. Le chiffre d\u2019affaires annuel s\u2019\u00e9l\u00e8ve \u00e0 93,5 milliards de dinars, en augmentation de 5,2% par rapport \u00e0 2021 gr\u00e2ce \u00e0 la croissance de la base de pr\u00e8s de 600 000 abonn\u00e9s, refl\u00e9tant ainsi l\u2019attractivit\u00e9 du portefeuille d\u2019offres propos\u00e9 aux clients. \u00ab&nbsp;L\u2019acc\u00e9l\u00e9ration du d\u00e9ploiement et de l\u2019optimisation du r\u00e9seau men\u00e9e depuis l\u2019installation du nouveau Conseil d\u2019Administration et de la nouvelle \u00e9quipe dirigeante en ao\u00fbt 2022 ont permis d\u2019am\u00e9liorer significativement la qualit\u00e9 du r\u00e9seau et le d\u00e9bit internet. Le montant des investissements en 2022 s\u2019\u00e9l\u00e8ve \u00e0 18 milliards de dinars en hausse de 28% par rapport \u00e0 2021&nbsp;\u00bb, pr\u00e9cise le communiqu\u00e9.&nbsp;<\/p>\n\n\n\n<p>Dans ce sens, Mahieddine Allouche, Directeur g\u00e9n\u00e9ral par int\u00e9rim de Djezzya d\u00e9clar\u00e9 : \u00ab Nous avons r\u00e9alis\u00e9 une excellente performance en 2022, dans le contexte de la reprise de la quasi-totalit\u00e9 des actions de Djezzy par le Fonds National d\u2019Investissement. Nous avons r\u00e9ussi \u00e0 renforcer la stabilit\u00e9 de l\u2019entreprise et lui avons insuffl\u00e9 une nouvelle dynamique qui a eu un effet imm\u00e9diat sur les r\u00e9sultats du 4e trimestre 2022. Nous travaillons \u00e0 mettre en \u0153uvre la strat\u00e9gie trac\u00e9e par notre actionnaire majoritaire, le FNI, dont l\u2019objectif est d\u2019am\u00e9liorer fortement la couverture r\u00e9seau et de renforcer notre pr\u00e9sence commerciale, tout en poursuivant la modernisation de nos solutions technologiques. \u00bb.<\/p>\n\n\n\n<p>La m\u00eame source pr\u00e9cise qu\u2019en 2022, l\u2019EBITDA s\u2019est \u00e9tablit \u00e0 42 milliards de dinars, en hausse de 7,4% par rapport \u00e0 l\u2019ann\u00e9e 2021. La marge d\u2019EBITDA de 45 % en hausse de 1 point par rapport \u00e0 2021, continue de refl\u00e9ter la bonne maitrise des co\u00fbts op\u00e9rationnels par la soci\u00e9t\u00e9.<\/p>\n\n\n\n<p>\u00ab&nbsp;Djezzy n\u2019a pas d\u00e9rog\u00e9 \u00e0 son r\u00f4le d\u2019entreprise citoyenne en contribuant, comme chaque ann\u00e9e, \u00e0 l\u2019effort de solidarit\u00e9 nationale durant le mois de Ramadhan, en distribuant plus de 10 milles couffins au profit des familles n\u00e9cessiteuses. Djezzy a \u00e9galement marqu\u00e9 la rentr\u00e9e scolaire en lan\u00e7ant a campagne Walk For School qui a permis d\u2019\u00e9quiper 12 milles \u00e9l\u00e8ves de packs scolaires \u00e0 travers toutes les r\u00e9gions du pays&nbsp;\u00bb, note-on encore.<\/p>\n\n\n\n<p>\u00ab&nbsp;Enfin, en tant qu&rsquo;entreprise publique \u00e9conomique et acteur majeur dans l\u2019\u00e9conomie nationale, Djezzy s\u2019engage en 2023 \u00e0 continuer \u00e0 investir massivement en vue de densifier la couverture r\u00e9seau et am\u00e9liorer la qualit\u00e9 de service notamment dans les zones d\u2019ombre et ce afin de contribuer au d\u00e9veloppement socio-\u00e9conomique conform\u00e9ment aux orientations des Pouvoirs Publics. Au-del\u00e0, Djezzy continuera \u00e0 apporter son apport \u00e0 l\u2019\u00e9mergence d\u2019une \u00e9conomie bas\u00e9e sur la connaissance dans le cadre d\u2019une strat\u00e9gie visant \u00e0 soutenir les jeunes porteurs de projets et les startups&nbsp;\u00bb, conclut le communiqu\u00e9.<\/p>\n\n\n\n<p>R.E.<\/p>\n","protected":false},"excerpt":{"rendered":"<p>Le passage de l\u2019op\u00e9rateur de t\u00e9l\u00e9phonie mobile dans le giron exclusif du secteur public national n\u2019a pas nui \u00e0 ses<\/p>\n","protected":false},"author":3,"featured_media":36279,"comment_status":"open","ping_status":"closed","sticky":false,"template":"","format":"standard","meta":{"colormag_page_container_layout":"default_layout","colormag_page_sidebar_layout":"default_layout","om_disable_all_campaigns":false,"_monsterinsights_skip_tracking":false,"_monsterinsights_sitenote_active":false,"_monsterinsights_sitenote_note":"","_monsterinsights_sitenote_category":0,"footnotes":"","_wpscppro_dont_share_socialmedia":false,"_wpscppro_custom_social_share_image":0,"_facebook_share_type":"","_twitter_share_type":"","_linkedin_share_type":"","_pinterest_share_type":"","_linkedin_share_type_page":"","_instagram_share_type":"","_medium_share_type":"","_threads_share_type":"","_google_business_share_type":"","_selected_social_profile":[],"_wpsp_enable_custom_social_template":false,"_wpsp_social_scheduling":{"enabled":false,"datetime":null,"platforms":[],"status":"template_only","dateOption":"today","timeOption":"now","customDays":"","customHours":"","customDate":"","customTime":"","schedulingType":"absolute"},"_wpsp_active_default_template":true},"categories":[29],"tags":[],"class_list":["post-36261","post","type-post","status-publish","format-standard","has-post-thumbnail","hentry","category-economie"],"aioseo_notices":[],"yoast_head":"<!-- This site is optimized with the Yoast SEO plugin v27.5 - https:\/\/yoast.com\/product\/yoast-seo-wordpress\/ -->\n<title>Djezzy pr\u00e9sente son bilan depuis son rachat total par le FNI\u00a0: Des r\u00e9sultats en forte hausse - La Sentinelle<\/title>\n<meta name=\"robots\" content=\"index, follow, max-snippet:-1, max-image-preview:large, max-video-preview:-1\" \/>\n<link rel=\"canonical\" href=\"https:\/\/lasentinelle.dz\/index.php\/2023\/02\/15\/djezzy-presente-son-bilan-depuis-son-rachat-total-par-le-fni-des-resultats-en-forte-hausse\/\" \/>\n<meta property=\"og:locale\" content=\"fr_FR\" \/>\n<meta property=\"og:type\" content=\"article\" \/>\n<meta property=\"og:title\" content=\"Djezzy pr\u00e9sente son bilan depuis son rachat total par le FNI\u00a0: Des r\u00e9sultats en forte hausse - La Sentinelle\" \/>\n<meta property=\"og:description\" content=\"Le passage de l\u2019op\u00e9rateur de t\u00e9l\u00e9phonie mobile dans le giron exclusif du secteur public national n\u2019a pas nui \u00e0 ses\" \/>\n<meta property=\"og:url\" content=\"https:\/\/lasentinelle.dz\/index.php\/2023\/02\/15\/djezzy-presente-son-bilan-depuis-son-rachat-total-par-le-fni-des-resultats-en-forte-hausse\/\" \/>\n<meta property=\"og:site_name\" content=\"La Sentinelle\" \/>\n<meta property=\"article:publisher\" content=\"https:\/\/www.facebook.com\/La-Sentinelle-104059864394773\" \/>\n<meta property=\"article:published_time\" content=\"2023-02-15T21:05:00+00:00\" \/>\n<meta property=\"og:image\" content=\"https:\/\/lasentinelle.dz\/wp-content\/uploads\/2023\/02\/Sans-titre-3-7.png\" \/>\n\t<meta property=\"og:image:width\" content=\"1594\" \/>\n\t<meta property=\"og:image:height\" content=\"900\" \/>\n\t<meta property=\"og:image:type\" content=\"image\/png\" \/>\n<meta name=\"author\" content=\"La Sentinelle\" \/>\n<meta name=\"twitter:card\" content=\"summary_large_image\" \/>\n<meta name=\"twitter:label1\" content=\"\u00c9crit par\" \/>\n\t<meta name=\"twitter:data1\" content=\"La Sentinelle\" \/>\n\t<meta name=\"twitter:label2\" content=\"Dur\u00e9e de lecture estim\u00e9e\" \/>\n\t<meta name=\"twitter:data2\" content=\"3 minutes\" \/>\n<script type=\"application\/ld+json\" class=\"yoast-schema-graph\">{\"@context\":\"https:\\\/\\\/schema.org\",\"@graph\":[{\"@type\":\"Article\",\"@id\":\"https:\\\/\\\/lasentinelle.dz\\\/index.php\\\/2023\\\/02\\\/15\\\/djezzy-presente-son-bilan-depuis-son-rachat-total-par-le-fni-des-resultats-en-forte-hausse\\\/#article\",\"isPartOf\":{\"@id\":\"https:\\\/\\\/lasentinelle.dz\\\/index.php\\\/2023\\\/02\\\/15\\\/djezzy-presente-son-bilan-depuis-son-rachat-total-par-le-fni-des-resultats-en-forte-hausse\\\/\"},\"author\":{\"name\":\"La Sentinelle\",\"@id\":\"https:\\\/\\\/lasentinelle.dz\\\/#\\\/schema\\\/person\\\/d865044e22e70a75174ce8bcad3acfb3\"},\"headline\":\"Djezzy pr\u00e9sente son bilan depuis son rachat total par le FNI\u00a0: Des r\u00e9sultats en forte hausse\",\"datePublished\":\"2023-02-15T21:05:00+00:00\",\"mainEntityOfPage\":{\"@id\":\"https:\\\/\\\/lasentinelle.dz\\\/index.php\\\/2023\\\/02\\\/15\\\/djezzy-presente-son-bilan-depuis-son-rachat-total-par-le-fni-des-resultats-en-forte-hausse\\\/\"},\"wordCount\":616,\"commentCount\":0,\"publisher\":{\"@id\":\"https:\\\/\\\/lasentinelle.dz\\\/#organization\"},\"image\":{\"@id\":\"https:\\\/\\\/lasentinelle.dz\\\/index.php\\\/2023\\\/02\\\/15\\\/djezzy-presente-son-bilan-depuis-son-rachat-total-par-le-fni-des-resultats-en-forte-hausse\\\/#primaryimage\"},\"thumbnailUrl\":\"https:\\\/\\\/lasentinelle.dz\\\/wp-content\\\/uploads\\\/2023\\\/02\\\/Sans-titre-3-7.png\",\"articleSection\":[\"\u00c9conomie\"],\"inLanguage\":\"fr-FR\",\"potentialAction\":[{\"@type\":\"CommentAction\",\"name\":\"Comment\",\"target\":[\"https:\\\/\\\/lasentinelle.dz\\\/index.php\\\/2023\\\/02\\\/15\\\/djezzy-presente-son-bilan-depuis-son-rachat-total-par-le-fni-des-resultats-en-forte-hausse\\\/#respond\"]}]},{\"@type\":\"WebPage\",\"@id\":\"https:\\\/\\\/lasentinelle.dz\\\/index.php\\\/2023\\\/02\\\/15\\\/djezzy-presente-son-bilan-depuis-son-rachat-total-par-le-fni-des-resultats-en-forte-hausse\\\/\",\"url\":\"https:\\\/\\\/lasentinelle.dz\\\/index.php\\\/2023\\\/02\\\/15\\\/djezzy-presente-son-bilan-depuis-son-rachat-total-par-le-fni-des-resultats-en-forte-hausse\\\/\",\"name\":\"Djezzy pr\u00e9sente son bilan depuis son rachat total par le FNI\u00a0: Des r\u00e9sultats en forte hausse - La Sentinelle\",\"isPartOf\":{\"@id\":\"https:\\\/\\\/lasentinelle.dz\\\/#website\"},\"primaryImageOfPage\":{\"@id\":\"https:\\\/\\\/lasentinelle.dz\\\/index.php\\\/2023\\\/02\\\/15\\\/djezzy-presente-son-bilan-depuis-son-rachat-total-par-le-fni-des-resultats-en-forte-hausse\\\/#primaryimage\"},\"image\":{\"@id\":\"https:\\\/\\\/lasentinelle.dz\\\/index.php\\\/2023\\\/02\\\/15\\\/djezzy-presente-son-bilan-depuis-son-rachat-total-par-le-fni-des-resultats-en-forte-hausse\\\/#primaryimage\"},\"thumbnailUrl\":\"https:\\\/\\\/lasentinelle.dz\\\/wp-content\\\/uploads\\\/2023\\\/02\\\/Sans-titre-3-7.png\",\"datePublished\":\"2023-02-15T21:05:00+00:00\",\"breadcrumb\":{\"@id\":\"https:\\\/\\\/lasentinelle.dz\\\/index.php\\\/2023\\\/02\\\/15\\\/djezzy-presente-son-bilan-depuis-son-rachat-total-par-le-fni-des-resultats-en-forte-hausse\\\/#breadcrumb\"},\"inLanguage\":\"fr-FR\",\"potentialAction\":[{\"@type\":\"ReadAction\",\"target\":[\"https:\\\/\\\/lasentinelle.dz\\\/index.php\\\/2023\\\/02\\\/15\\\/djezzy-presente-son-bilan-depuis-son-rachat-total-par-le-fni-des-resultats-en-forte-hausse\\\/\"]}]},{\"@type\":\"ImageObject\",\"inLanguage\":\"fr-FR\",\"@id\":\"https:\\\/\\\/lasentinelle.dz\\\/index.php\\\/2023\\\/02\\\/15\\\/djezzy-presente-son-bilan-depuis-son-rachat-total-par-le-fni-des-resultats-en-forte-hausse\\\/#primaryimage\",\"url\":\"https:\\\/\\\/lasentinelle.dz\\\/wp-content\\\/uploads\\\/2023\\\/02\\\/Sans-titre-3-7.png\",\"contentUrl\":\"https:\\\/\\\/lasentinelle.dz\\\/wp-content\\\/uploads\\\/2023\\\/02\\\/Sans-titre-3-7.png\",\"width\":1594,\"height\":900},{\"@type\":\"BreadcrumbList\",\"@id\":\"https:\\\/\\\/lasentinelle.dz\\\/index.php\\\/2023\\\/02\\\/15\\\/djezzy-presente-son-bilan-depuis-son-rachat-total-par-le-fni-des-resultats-en-forte-hausse\\\/#breadcrumb\",\"itemListElement\":[{\"@type\":\"ListItem\",\"position\":1,\"name\":\"Accueil\",\"item\":\"https:\\\/\\\/lasentinelle.dz\\\/\"},{\"@type\":\"ListItem\",\"position\":2,\"name\":\"Djezzy pr\u00e9sente son bilan depuis son rachat total par le FNI\u00a0: Des r\u00e9sultats en forte hausse\"}]},{\"@type\":\"WebSite\",\"@id\":\"https:\\\/\\\/lasentinelle.dz\\\/#website\",\"url\":\"https:\\\/\\\/lasentinelle.dz\\\/\",\"name\":\"La Sentinelle\",\"description\":\"Quotidien national d&#039;information\",\"publisher\":{\"@id\":\"https:\\\/\\\/lasentinelle.dz\\\/#organization\"},\"potentialAction\":[{\"@type\":\"SearchAction\",\"target\":{\"@type\":\"EntryPoint\",\"urlTemplate\":\"https:\\\/\\\/lasentinelle.dz\\\/?s={search_term_string}\"},\"query-input\":{\"@type\":\"PropertyValueSpecification\",\"valueRequired\":true,\"valueName\":\"search_term_string\"}}],\"inLanguage\":\"fr-FR\"},{\"@type\":\"Organization\",\"@id\":\"https:\\\/\\\/lasentinelle.dz\\\/#organization\",\"name\":\"Quotidien La Sentinelle\",\"url\":\"https:\\\/\\\/lasentinelle.dz\\\/\",\"logo\":{\"@type\":\"ImageObject\",\"inLanguage\":\"fr-FR\",\"@id\":\"https:\\\/\\\/lasentinelle.dz\\\/#\\\/schema\\\/logo\\\/image\\\/\",\"url\":\"https:\\\/\\\/lasentinelle.dz\\\/wp-content\\\/uploads\\\/2021\\\/09\\\/logo-sentinelleSLOGAN-1.png\",\"contentUrl\":\"https:\\\/\\\/lasentinelle.dz\\\/wp-content\\\/uploads\\\/2021\\\/09\\\/logo-sentinelleSLOGAN-1.png\",\"width\":615,\"height\":142,\"caption\":\"Quotidien La Sentinelle\"},\"image\":{\"@id\":\"https:\\\/\\\/lasentinelle.dz\\\/#\\\/schema\\\/logo\\\/image\\\/\"},\"sameAs\":[\"https:\\\/\\\/www.facebook.com\\\/La-Sentinelle-104059864394773\"]},{\"@type\":\"Person\",\"@id\":\"https:\\\/\\\/lasentinelle.dz\\\/#\\\/schema\\\/person\\\/d865044e22e70a75174ce8bcad3acfb3\",\"name\":\"La Sentinelle\",\"image\":{\"@type\":\"ImageObject\",\"inLanguage\":\"fr-FR\",\"@id\":\"https:\\\/\\\/secure.gravatar.com\\\/avatar\\\/57de8e5d4b15d43fb361a71fbb36338450fe67865b528a43dd10ef7c51a20392?s=96&d=mm&r=g\",\"url\":\"https:\\\/\\\/secure.gravatar.com\\\/avatar\\\/57de8e5d4b15d43fb361a71fbb36338450fe67865b528a43dd10ef7c51a20392?s=96&d=mm&r=g\",\"contentUrl\":\"https:\\\/\\\/secure.gravatar.com\\\/avatar\\\/57de8e5d4b15d43fb361a71fbb36338450fe67865b528a43dd10ef7c51a20392?s=96&d=mm&r=g\",\"caption\":\"La Sentinelle\"},\"sameAs\":[\"http:\\\/\\\/www.lasentinelle.dz\"],\"url\":\"https:\\\/\\\/lasentinelle.dz\\\/author\\\/redaction\\\/\"}]}<\/script>\n<!-- \/ Yoast SEO plugin. -->","yoast_head_json":{"title":"Djezzy pr\u00e9sente son bilan depuis son rachat total par le FNI\u00a0: Des r\u00e9sultats en forte hausse - La Sentinelle","robots":{"index":"index","follow":"follow","max-snippet":"max-snippet:-1","max-image-preview":"max-image-preview:large","max-video-preview":"max-video-preview:-1"},"canonical":"https:\/\/lasentinelle.dz\/index.php\/2023\/02\/15\/djezzy-presente-son-bilan-depuis-son-rachat-total-par-le-fni-des-resultats-en-forte-hausse\/","og_locale":"fr_FR","og_type":"article","og_title":"Djezzy pr\u00e9sente son bilan depuis son rachat total par le FNI\u00a0: Des r\u00e9sultats en forte hausse - La Sentinelle","og_description":"Le passage de l\u2019op\u00e9rateur de t\u00e9l\u00e9phonie mobile dans le giron exclusif du secteur public national n\u2019a pas nui \u00e0 ses","og_url":"https:\/\/lasentinelle.dz\/index.php\/2023\/02\/15\/djezzy-presente-son-bilan-depuis-son-rachat-total-par-le-fni-des-resultats-en-forte-hausse\/","og_site_name":"La Sentinelle","article_publisher":"https:\/\/www.facebook.com\/La-Sentinelle-104059864394773","article_published_time":"2023-02-15T21:05:00+00:00","og_image":[{"width":1594,"height":900,"url":"https:\/\/lasentinelle.dz\/wp-content\/uploads\/2023\/02\/Sans-titre-3-7.png","type":"image\/png"}],"author":"La Sentinelle","twitter_card":"summary_large_image","twitter_misc":{"\u00c9crit par":"La Sentinelle","Dur\u00e9e de lecture estim\u00e9e":"3 minutes"},"schema":{"@context":"https:\/\/schema.org","@graph":[{"@type":"Article","@id":"https:\/\/lasentinelle.dz\/index.php\/2023\/02\/15\/djezzy-presente-son-bilan-depuis-son-rachat-total-par-le-fni-des-resultats-en-forte-hausse\/#article","isPartOf":{"@id":"https:\/\/lasentinelle.dz\/index.php\/2023\/02\/15\/djezzy-presente-son-bilan-depuis-son-rachat-total-par-le-fni-des-resultats-en-forte-hausse\/"},"author":{"name":"La Sentinelle","@id":"https:\/\/lasentinelle.dz\/#\/schema\/person\/d865044e22e70a75174ce8bcad3acfb3"},"headline":"Djezzy pr\u00e9sente son bilan depuis son rachat total par le FNI\u00a0: Des r\u00e9sultats en forte hausse","datePublished":"2023-02-15T21:05:00+00:00","mainEntityOfPage":{"@id":"https:\/\/lasentinelle.dz\/index.php\/2023\/02\/15\/djezzy-presente-son-bilan-depuis-son-rachat-total-par-le-fni-des-resultats-en-forte-hausse\/"},"wordCount":616,"commentCount":0,"publisher":{"@id":"https:\/\/lasentinelle.dz\/#organization"},"image":{"@id":"https:\/\/lasentinelle.dz\/index.php\/2023\/02\/15\/djezzy-presente-son-bilan-depuis-son-rachat-total-par-le-fni-des-resultats-en-forte-hausse\/#primaryimage"},"thumbnailUrl":"https:\/\/lasentinelle.dz\/wp-content\/uploads\/2023\/02\/Sans-titre-3-7.png","articleSection":["\u00c9conomie"],"inLanguage":"fr-FR","potentialAction":[{"@type":"CommentAction","name":"Comment","target":["https:\/\/lasentinelle.dz\/index.php\/2023\/02\/15\/djezzy-presente-son-bilan-depuis-son-rachat-total-par-le-fni-des-resultats-en-forte-hausse\/#respond"]}]},{"@type":"WebPage","@id":"https:\/\/lasentinelle.dz\/index.php\/2023\/02\/15\/djezzy-presente-son-bilan-depuis-son-rachat-total-par-le-fni-des-resultats-en-forte-hausse\/","url":"https:\/\/lasentinelle.dz\/index.php\/2023\/02\/15\/djezzy-presente-son-bilan-depuis-son-rachat-total-par-le-fni-des-resultats-en-forte-hausse\/","name":"Djezzy pr\u00e9sente son bilan depuis son rachat total par le FNI\u00a0: Des r\u00e9sultats en forte hausse - La Sentinelle","isPartOf":{"@id":"https:\/\/lasentinelle.dz\/#website"},"primaryImageOfPage":{"@id":"https:\/\/lasentinelle.dz\/index.php\/2023\/02\/15\/djezzy-presente-son-bilan-depuis-son-rachat-total-par-le-fni-des-resultats-en-forte-hausse\/#primaryimage"},"image":{"@id":"https:\/\/lasentinelle.dz\/index.php\/2023\/02\/15\/djezzy-presente-son-bilan-depuis-son-rachat-total-par-le-fni-des-resultats-en-forte-hausse\/#primaryimage"},"thumbnailUrl":"https:\/\/lasentinelle.dz\/wp-content\/uploads\/2023\/02\/Sans-titre-3-7.png","datePublished":"2023-02-15T21:05:00+00:00","breadcrumb":{"@id":"https:\/\/lasentinelle.dz\/index.php\/2023\/02\/15\/djezzy-presente-son-bilan-depuis-son-rachat-total-par-le-fni-des-resultats-en-forte-hausse\/#breadcrumb"},"inLanguage":"fr-FR","potentialAction":[{"@type":"ReadAction","target":["https:\/\/lasentinelle.dz\/index.php\/2023\/02\/15\/djezzy-presente-son-bilan-depuis-son-rachat-total-par-le-fni-des-resultats-en-forte-hausse\/"]}]},{"@type":"ImageObject","inLanguage":"fr-FR","@id":"https:\/\/lasentinelle.dz\/index.php\/2023\/02\/15\/djezzy-presente-son-bilan-depuis-son-rachat-total-par-le-fni-des-resultats-en-forte-hausse\/#primaryimage","url":"https:\/\/lasentinelle.dz\/wp-content\/uploads\/2023\/02\/Sans-titre-3-7.png","contentUrl":"https:\/\/lasentinelle.dz\/wp-content\/uploads\/2023\/02\/Sans-titre-3-7.png","width":1594,"height":900},{"@type":"BreadcrumbList","@id":"https:\/\/lasentinelle.dz\/index.php\/2023\/02\/15\/djezzy-presente-son-bilan-depuis-son-rachat-total-par-le-fni-des-resultats-en-forte-hausse\/#breadcrumb","itemListElement":[{"@type":"ListItem","position":1,"name":"Accueil","item":"https:\/\/lasentinelle.dz\/"},{"@type":"ListItem","position":2,"name":"Djezzy pr\u00e9sente son bilan depuis son rachat total par le FNI\u00a0: Des r\u00e9sultats en forte hausse"}]},{"@type":"WebSite","@id":"https:\/\/lasentinelle.dz\/#website","url":"https:\/\/lasentinelle.dz\/","name":"La Sentinelle","description":"Quotidien national d&#039;information","publisher":{"@id":"https:\/\/lasentinelle.dz\/#organization"},"potentialAction":[{"@type":"SearchAction","target":{"@type":"EntryPoint","urlTemplate":"https:\/\/lasentinelle.dz\/?s={search_term_string}"},"query-input":{"@type":"PropertyValueSpecification","valueRequired":true,"valueName":"search_term_string"}}],"inLanguage":"fr-FR"},{"@type":"Organization","@id":"https:\/\/lasentinelle.dz\/#organization","name":"Quotidien La Sentinelle","url":"https:\/\/lasentinelle.dz\/","logo":{"@type":"ImageObject","inLanguage":"fr-FR","@id":"https:\/\/lasentinelle.dz\/#\/schema\/logo\/image\/","url":"https:\/\/lasentinelle.dz\/wp-content\/uploads\/2021\/09\/logo-sentinelleSLOGAN-1.png","contentUrl":"https:\/\/lasentinelle.dz\/wp-content\/uploads\/2021\/09\/logo-sentinelleSLOGAN-1.png","width":615,"height":142,"caption":"Quotidien La Sentinelle"},"image":{"@id":"https:\/\/lasentinelle.dz\/#\/schema\/logo\/image\/"},"sameAs":["https:\/\/www.facebook.com\/La-Sentinelle-104059864394773"]},{"@type":"Person","@id":"https:\/\/lasentinelle.dz\/#\/schema\/person\/d865044e22e70a75174ce8bcad3acfb3","name":"La Sentinelle","image":{"@type":"ImageObject","inLanguage":"fr-FR","@id":"https:\/\/secure.gravatar.com\/avatar\/57de8e5d4b15d43fb361a71fbb36338450fe67865b528a43dd10ef7c51a20392?s=96&d=mm&r=g","url":"https:\/\/secure.gravatar.com\/avatar\/57de8e5d4b15d43fb361a71fbb36338450fe67865b528a43dd10ef7c51a20392?s=96&d=mm&r=g","contentUrl":"https:\/\/secure.gravatar.com\/avatar\/57de8e5d4b15d43fb361a71fbb36338450fe67865b528a43dd10ef7c51a20392?s=96&d=mm&r=g","caption":"La Sentinelle"},"sameAs":["http:\/\/www.lasentinelle.dz"],"url":"https:\/\/lasentinelle.dz\/author\/redaction\/"}]}},"_links":{"self":[{"href":"https:\/\/lasentinelle.dz\/index.php\/wp-json\/wp\/v2\/posts\/36261","targetHints":{"allow":["GET"]}}],"collection":[{"href":"https:\/\/lasentinelle.dz\/index.php\/wp-json\/wp\/v2\/posts"}],"about":[{"href":"https:\/\/lasentinelle.dz\/index.php\/wp-json\/wp\/v2\/types\/post"}],"author":[{"embeddable":true,"href":"https:\/\/lasentinelle.dz\/index.php\/wp-json\/wp\/v2\/users\/3"}],"replies":[{"embeddable":true,"href":"https:\/\/lasentinelle.dz\/index.php\/wp-json\/wp\/v2\/comments?post=36261"}],"version-history":[{"count":1,"href":"https:\/\/lasentinelle.dz\/index.php\/wp-json\/wp\/v2\/posts\/36261\/revisions"}],"predecessor-version":[{"id":36280,"href":"https:\/\/lasentinelle.dz\/index.php\/wp-json\/wp\/v2\/posts\/36261\/revisions\/36280"}],"wp:featuredmedia":[{"embeddable":true,"href":"https:\/\/lasentinelle.dz\/index.php\/wp-json\/wp\/v2\/media\/36279"}],"wp:attachment":[{"href":"https:\/\/lasentinelle.dz\/index.php\/wp-json\/wp\/v2\/media?parent=36261"}],"wp:term":[{"taxonomy":"category","embeddable":true,"href":"https:\/\/lasentinelle.dz\/index.php\/wp-json\/wp\/v2\/categories?post=36261"},{"taxonomy":"post_tag","embeddable":true,"href":"https:\/\/lasentinelle.dz\/index.php\/wp-json\/wp\/v2\/tags?post=36261"}],"curies":[{"name":"wp","href":"https:\/\/api.w.org\/{rel}","templated":true}]}}