{"id":36302,"date":"2023-02-15T22:15:00","date_gmt":"2023-02-15T21:15:00","guid":{"rendered":"https:\/\/lasentinelle.dz\/?p=36302"},"modified":"2023-02-15T21:00:58","modified_gmt":"2023-02-15T20:00:58","slug":"le-capitaine-deramchia-farid-specialiste-de-la-cybercriminalite-a-la-gendarmerie-nationale-la-cybercriminalite-est-en-continuelle-progression","status":"publish","type":"post","link":"https:\/\/lasentinelle.dz\/index.php\/2023\/02\/15\/le-capitaine-deramchia-farid-specialiste-de-la-cybercriminalite-a-la-gendarmerie-nationale-la-cybercriminalite-est-en-continuelle-progression\/","title":{"rendered":"Le capitaine Deramchia Farid, sp\u00e9cialiste de la cybercriminalit\u00e9 \u00e0 la Gendarmerie nationale\u00a0: \u00ab\u00a0La cybercriminalit\u00e9 est en continuelle progression\u00a0\u00bb"},"content":{"rendered":"\n<p>La cybercriminalit\u00e9 a connu une nette progression ces derni\u00e8res ann\u00e9es. Depuis le d\u00e9but de l&rsquo;ann\u00e9e, 500 affaires ont d\u00e9j\u00e0 \u00e9t\u00e9 trait\u00e9es par la Gendarmerie nationale. Le plus gros de ces affaires sont li\u00e9es \u00e0 l&rsquo; \u00ab\u00a0atteinte \u00e0 la vie priv\u00e9e\u00a0\u00bb.<\/p>\n\n\n\n<p>Le d\u00e9veloppement des technologies et de l&rsquo;information et de la communication (TIC), et la place qu&rsquo;occupent ces derni\u00e8res dans la vie quotidienne des citoyens, fait que les cybercrimes sont de plus en plus r\u00e9pandus. Intervenant, hier, sur les ondes de la chaine 1 de la Radio alg\u00e9rienne, le capitaine Deramchia Farid, sp\u00e9cialiste de la cybercriminalit\u00e9 \u00e0 la Gendarmerie nationale, a tir\u00e9 la sonnette d&rsquo;alarme. La cybercriminalit\u00e9 est en continuelle hausse. Le nombre d&rsquo;affaires trait\u00e9es li\u00e9es aux crimes li\u00e9s technologies et de l&rsquo;information et de la communication (TIC) est pass\u00e9 de 2.838 en 2021 \u00e0 4.600 en 2022. Rien que pour les deux premiers mois de l&rsquo;ann\u00e9e en cours, la Gendarmerie nationale a trait\u00e9 500 affaires, a-t-il pr\u00e9cis\u00e9. Deramchia Farid a tenu \u00e0 pr\u00e9ciser, n\u00e9anmoins, que si le nombre de ce genre de crimes a; bien entendu, augment\u00e9, il est aussi question d&rsquo;un recours de plus en plus important des citoyens aux services de s\u00e9curit\u00e9 pour le d\u00e9p\u00f4t de plaintes. \u00ab\u00a0Des efforts consid\u00e9rables ont \u00e9t\u00e9 consentis pour sensibiliser le citoyen\u00a0\u00bb, puisque \u00ab\u00a0plusieurs op\u00e9rations de sensibilisation ont \u00e9t\u00e9 men\u00e9es\u00a0\u00bb et ce, afin d&rsquo; \u00ab\u00a0encourager le citoyen \u00e0 d\u00e9poser une plainte\u00a0\u00bb lorsqu&rsquo;il est victime d&rsquo;un abus, d\u00e9passement ou autres. \u00ab\u00a0La lutte s\u00e9curitaire ne peut \u00eatre efficace sans l&rsquo;implication du citoyen\u00a0\u00bb, a-t-il dit \u00e0 ce propos. Donnant des d\u00e9tails sur la nature des crimes en question, celui-ci a indiqu\u00e9, que cela concernait \u00ab\u00a0l&rsquo;arnaque, notamment celle li\u00e9e au commerce \u00e9lectronique, le harc\u00e8lement, l\u2019extorsion, les menaces, la diffamation et l\u2019atteinte \u00e0 la vie priv\u00e9e des personnes\u00a0\u00bb, des d\u00e9lits qui, lorsqu&rsquo;ils sont commis par le recours aux technologies de l&rsquo;information et de la communication, sont consid\u00e9r\u00e9s comme des cybercrimes. Il a \u00e9galement cit\u00e9 \u00ab\u00a0la diffusion de fausses informations\u00a0\u00bb, ce qui est pris en charge \u00e9galement par le Code p\u00e9nal, a-t-il rappel\u00e9. Le responsable \u00e0 la Gendarmerie nationale a indiqu\u00e9 que la majorit\u00e9 de ces crimes, entre 65 et 75%, a-t-il pr\u00e9cis\u00e9, concerne l&rsquo;\u00ab&nbsp;atteinte \u00e0 la vie priv\u00e9e des personnes&nbsp;\u00bb. Il a, dans le m\u00eame ordre, mis l&rsquo;accent sur les crimes dont sont victimes des enfants. 193 affaires li\u00e9es \u00e0 l&rsquo;enfance ont \u00e9t\u00e9 trait\u00e9es en 2022, alors que le chiffre \u00e9tait de 200 une ann\u00e9e auparavant. Deramchia Farid a exhort\u00e9 les parents \u00e0 \u00ab\u00a0accompagner, de sensibiliser et de contr\u00f4ler\u00a0\u00bb leurs enfants. \u00ab\u00a0Un enfant connect\u00e9 seul dans sa chambre est similaire \u00e0 celui qui est seul dans la rue\u00a0\u00bb, a-t-il d\u00e9clar\u00e9. Sur un autre plan, celui-ci a \u00e9galement indiqu\u00e9 que des citoyens peuvent se voir impliqu\u00e9s dans une affaire sans pr\u00e9m\u00e9diter l&rsquo;acte. \u00ab\u00a0Partager un contenu diffamatoire rend son auteur responsable aussi\u00a0\u00bb, a-t-il signal\u00e9, tout en pr\u00e9cisant que c&rsquo;est \u00ab\u00a0bien entendu au juge de statuer\u00a0\u00bb. L&rsquo;officier de la Gendarmerie nationale a tenu \u00e0 indiquer, en dernier lieu, que pour \u00eatre au diapason des d\u00e9veloppements que connaissent les technologies de l&rsquo;information et de la communication, les services de ce corps de s\u00e9curit\u00e9 ont \u00e9t\u00e9 modernis\u00e9s, leurs \u00e9l\u00e9ments form\u00e9s, et dot\u00e9s du mat\u00e9riel n\u00e9cessaire. Des efforts consentis depuis le d\u00e9but des ann\u00e9es 2000. Il a pr\u00e9cis\u00e9 que les enqu\u00eateurs et sp\u00e9cialistes travaillent sur deux aspects. Le premier pr\u00e9ventif, en surveillant les r\u00e9seaux sociaux pour traquer les atteintes \u00e0 la l\u00e9gislation nationale, le deuxi\u00e8me en menant des enqu\u00eates apr\u00e8s avoir enregistr\u00e9 des plaintes. Mais dans tous les cas de figure, a-t-il insist\u00e9, \u00ab\u00a0le citoyen doit faire preuve de prudence, notamment en n&rsquo;exposant pas ses informations personnelles\u00a0\u00bb. Il a \u00e9voqu\u00e9 ce qu&rsquo;induit par exemple la \u00ab\u00a0perte\u00a0\u00bb de donn\u00e9es relatives \u00e0 \u00ab\u00a0Baridi mob\u00a0\u00bb ou la carte \u00ab\u00a0Edahabia\u00a0\u00bb, m\u00eame s&rsquo;il a tenu \u00e0 pr\u00e9ciser que les deux sont compl\u00e8tement s\u00e9curis\u00e9s. Deramchia Farid a indiqu\u00e9, en dernier lieu, que la Gendarmerie nationale pr\u00e9voit de mener plusieurs campagnes de sensibilisation durant l&rsquo;ann\u00e9e 2023 aupr\u00e8s des citoyens.<\/p>\n\n\n\n<p><strong>Elyas Nour<\/strong><\/p>\n","protected":false},"excerpt":{"rendered":"<p>La cybercriminalit\u00e9 a connu une nette progression ces derni\u00e8res ann\u00e9es. Depuis le d\u00e9but de l&rsquo;ann\u00e9e, 500 affaires ont d\u00e9j\u00e0 \u00e9t\u00e9<\/p>\n","protected":false},"author":3,"featured_media":36304,"comment_status":"open","ping_status":"closed","sticky":false,"template":"","format":"standard","meta":{"colormag_page_container_layout":"default_layout","colormag_page_sidebar_layout":"default_layout","om_disable_all_campaigns":false,"_monsterinsights_skip_tracking":false,"_monsterinsights_sitenote_active":false,"_monsterinsights_sitenote_note":"","_monsterinsights_sitenote_category":0,"footnotes":"","_wpscppro_dont_share_socialmedia":false,"_wpscppro_custom_social_share_image":0,"_facebook_share_type":"","_twitter_share_type":"","_linkedin_share_type":"","_pinterest_share_type":"","_linkedin_share_type_page":"","_instagram_share_type":"","_medium_share_type":"","_threads_share_type":"","_google_business_share_type":"","_selected_social_profile":[],"_wpsp_enable_custom_social_template":false,"_wpsp_social_scheduling":{"enabled":false,"datetime":null,"platforms":[],"status":"template_only","dateOption":"today","timeOption":"now","customDays":"","customHours":"","customDate":"","customTime":"","schedulingType":"absolute"},"_wpsp_active_default_template":true},"categories":[52,27],"tags":[],"class_list":["post-36302","post","type-post","status-publish","format-standard","has-post-thumbnail","hentry","category-a-la-une","category-actualite"],"aioseo_notices":[],"yoast_head":"<!-- This site is optimized with the Yoast SEO plugin v27.5 - https:\/\/yoast.com\/product\/yoast-seo-wordpress\/ -->\n<title>Le capitaine Deramchia Farid, sp\u00e9cialiste de la cybercriminalit\u00e9 \u00e0 la Gendarmerie nationale\u00a0: \u00ab\u00a0La cybercriminalit\u00e9 est en continuelle progression\u00a0\u00bb - La Sentinelle<\/title>\n<meta name=\"robots\" content=\"index, follow, max-snippet:-1, max-image-preview:large, max-video-preview:-1\" \/>\n<link rel=\"canonical\" href=\"https:\/\/lasentinelle.dz\/index.php\/2023\/02\/15\/le-capitaine-deramchia-farid-specialiste-de-la-cybercriminalite-a-la-gendarmerie-nationale-la-cybercriminalite-est-en-continuelle-progression\/\" \/>\n<meta property=\"og:locale\" content=\"fr_FR\" \/>\n<meta property=\"og:type\" content=\"article\" \/>\n<meta property=\"og:title\" content=\"Le capitaine Deramchia Farid, sp\u00e9cialiste de la cybercriminalit\u00e9 \u00e0 la Gendarmerie nationale\u00a0: \u00ab\u00a0La cybercriminalit\u00e9 est en continuelle progression\u00a0\u00bb - La Sentinelle\" \/>\n<meta property=\"og:description\" content=\"La cybercriminalit\u00e9 a connu une nette progression ces derni\u00e8res ann\u00e9es. Depuis le d\u00e9but de l&rsquo;ann\u00e9e, 500 affaires ont d\u00e9j\u00e0 \u00e9t\u00e9\" \/>\n<meta property=\"og:url\" content=\"https:\/\/lasentinelle.dz\/index.php\/2023\/02\/15\/le-capitaine-deramchia-farid-specialiste-de-la-cybercriminalite-a-la-gendarmerie-nationale-la-cybercriminalite-est-en-continuelle-progression\/\" \/>\n<meta property=\"og:site_name\" content=\"La Sentinelle\" \/>\n<meta property=\"article:publisher\" content=\"https:\/\/www.facebook.com\/La-Sentinelle-104059864394773\" \/>\n<meta property=\"article:published_time\" content=\"2023-02-15T21:15:00+00:00\" \/>\n<meta property=\"og:image\" content=\"https:\/\/lasentinelle.dz\/wp-content\/uploads\/2023\/02\/cybercriminalite.png\" \/>\n\t<meta property=\"og:image:width\" content=\"1348\" \/>\n\t<meta property=\"og:image:height\" content=\"900\" \/>\n\t<meta property=\"og:image:type\" content=\"image\/png\" \/>\n<meta name=\"author\" content=\"La Sentinelle\" \/>\n<meta name=\"twitter:card\" content=\"summary_large_image\" \/>\n<meta name=\"twitter:label1\" content=\"\u00c9crit par\" \/>\n\t<meta name=\"twitter:data1\" content=\"La Sentinelle\" \/>\n\t<meta name=\"twitter:label2\" content=\"Dur\u00e9e de lecture estim\u00e9e\" \/>\n\t<meta name=\"twitter:data2\" content=\"4 minutes\" \/>\n<script type=\"application\/ld+json\" class=\"yoast-schema-graph\">{\"@context\":\"https:\\\/\\\/schema.org\",\"@graph\":[{\"@type\":\"Article\",\"@id\":\"https:\\\/\\\/lasentinelle.dz\\\/index.php\\\/2023\\\/02\\\/15\\\/le-capitaine-deramchia-farid-specialiste-de-la-cybercriminalite-a-la-gendarmerie-nationale-la-cybercriminalite-est-en-continuelle-progression\\\/#article\",\"isPartOf\":{\"@id\":\"https:\\\/\\\/lasentinelle.dz\\\/index.php\\\/2023\\\/02\\\/15\\\/le-capitaine-deramchia-farid-specialiste-de-la-cybercriminalite-a-la-gendarmerie-nationale-la-cybercriminalite-est-en-continuelle-progression\\\/\"},\"author\":{\"name\":\"La Sentinelle\",\"@id\":\"https:\\\/\\\/lasentinelle.dz\\\/#\\\/schema\\\/person\\\/d865044e22e70a75174ce8bcad3acfb3\"},\"headline\":\"Le capitaine Deramchia Farid, sp\u00e9cialiste de la cybercriminalit\u00e9 \u00e0 la Gendarmerie nationale\u00a0: \u00ab\u00a0La cybercriminalit\u00e9 est en continuelle progression\u00a0\u00bb\",\"datePublished\":\"2023-02-15T21:15:00+00:00\",\"mainEntityOfPage\":{\"@id\":\"https:\\\/\\\/lasentinelle.dz\\\/index.php\\\/2023\\\/02\\\/15\\\/le-capitaine-deramchia-farid-specialiste-de-la-cybercriminalite-a-la-gendarmerie-nationale-la-cybercriminalite-est-en-continuelle-progression\\\/\"},\"wordCount\":743,\"commentCount\":0,\"publisher\":{\"@id\":\"https:\\\/\\\/lasentinelle.dz\\\/#organization\"},\"image\":{\"@id\":\"https:\\\/\\\/lasentinelle.dz\\\/index.php\\\/2023\\\/02\\\/15\\\/le-capitaine-deramchia-farid-specialiste-de-la-cybercriminalite-a-la-gendarmerie-nationale-la-cybercriminalite-est-en-continuelle-progression\\\/#primaryimage\"},\"thumbnailUrl\":\"https:\\\/\\\/lasentinelle.dz\\\/wp-content\\\/uploads\\\/2023\\\/02\\\/cybercriminalite.png\",\"articleSection\":[\"\u00c0 la Une\",\"Actualit\u00e9\"],\"inLanguage\":\"fr-FR\",\"potentialAction\":[{\"@type\":\"CommentAction\",\"name\":\"Comment\",\"target\":[\"https:\\\/\\\/lasentinelle.dz\\\/index.php\\\/2023\\\/02\\\/15\\\/le-capitaine-deramchia-farid-specialiste-de-la-cybercriminalite-a-la-gendarmerie-nationale-la-cybercriminalite-est-en-continuelle-progression\\\/#respond\"]}]},{\"@type\":\"WebPage\",\"@id\":\"https:\\\/\\\/lasentinelle.dz\\\/index.php\\\/2023\\\/02\\\/15\\\/le-capitaine-deramchia-farid-specialiste-de-la-cybercriminalite-a-la-gendarmerie-nationale-la-cybercriminalite-est-en-continuelle-progression\\\/\",\"url\":\"https:\\\/\\\/lasentinelle.dz\\\/index.php\\\/2023\\\/02\\\/15\\\/le-capitaine-deramchia-farid-specialiste-de-la-cybercriminalite-a-la-gendarmerie-nationale-la-cybercriminalite-est-en-continuelle-progression\\\/\",\"name\":\"Le capitaine Deramchia Farid, sp\u00e9cialiste de la cybercriminalit\u00e9 \u00e0 la Gendarmerie nationale\u00a0: \u00ab\u00a0La cybercriminalit\u00e9 est en continuelle progression\u00a0\u00bb - La Sentinelle\",\"isPartOf\":{\"@id\":\"https:\\\/\\\/lasentinelle.dz\\\/#website\"},\"primaryImageOfPage\":{\"@id\":\"https:\\\/\\\/lasentinelle.dz\\\/index.php\\\/2023\\\/02\\\/15\\\/le-capitaine-deramchia-farid-specialiste-de-la-cybercriminalite-a-la-gendarmerie-nationale-la-cybercriminalite-est-en-continuelle-progression\\\/#primaryimage\"},\"image\":{\"@id\":\"https:\\\/\\\/lasentinelle.dz\\\/index.php\\\/2023\\\/02\\\/15\\\/le-capitaine-deramchia-farid-specialiste-de-la-cybercriminalite-a-la-gendarmerie-nationale-la-cybercriminalite-est-en-continuelle-progression\\\/#primaryimage\"},\"thumbnailUrl\":\"https:\\\/\\\/lasentinelle.dz\\\/wp-content\\\/uploads\\\/2023\\\/02\\\/cybercriminalite.png\",\"datePublished\":\"2023-02-15T21:15:00+00:00\",\"breadcrumb\":{\"@id\":\"https:\\\/\\\/lasentinelle.dz\\\/index.php\\\/2023\\\/02\\\/15\\\/le-capitaine-deramchia-farid-specialiste-de-la-cybercriminalite-a-la-gendarmerie-nationale-la-cybercriminalite-est-en-continuelle-progression\\\/#breadcrumb\"},\"inLanguage\":\"fr-FR\",\"potentialAction\":[{\"@type\":\"ReadAction\",\"target\":[\"https:\\\/\\\/lasentinelle.dz\\\/index.php\\\/2023\\\/02\\\/15\\\/le-capitaine-deramchia-farid-specialiste-de-la-cybercriminalite-a-la-gendarmerie-nationale-la-cybercriminalite-est-en-continuelle-progression\\\/\"]}]},{\"@type\":\"ImageObject\",\"inLanguage\":\"fr-FR\",\"@id\":\"https:\\\/\\\/lasentinelle.dz\\\/index.php\\\/2023\\\/02\\\/15\\\/le-capitaine-deramchia-farid-specialiste-de-la-cybercriminalite-a-la-gendarmerie-nationale-la-cybercriminalite-est-en-continuelle-progression\\\/#primaryimage\",\"url\":\"https:\\\/\\\/lasentinelle.dz\\\/wp-content\\\/uploads\\\/2023\\\/02\\\/cybercriminalite.png\",\"contentUrl\":\"https:\\\/\\\/lasentinelle.dz\\\/wp-content\\\/uploads\\\/2023\\\/02\\\/cybercriminalite.png\",\"width\":1348,\"height\":900},{\"@type\":\"BreadcrumbList\",\"@id\":\"https:\\\/\\\/lasentinelle.dz\\\/index.php\\\/2023\\\/02\\\/15\\\/le-capitaine-deramchia-farid-specialiste-de-la-cybercriminalite-a-la-gendarmerie-nationale-la-cybercriminalite-est-en-continuelle-progression\\\/#breadcrumb\",\"itemListElement\":[{\"@type\":\"ListItem\",\"position\":1,\"name\":\"Accueil\",\"item\":\"https:\\\/\\\/lasentinelle.dz\\\/\"},{\"@type\":\"ListItem\",\"position\":2,\"name\":\"Le capitaine Deramchia Farid, sp\u00e9cialiste de la cybercriminalit\u00e9 \u00e0 la Gendarmerie nationale\u00a0: \u00ab\u00a0La cybercriminalit\u00e9 est en continuelle progression\u00a0\u00bb\"}]},{\"@type\":\"WebSite\",\"@id\":\"https:\\\/\\\/lasentinelle.dz\\\/#website\",\"url\":\"https:\\\/\\\/lasentinelle.dz\\\/\",\"name\":\"La Sentinelle\",\"description\":\"Quotidien national d&#039;information\",\"publisher\":{\"@id\":\"https:\\\/\\\/lasentinelle.dz\\\/#organization\"},\"potentialAction\":[{\"@type\":\"SearchAction\",\"target\":{\"@type\":\"EntryPoint\",\"urlTemplate\":\"https:\\\/\\\/lasentinelle.dz\\\/?s={search_term_string}\"},\"query-input\":{\"@type\":\"PropertyValueSpecification\",\"valueRequired\":true,\"valueName\":\"search_term_string\"}}],\"inLanguage\":\"fr-FR\"},{\"@type\":\"Organization\",\"@id\":\"https:\\\/\\\/lasentinelle.dz\\\/#organization\",\"name\":\"Quotidien La Sentinelle\",\"url\":\"https:\\\/\\\/lasentinelle.dz\\\/\",\"logo\":{\"@type\":\"ImageObject\",\"inLanguage\":\"fr-FR\",\"@id\":\"https:\\\/\\\/lasentinelle.dz\\\/#\\\/schema\\\/logo\\\/image\\\/\",\"url\":\"https:\\\/\\\/lasentinelle.dz\\\/wp-content\\\/uploads\\\/2021\\\/09\\\/logo-sentinelleSLOGAN-1.png\",\"contentUrl\":\"https:\\\/\\\/lasentinelle.dz\\\/wp-content\\\/uploads\\\/2021\\\/09\\\/logo-sentinelleSLOGAN-1.png\",\"width\":615,\"height\":142,\"caption\":\"Quotidien La Sentinelle\"},\"image\":{\"@id\":\"https:\\\/\\\/lasentinelle.dz\\\/#\\\/schema\\\/logo\\\/image\\\/\"},\"sameAs\":[\"https:\\\/\\\/www.facebook.com\\\/La-Sentinelle-104059864394773\"]},{\"@type\":\"Person\",\"@id\":\"https:\\\/\\\/lasentinelle.dz\\\/#\\\/schema\\\/person\\\/d865044e22e70a75174ce8bcad3acfb3\",\"name\":\"La Sentinelle\",\"image\":{\"@type\":\"ImageObject\",\"inLanguage\":\"fr-FR\",\"@id\":\"https:\\\/\\\/secure.gravatar.com\\\/avatar\\\/57de8e5d4b15d43fb361a71fbb36338450fe67865b528a43dd10ef7c51a20392?s=96&d=mm&r=g\",\"url\":\"https:\\\/\\\/secure.gravatar.com\\\/avatar\\\/57de8e5d4b15d43fb361a71fbb36338450fe67865b528a43dd10ef7c51a20392?s=96&d=mm&r=g\",\"contentUrl\":\"https:\\\/\\\/secure.gravatar.com\\\/avatar\\\/57de8e5d4b15d43fb361a71fbb36338450fe67865b528a43dd10ef7c51a20392?s=96&d=mm&r=g\",\"caption\":\"La Sentinelle\"},\"sameAs\":[\"http:\\\/\\\/www.lasentinelle.dz\"],\"url\":\"https:\\\/\\\/lasentinelle.dz\\\/author\\\/redaction\\\/\"}]}<\/script>\n<!-- \/ Yoast SEO plugin. -->","yoast_head_json":{"title":"Le capitaine Deramchia Farid, sp\u00e9cialiste de la cybercriminalit\u00e9 \u00e0 la Gendarmerie nationale\u00a0: \u00ab\u00a0La cybercriminalit\u00e9 est en continuelle progression\u00a0\u00bb - La Sentinelle","robots":{"index":"index","follow":"follow","max-snippet":"max-snippet:-1","max-image-preview":"max-image-preview:large","max-video-preview":"max-video-preview:-1"},"canonical":"https:\/\/lasentinelle.dz\/index.php\/2023\/02\/15\/le-capitaine-deramchia-farid-specialiste-de-la-cybercriminalite-a-la-gendarmerie-nationale-la-cybercriminalite-est-en-continuelle-progression\/","og_locale":"fr_FR","og_type":"article","og_title":"Le capitaine Deramchia Farid, sp\u00e9cialiste de la cybercriminalit\u00e9 \u00e0 la Gendarmerie nationale\u00a0: \u00ab\u00a0La cybercriminalit\u00e9 est en continuelle progression\u00a0\u00bb - La Sentinelle","og_description":"La cybercriminalit\u00e9 a connu une nette progression ces derni\u00e8res ann\u00e9es. Depuis le d\u00e9but de l&rsquo;ann\u00e9e, 500 affaires ont d\u00e9j\u00e0 \u00e9t\u00e9","og_url":"https:\/\/lasentinelle.dz\/index.php\/2023\/02\/15\/le-capitaine-deramchia-farid-specialiste-de-la-cybercriminalite-a-la-gendarmerie-nationale-la-cybercriminalite-est-en-continuelle-progression\/","og_site_name":"La Sentinelle","article_publisher":"https:\/\/www.facebook.com\/La-Sentinelle-104059864394773","article_published_time":"2023-02-15T21:15:00+00:00","og_image":[{"width":1348,"height":900,"url":"https:\/\/lasentinelle.dz\/wp-content\/uploads\/2023\/02\/cybercriminalite.png","type":"image\/png"}],"author":"La Sentinelle","twitter_card":"summary_large_image","twitter_misc":{"\u00c9crit par":"La Sentinelle","Dur\u00e9e de lecture estim\u00e9e":"4 minutes"},"schema":{"@context":"https:\/\/schema.org","@graph":[{"@type":"Article","@id":"https:\/\/lasentinelle.dz\/index.php\/2023\/02\/15\/le-capitaine-deramchia-farid-specialiste-de-la-cybercriminalite-a-la-gendarmerie-nationale-la-cybercriminalite-est-en-continuelle-progression\/#article","isPartOf":{"@id":"https:\/\/lasentinelle.dz\/index.php\/2023\/02\/15\/le-capitaine-deramchia-farid-specialiste-de-la-cybercriminalite-a-la-gendarmerie-nationale-la-cybercriminalite-est-en-continuelle-progression\/"},"author":{"name":"La Sentinelle","@id":"https:\/\/lasentinelle.dz\/#\/schema\/person\/d865044e22e70a75174ce8bcad3acfb3"},"headline":"Le capitaine Deramchia Farid, sp\u00e9cialiste de la cybercriminalit\u00e9 \u00e0 la Gendarmerie nationale\u00a0: \u00ab\u00a0La cybercriminalit\u00e9 est en continuelle progression\u00a0\u00bb","datePublished":"2023-02-15T21:15:00+00:00","mainEntityOfPage":{"@id":"https:\/\/lasentinelle.dz\/index.php\/2023\/02\/15\/le-capitaine-deramchia-farid-specialiste-de-la-cybercriminalite-a-la-gendarmerie-nationale-la-cybercriminalite-est-en-continuelle-progression\/"},"wordCount":743,"commentCount":0,"publisher":{"@id":"https:\/\/lasentinelle.dz\/#organization"},"image":{"@id":"https:\/\/lasentinelle.dz\/index.php\/2023\/02\/15\/le-capitaine-deramchia-farid-specialiste-de-la-cybercriminalite-a-la-gendarmerie-nationale-la-cybercriminalite-est-en-continuelle-progression\/#primaryimage"},"thumbnailUrl":"https:\/\/lasentinelle.dz\/wp-content\/uploads\/2023\/02\/cybercriminalite.png","articleSection":["\u00c0 la Une","Actualit\u00e9"],"inLanguage":"fr-FR","potentialAction":[{"@type":"CommentAction","name":"Comment","target":["https:\/\/lasentinelle.dz\/index.php\/2023\/02\/15\/le-capitaine-deramchia-farid-specialiste-de-la-cybercriminalite-a-la-gendarmerie-nationale-la-cybercriminalite-est-en-continuelle-progression\/#respond"]}]},{"@type":"WebPage","@id":"https:\/\/lasentinelle.dz\/index.php\/2023\/02\/15\/le-capitaine-deramchia-farid-specialiste-de-la-cybercriminalite-a-la-gendarmerie-nationale-la-cybercriminalite-est-en-continuelle-progression\/","url":"https:\/\/lasentinelle.dz\/index.php\/2023\/02\/15\/le-capitaine-deramchia-farid-specialiste-de-la-cybercriminalite-a-la-gendarmerie-nationale-la-cybercriminalite-est-en-continuelle-progression\/","name":"Le capitaine Deramchia Farid, sp\u00e9cialiste de la cybercriminalit\u00e9 \u00e0 la Gendarmerie nationale\u00a0: \u00ab\u00a0La cybercriminalit\u00e9 est en continuelle progression\u00a0\u00bb - La Sentinelle","isPartOf":{"@id":"https:\/\/lasentinelle.dz\/#website"},"primaryImageOfPage":{"@id":"https:\/\/lasentinelle.dz\/index.php\/2023\/02\/15\/le-capitaine-deramchia-farid-specialiste-de-la-cybercriminalite-a-la-gendarmerie-nationale-la-cybercriminalite-est-en-continuelle-progression\/#primaryimage"},"image":{"@id":"https:\/\/lasentinelle.dz\/index.php\/2023\/02\/15\/le-capitaine-deramchia-farid-specialiste-de-la-cybercriminalite-a-la-gendarmerie-nationale-la-cybercriminalite-est-en-continuelle-progression\/#primaryimage"},"thumbnailUrl":"https:\/\/lasentinelle.dz\/wp-content\/uploads\/2023\/02\/cybercriminalite.png","datePublished":"2023-02-15T21:15:00+00:00","breadcrumb":{"@id":"https:\/\/lasentinelle.dz\/index.php\/2023\/02\/15\/le-capitaine-deramchia-farid-specialiste-de-la-cybercriminalite-a-la-gendarmerie-nationale-la-cybercriminalite-est-en-continuelle-progression\/#breadcrumb"},"inLanguage":"fr-FR","potentialAction":[{"@type":"ReadAction","target":["https:\/\/lasentinelle.dz\/index.php\/2023\/02\/15\/le-capitaine-deramchia-farid-specialiste-de-la-cybercriminalite-a-la-gendarmerie-nationale-la-cybercriminalite-est-en-continuelle-progression\/"]}]},{"@type":"ImageObject","inLanguage":"fr-FR","@id":"https:\/\/lasentinelle.dz\/index.php\/2023\/02\/15\/le-capitaine-deramchia-farid-specialiste-de-la-cybercriminalite-a-la-gendarmerie-nationale-la-cybercriminalite-est-en-continuelle-progression\/#primaryimage","url":"https:\/\/lasentinelle.dz\/wp-content\/uploads\/2023\/02\/cybercriminalite.png","contentUrl":"https:\/\/lasentinelle.dz\/wp-content\/uploads\/2023\/02\/cybercriminalite.png","width":1348,"height":900},{"@type":"BreadcrumbList","@id":"https:\/\/lasentinelle.dz\/index.php\/2023\/02\/15\/le-capitaine-deramchia-farid-specialiste-de-la-cybercriminalite-a-la-gendarmerie-nationale-la-cybercriminalite-est-en-continuelle-progression\/#breadcrumb","itemListElement":[{"@type":"ListItem","position":1,"name":"Accueil","item":"https:\/\/lasentinelle.dz\/"},{"@type":"ListItem","position":2,"name":"Le capitaine Deramchia Farid, sp\u00e9cialiste de la cybercriminalit\u00e9 \u00e0 la Gendarmerie nationale\u00a0: \u00ab\u00a0La cybercriminalit\u00e9 est en continuelle progression\u00a0\u00bb"}]},{"@type":"WebSite","@id":"https:\/\/lasentinelle.dz\/#website","url":"https:\/\/lasentinelle.dz\/","name":"La Sentinelle","description":"Quotidien national d&#039;information","publisher":{"@id":"https:\/\/lasentinelle.dz\/#organization"},"potentialAction":[{"@type":"SearchAction","target":{"@type":"EntryPoint","urlTemplate":"https:\/\/lasentinelle.dz\/?s={search_term_string}"},"query-input":{"@type":"PropertyValueSpecification","valueRequired":true,"valueName":"search_term_string"}}],"inLanguage":"fr-FR"},{"@type":"Organization","@id":"https:\/\/lasentinelle.dz\/#organization","name":"Quotidien La Sentinelle","url":"https:\/\/lasentinelle.dz\/","logo":{"@type":"ImageObject","inLanguage":"fr-FR","@id":"https:\/\/lasentinelle.dz\/#\/schema\/logo\/image\/","url":"https:\/\/lasentinelle.dz\/wp-content\/uploads\/2021\/09\/logo-sentinelleSLOGAN-1.png","contentUrl":"https:\/\/lasentinelle.dz\/wp-content\/uploads\/2021\/09\/logo-sentinelleSLOGAN-1.png","width":615,"height":142,"caption":"Quotidien La Sentinelle"},"image":{"@id":"https:\/\/lasentinelle.dz\/#\/schema\/logo\/image\/"},"sameAs":["https:\/\/www.facebook.com\/La-Sentinelle-104059864394773"]},{"@type":"Person","@id":"https:\/\/lasentinelle.dz\/#\/schema\/person\/d865044e22e70a75174ce8bcad3acfb3","name":"La Sentinelle","image":{"@type":"ImageObject","inLanguage":"fr-FR","@id":"https:\/\/secure.gravatar.com\/avatar\/57de8e5d4b15d43fb361a71fbb36338450fe67865b528a43dd10ef7c51a20392?s=96&d=mm&r=g","url":"https:\/\/secure.gravatar.com\/avatar\/57de8e5d4b15d43fb361a71fbb36338450fe67865b528a43dd10ef7c51a20392?s=96&d=mm&r=g","contentUrl":"https:\/\/secure.gravatar.com\/avatar\/57de8e5d4b15d43fb361a71fbb36338450fe67865b528a43dd10ef7c51a20392?s=96&d=mm&r=g","caption":"La Sentinelle"},"sameAs":["http:\/\/www.lasentinelle.dz"],"url":"https:\/\/lasentinelle.dz\/author\/redaction\/"}]}},"_links":{"self":[{"href":"https:\/\/lasentinelle.dz\/index.php\/wp-json\/wp\/v2\/posts\/36302","targetHints":{"allow":["GET"]}}],"collection":[{"href":"https:\/\/lasentinelle.dz\/index.php\/wp-json\/wp\/v2\/posts"}],"about":[{"href":"https:\/\/lasentinelle.dz\/index.php\/wp-json\/wp\/v2\/types\/post"}],"author":[{"embeddable":true,"href":"https:\/\/lasentinelle.dz\/index.php\/wp-json\/wp\/v2\/users\/3"}],"replies":[{"embeddable":true,"href":"https:\/\/lasentinelle.dz\/index.php\/wp-json\/wp\/v2\/comments?post=36302"}],"version-history":[{"count":1,"href":"https:\/\/lasentinelle.dz\/index.php\/wp-json\/wp\/v2\/posts\/36302\/revisions"}],"predecessor-version":[{"id":36305,"href":"https:\/\/lasentinelle.dz\/index.php\/wp-json\/wp\/v2\/posts\/36302\/revisions\/36305"}],"wp:featuredmedia":[{"embeddable":true,"href":"https:\/\/lasentinelle.dz\/index.php\/wp-json\/wp\/v2\/media\/36304"}],"wp:attachment":[{"href":"https:\/\/lasentinelle.dz\/index.php\/wp-json\/wp\/v2\/media?parent=36302"}],"wp:term":[{"taxonomy":"category","embeddable":true,"href":"https:\/\/lasentinelle.dz\/index.php\/wp-json\/wp\/v2\/categories?post=36302"},{"taxonomy":"post_tag","embeddable":true,"href":"https:\/\/lasentinelle.dz\/index.php\/wp-json\/wp\/v2\/tags?post=36302"}],"curies":[{"name":"wp","href":"https:\/\/api.w.org\/{rel}","templated":true}]}}