{"id":36356,"date":"2023-02-18T22:05:00","date_gmt":"2023-02-18T21:05:00","guid":{"rendered":"https:\/\/lasentinelle.dz\/?p=36356"},"modified":"2023-02-18T18:49:48","modified_gmt":"2023-02-18T17:49:48","slug":"reunion-de-haut-niveau-de-lunion-africaine-sur-la-libye-loptimisme-est-de-mise-en-libye-en-depit-de-la-crise","status":"publish","type":"post","link":"https:\/\/lasentinelle.dz\/index.php\/2023\/02\/18\/reunion-de-haut-niveau-de-lunion-africaine-sur-la-libye-loptimisme-est-de-mise-en-libye-en-depit-de-la-crise\/","title":{"rendered":"R\u00e9union de haut niveau de l&rsquo;Union africaine sur la Libye\u00a0: L&rsquo;optimisme est de mise en Libye en d\u00e9pit de la crise"},"content":{"rendered":"\n<p>&nbsp;Le Pr\u00e9sident de la R\u00e9publique, M. Abdelmadjid Tebboune a affirm\u00e9, vendredi, qu&rsquo;en d\u00e9pit de la situation de crise qui pr\u00e9vaut en Libye, l&rsquo;optimisme demeure de mise concernant le r\u00e8glement de la situation, au regard de \u00ab\u00a0la volont\u00e9 sinc\u00e8re\u00a0\u00bb, affich\u00e9e par les parties libyennes qui \u0153uvrent \u00e0 faire pr\u00e9valoir l&rsquo;int\u00e9r\u00eat supr\u00eame de ce pays.Dans son allocution lors de la r\u00e9union de haut niveau de l&rsquo;Union africaine (UA) sur la Libye, \u00e0 la veille de la tenue du 36e Sommet des Chefs d&rsquo;Etat et de Gouvernement de l&rsquo;UA, lue en son nom par le Premier ministre, A\u00efmene Benabderrahmane, le pr\u00e9sident de la R\u00e9publique a indiqu\u00e9 que \u00ab\u00a0l&rsquo;\u00e9tape dangereuse d&rsquo;instabilit\u00e9 politique et s\u00e9curitaire, le blocage des processus de n\u00e9gociations et la scission institutionnelle, ont mis \u00e0 l&rsquo;\u00e9preuve tous les acquis remport\u00e9s dans le processus de r\u00e8glement de la crise dans ce pays voisin, au vu des r\u00e9percussions graves sur la s\u00e9curit\u00e9 et la stabilit\u00e9 des pays voisins et de la r\u00e9gion du Sahel\u00a0\u00bb.\u00a0\u00bbEn d\u00e9pit des inqui\u00e9tudes concernant la situation de crise, l&rsquo;optimisme demeure de mise au regard de la bonne volont\u00e9 affich\u00e9e par les parties libyennes pour surmonter les \u00e9preuves et faire pr\u00e9valoir l&rsquo;int\u00e9r\u00eat supr\u00eame de la patrie\u00a0\u00bb, a soutenu le Pr\u00e9sident Tebboune, formant le v\u0153u de voir \u00ab\u00a0la conjugaison des efforts africains et internationaux laisser un impact sur le terrain, \u00e0 travers la relance du processus de r\u00e8glement pacifique entre les bellig\u00e9rants libyens\u00a0\u00bb.Le Pr\u00e9sident de la R\u00e9publique a salu\u00e9, dans ce sens, les efforts \u00ab\u00a0intensifs et inlassables\u00a0\u00bb consentis en faveur de la r\u00e9conciliation en Libye, saluant&nbsp; \u00ab\u00a0la nouvelle dynamique lanc\u00e9e r\u00e9cemment pour activer le processus de dialogue inter-libyen et lancer les initiatives de dialogue entre les fr\u00e8res libyens visant \u00e0 rapprocher les vues, \u00e9tablir la confiance mutuelle et \u00e9largir les consensus\u00a0\u00bb.Parmi ces pas positifs, il a cit\u00e9 \u00ab\u00a0le retour du Comit\u00e9 militaire mixte 5+5 aux r\u00e9unions apr\u00e8s une longue interruption, pour le suivi de l&rsquo;application des d\u00e9cisions convenues concernant le retrait des mercenaires et des combattants \u00e9trangers, le cessez-le-feu et l&rsquo;\u00e9change de prisonniers\u00a0\u00bb, a-t-il poursuivi.Il a soulign\u00e9, \u00e0 ce propos, que \u00ab\u00a0l&rsquo;Alg\u00e9rie a, de tout temps, exprim\u00e9 son rejet de la logique de force\u00a0\u00bb, rappelant son appel incessant \u00ab\u00a0\u00e0 faire pr\u00e9valoir le dialogue et la r\u00e9conciliation entre toutes les composantes du peuple libyen\u00a0\u00bb, outre \u00ab\u00a0la condamnation des ing\u00e9rences \u00e9trang\u00e8res dans les affaires internes de ce pays fr\u00e8re et l&rsquo;implication de plusieurs parties \u00e9trang\u00e8res dans la violation de l&rsquo;interdiction d&rsquo;importation d&rsquo;armes\u00a0\u00bb.L&rsquo;Alg\u00e9rie r\u00e9it\u00e8re son appel aux parties \u00e9trang\u00e8res pour le respect de la souverainet\u00e9 de la Libye, de son int\u00e9grit\u00e9 territoriale et de la souverainet\u00e9 de ses d\u00e9cisions, mue en cela par sa conviction que \u00ab\u00a0la solution durable, globale et d\u00e9finitive de la crise libyenne passe uniquement par un processus consacrant le principe d&rsquo;appropriation nationale, pr\u00e9servant l&rsquo;unit\u00e9 de la Libye et sa souverainet\u00e9 sur l&rsquo;ensemble de ses territoires\u00a0\u00bb, ajoute le pr\u00e9sident de la R\u00e9publique.\u00a0\u00bbL&rsquo;Alg\u00e9rie ne m\u00e9nagera aucun effort, dans le cadre du Groupe des pays voisins de la Libye, en collaboration avec les organisations r\u00e9gionales et internationales concern\u00e9es, pour permettre aux Libyens de concr\u00e9tiser les priorit\u00e9s de cette \u00e9tape importante afin de pr\u00e9server la s\u00e9curit\u00e9 et la stabilit\u00e9 des pays du voisinage, directement impact\u00e9s par la situation dans ce pays\u00a0\u00bb, a-t-il affirm\u00e9.Face \u00e0 la \u00ab\u00a0concordance et la compl\u00e9mentarit\u00e9\u00a0\u00bb des priorit\u00e9s de la conjoncture actuelle, l&rsquo;Alg\u00e9rie insiste sur \u00ab\u00a0l&rsquo;imp\u00e9ratif traitement des d\u00e9fis en suspens \u00e0 travers l&rsquo;unification des institutions militaires et financi\u00e8res en Libye\u00a0\u00bb, tout en affichant \u00ab\u00a0sa disponibilit\u00e9 \u00e0 contribuer \u00e0 l&rsquo;aboutissement du processus de r\u00e9conciliation nationale libyenne, en collaboration avec l&rsquo;UA pour parvenir \u00e0 un terrain d&rsquo;entente renfor\u00e7ant l&rsquo;unit\u00e9 national interne, \u00e0 m\u00eame de permettre \u00e0 la Libye de recouvrer la place qui lui sied sur la sc\u00e8ne internationale\u00a0\u00bb.\u00a0\u00bbL&rsquo;Alg\u00e9rie est pleinement convaincue que les Libyens sauront surmonter ces conditions difficiles et concr\u00e9tiser la volont\u00e9 et la souverainet\u00e9 du peuple libyen, toutes ob\u00e9diences confondues, \u00e0 savoir l&rsquo;\u00e9lection de ses dirigeants et repr\u00e9sentants et la planification de l&rsquo;avenir de son pays sans pression ni diktats aucuns\u00a0\u00bb, conclut le Pr\u00e9sident Tebboune.Le Premier ministre est, rappelle-t-on, arriv\u00e9 vendredi \u00e0 Addis Abeba en Ethiopie pour prendre part, en sa qualit\u00e9 de repr\u00e9sentant du Pr\u00e9sident de la R\u00e9publique, aux travaux du 36e Sommet des Chefs d&rsquo;Etat et de Gouvernement de l&rsquo;UA, organis\u00e9 sous le slogan \u00ab\u00a0Acc\u00e9l\u00e9ration de la mise en \u0153uvre de la Zone de libre-\u00e9change continentale africaine (ZLECAf)\u00a0\u00bb, auquel participent 34 pays et 51 d\u00e9l\u00e9gations.<\/p>\n\n\n\n<p>APS<\/p>\n","protected":false},"excerpt":{"rendered":"<p>&nbsp;Le Pr\u00e9sident de la R\u00e9publique, M. Abdelmadjid Tebboune a affirm\u00e9, vendredi, qu&rsquo;en d\u00e9pit de la situation de crise qui pr\u00e9vaut<\/p>\n","protected":false},"author":3,"featured_media":36364,"comment_status":"open","ping_status":"closed","sticky":false,"template":"","format":"standard","meta":{"colormag_page_container_layout":"default_layout","colormag_page_sidebar_layout":"default_layout","om_disable_all_campaigns":false,"_monsterinsights_skip_tracking":false,"_monsterinsights_sitenote_active":false,"_monsterinsights_sitenote_note":"","_monsterinsights_sitenote_category":0,"footnotes":"","_wpscppro_dont_share_socialmedia":false,"_wpscppro_custom_social_share_image":0,"_facebook_share_type":"","_twitter_share_type":"","_linkedin_share_type":"","_pinterest_share_type":"","_linkedin_share_type_page":"","_instagram_share_type":"","_medium_share_type":"","_threads_share_type":"","_google_business_share_type":"","_selected_social_profile":[],"_wpsp_enable_custom_social_template":false,"_wpsp_social_scheduling":{"enabled":false,"datetime":null,"platforms":[],"status":"template_only","dateOption":"today","timeOption":"now","customDays":"","customHours":"","customDate":"","customTime":"","schedulingType":"absolute"},"_wpsp_active_default_template":true},"categories":[27],"tags":[],"class_list":["post-36356","post","type-post","status-publish","format-standard","has-post-thumbnail","hentry","category-actualite"],"aioseo_notices":[],"yoast_head":"<!-- This site is optimized with the Yoast SEO plugin v27.5 - https:\/\/yoast.com\/product\/yoast-seo-wordpress\/ -->\n<title>R\u00e9union de haut niveau de l&rsquo;Union africaine sur la Libye\u00a0: L&rsquo;optimisme est de mise en Libye en d\u00e9pit de la crise - La Sentinelle<\/title>\n<meta name=\"robots\" content=\"index, follow, max-snippet:-1, max-image-preview:large, max-video-preview:-1\" \/>\n<link rel=\"canonical\" href=\"https:\/\/lasentinelle.dz\/index.php\/2023\/02\/18\/reunion-de-haut-niveau-de-lunion-africaine-sur-la-libye-loptimisme-est-de-mise-en-libye-en-depit-de-la-crise\/\" \/>\n<meta property=\"og:locale\" content=\"fr_FR\" \/>\n<meta property=\"og:type\" content=\"article\" \/>\n<meta property=\"og:title\" content=\"R\u00e9union de haut niveau de l&rsquo;Union africaine sur la Libye\u00a0: L&rsquo;optimisme est de mise en Libye en d\u00e9pit de la crise - La Sentinelle\" \/>\n<meta property=\"og:description\" content=\"&nbsp;Le Pr\u00e9sident de la R\u00e9publique, M. Abdelmadjid Tebboune a affirm\u00e9, vendredi, qu&rsquo;en d\u00e9pit de la situation de crise qui pr\u00e9vaut\" \/>\n<meta property=\"og:url\" content=\"https:\/\/lasentinelle.dz\/index.php\/2023\/02\/18\/reunion-de-haut-niveau-de-lunion-africaine-sur-la-libye-loptimisme-est-de-mise-en-libye-en-depit-de-la-crise\/\" \/>\n<meta property=\"og:site_name\" content=\"La Sentinelle\" \/>\n<meta property=\"article:publisher\" content=\"https:\/\/www.facebook.com\/La-Sentinelle-104059864394773\" \/>\n<meta property=\"article:published_time\" content=\"2023-02-18T21:05:00+00:00\" \/>\n<meta property=\"og:image\" content=\"https:\/\/lasentinelle.dz\/wp-content\/uploads\/2023\/02\/Sans-titre-1-10.png\" \/>\n\t<meta property=\"og:image:width\" content=\"1427\" \/>\n\t<meta property=\"og:image:height\" content=\"900\" \/>\n\t<meta property=\"og:image:type\" content=\"image\/png\" \/>\n<meta name=\"author\" content=\"La Sentinelle\" \/>\n<meta name=\"twitter:card\" content=\"summary_large_image\" \/>\n<meta name=\"twitter:label1\" content=\"\u00c9crit par\" \/>\n\t<meta name=\"twitter:data1\" content=\"La Sentinelle\" \/>\n\t<meta name=\"twitter:label2\" content=\"Dur\u00e9e de lecture estim\u00e9e\" \/>\n\t<meta name=\"twitter:data2\" content=\"4 minutes\" \/>\n<script type=\"application\/ld+json\" class=\"yoast-schema-graph\">{\"@context\":\"https:\\\/\\\/schema.org\",\"@graph\":[{\"@type\":\"Article\",\"@id\":\"https:\\\/\\\/lasentinelle.dz\\\/index.php\\\/2023\\\/02\\\/18\\\/reunion-de-haut-niveau-de-lunion-africaine-sur-la-libye-loptimisme-est-de-mise-en-libye-en-depit-de-la-crise\\\/#article\",\"isPartOf\":{\"@id\":\"https:\\\/\\\/lasentinelle.dz\\\/index.php\\\/2023\\\/02\\\/18\\\/reunion-de-haut-niveau-de-lunion-africaine-sur-la-libye-loptimisme-est-de-mise-en-libye-en-depit-de-la-crise\\\/\"},\"author\":{\"name\":\"La Sentinelle\",\"@id\":\"https:\\\/\\\/lasentinelle.dz\\\/#\\\/schema\\\/person\\\/d865044e22e70a75174ce8bcad3acfb3\"},\"headline\":\"R\u00e9union de haut niveau de l&rsquo;Union africaine sur la Libye\u00a0: L&rsquo;optimisme est de mise en Libye en d\u00e9pit de la crise\",\"datePublished\":\"2023-02-18T21:05:00+00:00\",\"mainEntityOfPage\":{\"@id\":\"https:\\\/\\\/lasentinelle.dz\\\/index.php\\\/2023\\\/02\\\/18\\\/reunion-de-haut-niveau-de-lunion-africaine-sur-la-libye-loptimisme-est-de-mise-en-libye-en-depit-de-la-crise\\\/\"},\"wordCount\":864,\"commentCount\":0,\"publisher\":{\"@id\":\"https:\\\/\\\/lasentinelle.dz\\\/#organization\"},\"image\":{\"@id\":\"https:\\\/\\\/lasentinelle.dz\\\/index.php\\\/2023\\\/02\\\/18\\\/reunion-de-haut-niveau-de-lunion-africaine-sur-la-libye-loptimisme-est-de-mise-en-libye-en-depit-de-la-crise\\\/#primaryimage\"},\"thumbnailUrl\":\"https:\\\/\\\/lasentinelle.dz\\\/wp-content\\\/uploads\\\/2023\\\/02\\\/Sans-titre-1-10.png\",\"articleSection\":[\"Actualit\u00e9\"],\"inLanguage\":\"fr-FR\",\"potentialAction\":[{\"@type\":\"CommentAction\",\"name\":\"Comment\",\"target\":[\"https:\\\/\\\/lasentinelle.dz\\\/index.php\\\/2023\\\/02\\\/18\\\/reunion-de-haut-niveau-de-lunion-africaine-sur-la-libye-loptimisme-est-de-mise-en-libye-en-depit-de-la-crise\\\/#respond\"]}]},{\"@type\":\"WebPage\",\"@id\":\"https:\\\/\\\/lasentinelle.dz\\\/index.php\\\/2023\\\/02\\\/18\\\/reunion-de-haut-niveau-de-lunion-africaine-sur-la-libye-loptimisme-est-de-mise-en-libye-en-depit-de-la-crise\\\/\",\"url\":\"https:\\\/\\\/lasentinelle.dz\\\/index.php\\\/2023\\\/02\\\/18\\\/reunion-de-haut-niveau-de-lunion-africaine-sur-la-libye-loptimisme-est-de-mise-en-libye-en-depit-de-la-crise\\\/\",\"name\":\"R\u00e9union de haut niveau de l&rsquo;Union africaine sur la Libye\u00a0: L&rsquo;optimisme est de mise en Libye en d\u00e9pit de la crise - La Sentinelle\",\"isPartOf\":{\"@id\":\"https:\\\/\\\/lasentinelle.dz\\\/#website\"},\"primaryImageOfPage\":{\"@id\":\"https:\\\/\\\/lasentinelle.dz\\\/index.php\\\/2023\\\/02\\\/18\\\/reunion-de-haut-niveau-de-lunion-africaine-sur-la-libye-loptimisme-est-de-mise-en-libye-en-depit-de-la-crise\\\/#primaryimage\"},\"image\":{\"@id\":\"https:\\\/\\\/lasentinelle.dz\\\/index.php\\\/2023\\\/02\\\/18\\\/reunion-de-haut-niveau-de-lunion-africaine-sur-la-libye-loptimisme-est-de-mise-en-libye-en-depit-de-la-crise\\\/#primaryimage\"},\"thumbnailUrl\":\"https:\\\/\\\/lasentinelle.dz\\\/wp-content\\\/uploads\\\/2023\\\/02\\\/Sans-titre-1-10.png\",\"datePublished\":\"2023-02-18T21:05:00+00:00\",\"breadcrumb\":{\"@id\":\"https:\\\/\\\/lasentinelle.dz\\\/index.php\\\/2023\\\/02\\\/18\\\/reunion-de-haut-niveau-de-lunion-africaine-sur-la-libye-loptimisme-est-de-mise-en-libye-en-depit-de-la-crise\\\/#breadcrumb\"},\"inLanguage\":\"fr-FR\",\"potentialAction\":[{\"@type\":\"ReadAction\",\"target\":[\"https:\\\/\\\/lasentinelle.dz\\\/index.php\\\/2023\\\/02\\\/18\\\/reunion-de-haut-niveau-de-lunion-africaine-sur-la-libye-loptimisme-est-de-mise-en-libye-en-depit-de-la-crise\\\/\"]}]},{\"@type\":\"ImageObject\",\"inLanguage\":\"fr-FR\",\"@id\":\"https:\\\/\\\/lasentinelle.dz\\\/index.php\\\/2023\\\/02\\\/18\\\/reunion-de-haut-niveau-de-lunion-africaine-sur-la-libye-loptimisme-est-de-mise-en-libye-en-depit-de-la-crise\\\/#primaryimage\",\"url\":\"https:\\\/\\\/lasentinelle.dz\\\/wp-content\\\/uploads\\\/2023\\\/02\\\/Sans-titre-1-10.png\",\"contentUrl\":\"https:\\\/\\\/lasentinelle.dz\\\/wp-content\\\/uploads\\\/2023\\\/02\\\/Sans-titre-1-10.png\",\"width\":1427,\"height\":900},{\"@type\":\"BreadcrumbList\",\"@id\":\"https:\\\/\\\/lasentinelle.dz\\\/index.php\\\/2023\\\/02\\\/18\\\/reunion-de-haut-niveau-de-lunion-africaine-sur-la-libye-loptimisme-est-de-mise-en-libye-en-depit-de-la-crise\\\/#breadcrumb\",\"itemListElement\":[{\"@type\":\"ListItem\",\"position\":1,\"name\":\"Accueil\",\"item\":\"https:\\\/\\\/lasentinelle.dz\\\/\"},{\"@type\":\"ListItem\",\"position\":2,\"name\":\"R\u00e9union de haut niveau de l&rsquo;Union africaine sur la Libye\u00a0: L&rsquo;optimisme est de mise en Libye en d\u00e9pit de la crise\"}]},{\"@type\":\"WebSite\",\"@id\":\"https:\\\/\\\/lasentinelle.dz\\\/#website\",\"url\":\"https:\\\/\\\/lasentinelle.dz\\\/\",\"name\":\"La Sentinelle\",\"description\":\"Quotidien national d&#039;information\",\"publisher\":{\"@id\":\"https:\\\/\\\/lasentinelle.dz\\\/#organization\"},\"potentialAction\":[{\"@type\":\"SearchAction\",\"target\":{\"@type\":\"EntryPoint\",\"urlTemplate\":\"https:\\\/\\\/lasentinelle.dz\\\/?s={search_term_string}\"},\"query-input\":{\"@type\":\"PropertyValueSpecification\",\"valueRequired\":true,\"valueName\":\"search_term_string\"}}],\"inLanguage\":\"fr-FR\"},{\"@type\":\"Organization\",\"@id\":\"https:\\\/\\\/lasentinelle.dz\\\/#organization\",\"name\":\"Quotidien La Sentinelle\",\"url\":\"https:\\\/\\\/lasentinelle.dz\\\/\",\"logo\":{\"@type\":\"ImageObject\",\"inLanguage\":\"fr-FR\",\"@id\":\"https:\\\/\\\/lasentinelle.dz\\\/#\\\/schema\\\/logo\\\/image\\\/\",\"url\":\"https:\\\/\\\/lasentinelle.dz\\\/wp-content\\\/uploads\\\/2021\\\/09\\\/logo-sentinelleSLOGAN-1.png\",\"contentUrl\":\"https:\\\/\\\/lasentinelle.dz\\\/wp-content\\\/uploads\\\/2021\\\/09\\\/logo-sentinelleSLOGAN-1.png\",\"width\":615,\"height\":142,\"caption\":\"Quotidien La Sentinelle\"},\"image\":{\"@id\":\"https:\\\/\\\/lasentinelle.dz\\\/#\\\/schema\\\/logo\\\/image\\\/\"},\"sameAs\":[\"https:\\\/\\\/www.facebook.com\\\/La-Sentinelle-104059864394773\"]},{\"@type\":\"Person\",\"@id\":\"https:\\\/\\\/lasentinelle.dz\\\/#\\\/schema\\\/person\\\/d865044e22e70a75174ce8bcad3acfb3\",\"name\":\"La Sentinelle\",\"image\":{\"@type\":\"ImageObject\",\"inLanguage\":\"fr-FR\",\"@id\":\"https:\\\/\\\/secure.gravatar.com\\\/avatar\\\/57de8e5d4b15d43fb361a71fbb36338450fe67865b528a43dd10ef7c51a20392?s=96&d=mm&r=g\",\"url\":\"https:\\\/\\\/secure.gravatar.com\\\/avatar\\\/57de8e5d4b15d43fb361a71fbb36338450fe67865b528a43dd10ef7c51a20392?s=96&d=mm&r=g\",\"contentUrl\":\"https:\\\/\\\/secure.gravatar.com\\\/avatar\\\/57de8e5d4b15d43fb361a71fbb36338450fe67865b528a43dd10ef7c51a20392?s=96&d=mm&r=g\",\"caption\":\"La Sentinelle\"},\"sameAs\":[\"http:\\\/\\\/www.lasentinelle.dz\"],\"url\":\"https:\\\/\\\/lasentinelle.dz\\\/author\\\/redaction\\\/\"}]}<\/script>\n<!-- \/ Yoast SEO plugin. -->","yoast_head_json":{"title":"R\u00e9union de haut niveau de l&rsquo;Union africaine sur la Libye\u00a0: L&rsquo;optimisme est de mise en Libye en d\u00e9pit de la crise - La Sentinelle","robots":{"index":"index","follow":"follow","max-snippet":"max-snippet:-1","max-image-preview":"max-image-preview:large","max-video-preview":"max-video-preview:-1"},"canonical":"https:\/\/lasentinelle.dz\/index.php\/2023\/02\/18\/reunion-de-haut-niveau-de-lunion-africaine-sur-la-libye-loptimisme-est-de-mise-en-libye-en-depit-de-la-crise\/","og_locale":"fr_FR","og_type":"article","og_title":"R\u00e9union de haut niveau de l&rsquo;Union africaine sur la Libye\u00a0: L&rsquo;optimisme est de mise en Libye en d\u00e9pit de la crise - La Sentinelle","og_description":"&nbsp;Le Pr\u00e9sident de la R\u00e9publique, M. Abdelmadjid Tebboune a affirm\u00e9, vendredi, qu&rsquo;en d\u00e9pit de la situation de crise qui pr\u00e9vaut","og_url":"https:\/\/lasentinelle.dz\/index.php\/2023\/02\/18\/reunion-de-haut-niveau-de-lunion-africaine-sur-la-libye-loptimisme-est-de-mise-en-libye-en-depit-de-la-crise\/","og_site_name":"La Sentinelle","article_publisher":"https:\/\/www.facebook.com\/La-Sentinelle-104059864394773","article_published_time":"2023-02-18T21:05:00+00:00","og_image":[{"width":1427,"height":900,"url":"https:\/\/lasentinelle.dz\/wp-content\/uploads\/2023\/02\/Sans-titre-1-10.png","type":"image\/png"}],"author":"La Sentinelle","twitter_card":"summary_large_image","twitter_misc":{"\u00c9crit par":"La Sentinelle","Dur\u00e9e de lecture estim\u00e9e":"4 minutes"},"schema":{"@context":"https:\/\/schema.org","@graph":[{"@type":"Article","@id":"https:\/\/lasentinelle.dz\/index.php\/2023\/02\/18\/reunion-de-haut-niveau-de-lunion-africaine-sur-la-libye-loptimisme-est-de-mise-en-libye-en-depit-de-la-crise\/#article","isPartOf":{"@id":"https:\/\/lasentinelle.dz\/index.php\/2023\/02\/18\/reunion-de-haut-niveau-de-lunion-africaine-sur-la-libye-loptimisme-est-de-mise-en-libye-en-depit-de-la-crise\/"},"author":{"name":"La Sentinelle","@id":"https:\/\/lasentinelle.dz\/#\/schema\/person\/d865044e22e70a75174ce8bcad3acfb3"},"headline":"R\u00e9union de haut niveau de l&rsquo;Union africaine sur la Libye\u00a0: L&rsquo;optimisme est de mise en Libye en d\u00e9pit de la crise","datePublished":"2023-02-18T21:05:00+00:00","mainEntityOfPage":{"@id":"https:\/\/lasentinelle.dz\/index.php\/2023\/02\/18\/reunion-de-haut-niveau-de-lunion-africaine-sur-la-libye-loptimisme-est-de-mise-en-libye-en-depit-de-la-crise\/"},"wordCount":864,"commentCount":0,"publisher":{"@id":"https:\/\/lasentinelle.dz\/#organization"},"image":{"@id":"https:\/\/lasentinelle.dz\/index.php\/2023\/02\/18\/reunion-de-haut-niveau-de-lunion-africaine-sur-la-libye-loptimisme-est-de-mise-en-libye-en-depit-de-la-crise\/#primaryimage"},"thumbnailUrl":"https:\/\/lasentinelle.dz\/wp-content\/uploads\/2023\/02\/Sans-titre-1-10.png","articleSection":["Actualit\u00e9"],"inLanguage":"fr-FR","potentialAction":[{"@type":"CommentAction","name":"Comment","target":["https:\/\/lasentinelle.dz\/index.php\/2023\/02\/18\/reunion-de-haut-niveau-de-lunion-africaine-sur-la-libye-loptimisme-est-de-mise-en-libye-en-depit-de-la-crise\/#respond"]}]},{"@type":"WebPage","@id":"https:\/\/lasentinelle.dz\/index.php\/2023\/02\/18\/reunion-de-haut-niveau-de-lunion-africaine-sur-la-libye-loptimisme-est-de-mise-en-libye-en-depit-de-la-crise\/","url":"https:\/\/lasentinelle.dz\/index.php\/2023\/02\/18\/reunion-de-haut-niveau-de-lunion-africaine-sur-la-libye-loptimisme-est-de-mise-en-libye-en-depit-de-la-crise\/","name":"R\u00e9union de haut niveau de l&rsquo;Union africaine sur la Libye\u00a0: L&rsquo;optimisme est de mise en Libye en d\u00e9pit de la crise - La Sentinelle","isPartOf":{"@id":"https:\/\/lasentinelle.dz\/#website"},"primaryImageOfPage":{"@id":"https:\/\/lasentinelle.dz\/index.php\/2023\/02\/18\/reunion-de-haut-niveau-de-lunion-africaine-sur-la-libye-loptimisme-est-de-mise-en-libye-en-depit-de-la-crise\/#primaryimage"},"image":{"@id":"https:\/\/lasentinelle.dz\/index.php\/2023\/02\/18\/reunion-de-haut-niveau-de-lunion-africaine-sur-la-libye-loptimisme-est-de-mise-en-libye-en-depit-de-la-crise\/#primaryimage"},"thumbnailUrl":"https:\/\/lasentinelle.dz\/wp-content\/uploads\/2023\/02\/Sans-titre-1-10.png","datePublished":"2023-02-18T21:05:00+00:00","breadcrumb":{"@id":"https:\/\/lasentinelle.dz\/index.php\/2023\/02\/18\/reunion-de-haut-niveau-de-lunion-africaine-sur-la-libye-loptimisme-est-de-mise-en-libye-en-depit-de-la-crise\/#breadcrumb"},"inLanguage":"fr-FR","potentialAction":[{"@type":"ReadAction","target":["https:\/\/lasentinelle.dz\/index.php\/2023\/02\/18\/reunion-de-haut-niveau-de-lunion-africaine-sur-la-libye-loptimisme-est-de-mise-en-libye-en-depit-de-la-crise\/"]}]},{"@type":"ImageObject","inLanguage":"fr-FR","@id":"https:\/\/lasentinelle.dz\/index.php\/2023\/02\/18\/reunion-de-haut-niveau-de-lunion-africaine-sur-la-libye-loptimisme-est-de-mise-en-libye-en-depit-de-la-crise\/#primaryimage","url":"https:\/\/lasentinelle.dz\/wp-content\/uploads\/2023\/02\/Sans-titre-1-10.png","contentUrl":"https:\/\/lasentinelle.dz\/wp-content\/uploads\/2023\/02\/Sans-titre-1-10.png","width":1427,"height":900},{"@type":"BreadcrumbList","@id":"https:\/\/lasentinelle.dz\/index.php\/2023\/02\/18\/reunion-de-haut-niveau-de-lunion-africaine-sur-la-libye-loptimisme-est-de-mise-en-libye-en-depit-de-la-crise\/#breadcrumb","itemListElement":[{"@type":"ListItem","position":1,"name":"Accueil","item":"https:\/\/lasentinelle.dz\/"},{"@type":"ListItem","position":2,"name":"R\u00e9union de haut niveau de l&rsquo;Union africaine sur la Libye\u00a0: L&rsquo;optimisme est de mise en Libye en d\u00e9pit de la crise"}]},{"@type":"WebSite","@id":"https:\/\/lasentinelle.dz\/#website","url":"https:\/\/lasentinelle.dz\/","name":"La Sentinelle","description":"Quotidien national d&#039;information","publisher":{"@id":"https:\/\/lasentinelle.dz\/#organization"},"potentialAction":[{"@type":"SearchAction","target":{"@type":"EntryPoint","urlTemplate":"https:\/\/lasentinelle.dz\/?s={search_term_string}"},"query-input":{"@type":"PropertyValueSpecification","valueRequired":true,"valueName":"search_term_string"}}],"inLanguage":"fr-FR"},{"@type":"Organization","@id":"https:\/\/lasentinelle.dz\/#organization","name":"Quotidien La Sentinelle","url":"https:\/\/lasentinelle.dz\/","logo":{"@type":"ImageObject","inLanguage":"fr-FR","@id":"https:\/\/lasentinelle.dz\/#\/schema\/logo\/image\/","url":"https:\/\/lasentinelle.dz\/wp-content\/uploads\/2021\/09\/logo-sentinelleSLOGAN-1.png","contentUrl":"https:\/\/lasentinelle.dz\/wp-content\/uploads\/2021\/09\/logo-sentinelleSLOGAN-1.png","width":615,"height":142,"caption":"Quotidien La Sentinelle"},"image":{"@id":"https:\/\/lasentinelle.dz\/#\/schema\/logo\/image\/"},"sameAs":["https:\/\/www.facebook.com\/La-Sentinelle-104059864394773"]},{"@type":"Person","@id":"https:\/\/lasentinelle.dz\/#\/schema\/person\/d865044e22e70a75174ce8bcad3acfb3","name":"La Sentinelle","image":{"@type":"ImageObject","inLanguage":"fr-FR","@id":"https:\/\/secure.gravatar.com\/avatar\/57de8e5d4b15d43fb361a71fbb36338450fe67865b528a43dd10ef7c51a20392?s=96&d=mm&r=g","url":"https:\/\/secure.gravatar.com\/avatar\/57de8e5d4b15d43fb361a71fbb36338450fe67865b528a43dd10ef7c51a20392?s=96&d=mm&r=g","contentUrl":"https:\/\/secure.gravatar.com\/avatar\/57de8e5d4b15d43fb361a71fbb36338450fe67865b528a43dd10ef7c51a20392?s=96&d=mm&r=g","caption":"La Sentinelle"},"sameAs":["http:\/\/www.lasentinelle.dz"],"url":"https:\/\/lasentinelle.dz\/author\/redaction\/"}]}},"_links":{"self":[{"href":"https:\/\/lasentinelle.dz\/index.php\/wp-json\/wp\/v2\/posts\/36356","targetHints":{"allow":["GET"]}}],"collection":[{"href":"https:\/\/lasentinelle.dz\/index.php\/wp-json\/wp\/v2\/posts"}],"about":[{"href":"https:\/\/lasentinelle.dz\/index.php\/wp-json\/wp\/v2\/types\/post"}],"author":[{"embeddable":true,"href":"https:\/\/lasentinelle.dz\/index.php\/wp-json\/wp\/v2\/users\/3"}],"replies":[{"embeddable":true,"href":"https:\/\/lasentinelle.dz\/index.php\/wp-json\/wp\/v2\/comments?post=36356"}],"version-history":[{"count":1,"href":"https:\/\/lasentinelle.dz\/index.php\/wp-json\/wp\/v2\/posts\/36356\/revisions"}],"predecessor-version":[{"id":36365,"href":"https:\/\/lasentinelle.dz\/index.php\/wp-json\/wp\/v2\/posts\/36356\/revisions\/36365"}],"wp:featuredmedia":[{"embeddable":true,"href":"https:\/\/lasentinelle.dz\/index.php\/wp-json\/wp\/v2\/media\/36364"}],"wp:attachment":[{"href":"https:\/\/lasentinelle.dz\/index.php\/wp-json\/wp\/v2\/media?parent=36356"}],"wp:term":[{"taxonomy":"category","embeddable":true,"href":"https:\/\/lasentinelle.dz\/index.php\/wp-json\/wp\/v2\/categories?post=36356"},{"taxonomy":"post_tag","embeddable":true,"href":"https:\/\/lasentinelle.dz\/index.php\/wp-json\/wp\/v2\/tags?post=36356"}],"curies":[{"name":"wp","href":"https:\/\/api.w.org\/{rel}","templated":true}]}}