{"id":36362,"date":"2023-02-18T22:05:00","date_gmt":"2023-02-18T21:05:00","guid":{"rendered":"https:\/\/lasentinelle.dz\/?p=36362"},"modified":"2023-02-18T19:19:52","modified_gmt":"2023-02-18T18:19:52","slug":"une-delegation-de-lentite-sioniste-expulsee-du-sommet-de-lua","status":"publish","type":"post","link":"https:\/\/lasentinelle.dz\/index.php\/2023\/02\/18\/une-delegation-de-lentite-sioniste-expulsee-du-sommet-de-lua\/","title":{"rendered":"Une d\u00e9l\u00e9gation de l\u2019entit\u00e9 sioniste expuls\u00e9e du sommet de l\u2019UA"},"content":{"rendered":"\n<p>Une d\u00e9l\u00e9gation de l&rsquo;entit\u00e9 sioniste qui a avait tent\u00e9 de s\u2019infiltrerdans les travaux du 36e sommet de l&rsquo;Union africaine, qui a d\u00e9but\u00e9 hier dans la capitale \u00e9thiopienne, Addis-Abeba, a \u00e9t\u00e9 expuls\u00e9e.Une vid\u00e9o, publi\u00e9e par plusieurs sources, montre l&rsquo;expulsion par les agents de s\u00e9curit\u00e9 d&rsquo;une d\u00e9l\u00e9gation de l&rsquo;entit\u00e9 sioniste, apr\u00e8s son infiltration dans les travaux du sommet organis\u00e9 sous le slogan \u00ab Acc\u00e9l\u00e9rer la mise en \u0153uvre du Zone de libre-\u00e9change continentale africaine.\u00a0\u00bbPour rappel, le pr\u00e9sident de la Commission de l&rsquo;Union africaine, Mohamed Moussa Faki, avait pris une d\u00e9cision unilat\u00e9rale en juillet 2021 concernant l&rsquo;octroi \u00e0 l&rsquo;entit\u00e9 sioniste d&rsquo;un statut d&rsquo;observateur au sein de l&rsquo;Union africaine, d\u00e9cision qui s&rsquo;est heurt\u00e9e \u00e0 une forte opposition au sein de l&rsquo;organisation continentale, notamment par des pays qui soutiennent le droit du peuple palestinien constant \u00e0 la libert\u00e9 et \u00e0 l&rsquo;ind\u00e9pendance.<\/p>\n\n\n\n<p>De nombreux pays africains et arabes ont consid\u00e9r\u00e9 la d\u00e9marche de Mohamed Moussa Faki comme une \u00ab\u00a0violation flagrante\u00a0\u00bb de la Charte africaine des droits de l&rsquo;homme et des principes et valeurs de l\u2019organisation et de ses statuts.<\/p>\n\n\n\n<p>Au cours des travaux de la pr\u00e9c\u00e9dente session ordinaire du Sommet des chefs d&rsquo;\u00c9tat et de gouvernement de l&rsquo;Union africaine, une d\u00e9cision a \u00e9t\u00e9 adopt\u00e9e \u00e0 l&rsquo;unanimit\u00e9 de suspendre l&rsquo;octroi du statut d&rsquo;observateur \u00e0 l&rsquo;entit\u00e9 sioniste, avec la formation d&rsquo;un comit\u00e9 de sept chefs d&rsquo;\u00c9tat, dont l&rsquo;Alg\u00e9rie, \u00e0 soumettre une recommandation au sommet de l&rsquo;Union sur cette question.<\/p>\n\n\n\n<p>Notons par ailleurs que sous l&rsquo;effet des fortes pressions exerc\u00e9es par l&rsquo;Alg\u00e9rie, l&rsquo;Afrique du Sud et le Nigeria, la Commission de l&rsquo;UA a \u00abannul\u00e9\u00bb l&rsquo;invitation qu\u2019elle avait adress\u00e9 \u00e0 l&rsquo;entit\u00e9 sioniste \u00e0 l&rsquo;ouverture hier du 36<sup>e<\/sup>sommet des chefs d&rsquo;\u00c9tat et de gouvernement de l&rsquo;UA.<\/p>\n\n\n\n<p>R.N.<\/p>\n","protected":false},"excerpt":{"rendered":"<p>Une d\u00e9l\u00e9gation de l&rsquo;entit\u00e9 sioniste qui a avait tent\u00e9 de s\u2019infiltrerdans les travaux du 36e sommet de l&rsquo;Union africaine, qui<\/p>\n","protected":false},"author":3,"featured_media":36373,"comment_status":"open","ping_status":"closed","sticky":false,"template":"","format":"standard","meta":{"colormag_page_container_layout":"default_layout","colormag_page_sidebar_layout":"default_layout","om_disable_all_campaigns":false,"_monsterinsights_skip_tracking":false,"_monsterinsights_sitenote_active":false,"_monsterinsights_sitenote_note":"","_monsterinsights_sitenote_category":0,"footnotes":"","_wpscppro_dont_share_socialmedia":false,"_wpscppro_custom_social_share_image":0,"_facebook_share_type":"","_twitter_share_type":"","_linkedin_share_type":"","_pinterest_share_type":"","_linkedin_share_type_page":"","_instagram_share_type":"","_medium_share_type":"","_threads_share_type":"","_google_business_share_type":"","_selected_social_profile":[],"_wpsp_enable_custom_social_template":false,"_wpsp_social_scheduling":{"enabled":false,"datetime":null,"platforms":[],"status":"template_only","dateOption":"today","timeOption":"now","customDays":"","customHours":"","customDate":"","customTime":"","schedulingType":"absolute"},"_wpsp_active_default_template":true},"categories":[27],"tags":[],"class_list":["post-36362","post","type-post","status-publish","format-standard","has-post-thumbnail","hentry","category-actualite"],"aioseo_notices":[],"yoast_head":"<!-- This site is optimized with the Yoast SEO plugin v27.5 - https:\/\/yoast.com\/product\/yoast-seo-wordpress\/ -->\n<title>Une d\u00e9l\u00e9gation de l\u2019entit\u00e9 sioniste expuls\u00e9e du sommet de l\u2019UA - La Sentinelle<\/title>\n<meta name=\"robots\" content=\"index, follow, max-snippet:-1, max-image-preview:large, max-video-preview:-1\" \/>\n<link rel=\"canonical\" href=\"https:\/\/lasentinelle.dz\/index.php\/2023\/02\/18\/une-delegation-de-lentite-sioniste-expulsee-du-sommet-de-lua\/\" \/>\n<meta property=\"og:locale\" content=\"fr_FR\" \/>\n<meta property=\"og:type\" content=\"article\" \/>\n<meta property=\"og:title\" content=\"Une d\u00e9l\u00e9gation de l\u2019entit\u00e9 sioniste expuls\u00e9e du sommet de l\u2019UA - La Sentinelle\" \/>\n<meta property=\"og:description\" content=\"Une d\u00e9l\u00e9gation de l&rsquo;entit\u00e9 sioniste qui a avait tent\u00e9 de s\u2019infiltrerdans les travaux du 36e sommet de l&rsquo;Union africaine, qui\" \/>\n<meta property=\"og:url\" content=\"https:\/\/lasentinelle.dz\/index.php\/2023\/02\/18\/une-delegation-de-lentite-sioniste-expulsee-du-sommet-de-lua\/\" \/>\n<meta property=\"og:site_name\" content=\"La Sentinelle\" \/>\n<meta property=\"article:publisher\" content=\"https:\/\/www.facebook.com\/La-Sentinelle-104059864394773\" \/>\n<meta property=\"article:published_time\" content=\"2023-02-18T21:05:00+00:00\" \/>\n<meta property=\"og:image\" content=\"https:\/\/lasentinelle.dz\/wp-content\/uploads\/2023\/02\/image_2023-02-18_191944081.png\" \/>\n\t<meta property=\"og:image:width\" content=\"768\" \/>\n\t<meta property=\"og:image:height\" content=\"432\" \/>\n\t<meta property=\"og:image:type\" content=\"image\/png\" \/>\n<meta name=\"author\" content=\"La Sentinelle\" \/>\n<meta name=\"twitter:card\" content=\"summary_large_image\" \/>\n<meta name=\"twitter:label1\" content=\"\u00c9crit par\" \/>\n\t<meta name=\"twitter:data1\" content=\"La Sentinelle\" \/>\n\t<meta name=\"twitter:label2\" content=\"Dur\u00e9e de lecture estim\u00e9e\" \/>\n\t<meta name=\"twitter:data2\" content=\"2 minutes\" \/>\n<script type=\"application\/ld+json\" class=\"yoast-schema-graph\">{\"@context\":\"https:\\\/\\\/schema.org\",\"@graph\":[{\"@type\":\"Article\",\"@id\":\"https:\\\/\\\/lasentinelle.dz\\\/index.php\\\/2023\\\/02\\\/18\\\/une-delegation-de-lentite-sioniste-expulsee-du-sommet-de-lua\\\/#article\",\"isPartOf\":{\"@id\":\"https:\\\/\\\/lasentinelle.dz\\\/index.php\\\/2023\\\/02\\\/18\\\/une-delegation-de-lentite-sioniste-expulsee-du-sommet-de-lua\\\/\"},\"author\":{\"name\":\"La Sentinelle\",\"@id\":\"https:\\\/\\\/lasentinelle.dz\\\/#\\\/schema\\\/person\\\/d865044e22e70a75174ce8bcad3acfb3\"},\"headline\":\"Une d\u00e9l\u00e9gation de l\u2019entit\u00e9 sioniste expuls\u00e9e du sommet de l\u2019UA\",\"datePublished\":\"2023-02-18T21:05:00+00:00\",\"mainEntityOfPage\":{\"@id\":\"https:\\\/\\\/lasentinelle.dz\\\/index.php\\\/2023\\\/02\\\/18\\\/une-delegation-de-lentite-sioniste-expulsee-du-sommet-de-lua\\\/\"},\"wordCount\":348,\"commentCount\":0,\"publisher\":{\"@id\":\"https:\\\/\\\/lasentinelle.dz\\\/#organization\"},\"image\":{\"@id\":\"https:\\\/\\\/lasentinelle.dz\\\/index.php\\\/2023\\\/02\\\/18\\\/une-delegation-de-lentite-sioniste-expulsee-du-sommet-de-lua\\\/#primaryimage\"},\"thumbnailUrl\":\"https:\\\/\\\/lasentinelle.dz\\\/wp-content\\\/uploads\\\/2023\\\/02\\\/image_2023-02-18_191944081.png\",\"articleSection\":[\"Actualit\u00e9\"],\"inLanguage\":\"fr-FR\",\"potentialAction\":[{\"@type\":\"CommentAction\",\"name\":\"Comment\",\"target\":[\"https:\\\/\\\/lasentinelle.dz\\\/index.php\\\/2023\\\/02\\\/18\\\/une-delegation-de-lentite-sioniste-expulsee-du-sommet-de-lua\\\/#respond\"]}]},{\"@type\":\"WebPage\",\"@id\":\"https:\\\/\\\/lasentinelle.dz\\\/index.php\\\/2023\\\/02\\\/18\\\/une-delegation-de-lentite-sioniste-expulsee-du-sommet-de-lua\\\/\",\"url\":\"https:\\\/\\\/lasentinelle.dz\\\/index.php\\\/2023\\\/02\\\/18\\\/une-delegation-de-lentite-sioniste-expulsee-du-sommet-de-lua\\\/\",\"name\":\"Une d\u00e9l\u00e9gation de l\u2019entit\u00e9 sioniste expuls\u00e9e du sommet de l\u2019UA - La Sentinelle\",\"isPartOf\":{\"@id\":\"https:\\\/\\\/lasentinelle.dz\\\/#website\"},\"primaryImageOfPage\":{\"@id\":\"https:\\\/\\\/lasentinelle.dz\\\/index.php\\\/2023\\\/02\\\/18\\\/une-delegation-de-lentite-sioniste-expulsee-du-sommet-de-lua\\\/#primaryimage\"},\"image\":{\"@id\":\"https:\\\/\\\/lasentinelle.dz\\\/index.php\\\/2023\\\/02\\\/18\\\/une-delegation-de-lentite-sioniste-expulsee-du-sommet-de-lua\\\/#primaryimage\"},\"thumbnailUrl\":\"https:\\\/\\\/lasentinelle.dz\\\/wp-content\\\/uploads\\\/2023\\\/02\\\/image_2023-02-18_191944081.png\",\"datePublished\":\"2023-02-18T21:05:00+00:00\",\"breadcrumb\":{\"@id\":\"https:\\\/\\\/lasentinelle.dz\\\/index.php\\\/2023\\\/02\\\/18\\\/une-delegation-de-lentite-sioniste-expulsee-du-sommet-de-lua\\\/#breadcrumb\"},\"inLanguage\":\"fr-FR\",\"potentialAction\":[{\"@type\":\"ReadAction\",\"target\":[\"https:\\\/\\\/lasentinelle.dz\\\/index.php\\\/2023\\\/02\\\/18\\\/une-delegation-de-lentite-sioniste-expulsee-du-sommet-de-lua\\\/\"]}]},{\"@type\":\"ImageObject\",\"inLanguage\":\"fr-FR\",\"@id\":\"https:\\\/\\\/lasentinelle.dz\\\/index.php\\\/2023\\\/02\\\/18\\\/une-delegation-de-lentite-sioniste-expulsee-du-sommet-de-lua\\\/#primaryimage\",\"url\":\"https:\\\/\\\/lasentinelle.dz\\\/wp-content\\\/uploads\\\/2023\\\/02\\\/image_2023-02-18_191944081.png\",\"contentUrl\":\"https:\\\/\\\/lasentinelle.dz\\\/wp-content\\\/uploads\\\/2023\\\/02\\\/image_2023-02-18_191944081.png\",\"width\":768,\"height\":432},{\"@type\":\"BreadcrumbList\",\"@id\":\"https:\\\/\\\/lasentinelle.dz\\\/index.php\\\/2023\\\/02\\\/18\\\/une-delegation-de-lentite-sioniste-expulsee-du-sommet-de-lua\\\/#breadcrumb\",\"itemListElement\":[{\"@type\":\"ListItem\",\"position\":1,\"name\":\"Accueil\",\"item\":\"https:\\\/\\\/lasentinelle.dz\\\/\"},{\"@type\":\"ListItem\",\"position\":2,\"name\":\"Une d\u00e9l\u00e9gation de l\u2019entit\u00e9 sioniste expuls\u00e9e du sommet de l\u2019UA\"}]},{\"@type\":\"WebSite\",\"@id\":\"https:\\\/\\\/lasentinelle.dz\\\/#website\",\"url\":\"https:\\\/\\\/lasentinelle.dz\\\/\",\"name\":\"La Sentinelle\",\"description\":\"Quotidien national d&#039;information\",\"publisher\":{\"@id\":\"https:\\\/\\\/lasentinelle.dz\\\/#organization\"},\"potentialAction\":[{\"@type\":\"SearchAction\",\"target\":{\"@type\":\"EntryPoint\",\"urlTemplate\":\"https:\\\/\\\/lasentinelle.dz\\\/?s={search_term_string}\"},\"query-input\":{\"@type\":\"PropertyValueSpecification\",\"valueRequired\":true,\"valueName\":\"search_term_string\"}}],\"inLanguage\":\"fr-FR\"},{\"@type\":\"Organization\",\"@id\":\"https:\\\/\\\/lasentinelle.dz\\\/#organization\",\"name\":\"Quotidien La Sentinelle\",\"url\":\"https:\\\/\\\/lasentinelle.dz\\\/\",\"logo\":{\"@type\":\"ImageObject\",\"inLanguage\":\"fr-FR\",\"@id\":\"https:\\\/\\\/lasentinelle.dz\\\/#\\\/schema\\\/logo\\\/image\\\/\",\"url\":\"https:\\\/\\\/lasentinelle.dz\\\/wp-content\\\/uploads\\\/2021\\\/09\\\/logo-sentinelleSLOGAN-1.png\",\"contentUrl\":\"https:\\\/\\\/lasentinelle.dz\\\/wp-content\\\/uploads\\\/2021\\\/09\\\/logo-sentinelleSLOGAN-1.png\",\"width\":615,\"height\":142,\"caption\":\"Quotidien La Sentinelle\"},\"image\":{\"@id\":\"https:\\\/\\\/lasentinelle.dz\\\/#\\\/schema\\\/logo\\\/image\\\/\"},\"sameAs\":[\"https:\\\/\\\/www.facebook.com\\\/La-Sentinelle-104059864394773\"]},{\"@type\":\"Person\",\"@id\":\"https:\\\/\\\/lasentinelle.dz\\\/#\\\/schema\\\/person\\\/d865044e22e70a75174ce8bcad3acfb3\",\"name\":\"La Sentinelle\",\"image\":{\"@type\":\"ImageObject\",\"inLanguage\":\"fr-FR\",\"@id\":\"https:\\\/\\\/secure.gravatar.com\\\/avatar\\\/57de8e5d4b15d43fb361a71fbb36338450fe67865b528a43dd10ef7c51a20392?s=96&d=mm&r=g\",\"url\":\"https:\\\/\\\/secure.gravatar.com\\\/avatar\\\/57de8e5d4b15d43fb361a71fbb36338450fe67865b528a43dd10ef7c51a20392?s=96&d=mm&r=g\",\"contentUrl\":\"https:\\\/\\\/secure.gravatar.com\\\/avatar\\\/57de8e5d4b15d43fb361a71fbb36338450fe67865b528a43dd10ef7c51a20392?s=96&d=mm&r=g\",\"caption\":\"La Sentinelle\"},\"sameAs\":[\"http:\\\/\\\/www.lasentinelle.dz\"],\"url\":\"https:\\\/\\\/lasentinelle.dz\\\/author\\\/redaction\\\/\"}]}<\/script>\n<!-- \/ Yoast SEO plugin. -->","yoast_head_json":{"title":"Une d\u00e9l\u00e9gation de l\u2019entit\u00e9 sioniste expuls\u00e9e du sommet de l\u2019UA - La Sentinelle","robots":{"index":"index","follow":"follow","max-snippet":"max-snippet:-1","max-image-preview":"max-image-preview:large","max-video-preview":"max-video-preview:-1"},"canonical":"https:\/\/lasentinelle.dz\/index.php\/2023\/02\/18\/une-delegation-de-lentite-sioniste-expulsee-du-sommet-de-lua\/","og_locale":"fr_FR","og_type":"article","og_title":"Une d\u00e9l\u00e9gation de l\u2019entit\u00e9 sioniste expuls\u00e9e du sommet de l\u2019UA - La Sentinelle","og_description":"Une d\u00e9l\u00e9gation de l&rsquo;entit\u00e9 sioniste qui a avait tent\u00e9 de s\u2019infiltrerdans les travaux du 36e sommet de l&rsquo;Union africaine, qui","og_url":"https:\/\/lasentinelle.dz\/index.php\/2023\/02\/18\/une-delegation-de-lentite-sioniste-expulsee-du-sommet-de-lua\/","og_site_name":"La Sentinelle","article_publisher":"https:\/\/www.facebook.com\/La-Sentinelle-104059864394773","article_published_time":"2023-02-18T21:05:00+00:00","og_image":[{"width":768,"height":432,"url":"https:\/\/lasentinelle.dz\/wp-content\/uploads\/2023\/02\/image_2023-02-18_191944081.png","type":"image\/png"}],"author":"La Sentinelle","twitter_card":"summary_large_image","twitter_misc":{"\u00c9crit par":"La Sentinelle","Dur\u00e9e de lecture estim\u00e9e":"2 minutes"},"schema":{"@context":"https:\/\/schema.org","@graph":[{"@type":"Article","@id":"https:\/\/lasentinelle.dz\/index.php\/2023\/02\/18\/une-delegation-de-lentite-sioniste-expulsee-du-sommet-de-lua\/#article","isPartOf":{"@id":"https:\/\/lasentinelle.dz\/index.php\/2023\/02\/18\/une-delegation-de-lentite-sioniste-expulsee-du-sommet-de-lua\/"},"author":{"name":"La Sentinelle","@id":"https:\/\/lasentinelle.dz\/#\/schema\/person\/d865044e22e70a75174ce8bcad3acfb3"},"headline":"Une d\u00e9l\u00e9gation de l\u2019entit\u00e9 sioniste expuls\u00e9e du sommet de l\u2019UA","datePublished":"2023-02-18T21:05:00+00:00","mainEntityOfPage":{"@id":"https:\/\/lasentinelle.dz\/index.php\/2023\/02\/18\/une-delegation-de-lentite-sioniste-expulsee-du-sommet-de-lua\/"},"wordCount":348,"commentCount":0,"publisher":{"@id":"https:\/\/lasentinelle.dz\/#organization"},"image":{"@id":"https:\/\/lasentinelle.dz\/index.php\/2023\/02\/18\/une-delegation-de-lentite-sioniste-expulsee-du-sommet-de-lua\/#primaryimage"},"thumbnailUrl":"https:\/\/lasentinelle.dz\/wp-content\/uploads\/2023\/02\/image_2023-02-18_191944081.png","articleSection":["Actualit\u00e9"],"inLanguage":"fr-FR","potentialAction":[{"@type":"CommentAction","name":"Comment","target":["https:\/\/lasentinelle.dz\/index.php\/2023\/02\/18\/une-delegation-de-lentite-sioniste-expulsee-du-sommet-de-lua\/#respond"]}]},{"@type":"WebPage","@id":"https:\/\/lasentinelle.dz\/index.php\/2023\/02\/18\/une-delegation-de-lentite-sioniste-expulsee-du-sommet-de-lua\/","url":"https:\/\/lasentinelle.dz\/index.php\/2023\/02\/18\/une-delegation-de-lentite-sioniste-expulsee-du-sommet-de-lua\/","name":"Une d\u00e9l\u00e9gation de l\u2019entit\u00e9 sioniste expuls\u00e9e du sommet de l\u2019UA - La Sentinelle","isPartOf":{"@id":"https:\/\/lasentinelle.dz\/#website"},"primaryImageOfPage":{"@id":"https:\/\/lasentinelle.dz\/index.php\/2023\/02\/18\/une-delegation-de-lentite-sioniste-expulsee-du-sommet-de-lua\/#primaryimage"},"image":{"@id":"https:\/\/lasentinelle.dz\/index.php\/2023\/02\/18\/une-delegation-de-lentite-sioniste-expulsee-du-sommet-de-lua\/#primaryimage"},"thumbnailUrl":"https:\/\/lasentinelle.dz\/wp-content\/uploads\/2023\/02\/image_2023-02-18_191944081.png","datePublished":"2023-02-18T21:05:00+00:00","breadcrumb":{"@id":"https:\/\/lasentinelle.dz\/index.php\/2023\/02\/18\/une-delegation-de-lentite-sioniste-expulsee-du-sommet-de-lua\/#breadcrumb"},"inLanguage":"fr-FR","potentialAction":[{"@type":"ReadAction","target":["https:\/\/lasentinelle.dz\/index.php\/2023\/02\/18\/une-delegation-de-lentite-sioniste-expulsee-du-sommet-de-lua\/"]}]},{"@type":"ImageObject","inLanguage":"fr-FR","@id":"https:\/\/lasentinelle.dz\/index.php\/2023\/02\/18\/une-delegation-de-lentite-sioniste-expulsee-du-sommet-de-lua\/#primaryimage","url":"https:\/\/lasentinelle.dz\/wp-content\/uploads\/2023\/02\/image_2023-02-18_191944081.png","contentUrl":"https:\/\/lasentinelle.dz\/wp-content\/uploads\/2023\/02\/image_2023-02-18_191944081.png","width":768,"height":432},{"@type":"BreadcrumbList","@id":"https:\/\/lasentinelle.dz\/index.php\/2023\/02\/18\/une-delegation-de-lentite-sioniste-expulsee-du-sommet-de-lua\/#breadcrumb","itemListElement":[{"@type":"ListItem","position":1,"name":"Accueil","item":"https:\/\/lasentinelle.dz\/"},{"@type":"ListItem","position":2,"name":"Une d\u00e9l\u00e9gation de l\u2019entit\u00e9 sioniste expuls\u00e9e du sommet de l\u2019UA"}]},{"@type":"WebSite","@id":"https:\/\/lasentinelle.dz\/#website","url":"https:\/\/lasentinelle.dz\/","name":"La Sentinelle","description":"Quotidien national d&#039;information","publisher":{"@id":"https:\/\/lasentinelle.dz\/#organization"},"potentialAction":[{"@type":"SearchAction","target":{"@type":"EntryPoint","urlTemplate":"https:\/\/lasentinelle.dz\/?s={search_term_string}"},"query-input":{"@type":"PropertyValueSpecification","valueRequired":true,"valueName":"search_term_string"}}],"inLanguage":"fr-FR"},{"@type":"Organization","@id":"https:\/\/lasentinelle.dz\/#organization","name":"Quotidien La Sentinelle","url":"https:\/\/lasentinelle.dz\/","logo":{"@type":"ImageObject","inLanguage":"fr-FR","@id":"https:\/\/lasentinelle.dz\/#\/schema\/logo\/image\/","url":"https:\/\/lasentinelle.dz\/wp-content\/uploads\/2021\/09\/logo-sentinelleSLOGAN-1.png","contentUrl":"https:\/\/lasentinelle.dz\/wp-content\/uploads\/2021\/09\/logo-sentinelleSLOGAN-1.png","width":615,"height":142,"caption":"Quotidien La Sentinelle"},"image":{"@id":"https:\/\/lasentinelle.dz\/#\/schema\/logo\/image\/"},"sameAs":["https:\/\/www.facebook.com\/La-Sentinelle-104059864394773"]},{"@type":"Person","@id":"https:\/\/lasentinelle.dz\/#\/schema\/person\/d865044e22e70a75174ce8bcad3acfb3","name":"La Sentinelle","image":{"@type":"ImageObject","inLanguage":"fr-FR","@id":"https:\/\/secure.gravatar.com\/avatar\/57de8e5d4b15d43fb361a71fbb36338450fe67865b528a43dd10ef7c51a20392?s=96&d=mm&r=g","url":"https:\/\/secure.gravatar.com\/avatar\/57de8e5d4b15d43fb361a71fbb36338450fe67865b528a43dd10ef7c51a20392?s=96&d=mm&r=g","contentUrl":"https:\/\/secure.gravatar.com\/avatar\/57de8e5d4b15d43fb361a71fbb36338450fe67865b528a43dd10ef7c51a20392?s=96&d=mm&r=g","caption":"La Sentinelle"},"sameAs":["http:\/\/www.lasentinelle.dz"],"url":"https:\/\/lasentinelle.dz\/author\/redaction\/"}]}},"_links":{"self":[{"href":"https:\/\/lasentinelle.dz\/index.php\/wp-json\/wp\/v2\/posts\/36362","targetHints":{"allow":["GET"]}}],"collection":[{"href":"https:\/\/lasentinelle.dz\/index.php\/wp-json\/wp\/v2\/posts"}],"about":[{"href":"https:\/\/lasentinelle.dz\/index.php\/wp-json\/wp\/v2\/types\/post"}],"author":[{"embeddable":true,"href":"https:\/\/lasentinelle.dz\/index.php\/wp-json\/wp\/v2\/users\/3"}],"replies":[{"embeddable":true,"href":"https:\/\/lasentinelle.dz\/index.php\/wp-json\/wp\/v2\/comments?post=36362"}],"version-history":[{"count":1,"href":"https:\/\/lasentinelle.dz\/index.php\/wp-json\/wp\/v2\/posts\/36362\/revisions"}],"predecessor-version":[{"id":36374,"href":"https:\/\/lasentinelle.dz\/index.php\/wp-json\/wp\/v2\/posts\/36362\/revisions\/36374"}],"wp:featuredmedia":[{"embeddable":true,"href":"https:\/\/lasentinelle.dz\/index.php\/wp-json\/wp\/v2\/media\/36373"}],"wp:attachment":[{"href":"https:\/\/lasentinelle.dz\/index.php\/wp-json\/wp\/v2\/media?parent=36362"}],"wp:term":[{"taxonomy":"category","embeddable":true,"href":"https:\/\/lasentinelle.dz\/index.php\/wp-json\/wp\/v2\/categories?post=36362"},{"taxonomy":"post_tag","embeddable":true,"href":"https:\/\/lasentinelle.dz\/index.php\/wp-json\/wp\/v2\/tags?post=36362"}],"curies":[{"name":"wp","href":"https:\/\/api.w.org\/{rel}","templated":true}]}}