{"id":36419,"date":"2023-02-19T22:00:00","date_gmt":"2023-02-19T21:00:00","guid":{"rendered":"https:\/\/lasentinelle.dz\/?p=36419"},"modified":"2023-02-19T17:46:58","modified_gmt":"2023-02-19T16:46:58","slug":"tournoi-international-itf-juniors-coup-denvoi-des-epreuves-a-hydra","status":"publish","type":"post","link":"https:\/\/lasentinelle.dz\/index.php\/2023\/02\/19\/tournoi-international-itf-juniors-coup-denvoi-des-epreuves-a-hydra\/","title":{"rendered":"Tournoi international ITF Juniors\u00a0: Coup d&rsquo;envoi des \u00e9preuves \u00e0 Hydra"},"content":{"rendered":"\n<p>Le coup d\u2019envoi du tournoi international ITF Juniors \u00a0\u00bbJ-30\u00a0\u00bb, a \u00e9t\u00e9 donn\u00e9 samedi, au Tennis club d\u2019Hydra (Alger), en pr\u00e9sence de 91 participants (48 gar\u00e7ons et 43 files) issus de 20 pays.Il s\u2019agit de l\u2019Alg\u00e9rie, de la Tunisie, de la Palestine, du Br\u00e9sil, de la Bulgarie, du Canada, de la R\u00e9publique tch\u00e8que, de la France, l\u2019Espagne, de l\u2019Allemagne, de l\u2019Inde, de l\u2019Italie, de la Libye, du Maroc, de la Pologne, du Portugal, de la Roumanie, de la Russie, de l\u2019Ukraine et des Etats-Unis.Les qualifications de ce rendez-vous tennistique se d\u00e9rouleront samedi et dimanche, alors que les tableaux finaux (simple et double) d\u00e9buteront lundi.\u00a0\u00bbNous sommes tr\u00e8s heureux d\u2019organiser cette sixi\u00e8me \u00e9dition class\u00e9e en grade 5, apr\u00e8s deux ans d\u2019arr\u00eat caus\u00e9s par le Covid-19. Dieu merci que la comp\u00e9tition internationale est de retour \u00e0 Hydra en de tr\u00e8s bonnes conditions\u00a0\u00bb, a indiqu\u00e9 \u00e0 l\u2019APS, le pr\u00e9sident du club Hydra Amel Chabeb (HAC), Salah Bouzidani.Et d\u2019encha\u00eener : \u00ab\u00a0Organiser un tel \u00e9v\u00e8nement ne sera que b\u00e9n\u00e9fique pour nos jeunes joueurs. Il s&rsquo;agit d\u2019une occasion pour les joueurs alg\u00e9riens juniors d\u2019am\u00e9liorer, soit leur ranking international (classement, NDLR) soit de l\u2019int\u00e9grer et se mesurer \u00e0 l&rsquo;univers du tennis mondial\u00a0\u00bb.Lors de ce rendez-vous international juniors, l&rsquo;Alg\u00e9rie est repr\u00e9sent\u00e9e par 38 athl\u00e8tes dont 17 filles.Selon Bouzidani, le nombre de participants qui a d\u00e9pass\u00e9 la barre de 90 athl\u00e8tes est \u00ab\u00a0tr\u00e8s satisfaisant\u00a0\u00bb.\u00a0\u00bbSinc\u00e8rement, je suis tr\u00e8s satisfait des chiffres du tournoi.&nbsp; Outre l\u2019aspect sportif, ce rendez-vous permettra d&rsquo;encourager le volet touristique pour notre pays\u00a0\u00bb, a pr\u00e9cis\u00e9 Bouzidani, directeur du tournoi.Les deux tableaux (simple et double) sont dirig\u00e9s par Amine Mohatat, juge-arbitre international alg\u00e9rien.Cette comp\u00e9tition inscrite au calendrier de la F\u00e9d\u00e9ration internationale de tennis (ITF), est organis\u00e9e par le club Hydra Amel Chabeb (HAC), sous l\u2019\u00e9gide de la F\u00e9d\u00e9ration alg\u00e9rienne de tennis (FAT).<\/p>\n\n\n\n<p>APS<\/p>\n","protected":false},"excerpt":{"rendered":"<p>Le coup d\u2019envoi du tournoi international ITF Juniors \u00a0\u00bbJ-30\u00a0\u00bb, a \u00e9t\u00e9 donn\u00e9 samedi, au Tennis club d\u2019Hydra (Alger), en pr\u00e9sence<\/p>\n","protected":false},"author":3,"featured_media":36425,"comment_status":"open","ping_status":"closed","sticky":false,"template":"","format":"standard","meta":{"colormag_page_container_layout":"default_layout","colormag_page_sidebar_layout":"default_layout","om_disable_all_campaigns":false,"_monsterinsights_skip_tracking":false,"_monsterinsights_sitenote_active":false,"_monsterinsights_sitenote_note":"","_monsterinsights_sitenote_category":0,"footnotes":"","_wpscppro_dont_share_socialmedia":false,"_wpscppro_custom_social_share_image":0,"_facebook_share_type":"","_twitter_share_type":"","_linkedin_share_type":"","_pinterest_share_type":"","_linkedin_share_type_page":"","_instagram_share_type":"","_medium_share_type":"","_threads_share_type":"","_google_business_share_type":"","_selected_social_profile":[],"_wpsp_enable_custom_social_template":false,"_wpsp_social_scheduling":{"enabled":false,"datetime":null,"platforms":[],"status":"template_only","dateOption":"today","timeOption":"now","customDays":"","customHours":"","customDate":"","customTime":"","schedulingType":"absolute"},"_wpsp_active_default_template":true},"categories":[33],"tags":[],"class_list":["post-36419","post","type-post","status-publish","format-standard","has-post-thumbnail","hentry","category-sports"],"aioseo_notices":[],"yoast_head":"<!-- This site is optimized with the Yoast SEO plugin v27.5 - https:\/\/yoast.com\/product\/yoast-seo-wordpress\/ -->\n<title>Tournoi international ITF Juniors\u00a0: Coup d&rsquo;envoi des \u00e9preuves \u00e0 Hydra - La Sentinelle<\/title>\n<meta name=\"robots\" content=\"index, follow, max-snippet:-1, max-image-preview:large, max-video-preview:-1\" \/>\n<link rel=\"canonical\" href=\"https:\/\/lasentinelle.dz\/index.php\/2023\/02\/19\/tournoi-international-itf-juniors-coup-denvoi-des-epreuves-a-hydra\/\" \/>\n<meta property=\"og:locale\" content=\"fr_FR\" \/>\n<meta property=\"og:type\" content=\"article\" \/>\n<meta property=\"og:title\" content=\"Tournoi international ITF Juniors\u00a0: Coup d&rsquo;envoi des \u00e9preuves \u00e0 Hydra - La Sentinelle\" \/>\n<meta property=\"og:description\" content=\"Le coup d\u2019envoi du tournoi international ITF Juniors \u00a0\u00bbJ-30\u00a0\u00bb, a \u00e9t\u00e9 donn\u00e9 samedi, au Tennis club d\u2019Hydra (Alger), en pr\u00e9sence\" \/>\n<meta property=\"og:url\" content=\"https:\/\/lasentinelle.dz\/index.php\/2023\/02\/19\/tournoi-international-itf-juniors-coup-denvoi-des-epreuves-a-hydra\/\" \/>\n<meta property=\"og:site_name\" content=\"La Sentinelle\" \/>\n<meta property=\"article:publisher\" content=\"https:\/\/www.facebook.com\/La-Sentinelle-104059864394773\" \/>\n<meta property=\"article:published_time\" content=\"2023-02-19T21:00:00+00:00\" \/>\n<meta property=\"og:image\" content=\"https:\/\/lasentinelle.dz\/wp-content\/uploads\/2023\/02\/badache.jpeg\" \/>\n\t<meta property=\"og:image:width\" content=\"800\" \/>\n\t<meta property=\"og:image:height\" content=\"497\" \/>\n\t<meta property=\"og:image:type\" content=\"image\/jpeg\" \/>\n<meta name=\"author\" content=\"La Sentinelle\" \/>\n<meta name=\"twitter:card\" content=\"summary_large_image\" \/>\n<meta name=\"twitter:label1\" content=\"\u00c9crit par\" \/>\n\t<meta name=\"twitter:data1\" content=\"La Sentinelle\" \/>\n\t<meta name=\"twitter:label2\" content=\"Dur\u00e9e de lecture estim\u00e9e\" \/>\n\t<meta name=\"twitter:data2\" content=\"2 minutes\" \/>\n<script type=\"application\/ld+json\" class=\"yoast-schema-graph\">{\"@context\":\"https:\\\/\\\/schema.org\",\"@graph\":[{\"@type\":\"Article\",\"@id\":\"https:\\\/\\\/lasentinelle.dz\\\/index.php\\\/2023\\\/02\\\/19\\\/tournoi-international-itf-juniors-coup-denvoi-des-epreuves-a-hydra\\\/#article\",\"isPartOf\":{\"@id\":\"https:\\\/\\\/lasentinelle.dz\\\/index.php\\\/2023\\\/02\\\/19\\\/tournoi-international-itf-juniors-coup-denvoi-des-epreuves-a-hydra\\\/\"},\"author\":{\"name\":\"La Sentinelle\",\"@id\":\"https:\\\/\\\/lasentinelle.dz\\\/#\\\/schema\\\/person\\\/d865044e22e70a75174ce8bcad3acfb3\"},\"headline\":\"Tournoi international ITF Juniors\u00a0: Coup d&rsquo;envoi des \u00e9preuves \u00e0 Hydra\",\"datePublished\":\"2023-02-19T21:00:00+00:00\",\"mainEntityOfPage\":{\"@id\":\"https:\\\/\\\/lasentinelle.dz\\\/index.php\\\/2023\\\/02\\\/19\\\/tournoi-international-itf-juniors-coup-denvoi-des-epreuves-a-hydra\\\/\"},\"wordCount\":367,\"commentCount\":0,\"publisher\":{\"@id\":\"https:\\\/\\\/lasentinelle.dz\\\/#organization\"},\"image\":{\"@id\":\"https:\\\/\\\/lasentinelle.dz\\\/index.php\\\/2023\\\/02\\\/19\\\/tournoi-international-itf-juniors-coup-denvoi-des-epreuves-a-hydra\\\/#primaryimage\"},\"thumbnailUrl\":\"https:\\\/\\\/lasentinelle.dz\\\/wp-content\\\/uploads\\\/2023\\\/02\\\/badache.jpeg\",\"articleSection\":[\"Sports\"],\"inLanguage\":\"fr-FR\",\"potentialAction\":[{\"@type\":\"CommentAction\",\"name\":\"Comment\",\"target\":[\"https:\\\/\\\/lasentinelle.dz\\\/index.php\\\/2023\\\/02\\\/19\\\/tournoi-international-itf-juniors-coup-denvoi-des-epreuves-a-hydra\\\/#respond\"]}]},{\"@type\":\"WebPage\",\"@id\":\"https:\\\/\\\/lasentinelle.dz\\\/index.php\\\/2023\\\/02\\\/19\\\/tournoi-international-itf-juniors-coup-denvoi-des-epreuves-a-hydra\\\/\",\"url\":\"https:\\\/\\\/lasentinelle.dz\\\/index.php\\\/2023\\\/02\\\/19\\\/tournoi-international-itf-juniors-coup-denvoi-des-epreuves-a-hydra\\\/\",\"name\":\"Tournoi international ITF Juniors\u00a0: Coup d&rsquo;envoi des \u00e9preuves \u00e0 Hydra - La Sentinelle\",\"isPartOf\":{\"@id\":\"https:\\\/\\\/lasentinelle.dz\\\/#website\"},\"primaryImageOfPage\":{\"@id\":\"https:\\\/\\\/lasentinelle.dz\\\/index.php\\\/2023\\\/02\\\/19\\\/tournoi-international-itf-juniors-coup-denvoi-des-epreuves-a-hydra\\\/#primaryimage\"},\"image\":{\"@id\":\"https:\\\/\\\/lasentinelle.dz\\\/index.php\\\/2023\\\/02\\\/19\\\/tournoi-international-itf-juniors-coup-denvoi-des-epreuves-a-hydra\\\/#primaryimage\"},\"thumbnailUrl\":\"https:\\\/\\\/lasentinelle.dz\\\/wp-content\\\/uploads\\\/2023\\\/02\\\/badache.jpeg\",\"datePublished\":\"2023-02-19T21:00:00+00:00\",\"breadcrumb\":{\"@id\":\"https:\\\/\\\/lasentinelle.dz\\\/index.php\\\/2023\\\/02\\\/19\\\/tournoi-international-itf-juniors-coup-denvoi-des-epreuves-a-hydra\\\/#breadcrumb\"},\"inLanguage\":\"fr-FR\",\"potentialAction\":[{\"@type\":\"ReadAction\",\"target\":[\"https:\\\/\\\/lasentinelle.dz\\\/index.php\\\/2023\\\/02\\\/19\\\/tournoi-international-itf-juniors-coup-denvoi-des-epreuves-a-hydra\\\/\"]}]},{\"@type\":\"ImageObject\",\"inLanguage\":\"fr-FR\",\"@id\":\"https:\\\/\\\/lasentinelle.dz\\\/index.php\\\/2023\\\/02\\\/19\\\/tournoi-international-itf-juniors-coup-denvoi-des-epreuves-a-hydra\\\/#primaryimage\",\"url\":\"https:\\\/\\\/lasentinelle.dz\\\/wp-content\\\/uploads\\\/2023\\\/02\\\/badache.jpeg\",\"contentUrl\":\"https:\\\/\\\/lasentinelle.dz\\\/wp-content\\\/uploads\\\/2023\\\/02\\\/badache.jpeg\",\"width\":800,\"height\":497},{\"@type\":\"BreadcrumbList\",\"@id\":\"https:\\\/\\\/lasentinelle.dz\\\/index.php\\\/2023\\\/02\\\/19\\\/tournoi-international-itf-juniors-coup-denvoi-des-epreuves-a-hydra\\\/#breadcrumb\",\"itemListElement\":[{\"@type\":\"ListItem\",\"position\":1,\"name\":\"Accueil\",\"item\":\"https:\\\/\\\/lasentinelle.dz\\\/\"},{\"@type\":\"ListItem\",\"position\":2,\"name\":\"Tournoi international ITF Juniors\u00a0: Coup d&rsquo;envoi des \u00e9preuves \u00e0 Hydra\"}]},{\"@type\":\"WebSite\",\"@id\":\"https:\\\/\\\/lasentinelle.dz\\\/#website\",\"url\":\"https:\\\/\\\/lasentinelle.dz\\\/\",\"name\":\"La Sentinelle\",\"description\":\"Quotidien national d&#039;information\",\"publisher\":{\"@id\":\"https:\\\/\\\/lasentinelle.dz\\\/#organization\"},\"potentialAction\":[{\"@type\":\"SearchAction\",\"target\":{\"@type\":\"EntryPoint\",\"urlTemplate\":\"https:\\\/\\\/lasentinelle.dz\\\/?s={search_term_string}\"},\"query-input\":{\"@type\":\"PropertyValueSpecification\",\"valueRequired\":true,\"valueName\":\"search_term_string\"}}],\"inLanguage\":\"fr-FR\"},{\"@type\":\"Organization\",\"@id\":\"https:\\\/\\\/lasentinelle.dz\\\/#organization\",\"name\":\"Quotidien La Sentinelle\",\"url\":\"https:\\\/\\\/lasentinelle.dz\\\/\",\"logo\":{\"@type\":\"ImageObject\",\"inLanguage\":\"fr-FR\",\"@id\":\"https:\\\/\\\/lasentinelle.dz\\\/#\\\/schema\\\/logo\\\/image\\\/\",\"url\":\"https:\\\/\\\/lasentinelle.dz\\\/wp-content\\\/uploads\\\/2021\\\/09\\\/logo-sentinelleSLOGAN-1.png\",\"contentUrl\":\"https:\\\/\\\/lasentinelle.dz\\\/wp-content\\\/uploads\\\/2021\\\/09\\\/logo-sentinelleSLOGAN-1.png\",\"width\":615,\"height\":142,\"caption\":\"Quotidien La Sentinelle\"},\"image\":{\"@id\":\"https:\\\/\\\/lasentinelle.dz\\\/#\\\/schema\\\/logo\\\/image\\\/\"},\"sameAs\":[\"https:\\\/\\\/www.facebook.com\\\/La-Sentinelle-104059864394773\"]},{\"@type\":\"Person\",\"@id\":\"https:\\\/\\\/lasentinelle.dz\\\/#\\\/schema\\\/person\\\/d865044e22e70a75174ce8bcad3acfb3\",\"name\":\"La Sentinelle\",\"image\":{\"@type\":\"ImageObject\",\"inLanguage\":\"fr-FR\",\"@id\":\"https:\\\/\\\/secure.gravatar.com\\\/avatar\\\/57de8e5d4b15d43fb361a71fbb36338450fe67865b528a43dd10ef7c51a20392?s=96&d=mm&r=g\",\"url\":\"https:\\\/\\\/secure.gravatar.com\\\/avatar\\\/57de8e5d4b15d43fb361a71fbb36338450fe67865b528a43dd10ef7c51a20392?s=96&d=mm&r=g\",\"contentUrl\":\"https:\\\/\\\/secure.gravatar.com\\\/avatar\\\/57de8e5d4b15d43fb361a71fbb36338450fe67865b528a43dd10ef7c51a20392?s=96&d=mm&r=g\",\"caption\":\"La Sentinelle\"},\"sameAs\":[\"http:\\\/\\\/www.lasentinelle.dz\"],\"url\":\"https:\\\/\\\/lasentinelle.dz\\\/author\\\/redaction\\\/\"}]}<\/script>\n<!-- \/ Yoast SEO plugin. -->","yoast_head_json":{"title":"Tournoi international ITF Juniors\u00a0: Coup d&rsquo;envoi des \u00e9preuves \u00e0 Hydra - La Sentinelle","robots":{"index":"index","follow":"follow","max-snippet":"max-snippet:-1","max-image-preview":"max-image-preview:large","max-video-preview":"max-video-preview:-1"},"canonical":"https:\/\/lasentinelle.dz\/index.php\/2023\/02\/19\/tournoi-international-itf-juniors-coup-denvoi-des-epreuves-a-hydra\/","og_locale":"fr_FR","og_type":"article","og_title":"Tournoi international ITF Juniors\u00a0: Coup d&rsquo;envoi des \u00e9preuves \u00e0 Hydra - La Sentinelle","og_description":"Le coup d\u2019envoi du tournoi international ITF Juniors \u00a0\u00bbJ-30\u00a0\u00bb, a \u00e9t\u00e9 donn\u00e9 samedi, au Tennis club d\u2019Hydra (Alger), en pr\u00e9sence","og_url":"https:\/\/lasentinelle.dz\/index.php\/2023\/02\/19\/tournoi-international-itf-juniors-coup-denvoi-des-epreuves-a-hydra\/","og_site_name":"La Sentinelle","article_publisher":"https:\/\/www.facebook.com\/La-Sentinelle-104059864394773","article_published_time":"2023-02-19T21:00:00+00:00","og_image":[{"width":800,"height":497,"url":"https:\/\/lasentinelle.dz\/wp-content\/uploads\/2023\/02\/badache.jpeg","type":"image\/jpeg"}],"author":"La Sentinelle","twitter_card":"summary_large_image","twitter_misc":{"\u00c9crit par":"La Sentinelle","Dur\u00e9e de lecture estim\u00e9e":"2 minutes"},"schema":{"@context":"https:\/\/schema.org","@graph":[{"@type":"Article","@id":"https:\/\/lasentinelle.dz\/index.php\/2023\/02\/19\/tournoi-international-itf-juniors-coup-denvoi-des-epreuves-a-hydra\/#article","isPartOf":{"@id":"https:\/\/lasentinelle.dz\/index.php\/2023\/02\/19\/tournoi-international-itf-juniors-coup-denvoi-des-epreuves-a-hydra\/"},"author":{"name":"La Sentinelle","@id":"https:\/\/lasentinelle.dz\/#\/schema\/person\/d865044e22e70a75174ce8bcad3acfb3"},"headline":"Tournoi international ITF Juniors\u00a0: Coup d&rsquo;envoi des \u00e9preuves \u00e0 Hydra","datePublished":"2023-02-19T21:00:00+00:00","mainEntityOfPage":{"@id":"https:\/\/lasentinelle.dz\/index.php\/2023\/02\/19\/tournoi-international-itf-juniors-coup-denvoi-des-epreuves-a-hydra\/"},"wordCount":367,"commentCount":0,"publisher":{"@id":"https:\/\/lasentinelle.dz\/#organization"},"image":{"@id":"https:\/\/lasentinelle.dz\/index.php\/2023\/02\/19\/tournoi-international-itf-juniors-coup-denvoi-des-epreuves-a-hydra\/#primaryimage"},"thumbnailUrl":"https:\/\/lasentinelle.dz\/wp-content\/uploads\/2023\/02\/badache.jpeg","articleSection":["Sports"],"inLanguage":"fr-FR","potentialAction":[{"@type":"CommentAction","name":"Comment","target":["https:\/\/lasentinelle.dz\/index.php\/2023\/02\/19\/tournoi-international-itf-juniors-coup-denvoi-des-epreuves-a-hydra\/#respond"]}]},{"@type":"WebPage","@id":"https:\/\/lasentinelle.dz\/index.php\/2023\/02\/19\/tournoi-international-itf-juniors-coup-denvoi-des-epreuves-a-hydra\/","url":"https:\/\/lasentinelle.dz\/index.php\/2023\/02\/19\/tournoi-international-itf-juniors-coup-denvoi-des-epreuves-a-hydra\/","name":"Tournoi international ITF Juniors\u00a0: Coup d&rsquo;envoi des \u00e9preuves \u00e0 Hydra - La Sentinelle","isPartOf":{"@id":"https:\/\/lasentinelle.dz\/#website"},"primaryImageOfPage":{"@id":"https:\/\/lasentinelle.dz\/index.php\/2023\/02\/19\/tournoi-international-itf-juniors-coup-denvoi-des-epreuves-a-hydra\/#primaryimage"},"image":{"@id":"https:\/\/lasentinelle.dz\/index.php\/2023\/02\/19\/tournoi-international-itf-juniors-coup-denvoi-des-epreuves-a-hydra\/#primaryimage"},"thumbnailUrl":"https:\/\/lasentinelle.dz\/wp-content\/uploads\/2023\/02\/badache.jpeg","datePublished":"2023-02-19T21:00:00+00:00","breadcrumb":{"@id":"https:\/\/lasentinelle.dz\/index.php\/2023\/02\/19\/tournoi-international-itf-juniors-coup-denvoi-des-epreuves-a-hydra\/#breadcrumb"},"inLanguage":"fr-FR","potentialAction":[{"@type":"ReadAction","target":["https:\/\/lasentinelle.dz\/index.php\/2023\/02\/19\/tournoi-international-itf-juniors-coup-denvoi-des-epreuves-a-hydra\/"]}]},{"@type":"ImageObject","inLanguage":"fr-FR","@id":"https:\/\/lasentinelle.dz\/index.php\/2023\/02\/19\/tournoi-international-itf-juniors-coup-denvoi-des-epreuves-a-hydra\/#primaryimage","url":"https:\/\/lasentinelle.dz\/wp-content\/uploads\/2023\/02\/badache.jpeg","contentUrl":"https:\/\/lasentinelle.dz\/wp-content\/uploads\/2023\/02\/badache.jpeg","width":800,"height":497},{"@type":"BreadcrumbList","@id":"https:\/\/lasentinelle.dz\/index.php\/2023\/02\/19\/tournoi-international-itf-juniors-coup-denvoi-des-epreuves-a-hydra\/#breadcrumb","itemListElement":[{"@type":"ListItem","position":1,"name":"Accueil","item":"https:\/\/lasentinelle.dz\/"},{"@type":"ListItem","position":2,"name":"Tournoi international ITF Juniors\u00a0: Coup d&rsquo;envoi des \u00e9preuves \u00e0 Hydra"}]},{"@type":"WebSite","@id":"https:\/\/lasentinelle.dz\/#website","url":"https:\/\/lasentinelle.dz\/","name":"La Sentinelle","description":"Quotidien national d&#039;information","publisher":{"@id":"https:\/\/lasentinelle.dz\/#organization"},"potentialAction":[{"@type":"SearchAction","target":{"@type":"EntryPoint","urlTemplate":"https:\/\/lasentinelle.dz\/?s={search_term_string}"},"query-input":{"@type":"PropertyValueSpecification","valueRequired":true,"valueName":"search_term_string"}}],"inLanguage":"fr-FR"},{"@type":"Organization","@id":"https:\/\/lasentinelle.dz\/#organization","name":"Quotidien La Sentinelle","url":"https:\/\/lasentinelle.dz\/","logo":{"@type":"ImageObject","inLanguage":"fr-FR","@id":"https:\/\/lasentinelle.dz\/#\/schema\/logo\/image\/","url":"https:\/\/lasentinelle.dz\/wp-content\/uploads\/2021\/09\/logo-sentinelleSLOGAN-1.png","contentUrl":"https:\/\/lasentinelle.dz\/wp-content\/uploads\/2021\/09\/logo-sentinelleSLOGAN-1.png","width":615,"height":142,"caption":"Quotidien La Sentinelle"},"image":{"@id":"https:\/\/lasentinelle.dz\/#\/schema\/logo\/image\/"},"sameAs":["https:\/\/www.facebook.com\/La-Sentinelle-104059864394773"]},{"@type":"Person","@id":"https:\/\/lasentinelle.dz\/#\/schema\/person\/d865044e22e70a75174ce8bcad3acfb3","name":"La Sentinelle","image":{"@type":"ImageObject","inLanguage":"fr-FR","@id":"https:\/\/secure.gravatar.com\/avatar\/57de8e5d4b15d43fb361a71fbb36338450fe67865b528a43dd10ef7c51a20392?s=96&d=mm&r=g","url":"https:\/\/secure.gravatar.com\/avatar\/57de8e5d4b15d43fb361a71fbb36338450fe67865b528a43dd10ef7c51a20392?s=96&d=mm&r=g","contentUrl":"https:\/\/secure.gravatar.com\/avatar\/57de8e5d4b15d43fb361a71fbb36338450fe67865b528a43dd10ef7c51a20392?s=96&d=mm&r=g","caption":"La Sentinelle"},"sameAs":["http:\/\/www.lasentinelle.dz"],"url":"https:\/\/lasentinelle.dz\/author\/redaction\/"}]}},"_links":{"self":[{"href":"https:\/\/lasentinelle.dz\/index.php\/wp-json\/wp\/v2\/posts\/36419","targetHints":{"allow":["GET"]}}],"collection":[{"href":"https:\/\/lasentinelle.dz\/index.php\/wp-json\/wp\/v2\/posts"}],"about":[{"href":"https:\/\/lasentinelle.dz\/index.php\/wp-json\/wp\/v2\/types\/post"}],"author":[{"embeddable":true,"href":"https:\/\/lasentinelle.dz\/index.php\/wp-json\/wp\/v2\/users\/3"}],"replies":[{"embeddable":true,"href":"https:\/\/lasentinelle.dz\/index.php\/wp-json\/wp\/v2\/comments?post=36419"}],"version-history":[{"count":1,"href":"https:\/\/lasentinelle.dz\/index.php\/wp-json\/wp\/v2\/posts\/36419\/revisions"}],"predecessor-version":[{"id":36427,"href":"https:\/\/lasentinelle.dz\/index.php\/wp-json\/wp\/v2\/posts\/36419\/revisions\/36427"}],"wp:featuredmedia":[{"embeddable":true,"href":"https:\/\/lasentinelle.dz\/index.php\/wp-json\/wp\/v2\/media\/36425"}],"wp:attachment":[{"href":"https:\/\/lasentinelle.dz\/index.php\/wp-json\/wp\/v2\/media?parent=36419"}],"wp:term":[{"taxonomy":"category","embeddable":true,"href":"https:\/\/lasentinelle.dz\/index.php\/wp-json\/wp\/v2\/categories?post=36419"},{"taxonomy":"post_tag","embeddable":true,"href":"https:\/\/lasentinelle.dz\/index.php\/wp-json\/wp\/v2\/tags?post=36419"}],"curies":[{"name":"wp","href":"https:\/\/api.w.org\/{rel}","templated":true}]}}