{"id":36429,"date":"2023-02-19T22:08:00","date_gmt":"2023-02-19T21:08:00","guid":{"rendered":"https:\/\/lasentinelle.dz\/?p=36429"},"modified":"2023-02-19T20:03:48","modified_gmt":"2023-02-19T19:03:48","slug":"lutte-antiterroriste-en-afrique-tebboune-appelle-a-un-nouveau-plan-daction-continental","status":"publish","type":"post","link":"https:\/\/lasentinelle.dz\/index.php\/2023\/02\/19\/lutte-antiterroriste-en-afrique-tebboune-appelle-a-un-nouveau-plan-daction-continental\/","title":{"rendered":"Lutte antiterroriste en Afrique\u00a0: Tebboune appelle \u00e0 un nouveau plan d\u2019action continental"},"content":{"rendered":"\n<p>La pr\u00e9sence et le d\u00e9ploiement de groupes terroristes en Afrique et notamment au Sahel est aujourd\u2019hui source de r\u00e9elles inqui\u00e9tudes, non seulement pour les pays du voisinage, mais aussi au niveau international. Une situation qui impose une prise en charge r\u00e9elle, notamment au niveau africain et selon une approche qui d\u00e9passe la seule dimension s\u00e9curitaire de la question.<\/p>\n\n\n\n<p>C\u2019est dans ce contexte que le pr\u00e9sident de la R\u00e9publique, Abdelmadjid Tebboune a soulign\u00e9, hier dans une allocution en son nom par le Premier ministre, A\u00efmene Benabderrahmane, au 36e Sommet de l&rsquo;UA,\u00ab&nbsp;les d\u00e9fis complexes et interd\u00e9pendants auxquels le continent africain est confront\u00e9, \u00e0 leur t\u00eate le ph\u00e9nom\u00e8ne du terrorisme et de l&rsquo;extr\u00e9misme violent, les nombreux foyers de tension et les crises qui se sont gravement accentu\u00e9es&nbsp;\u00bb. Le Pr\u00e9sident de la R\u00e9publique a \u00e9galement rappel\u00e9 l&rsquo;augmentation effrayante des attaques terroristes durant l&rsquo;ann\u00e9e \u00e9coul\u00e9e, en termes de nombre, d&rsquo;\u00e9tendue g\u00e9ographique et d&rsquo;effusion de sang, des attaques, a-t-il dit, exacerb\u00e9es par \u00ab&nbsp;le retour des combattants terroristes \u00e9trangers, outre les liens confirm\u00e9s entre le terrorisme, le crime organis\u00e9 transfrontalier et l&rsquo;utilisation de l&rsquo;espace virtuel&nbsp;\u00bb.<\/p>\n\n\n\n<p>Le chef de l\u2019\u00c9tat a \u00e9galement consid\u00e9r\u00e9 que le terrorisme et la mont\u00e9e de l\u2019extr\u00e9misme<\/p>\n\n\n\n<p>constituent \u00ab\u00a0une v\u00e9ritable entrave au progr\u00e8s et au d\u00e9veloppement de nos pays\u00a0\u00bb, tout comme ils \u00ab\u00a0compromettent nos efforts communs de lutte contre la pauvret\u00e9 et pour la r\u00e9alisation de la justice sociale et la satisfaction des aspirations l\u00e9gitimes de nos peuples\u00a0\u00bb, a poursuivi le Pr\u00e9sident de la R\u00e9publique.<\/p>\n\n\n\n<p>Il a soulign\u00e9, dans ce contexte, que l&rsquo;activation progressive des diff\u00e9rentes composantes de la structure continentale de paix et de s\u00e9curit\u00e9 a eu \u00ab\u00a0un impact positif sur la r\u00e9duction des conflits en Afrique et l&rsquo;identification pr\u00e9coce des risques et menaces, le traitement rapide des foyers de tension, mais la complexit\u00e9 des d\u00e9fis impose cependant aux pays du contient de redoubler d&rsquo;efforts pour une activation compl\u00e8te de tous les m\u00e9canismes de pr\u00e9vention, de gestion et de r\u00e8glement des conflits\u00a0\u00bb.<\/p>\n\n\n\n<p>Dans ce sens, le Pr\u00e9sident Tebboune a r\u00e9it\u00e9r\u00e9 son appel \u00e0 acc\u00e9l\u00e9rer la mise en \u0153uvre des propositions pratiques formul\u00e9es par l&rsquo;Alg\u00e9rie, visant \u00e0 \u00ab\u00a0renforcer les m\u00e9canismes de l&rsquo;UA, \u00e0 l&rsquo;instar de l&rsquo;\u00e9laboration d&rsquo;un nouveau plan d&rsquo;action de l&rsquo;organisation dans la lutte antiterroriste, au lieu du plan d&rsquo;action de l&rsquo;ann\u00e9e 2003, qui est caduc\u00a0\u00bb. Il a en outre appel\u00e9 \u00e0 \u00ab\u00a0la dynamisation du sous-comit\u00e9 de lutte contre le terrorisme du Conseil de paix et de s\u00e9curit\u00e9, ainsi qu&rsquo;\u00e0 l&rsquo;\u00e9tablissement d&rsquo;une liste africaine des individus, groupes et entit\u00e9s impliqu\u00e9s dans des actes terroristes, y compris les combattants terroristes \u00e9trangers\u00a0\u00bb, et \u00e0 la \u00ab\u00a0concr\u00e9tisation du projet de mandat d&rsquo;arr\u00eat africain\u00a0\u00bb.<\/p>\n\n\n\n<p>Dans de son allocution, le Pr\u00e9sident Tebboune a \u00e9galement tenu \u00e0 r\u00e9it\u00e9rer les positions de principe de l\u2019Alg\u00e9rie ainsi que son r\u00f4le actif dans le r\u00e8glement des conflits sur le continent.<\/p>\n\n\n\n<p>Il a, ainsi, tenu \u00e0 \u00ab\u00a0r\u00e9it\u00e9rer le soutien ferme de l&rsquo;Alg\u00e9rie au droit du peuple sahraoui \u00e0 l&rsquo;autod\u00e9termination \u00e0 travers l&rsquo;organisation d&rsquo;un r\u00e9f\u00e9rendum libre et transparent, conform\u00e9ment aux chartes et aux r\u00e9solutions internationales\u00a0\u00bb.Il a soulign\u00e9, \u00e0 cet \u00e9gard, que \u00ab\u00a0les tentatives d\u00e9sesp\u00e9r\u00e9es d&rsquo;entraver le processus de d\u00e9colonisation en cours, et les d\u00e9cisions unilat\u00e9rales contraires au droit international et aux principes de l&rsquo;UA, ne sauraient en aucune mani\u00e8re l\u00e9gitimer l&rsquo;occupation des territoires sahraouies ni attenter au droit inali\u00e9nable du peuple sahraoui \u00e0 l&rsquo;autod\u00e9termination\u00a0\u00bb.Face \u00e0 ces d\u00e9veloppements dangereux, poursuit le Pr\u00e9sident de la R\u00e9publique, \u00ab\u00a0il est imp\u00e9ratif pour notre organisation d&rsquo;assumer toute sa responsabilit\u00e9 vis-\u00e0-vis de cette question et de jouer le r\u00f4le qui lui est assign\u00e9, selon sa ferme conviction en faveur de la d\u00e9colonisation\u00a0\u00bb.Concernant la situation au Mali, le Pr\u00e9sident de la R\u00e9publique a fait part de la d\u00e9termination de l&rsquo;Alg\u00e9rie \u00e0 \u00ab\u00a0contribuer \u00e0 aller de l&rsquo;avant dans le processus de r\u00e9conciliation nationale et \u00e0 \u0153uvrer avec les fr\u00e8res maliens en vue de donner un nouvel \u00e9lan \u00e0 cette d\u00e9marche issue du processus d&rsquo;Alger\u00a0\u00bb.<\/p>\n\n\n\n<p>Concernant le dossier libyen, le Pr\u00e9sident \u00e0 exhort\u00e9 les parties dans ce pays \u00e0 \u00ab\u00a0adh\u00e9rer au processus pacifique pour r\u00e9soudre la crise sans ing\u00e9rence \u00e9trang\u00e8re\u00a0\u00bb \u00e0 travers \u00ab\u00a0l&rsquo;adoption du dialogue pourvoyant \u00e0 une solution pacifique et consensuelle \u00e0 m\u00eame de pr\u00e9server l&rsquo;unit\u00e9 et la souverainet\u00e9 de la Lybie et renforcer l&rsquo;\u00e9dification de ses institutions\u00a0\u00bb, r\u00e9it\u00e9rant \u00ab\u00a0la pleine disposition de l&rsquo;Alg\u00e9rie \u00e0 contribuer \u00e0 toute action susceptible de rassembler tous les Libyens en vue de rapprocher les vues entre les acteurs de ce pays fr\u00e8re\u00a0\u00bb et \u00ab\u00a0parvenir \u00e0 un r\u00e8glement politique inclusif garantissant l&rsquo;unit\u00e9, la s\u00e9curit\u00e9 et la stabilit\u00e9 de la Libye\u00a0\u00bb.<\/p>\n\n\n\n<p><strong>Chokri Hafed<\/strong><\/p>\n","protected":false},"excerpt":{"rendered":"<p>La pr\u00e9sence et le d\u00e9ploiement de groupes terroristes en Afrique et notamment au Sahel est aujourd\u2019hui source de r\u00e9elles inqui\u00e9tudes,<\/p>\n","protected":false},"author":3,"featured_media":36364,"comment_status":"open","ping_status":"closed","sticky":false,"template":"","format":"standard","meta":{"colormag_page_container_layout":"default_layout","colormag_page_sidebar_layout":"default_layout","om_disable_all_campaigns":false,"_monsterinsights_skip_tracking":false,"_monsterinsights_sitenote_active":false,"_monsterinsights_sitenote_note":"","_monsterinsights_sitenote_category":0,"footnotes":"","_wpscppro_dont_share_socialmedia":false,"_wpscppro_custom_social_share_image":0,"_facebook_share_type":"","_twitter_share_type":"","_linkedin_share_type":"","_pinterest_share_type":"","_linkedin_share_type_page":"","_instagram_share_type":"","_medium_share_type":"","_threads_share_type":"","_google_business_share_type":"","_selected_social_profile":[],"_wpsp_enable_custom_social_template":false,"_wpsp_social_scheduling":{"enabled":false,"datetime":null,"platforms":[],"status":"template_only","dateOption":"today","timeOption":"now","customDays":"","customHours":"","customDate":"","customTime":"","schedulingType":"absolute"},"_wpsp_active_default_template":true},"categories":[52,27],"tags":[],"class_list":["post-36429","post","type-post","status-publish","format-standard","has-post-thumbnail","hentry","category-a-la-une","category-actualite"],"aioseo_notices":[],"yoast_head":"<!-- This site is optimized with the Yoast SEO plugin v27.5 - https:\/\/yoast.com\/product\/yoast-seo-wordpress\/ -->\n<title>Lutte antiterroriste en Afrique\u00a0: Tebboune appelle \u00e0 un nouveau plan d\u2019action continental - La Sentinelle<\/title>\n<meta name=\"robots\" content=\"index, follow, max-snippet:-1, max-image-preview:large, max-video-preview:-1\" \/>\n<link rel=\"canonical\" href=\"https:\/\/lasentinelle.dz\/index.php\/2023\/02\/19\/lutte-antiterroriste-en-afrique-tebboune-appelle-a-un-nouveau-plan-daction-continental\/\" \/>\n<meta property=\"og:locale\" content=\"fr_FR\" \/>\n<meta property=\"og:type\" content=\"article\" \/>\n<meta property=\"og:title\" content=\"Lutte antiterroriste en Afrique\u00a0: Tebboune appelle \u00e0 un nouveau plan d\u2019action continental - La Sentinelle\" \/>\n<meta property=\"og:description\" content=\"La pr\u00e9sence et le d\u00e9ploiement de groupes terroristes en Afrique et notamment au Sahel est aujourd\u2019hui source de r\u00e9elles inqui\u00e9tudes,\" \/>\n<meta property=\"og:url\" content=\"https:\/\/lasentinelle.dz\/index.php\/2023\/02\/19\/lutte-antiterroriste-en-afrique-tebboune-appelle-a-un-nouveau-plan-daction-continental\/\" \/>\n<meta property=\"og:site_name\" content=\"La Sentinelle\" \/>\n<meta property=\"article:publisher\" content=\"https:\/\/www.facebook.com\/La-Sentinelle-104059864394773\" \/>\n<meta property=\"article:published_time\" content=\"2023-02-19T21:08:00+00:00\" \/>\n<meta property=\"og:image\" content=\"https:\/\/lasentinelle.dz\/wp-content\/uploads\/2023\/02\/Sans-titre-1-10.png\" \/>\n\t<meta property=\"og:image:width\" content=\"1427\" \/>\n\t<meta property=\"og:image:height\" content=\"900\" \/>\n\t<meta property=\"og:image:type\" content=\"image\/png\" \/>\n<meta name=\"author\" content=\"La Sentinelle\" \/>\n<meta name=\"twitter:card\" content=\"summary_large_image\" \/>\n<meta name=\"twitter:label1\" content=\"\u00c9crit par\" \/>\n\t<meta name=\"twitter:data1\" content=\"La Sentinelle\" \/>\n\t<meta name=\"twitter:label2\" content=\"Dur\u00e9e de lecture estim\u00e9e\" \/>\n\t<meta name=\"twitter:data2\" content=\"4 minutes\" \/>\n<script type=\"application\/ld+json\" class=\"yoast-schema-graph\">{\"@context\":\"https:\\\/\\\/schema.org\",\"@graph\":[{\"@type\":\"Article\",\"@id\":\"https:\\\/\\\/lasentinelle.dz\\\/index.php\\\/2023\\\/02\\\/19\\\/lutte-antiterroriste-en-afrique-tebboune-appelle-a-un-nouveau-plan-daction-continental\\\/#article\",\"isPartOf\":{\"@id\":\"https:\\\/\\\/lasentinelle.dz\\\/index.php\\\/2023\\\/02\\\/19\\\/lutte-antiterroriste-en-afrique-tebboune-appelle-a-un-nouveau-plan-daction-continental\\\/\"},\"author\":{\"name\":\"La Sentinelle\",\"@id\":\"https:\\\/\\\/lasentinelle.dz\\\/#\\\/schema\\\/person\\\/d865044e22e70a75174ce8bcad3acfb3\"},\"headline\":\"Lutte antiterroriste en Afrique\u00a0: Tebboune appelle \u00e0 un nouveau plan d\u2019action continental\",\"datePublished\":\"2023-02-19T21:08:00+00:00\",\"mainEntityOfPage\":{\"@id\":\"https:\\\/\\\/lasentinelle.dz\\\/index.php\\\/2023\\\/02\\\/19\\\/lutte-antiterroriste-en-afrique-tebboune-appelle-a-un-nouveau-plan-daction-continental\\\/\"},\"wordCount\":882,\"commentCount\":0,\"publisher\":{\"@id\":\"https:\\\/\\\/lasentinelle.dz\\\/#organization\"},\"image\":{\"@id\":\"https:\\\/\\\/lasentinelle.dz\\\/index.php\\\/2023\\\/02\\\/19\\\/lutte-antiterroriste-en-afrique-tebboune-appelle-a-un-nouveau-plan-daction-continental\\\/#primaryimage\"},\"thumbnailUrl\":\"https:\\\/\\\/lasentinelle.dz\\\/wp-content\\\/uploads\\\/2023\\\/02\\\/Sans-titre-1-10.png\",\"articleSection\":[\"\u00c0 la Une\",\"Actualit\u00e9\"],\"inLanguage\":\"fr-FR\",\"potentialAction\":[{\"@type\":\"CommentAction\",\"name\":\"Comment\",\"target\":[\"https:\\\/\\\/lasentinelle.dz\\\/index.php\\\/2023\\\/02\\\/19\\\/lutte-antiterroriste-en-afrique-tebboune-appelle-a-un-nouveau-plan-daction-continental\\\/#respond\"]}]},{\"@type\":\"WebPage\",\"@id\":\"https:\\\/\\\/lasentinelle.dz\\\/index.php\\\/2023\\\/02\\\/19\\\/lutte-antiterroriste-en-afrique-tebboune-appelle-a-un-nouveau-plan-daction-continental\\\/\",\"url\":\"https:\\\/\\\/lasentinelle.dz\\\/index.php\\\/2023\\\/02\\\/19\\\/lutte-antiterroriste-en-afrique-tebboune-appelle-a-un-nouveau-plan-daction-continental\\\/\",\"name\":\"Lutte antiterroriste en Afrique\u00a0: Tebboune appelle \u00e0 un nouveau plan d\u2019action continental - La Sentinelle\",\"isPartOf\":{\"@id\":\"https:\\\/\\\/lasentinelle.dz\\\/#website\"},\"primaryImageOfPage\":{\"@id\":\"https:\\\/\\\/lasentinelle.dz\\\/index.php\\\/2023\\\/02\\\/19\\\/lutte-antiterroriste-en-afrique-tebboune-appelle-a-un-nouveau-plan-daction-continental\\\/#primaryimage\"},\"image\":{\"@id\":\"https:\\\/\\\/lasentinelle.dz\\\/index.php\\\/2023\\\/02\\\/19\\\/lutte-antiterroriste-en-afrique-tebboune-appelle-a-un-nouveau-plan-daction-continental\\\/#primaryimage\"},\"thumbnailUrl\":\"https:\\\/\\\/lasentinelle.dz\\\/wp-content\\\/uploads\\\/2023\\\/02\\\/Sans-titre-1-10.png\",\"datePublished\":\"2023-02-19T21:08:00+00:00\",\"breadcrumb\":{\"@id\":\"https:\\\/\\\/lasentinelle.dz\\\/index.php\\\/2023\\\/02\\\/19\\\/lutte-antiterroriste-en-afrique-tebboune-appelle-a-un-nouveau-plan-daction-continental\\\/#breadcrumb\"},\"inLanguage\":\"fr-FR\",\"potentialAction\":[{\"@type\":\"ReadAction\",\"target\":[\"https:\\\/\\\/lasentinelle.dz\\\/index.php\\\/2023\\\/02\\\/19\\\/lutte-antiterroriste-en-afrique-tebboune-appelle-a-un-nouveau-plan-daction-continental\\\/\"]}]},{\"@type\":\"ImageObject\",\"inLanguage\":\"fr-FR\",\"@id\":\"https:\\\/\\\/lasentinelle.dz\\\/index.php\\\/2023\\\/02\\\/19\\\/lutte-antiterroriste-en-afrique-tebboune-appelle-a-un-nouveau-plan-daction-continental\\\/#primaryimage\",\"url\":\"https:\\\/\\\/lasentinelle.dz\\\/wp-content\\\/uploads\\\/2023\\\/02\\\/Sans-titre-1-10.png\",\"contentUrl\":\"https:\\\/\\\/lasentinelle.dz\\\/wp-content\\\/uploads\\\/2023\\\/02\\\/Sans-titre-1-10.png\",\"width\":1427,\"height\":900},{\"@type\":\"BreadcrumbList\",\"@id\":\"https:\\\/\\\/lasentinelle.dz\\\/index.php\\\/2023\\\/02\\\/19\\\/lutte-antiterroriste-en-afrique-tebboune-appelle-a-un-nouveau-plan-daction-continental\\\/#breadcrumb\",\"itemListElement\":[{\"@type\":\"ListItem\",\"position\":1,\"name\":\"Accueil\",\"item\":\"https:\\\/\\\/lasentinelle.dz\\\/\"},{\"@type\":\"ListItem\",\"position\":2,\"name\":\"Lutte antiterroriste en Afrique\u00a0: Tebboune appelle \u00e0 un nouveau plan d\u2019action continental\"}]},{\"@type\":\"WebSite\",\"@id\":\"https:\\\/\\\/lasentinelle.dz\\\/#website\",\"url\":\"https:\\\/\\\/lasentinelle.dz\\\/\",\"name\":\"La Sentinelle\",\"description\":\"Quotidien national d&#039;information\",\"publisher\":{\"@id\":\"https:\\\/\\\/lasentinelle.dz\\\/#organization\"},\"potentialAction\":[{\"@type\":\"SearchAction\",\"target\":{\"@type\":\"EntryPoint\",\"urlTemplate\":\"https:\\\/\\\/lasentinelle.dz\\\/?s={search_term_string}\"},\"query-input\":{\"@type\":\"PropertyValueSpecification\",\"valueRequired\":true,\"valueName\":\"search_term_string\"}}],\"inLanguage\":\"fr-FR\"},{\"@type\":\"Organization\",\"@id\":\"https:\\\/\\\/lasentinelle.dz\\\/#organization\",\"name\":\"Quotidien La Sentinelle\",\"url\":\"https:\\\/\\\/lasentinelle.dz\\\/\",\"logo\":{\"@type\":\"ImageObject\",\"inLanguage\":\"fr-FR\",\"@id\":\"https:\\\/\\\/lasentinelle.dz\\\/#\\\/schema\\\/logo\\\/image\\\/\",\"url\":\"https:\\\/\\\/lasentinelle.dz\\\/wp-content\\\/uploads\\\/2021\\\/09\\\/logo-sentinelleSLOGAN-1.png\",\"contentUrl\":\"https:\\\/\\\/lasentinelle.dz\\\/wp-content\\\/uploads\\\/2021\\\/09\\\/logo-sentinelleSLOGAN-1.png\",\"width\":615,\"height\":142,\"caption\":\"Quotidien La Sentinelle\"},\"image\":{\"@id\":\"https:\\\/\\\/lasentinelle.dz\\\/#\\\/schema\\\/logo\\\/image\\\/\"},\"sameAs\":[\"https:\\\/\\\/www.facebook.com\\\/La-Sentinelle-104059864394773\"]},{\"@type\":\"Person\",\"@id\":\"https:\\\/\\\/lasentinelle.dz\\\/#\\\/schema\\\/person\\\/d865044e22e70a75174ce8bcad3acfb3\",\"name\":\"La Sentinelle\",\"image\":{\"@type\":\"ImageObject\",\"inLanguage\":\"fr-FR\",\"@id\":\"https:\\\/\\\/secure.gravatar.com\\\/avatar\\\/57de8e5d4b15d43fb361a71fbb36338450fe67865b528a43dd10ef7c51a20392?s=96&d=mm&r=g\",\"url\":\"https:\\\/\\\/secure.gravatar.com\\\/avatar\\\/57de8e5d4b15d43fb361a71fbb36338450fe67865b528a43dd10ef7c51a20392?s=96&d=mm&r=g\",\"contentUrl\":\"https:\\\/\\\/secure.gravatar.com\\\/avatar\\\/57de8e5d4b15d43fb361a71fbb36338450fe67865b528a43dd10ef7c51a20392?s=96&d=mm&r=g\",\"caption\":\"La Sentinelle\"},\"sameAs\":[\"http:\\\/\\\/www.lasentinelle.dz\"],\"url\":\"https:\\\/\\\/lasentinelle.dz\\\/author\\\/redaction\\\/\"}]}<\/script>\n<!-- \/ Yoast SEO plugin. -->","yoast_head_json":{"title":"Lutte antiterroriste en Afrique\u00a0: Tebboune appelle \u00e0 un nouveau plan d\u2019action continental - La Sentinelle","robots":{"index":"index","follow":"follow","max-snippet":"max-snippet:-1","max-image-preview":"max-image-preview:large","max-video-preview":"max-video-preview:-1"},"canonical":"https:\/\/lasentinelle.dz\/index.php\/2023\/02\/19\/lutte-antiterroriste-en-afrique-tebboune-appelle-a-un-nouveau-plan-daction-continental\/","og_locale":"fr_FR","og_type":"article","og_title":"Lutte antiterroriste en Afrique\u00a0: Tebboune appelle \u00e0 un nouveau plan d\u2019action continental - La Sentinelle","og_description":"La pr\u00e9sence et le d\u00e9ploiement de groupes terroristes en Afrique et notamment au Sahel est aujourd\u2019hui source de r\u00e9elles inqui\u00e9tudes,","og_url":"https:\/\/lasentinelle.dz\/index.php\/2023\/02\/19\/lutte-antiterroriste-en-afrique-tebboune-appelle-a-un-nouveau-plan-daction-continental\/","og_site_name":"La Sentinelle","article_publisher":"https:\/\/www.facebook.com\/La-Sentinelle-104059864394773","article_published_time":"2023-02-19T21:08:00+00:00","og_image":[{"width":1427,"height":900,"url":"https:\/\/lasentinelle.dz\/wp-content\/uploads\/2023\/02\/Sans-titre-1-10.png","type":"image\/png"}],"author":"La Sentinelle","twitter_card":"summary_large_image","twitter_misc":{"\u00c9crit par":"La Sentinelle","Dur\u00e9e de lecture estim\u00e9e":"4 minutes"},"schema":{"@context":"https:\/\/schema.org","@graph":[{"@type":"Article","@id":"https:\/\/lasentinelle.dz\/index.php\/2023\/02\/19\/lutte-antiterroriste-en-afrique-tebboune-appelle-a-un-nouveau-plan-daction-continental\/#article","isPartOf":{"@id":"https:\/\/lasentinelle.dz\/index.php\/2023\/02\/19\/lutte-antiterroriste-en-afrique-tebboune-appelle-a-un-nouveau-plan-daction-continental\/"},"author":{"name":"La Sentinelle","@id":"https:\/\/lasentinelle.dz\/#\/schema\/person\/d865044e22e70a75174ce8bcad3acfb3"},"headline":"Lutte antiterroriste en Afrique\u00a0: Tebboune appelle \u00e0 un nouveau plan d\u2019action continental","datePublished":"2023-02-19T21:08:00+00:00","mainEntityOfPage":{"@id":"https:\/\/lasentinelle.dz\/index.php\/2023\/02\/19\/lutte-antiterroriste-en-afrique-tebboune-appelle-a-un-nouveau-plan-daction-continental\/"},"wordCount":882,"commentCount":0,"publisher":{"@id":"https:\/\/lasentinelle.dz\/#organization"},"image":{"@id":"https:\/\/lasentinelle.dz\/index.php\/2023\/02\/19\/lutte-antiterroriste-en-afrique-tebboune-appelle-a-un-nouveau-plan-daction-continental\/#primaryimage"},"thumbnailUrl":"https:\/\/lasentinelle.dz\/wp-content\/uploads\/2023\/02\/Sans-titre-1-10.png","articleSection":["\u00c0 la Une","Actualit\u00e9"],"inLanguage":"fr-FR","potentialAction":[{"@type":"CommentAction","name":"Comment","target":["https:\/\/lasentinelle.dz\/index.php\/2023\/02\/19\/lutte-antiterroriste-en-afrique-tebboune-appelle-a-un-nouveau-plan-daction-continental\/#respond"]}]},{"@type":"WebPage","@id":"https:\/\/lasentinelle.dz\/index.php\/2023\/02\/19\/lutte-antiterroriste-en-afrique-tebboune-appelle-a-un-nouveau-plan-daction-continental\/","url":"https:\/\/lasentinelle.dz\/index.php\/2023\/02\/19\/lutte-antiterroriste-en-afrique-tebboune-appelle-a-un-nouveau-plan-daction-continental\/","name":"Lutte antiterroriste en Afrique\u00a0: Tebboune appelle \u00e0 un nouveau plan d\u2019action continental - La Sentinelle","isPartOf":{"@id":"https:\/\/lasentinelle.dz\/#website"},"primaryImageOfPage":{"@id":"https:\/\/lasentinelle.dz\/index.php\/2023\/02\/19\/lutte-antiterroriste-en-afrique-tebboune-appelle-a-un-nouveau-plan-daction-continental\/#primaryimage"},"image":{"@id":"https:\/\/lasentinelle.dz\/index.php\/2023\/02\/19\/lutte-antiterroriste-en-afrique-tebboune-appelle-a-un-nouveau-plan-daction-continental\/#primaryimage"},"thumbnailUrl":"https:\/\/lasentinelle.dz\/wp-content\/uploads\/2023\/02\/Sans-titre-1-10.png","datePublished":"2023-02-19T21:08:00+00:00","breadcrumb":{"@id":"https:\/\/lasentinelle.dz\/index.php\/2023\/02\/19\/lutte-antiterroriste-en-afrique-tebboune-appelle-a-un-nouveau-plan-daction-continental\/#breadcrumb"},"inLanguage":"fr-FR","potentialAction":[{"@type":"ReadAction","target":["https:\/\/lasentinelle.dz\/index.php\/2023\/02\/19\/lutte-antiterroriste-en-afrique-tebboune-appelle-a-un-nouveau-plan-daction-continental\/"]}]},{"@type":"ImageObject","inLanguage":"fr-FR","@id":"https:\/\/lasentinelle.dz\/index.php\/2023\/02\/19\/lutte-antiterroriste-en-afrique-tebboune-appelle-a-un-nouveau-plan-daction-continental\/#primaryimage","url":"https:\/\/lasentinelle.dz\/wp-content\/uploads\/2023\/02\/Sans-titre-1-10.png","contentUrl":"https:\/\/lasentinelle.dz\/wp-content\/uploads\/2023\/02\/Sans-titre-1-10.png","width":1427,"height":900},{"@type":"BreadcrumbList","@id":"https:\/\/lasentinelle.dz\/index.php\/2023\/02\/19\/lutte-antiterroriste-en-afrique-tebboune-appelle-a-un-nouveau-plan-daction-continental\/#breadcrumb","itemListElement":[{"@type":"ListItem","position":1,"name":"Accueil","item":"https:\/\/lasentinelle.dz\/"},{"@type":"ListItem","position":2,"name":"Lutte antiterroriste en Afrique\u00a0: Tebboune appelle \u00e0 un nouveau plan d\u2019action continental"}]},{"@type":"WebSite","@id":"https:\/\/lasentinelle.dz\/#website","url":"https:\/\/lasentinelle.dz\/","name":"La Sentinelle","description":"Quotidien national d&#039;information","publisher":{"@id":"https:\/\/lasentinelle.dz\/#organization"},"potentialAction":[{"@type":"SearchAction","target":{"@type":"EntryPoint","urlTemplate":"https:\/\/lasentinelle.dz\/?s={search_term_string}"},"query-input":{"@type":"PropertyValueSpecification","valueRequired":true,"valueName":"search_term_string"}}],"inLanguage":"fr-FR"},{"@type":"Organization","@id":"https:\/\/lasentinelle.dz\/#organization","name":"Quotidien La Sentinelle","url":"https:\/\/lasentinelle.dz\/","logo":{"@type":"ImageObject","inLanguage":"fr-FR","@id":"https:\/\/lasentinelle.dz\/#\/schema\/logo\/image\/","url":"https:\/\/lasentinelle.dz\/wp-content\/uploads\/2021\/09\/logo-sentinelleSLOGAN-1.png","contentUrl":"https:\/\/lasentinelle.dz\/wp-content\/uploads\/2021\/09\/logo-sentinelleSLOGAN-1.png","width":615,"height":142,"caption":"Quotidien La Sentinelle"},"image":{"@id":"https:\/\/lasentinelle.dz\/#\/schema\/logo\/image\/"},"sameAs":["https:\/\/www.facebook.com\/La-Sentinelle-104059864394773"]},{"@type":"Person","@id":"https:\/\/lasentinelle.dz\/#\/schema\/person\/d865044e22e70a75174ce8bcad3acfb3","name":"La Sentinelle","image":{"@type":"ImageObject","inLanguage":"fr-FR","@id":"https:\/\/secure.gravatar.com\/avatar\/57de8e5d4b15d43fb361a71fbb36338450fe67865b528a43dd10ef7c51a20392?s=96&d=mm&r=g","url":"https:\/\/secure.gravatar.com\/avatar\/57de8e5d4b15d43fb361a71fbb36338450fe67865b528a43dd10ef7c51a20392?s=96&d=mm&r=g","contentUrl":"https:\/\/secure.gravatar.com\/avatar\/57de8e5d4b15d43fb361a71fbb36338450fe67865b528a43dd10ef7c51a20392?s=96&d=mm&r=g","caption":"La Sentinelle"},"sameAs":["http:\/\/www.lasentinelle.dz"],"url":"https:\/\/lasentinelle.dz\/author\/redaction\/"}]}},"_links":{"self":[{"href":"https:\/\/lasentinelle.dz\/index.php\/wp-json\/wp\/v2\/posts\/36429","targetHints":{"allow":["GET"]}}],"collection":[{"href":"https:\/\/lasentinelle.dz\/index.php\/wp-json\/wp\/v2\/posts"}],"about":[{"href":"https:\/\/lasentinelle.dz\/index.php\/wp-json\/wp\/v2\/types\/post"}],"author":[{"embeddable":true,"href":"https:\/\/lasentinelle.dz\/index.php\/wp-json\/wp\/v2\/users\/3"}],"replies":[{"embeddable":true,"href":"https:\/\/lasentinelle.dz\/index.php\/wp-json\/wp\/v2\/comments?post=36429"}],"version-history":[{"count":2,"href":"https:\/\/lasentinelle.dz\/index.php\/wp-json\/wp\/v2\/posts\/36429\/revisions"}],"predecessor-version":[{"id":36464,"href":"https:\/\/lasentinelle.dz\/index.php\/wp-json\/wp\/v2\/posts\/36429\/revisions\/36464"}],"wp:featuredmedia":[{"embeddable":true,"href":"https:\/\/lasentinelle.dz\/index.php\/wp-json\/wp\/v2\/media\/36364"}],"wp:attachment":[{"href":"https:\/\/lasentinelle.dz\/index.php\/wp-json\/wp\/v2\/media?parent=36429"}],"wp:term":[{"taxonomy":"category","embeddable":true,"href":"https:\/\/lasentinelle.dz\/index.php\/wp-json\/wp\/v2\/categories?post=36429"},{"taxonomy":"post_tag","embeddable":true,"href":"https:\/\/lasentinelle.dz\/index.php\/wp-json\/wp\/v2\/tags?post=36429"}],"curies":[{"name":"wp","href":"https:\/\/api.w.org\/{rel}","templated":true}]}}