{"id":36433,"date":"2023-02-19T22:05:00","date_gmt":"2023-02-19T21:05:00","guid":{"rendered":"https:\/\/lasentinelle.dz\/?p=36433"},"modified":"2023-02-19T20:33:28","modified_gmt":"2023-02-19T19:33:28","slug":"pretendue-suspension-de-loctroi-de-visas-aux-francais-lalgerie-denonce-une-campagne-mensongere","status":"publish","type":"post","link":"https:\/\/lasentinelle.dz\/index.php\/2023\/02\/19\/pretendue-suspension-de-loctroi-de-visas-aux-francais-lalgerie-denonce-une-campagne-mensongere\/","title":{"rendered":"Pr\u00e9tendue suspension de l\u2019octroi de visas aux Fran\u00e7ais\u00a0: L&rsquo;Alg\u00e9rie d\u00e9nonce une campagne mensong\u00e8re"},"content":{"rendered":"\n<p>L&rsquo;Alg\u00e9rie a d\u00e9nonc\u00e9 une campagne mensong\u00e8re \u00e9manant de certains cercles hostiles all\u00e9guant une pr\u00e9tendue \u00ab\u00a0d\u00e9cision\u00a0\u00bb des autorit\u00e9s alg\u00e9riennes de suspendre la d\u00e9livrance de visas touristiques au profit des citoyens fran\u00e7ais, indique dimanche un communiqu\u00e9 du minist\u00e8re des Affaires \u00e9trang\u00e8res et de la Communaut\u00e9 nationale \u00e0 l&rsquo;\u00e9tranger.\u00a0\u00bbAu cours des derniers jours, il a \u00e9t\u00e9 relev\u00e9 une campagne mensong\u00e8re, \u00e9manant de certains cercles hostiles \u00e0 notre pays, all\u00e9guant une pr\u00e9tendue +d\u00e9cision+ des autorit\u00e9s alg\u00e9riennes de suspendre la d\u00e9livrance de visas touristiques au profit des citoyens fran\u00e7ais\u00a0\u00bb, lit-on dans le communiqu\u00e9. Le minist\u00e8re tient \u00e0 apporter un \u00ab\u00a0d\u00e9menti cat\u00e9gorique \u00e0 cette campagne de d\u00e9sinformation et pr\u00e9cise que les repr\u00e9sentations diplomatiques et consulaires alg\u00e9riennes \u00e0 l&rsquo;\u00e9tranger assurent de mani\u00e8re continue la prestation de services consulaires et continuent \u00e0 d\u00e9livrer, de la fa\u00e7on la plus normale, des visas touristiques aux ressortissants de l&rsquo;ensemble des pays tiers, y compris les fran\u00e7ais, d\u00e9sireux se rendre en Alg\u00e9rie\u00a0\u00bb.En outre, le minist\u00e8re pr\u00e9cise que depuis le d\u00e9but de cette ann\u00e9e, et dans le cadre de la promotion des destinations touristiques vers l&rsquo;Alg\u00e9rie, \u00ab\u00a0des mesures additionnelles de facilitation ont \u00e9t\u00e9 introduites, \u00e0 titre exceptionnel, en vue de permettre la d\u00e9livrance de visas de r\u00e9gularisation \u00e0 l&rsquo;arriv\u00e9e au territoire national (a\u00e9roports internationaux, postes frontaliers terrestres et portuaires) au profit des citoyens de pays tiers d\u00e9sirant se rendre, dans un cadre touristique et par le biais d&rsquo;agences de voyages, dans l&rsquo;une des vingt-quatre (24) wilayas du Sud du pays\u00a0\u00bb.&nbsp; Par ailleurs, \u00ab\u00a0les demandes de visas formul\u00e9es, \u00e0 titre priv\u00e9, continuent d&rsquo;\u00eatre trait\u00e9es au niveau des services consulaires alg\u00e9riens \u00e0 l&rsquo;\u00e9tranger, conform\u00e9ment \u00e0 la r\u00e9glementation et aux proc\u00e9dures en vigueur\u00a0\u00bb, conclut le communiqu\u00e9.<\/p>\n\n\n\n<p>APS<\/p>\n","protected":false},"excerpt":{"rendered":"<p>L&rsquo;Alg\u00e9rie a d\u00e9nonc\u00e9 une campagne mensong\u00e8re \u00e9manant de certains cercles hostiles all\u00e9guant une pr\u00e9tendue \u00ab\u00a0d\u00e9cision\u00a0\u00bb des autorit\u00e9s alg\u00e9riennes de suspendre<\/p>\n","protected":false},"author":3,"featured_media":36473,"comment_status":"open","ping_status":"closed","sticky":false,"template":"","format":"standard","meta":{"colormag_page_container_layout":"default_layout","colormag_page_sidebar_layout":"default_layout","om_disable_all_campaigns":false,"_monsterinsights_skip_tracking":false,"_monsterinsights_sitenote_active":false,"_monsterinsights_sitenote_note":"","_monsterinsights_sitenote_category":0,"footnotes":"","_wpscppro_dont_share_socialmedia":false,"_wpscppro_custom_social_share_image":0,"_facebook_share_type":"","_twitter_share_type":"","_linkedin_share_type":"","_pinterest_share_type":"","_linkedin_share_type_page":"","_instagram_share_type":"","_medium_share_type":"","_threads_share_type":"","_google_business_share_type":"","_selected_social_profile":[],"_wpsp_enable_custom_social_template":false,"_wpsp_social_scheduling":{"enabled":false,"datetime":null,"platforms":[],"status":"template_only","dateOption":"today","timeOption":"now","customDays":"","customHours":"","customDate":"","customTime":"","schedulingType":"absolute"},"_wpsp_active_default_template":true},"categories":[27],"tags":[],"class_list":["post-36433","post","type-post","status-publish","format-standard","has-post-thumbnail","hentry","category-actualite"],"aioseo_notices":[],"yoast_head":"<!-- This site is optimized with the Yoast SEO plugin v27.5 - https:\/\/yoast.com\/product\/yoast-seo-wordpress\/ -->\n<title>Pr\u00e9tendue suspension de l\u2019octroi de visas aux Fran\u00e7ais\u00a0: L&rsquo;Alg\u00e9rie d\u00e9nonce une campagne mensong\u00e8re - La Sentinelle<\/title>\n<meta name=\"robots\" content=\"index, follow, max-snippet:-1, max-image-preview:large, max-video-preview:-1\" \/>\n<link rel=\"canonical\" href=\"https:\/\/lasentinelle.dz\/index.php\/2023\/02\/19\/pretendue-suspension-de-loctroi-de-visas-aux-francais-lalgerie-denonce-une-campagne-mensongere\/\" \/>\n<meta property=\"og:locale\" content=\"fr_FR\" \/>\n<meta property=\"og:type\" content=\"article\" \/>\n<meta property=\"og:title\" content=\"Pr\u00e9tendue suspension de l\u2019octroi de visas aux Fran\u00e7ais\u00a0: L&rsquo;Alg\u00e9rie d\u00e9nonce une campagne mensong\u00e8re - La Sentinelle\" \/>\n<meta property=\"og:description\" content=\"L&rsquo;Alg\u00e9rie a d\u00e9nonc\u00e9 une campagne mensong\u00e8re \u00e9manant de certains cercles hostiles all\u00e9guant une pr\u00e9tendue \u00ab\u00a0d\u00e9cision\u00a0\u00bb des autorit\u00e9s alg\u00e9riennes de suspendre\" \/>\n<meta property=\"og:url\" content=\"https:\/\/lasentinelle.dz\/index.php\/2023\/02\/19\/pretendue-suspension-de-loctroi-de-visas-aux-francais-lalgerie-denonce-une-campagne-mensongere\/\" \/>\n<meta property=\"og:site_name\" content=\"La Sentinelle\" \/>\n<meta property=\"article:publisher\" content=\"https:\/\/www.facebook.com\/La-Sentinelle-104059864394773\" \/>\n<meta property=\"article:published_time\" content=\"2023-02-19T21:05:00+00:00\" \/>\n<meta property=\"og:image\" content=\"https:\/\/lasentinelle.dz\/wp-content\/uploads\/2023\/02\/image_2023-02-19_203128983.png\" \/>\n\t<meta property=\"og:image:width\" content=\"284\" \/>\n\t<meta property=\"og:image:height\" content=\"177\" \/>\n\t<meta property=\"og:image:type\" content=\"image\/png\" \/>\n<meta name=\"author\" content=\"La Sentinelle\" \/>\n<meta name=\"twitter:card\" content=\"summary_large_image\" \/>\n<meta name=\"twitter:label1\" content=\"\u00c9crit par\" \/>\n\t<meta name=\"twitter:data1\" content=\"La Sentinelle\" \/>\n\t<meta name=\"twitter:label2\" content=\"Dur\u00e9e de lecture estim\u00e9e\" \/>\n\t<meta name=\"twitter:data2\" content=\"2 minutes\" \/>\n<script type=\"application\/ld+json\" class=\"yoast-schema-graph\">{\"@context\":\"https:\\\/\\\/schema.org\",\"@graph\":[{\"@type\":\"Article\",\"@id\":\"https:\\\/\\\/lasentinelle.dz\\\/index.php\\\/2023\\\/02\\\/19\\\/pretendue-suspension-de-loctroi-de-visas-aux-francais-lalgerie-denonce-une-campagne-mensongere\\\/#article\",\"isPartOf\":{\"@id\":\"https:\\\/\\\/lasentinelle.dz\\\/index.php\\\/2023\\\/02\\\/19\\\/pretendue-suspension-de-loctroi-de-visas-aux-francais-lalgerie-denonce-une-campagne-mensongere\\\/\"},\"author\":{\"name\":\"La Sentinelle\",\"@id\":\"https:\\\/\\\/lasentinelle.dz\\\/#\\\/schema\\\/person\\\/d865044e22e70a75174ce8bcad3acfb3\"},\"headline\":\"Pr\u00e9tendue suspension de l\u2019octroi de visas aux Fran\u00e7ais\u00a0: L&rsquo;Alg\u00e9rie d\u00e9nonce une campagne mensong\u00e8re\",\"datePublished\":\"2023-02-19T21:05:00+00:00\",\"mainEntityOfPage\":{\"@id\":\"https:\\\/\\\/lasentinelle.dz\\\/index.php\\\/2023\\\/02\\\/19\\\/pretendue-suspension-de-loctroi-de-visas-aux-francais-lalgerie-denonce-une-campagne-mensongere\\\/\"},\"wordCount\":342,\"commentCount\":0,\"publisher\":{\"@id\":\"https:\\\/\\\/lasentinelle.dz\\\/#organization\"},\"image\":{\"@id\":\"https:\\\/\\\/lasentinelle.dz\\\/index.php\\\/2023\\\/02\\\/19\\\/pretendue-suspension-de-loctroi-de-visas-aux-francais-lalgerie-denonce-une-campagne-mensongere\\\/#primaryimage\"},\"thumbnailUrl\":\"https:\\\/\\\/lasentinelle.dz\\\/wp-content\\\/uploads\\\/2023\\\/02\\\/image_2023-02-19_203128983.png\",\"articleSection\":[\"Actualit\u00e9\"],\"inLanguage\":\"fr-FR\",\"potentialAction\":[{\"@type\":\"CommentAction\",\"name\":\"Comment\",\"target\":[\"https:\\\/\\\/lasentinelle.dz\\\/index.php\\\/2023\\\/02\\\/19\\\/pretendue-suspension-de-loctroi-de-visas-aux-francais-lalgerie-denonce-une-campagne-mensongere\\\/#respond\"]}]},{\"@type\":\"WebPage\",\"@id\":\"https:\\\/\\\/lasentinelle.dz\\\/index.php\\\/2023\\\/02\\\/19\\\/pretendue-suspension-de-loctroi-de-visas-aux-francais-lalgerie-denonce-une-campagne-mensongere\\\/\",\"url\":\"https:\\\/\\\/lasentinelle.dz\\\/index.php\\\/2023\\\/02\\\/19\\\/pretendue-suspension-de-loctroi-de-visas-aux-francais-lalgerie-denonce-une-campagne-mensongere\\\/\",\"name\":\"Pr\u00e9tendue suspension de l\u2019octroi de visas aux Fran\u00e7ais\u00a0: L&rsquo;Alg\u00e9rie d\u00e9nonce une campagne mensong\u00e8re - La Sentinelle\",\"isPartOf\":{\"@id\":\"https:\\\/\\\/lasentinelle.dz\\\/#website\"},\"primaryImageOfPage\":{\"@id\":\"https:\\\/\\\/lasentinelle.dz\\\/index.php\\\/2023\\\/02\\\/19\\\/pretendue-suspension-de-loctroi-de-visas-aux-francais-lalgerie-denonce-une-campagne-mensongere\\\/#primaryimage\"},\"image\":{\"@id\":\"https:\\\/\\\/lasentinelle.dz\\\/index.php\\\/2023\\\/02\\\/19\\\/pretendue-suspension-de-loctroi-de-visas-aux-francais-lalgerie-denonce-une-campagne-mensongere\\\/#primaryimage\"},\"thumbnailUrl\":\"https:\\\/\\\/lasentinelle.dz\\\/wp-content\\\/uploads\\\/2023\\\/02\\\/image_2023-02-19_203128983.png\",\"datePublished\":\"2023-02-19T21:05:00+00:00\",\"breadcrumb\":{\"@id\":\"https:\\\/\\\/lasentinelle.dz\\\/index.php\\\/2023\\\/02\\\/19\\\/pretendue-suspension-de-loctroi-de-visas-aux-francais-lalgerie-denonce-une-campagne-mensongere\\\/#breadcrumb\"},\"inLanguage\":\"fr-FR\",\"potentialAction\":[{\"@type\":\"ReadAction\",\"target\":[\"https:\\\/\\\/lasentinelle.dz\\\/index.php\\\/2023\\\/02\\\/19\\\/pretendue-suspension-de-loctroi-de-visas-aux-francais-lalgerie-denonce-une-campagne-mensongere\\\/\"]}]},{\"@type\":\"ImageObject\",\"inLanguage\":\"fr-FR\",\"@id\":\"https:\\\/\\\/lasentinelle.dz\\\/index.php\\\/2023\\\/02\\\/19\\\/pretendue-suspension-de-loctroi-de-visas-aux-francais-lalgerie-denonce-une-campagne-mensongere\\\/#primaryimage\",\"url\":\"https:\\\/\\\/lasentinelle.dz\\\/wp-content\\\/uploads\\\/2023\\\/02\\\/image_2023-02-19_203128983.png\",\"contentUrl\":\"https:\\\/\\\/lasentinelle.dz\\\/wp-content\\\/uploads\\\/2023\\\/02\\\/image_2023-02-19_203128983.png\",\"width\":284,\"height\":177},{\"@type\":\"BreadcrumbList\",\"@id\":\"https:\\\/\\\/lasentinelle.dz\\\/index.php\\\/2023\\\/02\\\/19\\\/pretendue-suspension-de-loctroi-de-visas-aux-francais-lalgerie-denonce-une-campagne-mensongere\\\/#breadcrumb\",\"itemListElement\":[{\"@type\":\"ListItem\",\"position\":1,\"name\":\"Accueil\",\"item\":\"https:\\\/\\\/lasentinelle.dz\\\/\"},{\"@type\":\"ListItem\",\"position\":2,\"name\":\"Pr\u00e9tendue suspension de l\u2019octroi de visas aux Fran\u00e7ais\u00a0: L&rsquo;Alg\u00e9rie d\u00e9nonce une campagne mensong\u00e8re\"}]},{\"@type\":\"WebSite\",\"@id\":\"https:\\\/\\\/lasentinelle.dz\\\/#website\",\"url\":\"https:\\\/\\\/lasentinelle.dz\\\/\",\"name\":\"La Sentinelle\",\"description\":\"Quotidien national d&#039;information\",\"publisher\":{\"@id\":\"https:\\\/\\\/lasentinelle.dz\\\/#organization\"},\"potentialAction\":[{\"@type\":\"SearchAction\",\"target\":{\"@type\":\"EntryPoint\",\"urlTemplate\":\"https:\\\/\\\/lasentinelle.dz\\\/?s={search_term_string}\"},\"query-input\":{\"@type\":\"PropertyValueSpecification\",\"valueRequired\":true,\"valueName\":\"search_term_string\"}}],\"inLanguage\":\"fr-FR\"},{\"@type\":\"Organization\",\"@id\":\"https:\\\/\\\/lasentinelle.dz\\\/#organization\",\"name\":\"Quotidien La Sentinelle\",\"url\":\"https:\\\/\\\/lasentinelle.dz\\\/\",\"logo\":{\"@type\":\"ImageObject\",\"inLanguage\":\"fr-FR\",\"@id\":\"https:\\\/\\\/lasentinelle.dz\\\/#\\\/schema\\\/logo\\\/image\\\/\",\"url\":\"https:\\\/\\\/lasentinelle.dz\\\/wp-content\\\/uploads\\\/2021\\\/09\\\/logo-sentinelleSLOGAN-1.png\",\"contentUrl\":\"https:\\\/\\\/lasentinelle.dz\\\/wp-content\\\/uploads\\\/2021\\\/09\\\/logo-sentinelleSLOGAN-1.png\",\"width\":615,\"height\":142,\"caption\":\"Quotidien La Sentinelle\"},\"image\":{\"@id\":\"https:\\\/\\\/lasentinelle.dz\\\/#\\\/schema\\\/logo\\\/image\\\/\"},\"sameAs\":[\"https:\\\/\\\/www.facebook.com\\\/La-Sentinelle-104059864394773\"]},{\"@type\":\"Person\",\"@id\":\"https:\\\/\\\/lasentinelle.dz\\\/#\\\/schema\\\/person\\\/d865044e22e70a75174ce8bcad3acfb3\",\"name\":\"La Sentinelle\",\"image\":{\"@type\":\"ImageObject\",\"inLanguage\":\"fr-FR\",\"@id\":\"https:\\\/\\\/secure.gravatar.com\\\/avatar\\\/57de8e5d4b15d43fb361a71fbb36338450fe67865b528a43dd10ef7c51a20392?s=96&d=mm&r=g\",\"url\":\"https:\\\/\\\/secure.gravatar.com\\\/avatar\\\/57de8e5d4b15d43fb361a71fbb36338450fe67865b528a43dd10ef7c51a20392?s=96&d=mm&r=g\",\"contentUrl\":\"https:\\\/\\\/secure.gravatar.com\\\/avatar\\\/57de8e5d4b15d43fb361a71fbb36338450fe67865b528a43dd10ef7c51a20392?s=96&d=mm&r=g\",\"caption\":\"La Sentinelle\"},\"sameAs\":[\"http:\\\/\\\/www.lasentinelle.dz\"],\"url\":\"https:\\\/\\\/lasentinelle.dz\\\/author\\\/redaction\\\/\"}]}<\/script>\n<!-- \/ Yoast SEO plugin. -->","yoast_head_json":{"title":"Pr\u00e9tendue suspension de l\u2019octroi de visas aux Fran\u00e7ais\u00a0: L&rsquo;Alg\u00e9rie d\u00e9nonce une campagne mensong\u00e8re - La Sentinelle","robots":{"index":"index","follow":"follow","max-snippet":"max-snippet:-1","max-image-preview":"max-image-preview:large","max-video-preview":"max-video-preview:-1"},"canonical":"https:\/\/lasentinelle.dz\/index.php\/2023\/02\/19\/pretendue-suspension-de-loctroi-de-visas-aux-francais-lalgerie-denonce-une-campagne-mensongere\/","og_locale":"fr_FR","og_type":"article","og_title":"Pr\u00e9tendue suspension de l\u2019octroi de visas aux Fran\u00e7ais\u00a0: L&rsquo;Alg\u00e9rie d\u00e9nonce une campagne mensong\u00e8re - La Sentinelle","og_description":"L&rsquo;Alg\u00e9rie a d\u00e9nonc\u00e9 une campagne mensong\u00e8re \u00e9manant de certains cercles hostiles all\u00e9guant une pr\u00e9tendue \u00ab\u00a0d\u00e9cision\u00a0\u00bb des autorit\u00e9s alg\u00e9riennes de suspendre","og_url":"https:\/\/lasentinelle.dz\/index.php\/2023\/02\/19\/pretendue-suspension-de-loctroi-de-visas-aux-francais-lalgerie-denonce-une-campagne-mensongere\/","og_site_name":"La Sentinelle","article_publisher":"https:\/\/www.facebook.com\/La-Sentinelle-104059864394773","article_published_time":"2023-02-19T21:05:00+00:00","og_image":[{"width":284,"height":177,"url":"https:\/\/lasentinelle.dz\/wp-content\/uploads\/2023\/02\/image_2023-02-19_203128983.png","type":"image\/png"}],"author":"La Sentinelle","twitter_card":"summary_large_image","twitter_misc":{"\u00c9crit par":"La Sentinelle","Dur\u00e9e de lecture estim\u00e9e":"2 minutes"},"schema":{"@context":"https:\/\/schema.org","@graph":[{"@type":"Article","@id":"https:\/\/lasentinelle.dz\/index.php\/2023\/02\/19\/pretendue-suspension-de-loctroi-de-visas-aux-francais-lalgerie-denonce-une-campagne-mensongere\/#article","isPartOf":{"@id":"https:\/\/lasentinelle.dz\/index.php\/2023\/02\/19\/pretendue-suspension-de-loctroi-de-visas-aux-francais-lalgerie-denonce-une-campagne-mensongere\/"},"author":{"name":"La Sentinelle","@id":"https:\/\/lasentinelle.dz\/#\/schema\/person\/d865044e22e70a75174ce8bcad3acfb3"},"headline":"Pr\u00e9tendue suspension de l\u2019octroi de visas aux Fran\u00e7ais\u00a0: L&rsquo;Alg\u00e9rie d\u00e9nonce une campagne mensong\u00e8re","datePublished":"2023-02-19T21:05:00+00:00","mainEntityOfPage":{"@id":"https:\/\/lasentinelle.dz\/index.php\/2023\/02\/19\/pretendue-suspension-de-loctroi-de-visas-aux-francais-lalgerie-denonce-une-campagne-mensongere\/"},"wordCount":342,"commentCount":0,"publisher":{"@id":"https:\/\/lasentinelle.dz\/#organization"},"image":{"@id":"https:\/\/lasentinelle.dz\/index.php\/2023\/02\/19\/pretendue-suspension-de-loctroi-de-visas-aux-francais-lalgerie-denonce-une-campagne-mensongere\/#primaryimage"},"thumbnailUrl":"https:\/\/lasentinelle.dz\/wp-content\/uploads\/2023\/02\/image_2023-02-19_203128983.png","articleSection":["Actualit\u00e9"],"inLanguage":"fr-FR","potentialAction":[{"@type":"CommentAction","name":"Comment","target":["https:\/\/lasentinelle.dz\/index.php\/2023\/02\/19\/pretendue-suspension-de-loctroi-de-visas-aux-francais-lalgerie-denonce-une-campagne-mensongere\/#respond"]}]},{"@type":"WebPage","@id":"https:\/\/lasentinelle.dz\/index.php\/2023\/02\/19\/pretendue-suspension-de-loctroi-de-visas-aux-francais-lalgerie-denonce-une-campagne-mensongere\/","url":"https:\/\/lasentinelle.dz\/index.php\/2023\/02\/19\/pretendue-suspension-de-loctroi-de-visas-aux-francais-lalgerie-denonce-une-campagne-mensongere\/","name":"Pr\u00e9tendue suspension de l\u2019octroi de visas aux Fran\u00e7ais\u00a0: L&rsquo;Alg\u00e9rie d\u00e9nonce une campagne mensong\u00e8re - La Sentinelle","isPartOf":{"@id":"https:\/\/lasentinelle.dz\/#website"},"primaryImageOfPage":{"@id":"https:\/\/lasentinelle.dz\/index.php\/2023\/02\/19\/pretendue-suspension-de-loctroi-de-visas-aux-francais-lalgerie-denonce-une-campagne-mensongere\/#primaryimage"},"image":{"@id":"https:\/\/lasentinelle.dz\/index.php\/2023\/02\/19\/pretendue-suspension-de-loctroi-de-visas-aux-francais-lalgerie-denonce-une-campagne-mensongere\/#primaryimage"},"thumbnailUrl":"https:\/\/lasentinelle.dz\/wp-content\/uploads\/2023\/02\/image_2023-02-19_203128983.png","datePublished":"2023-02-19T21:05:00+00:00","breadcrumb":{"@id":"https:\/\/lasentinelle.dz\/index.php\/2023\/02\/19\/pretendue-suspension-de-loctroi-de-visas-aux-francais-lalgerie-denonce-une-campagne-mensongere\/#breadcrumb"},"inLanguage":"fr-FR","potentialAction":[{"@type":"ReadAction","target":["https:\/\/lasentinelle.dz\/index.php\/2023\/02\/19\/pretendue-suspension-de-loctroi-de-visas-aux-francais-lalgerie-denonce-une-campagne-mensongere\/"]}]},{"@type":"ImageObject","inLanguage":"fr-FR","@id":"https:\/\/lasentinelle.dz\/index.php\/2023\/02\/19\/pretendue-suspension-de-loctroi-de-visas-aux-francais-lalgerie-denonce-une-campagne-mensongere\/#primaryimage","url":"https:\/\/lasentinelle.dz\/wp-content\/uploads\/2023\/02\/image_2023-02-19_203128983.png","contentUrl":"https:\/\/lasentinelle.dz\/wp-content\/uploads\/2023\/02\/image_2023-02-19_203128983.png","width":284,"height":177},{"@type":"BreadcrumbList","@id":"https:\/\/lasentinelle.dz\/index.php\/2023\/02\/19\/pretendue-suspension-de-loctroi-de-visas-aux-francais-lalgerie-denonce-une-campagne-mensongere\/#breadcrumb","itemListElement":[{"@type":"ListItem","position":1,"name":"Accueil","item":"https:\/\/lasentinelle.dz\/"},{"@type":"ListItem","position":2,"name":"Pr\u00e9tendue suspension de l\u2019octroi de visas aux Fran\u00e7ais\u00a0: L&rsquo;Alg\u00e9rie d\u00e9nonce une campagne mensong\u00e8re"}]},{"@type":"WebSite","@id":"https:\/\/lasentinelle.dz\/#website","url":"https:\/\/lasentinelle.dz\/","name":"La Sentinelle","description":"Quotidien national d&#039;information","publisher":{"@id":"https:\/\/lasentinelle.dz\/#organization"},"potentialAction":[{"@type":"SearchAction","target":{"@type":"EntryPoint","urlTemplate":"https:\/\/lasentinelle.dz\/?s={search_term_string}"},"query-input":{"@type":"PropertyValueSpecification","valueRequired":true,"valueName":"search_term_string"}}],"inLanguage":"fr-FR"},{"@type":"Organization","@id":"https:\/\/lasentinelle.dz\/#organization","name":"Quotidien La Sentinelle","url":"https:\/\/lasentinelle.dz\/","logo":{"@type":"ImageObject","inLanguage":"fr-FR","@id":"https:\/\/lasentinelle.dz\/#\/schema\/logo\/image\/","url":"https:\/\/lasentinelle.dz\/wp-content\/uploads\/2021\/09\/logo-sentinelleSLOGAN-1.png","contentUrl":"https:\/\/lasentinelle.dz\/wp-content\/uploads\/2021\/09\/logo-sentinelleSLOGAN-1.png","width":615,"height":142,"caption":"Quotidien La Sentinelle"},"image":{"@id":"https:\/\/lasentinelle.dz\/#\/schema\/logo\/image\/"},"sameAs":["https:\/\/www.facebook.com\/La-Sentinelle-104059864394773"]},{"@type":"Person","@id":"https:\/\/lasentinelle.dz\/#\/schema\/person\/d865044e22e70a75174ce8bcad3acfb3","name":"La Sentinelle","image":{"@type":"ImageObject","inLanguage":"fr-FR","@id":"https:\/\/secure.gravatar.com\/avatar\/57de8e5d4b15d43fb361a71fbb36338450fe67865b528a43dd10ef7c51a20392?s=96&d=mm&r=g","url":"https:\/\/secure.gravatar.com\/avatar\/57de8e5d4b15d43fb361a71fbb36338450fe67865b528a43dd10ef7c51a20392?s=96&d=mm&r=g","contentUrl":"https:\/\/secure.gravatar.com\/avatar\/57de8e5d4b15d43fb361a71fbb36338450fe67865b528a43dd10ef7c51a20392?s=96&d=mm&r=g","caption":"La Sentinelle"},"sameAs":["http:\/\/www.lasentinelle.dz"],"url":"https:\/\/lasentinelle.dz\/author\/redaction\/"}]}},"_links":{"self":[{"href":"https:\/\/lasentinelle.dz\/index.php\/wp-json\/wp\/v2\/posts\/36433","targetHints":{"allow":["GET"]}}],"collection":[{"href":"https:\/\/lasentinelle.dz\/index.php\/wp-json\/wp\/v2\/posts"}],"about":[{"href":"https:\/\/lasentinelle.dz\/index.php\/wp-json\/wp\/v2\/types\/post"}],"author":[{"embeddable":true,"href":"https:\/\/lasentinelle.dz\/index.php\/wp-json\/wp\/v2\/users\/3"}],"replies":[{"embeddable":true,"href":"https:\/\/lasentinelle.dz\/index.php\/wp-json\/wp\/v2\/comments?post=36433"}],"version-history":[{"count":1,"href":"https:\/\/lasentinelle.dz\/index.php\/wp-json\/wp\/v2\/posts\/36433\/revisions"}],"predecessor-version":[{"id":36474,"href":"https:\/\/lasentinelle.dz\/index.php\/wp-json\/wp\/v2\/posts\/36433\/revisions\/36474"}],"wp:featuredmedia":[{"embeddable":true,"href":"https:\/\/lasentinelle.dz\/index.php\/wp-json\/wp\/v2\/media\/36473"}],"wp:attachment":[{"href":"https:\/\/lasentinelle.dz\/index.php\/wp-json\/wp\/v2\/media?parent=36433"}],"wp:term":[{"taxonomy":"category","embeddable":true,"href":"https:\/\/lasentinelle.dz\/index.php\/wp-json\/wp\/v2\/categories?post=36433"},{"taxonomy":"post_tag","embeddable":true,"href":"https:\/\/lasentinelle.dz\/index.php\/wp-json\/wp\/v2\/tags?post=36433"}],"curies":[{"name":"wp","href":"https:\/\/api.w.org\/{rel}","templated":true}]}}