{"id":36481,"date":"2023-02-20T22:00:00","date_gmt":"2023-02-20T21:00:00","guid":{"rendered":"https:\/\/lasentinelle.dz\/?p=36481"},"modified":"2023-02-20T16:32:06","modified_gmt":"2023-02-20T15:32:06","slug":"burkina-faso-au-moins-huit-soldats-tues-lors-dune-attaque-dans-le-nord","status":"publish","type":"post","link":"https:\/\/lasentinelle.dz\/index.php\/2023\/02\/20\/burkina-faso-au-moins-huit-soldats-tues-lors-dune-attaque-dans-le-nord\/","title":{"rendered":"Burkina Faso\u00a0: Au moins huit soldats tu\u00e9s lors d&rsquo;une attaque dans le Nord"},"content":{"rendered":"\n<p>Au moins huit soldats ont \u00e9t\u00e9 tu\u00e9s vendredi lors d&rsquo;une embuscade tendue vendredi par des terroristes dans le nord du Burkina Faso, a annonc\u00e9 hier l&rsquo;arm\u00e9e burkinab\u00e9. \u00c0 la suite de cette embuscade contre une \u00abunit\u00e9 militaire entre Deou et Oursi (Province de l&rsquo;Oudalan, r\u00e9gion du Sahel)\u00bb vendredi, \u00ables unit\u00e9s envoy\u00e9es en renfort (&#8230;) proc\u00e8dent jusqu&rsquo;\u00e0 pr\u00e9sent \u00e0 des op\u00e9rations de ratissage\u00bb, indique un communiqu\u00e9 de l&rsquo;\u00e9tat-major de l&rsquo;arm\u00e9e. \u00ab\u00c0 ce stade des op\u00e9rations, les constats permettent d&rsquo;\u00e9tablir le bilan provisoire suivant : 8 corps de militaires retrouv\u00e9s sur le champ de bataille, 3 bless\u00e9s \u00e9vacu\u00e9s et pris en charge\u00bb et \u00abplusieurs militaires toujours recherch\u00e9s\u00bb, ajoute-t-il. L&rsquo;arm\u00e9e affirme que \u00abune soixantaine de terroristes ont \u00e9t\u00e9 tu\u00e9s lors de la contre-offensive a\u00e9rienne qui a vis\u00e9 les colonnes ennemies qui tentaient de s&rsquo;exfiltrer en direction de la fronti\u00e8re au nord\u00bb, vers le Mali. \u00abSept v\u00e9hicules arm\u00e9s et des dizaines de motos ont \u00e9galement \u00e9t\u00e9 d\u00e9truits\u00bb. \u00abTous les moyens sont actuellement mis en \u0153uvre pour retrouver les militaires qui manquent encore \u00e0 l&rsquo;appel\u00bb, affirme l&rsquo;arm\u00e9e, sans en pr\u00e9ciser le nombre. Elle \u00abinvite\u00bb \u00e0 \u00abne pas diffuser des bilans qui ne sont corrobor\u00e9s par aucune constatation sur le terrain\u00bb. Les raids meurtriers attribu\u00e9s \u00e0 des terroristes se multiplient ces derni\u00e8res semaines au Burkina. Plus de cent personnes &#8211; civils et militaires &#8211; sont mortes au cours des deux derni\u00e8res ann\u00e9es, selon un d\u00e9compte de l&rsquo;AFP. Le Burkina Faso, th\u00e9\u00e2tre de deux coups d&rsquo;\u00c9tat militaires en 2022, est pris depuis 2015 dans une spirale de violences terroristes apparues au Mali et au Niger quelques ann\u00e9es auparavant et qui s&rsquo;est \u00e9tendue au-del\u00e0 de leurs fronti\u00e8res. Les violences ont fait plus de 10.000 morts &#8211; civils et militaires &#8211; selon des ONG, et quelque deux millions de d\u00e9plac\u00e9s.<\/p>\n\n\n\n<p>K.L.et agences<\/p>\n","protected":false},"excerpt":{"rendered":"<p>Au moins huit soldats ont \u00e9t\u00e9 tu\u00e9s vendredi lors d&rsquo;une embuscade tendue vendredi par des terroristes dans le nord du<\/p>\n","protected":false},"author":3,"featured_media":36499,"comment_status":"open","ping_status":"closed","sticky":false,"template":"","format":"standard","meta":{"colormag_page_container_layout":"default_layout","colormag_page_sidebar_layout":"default_layout","om_disable_all_campaigns":false,"_monsterinsights_skip_tracking":false,"_monsterinsights_sitenote_active":false,"_monsterinsights_sitenote_note":"","_monsterinsights_sitenote_category":0,"footnotes":"","_wpscppro_dont_share_socialmedia":false,"_wpscppro_custom_social_share_image":0,"_facebook_share_type":"","_twitter_share_type":"","_linkedin_share_type":"","_pinterest_share_type":"","_linkedin_share_type_page":"","_instagram_share_type":"","_medium_share_type":"","_threads_share_type":"","_google_business_share_type":"","_selected_social_profile":[],"_wpsp_enable_custom_social_template":false,"_wpsp_social_scheduling":{"enabled":false,"datetime":null,"platforms":[],"status":"template_only","dateOption":"today","timeOption":"now","customDays":"","customHours":"","customDate":"","customTime":"","schedulingType":"absolute"},"_wpsp_active_default_template":true},"categories":[37],"tags":[],"class_list":["post-36481","post","type-post","status-publish","format-standard","has-post-thumbnail","hentry","category-monde"],"aioseo_notices":[],"yoast_head":"<!-- This site is optimized with the Yoast SEO plugin v27.4 - https:\/\/yoast.com\/product\/yoast-seo-wordpress\/ -->\n<title>Burkina Faso\u00a0: Au moins huit soldats tu\u00e9s lors d&rsquo;une attaque dans le Nord - La Sentinelle<\/title>\n<meta name=\"robots\" content=\"index, follow, max-snippet:-1, max-image-preview:large, max-video-preview:-1\" \/>\n<link rel=\"canonical\" href=\"https:\/\/lasentinelle.dz\/index.php\/2023\/02\/20\/burkina-faso-au-moins-huit-soldats-tues-lors-dune-attaque-dans-le-nord\/\" \/>\n<meta property=\"og:locale\" content=\"fr_FR\" \/>\n<meta property=\"og:type\" content=\"article\" \/>\n<meta property=\"og:title\" content=\"Burkina Faso\u00a0: Au moins huit soldats tu\u00e9s lors d&rsquo;une attaque dans le Nord - La Sentinelle\" \/>\n<meta property=\"og:description\" content=\"Au moins huit soldats ont \u00e9t\u00e9 tu\u00e9s vendredi lors d&rsquo;une embuscade tendue vendredi par des terroristes dans le nord du\" \/>\n<meta property=\"og:url\" content=\"https:\/\/lasentinelle.dz\/index.php\/2023\/02\/20\/burkina-faso-au-moins-huit-soldats-tues-lors-dune-attaque-dans-le-nord\/\" \/>\n<meta property=\"og:site_name\" content=\"La Sentinelle\" \/>\n<meta property=\"article:publisher\" content=\"https:\/\/www.facebook.com\/La-Sentinelle-104059864394773\" \/>\n<meta property=\"article:published_time\" content=\"2023-02-20T21:00:00+00:00\" \/>\n<meta property=\"og:image\" content=\"https:\/\/lasentinelle.dz\/wp-content\/uploads\/2023\/02\/image_2023-02-20_163137187.png\" \/>\n\t<meta property=\"og:image:width\" content=\"670\" \/>\n\t<meta property=\"og:image:height\" content=\"395\" \/>\n\t<meta property=\"og:image:type\" content=\"image\/png\" \/>\n<meta name=\"author\" content=\"La Sentinelle\" \/>\n<meta name=\"twitter:card\" content=\"summary_large_image\" \/>\n<meta name=\"twitter:label1\" content=\"\u00c9crit par\" \/>\n\t<meta name=\"twitter:data1\" content=\"La Sentinelle\" \/>\n\t<meta name=\"twitter:label2\" content=\"Dur\u00e9e de lecture estim\u00e9e\" \/>\n\t<meta name=\"twitter:data2\" content=\"2 minutes\" \/>\n<script type=\"application\/ld+json\" class=\"yoast-schema-graph\">{\"@context\":\"https:\\\/\\\/schema.org\",\"@graph\":[{\"@type\":\"Article\",\"@id\":\"https:\\\/\\\/lasentinelle.dz\\\/index.php\\\/2023\\\/02\\\/20\\\/burkina-faso-au-moins-huit-soldats-tues-lors-dune-attaque-dans-le-nord\\\/#article\",\"isPartOf\":{\"@id\":\"https:\\\/\\\/lasentinelle.dz\\\/index.php\\\/2023\\\/02\\\/20\\\/burkina-faso-au-moins-huit-soldats-tues-lors-dune-attaque-dans-le-nord\\\/\"},\"author\":{\"name\":\"La Sentinelle\",\"@id\":\"https:\\\/\\\/lasentinelle.dz\\\/#\\\/schema\\\/person\\\/d865044e22e70a75174ce8bcad3acfb3\"},\"headline\":\"Burkina Faso\u00a0: Au moins huit soldats tu\u00e9s lors d&rsquo;une attaque dans le Nord\",\"datePublished\":\"2023-02-20T21:00:00+00:00\",\"mainEntityOfPage\":{\"@id\":\"https:\\\/\\\/lasentinelle.dz\\\/index.php\\\/2023\\\/02\\\/20\\\/burkina-faso-au-moins-huit-soldats-tues-lors-dune-attaque-dans-le-nord\\\/\"},\"wordCount\":345,\"commentCount\":0,\"publisher\":{\"@id\":\"https:\\\/\\\/lasentinelle.dz\\\/#organization\"},\"image\":{\"@id\":\"https:\\\/\\\/lasentinelle.dz\\\/index.php\\\/2023\\\/02\\\/20\\\/burkina-faso-au-moins-huit-soldats-tues-lors-dune-attaque-dans-le-nord\\\/#primaryimage\"},\"thumbnailUrl\":\"https:\\\/\\\/lasentinelle.dz\\\/wp-content\\\/uploads\\\/2023\\\/02\\\/image_2023-02-20_163137187.png\",\"articleSection\":[\"Monde\"],\"inLanguage\":\"fr-FR\",\"potentialAction\":[{\"@type\":\"CommentAction\",\"name\":\"Comment\",\"target\":[\"https:\\\/\\\/lasentinelle.dz\\\/index.php\\\/2023\\\/02\\\/20\\\/burkina-faso-au-moins-huit-soldats-tues-lors-dune-attaque-dans-le-nord\\\/#respond\"]}]},{\"@type\":\"WebPage\",\"@id\":\"https:\\\/\\\/lasentinelle.dz\\\/index.php\\\/2023\\\/02\\\/20\\\/burkina-faso-au-moins-huit-soldats-tues-lors-dune-attaque-dans-le-nord\\\/\",\"url\":\"https:\\\/\\\/lasentinelle.dz\\\/index.php\\\/2023\\\/02\\\/20\\\/burkina-faso-au-moins-huit-soldats-tues-lors-dune-attaque-dans-le-nord\\\/\",\"name\":\"Burkina Faso\u00a0: Au moins huit soldats tu\u00e9s lors d&rsquo;une attaque dans le Nord - La Sentinelle\",\"isPartOf\":{\"@id\":\"https:\\\/\\\/lasentinelle.dz\\\/#website\"},\"primaryImageOfPage\":{\"@id\":\"https:\\\/\\\/lasentinelle.dz\\\/index.php\\\/2023\\\/02\\\/20\\\/burkina-faso-au-moins-huit-soldats-tues-lors-dune-attaque-dans-le-nord\\\/#primaryimage\"},\"image\":{\"@id\":\"https:\\\/\\\/lasentinelle.dz\\\/index.php\\\/2023\\\/02\\\/20\\\/burkina-faso-au-moins-huit-soldats-tues-lors-dune-attaque-dans-le-nord\\\/#primaryimage\"},\"thumbnailUrl\":\"https:\\\/\\\/lasentinelle.dz\\\/wp-content\\\/uploads\\\/2023\\\/02\\\/image_2023-02-20_163137187.png\",\"datePublished\":\"2023-02-20T21:00:00+00:00\",\"breadcrumb\":{\"@id\":\"https:\\\/\\\/lasentinelle.dz\\\/index.php\\\/2023\\\/02\\\/20\\\/burkina-faso-au-moins-huit-soldats-tues-lors-dune-attaque-dans-le-nord\\\/#breadcrumb\"},\"inLanguage\":\"fr-FR\",\"potentialAction\":[{\"@type\":\"ReadAction\",\"target\":[\"https:\\\/\\\/lasentinelle.dz\\\/index.php\\\/2023\\\/02\\\/20\\\/burkina-faso-au-moins-huit-soldats-tues-lors-dune-attaque-dans-le-nord\\\/\"]}]},{\"@type\":\"ImageObject\",\"inLanguage\":\"fr-FR\",\"@id\":\"https:\\\/\\\/lasentinelle.dz\\\/index.php\\\/2023\\\/02\\\/20\\\/burkina-faso-au-moins-huit-soldats-tues-lors-dune-attaque-dans-le-nord\\\/#primaryimage\",\"url\":\"https:\\\/\\\/lasentinelle.dz\\\/wp-content\\\/uploads\\\/2023\\\/02\\\/image_2023-02-20_163137187.png\",\"contentUrl\":\"https:\\\/\\\/lasentinelle.dz\\\/wp-content\\\/uploads\\\/2023\\\/02\\\/image_2023-02-20_163137187.png\",\"width\":670,\"height\":395},{\"@type\":\"BreadcrumbList\",\"@id\":\"https:\\\/\\\/lasentinelle.dz\\\/index.php\\\/2023\\\/02\\\/20\\\/burkina-faso-au-moins-huit-soldats-tues-lors-dune-attaque-dans-le-nord\\\/#breadcrumb\",\"itemListElement\":[{\"@type\":\"ListItem\",\"position\":1,\"name\":\"Accueil\",\"item\":\"https:\\\/\\\/lasentinelle.dz\\\/\"},{\"@type\":\"ListItem\",\"position\":2,\"name\":\"Burkina Faso\u00a0: Au moins huit soldats tu\u00e9s lors d&rsquo;une attaque dans le Nord\"}]},{\"@type\":\"WebSite\",\"@id\":\"https:\\\/\\\/lasentinelle.dz\\\/#website\",\"url\":\"https:\\\/\\\/lasentinelle.dz\\\/\",\"name\":\"La Sentinelle\",\"description\":\"Quotidien national d&#039;information\",\"publisher\":{\"@id\":\"https:\\\/\\\/lasentinelle.dz\\\/#organization\"},\"potentialAction\":[{\"@type\":\"SearchAction\",\"target\":{\"@type\":\"EntryPoint\",\"urlTemplate\":\"https:\\\/\\\/lasentinelle.dz\\\/?s={search_term_string}\"},\"query-input\":{\"@type\":\"PropertyValueSpecification\",\"valueRequired\":true,\"valueName\":\"search_term_string\"}}],\"inLanguage\":\"fr-FR\"},{\"@type\":\"Organization\",\"@id\":\"https:\\\/\\\/lasentinelle.dz\\\/#organization\",\"name\":\"Quotidien La Sentinelle\",\"url\":\"https:\\\/\\\/lasentinelle.dz\\\/\",\"logo\":{\"@type\":\"ImageObject\",\"inLanguage\":\"fr-FR\",\"@id\":\"https:\\\/\\\/lasentinelle.dz\\\/#\\\/schema\\\/logo\\\/image\\\/\",\"url\":\"https:\\\/\\\/lasentinelle.dz\\\/wp-content\\\/uploads\\\/2021\\\/09\\\/logo-sentinelleSLOGAN-1.png\",\"contentUrl\":\"https:\\\/\\\/lasentinelle.dz\\\/wp-content\\\/uploads\\\/2021\\\/09\\\/logo-sentinelleSLOGAN-1.png\",\"width\":615,\"height\":142,\"caption\":\"Quotidien La Sentinelle\"},\"image\":{\"@id\":\"https:\\\/\\\/lasentinelle.dz\\\/#\\\/schema\\\/logo\\\/image\\\/\"},\"sameAs\":[\"https:\\\/\\\/www.facebook.com\\\/La-Sentinelle-104059864394773\"]},{\"@type\":\"Person\",\"@id\":\"https:\\\/\\\/lasentinelle.dz\\\/#\\\/schema\\\/person\\\/d865044e22e70a75174ce8bcad3acfb3\",\"name\":\"La Sentinelle\",\"image\":{\"@type\":\"ImageObject\",\"inLanguage\":\"fr-FR\",\"@id\":\"https:\\\/\\\/secure.gravatar.com\\\/avatar\\\/57de8e5d4b15d43fb361a71fbb36338450fe67865b528a43dd10ef7c51a20392?s=96&d=mm&r=g\",\"url\":\"https:\\\/\\\/secure.gravatar.com\\\/avatar\\\/57de8e5d4b15d43fb361a71fbb36338450fe67865b528a43dd10ef7c51a20392?s=96&d=mm&r=g\",\"contentUrl\":\"https:\\\/\\\/secure.gravatar.com\\\/avatar\\\/57de8e5d4b15d43fb361a71fbb36338450fe67865b528a43dd10ef7c51a20392?s=96&d=mm&r=g\",\"caption\":\"La Sentinelle\"},\"sameAs\":[\"http:\\\/\\\/www.lasentinelle.dz\"],\"url\":\"https:\\\/\\\/lasentinelle.dz\\\/author\\\/redaction\\\/\"}]}<\/script>\n<!-- \/ Yoast SEO plugin. -->","yoast_head_json":{"title":"Burkina Faso\u00a0: Au moins huit soldats tu\u00e9s lors d&rsquo;une attaque dans le Nord - La Sentinelle","robots":{"index":"index","follow":"follow","max-snippet":"max-snippet:-1","max-image-preview":"max-image-preview:large","max-video-preview":"max-video-preview:-1"},"canonical":"https:\/\/lasentinelle.dz\/index.php\/2023\/02\/20\/burkina-faso-au-moins-huit-soldats-tues-lors-dune-attaque-dans-le-nord\/","og_locale":"fr_FR","og_type":"article","og_title":"Burkina Faso\u00a0: Au moins huit soldats tu\u00e9s lors d&rsquo;une attaque dans le Nord - La Sentinelle","og_description":"Au moins huit soldats ont \u00e9t\u00e9 tu\u00e9s vendredi lors d&rsquo;une embuscade tendue vendredi par des terroristes dans le nord du","og_url":"https:\/\/lasentinelle.dz\/index.php\/2023\/02\/20\/burkina-faso-au-moins-huit-soldats-tues-lors-dune-attaque-dans-le-nord\/","og_site_name":"La Sentinelle","article_publisher":"https:\/\/www.facebook.com\/La-Sentinelle-104059864394773","article_published_time":"2023-02-20T21:00:00+00:00","og_image":[{"width":670,"height":395,"url":"https:\/\/lasentinelle.dz\/wp-content\/uploads\/2023\/02\/image_2023-02-20_163137187.png","type":"image\/png"}],"author":"La Sentinelle","twitter_card":"summary_large_image","twitter_misc":{"\u00c9crit par":"La Sentinelle","Dur\u00e9e de lecture estim\u00e9e":"2 minutes"},"schema":{"@context":"https:\/\/schema.org","@graph":[{"@type":"Article","@id":"https:\/\/lasentinelle.dz\/index.php\/2023\/02\/20\/burkina-faso-au-moins-huit-soldats-tues-lors-dune-attaque-dans-le-nord\/#article","isPartOf":{"@id":"https:\/\/lasentinelle.dz\/index.php\/2023\/02\/20\/burkina-faso-au-moins-huit-soldats-tues-lors-dune-attaque-dans-le-nord\/"},"author":{"name":"La Sentinelle","@id":"https:\/\/lasentinelle.dz\/#\/schema\/person\/d865044e22e70a75174ce8bcad3acfb3"},"headline":"Burkina Faso\u00a0: Au moins huit soldats tu\u00e9s lors d&rsquo;une attaque dans le Nord","datePublished":"2023-02-20T21:00:00+00:00","mainEntityOfPage":{"@id":"https:\/\/lasentinelle.dz\/index.php\/2023\/02\/20\/burkina-faso-au-moins-huit-soldats-tues-lors-dune-attaque-dans-le-nord\/"},"wordCount":345,"commentCount":0,"publisher":{"@id":"https:\/\/lasentinelle.dz\/#organization"},"image":{"@id":"https:\/\/lasentinelle.dz\/index.php\/2023\/02\/20\/burkina-faso-au-moins-huit-soldats-tues-lors-dune-attaque-dans-le-nord\/#primaryimage"},"thumbnailUrl":"https:\/\/lasentinelle.dz\/wp-content\/uploads\/2023\/02\/image_2023-02-20_163137187.png","articleSection":["Monde"],"inLanguage":"fr-FR","potentialAction":[{"@type":"CommentAction","name":"Comment","target":["https:\/\/lasentinelle.dz\/index.php\/2023\/02\/20\/burkina-faso-au-moins-huit-soldats-tues-lors-dune-attaque-dans-le-nord\/#respond"]}]},{"@type":"WebPage","@id":"https:\/\/lasentinelle.dz\/index.php\/2023\/02\/20\/burkina-faso-au-moins-huit-soldats-tues-lors-dune-attaque-dans-le-nord\/","url":"https:\/\/lasentinelle.dz\/index.php\/2023\/02\/20\/burkina-faso-au-moins-huit-soldats-tues-lors-dune-attaque-dans-le-nord\/","name":"Burkina Faso\u00a0: Au moins huit soldats tu\u00e9s lors d&rsquo;une attaque dans le Nord - La Sentinelle","isPartOf":{"@id":"https:\/\/lasentinelle.dz\/#website"},"primaryImageOfPage":{"@id":"https:\/\/lasentinelle.dz\/index.php\/2023\/02\/20\/burkina-faso-au-moins-huit-soldats-tues-lors-dune-attaque-dans-le-nord\/#primaryimage"},"image":{"@id":"https:\/\/lasentinelle.dz\/index.php\/2023\/02\/20\/burkina-faso-au-moins-huit-soldats-tues-lors-dune-attaque-dans-le-nord\/#primaryimage"},"thumbnailUrl":"https:\/\/lasentinelle.dz\/wp-content\/uploads\/2023\/02\/image_2023-02-20_163137187.png","datePublished":"2023-02-20T21:00:00+00:00","breadcrumb":{"@id":"https:\/\/lasentinelle.dz\/index.php\/2023\/02\/20\/burkina-faso-au-moins-huit-soldats-tues-lors-dune-attaque-dans-le-nord\/#breadcrumb"},"inLanguage":"fr-FR","potentialAction":[{"@type":"ReadAction","target":["https:\/\/lasentinelle.dz\/index.php\/2023\/02\/20\/burkina-faso-au-moins-huit-soldats-tues-lors-dune-attaque-dans-le-nord\/"]}]},{"@type":"ImageObject","inLanguage":"fr-FR","@id":"https:\/\/lasentinelle.dz\/index.php\/2023\/02\/20\/burkina-faso-au-moins-huit-soldats-tues-lors-dune-attaque-dans-le-nord\/#primaryimage","url":"https:\/\/lasentinelle.dz\/wp-content\/uploads\/2023\/02\/image_2023-02-20_163137187.png","contentUrl":"https:\/\/lasentinelle.dz\/wp-content\/uploads\/2023\/02\/image_2023-02-20_163137187.png","width":670,"height":395},{"@type":"BreadcrumbList","@id":"https:\/\/lasentinelle.dz\/index.php\/2023\/02\/20\/burkina-faso-au-moins-huit-soldats-tues-lors-dune-attaque-dans-le-nord\/#breadcrumb","itemListElement":[{"@type":"ListItem","position":1,"name":"Accueil","item":"https:\/\/lasentinelle.dz\/"},{"@type":"ListItem","position":2,"name":"Burkina Faso\u00a0: Au moins huit soldats tu\u00e9s lors d&rsquo;une attaque dans le Nord"}]},{"@type":"WebSite","@id":"https:\/\/lasentinelle.dz\/#website","url":"https:\/\/lasentinelle.dz\/","name":"La Sentinelle","description":"Quotidien national d&#039;information","publisher":{"@id":"https:\/\/lasentinelle.dz\/#organization"},"potentialAction":[{"@type":"SearchAction","target":{"@type":"EntryPoint","urlTemplate":"https:\/\/lasentinelle.dz\/?s={search_term_string}"},"query-input":{"@type":"PropertyValueSpecification","valueRequired":true,"valueName":"search_term_string"}}],"inLanguage":"fr-FR"},{"@type":"Organization","@id":"https:\/\/lasentinelle.dz\/#organization","name":"Quotidien La Sentinelle","url":"https:\/\/lasentinelle.dz\/","logo":{"@type":"ImageObject","inLanguage":"fr-FR","@id":"https:\/\/lasentinelle.dz\/#\/schema\/logo\/image\/","url":"https:\/\/lasentinelle.dz\/wp-content\/uploads\/2021\/09\/logo-sentinelleSLOGAN-1.png","contentUrl":"https:\/\/lasentinelle.dz\/wp-content\/uploads\/2021\/09\/logo-sentinelleSLOGAN-1.png","width":615,"height":142,"caption":"Quotidien La Sentinelle"},"image":{"@id":"https:\/\/lasentinelle.dz\/#\/schema\/logo\/image\/"},"sameAs":["https:\/\/www.facebook.com\/La-Sentinelle-104059864394773"]},{"@type":"Person","@id":"https:\/\/lasentinelle.dz\/#\/schema\/person\/d865044e22e70a75174ce8bcad3acfb3","name":"La Sentinelle","image":{"@type":"ImageObject","inLanguage":"fr-FR","@id":"https:\/\/secure.gravatar.com\/avatar\/57de8e5d4b15d43fb361a71fbb36338450fe67865b528a43dd10ef7c51a20392?s=96&d=mm&r=g","url":"https:\/\/secure.gravatar.com\/avatar\/57de8e5d4b15d43fb361a71fbb36338450fe67865b528a43dd10ef7c51a20392?s=96&d=mm&r=g","contentUrl":"https:\/\/secure.gravatar.com\/avatar\/57de8e5d4b15d43fb361a71fbb36338450fe67865b528a43dd10ef7c51a20392?s=96&d=mm&r=g","caption":"La Sentinelle"},"sameAs":["http:\/\/www.lasentinelle.dz"],"url":"https:\/\/lasentinelle.dz\/author\/redaction\/"}]}},"_links":{"self":[{"href":"https:\/\/lasentinelle.dz\/index.php\/wp-json\/wp\/v2\/posts\/36481","targetHints":{"allow":["GET"]}}],"collection":[{"href":"https:\/\/lasentinelle.dz\/index.php\/wp-json\/wp\/v2\/posts"}],"about":[{"href":"https:\/\/lasentinelle.dz\/index.php\/wp-json\/wp\/v2\/types\/post"}],"author":[{"embeddable":true,"href":"https:\/\/lasentinelle.dz\/index.php\/wp-json\/wp\/v2\/users\/3"}],"replies":[{"embeddable":true,"href":"https:\/\/lasentinelle.dz\/index.php\/wp-json\/wp\/v2\/comments?post=36481"}],"version-history":[{"count":2,"href":"https:\/\/lasentinelle.dz\/index.php\/wp-json\/wp\/v2\/posts\/36481\/revisions"}],"predecessor-version":[{"id":36502,"href":"https:\/\/lasentinelle.dz\/index.php\/wp-json\/wp\/v2\/posts\/36481\/revisions\/36502"}],"wp:featuredmedia":[{"embeddable":true,"href":"https:\/\/lasentinelle.dz\/index.php\/wp-json\/wp\/v2\/media\/36499"}],"wp:attachment":[{"href":"https:\/\/lasentinelle.dz\/index.php\/wp-json\/wp\/v2\/media?parent=36481"}],"wp:term":[{"taxonomy":"category","embeddable":true,"href":"https:\/\/lasentinelle.dz\/index.php\/wp-json\/wp\/v2\/categories?post=36481"},{"taxonomy":"post_tag","embeddable":true,"href":"https:\/\/lasentinelle.dz\/index.php\/wp-json\/wp\/v2\/tags?post=36481"}],"curies":[{"name":"wp","href":"https:\/\/api.w.org\/{rel}","templated":true}]}}