{"id":36508,"date":"2023-02-20T22:00:00","date_gmt":"2023-02-20T21:00:00","guid":{"rendered":"https:\/\/lasentinelle.dz\/?p=36508"},"modified":"2023-02-20T16:43:17","modified_gmt":"2023-02-20T15:43:17","slug":"championnats-dafrique-de-cyclisme-24-medailles-glanees-par-lalgerie","status":"publish","type":"post","link":"https:\/\/lasentinelle.dz\/index.php\/2023\/02\/20\/championnats-dafrique-de-cyclisme-24-medailles-glanees-par-lalgerie\/","title":{"rendered":"Championnats d&rsquo;Afrique de cyclisme\u00a0: 24 m\u00e9dailles glan\u00e9es par l&rsquo;Alg\u00e9rie"},"content":{"rendered":"\n<p class=\"wp-block-paragraph\">Avec un total de 24 m\u00e9dailles dont 8 en or, la participation des cyclistes alg\u00e9riens au dernier Championnat d&rsquo;Afrique sur route qui s&rsquo;est d\u00e9roul\u00e9 \u00e0 Accra (Ghana) a \u00e9t\u00e9 jug\u00e9e \u00a0\u00bbtr\u00e8s satisfaisante\u00a0\u00bb \u00e0 l&rsquo;issue de la cl\u00f4ture vendredi de la comp\u00e9tition.Les athl\u00e8tes alg\u00e9riens ont surtout remport\u00e9 trois qualifications aux Jeux Olympiques et Paralympiques de 2024.<\/p>\n\n\n\n<p class=\"wp-block-paragraph\">Vingt et une de ces m\u00e9dailles (8 or, 6 argent et 7 bronze) ont \u00e9t\u00e9 d\u00e9croch\u00e9es par les s\u00e9lections nationales (messieurs et dames) dans diff\u00e9rentes cat\u00e9gories d&rsquo;\u00e2ge, alors que les trois autres m\u00e9dailles (une or, une argent et une bronze) ont \u00e9t\u00e9 d\u00e9croch\u00e9es dans les \u00e9preuves du para-cyclisme.Zinedine Merabet avait glan\u00e9 une m\u00e9daille d&rsquo;or et une autre en bronze, alors qu&rsquo;Aymen Medjber s&rsquo;\u00e9tait content\u00e9 d&rsquo;une seule m\u00e9daille, en argent, dans la course en ligne.Mais ce qui a le plus donn\u00e9 satisfaction aux responsables de la discipline, c&rsquo;est la qualification de ce tandem pour les Jeux paralympiques de 2024 de Paris, ainsi que celle de leur compatriote Hamza Yacine, qui s&rsquo;est qualifi\u00e9 pour les Jeux Olympiques d&rsquo;\u00e9t\u00e9 de la m\u00eame ann\u00e9e, qui auront lieu \u00e0 Paris (France).La 9e \u00e9dition des Championnats d&rsquo;Afrique sur route s&rsquo;\u00e9tait d\u00e9roul\u00e9e du 8 au 13 f\u00e9vrier \u00e0 Accra. Elle a \u00e9t\u00e9 imm\u00e9diatement suivie de la premi\u00e8re \u00e9dition des Championnats d&rsquo;Afrique de para-cyclisme, disput\u00e9s les 16-17 du m\u00eame mois, \u00e9galement dans la capitale ghan\u00e9enne.La comp\u00e9tition avait enregistr\u00e9 la participation de dix-neuf Nations, dont l&rsquo;Alg\u00e9rie qui a engag\u00e9 33 coureurs dans diff\u00e9rentes cat\u00e9gories d&rsquo;\u00e2ge, encadr\u00e9s par treize techniciens, rappelle-t-on.<\/p>\n\n\n\n<p class=\"wp-block-paragraph\">APS<\/p>\n","protected":false},"excerpt":{"rendered":"<p>Avec un total de 24 m\u00e9dailles dont 8 en or, la participation des cyclistes alg\u00e9riens au dernier Championnat d&rsquo;Afrique sur<\/p>\n","protected":false},"author":3,"featured_media":36514,"comment_status":"open","ping_status":"closed","sticky":false,"template":"","format":"standard","meta":{"colormag_page_container_layout":"default_layout","colormag_page_sidebar_layout":"default_layout","om_disable_all_campaigns":false,"_monsterinsights_skip_tracking":false,"footnotes":"","_wpscppro_dont_share_socialmedia":false,"_wpscppro_custom_social_share_image":0,"_facebook_share_type":"","_twitter_share_type":"","_linkedin_share_type":"","_pinterest_share_type":"","_linkedin_share_type_page":"","_instagram_share_type":"","_medium_share_type":"","_threads_share_type":"","_google_business_share_type":"","_bluesky_share_type":"","_mastodon_share_type":"","_selected_social_profile":[],"_wpsp_enable_custom_social_template":false,"_wpsp_social_scheduling":{"enabled":false,"datetime":null,"platforms":[],"status":"template_only","dateOption":"today","timeOption":"now","customDays":"","customHours":"","customDate":"","customTime":"","schedulingType":"absolute"},"_wpsp_active_default_template":true},"categories":[33],"tags":[],"class_list":["post-36508","post","type-post","status-publish","format-standard","has-post-thumbnail","hentry","category-sports"],"aioseo_notices":[],"aioseo_head":"\n\t\t<!-- All in One SEO 5.0.0.1 - aioseo.com -->\n\t<meta name=\"description\" content=\"Avec un total de 24 m\u00e9dailles dont 8 en or, la participation des cyclistes alg\u00e9riens au dernier Championnat d&#039;Afrique sur route qui s&#039;est d\u00e9roul\u00e9 \u00e0 Accra (Ghana) a \u00e9t\u00e9 jug\u00e9e &#039;&#039;tr\u00e8s satisfaisante&#039;&#039; \u00e0 l&#039;issue de la cl\u00f4ture vendredi de la comp\u00e9tition.Les athl\u00e8tes alg\u00e9riens ont surtout remport\u00e9 trois qualifications aux Jeux Olympiques et Paralympiques de 2024.\" \/>\n\t<meta name=\"robots\" content=\"max-image-preview:large\" \/>\n\t<meta name=\"author\" content=\"La Sentinelle\"\/>\n\t<link rel=\"canonical\" href=\"https:\/\/lasentinelle.dz\/index.php\/2023\/02\/20\/championnats-dafrique-de-cyclisme-24-medailles-glanees-par-lalgerie\/\" \/>\n\t<meta name=\"generator\" content=\"All in One SEO (AIOSEO) 5.0.0.1\" \/>\n\t\t<meta property=\"og:locale\" content=\"fr_FR\" \/>\n\t\t<meta property=\"og:site_name\" content=\"La Sentinelle - Quotidien national d&#039;information\" \/>\n\t\t<meta property=\"og:type\" content=\"article\" \/>\n\t\t<meta property=\"og:title\" content=\"Championnats d\u2019Afrique de cyclisme : 24 m\u00e9dailles glan\u00e9es par l\u2019Alg\u00e9rie - La Sentinelle\" \/>\n\t\t<meta property=\"og:description\" content=\"Avec un total de 24 m\u00e9dailles dont 8 en or, la participation des cyclistes alg\u00e9riens au dernier Championnat d&#039;Afrique sur route qui s&#039;est d\u00e9roul\u00e9 \u00e0 Accra (Ghana) a \u00e9t\u00e9 jug\u00e9e &#039;&#039;tr\u00e8s satisfaisante&#039;&#039; \u00e0 l&#039;issue de la cl\u00f4ture vendredi de la comp\u00e9tition.Les athl\u00e8tes alg\u00e9riens ont surtout remport\u00e9 trois qualifications aux Jeux Olympiques et Paralympiques de 2024.\" \/>\n\t\t<meta property=\"og:url\" content=\"https:\/\/lasentinelle.dz\/index.php\/2023\/02\/20\/championnats-dafrique-de-cyclisme-24-medailles-glanees-par-lalgerie\/\" \/>\n\t\t<meta property=\"og:image\" content=\"https:\/\/lasentinelle.dz\/wp-content\/uploads\/2021\/09\/cropped-la-sentinelle-earth-golden-anima-5.gif\" \/>\n\t\t<meta property=\"og:image:secure_url\" content=\"https:\/\/lasentinelle.dz\/wp-content\/uploads\/2021\/09\/cropped-la-sentinelle-earth-golden-anima-5.gif\" \/>\n\t\t<meta property=\"og:image:width\" content=\"450\" \/>\n\t\t<meta property=\"og:image:height\" content=\"213\" \/>\n\t\t<meta property=\"article:published_time\" content=\"2023-02-20T21:00:00+00:00\" \/>\n\t\t<meta property=\"article:modified_time\" content=\"2023-02-20T15:43:17+00:00\" \/>\n\t\t<meta property=\"article:publisher\" content=\"https:\/\/www.facebook.com\/azzedine.lasentinelle.1\" \/>\n\t\t<meta name=\"twitter:card\" content=\"summary_large_image\" \/>\n\t\t<meta name=\"twitter:title\" content=\"Championnats d\u2019Afrique de cyclisme : 24 m\u00e9dailles glan\u00e9es par l\u2019Alg\u00e9rie - La Sentinelle\" \/>\n\t\t<meta name=\"twitter:description\" content=\"Avec un total de 24 m\u00e9dailles dont 8 en or, la participation des cyclistes alg\u00e9riens au dernier Championnat d&#039;Afrique sur route qui s&#039;est d\u00e9roul\u00e9 \u00e0 Accra (Ghana) a \u00e9t\u00e9 jug\u00e9e &#039;&#039;tr\u00e8s satisfaisante&#039;&#039; \u00e0 l&#039;issue de la cl\u00f4ture vendredi de la comp\u00e9tition.Les athl\u00e8tes alg\u00e9riens ont surtout remport\u00e9 trois qualifications aux Jeux Olympiques et Paralympiques de 2024.\" \/>\n\t\t<meta name=\"twitter:image\" content=\"https:\/\/lasentinelle.dz\/wp-content\/uploads\/2021\/09\/cropped-la-sentinelle-earth-golden-anima-5.gif\" \/>\n\t\t<script type=\"application\/ld+json\" class=\"aioseo-schema\">\n\t\t\t{\"@context\":\"https:\\\/\\\/schema.org\",\"@graph\":[{\"@type\":\"BlogPosting\",\"@id\":\"https:\\\/\\\/lasentinelle.dz\\\/index.php\\\/2023\\\/02\\\/20\\\/championnats-dafrique-de-cyclisme-24-medailles-glanees-par-lalgerie\\\/#blogposting\",\"name\":\"Championnats d\\u2019Afrique de cyclisme : 24 m\\u00e9dailles glan\\u00e9es par l\\u2019Alg\\u00e9rie - La Sentinelle\",\"headline\":\"Championnats d&rsquo;Afrique de cyclisme\\u00a0: 24 m\\u00e9dailles glan\\u00e9es par l&rsquo;Alg\\u00e9rie\",\"author\":{\"@id\":\"https:\\\/\\\/lasentinelle.dz\\\/author\\\/redaction\\\/#author\"},\"publisher\":{\"@id\":\"https:\\\/\\\/lasentinelle.dz\\\/#organization\"},\"image\":{\"@type\":\"ImageObject\",\"url\":\"https:\\\/\\\/lasentinelle.dz\\\/wp-content\\\/uploads\\\/2023\\\/02\\\/cyclisme-1.jpeg\",\"width\":1024,\"height\":768},\"datePublished\":\"2023-02-20T22:00:00+01:00\",\"dateModified\":\"2023-02-20T16:43:17+01:00\",\"inLanguage\":\"fr-FR\",\"mainEntityOfPage\":{\"@id\":\"https:\\\/\\\/lasentinelle.dz\\\/index.php\\\/2023\\\/02\\\/20\\\/championnats-dafrique-de-cyclisme-24-medailles-glanees-par-lalgerie\\\/#webpage\"},\"isPartOf\":{\"@id\":\"https:\\\/\\\/lasentinelle.dz\\\/index.php\\\/2023\\\/02\\\/20\\\/championnats-dafrique-de-cyclisme-24-medailles-glanees-par-lalgerie\\\/#webpage\"},\"articleSection\":\"Sports\"},{\"@type\":\"BreadcrumbList\",\"@id\":\"https:\\\/\\\/lasentinelle.dz\\\/index.php\\\/2023\\\/02\\\/20\\\/championnats-dafrique-de-cyclisme-24-medailles-glanees-par-lalgerie\\\/#breadcrumblist\",\"itemListElement\":[{\"@type\":\"ListItem\",\"@id\":\"https:\\\/\\\/lasentinelle.dz#listItem\",\"position\":1,\"name\":\"Home\",\"item\":\"https:\\\/\\\/lasentinelle.dz\",\"nextItem\":{\"@type\":\"ListItem\",\"@id\":\"https:\\\/\\\/lasentinelle.dz\\\/index.php\\\/category\\\/sports\\\/#listItem\",\"name\":\"Sports\"}},{\"@type\":\"ListItem\",\"@id\":\"https:\\\/\\\/lasentinelle.dz\\\/index.php\\\/category\\\/sports\\\/#listItem\",\"position\":2,\"name\":\"Sports\",\"item\":\"https:\\\/\\\/lasentinelle.dz\\\/index.php\\\/category\\\/sports\\\/\",\"nextItem\":{\"@type\":\"ListItem\",\"@id\":\"https:\\\/\\\/lasentinelle.dz\\\/index.php\\\/2023\\\/02\\\/20\\\/championnats-dafrique-de-cyclisme-24-medailles-glanees-par-lalgerie\\\/#listItem\",\"name\":\"Championnats d&rsquo;Afrique de cyclisme\\u00a0: 24 m\\u00e9dailles glan\\u00e9es par l&rsquo;Alg\\u00e9rie\"},\"previousItem\":{\"@type\":\"ListItem\",\"@id\":\"https:\\\/\\\/lasentinelle.dz#listItem\",\"name\":\"Home\"}},{\"@type\":\"ListItem\",\"@id\":\"https:\\\/\\\/lasentinelle.dz\\\/index.php\\\/2023\\\/02\\\/20\\\/championnats-dafrique-de-cyclisme-24-medailles-glanees-par-lalgerie\\\/#listItem\",\"position\":3,\"name\":\"Championnats d&rsquo;Afrique de cyclisme\\u00a0: 24 m\\u00e9dailles glan\\u00e9es par l&rsquo;Alg\\u00e9rie\",\"previousItem\":{\"@type\":\"ListItem\",\"@id\":\"https:\\\/\\\/lasentinelle.dz\\\/index.php\\\/category\\\/sports\\\/#listItem\",\"name\":\"Sports\"}}]},{\"@type\":\"Organization\",\"@id\":\"https:\\\/\\\/lasentinelle.dz\\\/#organization\",\"name\":\"La Sentinelle La Sentinelle\",\"description\":\"Quotidien national d'information\",\"url\":\"https:\\\/\\\/lasentinelle.dz\\\/\",\"logo\":{\"@type\":\"ImageObject\",\"url\":\"https:\\\/\\\/lasentinelle.dz\\\/wp-content\\\/uploads\\\/2021\\\/09\\\/cropped-la-sentinelle-earth-golden-anima-5.gif\",\"@id\":\"https:\\\/\\\/lasentinelle.dz\\\/index.php\\\/2023\\\/02\\\/20\\\/championnats-dafrique-de-cyclisme-24-medailles-glanees-par-lalgerie\\\/#organizationLogo\",\"width\":450,\"height\":213},\"image\":{\"@id\":\"https:\\\/\\\/lasentinelle.dz\\\/index.php\\\/2023\\\/02\\\/20\\\/championnats-dafrique-de-cyclisme-24-medailles-glanees-par-lalgerie\\\/#organizationLogo\"},\"sameAs\":[\"https:\\\/\\\/www.facebook.com\\\/azzedine.lasentinelle.1\"]},{\"@type\":\"Person\",\"@id\":\"https:\\\/\\\/lasentinelle.dz\\\/author\\\/redaction\\\/#author\",\"url\":\"https:\\\/\\\/lasentinelle.dz\\\/author\\\/redaction\\\/\",\"name\":\"La Sentinelle\",\"image\":{\"@type\":\"ImageObject\",\"@id\":\"https:\\\/\\\/lasentinelle.dz\\\/index.php\\\/2023\\\/02\\\/20\\\/championnats-dafrique-de-cyclisme-24-medailles-glanees-par-lalgerie\\\/#authorImage\",\"url\":\"https:\\\/\\\/secure.gravatar.com\\\/avatar\\\/57de8e5d4b15d43fb361a71fbb36338450fe67865b528a43dd10ef7c51a20392?s=96&d=mm&r=g\",\"width\":96,\"height\":96,\"caption\":\"La Sentinelle\"}},{\"@type\":\"WebPage\",\"@id\":\"https:\\\/\\\/lasentinelle.dz\\\/index.php\\\/2023\\\/02\\\/20\\\/championnats-dafrique-de-cyclisme-24-medailles-glanees-par-lalgerie\\\/#webpage\",\"url\":\"https:\\\/\\\/lasentinelle.dz\\\/index.php\\\/2023\\\/02\\\/20\\\/championnats-dafrique-de-cyclisme-24-medailles-glanees-par-lalgerie\\\/\",\"name\":\"Championnats d\\u2019Afrique de cyclisme : 24 m\\u00e9dailles glan\\u00e9es par l\\u2019Alg\\u00e9rie - La Sentinelle\",\"description\":\"Avec un total de 24 m\\u00e9dailles dont 8 en or, la participation des cyclistes alg\\u00e9riens au dernier Championnat d'Afrique sur route qui s'est d\\u00e9roul\\u00e9 \\u00e0 Accra (Ghana) a \\u00e9t\\u00e9 jug\\u00e9e ''tr\\u00e8s satisfaisante'' \\u00e0 l'issue de la cl\\u00f4ture vendredi de la comp\\u00e9tition.Les athl\\u00e8tes alg\\u00e9riens ont surtout remport\\u00e9 trois qualifications aux Jeux Olympiques et Paralympiques de 2024.\",\"inLanguage\":\"fr-FR\",\"isPartOf\":{\"@id\":\"https:\\\/\\\/lasentinelle.dz\\\/#website\"},\"breadcrumb\":{\"@id\":\"https:\\\/\\\/lasentinelle.dz\\\/index.php\\\/2023\\\/02\\\/20\\\/championnats-dafrique-de-cyclisme-24-medailles-glanees-par-lalgerie\\\/#breadcrumblist\"},\"author\":{\"@id\":\"https:\\\/\\\/lasentinelle.dz\\\/author\\\/redaction\\\/#author\"},\"creator\":{\"@id\":\"https:\\\/\\\/lasentinelle.dz\\\/author\\\/redaction\\\/#author\"},\"image\":{\"@type\":\"ImageObject\",\"url\":\"https:\\\/\\\/lasentinelle.dz\\\/wp-content\\\/uploads\\\/2023\\\/02\\\/cyclisme-1.jpeg\",\"@id\":\"https:\\\/\\\/lasentinelle.dz\\\/index.php\\\/2023\\\/02\\\/20\\\/championnats-dafrique-de-cyclisme-24-medailles-glanees-par-lalgerie\\\/#mainImage\",\"width\":1024,\"height\":768},\"primaryImageOfPage\":{\"@id\":\"https:\\\/\\\/lasentinelle.dz\\\/index.php\\\/2023\\\/02\\\/20\\\/championnats-dafrique-de-cyclisme-24-medailles-glanees-par-lalgerie\\\/#mainImage\"},\"datePublished\":\"2023-02-20T22:00:00+01:00\",\"dateModified\":\"2023-02-20T16:43:17+01:00\"},{\"@type\":\"WebSite\",\"@id\":\"https:\\\/\\\/lasentinelle.dz\\\/#website\",\"url\":\"https:\\\/\\\/lasentinelle.dz\\\/\",\"name\":\"La Sentinelle\",\"description\":\"Quotidien national d'information\",\"inLanguage\":\"fr-FR\",\"publisher\":{\"@id\":\"https:\\\/\\\/lasentinelle.dz\\\/#organization\"}}]}\n\t\t<\/script>\n\t\t<!-- All in One SEO -->\n\n","aioseo_head_json":{"title":"Championnats d\u2019Afrique de cyclisme : 24 m\u00e9dailles glan\u00e9es par l\u2019Alg\u00e9rie - La Sentinelle","description":"Avec un total de 24 m\u00e9dailles dont 8 en or, la participation des cyclistes alg\u00e9riens au dernier Championnat d'Afrique sur route qui s'est d\u00e9roul\u00e9 \u00e0 Accra (Ghana) a \u00e9t\u00e9 jug\u00e9e ''tr\u00e8s satisfaisante'' \u00e0 l'issue de la cl\u00f4ture vendredi de la comp\u00e9tition.Les athl\u00e8tes alg\u00e9riens ont surtout remport\u00e9 trois qualifications aux Jeux Olympiques et Paralympiques de 2024.","canonical_url":"https:\/\/lasentinelle.dz\/index.php\/2023\/02\/20\/championnats-dafrique-de-cyclisme-24-medailles-glanees-par-lalgerie\/","robots":"max-image-preview:large","keywords":"","webmasterTools":{"miscellaneous":""},"schema":{"@context":"https:\/\/schema.org","@graph":[{"@type":"BlogPosting","@id":"https:\/\/lasentinelle.dz\/index.php\/2023\/02\/20\/championnats-dafrique-de-cyclisme-24-medailles-glanees-par-lalgerie\/#blogposting","name":"Championnats d\u2019Afrique de cyclisme : 24 m\u00e9dailles glan\u00e9es par l\u2019Alg\u00e9rie - La Sentinelle","headline":"Championnats d&rsquo;Afrique de cyclisme\u00a0: 24 m\u00e9dailles glan\u00e9es par l&rsquo;Alg\u00e9rie","author":{"@id":"https:\/\/lasentinelle.dz\/author\/redaction\/#author"},"publisher":{"@id":"https:\/\/lasentinelle.dz\/#organization"},"image":{"@type":"ImageObject","url":"https:\/\/lasentinelle.dz\/wp-content\/uploads\/2023\/02\/cyclisme-1.jpeg","width":1024,"height":768},"datePublished":"2023-02-20T22:00:00+01:00","dateModified":"2023-02-20T16:43:17+01:00","inLanguage":"fr-FR","mainEntityOfPage":{"@id":"https:\/\/lasentinelle.dz\/index.php\/2023\/02\/20\/championnats-dafrique-de-cyclisme-24-medailles-glanees-par-lalgerie\/#webpage"},"isPartOf":{"@id":"https:\/\/lasentinelle.dz\/index.php\/2023\/02\/20\/championnats-dafrique-de-cyclisme-24-medailles-glanees-par-lalgerie\/#webpage"},"articleSection":"Sports"},{"@type":"BreadcrumbList","@id":"https:\/\/lasentinelle.dz\/index.php\/2023\/02\/20\/championnats-dafrique-de-cyclisme-24-medailles-glanees-par-lalgerie\/#breadcrumblist","itemListElement":[{"@type":"ListItem","@id":"https:\/\/lasentinelle.dz#listItem","position":1,"name":"Home","item":"https:\/\/lasentinelle.dz","nextItem":{"@type":"ListItem","@id":"https:\/\/lasentinelle.dz\/index.php\/category\/sports\/#listItem","name":"Sports"}},{"@type":"ListItem","@id":"https:\/\/lasentinelle.dz\/index.php\/category\/sports\/#listItem","position":2,"name":"Sports","item":"https:\/\/lasentinelle.dz\/index.php\/category\/sports\/","nextItem":{"@type":"ListItem","@id":"https:\/\/lasentinelle.dz\/index.php\/2023\/02\/20\/championnats-dafrique-de-cyclisme-24-medailles-glanees-par-lalgerie\/#listItem","name":"Championnats d&rsquo;Afrique de cyclisme\u00a0: 24 m\u00e9dailles glan\u00e9es par l&rsquo;Alg\u00e9rie"},"previousItem":{"@type":"ListItem","@id":"https:\/\/lasentinelle.dz#listItem","name":"Home"}},{"@type":"ListItem","@id":"https:\/\/lasentinelle.dz\/index.php\/2023\/02\/20\/championnats-dafrique-de-cyclisme-24-medailles-glanees-par-lalgerie\/#listItem","position":3,"name":"Championnats d&rsquo;Afrique de cyclisme\u00a0: 24 m\u00e9dailles glan\u00e9es par l&rsquo;Alg\u00e9rie","previousItem":{"@type":"ListItem","@id":"https:\/\/lasentinelle.dz\/index.php\/category\/sports\/#listItem","name":"Sports"}}]},{"@type":"Organization","@id":"https:\/\/lasentinelle.dz\/#organization","name":"La Sentinelle La Sentinelle","description":"Quotidien national d'information","url":"https:\/\/lasentinelle.dz\/","logo":{"@type":"ImageObject","url":"https:\/\/lasentinelle.dz\/wp-content\/uploads\/2021\/09\/cropped-la-sentinelle-earth-golden-anima-5.gif","@id":"https:\/\/lasentinelle.dz\/index.php\/2023\/02\/20\/championnats-dafrique-de-cyclisme-24-medailles-glanees-par-lalgerie\/#organizationLogo","width":450,"height":213},"image":{"@id":"https:\/\/lasentinelle.dz\/index.php\/2023\/02\/20\/championnats-dafrique-de-cyclisme-24-medailles-glanees-par-lalgerie\/#organizationLogo"},"sameAs":["https:\/\/www.facebook.com\/azzedine.lasentinelle.1"]},{"@type":"Person","@id":"https:\/\/lasentinelle.dz\/author\/redaction\/#author","url":"https:\/\/lasentinelle.dz\/author\/redaction\/","name":"La Sentinelle","image":{"@type":"ImageObject","@id":"https:\/\/lasentinelle.dz\/index.php\/2023\/02\/20\/championnats-dafrique-de-cyclisme-24-medailles-glanees-par-lalgerie\/#authorImage","url":"https:\/\/secure.gravatar.com\/avatar\/57de8e5d4b15d43fb361a71fbb36338450fe67865b528a43dd10ef7c51a20392?s=96&d=mm&r=g","width":96,"height":96,"caption":"La Sentinelle"}},{"@type":"WebPage","@id":"https:\/\/lasentinelle.dz\/index.php\/2023\/02\/20\/championnats-dafrique-de-cyclisme-24-medailles-glanees-par-lalgerie\/#webpage","url":"https:\/\/lasentinelle.dz\/index.php\/2023\/02\/20\/championnats-dafrique-de-cyclisme-24-medailles-glanees-par-lalgerie\/","name":"Championnats d\u2019Afrique de cyclisme : 24 m\u00e9dailles glan\u00e9es par l\u2019Alg\u00e9rie - La Sentinelle","description":"Avec un total de 24 m\u00e9dailles dont 8 en or, la participation des cyclistes alg\u00e9riens au dernier Championnat d'Afrique sur route qui s'est d\u00e9roul\u00e9 \u00e0 Accra (Ghana) a \u00e9t\u00e9 jug\u00e9e ''tr\u00e8s satisfaisante'' \u00e0 l'issue de la cl\u00f4ture vendredi de la comp\u00e9tition.Les athl\u00e8tes alg\u00e9riens ont surtout remport\u00e9 trois qualifications aux Jeux Olympiques et Paralympiques de 2024.","inLanguage":"fr-FR","isPartOf":{"@id":"https:\/\/lasentinelle.dz\/#website"},"breadcrumb":{"@id":"https:\/\/lasentinelle.dz\/index.php\/2023\/02\/20\/championnats-dafrique-de-cyclisme-24-medailles-glanees-par-lalgerie\/#breadcrumblist"},"author":{"@id":"https:\/\/lasentinelle.dz\/author\/redaction\/#author"},"creator":{"@id":"https:\/\/lasentinelle.dz\/author\/redaction\/#author"},"image":{"@type":"ImageObject","url":"https:\/\/lasentinelle.dz\/wp-content\/uploads\/2023\/02\/cyclisme-1.jpeg","@id":"https:\/\/lasentinelle.dz\/index.php\/2023\/02\/20\/championnats-dafrique-de-cyclisme-24-medailles-glanees-par-lalgerie\/#mainImage","width":1024,"height":768},"primaryImageOfPage":{"@id":"https:\/\/lasentinelle.dz\/index.php\/2023\/02\/20\/championnats-dafrique-de-cyclisme-24-medailles-glanees-par-lalgerie\/#mainImage"},"datePublished":"2023-02-20T22:00:00+01:00","dateModified":"2023-02-20T16:43:17+01:00"},{"@type":"WebSite","@id":"https:\/\/lasentinelle.dz\/#website","url":"https:\/\/lasentinelle.dz\/","name":"La Sentinelle","description":"Quotidien national d'information","inLanguage":"fr-FR","publisher":{"@id":"https:\/\/lasentinelle.dz\/#organization"}}]},"og:locale":"fr_FR","og:site_name":"La Sentinelle - Quotidien national d'information","og:type":"article","og:title":"Championnats d\u2019Afrique de cyclisme : 24 m\u00e9dailles glan\u00e9es par l\u2019Alg\u00e9rie - La Sentinelle","og:description":"Avec un total de 24 m\u00e9dailles dont 8 en or, la participation des cyclistes alg\u00e9riens au dernier Championnat d'Afrique sur route qui s'est d\u00e9roul\u00e9 \u00e0 Accra (Ghana) a \u00e9t\u00e9 jug\u00e9e ''tr\u00e8s satisfaisante'' \u00e0 l'issue de la cl\u00f4ture vendredi de la comp\u00e9tition.Les athl\u00e8tes alg\u00e9riens ont surtout remport\u00e9 trois qualifications aux Jeux Olympiques et Paralympiques de 2024.","og:url":"https:\/\/lasentinelle.dz\/index.php\/2023\/02\/20\/championnats-dafrique-de-cyclisme-24-medailles-glanees-par-lalgerie\/","og:image":"https:\/\/lasentinelle.dz\/wp-content\/uploads\/2021\/09\/cropped-la-sentinelle-earth-golden-anima-5.gif","og:image:secure_url":"https:\/\/lasentinelle.dz\/wp-content\/uploads\/2021\/09\/cropped-la-sentinelle-earth-golden-anima-5.gif","og:image:width":450,"og:image:height":213,"article:published_time":"2023-02-20T21:00:00+00:00","article:modified_time":"2023-02-20T15:43:17+00:00","article:publisher":"https:\/\/www.facebook.com\/azzedine.lasentinelle.1","twitter:card":"summary_large_image","twitter:title":"Championnats d\u2019Afrique de cyclisme : 24 m\u00e9dailles glan\u00e9es par l\u2019Alg\u00e9rie - La Sentinelle","twitter:description":"Avec un total de 24 m\u00e9dailles dont 8 en or, la participation des cyclistes alg\u00e9riens au dernier Championnat d'Afrique sur route qui s'est d\u00e9roul\u00e9 \u00e0 Accra (Ghana) a \u00e9t\u00e9 jug\u00e9e ''tr\u00e8s satisfaisante'' \u00e0 l'issue de la cl\u00f4ture vendredi de la comp\u00e9tition.Les athl\u00e8tes alg\u00e9riens ont surtout remport\u00e9 trois qualifications aux Jeux Olympiques et Paralympiques de 2024.","twitter:image":"https:\/\/lasentinelle.dz\/wp-content\/uploads\/2021\/09\/cropped-la-sentinelle-earth-golden-anima-5.gif"},"aioseo_meta_data":{"post_id":"36508","title":null,"description":null,"keywords":null,"keyphrases":null,"primary_term":null,"canonical_url":null,"og_title":null,"og_description":null,"og_object_type":"default","og_image_type":"default","og_image_url":null,"og_image_width":null,"og_image_height":null,"og_image_custom_url":null,"og_image_custom_fields":null,"og_video":null,"og_custom_url":null,"og_article_section":null,"og_article_tags":null,"twitter_use_og":false,"twitter_card":"default","twitter_image_type":"default","twitter_image_url":null,"twitter_image_custom_url":null,"twitter_image_custom_fields":null,"twitter_title":null,"twitter_description":null,"schema":{"blockGraphs":[],"customGraphs":[],"default":{"data":{"Article":[],"Course":[],"Dataset":[],"FAQPage":[],"Movie":[],"Person":[],"Product":[],"ProductReview":[],"Car":[],"Recipe":[],"Service":[],"SoftwareApplication":[],"WebPage":[]},"graphName":"","isEnabled":true},"graphs":[]},"schema_type":"default","schema_type_options":null,"pillar_content":false,"robots_default":true,"robots_noindex":false,"robots_noarchive":false,"robots_nosnippet":false,"robots_nofollow":false,"robots_noimageindex":false,"robots_noodp":false,"robots_notranslate":false,"robots_max_snippet":null,"robots_max_videopreview":null,"robots_max_imagepreview":"large","priority":null,"frequency":null,"local_seo":null,"breadcrumb_settings":null,"limit_modified_date":false,"ai":null,"created":"2026-04-30 17:13:43","updated":"2026-04-30 17:13:43","focus_keyword":null,"additional_keywords":null,"truseo_locale":null,"seo_analyzer_scan_date":null},"aioseo_breadcrumb":"<div class=\"aioseo-breadcrumbs\"><span class=\"aioseo-breadcrumb\">\n\t\t\t<a href=\"https:\/\/lasentinelle.dz\" title=\"Home\">Home<\/a>\n\t\t<\/span><span class=\"aioseo-breadcrumb-separator\">&raquo;<\/span><span class=\"aioseo-breadcrumb\">\n\t\t\t<a href=\"https:\/\/lasentinelle.dz\/index.php\/category\/sports\/\" title=\"Sports\">Sports<\/a>\n\t\t<\/span><span class=\"aioseo-breadcrumb-separator\">&raquo;<\/span><span class=\"aioseo-breadcrumb\">\n\t\t\tChampionnats d\u2019Afrique de cyclisme : 24 m\u00e9dailles glan\u00e9es par l\u2019Alg\u00e9rie\n\t\t<\/span><\/div>","aioseo_breadcrumb_json":[{"label":"Home","link":"https:\/\/lasentinelle.dz"},{"label":"Sports","link":"https:\/\/lasentinelle.dz\/index.php\/category\/sports\/"},{"label":"Championnats d&rsquo;Afrique de cyclisme\u00a0: 24 m\u00e9dailles glan\u00e9es par l&rsquo;Alg\u00e9rie","link":"https:\/\/lasentinelle.dz\/index.php\/2023\/02\/20\/championnats-dafrique-de-cyclisme-24-medailles-glanees-par-lalgerie\/"}],"yoast_head":"<!-- This site is optimized with the Yoast SEO plugin v28.4 - https:\/\/yoast.com\/product\/yoast-seo-wordpress\/ -->\n<title>Championnats d&rsquo;Afrique de cyclisme\u00a0: 24 m\u00e9dailles glan\u00e9es par l&rsquo;Alg\u00e9rie - La Sentinelle<\/title>\n<meta name=\"robots\" content=\"index, follow, max-snippet:-1, max-image-preview:large, max-video-preview:-1\" \/>\n<link rel=\"canonical\" href=\"https:\/\/lasentinelle.dz\/index.php\/2023\/02\/20\/championnats-dafrique-de-cyclisme-24-medailles-glanees-par-lalgerie\/\" \/>\n<meta property=\"og:locale\" content=\"fr_FR\" \/>\n<meta property=\"og:type\" content=\"article\" \/>\n<meta property=\"og:title\" content=\"Championnats d&rsquo;Afrique de cyclisme\u00a0: 24 m\u00e9dailles glan\u00e9es par l&rsquo;Alg\u00e9rie - La Sentinelle\" \/>\n<meta property=\"og:description\" content=\"Avec un total de 24 m\u00e9dailles dont 8 en or, la participation des cyclistes alg\u00e9riens au dernier Championnat d&rsquo;Afrique sur\" \/>\n<meta property=\"og:url\" content=\"https:\/\/lasentinelle.dz\/index.php\/2023\/02\/20\/championnats-dafrique-de-cyclisme-24-medailles-glanees-par-lalgerie\/\" \/>\n<meta property=\"og:site_name\" content=\"La Sentinelle\" \/>\n<meta property=\"article:publisher\" content=\"https:\/\/www.facebook.com\/La-Sentinelle-104059864394773\" \/>\n<meta property=\"article:published_time\" content=\"2023-02-20T21:00:00+00:00\" \/>\n<meta property=\"og:image\" content=\"https:\/\/lasentinelle.dz\/wp-content\/uploads\/2023\/02\/cyclisme-1.jpeg\" \/>\n\t<meta property=\"og:image:width\" content=\"1024\" \/>\n\t<meta property=\"og:image:height\" content=\"768\" \/>\n\t<meta property=\"og:image:type\" content=\"image\/jpeg\" \/>\n<meta name=\"author\" content=\"La Sentinelle\" \/>\n<meta name=\"twitter:card\" content=\"summary_large_image\" \/>\n<meta name=\"twitter:label1\" content=\"\u00c9crit par\" \/>\n\t<meta name=\"twitter:data1\" content=\"La Sentinelle\" \/>\n\t<meta name=\"twitter:label2\" content=\"Dur\u00e9e de lecture estim\u00e9e\" \/>\n\t<meta name=\"twitter:data2\" content=\"2 minutes\" \/>\n<script type=\"application\/ld+json\" class=\"yoast-schema-graph\">{\"@context\":\"https:\\\/\\\/schema.org\",\"@graph\":[{\"@type\":\"Article\",\"@id\":\"https:\\\/\\\/lasentinelle.dz\\\/index.php\\\/2023\\\/02\\\/20\\\/championnats-dafrique-de-cyclisme-24-medailles-glanees-par-lalgerie\\\/#article\",\"isPartOf\":{\"@id\":\"https:\\\/\\\/lasentinelle.dz\\\/index.php\\\/2023\\\/02\\\/20\\\/championnats-dafrique-de-cyclisme-24-medailles-glanees-par-lalgerie\\\/\"},\"author\":{\"name\":\"La Sentinelle\",\"@id\":\"https:\\\/\\\/lasentinelle.dz\\\/#\\\/schema\\\/person\\\/d865044e22e70a75174ce8bcad3acfb3\"},\"headline\":\"Championnats d&rsquo;Afrique de cyclisme\u00a0: 24 m\u00e9dailles glan\u00e9es par l&rsquo;Alg\u00e9rie\",\"datePublished\":\"2023-02-20T21:00:00+00:00\",\"mainEntityOfPage\":{\"@id\":\"https:\\\/\\\/lasentinelle.dz\\\/index.php\\\/2023\\\/02\\\/20\\\/championnats-dafrique-de-cyclisme-24-medailles-glanees-par-lalgerie\\\/\"},\"wordCount\":304,\"commentCount\":0,\"publisher\":{\"@id\":\"https:\\\/\\\/lasentinelle.dz\\\/#organization\"},\"image\":{\"@id\":\"https:\\\/\\\/lasentinelle.dz\\\/index.php\\\/2023\\\/02\\\/20\\\/championnats-dafrique-de-cyclisme-24-medailles-glanees-par-lalgerie\\\/#primaryimage\"},\"thumbnailUrl\":\"https:\\\/\\\/lasentinelle.dz\\\/wp-content\\\/uploads\\\/2023\\\/02\\\/cyclisme-1.jpeg\",\"articleSection\":[\"Sports\"],\"inLanguage\":\"fr-FR\",\"potentialAction\":[{\"@type\":\"CommentAction\",\"name\":\"Comment\",\"target\":[\"https:\\\/\\\/lasentinelle.dz\\\/index.php\\\/2023\\\/02\\\/20\\\/championnats-dafrique-de-cyclisme-24-medailles-glanees-par-lalgerie\\\/#respond\"]}]},{\"@type\":\"WebPage\",\"@id\":\"https:\\\/\\\/lasentinelle.dz\\\/index.php\\\/2023\\\/02\\\/20\\\/championnats-dafrique-de-cyclisme-24-medailles-glanees-par-lalgerie\\\/\",\"url\":\"https:\\\/\\\/lasentinelle.dz\\\/index.php\\\/2023\\\/02\\\/20\\\/championnats-dafrique-de-cyclisme-24-medailles-glanees-par-lalgerie\\\/\",\"name\":\"Championnats d&rsquo;Afrique de cyclisme\u00a0: 24 m\u00e9dailles glan\u00e9es par l&rsquo;Alg\u00e9rie - La Sentinelle\",\"isPartOf\":{\"@id\":\"https:\\\/\\\/lasentinelle.dz\\\/#website\"},\"primaryImageOfPage\":{\"@id\":\"https:\\\/\\\/lasentinelle.dz\\\/index.php\\\/2023\\\/02\\\/20\\\/championnats-dafrique-de-cyclisme-24-medailles-glanees-par-lalgerie\\\/#primaryimage\"},\"image\":{\"@id\":\"https:\\\/\\\/lasentinelle.dz\\\/index.php\\\/2023\\\/02\\\/20\\\/championnats-dafrique-de-cyclisme-24-medailles-glanees-par-lalgerie\\\/#primaryimage\"},\"thumbnailUrl\":\"https:\\\/\\\/lasentinelle.dz\\\/wp-content\\\/uploads\\\/2023\\\/02\\\/cyclisme-1.jpeg\",\"datePublished\":\"2023-02-20T21:00:00+00:00\",\"breadcrumb\":{\"@id\":\"https:\\\/\\\/lasentinelle.dz\\\/index.php\\\/2023\\\/02\\\/20\\\/championnats-dafrique-de-cyclisme-24-medailles-glanees-par-lalgerie\\\/#breadcrumb\"},\"inLanguage\":\"fr-FR\",\"potentialAction\":[{\"@type\":\"ReadAction\",\"target\":[\"https:\\\/\\\/lasentinelle.dz\\\/index.php\\\/2023\\\/02\\\/20\\\/championnats-dafrique-de-cyclisme-24-medailles-glanees-par-lalgerie\\\/\"]}]},{\"@type\":\"ImageObject\",\"inLanguage\":\"fr-FR\",\"@id\":\"https:\\\/\\\/lasentinelle.dz\\\/index.php\\\/2023\\\/02\\\/20\\\/championnats-dafrique-de-cyclisme-24-medailles-glanees-par-lalgerie\\\/#primaryimage\",\"url\":\"https:\\\/\\\/lasentinelle.dz\\\/wp-content\\\/uploads\\\/2023\\\/02\\\/cyclisme-1.jpeg\",\"contentUrl\":\"https:\\\/\\\/lasentinelle.dz\\\/wp-content\\\/uploads\\\/2023\\\/02\\\/cyclisme-1.jpeg\",\"width\":1024,\"height\":768},{\"@type\":\"BreadcrumbList\",\"@id\":\"https:\\\/\\\/lasentinelle.dz\\\/index.php\\\/2023\\\/02\\\/20\\\/championnats-dafrique-de-cyclisme-24-medailles-glanees-par-lalgerie\\\/#breadcrumb\",\"itemListElement\":[{\"@type\":\"ListItem\",\"position\":1,\"name\":\"Accueil\",\"item\":\"https:\\\/\\\/lasentinelle.dz\\\/\"},{\"@type\":\"ListItem\",\"position\":2,\"name\":\"Championnats d&rsquo;Afrique de cyclisme\u00a0: 24 m\u00e9dailles glan\u00e9es par l&rsquo;Alg\u00e9rie\"}]},{\"@type\":\"WebSite\",\"@id\":\"https:\\\/\\\/lasentinelle.dz\\\/#website\",\"url\":\"https:\\\/\\\/lasentinelle.dz\\\/\",\"name\":\"La Sentinelle\",\"description\":\"Quotidien national d&#039;information\",\"publisher\":{\"@id\":\"https:\\\/\\\/lasentinelle.dz\\\/#organization\"},\"potentialAction\":[{\"@type\":\"SearchAction\",\"target\":{\"@type\":\"EntryPoint\",\"urlTemplate\":\"https:\\\/\\\/lasentinelle.dz\\\/?s={search_term_string}\"},\"query-input\":{\"@type\":\"PropertyValueSpecification\",\"valueRequired\":true,\"valueName\":\"search_term_string\"}}],\"inLanguage\":\"fr-FR\"},{\"@type\":\"Organization\",\"@id\":\"https:\\\/\\\/lasentinelle.dz\\\/#organization\",\"name\":\"Quotidien La Sentinelle\",\"url\":\"https:\\\/\\\/lasentinelle.dz\\\/\",\"logo\":{\"@type\":\"ImageObject\",\"inLanguage\":\"fr-FR\",\"@id\":\"https:\\\/\\\/lasentinelle.dz\\\/#\\\/schema\\\/logo\\\/image\\\/\",\"url\":\"https:\\\/\\\/lasentinelle.dz\\\/wp-content\\\/uploads\\\/2021\\\/09\\\/logo-sentinelleSLOGAN-1.png\",\"contentUrl\":\"https:\\\/\\\/lasentinelle.dz\\\/wp-content\\\/uploads\\\/2021\\\/09\\\/logo-sentinelleSLOGAN-1.png\",\"width\":615,\"height\":142,\"caption\":\"Quotidien La Sentinelle\"},\"image\":{\"@id\":\"https:\\\/\\\/lasentinelle.dz\\\/#\\\/schema\\\/logo\\\/image\\\/\"},\"sameAs\":[\"https:\\\/\\\/www.facebook.com\\\/La-Sentinelle-104059864394773\"]},{\"@type\":\"Person\",\"@id\":\"https:\\\/\\\/lasentinelle.dz\\\/#\\\/schema\\\/person\\\/d865044e22e70a75174ce8bcad3acfb3\",\"name\":\"La Sentinelle\",\"image\":{\"@type\":\"ImageObject\",\"inLanguage\":\"fr-FR\",\"@id\":\"https:\\\/\\\/secure.gravatar.com\\\/avatar\\\/57de8e5d4b15d43fb361a71fbb36338450fe67865b528a43dd10ef7c51a20392?s=96&d=mm&r=g\",\"url\":\"https:\\\/\\\/secure.gravatar.com\\\/avatar\\\/57de8e5d4b15d43fb361a71fbb36338450fe67865b528a43dd10ef7c51a20392?s=96&d=mm&r=g\",\"contentUrl\":\"https:\\\/\\\/secure.gravatar.com\\\/avatar\\\/57de8e5d4b15d43fb361a71fbb36338450fe67865b528a43dd10ef7c51a20392?s=96&d=mm&r=g\",\"caption\":\"La Sentinelle\"},\"sameAs\":[\"http:\\\/\\\/www.lasentinelle.dz\"],\"url\":\"https:\\\/\\\/lasentinelle.dz\\\/author\\\/redaction\\\/\"}]}<\/script>\n<!-- \/ Yoast SEO plugin. -->","yoast_head_json":{"title":"Championnats d&rsquo;Afrique de cyclisme\u00a0: 24 m\u00e9dailles glan\u00e9es par l&rsquo;Alg\u00e9rie - La Sentinelle","robots":{"index":"index","follow":"follow","max-snippet":"max-snippet:-1","max-image-preview":"max-image-preview:large","max-video-preview":"max-video-preview:-1"},"canonical":"https:\/\/lasentinelle.dz\/index.php\/2023\/02\/20\/championnats-dafrique-de-cyclisme-24-medailles-glanees-par-lalgerie\/","og_locale":"fr_FR","og_type":"article","og_title":"Championnats d&rsquo;Afrique de cyclisme\u00a0: 24 m\u00e9dailles glan\u00e9es par l&rsquo;Alg\u00e9rie - La Sentinelle","og_description":"Avec un total de 24 m\u00e9dailles dont 8 en or, la participation des cyclistes alg\u00e9riens au dernier Championnat d&rsquo;Afrique sur","og_url":"https:\/\/lasentinelle.dz\/index.php\/2023\/02\/20\/championnats-dafrique-de-cyclisme-24-medailles-glanees-par-lalgerie\/","og_site_name":"La Sentinelle","article_publisher":"https:\/\/www.facebook.com\/La-Sentinelle-104059864394773","article_published_time":"2023-02-20T21:00:00+00:00","og_image":[{"width":1024,"height":768,"url":"https:\/\/lasentinelle.dz\/wp-content\/uploads\/2023\/02\/cyclisme-1.jpeg","type":"image\/jpeg"}],"author":"La Sentinelle","twitter_card":"summary_large_image","twitter_misc":{"\u00c9crit par":"La Sentinelle","Dur\u00e9e de lecture estim\u00e9e":"2 minutes"},"schema":{"@context":"https:\/\/schema.org","@graph":[{"@type":"Article","@id":"https:\/\/lasentinelle.dz\/index.php\/2023\/02\/20\/championnats-dafrique-de-cyclisme-24-medailles-glanees-par-lalgerie\/#article","isPartOf":{"@id":"https:\/\/lasentinelle.dz\/index.php\/2023\/02\/20\/championnats-dafrique-de-cyclisme-24-medailles-glanees-par-lalgerie\/"},"author":{"name":"La Sentinelle","@id":"https:\/\/lasentinelle.dz\/#\/schema\/person\/d865044e22e70a75174ce8bcad3acfb3"},"headline":"Championnats d&rsquo;Afrique de cyclisme\u00a0: 24 m\u00e9dailles glan\u00e9es par l&rsquo;Alg\u00e9rie","datePublished":"2023-02-20T21:00:00+00:00","mainEntityOfPage":{"@id":"https:\/\/lasentinelle.dz\/index.php\/2023\/02\/20\/championnats-dafrique-de-cyclisme-24-medailles-glanees-par-lalgerie\/"},"wordCount":304,"commentCount":0,"publisher":{"@id":"https:\/\/lasentinelle.dz\/#organization"},"image":{"@id":"https:\/\/lasentinelle.dz\/index.php\/2023\/02\/20\/championnats-dafrique-de-cyclisme-24-medailles-glanees-par-lalgerie\/#primaryimage"},"thumbnailUrl":"https:\/\/lasentinelle.dz\/wp-content\/uploads\/2023\/02\/cyclisme-1.jpeg","articleSection":["Sports"],"inLanguage":"fr-FR","potentialAction":[{"@type":"CommentAction","name":"Comment","target":["https:\/\/lasentinelle.dz\/index.php\/2023\/02\/20\/championnats-dafrique-de-cyclisme-24-medailles-glanees-par-lalgerie\/#respond"]}]},{"@type":"WebPage","@id":"https:\/\/lasentinelle.dz\/index.php\/2023\/02\/20\/championnats-dafrique-de-cyclisme-24-medailles-glanees-par-lalgerie\/","url":"https:\/\/lasentinelle.dz\/index.php\/2023\/02\/20\/championnats-dafrique-de-cyclisme-24-medailles-glanees-par-lalgerie\/","name":"Championnats d&rsquo;Afrique de cyclisme\u00a0: 24 m\u00e9dailles glan\u00e9es par l&rsquo;Alg\u00e9rie - La Sentinelle","isPartOf":{"@id":"https:\/\/lasentinelle.dz\/#website"},"primaryImageOfPage":{"@id":"https:\/\/lasentinelle.dz\/index.php\/2023\/02\/20\/championnats-dafrique-de-cyclisme-24-medailles-glanees-par-lalgerie\/#primaryimage"},"image":{"@id":"https:\/\/lasentinelle.dz\/index.php\/2023\/02\/20\/championnats-dafrique-de-cyclisme-24-medailles-glanees-par-lalgerie\/#primaryimage"},"thumbnailUrl":"https:\/\/lasentinelle.dz\/wp-content\/uploads\/2023\/02\/cyclisme-1.jpeg","datePublished":"2023-02-20T21:00:00+00:00","breadcrumb":{"@id":"https:\/\/lasentinelle.dz\/index.php\/2023\/02\/20\/championnats-dafrique-de-cyclisme-24-medailles-glanees-par-lalgerie\/#breadcrumb"},"inLanguage":"fr-FR","potentialAction":[{"@type":"ReadAction","target":["https:\/\/lasentinelle.dz\/index.php\/2023\/02\/20\/championnats-dafrique-de-cyclisme-24-medailles-glanees-par-lalgerie\/"]}]},{"@type":"ImageObject","inLanguage":"fr-FR","@id":"https:\/\/lasentinelle.dz\/index.php\/2023\/02\/20\/championnats-dafrique-de-cyclisme-24-medailles-glanees-par-lalgerie\/#primaryimage","url":"https:\/\/lasentinelle.dz\/wp-content\/uploads\/2023\/02\/cyclisme-1.jpeg","contentUrl":"https:\/\/lasentinelle.dz\/wp-content\/uploads\/2023\/02\/cyclisme-1.jpeg","width":1024,"height":768},{"@type":"BreadcrumbList","@id":"https:\/\/lasentinelle.dz\/index.php\/2023\/02\/20\/championnats-dafrique-de-cyclisme-24-medailles-glanees-par-lalgerie\/#breadcrumb","itemListElement":[{"@type":"ListItem","position":1,"name":"Accueil","item":"https:\/\/lasentinelle.dz\/"},{"@type":"ListItem","position":2,"name":"Championnats d&rsquo;Afrique de cyclisme\u00a0: 24 m\u00e9dailles glan\u00e9es par l&rsquo;Alg\u00e9rie"}]},{"@type":"WebSite","@id":"https:\/\/lasentinelle.dz\/#website","url":"https:\/\/lasentinelle.dz\/","name":"La Sentinelle","description":"Quotidien national d&#039;information","publisher":{"@id":"https:\/\/lasentinelle.dz\/#organization"},"potentialAction":[{"@type":"SearchAction","target":{"@type":"EntryPoint","urlTemplate":"https:\/\/lasentinelle.dz\/?s={search_term_string}"},"query-input":{"@type":"PropertyValueSpecification","valueRequired":true,"valueName":"search_term_string"}}],"inLanguage":"fr-FR"},{"@type":"Organization","@id":"https:\/\/lasentinelle.dz\/#organization","name":"Quotidien La Sentinelle","url":"https:\/\/lasentinelle.dz\/","logo":{"@type":"ImageObject","inLanguage":"fr-FR","@id":"https:\/\/lasentinelle.dz\/#\/schema\/logo\/image\/","url":"https:\/\/lasentinelle.dz\/wp-content\/uploads\/2021\/09\/logo-sentinelleSLOGAN-1.png","contentUrl":"https:\/\/lasentinelle.dz\/wp-content\/uploads\/2021\/09\/logo-sentinelleSLOGAN-1.png","width":615,"height":142,"caption":"Quotidien La Sentinelle"},"image":{"@id":"https:\/\/lasentinelle.dz\/#\/schema\/logo\/image\/"},"sameAs":["https:\/\/www.facebook.com\/La-Sentinelle-104059864394773"]},{"@type":"Person","@id":"https:\/\/lasentinelle.dz\/#\/schema\/person\/d865044e22e70a75174ce8bcad3acfb3","name":"La Sentinelle","image":{"@type":"ImageObject","inLanguage":"fr-FR","@id":"https:\/\/secure.gravatar.com\/avatar\/57de8e5d4b15d43fb361a71fbb36338450fe67865b528a43dd10ef7c51a20392?s=96&d=mm&r=g","url":"https:\/\/secure.gravatar.com\/avatar\/57de8e5d4b15d43fb361a71fbb36338450fe67865b528a43dd10ef7c51a20392?s=96&d=mm&r=g","contentUrl":"https:\/\/secure.gravatar.com\/avatar\/57de8e5d4b15d43fb361a71fbb36338450fe67865b528a43dd10ef7c51a20392?s=96&d=mm&r=g","caption":"La Sentinelle"},"sameAs":["http:\/\/www.lasentinelle.dz"],"url":"https:\/\/lasentinelle.dz\/author\/redaction\/"}]}},"_links":{"self":[{"href":"https:\/\/lasentinelle.dz\/index.php\/wp-json\/wp\/v2\/posts\/36508","targetHints":{"allow":["GET"]}}],"collection":[{"href":"https:\/\/lasentinelle.dz\/index.php\/wp-json\/wp\/v2\/posts"}],"about":[{"href":"https:\/\/lasentinelle.dz\/index.php\/wp-json\/wp\/v2\/types\/post"}],"author":[{"embeddable":true,"href":"https:\/\/lasentinelle.dz\/index.php\/wp-json\/wp\/v2\/users\/3"}],"replies":[{"embeddable":true,"href":"https:\/\/lasentinelle.dz\/index.php\/wp-json\/wp\/v2\/comments?post=36508"}],"version-history":[{"count":1,"href":"https:\/\/lasentinelle.dz\/index.php\/wp-json\/wp\/v2\/posts\/36508\/revisions"}],"predecessor-version":[{"id":36515,"href":"https:\/\/lasentinelle.dz\/index.php\/wp-json\/wp\/v2\/posts\/36508\/revisions\/36515"}],"wp:featuredmedia":[{"embeddable":true,"href":"https:\/\/lasentinelle.dz\/index.php\/wp-json\/wp\/v2\/media\/36514"}],"wp:attachment":[{"href":"https:\/\/lasentinelle.dz\/index.php\/wp-json\/wp\/v2\/media?parent=36508"}],"wp:term":[{"taxonomy":"category","embeddable":true,"href":"https:\/\/lasentinelle.dz\/index.php\/wp-json\/wp\/v2\/categories?post=36508"},{"taxonomy":"post_tag","embeddable":true,"href":"https:\/\/lasentinelle.dz\/index.php\/wp-json\/wp\/v2\/tags?post=36508"}],"curies":[{"name":"wp","href":"https:\/\/api.w.org\/{rel}","templated":true}]}}