{"id":36615,"date":"2023-02-21T22:08:00","date_gmt":"2023-02-21T21:08:00","guid":{"rendered":"https:\/\/lasentinelle.dz\/?p=36615"},"modified":"2023-02-21T21:01:21","modified_gmt":"2023-02-21T20:01:21","slug":"developpement-minier-le-coup-daccelerateur","status":"publish","type":"post","link":"https:\/\/lasentinelle.dz\/index.php\/2023\/02\/21\/developpement-minier-le-coup-daccelerateur\/","title":{"rendered":"D\u00e9veloppement minier\u00a0: Le coup d\u2019acc\u00e9l\u00e9rateur"},"content":{"rendered":"\n<p>Le plan de d\u00e9veloppement minier doit conna\u00eetre une acc\u00e9l\u00e9ration notable d\u00e8s cette ann\u00e9e. C\u2019est dans ce contexte que le pr\u00e9sident de la R\u00e9publique a donn\u00e9 des instructions lundi soir, lors du Conseil des ministres, pour acc\u00e9l\u00e9rer&nbsp;la concr\u00e9tisation de certains projets, dont le d\u00e9veloppement tourne au ralenti, malgr\u00e9 leur lancement annonc\u00e9 il y a plusieurs mois. C\u2019est dans ce contexte qu\u2019il ordonn\u00e9 de r\u00e9duire les d\u00e9lais de r\u00e9alisation de lignes ferroviaires devant relier Annaba \u00e0 la mine de Bled El Hadba (T\u00e9bessa) et B\u00e9char \u00e0 la mine de Gara Djebilet (Tindouf).Le Pr\u00e9sident Tebboune a, en outre, ordonn\u00e9 de \u00ab\u00a0r\u00e9aliser ces lignes ferroviaires dans les plus brefs d\u00e9lais, suivant les standards internationaux en vigueur, en partenariat avec des compagnies internationales, \u00e0 m\u00eame d&rsquo;augmenter les capacit\u00e9s de production, au regard de leur urgence \u00e9conomique pressante\u00a0\u00bb.Il a \u00e9galement instruit \u00e0 l&rsquo;effet de proc\u00e9der \u00e0 \u00ab\u00a0l&rsquo;am\u00e9nagement et \u00e0 l&rsquo;exploitation, en concomitance, concernant les diff\u00e9rents travaux, en vue de parachever l&rsquo;exploitation de la mine de Gara Djebilet\u00a0\u00bb. Il est vrai que le d\u00e9veloppement minier est c\u0153ur du programme pr\u00e9sidentiel centr\u00e9 sur la diversification de l\u2019\u00e9conomie nationale. Le plan \u00e9labor\u00e9 a pour objectif de valoriser les ressources mini\u00e8res et terres rares dont regorge le sous-sol alg\u00e9rien pour non seulement diversifier les exportations et les relais de croissances, mais aussi fournir des mati\u00e8res et demi-produits pour l\u2019industrie nationale. Une strat\u00e9gie qui repose sur de grands projets de d\u00e9veloppements int\u00e9gr\u00e9s, notamment celui de l\u2019exploitation du gisement de fer g\u00e9ant de Ghar Djebilet, le Projet phosphate int\u00e9gr\u00e9 \u00e0 l\u2019Est du pays, et le d\u00e9veloppement des mines de zinc et de plombd\u2019Amizour et Tala-Hamza, \u00e0 Bejaia. Il fait rappeler dans ce contexte que le pacte d\u2019actionnaires pour le d\u00e9veloppement du projet phosphate int\u00e9gr\u00e9 a \u00e9t\u00e9 sign\u00e9 il y a pr\u00e8s d\u2019une ann\u00e9e, tandis que la premi\u00e8re phase de l\u2019exploitation des mines de fer de Tindouf a \u00e9t\u00e9 lanc\u00e9e l\u2019\u00e9t\u00e9 dernier par l\u2019extraction des premi\u00e8res quantit\u00e9s de minerai par le groupe public Feraal avant le lancement du d\u00e9veloppement du projet dans le cadre d\u2019un partenariat alg\u00e9ro-chinois. Or, la concr\u00e9tisation effective de ces projets est tributaire de la r\u00e9alisation de la base logistique n\u00e9cessaire au lancement des activit\u00e9s, notamment les infrastructures de transport (chemin de fer), \u00e9nerg\u00e9tique et les moyens de mobilisation des ressources en eau.<\/p>\n\n\n\n<p><strong>Oued Amizor entrera en production en 2026<\/strong><\/p>\n\n\n\n<p>Notons qu\u2019en ce qui concerne le projet d\u2019exploitation du gisement de zinc et plomb dans les circonscriptions, entrera en production en 2026. Meriem Touatila, directrice g\u00e9n\u00e9rale de la joint-venture Alg\u00e9ro-Australienne, Western Mediterranean Zinc (WMZ) d\u00e9tenteur du permis d\u2019exploratioa annonc\u00e9 lundi, que les \u00e9tapes du projet depuis l\u2019obtention du titre d\u2019exploitation minier, attendu dans le courant du premier semestre de l\u2019ann\u00e9e en cours jusqu\u2019\u00e0 l\u2019implantation de l\u2019usine de traitement des deux minerais, en passant par l\u2019op\u00e9ration d\u2019acquisition des terrains d\u2019assiettes d\u00e9limit\u00e9s \u00e0 cet effet.La date pr\u00e9vue de l&rsquo;exploitation du gisement d&rsquo;Amizour co\u00efncidera avec la r\u00e9ception de deux projets parall\u00e8les actuellement en r\u00e9alisation, celui de la p\u00e9n\u00e9trante Port de Bejaia-Ahnif, et le d\u00e9doublement et l\u2019\u00e9lectrification de la voie ferr\u00e9e Bejaia-B\u00e9ni-Mansour, dont la mise en service \u00ab\u00a0va arriver \u00e0 point nomm\u00e9 pour le transport et le d\u00e9gagement du minerais vers le port de Bejaia\u00a0\u00bb, a-t-elle expliqu\u00e9.Elle a \u00e9galement soulign\u00e9 que ce transport va s\u2019effectuer au moyen de \u00ab\u00a0wagonnets adapt\u00e9s et sp\u00e9cialement con\u00e7us pour \u00e9viter l\u2019encombrement des deux voies mais aussi pour pr\u00e9venir toute forme de pollution\u00a0\u00bb.Ce projet structurant rev\u00eat un caract\u00e8re strat\u00e9gique pour le pays, de par son potentiel minier exploitable estim\u00e9 \u00e0 34 millions de tonnes pour une production annuelle de 170.000 tonnes de concentr\u00e9 de zinc, selon les chiffres communiqu\u00e9s par le minist\u00e8re de l&rsquo;Energie et des Mines en mars 2022.<\/p>\n\n\n\n<p><strong>Chokri Hafed<\/strong><\/p>\n","protected":false},"excerpt":{"rendered":"<p>Le plan de d\u00e9veloppement minier doit conna\u00eetre une acc\u00e9l\u00e9ration notable d\u00e8s cette ann\u00e9e. C\u2019est dans ce contexte que le pr\u00e9sident<\/p>\n","protected":false},"author":3,"featured_media":36628,"comment_status":"open","ping_status":"closed","sticky":false,"template":"","format":"standard","meta":{"colormag_page_container_layout":"default_layout","colormag_page_sidebar_layout":"default_layout","om_disable_all_campaigns":false,"_monsterinsights_skip_tracking":false,"_monsterinsights_sitenote_active":false,"_monsterinsights_sitenote_note":"","_monsterinsights_sitenote_category":0,"footnotes":"","_wpscppro_dont_share_socialmedia":false,"_wpscppro_custom_social_share_image":0,"_facebook_share_type":"","_twitter_share_type":"","_linkedin_share_type":"","_pinterest_share_type":"","_linkedin_share_type_page":"","_instagram_share_type":"","_medium_share_type":"","_threads_share_type":"","_google_business_share_type":"","_selected_social_profile":[],"_wpsp_enable_custom_social_template":false,"_wpsp_social_scheduling":{"enabled":false,"datetime":null,"platforms":[],"status":"template_only","dateOption":"today","timeOption":"now","customDays":"","customHours":"","customDate":"","customTime":"","schedulingType":"absolute"},"_wpsp_active_default_template":true},"categories":[52,29],"tags":[],"class_list":["post-36615","post","type-post","status-publish","format-standard","has-post-thumbnail","hentry","category-a-la-une","category-economie"],"aioseo_notices":[],"yoast_head":"<!-- This site is optimized with the Yoast SEO plugin v27.5 - https:\/\/yoast.com\/product\/yoast-seo-wordpress\/ -->\n<title>D\u00e9veloppement minier\u00a0: Le coup d\u2019acc\u00e9l\u00e9rateur - La Sentinelle<\/title>\n<meta name=\"robots\" content=\"index, follow, max-snippet:-1, max-image-preview:large, max-video-preview:-1\" \/>\n<link rel=\"canonical\" href=\"https:\/\/lasentinelle.dz\/index.php\/2023\/02\/21\/developpement-minier-le-coup-daccelerateur\/\" \/>\n<meta property=\"og:locale\" content=\"fr_FR\" \/>\n<meta property=\"og:type\" content=\"article\" \/>\n<meta property=\"og:title\" content=\"D\u00e9veloppement minier\u00a0: Le coup d\u2019acc\u00e9l\u00e9rateur - La Sentinelle\" \/>\n<meta property=\"og:description\" content=\"Le plan de d\u00e9veloppement minier doit conna\u00eetre une acc\u00e9l\u00e9ration notable d\u00e8s cette ann\u00e9e. C\u2019est dans ce contexte que le pr\u00e9sident\" \/>\n<meta property=\"og:url\" content=\"https:\/\/lasentinelle.dz\/index.php\/2023\/02\/21\/developpement-minier-le-coup-daccelerateur\/\" \/>\n<meta property=\"og:site_name\" content=\"La Sentinelle\" \/>\n<meta property=\"article:publisher\" content=\"https:\/\/www.facebook.com\/La-Sentinelle-104059864394773\" \/>\n<meta property=\"article:published_time\" content=\"2023-02-21T21:08:00+00:00\" \/>\n<meta property=\"og:image\" content=\"https:\/\/lasentinelle.dz\/wp-content\/uploads\/2023\/02\/Sans-titre-1-12.png\" \/>\n\t<meta property=\"og:image:width\" content=\"1352\" \/>\n\t<meta property=\"og:image:height\" content=\"900\" \/>\n\t<meta property=\"og:image:type\" content=\"image\/png\" \/>\n<meta name=\"author\" content=\"La Sentinelle\" \/>\n<meta name=\"twitter:card\" content=\"summary_large_image\" \/>\n<meta name=\"twitter:label1\" content=\"\u00c9crit par\" \/>\n\t<meta name=\"twitter:data1\" content=\"La Sentinelle\" \/>\n\t<meta name=\"twitter:label2\" content=\"Dur\u00e9e de lecture estim\u00e9e\" \/>\n\t<meta name=\"twitter:data2\" content=\"4 minutes\" \/>\n<script type=\"application\/ld+json\" class=\"yoast-schema-graph\">{\"@context\":\"https:\\\/\\\/schema.org\",\"@graph\":[{\"@type\":\"Article\",\"@id\":\"https:\\\/\\\/lasentinelle.dz\\\/index.php\\\/2023\\\/02\\\/21\\\/developpement-minier-le-coup-daccelerateur\\\/#article\",\"isPartOf\":{\"@id\":\"https:\\\/\\\/lasentinelle.dz\\\/index.php\\\/2023\\\/02\\\/21\\\/developpement-minier-le-coup-daccelerateur\\\/\"},\"author\":{\"name\":\"La Sentinelle\",\"@id\":\"https:\\\/\\\/lasentinelle.dz\\\/#\\\/schema\\\/person\\\/d865044e22e70a75174ce8bcad3acfb3\"},\"headline\":\"D\u00e9veloppement minier\u00a0: Le coup d\u2019acc\u00e9l\u00e9rateur\",\"datePublished\":\"2023-02-21T21:08:00+00:00\",\"mainEntityOfPage\":{\"@id\":\"https:\\\/\\\/lasentinelle.dz\\\/index.php\\\/2023\\\/02\\\/21\\\/developpement-minier-le-coup-daccelerateur\\\/\"},\"wordCount\":719,\"commentCount\":0,\"publisher\":{\"@id\":\"https:\\\/\\\/lasentinelle.dz\\\/#organization\"},\"image\":{\"@id\":\"https:\\\/\\\/lasentinelle.dz\\\/index.php\\\/2023\\\/02\\\/21\\\/developpement-minier-le-coup-daccelerateur\\\/#primaryimage\"},\"thumbnailUrl\":\"https:\\\/\\\/lasentinelle.dz\\\/wp-content\\\/uploads\\\/2023\\\/02\\\/Sans-titre-1-12.png\",\"articleSection\":[\"\u00c0 la Une\",\"\u00c9conomie\"],\"inLanguage\":\"fr-FR\",\"potentialAction\":[{\"@type\":\"CommentAction\",\"name\":\"Comment\",\"target\":[\"https:\\\/\\\/lasentinelle.dz\\\/index.php\\\/2023\\\/02\\\/21\\\/developpement-minier-le-coup-daccelerateur\\\/#respond\"]}]},{\"@type\":\"WebPage\",\"@id\":\"https:\\\/\\\/lasentinelle.dz\\\/index.php\\\/2023\\\/02\\\/21\\\/developpement-minier-le-coup-daccelerateur\\\/\",\"url\":\"https:\\\/\\\/lasentinelle.dz\\\/index.php\\\/2023\\\/02\\\/21\\\/developpement-minier-le-coup-daccelerateur\\\/\",\"name\":\"D\u00e9veloppement minier\u00a0: Le coup d\u2019acc\u00e9l\u00e9rateur - La Sentinelle\",\"isPartOf\":{\"@id\":\"https:\\\/\\\/lasentinelle.dz\\\/#website\"},\"primaryImageOfPage\":{\"@id\":\"https:\\\/\\\/lasentinelle.dz\\\/index.php\\\/2023\\\/02\\\/21\\\/developpement-minier-le-coup-daccelerateur\\\/#primaryimage\"},\"image\":{\"@id\":\"https:\\\/\\\/lasentinelle.dz\\\/index.php\\\/2023\\\/02\\\/21\\\/developpement-minier-le-coup-daccelerateur\\\/#primaryimage\"},\"thumbnailUrl\":\"https:\\\/\\\/lasentinelle.dz\\\/wp-content\\\/uploads\\\/2023\\\/02\\\/Sans-titre-1-12.png\",\"datePublished\":\"2023-02-21T21:08:00+00:00\",\"breadcrumb\":{\"@id\":\"https:\\\/\\\/lasentinelle.dz\\\/index.php\\\/2023\\\/02\\\/21\\\/developpement-minier-le-coup-daccelerateur\\\/#breadcrumb\"},\"inLanguage\":\"fr-FR\",\"potentialAction\":[{\"@type\":\"ReadAction\",\"target\":[\"https:\\\/\\\/lasentinelle.dz\\\/index.php\\\/2023\\\/02\\\/21\\\/developpement-minier-le-coup-daccelerateur\\\/\"]}]},{\"@type\":\"ImageObject\",\"inLanguage\":\"fr-FR\",\"@id\":\"https:\\\/\\\/lasentinelle.dz\\\/index.php\\\/2023\\\/02\\\/21\\\/developpement-minier-le-coup-daccelerateur\\\/#primaryimage\",\"url\":\"https:\\\/\\\/lasentinelle.dz\\\/wp-content\\\/uploads\\\/2023\\\/02\\\/Sans-titre-1-12.png\",\"contentUrl\":\"https:\\\/\\\/lasentinelle.dz\\\/wp-content\\\/uploads\\\/2023\\\/02\\\/Sans-titre-1-12.png\",\"width\":1352,\"height\":900},{\"@type\":\"BreadcrumbList\",\"@id\":\"https:\\\/\\\/lasentinelle.dz\\\/index.php\\\/2023\\\/02\\\/21\\\/developpement-minier-le-coup-daccelerateur\\\/#breadcrumb\",\"itemListElement\":[{\"@type\":\"ListItem\",\"position\":1,\"name\":\"Accueil\",\"item\":\"https:\\\/\\\/lasentinelle.dz\\\/\"},{\"@type\":\"ListItem\",\"position\":2,\"name\":\"D\u00e9veloppement minier\u00a0: Le coup d\u2019acc\u00e9l\u00e9rateur\"}]},{\"@type\":\"WebSite\",\"@id\":\"https:\\\/\\\/lasentinelle.dz\\\/#website\",\"url\":\"https:\\\/\\\/lasentinelle.dz\\\/\",\"name\":\"La Sentinelle\",\"description\":\"Quotidien national d&#039;information\",\"publisher\":{\"@id\":\"https:\\\/\\\/lasentinelle.dz\\\/#organization\"},\"potentialAction\":[{\"@type\":\"SearchAction\",\"target\":{\"@type\":\"EntryPoint\",\"urlTemplate\":\"https:\\\/\\\/lasentinelle.dz\\\/?s={search_term_string}\"},\"query-input\":{\"@type\":\"PropertyValueSpecification\",\"valueRequired\":true,\"valueName\":\"search_term_string\"}}],\"inLanguage\":\"fr-FR\"},{\"@type\":\"Organization\",\"@id\":\"https:\\\/\\\/lasentinelle.dz\\\/#organization\",\"name\":\"Quotidien La Sentinelle\",\"url\":\"https:\\\/\\\/lasentinelle.dz\\\/\",\"logo\":{\"@type\":\"ImageObject\",\"inLanguage\":\"fr-FR\",\"@id\":\"https:\\\/\\\/lasentinelle.dz\\\/#\\\/schema\\\/logo\\\/image\\\/\",\"url\":\"https:\\\/\\\/lasentinelle.dz\\\/wp-content\\\/uploads\\\/2021\\\/09\\\/logo-sentinelleSLOGAN-1.png\",\"contentUrl\":\"https:\\\/\\\/lasentinelle.dz\\\/wp-content\\\/uploads\\\/2021\\\/09\\\/logo-sentinelleSLOGAN-1.png\",\"width\":615,\"height\":142,\"caption\":\"Quotidien La Sentinelle\"},\"image\":{\"@id\":\"https:\\\/\\\/lasentinelle.dz\\\/#\\\/schema\\\/logo\\\/image\\\/\"},\"sameAs\":[\"https:\\\/\\\/www.facebook.com\\\/La-Sentinelle-104059864394773\"]},{\"@type\":\"Person\",\"@id\":\"https:\\\/\\\/lasentinelle.dz\\\/#\\\/schema\\\/person\\\/d865044e22e70a75174ce8bcad3acfb3\",\"name\":\"La Sentinelle\",\"image\":{\"@type\":\"ImageObject\",\"inLanguage\":\"fr-FR\",\"@id\":\"https:\\\/\\\/secure.gravatar.com\\\/avatar\\\/57de8e5d4b15d43fb361a71fbb36338450fe67865b528a43dd10ef7c51a20392?s=96&d=mm&r=g\",\"url\":\"https:\\\/\\\/secure.gravatar.com\\\/avatar\\\/57de8e5d4b15d43fb361a71fbb36338450fe67865b528a43dd10ef7c51a20392?s=96&d=mm&r=g\",\"contentUrl\":\"https:\\\/\\\/secure.gravatar.com\\\/avatar\\\/57de8e5d4b15d43fb361a71fbb36338450fe67865b528a43dd10ef7c51a20392?s=96&d=mm&r=g\",\"caption\":\"La Sentinelle\"},\"sameAs\":[\"http:\\\/\\\/www.lasentinelle.dz\"],\"url\":\"https:\\\/\\\/lasentinelle.dz\\\/author\\\/redaction\\\/\"}]}<\/script>\n<!-- \/ Yoast SEO plugin. -->","yoast_head_json":{"title":"D\u00e9veloppement minier\u00a0: Le coup d\u2019acc\u00e9l\u00e9rateur - La Sentinelle","robots":{"index":"index","follow":"follow","max-snippet":"max-snippet:-1","max-image-preview":"max-image-preview:large","max-video-preview":"max-video-preview:-1"},"canonical":"https:\/\/lasentinelle.dz\/index.php\/2023\/02\/21\/developpement-minier-le-coup-daccelerateur\/","og_locale":"fr_FR","og_type":"article","og_title":"D\u00e9veloppement minier\u00a0: Le coup d\u2019acc\u00e9l\u00e9rateur - La Sentinelle","og_description":"Le plan de d\u00e9veloppement minier doit conna\u00eetre une acc\u00e9l\u00e9ration notable d\u00e8s cette ann\u00e9e. C\u2019est dans ce contexte que le pr\u00e9sident","og_url":"https:\/\/lasentinelle.dz\/index.php\/2023\/02\/21\/developpement-minier-le-coup-daccelerateur\/","og_site_name":"La Sentinelle","article_publisher":"https:\/\/www.facebook.com\/La-Sentinelle-104059864394773","article_published_time":"2023-02-21T21:08:00+00:00","og_image":[{"width":1352,"height":900,"url":"https:\/\/lasentinelle.dz\/wp-content\/uploads\/2023\/02\/Sans-titre-1-12.png","type":"image\/png"}],"author":"La Sentinelle","twitter_card":"summary_large_image","twitter_misc":{"\u00c9crit par":"La Sentinelle","Dur\u00e9e de lecture estim\u00e9e":"4 minutes"},"schema":{"@context":"https:\/\/schema.org","@graph":[{"@type":"Article","@id":"https:\/\/lasentinelle.dz\/index.php\/2023\/02\/21\/developpement-minier-le-coup-daccelerateur\/#article","isPartOf":{"@id":"https:\/\/lasentinelle.dz\/index.php\/2023\/02\/21\/developpement-minier-le-coup-daccelerateur\/"},"author":{"name":"La Sentinelle","@id":"https:\/\/lasentinelle.dz\/#\/schema\/person\/d865044e22e70a75174ce8bcad3acfb3"},"headline":"D\u00e9veloppement minier\u00a0: Le coup d\u2019acc\u00e9l\u00e9rateur","datePublished":"2023-02-21T21:08:00+00:00","mainEntityOfPage":{"@id":"https:\/\/lasentinelle.dz\/index.php\/2023\/02\/21\/developpement-minier-le-coup-daccelerateur\/"},"wordCount":719,"commentCount":0,"publisher":{"@id":"https:\/\/lasentinelle.dz\/#organization"},"image":{"@id":"https:\/\/lasentinelle.dz\/index.php\/2023\/02\/21\/developpement-minier-le-coup-daccelerateur\/#primaryimage"},"thumbnailUrl":"https:\/\/lasentinelle.dz\/wp-content\/uploads\/2023\/02\/Sans-titre-1-12.png","articleSection":["\u00c0 la Une","\u00c9conomie"],"inLanguage":"fr-FR","potentialAction":[{"@type":"CommentAction","name":"Comment","target":["https:\/\/lasentinelle.dz\/index.php\/2023\/02\/21\/developpement-minier-le-coup-daccelerateur\/#respond"]}]},{"@type":"WebPage","@id":"https:\/\/lasentinelle.dz\/index.php\/2023\/02\/21\/developpement-minier-le-coup-daccelerateur\/","url":"https:\/\/lasentinelle.dz\/index.php\/2023\/02\/21\/developpement-minier-le-coup-daccelerateur\/","name":"D\u00e9veloppement minier\u00a0: Le coup d\u2019acc\u00e9l\u00e9rateur - La Sentinelle","isPartOf":{"@id":"https:\/\/lasentinelle.dz\/#website"},"primaryImageOfPage":{"@id":"https:\/\/lasentinelle.dz\/index.php\/2023\/02\/21\/developpement-minier-le-coup-daccelerateur\/#primaryimage"},"image":{"@id":"https:\/\/lasentinelle.dz\/index.php\/2023\/02\/21\/developpement-minier-le-coup-daccelerateur\/#primaryimage"},"thumbnailUrl":"https:\/\/lasentinelle.dz\/wp-content\/uploads\/2023\/02\/Sans-titre-1-12.png","datePublished":"2023-02-21T21:08:00+00:00","breadcrumb":{"@id":"https:\/\/lasentinelle.dz\/index.php\/2023\/02\/21\/developpement-minier-le-coup-daccelerateur\/#breadcrumb"},"inLanguage":"fr-FR","potentialAction":[{"@type":"ReadAction","target":["https:\/\/lasentinelle.dz\/index.php\/2023\/02\/21\/developpement-minier-le-coup-daccelerateur\/"]}]},{"@type":"ImageObject","inLanguage":"fr-FR","@id":"https:\/\/lasentinelle.dz\/index.php\/2023\/02\/21\/developpement-minier-le-coup-daccelerateur\/#primaryimage","url":"https:\/\/lasentinelle.dz\/wp-content\/uploads\/2023\/02\/Sans-titre-1-12.png","contentUrl":"https:\/\/lasentinelle.dz\/wp-content\/uploads\/2023\/02\/Sans-titre-1-12.png","width":1352,"height":900},{"@type":"BreadcrumbList","@id":"https:\/\/lasentinelle.dz\/index.php\/2023\/02\/21\/developpement-minier-le-coup-daccelerateur\/#breadcrumb","itemListElement":[{"@type":"ListItem","position":1,"name":"Accueil","item":"https:\/\/lasentinelle.dz\/"},{"@type":"ListItem","position":2,"name":"D\u00e9veloppement minier\u00a0: Le coup d\u2019acc\u00e9l\u00e9rateur"}]},{"@type":"WebSite","@id":"https:\/\/lasentinelle.dz\/#website","url":"https:\/\/lasentinelle.dz\/","name":"La Sentinelle","description":"Quotidien national d&#039;information","publisher":{"@id":"https:\/\/lasentinelle.dz\/#organization"},"potentialAction":[{"@type":"SearchAction","target":{"@type":"EntryPoint","urlTemplate":"https:\/\/lasentinelle.dz\/?s={search_term_string}"},"query-input":{"@type":"PropertyValueSpecification","valueRequired":true,"valueName":"search_term_string"}}],"inLanguage":"fr-FR"},{"@type":"Organization","@id":"https:\/\/lasentinelle.dz\/#organization","name":"Quotidien La Sentinelle","url":"https:\/\/lasentinelle.dz\/","logo":{"@type":"ImageObject","inLanguage":"fr-FR","@id":"https:\/\/lasentinelle.dz\/#\/schema\/logo\/image\/","url":"https:\/\/lasentinelle.dz\/wp-content\/uploads\/2021\/09\/logo-sentinelleSLOGAN-1.png","contentUrl":"https:\/\/lasentinelle.dz\/wp-content\/uploads\/2021\/09\/logo-sentinelleSLOGAN-1.png","width":615,"height":142,"caption":"Quotidien La Sentinelle"},"image":{"@id":"https:\/\/lasentinelle.dz\/#\/schema\/logo\/image\/"},"sameAs":["https:\/\/www.facebook.com\/La-Sentinelle-104059864394773"]},{"@type":"Person","@id":"https:\/\/lasentinelle.dz\/#\/schema\/person\/d865044e22e70a75174ce8bcad3acfb3","name":"La Sentinelle","image":{"@type":"ImageObject","inLanguage":"fr-FR","@id":"https:\/\/secure.gravatar.com\/avatar\/57de8e5d4b15d43fb361a71fbb36338450fe67865b528a43dd10ef7c51a20392?s=96&d=mm&r=g","url":"https:\/\/secure.gravatar.com\/avatar\/57de8e5d4b15d43fb361a71fbb36338450fe67865b528a43dd10ef7c51a20392?s=96&d=mm&r=g","contentUrl":"https:\/\/secure.gravatar.com\/avatar\/57de8e5d4b15d43fb361a71fbb36338450fe67865b528a43dd10ef7c51a20392?s=96&d=mm&r=g","caption":"La Sentinelle"},"sameAs":["http:\/\/www.lasentinelle.dz"],"url":"https:\/\/lasentinelle.dz\/author\/redaction\/"}]}},"_links":{"self":[{"href":"https:\/\/lasentinelle.dz\/index.php\/wp-json\/wp\/v2\/posts\/36615","targetHints":{"allow":["GET"]}}],"collection":[{"href":"https:\/\/lasentinelle.dz\/index.php\/wp-json\/wp\/v2\/posts"}],"about":[{"href":"https:\/\/lasentinelle.dz\/index.php\/wp-json\/wp\/v2\/types\/post"}],"author":[{"embeddable":true,"href":"https:\/\/lasentinelle.dz\/index.php\/wp-json\/wp\/v2\/users\/3"}],"replies":[{"embeddable":true,"href":"https:\/\/lasentinelle.dz\/index.php\/wp-json\/wp\/v2\/comments?post=36615"}],"version-history":[{"count":2,"href":"https:\/\/lasentinelle.dz\/index.php\/wp-json\/wp\/v2\/posts\/36615\/revisions"}],"predecessor-version":[{"id":36648,"href":"https:\/\/lasentinelle.dz\/index.php\/wp-json\/wp\/v2\/posts\/36615\/revisions\/36648"}],"wp:featuredmedia":[{"embeddable":true,"href":"https:\/\/lasentinelle.dz\/index.php\/wp-json\/wp\/v2\/media\/36628"}],"wp:attachment":[{"href":"https:\/\/lasentinelle.dz\/index.php\/wp-json\/wp\/v2\/media?parent=36615"}],"wp:term":[{"taxonomy":"category","embeddable":true,"href":"https:\/\/lasentinelle.dz\/index.php\/wp-json\/wp\/v2\/categories?post=36615"},{"taxonomy":"post_tag","embeddable":true,"href":"https:\/\/lasentinelle.dz\/index.php\/wp-json\/wp\/v2\/tags?post=36615"}],"curies":[{"name":"wp","href":"https:\/\/api.w.org\/{rel}","templated":true}]}}