{"id":36694,"date":"2023-02-22T22:15:00","date_gmt":"2023-02-22T21:15:00","guid":{"rendered":"https:\/\/lasentinelle.dz\/?p=36694"},"modified":"2023-02-22T20:06:28","modified_gmt":"2023-02-22T19:06:28","slug":"le-cic-abrite-dimanche-les-2e-reunions-sur-lappel-en-faveur-du-sahel-lalgerie-au-chevet-du-sahel","status":"publish","type":"post","link":"https:\/\/lasentinelle.dz\/index.php\/2023\/02\/22\/le-cic-abrite-dimanche-les-2e-reunions-sur-lappel-en-faveur-du-sahel-lalgerie-au-chevet-du-sahel\/","title":{"rendered":"Le CIC abrite dimanche les 2e R\u00e9unions sur l&rsquo;Appel en faveur du Sahel\u00a0: L\u2019Alg\u00e9rie au chevet du Sahel"},"content":{"rendered":"\n<p>Le terrorisme au Sahel est aliment\u00e9 pour une tr\u00e8s large part par la pauvret\u00e9 et le sous-d\u00e9veloppement qui frappent la r\u00e9gion depuis plusieurs ann\u00e9es. Un rapport publi\u00e9 au d\u00e9but du mois par le Programme des Nations Unies pour le d\u00e9veloppement (PNUD), confirme d\u2019ailleurs que l&rsquo;espoir de trouver du travail est d\u00e9sormais le principal facteur qui pousse des hommes et des femmes \u00e0 rejoindre des groupes extr\u00e9mistes violents en nette croissance en Afrique subsaharienne.<\/p>\n\n\n\n<p>L&rsquo;Alg\u00e9rie abritera les 26 et 27 f\u00e9vrier, au CIC, les travaux de la 2e r\u00e9union qui s&rsquo;inscrit dans le cadre des cycles de discussions sur l&rsquo;Appel en faveur du Sahel, adopt\u00e9es par le Parlement international lors de son 1er Sommet mondial sur la lutte contre le terrorisme, tenu en septembre 2021 \u00e0 Vienne. \u00ab Cet Appel repose sur un plan d&rsquo;action \u00e0 mettre en \u0153uvre dans une s\u00e9rie de r\u00e9unions visant le renforcement de cinq axes, \u00e0 savoir l&rsquo;environnement, la population, la s\u00e9curit\u00e9, l&rsquo;enseignement et le d\u00e9veloppement \u00bb, pr\u00e9cise un communiqu\u00e9 rendu public samedi par l&rsquo;Assembl\u00e9e populaire nationale (APN).<\/p>\n\n\n\n<p>Les travaux de la r\u00e9gion d\u2019Alger se tiendront sous forme de s\u00e9ances de d\u00e9bats r\u00e9parties sur cinq ateliers. Ils aborderont des questions li\u00e9es au r\u00f4le des leaders des soci\u00e9t\u00e9s locales dans la lutte contre le terrorisme et la pr\u00e9vention contre l&rsquo;extr\u00e9misme violent, outre le renforcement de la r\u00e9sistance face aux tentatives visant \u00e0 entrainer les femmes, les enfants et les jeunes dans la r\u00e9gion du Sahel vers l&rsquo;extr\u00e9misme. La r\u00e9union sera marqu\u00e9e par la participation des membres du groupe consultatif de haut niveau sur la lutte contre le terrorisme et l&rsquo;extr\u00e9misme violent, de parlementaires, de savants religieux, de responsables locaux de la r\u00e9gion du Sahel, de repr\u00e9sentants des Nations unies, de membres des assembl\u00e9es parlementaires r\u00e9gionales, de victimes du terrorisme, de repr\u00e9sentants de la soci\u00e9t\u00e9 civile, d\u2019ONG et un groupe d&rsquo;experts. Les travaux seront sanctionn\u00e9s par une s\u00e9rie de recommandations \u00e0 soumettre au Sommet mondial \u00e0 propos de la r\u00e9ponse mondiale \u00e0 l&rsquo;Appel en faveur du Sahel, qui sera organis\u00e9 d\u00e8s la fin des r\u00e9unions programm\u00e9es dans ce cadre.<\/p>\n\n\n\n<p>L&rsquo;\u00e9v\u00e9nement intervient dans un contexte marqu\u00e9 une importante recrudescence du terrorisme. Rien qu\u2019en 2022, le terrorisme a fait pr\u00e8s de 10.000 victimes. La r\u00e9gion est d\u2019ailleurs consid\u00e9r\u00e9e par de nombreux sp\u00e9cialistes comme l\u2019\u00e9picentre mondial du terrorisme. La menace pos\u00e9e, par exemple, par Daech pour la paix et la s\u00e9curit\u00e9 r\u00e9gionale reste \u00e9lev\u00e9e et a augment\u00e9 dans et autour des zones de conflit o\u00f9 le groupe et ses affili\u00e9s sont actifs. Selon l\u2019ONU, l\u2019expansion de Daech et de ses affili\u00e9s est particuli\u00e8rement pr\u00e9occupante en Afrique centrale et australe, ainsi qu&rsquo;au Sahel.<\/p>\n\n\n\n<p>Le terrorisme au Sahel est aliment\u00e9 pour une tr\u00e8s large part par la pauvret\u00e9 et le sous-d\u00e9veloppement qui frappent la r\u00e9gion depuis plusieurs ann\u00e9es. Un rapport publi\u00e9 au d\u00e9but du mois par le Programme des Nations Unies pour le d\u00e9veloppement (PNUD), confirme d\u2019ailleurs que l&rsquo;espoir de trouver du travail est d\u00e9sormais le principal facteur qui pousse des hommes et des femmes \u00e0 rejoindre des groupes extr\u00e9mistes violents en nette croissance en Afrique subsaharienne. Intitul\u00e9 \u00ab Sur les chemins de l\u2019extr\u00e9misme en Afrique : les voies du recrutement et du d\u00e9sengagement \u00bb, le rapport en question souligne l&rsquo;importance des facteurs \u00e9conomiques en tant que moteurs du recrutement. Il s&rsquo;appuie sur des entrevues r\u00e9alis\u00e9es aupr\u00e8s de 2.200 personnes dans huit pays, \u00e0 savoir le Burkina Faso, le Cameroun, le Tchad, le Mali, le Niger, le Nig\u00e9ria, la Somalie et le Soudan.<\/p>\n\n\n\n<p><strong>Terrorisme, n\u00e9ocolonialisme et guerres d\u2019influences<\/strong><\/p>\n\n\n\n<p>Un quart des recrues volontaires interrog\u00e9es ont mentionn\u00e9 le manque d&rsquo;opportunit\u00e9s d\u2019emploi comme principale raison de leur adh\u00e9sion aux groupes extr\u00e9mistes violents, soit une augmentation de 92% par rapport aux conclusions d\u2019une \u00e9tude sans pr\u00e9c\u00e9dent du PNUD de 2017. La religion constitue d\u00e9sormais la troisi\u00e8me raison d\u2019adh\u00e9sion, cit\u00e9e par 17% des personnes interrog\u00e9es, soit une diminution de 57% par rapport aux r\u00e9sultats de l\u2019\u00e9tude de 2017.&nbsp; Pr\u00e8s de la moiti\u00e9 (50%) des personnes interrog\u00e9es ont mentionn\u00e9 un \u00e9v\u00e9nement d\u00e9clencheur sp\u00e9cifique les poussant \u00e0 rejoindre des groupes extr\u00e9mistes violents. Parmi ces personnes, 71% ont \u00e9voqu\u00e9 des violations des droits humains, souvent commises par les forces de s\u00e9curit\u00e9 de l&rsquo;\u00c9tat, comme \u00ab leur point de basculement\u00bb. Le PNUD convient aussi que l&rsquo;Afrique subsaharienne est devenue le nouvel \u00e9picentre mondial de l&rsquo;extr\u00e9misme violent enregistrant 48% des d\u00e9c\u00e8s dus au terrorisme dans le monde en 2021. \u00ab Cette pouss\u00e9e de l\u2019extr\u00e9misme violent a non seulement un impact n\u00e9gatif sur la vie, la s\u00e9curit\u00e9 et la paix, mais risque aussi d\u2019annihiler les gains en mati\u00e8re de d\u00e9veloppement durement acquis pour les g\u00e9n\u00e9rations \u00e0 venir \u00bb, a pr\u00e9cis\u00e9 l\u2019agence onusienne.<\/p>\n\n\n\n<p>Pour contrer et pr\u00e9venir l&rsquo;extr\u00e9misme violent, le PNUD recommande dans son rapport un investissement plus important dans les services sociaux de base, y compris la protection de l&rsquo;enfance, l\u2019\u00e9ducation, les moyens de subsistance de qualit\u00e9 ; ainsi qu\u2019un investissement dans le renforcement des capacit\u00e9s des jeunes hommes et femmes. Il appelle \u00e9galement \u00e0 intensifier les possibles voies de sortie des recrues et \u00e0 investir dans les services de r\u00e9adaptation et de r\u00e9int\u00e9gration \u00e0 base communautaire. Il faut aussi convenir que le terrorisme au Sahel se nourrit grandement aussi de la fragilit\u00e9 et de l\u2019instabilit\u00e9 des Etats. Le probl\u00e8me des ing\u00e9rences \u00e9trang\u00e8res et des guerres n\u00e9ocoloniales (Libye) men\u00e9es par certains pays occidentaux pour faire main basse sur les ressources mani\u00e8res de la r\u00e9gion sont \u00e9galement un facteur aggravant. Le Sahel et plus largement l\u2019Afrique sont devenus le nouveau th\u00e9\u00e2tre de confrontations entre les grandes puissances. Ces \u00e9l\u00e9ments sont ind\u00e9niablement la cause de la d\u00e9stabilisation durable du Sahel. Tous les r\u00e9cents rapports de l\u2019ONU plaident en faveur d\u2019une mobilisation massive et sur tous les plans de la communaut\u00e9 internationale pour sortir la r\u00e9gion de l\u2019\u0153il du cyclone.<\/p>\n\n\n\n<p><strong>Khider Larbi<\/strong><\/p>\n","protected":false},"excerpt":{"rendered":"<p>Le terrorisme au Sahel est aliment\u00e9 pour une tr\u00e8s large part par la pauvret\u00e9 et le sous-d\u00e9veloppement qui frappent la<\/p>\n","protected":false},"author":3,"featured_media":36711,"comment_status":"open","ping_status":"closed","sticky":false,"template":"","format":"standard","meta":{"colormag_page_container_layout":"default_layout","colormag_page_sidebar_layout":"default_layout","om_disable_all_campaigns":false,"_monsterinsights_skip_tracking":false,"_monsterinsights_sitenote_active":false,"_monsterinsights_sitenote_note":"","_monsterinsights_sitenote_category":0,"footnotes":"","_wpscppro_dont_share_socialmedia":false,"_wpscppro_custom_social_share_image":0,"_facebook_share_type":"","_twitter_share_type":"","_linkedin_share_type":"","_pinterest_share_type":"","_linkedin_share_type_page":"","_instagram_share_type":"","_medium_share_type":"","_threads_share_type":"","_google_business_share_type":"","_selected_social_profile":[],"_wpsp_enable_custom_social_template":false,"_wpsp_social_scheduling":{"enabled":false,"datetime":null,"platforms":[],"status":"template_only","dateOption":"today","timeOption":"now","customDays":"","customHours":"","customDate":"","customTime":"","schedulingType":"absolute"},"_wpsp_active_default_template":true},"categories":[52,37],"tags":[],"class_list":["post-36694","post","type-post","status-publish","format-standard","has-post-thumbnail","hentry","category-a-la-une","category-monde"],"aioseo_notices":[],"yoast_head":"<!-- This site is optimized with the Yoast SEO plugin v27.5 - https:\/\/yoast.com\/product\/yoast-seo-wordpress\/ -->\n<title>Le CIC abrite dimanche les 2e R\u00e9unions sur l&rsquo;Appel en faveur du Sahel\u00a0: L\u2019Alg\u00e9rie au chevet du Sahel - La Sentinelle<\/title>\n<meta name=\"robots\" content=\"index, follow, max-snippet:-1, max-image-preview:large, max-video-preview:-1\" \/>\n<link rel=\"canonical\" href=\"https:\/\/lasentinelle.dz\/index.php\/2023\/02\/22\/le-cic-abrite-dimanche-les-2e-reunions-sur-lappel-en-faveur-du-sahel-lalgerie-au-chevet-du-sahel\/\" \/>\n<meta property=\"og:locale\" content=\"fr_FR\" \/>\n<meta property=\"og:type\" content=\"article\" \/>\n<meta property=\"og:title\" content=\"Le CIC abrite dimanche les 2e R\u00e9unions sur l&rsquo;Appel en faveur du Sahel\u00a0: L\u2019Alg\u00e9rie au chevet du Sahel - La Sentinelle\" \/>\n<meta property=\"og:description\" content=\"Le terrorisme au Sahel est aliment\u00e9 pour une tr\u00e8s large part par la pauvret\u00e9 et le sous-d\u00e9veloppement qui frappent la\" \/>\n<meta property=\"og:url\" content=\"https:\/\/lasentinelle.dz\/index.php\/2023\/02\/22\/le-cic-abrite-dimanche-les-2e-reunions-sur-lappel-en-faveur-du-sahel-lalgerie-au-chevet-du-sahel\/\" \/>\n<meta property=\"og:site_name\" content=\"La Sentinelle\" \/>\n<meta property=\"article:publisher\" content=\"https:\/\/www.facebook.com\/La-Sentinelle-104059864394773\" \/>\n<meta property=\"article:published_time\" content=\"2023-02-22T21:15:00+00:00\" \/>\n<meta property=\"og:image\" content=\"https:\/\/lasentinelle.dz\/wp-content\/uploads\/2023\/02\/Sans-titre-1-13.png\" \/>\n\t<meta property=\"og:image:width\" content=\"1492\" \/>\n\t<meta property=\"og:image:height\" content=\"900\" \/>\n\t<meta property=\"og:image:type\" content=\"image\/png\" \/>\n<meta name=\"author\" content=\"La Sentinelle\" \/>\n<meta name=\"twitter:card\" content=\"summary_large_image\" \/>\n<meta name=\"twitter:label1\" content=\"\u00c9crit par\" \/>\n\t<meta name=\"twitter:data1\" content=\"La Sentinelle\" \/>\n\t<meta name=\"twitter:label2\" content=\"Dur\u00e9e de lecture estim\u00e9e\" \/>\n\t<meta name=\"twitter:data2\" content=\"5 minutes\" \/>\n<script type=\"application\/ld+json\" class=\"yoast-schema-graph\">{\"@context\":\"https:\\\/\\\/schema.org\",\"@graph\":[{\"@type\":\"Article\",\"@id\":\"https:\\\/\\\/lasentinelle.dz\\\/index.php\\\/2023\\\/02\\\/22\\\/le-cic-abrite-dimanche-les-2e-reunions-sur-lappel-en-faveur-du-sahel-lalgerie-au-chevet-du-sahel\\\/#article\",\"isPartOf\":{\"@id\":\"https:\\\/\\\/lasentinelle.dz\\\/index.php\\\/2023\\\/02\\\/22\\\/le-cic-abrite-dimanche-les-2e-reunions-sur-lappel-en-faveur-du-sahel-lalgerie-au-chevet-du-sahel\\\/\"},\"author\":{\"name\":\"La Sentinelle\",\"@id\":\"https:\\\/\\\/lasentinelle.dz\\\/#\\\/schema\\\/person\\\/d865044e22e70a75174ce8bcad3acfb3\"},\"headline\":\"Le CIC abrite dimanche les 2e R\u00e9unions sur l&rsquo;Appel en faveur du Sahel\u00a0: L\u2019Alg\u00e9rie au chevet du Sahel\",\"datePublished\":\"2023-02-22T21:15:00+00:00\",\"mainEntityOfPage\":{\"@id\":\"https:\\\/\\\/lasentinelle.dz\\\/index.php\\\/2023\\\/02\\\/22\\\/le-cic-abrite-dimanche-les-2e-reunions-sur-lappel-en-faveur-du-sahel-lalgerie-au-chevet-du-sahel\\\/\"},\"wordCount\":1105,\"commentCount\":0,\"publisher\":{\"@id\":\"https:\\\/\\\/lasentinelle.dz\\\/#organization\"},\"image\":{\"@id\":\"https:\\\/\\\/lasentinelle.dz\\\/index.php\\\/2023\\\/02\\\/22\\\/le-cic-abrite-dimanche-les-2e-reunions-sur-lappel-en-faveur-du-sahel-lalgerie-au-chevet-du-sahel\\\/#primaryimage\"},\"thumbnailUrl\":\"https:\\\/\\\/lasentinelle.dz\\\/wp-content\\\/uploads\\\/2023\\\/02\\\/Sans-titre-1-13.png\",\"articleSection\":[\"\u00c0 la Une\",\"Monde\"],\"inLanguage\":\"fr-FR\",\"potentialAction\":[{\"@type\":\"CommentAction\",\"name\":\"Comment\",\"target\":[\"https:\\\/\\\/lasentinelle.dz\\\/index.php\\\/2023\\\/02\\\/22\\\/le-cic-abrite-dimanche-les-2e-reunions-sur-lappel-en-faveur-du-sahel-lalgerie-au-chevet-du-sahel\\\/#respond\"]}]},{\"@type\":\"WebPage\",\"@id\":\"https:\\\/\\\/lasentinelle.dz\\\/index.php\\\/2023\\\/02\\\/22\\\/le-cic-abrite-dimanche-les-2e-reunions-sur-lappel-en-faveur-du-sahel-lalgerie-au-chevet-du-sahel\\\/\",\"url\":\"https:\\\/\\\/lasentinelle.dz\\\/index.php\\\/2023\\\/02\\\/22\\\/le-cic-abrite-dimanche-les-2e-reunions-sur-lappel-en-faveur-du-sahel-lalgerie-au-chevet-du-sahel\\\/\",\"name\":\"Le CIC abrite dimanche les 2e R\u00e9unions sur l&rsquo;Appel en faveur du Sahel\u00a0: L\u2019Alg\u00e9rie au chevet du Sahel - La Sentinelle\",\"isPartOf\":{\"@id\":\"https:\\\/\\\/lasentinelle.dz\\\/#website\"},\"primaryImageOfPage\":{\"@id\":\"https:\\\/\\\/lasentinelle.dz\\\/index.php\\\/2023\\\/02\\\/22\\\/le-cic-abrite-dimanche-les-2e-reunions-sur-lappel-en-faveur-du-sahel-lalgerie-au-chevet-du-sahel\\\/#primaryimage\"},\"image\":{\"@id\":\"https:\\\/\\\/lasentinelle.dz\\\/index.php\\\/2023\\\/02\\\/22\\\/le-cic-abrite-dimanche-les-2e-reunions-sur-lappel-en-faveur-du-sahel-lalgerie-au-chevet-du-sahel\\\/#primaryimage\"},\"thumbnailUrl\":\"https:\\\/\\\/lasentinelle.dz\\\/wp-content\\\/uploads\\\/2023\\\/02\\\/Sans-titre-1-13.png\",\"datePublished\":\"2023-02-22T21:15:00+00:00\",\"breadcrumb\":{\"@id\":\"https:\\\/\\\/lasentinelle.dz\\\/index.php\\\/2023\\\/02\\\/22\\\/le-cic-abrite-dimanche-les-2e-reunions-sur-lappel-en-faveur-du-sahel-lalgerie-au-chevet-du-sahel\\\/#breadcrumb\"},\"inLanguage\":\"fr-FR\",\"potentialAction\":[{\"@type\":\"ReadAction\",\"target\":[\"https:\\\/\\\/lasentinelle.dz\\\/index.php\\\/2023\\\/02\\\/22\\\/le-cic-abrite-dimanche-les-2e-reunions-sur-lappel-en-faveur-du-sahel-lalgerie-au-chevet-du-sahel\\\/\"]}]},{\"@type\":\"ImageObject\",\"inLanguage\":\"fr-FR\",\"@id\":\"https:\\\/\\\/lasentinelle.dz\\\/index.php\\\/2023\\\/02\\\/22\\\/le-cic-abrite-dimanche-les-2e-reunions-sur-lappel-en-faveur-du-sahel-lalgerie-au-chevet-du-sahel\\\/#primaryimage\",\"url\":\"https:\\\/\\\/lasentinelle.dz\\\/wp-content\\\/uploads\\\/2023\\\/02\\\/Sans-titre-1-13.png\",\"contentUrl\":\"https:\\\/\\\/lasentinelle.dz\\\/wp-content\\\/uploads\\\/2023\\\/02\\\/Sans-titre-1-13.png\",\"width\":1492,\"height\":900},{\"@type\":\"BreadcrumbList\",\"@id\":\"https:\\\/\\\/lasentinelle.dz\\\/index.php\\\/2023\\\/02\\\/22\\\/le-cic-abrite-dimanche-les-2e-reunions-sur-lappel-en-faveur-du-sahel-lalgerie-au-chevet-du-sahel\\\/#breadcrumb\",\"itemListElement\":[{\"@type\":\"ListItem\",\"position\":1,\"name\":\"Accueil\",\"item\":\"https:\\\/\\\/lasentinelle.dz\\\/\"},{\"@type\":\"ListItem\",\"position\":2,\"name\":\"Le CIC abrite dimanche les 2e R\u00e9unions sur l&rsquo;Appel en faveur du Sahel\u00a0: L\u2019Alg\u00e9rie au chevet du Sahel\"}]},{\"@type\":\"WebSite\",\"@id\":\"https:\\\/\\\/lasentinelle.dz\\\/#website\",\"url\":\"https:\\\/\\\/lasentinelle.dz\\\/\",\"name\":\"La Sentinelle\",\"description\":\"Quotidien national d&#039;information\",\"publisher\":{\"@id\":\"https:\\\/\\\/lasentinelle.dz\\\/#organization\"},\"potentialAction\":[{\"@type\":\"SearchAction\",\"target\":{\"@type\":\"EntryPoint\",\"urlTemplate\":\"https:\\\/\\\/lasentinelle.dz\\\/?s={search_term_string}\"},\"query-input\":{\"@type\":\"PropertyValueSpecification\",\"valueRequired\":true,\"valueName\":\"search_term_string\"}}],\"inLanguage\":\"fr-FR\"},{\"@type\":\"Organization\",\"@id\":\"https:\\\/\\\/lasentinelle.dz\\\/#organization\",\"name\":\"Quotidien La Sentinelle\",\"url\":\"https:\\\/\\\/lasentinelle.dz\\\/\",\"logo\":{\"@type\":\"ImageObject\",\"inLanguage\":\"fr-FR\",\"@id\":\"https:\\\/\\\/lasentinelle.dz\\\/#\\\/schema\\\/logo\\\/image\\\/\",\"url\":\"https:\\\/\\\/lasentinelle.dz\\\/wp-content\\\/uploads\\\/2021\\\/09\\\/logo-sentinelleSLOGAN-1.png\",\"contentUrl\":\"https:\\\/\\\/lasentinelle.dz\\\/wp-content\\\/uploads\\\/2021\\\/09\\\/logo-sentinelleSLOGAN-1.png\",\"width\":615,\"height\":142,\"caption\":\"Quotidien La Sentinelle\"},\"image\":{\"@id\":\"https:\\\/\\\/lasentinelle.dz\\\/#\\\/schema\\\/logo\\\/image\\\/\"},\"sameAs\":[\"https:\\\/\\\/www.facebook.com\\\/La-Sentinelle-104059864394773\"]},{\"@type\":\"Person\",\"@id\":\"https:\\\/\\\/lasentinelle.dz\\\/#\\\/schema\\\/person\\\/d865044e22e70a75174ce8bcad3acfb3\",\"name\":\"La Sentinelle\",\"image\":{\"@type\":\"ImageObject\",\"inLanguage\":\"fr-FR\",\"@id\":\"https:\\\/\\\/secure.gravatar.com\\\/avatar\\\/57de8e5d4b15d43fb361a71fbb36338450fe67865b528a43dd10ef7c51a20392?s=96&d=mm&r=g\",\"url\":\"https:\\\/\\\/secure.gravatar.com\\\/avatar\\\/57de8e5d4b15d43fb361a71fbb36338450fe67865b528a43dd10ef7c51a20392?s=96&d=mm&r=g\",\"contentUrl\":\"https:\\\/\\\/secure.gravatar.com\\\/avatar\\\/57de8e5d4b15d43fb361a71fbb36338450fe67865b528a43dd10ef7c51a20392?s=96&d=mm&r=g\",\"caption\":\"La Sentinelle\"},\"sameAs\":[\"http:\\\/\\\/www.lasentinelle.dz\"],\"url\":\"https:\\\/\\\/lasentinelle.dz\\\/author\\\/redaction\\\/\"}]}<\/script>\n<!-- \/ Yoast SEO plugin. -->","yoast_head_json":{"title":"Le CIC abrite dimanche les 2e R\u00e9unions sur l&rsquo;Appel en faveur du Sahel\u00a0: L\u2019Alg\u00e9rie au chevet du Sahel - La Sentinelle","robots":{"index":"index","follow":"follow","max-snippet":"max-snippet:-1","max-image-preview":"max-image-preview:large","max-video-preview":"max-video-preview:-1"},"canonical":"https:\/\/lasentinelle.dz\/index.php\/2023\/02\/22\/le-cic-abrite-dimanche-les-2e-reunions-sur-lappel-en-faveur-du-sahel-lalgerie-au-chevet-du-sahel\/","og_locale":"fr_FR","og_type":"article","og_title":"Le CIC abrite dimanche les 2e R\u00e9unions sur l&rsquo;Appel en faveur du Sahel\u00a0: L\u2019Alg\u00e9rie au chevet du Sahel - La Sentinelle","og_description":"Le terrorisme au Sahel est aliment\u00e9 pour une tr\u00e8s large part par la pauvret\u00e9 et le sous-d\u00e9veloppement qui frappent la","og_url":"https:\/\/lasentinelle.dz\/index.php\/2023\/02\/22\/le-cic-abrite-dimanche-les-2e-reunions-sur-lappel-en-faveur-du-sahel-lalgerie-au-chevet-du-sahel\/","og_site_name":"La Sentinelle","article_publisher":"https:\/\/www.facebook.com\/La-Sentinelle-104059864394773","article_published_time":"2023-02-22T21:15:00+00:00","og_image":[{"width":1492,"height":900,"url":"https:\/\/lasentinelle.dz\/wp-content\/uploads\/2023\/02\/Sans-titre-1-13.png","type":"image\/png"}],"author":"La Sentinelle","twitter_card":"summary_large_image","twitter_misc":{"\u00c9crit par":"La Sentinelle","Dur\u00e9e de lecture estim\u00e9e":"5 minutes"},"schema":{"@context":"https:\/\/schema.org","@graph":[{"@type":"Article","@id":"https:\/\/lasentinelle.dz\/index.php\/2023\/02\/22\/le-cic-abrite-dimanche-les-2e-reunions-sur-lappel-en-faveur-du-sahel-lalgerie-au-chevet-du-sahel\/#article","isPartOf":{"@id":"https:\/\/lasentinelle.dz\/index.php\/2023\/02\/22\/le-cic-abrite-dimanche-les-2e-reunions-sur-lappel-en-faveur-du-sahel-lalgerie-au-chevet-du-sahel\/"},"author":{"name":"La Sentinelle","@id":"https:\/\/lasentinelle.dz\/#\/schema\/person\/d865044e22e70a75174ce8bcad3acfb3"},"headline":"Le CIC abrite dimanche les 2e R\u00e9unions sur l&rsquo;Appel en faveur du Sahel\u00a0: L\u2019Alg\u00e9rie au chevet du Sahel","datePublished":"2023-02-22T21:15:00+00:00","mainEntityOfPage":{"@id":"https:\/\/lasentinelle.dz\/index.php\/2023\/02\/22\/le-cic-abrite-dimanche-les-2e-reunions-sur-lappel-en-faveur-du-sahel-lalgerie-au-chevet-du-sahel\/"},"wordCount":1105,"commentCount":0,"publisher":{"@id":"https:\/\/lasentinelle.dz\/#organization"},"image":{"@id":"https:\/\/lasentinelle.dz\/index.php\/2023\/02\/22\/le-cic-abrite-dimanche-les-2e-reunions-sur-lappel-en-faveur-du-sahel-lalgerie-au-chevet-du-sahel\/#primaryimage"},"thumbnailUrl":"https:\/\/lasentinelle.dz\/wp-content\/uploads\/2023\/02\/Sans-titre-1-13.png","articleSection":["\u00c0 la Une","Monde"],"inLanguage":"fr-FR","potentialAction":[{"@type":"CommentAction","name":"Comment","target":["https:\/\/lasentinelle.dz\/index.php\/2023\/02\/22\/le-cic-abrite-dimanche-les-2e-reunions-sur-lappel-en-faveur-du-sahel-lalgerie-au-chevet-du-sahel\/#respond"]}]},{"@type":"WebPage","@id":"https:\/\/lasentinelle.dz\/index.php\/2023\/02\/22\/le-cic-abrite-dimanche-les-2e-reunions-sur-lappel-en-faveur-du-sahel-lalgerie-au-chevet-du-sahel\/","url":"https:\/\/lasentinelle.dz\/index.php\/2023\/02\/22\/le-cic-abrite-dimanche-les-2e-reunions-sur-lappel-en-faveur-du-sahel-lalgerie-au-chevet-du-sahel\/","name":"Le CIC abrite dimanche les 2e R\u00e9unions sur l&rsquo;Appel en faveur du Sahel\u00a0: L\u2019Alg\u00e9rie au chevet du Sahel - La Sentinelle","isPartOf":{"@id":"https:\/\/lasentinelle.dz\/#website"},"primaryImageOfPage":{"@id":"https:\/\/lasentinelle.dz\/index.php\/2023\/02\/22\/le-cic-abrite-dimanche-les-2e-reunions-sur-lappel-en-faveur-du-sahel-lalgerie-au-chevet-du-sahel\/#primaryimage"},"image":{"@id":"https:\/\/lasentinelle.dz\/index.php\/2023\/02\/22\/le-cic-abrite-dimanche-les-2e-reunions-sur-lappel-en-faveur-du-sahel-lalgerie-au-chevet-du-sahel\/#primaryimage"},"thumbnailUrl":"https:\/\/lasentinelle.dz\/wp-content\/uploads\/2023\/02\/Sans-titre-1-13.png","datePublished":"2023-02-22T21:15:00+00:00","breadcrumb":{"@id":"https:\/\/lasentinelle.dz\/index.php\/2023\/02\/22\/le-cic-abrite-dimanche-les-2e-reunions-sur-lappel-en-faveur-du-sahel-lalgerie-au-chevet-du-sahel\/#breadcrumb"},"inLanguage":"fr-FR","potentialAction":[{"@type":"ReadAction","target":["https:\/\/lasentinelle.dz\/index.php\/2023\/02\/22\/le-cic-abrite-dimanche-les-2e-reunions-sur-lappel-en-faveur-du-sahel-lalgerie-au-chevet-du-sahel\/"]}]},{"@type":"ImageObject","inLanguage":"fr-FR","@id":"https:\/\/lasentinelle.dz\/index.php\/2023\/02\/22\/le-cic-abrite-dimanche-les-2e-reunions-sur-lappel-en-faveur-du-sahel-lalgerie-au-chevet-du-sahel\/#primaryimage","url":"https:\/\/lasentinelle.dz\/wp-content\/uploads\/2023\/02\/Sans-titre-1-13.png","contentUrl":"https:\/\/lasentinelle.dz\/wp-content\/uploads\/2023\/02\/Sans-titre-1-13.png","width":1492,"height":900},{"@type":"BreadcrumbList","@id":"https:\/\/lasentinelle.dz\/index.php\/2023\/02\/22\/le-cic-abrite-dimanche-les-2e-reunions-sur-lappel-en-faveur-du-sahel-lalgerie-au-chevet-du-sahel\/#breadcrumb","itemListElement":[{"@type":"ListItem","position":1,"name":"Accueil","item":"https:\/\/lasentinelle.dz\/"},{"@type":"ListItem","position":2,"name":"Le CIC abrite dimanche les 2e R\u00e9unions sur l&rsquo;Appel en faveur du Sahel\u00a0: L\u2019Alg\u00e9rie au chevet du Sahel"}]},{"@type":"WebSite","@id":"https:\/\/lasentinelle.dz\/#website","url":"https:\/\/lasentinelle.dz\/","name":"La Sentinelle","description":"Quotidien national d&#039;information","publisher":{"@id":"https:\/\/lasentinelle.dz\/#organization"},"potentialAction":[{"@type":"SearchAction","target":{"@type":"EntryPoint","urlTemplate":"https:\/\/lasentinelle.dz\/?s={search_term_string}"},"query-input":{"@type":"PropertyValueSpecification","valueRequired":true,"valueName":"search_term_string"}}],"inLanguage":"fr-FR"},{"@type":"Organization","@id":"https:\/\/lasentinelle.dz\/#organization","name":"Quotidien La Sentinelle","url":"https:\/\/lasentinelle.dz\/","logo":{"@type":"ImageObject","inLanguage":"fr-FR","@id":"https:\/\/lasentinelle.dz\/#\/schema\/logo\/image\/","url":"https:\/\/lasentinelle.dz\/wp-content\/uploads\/2021\/09\/logo-sentinelleSLOGAN-1.png","contentUrl":"https:\/\/lasentinelle.dz\/wp-content\/uploads\/2021\/09\/logo-sentinelleSLOGAN-1.png","width":615,"height":142,"caption":"Quotidien La Sentinelle"},"image":{"@id":"https:\/\/lasentinelle.dz\/#\/schema\/logo\/image\/"},"sameAs":["https:\/\/www.facebook.com\/La-Sentinelle-104059864394773"]},{"@type":"Person","@id":"https:\/\/lasentinelle.dz\/#\/schema\/person\/d865044e22e70a75174ce8bcad3acfb3","name":"La Sentinelle","image":{"@type":"ImageObject","inLanguage":"fr-FR","@id":"https:\/\/secure.gravatar.com\/avatar\/57de8e5d4b15d43fb361a71fbb36338450fe67865b528a43dd10ef7c51a20392?s=96&d=mm&r=g","url":"https:\/\/secure.gravatar.com\/avatar\/57de8e5d4b15d43fb361a71fbb36338450fe67865b528a43dd10ef7c51a20392?s=96&d=mm&r=g","contentUrl":"https:\/\/secure.gravatar.com\/avatar\/57de8e5d4b15d43fb361a71fbb36338450fe67865b528a43dd10ef7c51a20392?s=96&d=mm&r=g","caption":"La Sentinelle"},"sameAs":["http:\/\/www.lasentinelle.dz"],"url":"https:\/\/lasentinelle.dz\/author\/redaction\/"}]}},"_links":{"self":[{"href":"https:\/\/lasentinelle.dz\/index.php\/wp-json\/wp\/v2\/posts\/36694","targetHints":{"allow":["GET"]}}],"collection":[{"href":"https:\/\/lasentinelle.dz\/index.php\/wp-json\/wp\/v2\/posts"}],"about":[{"href":"https:\/\/lasentinelle.dz\/index.php\/wp-json\/wp\/v2\/types\/post"}],"author":[{"embeddable":true,"href":"https:\/\/lasentinelle.dz\/index.php\/wp-json\/wp\/v2\/users\/3"}],"replies":[{"embeddable":true,"href":"https:\/\/lasentinelle.dz\/index.php\/wp-json\/wp\/v2\/comments?post=36694"}],"version-history":[{"count":2,"href":"https:\/\/lasentinelle.dz\/index.php\/wp-json\/wp\/v2\/posts\/36694\/revisions"}],"predecessor-version":[{"id":36747,"href":"https:\/\/lasentinelle.dz\/index.php\/wp-json\/wp\/v2\/posts\/36694\/revisions\/36747"}],"wp:featuredmedia":[{"embeddable":true,"href":"https:\/\/lasentinelle.dz\/index.php\/wp-json\/wp\/v2\/media\/36711"}],"wp:attachment":[{"href":"https:\/\/lasentinelle.dz\/index.php\/wp-json\/wp\/v2\/media?parent=36694"}],"wp:term":[{"taxonomy":"category","embeddable":true,"href":"https:\/\/lasentinelle.dz\/index.php\/wp-json\/wp\/v2\/categories?post=36694"},{"taxonomy":"post_tag","embeddable":true,"href":"https:\/\/lasentinelle.dz\/index.php\/wp-json\/wp\/v2\/tags?post=36694"}],"curies":[{"name":"wp","href":"https:\/\/api.w.org\/{rel}","templated":true}]}}