{"id":36710,"date":"2023-02-22T22:05:00","date_gmt":"2023-02-22T21:05:00","guid":{"rendered":"https:\/\/lasentinelle.dz\/?p=36710"},"modified":"2023-02-22T18:25:55","modified_gmt":"2023-02-22T17:25:55","slug":"bilan-operationnel-de-lanp-huit-elements-de-soutien-aux-groupes-terroristes-arretes","status":"publish","type":"post","link":"https:\/\/lasentinelle.dz\/index.php\/2023\/02\/22\/bilan-operationnel-de-lanp-huit-elements-de-soutien-aux-groupes-terroristes-arretes\/","title":{"rendered":"Bilan op\u00e9rationnel de l\u2019ANP\u00a0: Huit \u00e9l\u00e9ments de soutien aux groupes terroristes arr\u00eat\u00e9s"},"content":{"rendered":"\n<p>Huit \u00e9l\u00e9ments de soutien aux groupes terroristes ont \u00e9t\u00e9 arr\u00eat\u00e9s dans des op\u00e9rations distinctes men\u00e9s par des d\u00e9tachements de l\u2019Arm\u00e9e nationale populaire \u00e0 travers le territoire national, durant la p\u00e9riode du 15 au 21 f\u00e9vrier, indique un bilan op\u00e9rationnel rendu public mercredi par le minist\u00e8re de la D\u00e9fense nationale (MDN).\u00ab&nbsp;Dans la dynamique des efforts soutenus de la lutte antiterroriste et contre la criminalit\u00e9 organis\u00e9e multiforme, des unit\u00e9s et des d\u00e9tachements de l&rsquo;ANP ont ex\u00e9cut\u00e9, durant la p\u00e9riode du 15 au 21 f\u00e9vrier 2023, plusieurs op\u00e9rations ayant abouti \u00e0 des r\u00e9sultats de qualit\u00e9 qui refl\u00e8tent le haut professionnalisme, la vigilance et la disponibilit\u00e9 permanente de nos Forces arm\u00e9es \u00e0 travers tout le territoire national&nbsp;\u00bb, pr\u00e9cise la m\u00eame source.Dans le cadre de la lutte antiterroriste et de la s\u00e9curisation des fronti\u00e8res, des d\u00e9tachements combin\u00e9s de l&rsquo;ANP \u00ab\u00a0ont arr\u00eat\u00e9 8 \u00e9l\u00e9ments de soutien aux groupes terroristes dans des op\u00e9rations distinctes \u00e0 travers le territoire national, tandis qu&rsquo;une (1) bombe de confection artisanale a \u00e9t\u00e9 d\u00e9couverte et d\u00e9truite \u00e0 l&rsquo;issue d&rsquo;une op\u00e9ration de fouille et de ratissage \u00e0 Boumerd\u00e9s&nbsp;\u00bb, indique le communiqu\u00e9 du MDN.S\u2019agissant de la lutte contre la criminalit\u00e9 organis\u00e9e, la m\u00eame source indique que des d\u00e9tachements combin\u00e9s de l\u2019ANP ont arr\u00eat\u00e9, en coordination avec les diff\u00e9rents services de s\u00e9curit\u00e9 lors d\u2019op\u00e9rations men\u00e9es \u00e0 travers les R\u00e9gions militaires, 81 narcotrafiquants et mis en \u00e9chec des tentatives d\u2019introduction de 7qx et 41 kg de kif trait\u00e9 \u00e0 la fronti\u00e8re avec le Maroc, tandis qu\u2019il a \u00e9t\u00e9 proc\u00e9d\u00e9 \u00e0 la saisie, selon la m\u00eame source, de 299.072 comprim\u00e9s psychotropes. Au registre de la lutte contre l\u2019orpaillage illicite, les d\u00e9tachements de l\u2019ANP ont intercept\u00e9 lors d\u2019op\u00e9rations men\u00e9es&nbsp; \u00e0 Tamanrasset, Bordj Badji Mokhtar, Tindouf et Djanet&nbsp; 201 individus et saisi&nbsp; 42 v\u00e9hicules, 315 groupes \u00e9lectrog\u00e8nes, 50 marteaux piqueurs, 15,5 quintaux de m\u00e9lange d\u2019or brut et de pierres, ainsi que des quantit\u00e9s d\u2019explosifs, d\u2019outils de d\u00e9tonation et d\u2019\u00e9quipements utilis\u00e9s dans des op\u00e9rations d\u2019orpaillage illicite, a pr\u00e9cise ladite source. Par ailleurs, les d\u00e9tachements de l\u2019ANP ont, en parall\u00e8le&nbsp; arr\u00eat\u00e9 42 autres individus et saisi un fusil semi-automatique, 12 fusils de chasse, 6 pistolets automatiques, 44 quintaux de tabacs, 16.371 unit\u00e9s de diff\u00e9rentes boissons et 79 tonnes de denr\u00e9es alimentaires destin\u00e9es \u00e0 la contrebande et la sp\u00e9culation, a expliqu\u00e9 le MDN dans son communiqu\u00e9. Pour leur part, les Garde-fronti\u00e8res ont, dans le m\u00eame contexte, d\u00e9jou\u00e9, en coordination avec les services de la Gendarmerie nationale, des tentatives de contrebande de grandes quantit\u00e9s de carburants s\u2019\u00e9levant \u00e0 44.455 litres \u00e0 Tamanrasset, Bordj Badji Mokhtar, Souk Ahras, El-Tarf et T\u00e9bessa, a&nbsp; ajout\u00e9 le communiqu\u00e9<\/p>\n\n\n\n<p><strong>Sofia Chahine<\/strong><\/p>\n","protected":false},"excerpt":{"rendered":"<p>Huit \u00e9l\u00e9ments de soutien aux groupes terroristes ont \u00e9t\u00e9 arr\u00eat\u00e9s dans des op\u00e9rations distinctes men\u00e9s par des d\u00e9tachements de l\u2019Arm\u00e9e<\/p>\n","protected":false},"author":3,"featured_media":36712,"comment_status":"open","ping_status":"closed","sticky":false,"template":"","format":"standard","meta":{"colormag_page_container_layout":"default_layout","colormag_page_sidebar_layout":"default_layout","om_disable_all_campaigns":false,"_monsterinsights_skip_tracking":false,"_monsterinsights_sitenote_active":false,"_monsterinsights_sitenote_note":"","_monsterinsights_sitenote_category":0,"footnotes":"","_wpscppro_dont_share_socialmedia":false,"_wpscppro_custom_social_share_image":0,"_facebook_share_type":"","_twitter_share_type":"","_linkedin_share_type":"","_pinterest_share_type":"","_linkedin_share_type_page":"","_instagram_share_type":"","_medium_share_type":"","_threads_share_type":"","_google_business_share_type":"","_selected_social_profile":[],"_wpsp_enable_custom_social_template":false,"_wpsp_social_scheduling":{"enabled":false,"datetime":null,"platforms":[],"status":"template_only","dateOption":"today","timeOption":"now","customDays":"","customHours":"","customDate":"","customTime":"","schedulingType":"absolute"},"_wpsp_active_default_template":true},"categories":[27],"tags":[],"class_list":["post-36710","post","type-post","status-publish","format-standard","has-post-thumbnail","hentry","category-actualite"],"aioseo_notices":[],"yoast_head":"<!-- This site is optimized with the Yoast SEO plugin v27.5 - https:\/\/yoast.com\/product\/yoast-seo-wordpress\/ -->\n<title>Bilan op\u00e9rationnel de l\u2019ANP\u00a0: Huit \u00e9l\u00e9ments de soutien aux groupes terroristes arr\u00eat\u00e9s - La Sentinelle<\/title>\n<meta name=\"robots\" content=\"index, follow, max-snippet:-1, max-image-preview:large, max-video-preview:-1\" \/>\n<link rel=\"canonical\" href=\"https:\/\/lasentinelle.dz\/index.php\/2023\/02\/22\/bilan-operationnel-de-lanp-huit-elements-de-soutien-aux-groupes-terroristes-arretes\/\" \/>\n<meta property=\"og:locale\" content=\"fr_FR\" \/>\n<meta property=\"og:type\" content=\"article\" \/>\n<meta property=\"og:title\" content=\"Bilan op\u00e9rationnel de l\u2019ANP\u00a0: Huit \u00e9l\u00e9ments de soutien aux groupes terroristes arr\u00eat\u00e9s - La Sentinelle\" \/>\n<meta property=\"og:description\" content=\"Huit \u00e9l\u00e9ments de soutien aux groupes terroristes ont \u00e9t\u00e9 arr\u00eat\u00e9s dans des op\u00e9rations distinctes men\u00e9s par des d\u00e9tachements de l\u2019Arm\u00e9e\" \/>\n<meta property=\"og:url\" content=\"https:\/\/lasentinelle.dz\/index.php\/2023\/02\/22\/bilan-operationnel-de-lanp-huit-elements-de-soutien-aux-groupes-terroristes-arretes\/\" \/>\n<meta property=\"og:site_name\" content=\"La Sentinelle\" \/>\n<meta property=\"article:publisher\" content=\"https:\/\/www.facebook.com\/La-Sentinelle-104059864394773\" \/>\n<meta property=\"article:published_time\" content=\"2023-02-22T21:05:00+00:00\" \/>\n<meta property=\"og:image\" content=\"https:\/\/lasentinelle.dz\/wp-content\/uploads\/2023\/02\/image_2023-02-22_182526262.png\" \/>\n\t<meta property=\"og:image:width\" content=\"745\" \/>\n\t<meta property=\"og:image:height\" content=\"445\" \/>\n\t<meta property=\"og:image:type\" content=\"image\/png\" \/>\n<meta name=\"author\" content=\"La Sentinelle\" \/>\n<meta name=\"twitter:card\" content=\"summary_large_image\" \/>\n<meta name=\"twitter:label1\" content=\"\u00c9crit par\" \/>\n\t<meta name=\"twitter:data1\" content=\"La Sentinelle\" \/>\n\t<meta name=\"twitter:label2\" content=\"Dur\u00e9e de lecture estim\u00e9e\" \/>\n\t<meta name=\"twitter:data2\" content=\"3 minutes\" \/>\n<script type=\"application\/ld+json\" class=\"yoast-schema-graph\">{\"@context\":\"https:\\\/\\\/schema.org\",\"@graph\":[{\"@type\":\"Article\",\"@id\":\"https:\\\/\\\/lasentinelle.dz\\\/index.php\\\/2023\\\/02\\\/22\\\/bilan-operationnel-de-lanp-huit-elements-de-soutien-aux-groupes-terroristes-arretes\\\/#article\",\"isPartOf\":{\"@id\":\"https:\\\/\\\/lasentinelle.dz\\\/index.php\\\/2023\\\/02\\\/22\\\/bilan-operationnel-de-lanp-huit-elements-de-soutien-aux-groupes-terroristes-arretes\\\/\"},\"author\":{\"name\":\"La Sentinelle\",\"@id\":\"https:\\\/\\\/lasentinelle.dz\\\/#\\\/schema\\\/person\\\/d865044e22e70a75174ce8bcad3acfb3\"},\"headline\":\"Bilan op\u00e9rationnel de l\u2019ANP\u00a0: Huit \u00e9l\u00e9ments de soutien aux groupes terroristes arr\u00eat\u00e9s\",\"datePublished\":\"2023-02-22T21:05:00+00:00\",\"mainEntityOfPage\":{\"@id\":\"https:\\\/\\\/lasentinelle.dz\\\/index.php\\\/2023\\\/02\\\/22\\\/bilan-operationnel-de-lanp-huit-elements-de-soutien-aux-groupes-terroristes-arretes\\\/\"},\"wordCount\":510,\"commentCount\":0,\"publisher\":{\"@id\":\"https:\\\/\\\/lasentinelle.dz\\\/#organization\"},\"image\":{\"@id\":\"https:\\\/\\\/lasentinelle.dz\\\/index.php\\\/2023\\\/02\\\/22\\\/bilan-operationnel-de-lanp-huit-elements-de-soutien-aux-groupes-terroristes-arretes\\\/#primaryimage\"},\"thumbnailUrl\":\"https:\\\/\\\/lasentinelle.dz\\\/wp-content\\\/uploads\\\/2023\\\/02\\\/image_2023-02-22_182526262.png\",\"articleSection\":[\"Actualit\u00e9\"],\"inLanguage\":\"fr-FR\",\"potentialAction\":[{\"@type\":\"CommentAction\",\"name\":\"Comment\",\"target\":[\"https:\\\/\\\/lasentinelle.dz\\\/index.php\\\/2023\\\/02\\\/22\\\/bilan-operationnel-de-lanp-huit-elements-de-soutien-aux-groupes-terroristes-arretes\\\/#respond\"]}]},{\"@type\":\"WebPage\",\"@id\":\"https:\\\/\\\/lasentinelle.dz\\\/index.php\\\/2023\\\/02\\\/22\\\/bilan-operationnel-de-lanp-huit-elements-de-soutien-aux-groupes-terroristes-arretes\\\/\",\"url\":\"https:\\\/\\\/lasentinelle.dz\\\/index.php\\\/2023\\\/02\\\/22\\\/bilan-operationnel-de-lanp-huit-elements-de-soutien-aux-groupes-terroristes-arretes\\\/\",\"name\":\"Bilan op\u00e9rationnel de l\u2019ANP\u00a0: Huit \u00e9l\u00e9ments de soutien aux groupes terroristes arr\u00eat\u00e9s - La Sentinelle\",\"isPartOf\":{\"@id\":\"https:\\\/\\\/lasentinelle.dz\\\/#website\"},\"primaryImageOfPage\":{\"@id\":\"https:\\\/\\\/lasentinelle.dz\\\/index.php\\\/2023\\\/02\\\/22\\\/bilan-operationnel-de-lanp-huit-elements-de-soutien-aux-groupes-terroristes-arretes\\\/#primaryimage\"},\"image\":{\"@id\":\"https:\\\/\\\/lasentinelle.dz\\\/index.php\\\/2023\\\/02\\\/22\\\/bilan-operationnel-de-lanp-huit-elements-de-soutien-aux-groupes-terroristes-arretes\\\/#primaryimage\"},\"thumbnailUrl\":\"https:\\\/\\\/lasentinelle.dz\\\/wp-content\\\/uploads\\\/2023\\\/02\\\/image_2023-02-22_182526262.png\",\"datePublished\":\"2023-02-22T21:05:00+00:00\",\"breadcrumb\":{\"@id\":\"https:\\\/\\\/lasentinelle.dz\\\/index.php\\\/2023\\\/02\\\/22\\\/bilan-operationnel-de-lanp-huit-elements-de-soutien-aux-groupes-terroristes-arretes\\\/#breadcrumb\"},\"inLanguage\":\"fr-FR\",\"potentialAction\":[{\"@type\":\"ReadAction\",\"target\":[\"https:\\\/\\\/lasentinelle.dz\\\/index.php\\\/2023\\\/02\\\/22\\\/bilan-operationnel-de-lanp-huit-elements-de-soutien-aux-groupes-terroristes-arretes\\\/\"]}]},{\"@type\":\"ImageObject\",\"inLanguage\":\"fr-FR\",\"@id\":\"https:\\\/\\\/lasentinelle.dz\\\/index.php\\\/2023\\\/02\\\/22\\\/bilan-operationnel-de-lanp-huit-elements-de-soutien-aux-groupes-terroristes-arretes\\\/#primaryimage\",\"url\":\"https:\\\/\\\/lasentinelle.dz\\\/wp-content\\\/uploads\\\/2023\\\/02\\\/image_2023-02-22_182526262.png\",\"contentUrl\":\"https:\\\/\\\/lasentinelle.dz\\\/wp-content\\\/uploads\\\/2023\\\/02\\\/image_2023-02-22_182526262.png\",\"width\":745,\"height\":445},{\"@type\":\"BreadcrumbList\",\"@id\":\"https:\\\/\\\/lasentinelle.dz\\\/index.php\\\/2023\\\/02\\\/22\\\/bilan-operationnel-de-lanp-huit-elements-de-soutien-aux-groupes-terroristes-arretes\\\/#breadcrumb\",\"itemListElement\":[{\"@type\":\"ListItem\",\"position\":1,\"name\":\"Accueil\",\"item\":\"https:\\\/\\\/lasentinelle.dz\\\/\"},{\"@type\":\"ListItem\",\"position\":2,\"name\":\"Bilan op\u00e9rationnel de l\u2019ANP\u00a0: Huit \u00e9l\u00e9ments de soutien aux groupes terroristes arr\u00eat\u00e9s\"}]},{\"@type\":\"WebSite\",\"@id\":\"https:\\\/\\\/lasentinelle.dz\\\/#website\",\"url\":\"https:\\\/\\\/lasentinelle.dz\\\/\",\"name\":\"La Sentinelle\",\"description\":\"Quotidien national d&#039;information\",\"publisher\":{\"@id\":\"https:\\\/\\\/lasentinelle.dz\\\/#organization\"},\"potentialAction\":[{\"@type\":\"SearchAction\",\"target\":{\"@type\":\"EntryPoint\",\"urlTemplate\":\"https:\\\/\\\/lasentinelle.dz\\\/?s={search_term_string}\"},\"query-input\":{\"@type\":\"PropertyValueSpecification\",\"valueRequired\":true,\"valueName\":\"search_term_string\"}}],\"inLanguage\":\"fr-FR\"},{\"@type\":\"Organization\",\"@id\":\"https:\\\/\\\/lasentinelle.dz\\\/#organization\",\"name\":\"Quotidien La Sentinelle\",\"url\":\"https:\\\/\\\/lasentinelle.dz\\\/\",\"logo\":{\"@type\":\"ImageObject\",\"inLanguage\":\"fr-FR\",\"@id\":\"https:\\\/\\\/lasentinelle.dz\\\/#\\\/schema\\\/logo\\\/image\\\/\",\"url\":\"https:\\\/\\\/lasentinelle.dz\\\/wp-content\\\/uploads\\\/2021\\\/09\\\/logo-sentinelleSLOGAN-1.png\",\"contentUrl\":\"https:\\\/\\\/lasentinelle.dz\\\/wp-content\\\/uploads\\\/2021\\\/09\\\/logo-sentinelleSLOGAN-1.png\",\"width\":615,\"height\":142,\"caption\":\"Quotidien La Sentinelle\"},\"image\":{\"@id\":\"https:\\\/\\\/lasentinelle.dz\\\/#\\\/schema\\\/logo\\\/image\\\/\"},\"sameAs\":[\"https:\\\/\\\/www.facebook.com\\\/La-Sentinelle-104059864394773\"]},{\"@type\":\"Person\",\"@id\":\"https:\\\/\\\/lasentinelle.dz\\\/#\\\/schema\\\/person\\\/d865044e22e70a75174ce8bcad3acfb3\",\"name\":\"La Sentinelle\",\"image\":{\"@type\":\"ImageObject\",\"inLanguage\":\"fr-FR\",\"@id\":\"https:\\\/\\\/secure.gravatar.com\\\/avatar\\\/57de8e5d4b15d43fb361a71fbb36338450fe67865b528a43dd10ef7c51a20392?s=96&d=mm&r=g\",\"url\":\"https:\\\/\\\/secure.gravatar.com\\\/avatar\\\/57de8e5d4b15d43fb361a71fbb36338450fe67865b528a43dd10ef7c51a20392?s=96&d=mm&r=g\",\"contentUrl\":\"https:\\\/\\\/secure.gravatar.com\\\/avatar\\\/57de8e5d4b15d43fb361a71fbb36338450fe67865b528a43dd10ef7c51a20392?s=96&d=mm&r=g\",\"caption\":\"La Sentinelle\"},\"sameAs\":[\"http:\\\/\\\/www.lasentinelle.dz\"],\"url\":\"https:\\\/\\\/lasentinelle.dz\\\/author\\\/redaction\\\/\"}]}<\/script>\n<!-- \/ Yoast SEO plugin. -->","yoast_head_json":{"title":"Bilan op\u00e9rationnel de l\u2019ANP\u00a0: Huit \u00e9l\u00e9ments de soutien aux groupes terroristes arr\u00eat\u00e9s - La Sentinelle","robots":{"index":"index","follow":"follow","max-snippet":"max-snippet:-1","max-image-preview":"max-image-preview:large","max-video-preview":"max-video-preview:-1"},"canonical":"https:\/\/lasentinelle.dz\/index.php\/2023\/02\/22\/bilan-operationnel-de-lanp-huit-elements-de-soutien-aux-groupes-terroristes-arretes\/","og_locale":"fr_FR","og_type":"article","og_title":"Bilan op\u00e9rationnel de l\u2019ANP\u00a0: Huit \u00e9l\u00e9ments de soutien aux groupes terroristes arr\u00eat\u00e9s - La Sentinelle","og_description":"Huit \u00e9l\u00e9ments de soutien aux groupes terroristes ont \u00e9t\u00e9 arr\u00eat\u00e9s dans des op\u00e9rations distinctes men\u00e9s par des d\u00e9tachements de l\u2019Arm\u00e9e","og_url":"https:\/\/lasentinelle.dz\/index.php\/2023\/02\/22\/bilan-operationnel-de-lanp-huit-elements-de-soutien-aux-groupes-terroristes-arretes\/","og_site_name":"La Sentinelle","article_publisher":"https:\/\/www.facebook.com\/La-Sentinelle-104059864394773","article_published_time":"2023-02-22T21:05:00+00:00","og_image":[{"width":745,"height":445,"url":"https:\/\/lasentinelle.dz\/wp-content\/uploads\/2023\/02\/image_2023-02-22_182526262.png","type":"image\/png"}],"author":"La Sentinelle","twitter_card":"summary_large_image","twitter_misc":{"\u00c9crit par":"La Sentinelle","Dur\u00e9e de lecture estim\u00e9e":"3 minutes"},"schema":{"@context":"https:\/\/schema.org","@graph":[{"@type":"Article","@id":"https:\/\/lasentinelle.dz\/index.php\/2023\/02\/22\/bilan-operationnel-de-lanp-huit-elements-de-soutien-aux-groupes-terroristes-arretes\/#article","isPartOf":{"@id":"https:\/\/lasentinelle.dz\/index.php\/2023\/02\/22\/bilan-operationnel-de-lanp-huit-elements-de-soutien-aux-groupes-terroristes-arretes\/"},"author":{"name":"La Sentinelle","@id":"https:\/\/lasentinelle.dz\/#\/schema\/person\/d865044e22e70a75174ce8bcad3acfb3"},"headline":"Bilan op\u00e9rationnel de l\u2019ANP\u00a0: Huit \u00e9l\u00e9ments de soutien aux groupes terroristes arr\u00eat\u00e9s","datePublished":"2023-02-22T21:05:00+00:00","mainEntityOfPage":{"@id":"https:\/\/lasentinelle.dz\/index.php\/2023\/02\/22\/bilan-operationnel-de-lanp-huit-elements-de-soutien-aux-groupes-terroristes-arretes\/"},"wordCount":510,"commentCount":0,"publisher":{"@id":"https:\/\/lasentinelle.dz\/#organization"},"image":{"@id":"https:\/\/lasentinelle.dz\/index.php\/2023\/02\/22\/bilan-operationnel-de-lanp-huit-elements-de-soutien-aux-groupes-terroristes-arretes\/#primaryimage"},"thumbnailUrl":"https:\/\/lasentinelle.dz\/wp-content\/uploads\/2023\/02\/image_2023-02-22_182526262.png","articleSection":["Actualit\u00e9"],"inLanguage":"fr-FR","potentialAction":[{"@type":"CommentAction","name":"Comment","target":["https:\/\/lasentinelle.dz\/index.php\/2023\/02\/22\/bilan-operationnel-de-lanp-huit-elements-de-soutien-aux-groupes-terroristes-arretes\/#respond"]}]},{"@type":"WebPage","@id":"https:\/\/lasentinelle.dz\/index.php\/2023\/02\/22\/bilan-operationnel-de-lanp-huit-elements-de-soutien-aux-groupes-terroristes-arretes\/","url":"https:\/\/lasentinelle.dz\/index.php\/2023\/02\/22\/bilan-operationnel-de-lanp-huit-elements-de-soutien-aux-groupes-terroristes-arretes\/","name":"Bilan op\u00e9rationnel de l\u2019ANP\u00a0: Huit \u00e9l\u00e9ments de soutien aux groupes terroristes arr\u00eat\u00e9s - La Sentinelle","isPartOf":{"@id":"https:\/\/lasentinelle.dz\/#website"},"primaryImageOfPage":{"@id":"https:\/\/lasentinelle.dz\/index.php\/2023\/02\/22\/bilan-operationnel-de-lanp-huit-elements-de-soutien-aux-groupes-terroristes-arretes\/#primaryimage"},"image":{"@id":"https:\/\/lasentinelle.dz\/index.php\/2023\/02\/22\/bilan-operationnel-de-lanp-huit-elements-de-soutien-aux-groupes-terroristes-arretes\/#primaryimage"},"thumbnailUrl":"https:\/\/lasentinelle.dz\/wp-content\/uploads\/2023\/02\/image_2023-02-22_182526262.png","datePublished":"2023-02-22T21:05:00+00:00","breadcrumb":{"@id":"https:\/\/lasentinelle.dz\/index.php\/2023\/02\/22\/bilan-operationnel-de-lanp-huit-elements-de-soutien-aux-groupes-terroristes-arretes\/#breadcrumb"},"inLanguage":"fr-FR","potentialAction":[{"@type":"ReadAction","target":["https:\/\/lasentinelle.dz\/index.php\/2023\/02\/22\/bilan-operationnel-de-lanp-huit-elements-de-soutien-aux-groupes-terroristes-arretes\/"]}]},{"@type":"ImageObject","inLanguage":"fr-FR","@id":"https:\/\/lasentinelle.dz\/index.php\/2023\/02\/22\/bilan-operationnel-de-lanp-huit-elements-de-soutien-aux-groupes-terroristes-arretes\/#primaryimage","url":"https:\/\/lasentinelle.dz\/wp-content\/uploads\/2023\/02\/image_2023-02-22_182526262.png","contentUrl":"https:\/\/lasentinelle.dz\/wp-content\/uploads\/2023\/02\/image_2023-02-22_182526262.png","width":745,"height":445},{"@type":"BreadcrumbList","@id":"https:\/\/lasentinelle.dz\/index.php\/2023\/02\/22\/bilan-operationnel-de-lanp-huit-elements-de-soutien-aux-groupes-terroristes-arretes\/#breadcrumb","itemListElement":[{"@type":"ListItem","position":1,"name":"Accueil","item":"https:\/\/lasentinelle.dz\/"},{"@type":"ListItem","position":2,"name":"Bilan op\u00e9rationnel de l\u2019ANP\u00a0: Huit \u00e9l\u00e9ments de soutien aux groupes terroristes arr\u00eat\u00e9s"}]},{"@type":"WebSite","@id":"https:\/\/lasentinelle.dz\/#website","url":"https:\/\/lasentinelle.dz\/","name":"La Sentinelle","description":"Quotidien national d&#039;information","publisher":{"@id":"https:\/\/lasentinelle.dz\/#organization"},"potentialAction":[{"@type":"SearchAction","target":{"@type":"EntryPoint","urlTemplate":"https:\/\/lasentinelle.dz\/?s={search_term_string}"},"query-input":{"@type":"PropertyValueSpecification","valueRequired":true,"valueName":"search_term_string"}}],"inLanguage":"fr-FR"},{"@type":"Organization","@id":"https:\/\/lasentinelle.dz\/#organization","name":"Quotidien La Sentinelle","url":"https:\/\/lasentinelle.dz\/","logo":{"@type":"ImageObject","inLanguage":"fr-FR","@id":"https:\/\/lasentinelle.dz\/#\/schema\/logo\/image\/","url":"https:\/\/lasentinelle.dz\/wp-content\/uploads\/2021\/09\/logo-sentinelleSLOGAN-1.png","contentUrl":"https:\/\/lasentinelle.dz\/wp-content\/uploads\/2021\/09\/logo-sentinelleSLOGAN-1.png","width":615,"height":142,"caption":"Quotidien La Sentinelle"},"image":{"@id":"https:\/\/lasentinelle.dz\/#\/schema\/logo\/image\/"},"sameAs":["https:\/\/www.facebook.com\/La-Sentinelle-104059864394773"]},{"@type":"Person","@id":"https:\/\/lasentinelle.dz\/#\/schema\/person\/d865044e22e70a75174ce8bcad3acfb3","name":"La Sentinelle","image":{"@type":"ImageObject","inLanguage":"fr-FR","@id":"https:\/\/secure.gravatar.com\/avatar\/57de8e5d4b15d43fb361a71fbb36338450fe67865b528a43dd10ef7c51a20392?s=96&d=mm&r=g","url":"https:\/\/secure.gravatar.com\/avatar\/57de8e5d4b15d43fb361a71fbb36338450fe67865b528a43dd10ef7c51a20392?s=96&d=mm&r=g","contentUrl":"https:\/\/secure.gravatar.com\/avatar\/57de8e5d4b15d43fb361a71fbb36338450fe67865b528a43dd10ef7c51a20392?s=96&d=mm&r=g","caption":"La Sentinelle"},"sameAs":["http:\/\/www.lasentinelle.dz"],"url":"https:\/\/lasentinelle.dz\/author\/redaction\/"}]}},"_links":{"self":[{"href":"https:\/\/lasentinelle.dz\/index.php\/wp-json\/wp\/v2\/posts\/36710","targetHints":{"allow":["GET"]}}],"collection":[{"href":"https:\/\/lasentinelle.dz\/index.php\/wp-json\/wp\/v2\/posts"}],"about":[{"href":"https:\/\/lasentinelle.dz\/index.php\/wp-json\/wp\/v2\/types\/post"}],"author":[{"embeddable":true,"href":"https:\/\/lasentinelle.dz\/index.php\/wp-json\/wp\/v2\/users\/3"}],"replies":[{"embeddable":true,"href":"https:\/\/lasentinelle.dz\/index.php\/wp-json\/wp\/v2\/comments?post=36710"}],"version-history":[{"count":1,"href":"https:\/\/lasentinelle.dz\/index.php\/wp-json\/wp\/v2\/posts\/36710\/revisions"}],"predecessor-version":[{"id":36713,"href":"https:\/\/lasentinelle.dz\/index.php\/wp-json\/wp\/v2\/posts\/36710\/revisions\/36713"}],"wp:featuredmedia":[{"embeddable":true,"href":"https:\/\/lasentinelle.dz\/index.php\/wp-json\/wp\/v2\/media\/36712"}],"wp:attachment":[{"href":"https:\/\/lasentinelle.dz\/index.php\/wp-json\/wp\/v2\/media?parent=36710"}],"wp:term":[{"taxonomy":"category","embeddable":true,"href":"https:\/\/lasentinelle.dz\/index.php\/wp-json\/wp\/v2\/categories?post=36710"},{"taxonomy":"post_tag","embeddable":true,"href":"https:\/\/lasentinelle.dz\/index.php\/wp-json\/wp\/v2\/tags?post=36710"}],"curies":[{"name":"wp","href":"https:\/\/api.w.org\/{rel}","templated":true}]}}