{"id":36716,"date":"2023-02-22T22:05:00","date_gmt":"2023-02-22T21:05:00","guid":{"rendered":"https:\/\/lasentinelle.dz\/?p=36716"},"modified":"2023-02-22T18:28:09","modified_gmt":"2023-02-22T17:28:09","slug":"moroccogate-le-makhzen-senfonce-dans-lisolement","status":"publish","type":"post","link":"https:\/\/lasentinelle.dz\/index.php\/2023\/02\/22\/moroccogate-le-makhzen-senfonce-dans-lisolement\/","title":{"rendered":"Moroccogate\u00a0: Le Makhzen s\u2019enfonce dans l\u2019isolement"},"content":{"rendered":"\n<p>Confront\u00e9 \u00e0 un r\u00e9el retournement de situation en Europe, le r\u00e9gime marocain verse une nouvelle fois dans l\u2019hyst\u00e9rie et la d\u00e9sinformation. Une r\u00e9action belliciste qui aggrave la fracture entre le Maroc et la communaut\u00e9 europ\u00e9enne et l\u2019enfoncement dans son isolement sur la sc\u00e8ne r\u00e9gionale et internationale. Il faut dire qu\u2019apr\u00e8s avoir profit\u00e9 des d\u00e9cennies durant d\u2019une indulgence incompr\u00e9hensible de l\u2019Europe, le Makhzen n\u2019a plus du tout bonne presse sur le Vieux Continent. Le scandale d\u2019espionnage Pegasus et surtout le Morrocogate, en r\u00e9f\u00e9rence aux r\u00e9seaux de corruption \u00e9tablis par le Maroc au sein du Parlement europ\u00e9en, sont pass\u00e9s par l\u00e0. La r\u00e9action \u00e9pidermique du r\u00e9gime marocain aux r\u00e9solutions adopt\u00e9es par le Parlement europ\u00e9en \u00e0 la suite de ces scandales, ne fait que conforter la perception du Maroc en tant qu\u2019\u00c9tat voyou en Europe. Les eurod\u00e9put\u00e9s ne se g\u00eanent d\u2019ailleurs plus pour parler ouvertement des pratiques peu orthodoxes du Makhzen, notamment sa d\u00e9sinformation grossi\u00e8re et ses accusations mensong\u00e8res contre tous ceux qui touchent aux int\u00e9r\u00eats de son r\u00e9gime corrompu.<\/p>\n\n\n\n<p>C\u2019est ainsi que l\u2019eurod\u00e9put\u00e9e Ana Miranda, du Groupe des Verts\/Alliance libre europ\u00e9enne a d\u00e9clar\u00e9 dans une interview avec &nbsp;l&rsquo;opposante en exil Dounia Filali que &nbsp;\u00ab\u00a0Le Parlement marocain a d\u00e9di\u00e9 une journ\u00e9e au d\u00e9bat sur la r\u00e9solution du Parlement europ\u00e9en (PE). Il a avanc\u00e9 des arguments totalement mis\u00e9rables et mensongers, ce que nous ne pouvons accepter\u00a0\u00bb.\u00a0\u00bbNous savons que monter de fausses accusations contre tous ceux qui touchent \u00e0 leurs int\u00e9r\u00eats, c\u2019est leur (les agents du Makhzen, NDLR) mani\u00e8re de faire\u00a0\u00bb, a ajout\u00e9 la parlementaire espagnole, soulignant que \u00ab\u00a0ceux qui critiquent le Maroc sont soit en prison, soit morts ou en exil\u00a0\u00bb.De son c\u00f4t\u00e9, Miguel Urban, du groupe de la gauche parlementaire, explique ne pas \u00eatre \u00ab\u00a0anti-Marocain\u00a0\u00bb comme le pr\u00e9sente la presse locale, mais assure \u00eatre \u00ab\u00a0contre un r\u00e9gime qui opprime son propre peuple et ne permet pas le droit aux libert\u00e9s fondamentales\u00a0\u00bb. Les eurod\u00e9put\u00e9s expliquent cette campagne de d\u00e9nigrement des d\u00e9put\u00e9s europ\u00e9ens par le fait que le Makhzen s\u2019est assur\u00e9 durant plus de 25 ans une protection contre toute condamnation par le PE, gr\u00e2ce au r\u00e9seau de corruption qu\u2019il a install\u00e9 dans l\u2019h\u00e9micycle.\u00a0\u00bbEn 25 ans, le Maroc n\u2019a jamais \u00e9t\u00e9 condamn\u00e9 malgr\u00e9 la gravit\u00e9 des atteintes aux droits de l\u2019Hommes commises. Que cela soit pour la libert\u00e9 de la presse, la pression exerc\u00e9e dans la question de l\u2019\u00e9migration ou autres. Nous pensions que c\u2019\u00e9tait une question de position strat\u00e9gique du PE, pour prot\u00e9ger un partenaire privil\u00e9gi\u00e9 de l\u2019Union europ\u00e9enne. On pensait que \u00e7a avait un lien avec le chantage qu\u2019exer\u00e7ait le Maroc dans les dossiers de l\u2019\u00e9migration et de la lutte contre le terrorisme, mais maintenant, nous savons qu\u2019en r\u00e9alit\u00e9, tout cela avait une trame de complot mafieux. Nous sommes face au cas le plus important de corruption dans l\u2019histoire du PE car le Maroc a influenc\u00e9 des d\u00e9cisions du Parlement\u00a0\u00bb, a d\u00e9nonc\u00e9 Miguel Urban.Selon Ana Miranda, \u00ab\u00a0les autorit\u00e9s du Maroc sont f\u00e2ch\u00e9es car elles ont mis en place un syst\u00e8me de corruption et d\u2019amis dans le PE pour d\u00e9fendre leurs int\u00e9r\u00eats et influencer les d\u00e9cisions du Parlement comme il (le syst\u00e8me de corruption, NDLR) l\u2019a fait pour les accords de p\u00eache, de l\u2019agriculture, et les accords commerciaux en g\u00e9n\u00e9ral\u00a0\u00bb.\u00a0\u00bbMais maintenant que la lumi\u00e8re a jailli et que les v\u00e9rit\u00e9s ont \u00e9clat\u00e9, c\u2019est plus difficile pour le Maroc, c\u2019est pour cela qu\u2019il n\u2019accepte pas la condamnation\u00a0\u00bb, a-t-elle expliqu\u00e9, notant que la r\u00e9solution en question est issue d\u2019un large consensus au sein du Parlement europ\u00e9en.Fustigeant les pratiques du Makhzen faites de corruption et de chantage exerc\u00e9s contre l\u2019institution europ\u00e9enne, Miguel Urban fait le parall\u00e8le avec les relations actuelles entre le Maroc et l\u2019Espagne.\u00a0\u00bbLa position de Pedro Sanchez et de son gouvernement sur le Maroc est ind\u00e9cente. L\u2019Espagne, dont les d\u00e9put\u00e9s socialistes ont vot\u00e9 contre la r\u00e9solution du PE, veut p\u00e9renniser l\u2019impunit\u00e9 de Rabat. En contrepartie, Sanchez veut faire jouer au Maroc le r\u00f4le de gendarme pour surveiller nos fronti\u00e8res. L\u2019ind\u00e9cence de cette posture peut \u00eatre r\u00e9sum\u00e9e \u00e0 ce qui s\u2019est pass\u00e9 le 24 juin \u00e0 Nador et Melilla, o\u00f9 plus de quarante personnes ont \u00e9t\u00e9 tu\u00e9es par la police marocaine sous les regards de la police espagnole inactive. Mais d\u00e9sormais, l\u2019Europe ne peut continuer \u00e0 permettre que le r\u00e9gime criminel du Maroc continue de violer les droits humains des migrants\u00a0\u00bb.<\/p>\n\n\n\n<p><strong>Hocine Fadheli<\/strong><\/p>\n","protected":false},"excerpt":{"rendered":"<p>Confront\u00e9 \u00e0 un r\u00e9el retournement de situation en Europe, le r\u00e9gime marocain verse une nouvelle fois dans l\u2019hyst\u00e9rie et la<\/p>\n","protected":false},"author":3,"featured_media":36718,"comment_status":"open","ping_status":"closed","sticky":false,"template":"","format":"standard","meta":{"colormag_page_container_layout":"default_layout","colormag_page_sidebar_layout":"default_layout","om_disable_all_campaigns":false,"_monsterinsights_skip_tracking":false,"_monsterinsights_sitenote_active":false,"_monsterinsights_sitenote_note":"","_monsterinsights_sitenote_category":0,"footnotes":"","_wpscppro_dont_share_socialmedia":false,"_wpscppro_custom_social_share_image":0,"_facebook_share_type":"","_twitter_share_type":"","_linkedin_share_type":"","_pinterest_share_type":"","_linkedin_share_type_page":"","_instagram_share_type":"","_medium_share_type":"","_threads_share_type":"","_google_business_share_type":"","_selected_social_profile":[],"_wpsp_enable_custom_social_template":false,"_wpsp_social_scheduling":{"enabled":false,"datetime":null,"platforms":[],"status":"template_only","dateOption":"today","timeOption":"now","customDays":"","customHours":"","customDate":"","customTime":"","schedulingType":"absolute"},"_wpsp_active_default_template":true},"categories":[27],"tags":[],"class_list":["post-36716","post","type-post","status-publish","format-standard","has-post-thumbnail","hentry","category-actualite"],"aioseo_notices":[],"yoast_head":"<!-- This site is optimized with the Yoast SEO plugin v27.5 - https:\/\/yoast.com\/product\/yoast-seo-wordpress\/ -->\n<title>Moroccogate\u00a0: Le Makhzen s\u2019enfonce dans l\u2019isolement - La Sentinelle<\/title>\n<meta name=\"robots\" content=\"index, follow, max-snippet:-1, max-image-preview:large, max-video-preview:-1\" \/>\n<link rel=\"canonical\" href=\"https:\/\/lasentinelle.dz\/index.php\/2023\/02\/22\/moroccogate-le-makhzen-senfonce-dans-lisolement\/\" \/>\n<meta property=\"og:locale\" content=\"fr_FR\" \/>\n<meta property=\"og:type\" content=\"article\" \/>\n<meta property=\"og:title\" content=\"Moroccogate\u00a0: Le Makhzen s\u2019enfonce dans l\u2019isolement - La Sentinelle\" \/>\n<meta property=\"og:description\" content=\"Confront\u00e9 \u00e0 un r\u00e9el retournement de situation en Europe, le r\u00e9gime marocain verse une nouvelle fois dans l\u2019hyst\u00e9rie et la\" \/>\n<meta property=\"og:url\" content=\"https:\/\/lasentinelle.dz\/index.php\/2023\/02\/22\/moroccogate-le-makhzen-senfonce-dans-lisolement\/\" \/>\n<meta property=\"og:site_name\" content=\"La Sentinelle\" \/>\n<meta property=\"article:publisher\" content=\"https:\/\/www.facebook.com\/La-Sentinelle-104059864394773\" \/>\n<meta property=\"article:published_time\" content=\"2023-02-22T21:05:00+00:00\" \/>\n<meta property=\"og:image\" content=\"https:\/\/lasentinelle.dz\/wp-content\/uploads\/2023\/02\/Sans-titre-2-9.png\" \/>\n\t<meta property=\"og:image:width\" content=\"1345\" \/>\n\t<meta property=\"og:image:height\" content=\"900\" \/>\n\t<meta property=\"og:image:type\" content=\"image\/png\" \/>\n<meta name=\"author\" content=\"La Sentinelle\" \/>\n<meta name=\"twitter:card\" content=\"summary_large_image\" \/>\n<meta name=\"twitter:label1\" content=\"\u00c9crit par\" \/>\n\t<meta name=\"twitter:data1\" content=\"La Sentinelle\" \/>\n\t<meta name=\"twitter:label2\" content=\"Dur\u00e9e de lecture estim\u00e9e\" \/>\n\t<meta name=\"twitter:data2\" content=\"4 minutes\" \/>\n<script type=\"application\/ld+json\" class=\"yoast-schema-graph\">{\"@context\":\"https:\\\/\\\/schema.org\",\"@graph\":[{\"@type\":\"Article\",\"@id\":\"https:\\\/\\\/lasentinelle.dz\\\/index.php\\\/2023\\\/02\\\/22\\\/moroccogate-le-makhzen-senfonce-dans-lisolement\\\/#article\",\"isPartOf\":{\"@id\":\"https:\\\/\\\/lasentinelle.dz\\\/index.php\\\/2023\\\/02\\\/22\\\/moroccogate-le-makhzen-senfonce-dans-lisolement\\\/\"},\"author\":{\"name\":\"La Sentinelle\",\"@id\":\"https:\\\/\\\/lasentinelle.dz\\\/#\\\/schema\\\/person\\\/d865044e22e70a75174ce8bcad3acfb3\"},\"headline\":\"Moroccogate\u00a0: Le Makhzen s\u2019enfonce dans l\u2019isolement\",\"datePublished\":\"2023-02-22T21:05:00+00:00\",\"mainEntityOfPage\":{\"@id\":\"https:\\\/\\\/lasentinelle.dz\\\/index.php\\\/2023\\\/02\\\/22\\\/moroccogate-le-makhzen-senfonce-dans-lisolement\\\/\"},\"wordCount\":854,\"commentCount\":0,\"publisher\":{\"@id\":\"https:\\\/\\\/lasentinelle.dz\\\/#organization\"},\"image\":{\"@id\":\"https:\\\/\\\/lasentinelle.dz\\\/index.php\\\/2023\\\/02\\\/22\\\/moroccogate-le-makhzen-senfonce-dans-lisolement\\\/#primaryimage\"},\"thumbnailUrl\":\"https:\\\/\\\/lasentinelle.dz\\\/wp-content\\\/uploads\\\/2023\\\/02\\\/Sans-titre-2-9.png\",\"articleSection\":[\"Actualit\u00e9\"],\"inLanguage\":\"fr-FR\",\"potentialAction\":[{\"@type\":\"CommentAction\",\"name\":\"Comment\",\"target\":[\"https:\\\/\\\/lasentinelle.dz\\\/index.php\\\/2023\\\/02\\\/22\\\/moroccogate-le-makhzen-senfonce-dans-lisolement\\\/#respond\"]}]},{\"@type\":\"WebPage\",\"@id\":\"https:\\\/\\\/lasentinelle.dz\\\/index.php\\\/2023\\\/02\\\/22\\\/moroccogate-le-makhzen-senfonce-dans-lisolement\\\/\",\"url\":\"https:\\\/\\\/lasentinelle.dz\\\/index.php\\\/2023\\\/02\\\/22\\\/moroccogate-le-makhzen-senfonce-dans-lisolement\\\/\",\"name\":\"Moroccogate\u00a0: Le Makhzen s\u2019enfonce dans l\u2019isolement - La Sentinelle\",\"isPartOf\":{\"@id\":\"https:\\\/\\\/lasentinelle.dz\\\/#website\"},\"primaryImageOfPage\":{\"@id\":\"https:\\\/\\\/lasentinelle.dz\\\/index.php\\\/2023\\\/02\\\/22\\\/moroccogate-le-makhzen-senfonce-dans-lisolement\\\/#primaryimage\"},\"image\":{\"@id\":\"https:\\\/\\\/lasentinelle.dz\\\/index.php\\\/2023\\\/02\\\/22\\\/moroccogate-le-makhzen-senfonce-dans-lisolement\\\/#primaryimage\"},\"thumbnailUrl\":\"https:\\\/\\\/lasentinelle.dz\\\/wp-content\\\/uploads\\\/2023\\\/02\\\/Sans-titre-2-9.png\",\"datePublished\":\"2023-02-22T21:05:00+00:00\",\"breadcrumb\":{\"@id\":\"https:\\\/\\\/lasentinelle.dz\\\/index.php\\\/2023\\\/02\\\/22\\\/moroccogate-le-makhzen-senfonce-dans-lisolement\\\/#breadcrumb\"},\"inLanguage\":\"fr-FR\",\"potentialAction\":[{\"@type\":\"ReadAction\",\"target\":[\"https:\\\/\\\/lasentinelle.dz\\\/index.php\\\/2023\\\/02\\\/22\\\/moroccogate-le-makhzen-senfonce-dans-lisolement\\\/\"]}]},{\"@type\":\"ImageObject\",\"inLanguage\":\"fr-FR\",\"@id\":\"https:\\\/\\\/lasentinelle.dz\\\/index.php\\\/2023\\\/02\\\/22\\\/moroccogate-le-makhzen-senfonce-dans-lisolement\\\/#primaryimage\",\"url\":\"https:\\\/\\\/lasentinelle.dz\\\/wp-content\\\/uploads\\\/2023\\\/02\\\/Sans-titre-2-9.png\",\"contentUrl\":\"https:\\\/\\\/lasentinelle.dz\\\/wp-content\\\/uploads\\\/2023\\\/02\\\/Sans-titre-2-9.png\",\"width\":1345,\"height\":900},{\"@type\":\"BreadcrumbList\",\"@id\":\"https:\\\/\\\/lasentinelle.dz\\\/index.php\\\/2023\\\/02\\\/22\\\/moroccogate-le-makhzen-senfonce-dans-lisolement\\\/#breadcrumb\",\"itemListElement\":[{\"@type\":\"ListItem\",\"position\":1,\"name\":\"Accueil\",\"item\":\"https:\\\/\\\/lasentinelle.dz\\\/\"},{\"@type\":\"ListItem\",\"position\":2,\"name\":\"Moroccogate\u00a0: Le Makhzen s\u2019enfonce dans l\u2019isolement\"}]},{\"@type\":\"WebSite\",\"@id\":\"https:\\\/\\\/lasentinelle.dz\\\/#website\",\"url\":\"https:\\\/\\\/lasentinelle.dz\\\/\",\"name\":\"La Sentinelle\",\"description\":\"Quotidien national d&#039;information\",\"publisher\":{\"@id\":\"https:\\\/\\\/lasentinelle.dz\\\/#organization\"},\"potentialAction\":[{\"@type\":\"SearchAction\",\"target\":{\"@type\":\"EntryPoint\",\"urlTemplate\":\"https:\\\/\\\/lasentinelle.dz\\\/?s={search_term_string}\"},\"query-input\":{\"@type\":\"PropertyValueSpecification\",\"valueRequired\":true,\"valueName\":\"search_term_string\"}}],\"inLanguage\":\"fr-FR\"},{\"@type\":\"Organization\",\"@id\":\"https:\\\/\\\/lasentinelle.dz\\\/#organization\",\"name\":\"Quotidien La Sentinelle\",\"url\":\"https:\\\/\\\/lasentinelle.dz\\\/\",\"logo\":{\"@type\":\"ImageObject\",\"inLanguage\":\"fr-FR\",\"@id\":\"https:\\\/\\\/lasentinelle.dz\\\/#\\\/schema\\\/logo\\\/image\\\/\",\"url\":\"https:\\\/\\\/lasentinelle.dz\\\/wp-content\\\/uploads\\\/2021\\\/09\\\/logo-sentinelleSLOGAN-1.png\",\"contentUrl\":\"https:\\\/\\\/lasentinelle.dz\\\/wp-content\\\/uploads\\\/2021\\\/09\\\/logo-sentinelleSLOGAN-1.png\",\"width\":615,\"height\":142,\"caption\":\"Quotidien La Sentinelle\"},\"image\":{\"@id\":\"https:\\\/\\\/lasentinelle.dz\\\/#\\\/schema\\\/logo\\\/image\\\/\"},\"sameAs\":[\"https:\\\/\\\/www.facebook.com\\\/La-Sentinelle-104059864394773\"]},{\"@type\":\"Person\",\"@id\":\"https:\\\/\\\/lasentinelle.dz\\\/#\\\/schema\\\/person\\\/d865044e22e70a75174ce8bcad3acfb3\",\"name\":\"La Sentinelle\",\"image\":{\"@type\":\"ImageObject\",\"inLanguage\":\"fr-FR\",\"@id\":\"https:\\\/\\\/secure.gravatar.com\\\/avatar\\\/57de8e5d4b15d43fb361a71fbb36338450fe67865b528a43dd10ef7c51a20392?s=96&d=mm&r=g\",\"url\":\"https:\\\/\\\/secure.gravatar.com\\\/avatar\\\/57de8e5d4b15d43fb361a71fbb36338450fe67865b528a43dd10ef7c51a20392?s=96&d=mm&r=g\",\"contentUrl\":\"https:\\\/\\\/secure.gravatar.com\\\/avatar\\\/57de8e5d4b15d43fb361a71fbb36338450fe67865b528a43dd10ef7c51a20392?s=96&d=mm&r=g\",\"caption\":\"La Sentinelle\"},\"sameAs\":[\"http:\\\/\\\/www.lasentinelle.dz\"],\"url\":\"https:\\\/\\\/lasentinelle.dz\\\/author\\\/redaction\\\/\"}]}<\/script>\n<!-- \/ Yoast SEO plugin. -->","yoast_head_json":{"title":"Moroccogate\u00a0: Le Makhzen s\u2019enfonce dans l\u2019isolement - La Sentinelle","robots":{"index":"index","follow":"follow","max-snippet":"max-snippet:-1","max-image-preview":"max-image-preview:large","max-video-preview":"max-video-preview:-1"},"canonical":"https:\/\/lasentinelle.dz\/index.php\/2023\/02\/22\/moroccogate-le-makhzen-senfonce-dans-lisolement\/","og_locale":"fr_FR","og_type":"article","og_title":"Moroccogate\u00a0: Le Makhzen s\u2019enfonce dans l\u2019isolement - La Sentinelle","og_description":"Confront\u00e9 \u00e0 un r\u00e9el retournement de situation en Europe, le r\u00e9gime marocain verse une nouvelle fois dans l\u2019hyst\u00e9rie et la","og_url":"https:\/\/lasentinelle.dz\/index.php\/2023\/02\/22\/moroccogate-le-makhzen-senfonce-dans-lisolement\/","og_site_name":"La Sentinelle","article_publisher":"https:\/\/www.facebook.com\/La-Sentinelle-104059864394773","article_published_time":"2023-02-22T21:05:00+00:00","og_image":[{"width":1345,"height":900,"url":"https:\/\/lasentinelle.dz\/wp-content\/uploads\/2023\/02\/Sans-titre-2-9.png","type":"image\/png"}],"author":"La Sentinelle","twitter_card":"summary_large_image","twitter_misc":{"\u00c9crit par":"La Sentinelle","Dur\u00e9e de lecture estim\u00e9e":"4 minutes"},"schema":{"@context":"https:\/\/schema.org","@graph":[{"@type":"Article","@id":"https:\/\/lasentinelle.dz\/index.php\/2023\/02\/22\/moroccogate-le-makhzen-senfonce-dans-lisolement\/#article","isPartOf":{"@id":"https:\/\/lasentinelle.dz\/index.php\/2023\/02\/22\/moroccogate-le-makhzen-senfonce-dans-lisolement\/"},"author":{"name":"La Sentinelle","@id":"https:\/\/lasentinelle.dz\/#\/schema\/person\/d865044e22e70a75174ce8bcad3acfb3"},"headline":"Moroccogate\u00a0: Le Makhzen s\u2019enfonce dans l\u2019isolement","datePublished":"2023-02-22T21:05:00+00:00","mainEntityOfPage":{"@id":"https:\/\/lasentinelle.dz\/index.php\/2023\/02\/22\/moroccogate-le-makhzen-senfonce-dans-lisolement\/"},"wordCount":854,"commentCount":0,"publisher":{"@id":"https:\/\/lasentinelle.dz\/#organization"},"image":{"@id":"https:\/\/lasentinelle.dz\/index.php\/2023\/02\/22\/moroccogate-le-makhzen-senfonce-dans-lisolement\/#primaryimage"},"thumbnailUrl":"https:\/\/lasentinelle.dz\/wp-content\/uploads\/2023\/02\/Sans-titre-2-9.png","articleSection":["Actualit\u00e9"],"inLanguage":"fr-FR","potentialAction":[{"@type":"CommentAction","name":"Comment","target":["https:\/\/lasentinelle.dz\/index.php\/2023\/02\/22\/moroccogate-le-makhzen-senfonce-dans-lisolement\/#respond"]}]},{"@type":"WebPage","@id":"https:\/\/lasentinelle.dz\/index.php\/2023\/02\/22\/moroccogate-le-makhzen-senfonce-dans-lisolement\/","url":"https:\/\/lasentinelle.dz\/index.php\/2023\/02\/22\/moroccogate-le-makhzen-senfonce-dans-lisolement\/","name":"Moroccogate\u00a0: Le Makhzen s\u2019enfonce dans l\u2019isolement - La Sentinelle","isPartOf":{"@id":"https:\/\/lasentinelle.dz\/#website"},"primaryImageOfPage":{"@id":"https:\/\/lasentinelle.dz\/index.php\/2023\/02\/22\/moroccogate-le-makhzen-senfonce-dans-lisolement\/#primaryimage"},"image":{"@id":"https:\/\/lasentinelle.dz\/index.php\/2023\/02\/22\/moroccogate-le-makhzen-senfonce-dans-lisolement\/#primaryimage"},"thumbnailUrl":"https:\/\/lasentinelle.dz\/wp-content\/uploads\/2023\/02\/Sans-titre-2-9.png","datePublished":"2023-02-22T21:05:00+00:00","breadcrumb":{"@id":"https:\/\/lasentinelle.dz\/index.php\/2023\/02\/22\/moroccogate-le-makhzen-senfonce-dans-lisolement\/#breadcrumb"},"inLanguage":"fr-FR","potentialAction":[{"@type":"ReadAction","target":["https:\/\/lasentinelle.dz\/index.php\/2023\/02\/22\/moroccogate-le-makhzen-senfonce-dans-lisolement\/"]}]},{"@type":"ImageObject","inLanguage":"fr-FR","@id":"https:\/\/lasentinelle.dz\/index.php\/2023\/02\/22\/moroccogate-le-makhzen-senfonce-dans-lisolement\/#primaryimage","url":"https:\/\/lasentinelle.dz\/wp-content\/uploads\/2023\/02\/Sans-titre-2-9.png","contentUrl":"https:\/\/lasentinelle.dz\/wp-content\/uploads\/2023\/02\/Sans-titre-2-9.png","width":1345,"height":900},{"@type":"BreadcrumbList","@id":"https:\/\/lasentinelle.dz\/index.php\/2023\/02\/22\/moroccogate-le-makhzen-senfonce-dans-lisolement\/#breadcrumb","itemListElement":[{"@type":"ListItem","position":1,"name":"Accueil","item":"https:\/\/lasentinelle.dz\/"},{"@type":"ListItem","position":2,"name":"Moroccogate\u00a0: Le Makhzen s\u2019enfonce dans l\u2019isolement"}]},{"@type":"WebSite","@id":"https:\/\/lasentinelle.dz\/#website","url":"https:\/\/lasentinelle.dz\/","name":"La Sentinelle","description":"Quotidien national d&#039;information","publisher":{"@id":"https:\/\/lasentinelle.dz\/#organization"},"potentialAction":[{"@type":"SearchAction","target":{"@type":"EntryPoint","urlTemplate":"https:\/\/lasentinelle.dz\/?s={search_term_string}"},"query-input":{"@type":"PropertyValueSpecification","valueRequired":true,"valueName":"search_term_string"}}],"inLanguage":"fr-FR"},{"@type":"Organization","@id":"https:\/\/lasentinelle.dz\/#organization","name":"Quotidien La Sentinelle","url":"https:\/\/lasentinelle.dz\/","logo":{"@type":"ImageObject","inLanguage":"fr-FR","@id":"https:\/\/lasentinelle.dz\/#\/schema\/logo\/image\/","url":"https:\/\/lasentinelle.dz\/wp-content\/uploads\/2021\/09\/logo-sentinelleSLOGAN-1.png","contentUrl":"https:\/\/lasentinelle.dz\/wp-content\/uploads\/2021\/09\/logo-sentinelleSLOGAN-1.png","width":615,"height":142,"caption":"Quotidien La Sentinelle"},"image":{"@id":"https:\/\/lasentinelle.dz\/#\/schema\/logo\/image\/"},"sameAs":["https:\/\/www.facebook.com\/La-Sentinelle-104059864394773"]},{"@type":"Person","@id":"https:\/\/lasentinelle.dz\/#\/schema\/person\/d865044e22e70a75174ce8bcad3acfb3","name":"La Sentinelle","image":{"@type":"ImageObject","inLanguage":"fr-FR","@id":"https:\/\/secure.gravatar.com\/avatar\/57de8e5d4b15d43fb361a71fbb36338450fe67865b528a43dd10ef7c51a20392?s=96&d=mm&r=g","url":"https:\/\/secure.gravatar.com\/avatar\/57de8e5d4b15d43fb361a71fbb36338450fe67865b528a43dd10ef7c51a20392?s=96&d=mm&r=g","contentUrl":"https:\/\/secure.gravatar.com\/avatar\/57de8e5d4b15d43fb361a71fbb36338450fe67865b528a43dd10ef7c51a20392?s=96&d=mm&r=g","caption":"La Sentinelle"},"sameAs":["http:\/\/www.lasentinelle.dz"],"url":"https:\/\/lasentinelle.dz\/author\/redaction\/"}]}},"_links":{"self":[{"href":"https:\/\/lasentinelle.dz\/index.php\/wp-json\/wp\/v2\/posts\/36716","targetHints":{"allow":["GET"]}}],"collection":[{"href":"https:\/\/lasentinelle.dz\/index.php\/wp-json\/wp\/v2\/posts"}],"about":[{"href":"https:\/\/lasentinelle.dz\/index.php\/wp-json\/wp\/v2\/types\/post"}],"author":[{"embeddable":true,"href":"https:\/\/lasentinelle.dz\/index.php\/wp-json\/wp\/v2\/users\/3"}],"replies":[{"embeddable":true,"href":"https:\/\/lasentinelle.dz\/index.php\/wp-json\/wp\/v2\/comments?post=36716"}],"version-history":[{"count":1,"href":"https:\/\/lasentinelle.dz\/index.php\/wp-json\/wp\/v2\/posts\/36716\/revisions"}],"predecessor-version":[{"id":36719,"href":"https:\/\/lasentinelle.dz\/index.php\/wp-json\/wp\/v2\/posts\/36716\/revisions\/36719"}],"wp:featuredmedia":[{"embeddable":true,"href":"https:\/\/lasentinelle.dz\/index.php\/wp-json\/wp\/v2\/media\/36718"}],"wp:attachment":[{"href":"https:\/\/lasentinelle.dz\/index.php\/wp-json\/wp\/v2\/media?parent=36716"}],"wp:term":[{"taxonomy":"category","embeddable":true,"href":"https:\/\/lasentinelle.dz\/index.php\/wp-json\/wp\/v2\/categories?post=36716"},{"taxonomy":"post_tag","embeddable":true,"href":"https:\/\/lasentinelle.dz\/index.php\/wp-json\/wp\/v2\/tags?post=36716"}],"curies":[{"name":"wp","href":"https:\/\/api.w.org\/{rel}","templated":true}]}}