{"id":36720,"date":"2023-02-22T22:05:00","date_gmt":"2023-02-22T21:05:00","guid":{"rendered":"https:\/\/lasentinelle.dz\/?p=36720"},"modified":"2023-02-22T19:38:52","modified_gmt":"2023-02-22T18:38:52","slug":"oum-el-bouaghi-le-secteur-du-textile-en-attente-de-rehabilitation","status":"publish","type":"post","link":"https:\/\/lasentinelle.dz\/index.php\/2023\/02\/22\/oum-el-bouaghi-le-secteur-du-textile-en-attente-de-rehabilitation\/","title":{"rendered":"Oum El Bouaghi\u00a0 \u00a0: Le secteur du textile en attente de r\u00e9habilitation"},"content":{"rendered":"\n<p>Des unit\u00e9s de l&rsquo;industrie textile, dans la wilaya d\u2019Oum El Bouaghi \u00e0 l&rsquo;abandon depuis plusieurs ann\u00e9es, attendent d\u2019\u00eatre r\u00e9habilit\u00e9es. Il y a le cas de l\u2019unit\u00e9 industrielle du textile \u2018\u2019ELATEX\u2019\u2019&nbsp; dans la commune de Meskiana (Oum El Bouaghi). \u2018\u2019ELATEX\u2019\u2019&nbsp; qui fut le fleuron de l\u2019industrie textile dans la r\u00e9gion, avec un effectif&nbsp; de 400 travailleurs, n\u2019a gard\u00e9&nbsp; de son statut industriel que le nom, apr\u00e8s avoir \u00e9t\u00e9 liquid\u00e9e en 2006 puis ferm\u00e9e en 2009. Cette unit\u00e9 de lavage et peignage de la laine entre semble avoir, enfin, susciter l\u2019int\u00e9r\u00eat des responsables de la wilaya d\u2019Oum El Bouaghi. Selon nos informations, celle-ci a fait l&rsquo;objet d&rsquo;une visite d&rsquo;inspection effectu\u00e9e par les responsables locaux. Une visite qui intervient quatre ans apr\u00e8s, celle effectu\u00e9e en 2018 par l\u2019ancien wali d\u2019Oum El Bouaghi. \u00c0 l\u2019\u00e9poque, l\u2019ex-responsable avait d\u00e9plor\u00e9 la situation d&rsquo;abandon pr\u00e9valant dans l\u2019unit\u00e9 et il avait fustig\u00e9 les responsables de cette m\u00eame \u00e9poque, les accusant d\u2019indiff\u00e9rence et de laxisme, nous dit-on. L\u2019ancien chef de l\u2019ex\u00e9cutif local avait qualifi\u00e9&nbsp; \u2018\u2019d\u2019 inadmissible qu&rsquo;un tel patrimoine \u00e9conomique demeure \u00e0 l\u2019abandon pendant que le foncier industriel se rar\u00e9fie\u2019\u2019, a-t-on rapport\u00e9. L\u2019ancien wali avait m\u00eame qualifi\u00e9 l\u2019indiff\u00e9rence \u00e0 l\u2019\u00e9gard de cette manufacture de \u2018\u2019crime \u00e9conomique\u2019\u2019. D\u00e8s lors, l\u2019ex-responsable avait exig\u00e9&nbsp; aux responsables&nbsp; du secteur de l\u2019investissement de lancer une \u00e9tude d\u2019impact pour une \u00e9ventuelle grande op\u00e9ration de renouvellement des \u00e9quipements afin de relancer l\u2019activit\u00e9 dans le m\u00eame cr\u00e9neau, \u00e0 savoir le textile. Or, depuis rien n\u2019a \u00e9t\u00e9 fait et l\u2019\u00e9tude exig\u00e9e par l\u2019ex-chef de l\u2019ex\u00e9cutif local est rest\u00e9e, lettre morte. S\u2019\u00e9talant sur une superficie totale de 16 hectares, dont plus de trois b\u00e2tis, cette manufacture de textile aurait pu contribuer \u00e0 r\u00e9sorber le taux de&nbsp; ch\u00f4mage avec la cr\u00e9ation de dizaines de postes d&#8217;emploi. Autre endroit m\u00eame constat pour l\u2019autre unit\u00e9 de&nbsp; \u2018\u2019ELATEX\u2019\u2019. Cette usine sp\u00e9cialis\u00e9e en filature et fil fin, implant\u00e9e dans la commune d\u2019Ain Beida, avait \u00e9t\u00e9 mise en activit\u00e9 en 1984. Avec plus de&nbsp; 800 travailleurs entre 20 cadres form\u00e9s en France, 200 techniciens d\u2019encadrement perfectionn\u00e9s dans les autres unit\u00e9s du pays et 600 travailleurs d&rsquo;ex\u00e9cution ayant appris sur le tas, l\u2019usine a subi le m\u00eame sort que celui de l\u2019unit\u00e9 de Meskiana. En effet, un plan de compression avait \u00e9t\u00e9 engag\u00e9 en 1996, touchant la moiti\u00e9 des travailleurs, avant que l&rsquo;unit\u00e9 ne soit ferm\u00e9e en 2006. Au m\u00eame titre que la premi\u00e8re unit\u00e9, celle implant\u00e9 sur un foncier industriel de 16 hectares, est toujours \u00e0 l&rsquo;abandon, occasionnant une perte importante d&rsquo;une valeur ajout\u00e9e, \u00e0 l\u2019\u00e9conomie du textile dans le pays. Rappelons que le ministre de l&rsquo;Industrie, Ahmed Zaghdar a affirm\u00e9, dans une allocution \u00e0 l\u2019occasion de l&rsquo;ouverture des assises nationales sur \u00ab\u00a0La r\u00e9alit\u00e9 et les perspectives du d\u00e9veloppement des industries manufacturi\u00e8res du textile et du cuir en Alg\u00e9rie\u00a0\u00bb, tenues en janvier dernier, que les pouvoirs publics accordent un int\u00e9r\u00eat particulier aux industries manufacturi\u00e8res notamment le textile et le cuir. Il a soulign\u00e9 dans ce contexte que le secteur de l&rsquo;Industrie mise sur la relance de ces feux filiaux prometteurs. Si l\u2019on se r\u00e9f\u00e8re\u00e0 ces d\u00e9clarations, l\u2019\u00e9ventuelle reprise de ces unit\u00e9s n\u2019est pas \u00e9cart\u00e9e, c\u2019est pourquoi, la r\u00e9alisation d&rsquo;une \u00e9tude d\u2019appr\u00e9ciation des cons\u00e9quences, surtout de nature environnementale, ayant pour objet, la pr\u00e9paration de ces deux unit\u00e9s \u00e0 une \u00e9ventuelle reprise de cette activit\u00e9 par des investisseurs est recommand\u00e9e. Surtout quand on sait que&nbsp; les wilayas sont appel\u00e9es \u00e0 cr\u00e9er leurs propres richesses par l&rsquo;encouragement et l&rsquo;accompagnement des porteurs de projets. Des d\u00e9marches qui adh\u00e9reraient forc\u00e9ment aux&nbsp; importantes mesures mises en \u0153uvre par les pouvoirs publics pour la redynamisation et la relance des industries manufacturi\u00e8res. Des mesures convient-il de le souligner&nbsp; permettent surtout l&rsquo;\u00e9mergence et le d\u00e9veloppement des PME \/ PMI, autour de ces entreprises du textile en Alg\u00e9rie.<\/p>\n\n\n\n<p>SOFIA CHAHINE<\/p>\n","protected":false},"excerpt":{"rendered":"<p>Des unit\u00e9s de l&rsquo;industrie textile, dans la wilaya d\u2019Oum El Bouaghi \u00e0 l&rsquo;abandon depuis plusieurs ann\u00e9es, attendent d\u2019\u00eatre r\u00e9habilit\u00e9es. Il<\/p>\n","protected":false},"author":3,"featured_media":36723,"comment_status":"open","ping_status":"closed","sticky":false,"template":"","format":"standard","meta":{"colormag_page_container_layout":"default_layout","colormag_page_sidebar_layout":"default_layout","om_disable_all_campaigns":false,"_monsterinsights_skip_tracking":false,"_monsterinsights_sitenote_active":false,"_monsterinsights_sitenote_note":"","_monsterinsights_sitenote_category":0,"footnotes":"","_wpscppro_dont_share_socialmedia":false,"_wpscppro_custom_social_share_image":0,"_facebook_share_type":"","_twitter_share_type":"","_linkedin_share_type":"","_pinterest_share_type":"","_linkedin_share_type_page":"","_instagram_share_type":"","_medium_share_type":"","_threads_share_type":"","_google_business_share_type":"","_selected_social_profile":[],"_wpsp_enable_custom_social_template":false,"_wpsp_social_scheduling":{"enabled":false,"datetime":null,"platforms":[],"status":"template_only","dateOption":"today","timeOption":"now","customDays":"","customHours":"","customDate":"","customTime":"","schedulingType":"absolute"},"_wpsp_active_default_template":true},"categories":[29],"tags":[],"class_list":["post-36720","post","type-post","status-publish","format-standard","has-post-thumbnail","hentry","category-economie"],"aioseo_notices":[],"yoast_head":"<!-- This site is optimized with the Yoast SEO plugin v27.5 - https:\/\/yoast.com\/product\/yoast-seo-wordpress\/ -->\n<title>Oum El Bouaghi\u00a0 \u00a0: Le secteur du textile en attente de r\u00e9habilitation - La Sentinelle<\/title>\n<meta name=\"robots\" content=\"index, follow, max-snippet:-1, max-image-preview:large, max-video-preview:-1\" \/>\n<link rel=\"canonical\" href=\"https:\/\/lasentinelle.dz\/index.php\/2023\/02\/22\/oum-el-bouaghi-le-secteur-du-textile-en-attente-de-rehabilitation\/\" \/>\n<meta property=\"og:locale\" content=\"fr_FR\" \/>\n<meta property=\"og:type\" content=\"article\" \/>\n<meta property=\"og:title\" content=\"Oum El Bouaghi\u00a0 \u00a0: Le secteur du textile en attente de r\u00e9habilitation - La Sentinelle\" \/>\n<meta property=\"og:description\" content=\"Des unit\u00e9s de l&rsquo;industrie textile, dans la wilaya d\u2019Oum El Bouaghi \u00e0 l&rsquo;abandon depuis plusieurs ann\u00e9es, attendent d\u2019\u00eatre r\u00e9habilit\u00e9es. Il\" \/>\n<meta property=\"og:url\" content=\"https:\/\/lasentinelle.dz\/index.php\/2023\/02\/22\/oum-el-bouaghi-le-secteur-du-textile-en-attente-de-rehabilitation\/\" \/>\n<meta property=\"og:site_name\" content=\"La Sentinelle\" \/>\n<meta property=\"article:publisher\" content=\"https:\/\/www.facebook.com\/La-Sentinelle-104059864394773\" \/>\n<meta property=\"article:published_time\" content=\"2023-02-22T21:05:00+00:00\" \/>\n<meta property=\"og:image\" content=\"https:\/\/lasentinelle.dz\/wp-content\/uploads\/2023\/02\/Sans-titre-3-12.png\" \/>\n\t<meta property=\"og:image:width\" content=\"2171\" \/>\n\t<meta property=\"og:image:height\" content=\"900\" \/>\n\t<meta property=\"og:image:type\" content=\"image\/png\" \/>\n<meta name=\"author\" content=\"La Sentinelle\" \/>\n<meta name=\"twitter:card\" content=\"summary_large_image\" \/>\n<meta name=\"twitter:label1\" content=\"\u00c9crit par\" \/>\n\t<meta name=\"twitter:data1\" content=\"La Sentinelle\" \/>\n\t<meta name=\"twitter:label2\" content=\"Dur\u00e9e de lecture estim\u00e9e\" \/>\n\t<meta name=\"twitter:data2\" content=\"4 minutes\" \/>\n<script type=\"application\/ld+json\" class=\"yoast-schema-graph\">{\"@context\":\"https:\\\/\\\/schema.org\",\"@graph\":[{\"@type\":\"Article\",\"@id\":\"https:\\\/\\\/lasentinelle.dz\\\/index.php\\\/2023\\\/02\\\/22\\\/oum-el-bouaghi-le-secteur-du-textile-en-attente-de-rehabilitation\\\/#article\",\"isPartOf\":{\"@id\":\"https:\\\/\\\/lasentinelle.dz\\\/index.php\\\/2023\\\/02\\\/22\\\/oum-el-bouaghi-le-secteur-du-textile-en-attente-de-rehabilitation\\\/\"},\"author\":{\"name\":\"La Sentinelle\",\"@id\":\"https:\\\/\\\/lasentinelle.dz\\\/#\\\/schema\\\/person\\\/d865044e22e70a75174ce8bcad3acfb3\"},\"headline\":\"Oum El Bouaghi\u00a0 \u00a0: Le secteur du textile en attente de r\u00e9habilitation\",\"datePublished\":\"2023-02-22T21:05:00+00:00\",\"mainEntityOfPage\":{\"@id\":\"https:\\\/\\\/lasentinelle.dz\\\/index.php\\\/2023\\\/02\\\/22\\\/oum-el-bouaghi-le-secteur-du-textile-en-attente-de-rehabilitation\\\/\"},\"wordCount\":745,\"commentCount\":0,\"publisher\":{\"@id\":\"https:\\\/\\\/lasentinelle.dz\\\/#organization\"},\"image\":{\"@id\":\"https:\\\/\\\/lasentinelle.dz\\\/index.php\\\/2023\\\/02\\\/22\\\/oum-el-bouaghi-le-secteur-du-textile-en-attente-de-rehabilitation\\\/#primaryimage\"},\"thumbnailUrl\":\"https:\\\/\\\/lasentinelle.dz\\\/wp-content\\\/uploads\\\/2023\\\/02\\\/Sans-titre-3-12.png\",\"articleSection\":[\"\u00c9conomie\"],\"inLanguage\":\"fr-FR\",\"potentialAction\":[{\"@type\":\"CommentAction\",\"name\":\"Comment\",\"target\":[\"https:\\\/\\\/lasentinelle.dz\\\/index.php\\\/2023\\\/02\\\/22\\\/oum-el-bouaghi-le-secteur-du-textile-en-attente-de-rehabilitation\\\/#respond\"]}]},{\"@type\":\"WebPage\",\"@id\":\"https:\\\/\\\/lasentinelle.dz\\\/index.php\\\/2023\\\/02\\\/22\\\/oum-el-bouaghi-le-secteur-du-textile-en-attente-de-rehabilitation\\\/\",\"url\":\"https:\\\/\\\/lasentinelle.dz\\\/index.php\\\/2023\\\/02\\\/22\\\/oum-el-bouaghi-le-secteur-du-textile-en-attente-de-rehabilitation\\\/\",\"name\":\"Oum El Bouaghi\u00a0 \u00a0: Le secteur du textile en attente de r\u00e9habilitation - La Sentinelle\",\"isPartOf\":{\"@id\":\"https:\\\/\\\/lasentinelle.dz\\\/#website\"},\"primaryImageOfPage\":{\"@id\":\"https:\\\/\\\/lasentinelle.dz\\\/index.php\\\/2023\\\/02\\\/22\\\/oum-el-bouaghi-le-secteur-du-textile-en-attente-de-rehabilitation\\\/#primaryimage\"},\"image\":{\"@id\":\"https:\\\/\\\/lasentinelle.dz\\\/index.php\\\/2023\\\/02\\\/22\\\/oum-el-bouaghi-le-secteur-du-textile-en-attente-de-rehabilitation\\\/#primaryimage\"},\"thumbnailUrl\":\"https:\\\/\\\/lasentinelle.dz\\\/wp-content\\\/uploads\\\/2023\\\/02\\\/Sans-titre-3-12.png\",\"datePublished\":\"2023-02-22T21:05:00+00:00\",\"breadcrumb\":{\"@id\":\"https:\\\/\\\/lasentinelle.dz\\\/index.php\\\/2023\\\/02\\\/22\\\/oum-el-bouaghi-le-secteur-du-textile-en-attente-de-rehabilitation\\\/#breadcrumb\"},\"inLanguage\":\"fr-FR\",\"potentialAction\":[{\"@type\":\"ReadAction\",\"target\":[\"https:\\\/\\\/lasentinelle.dz\\\/index.php\\\/2023\\\/02\\\/22\\\/oum-el-bouaghi-le-secteur-du-textile-en-attente-de-rehabilitation\\\/\"]}]},{\"@type\":\"ImageObject\",\"inLanguage\":\"fr-FR\",\"@id\":\"https:\\\/\\\/lasentinelle.dz\\\/index.php\\\/2023\\\/02\\\/22\\\/oum-el-bouaghi-le-secteur-du-textile-en-attente-de-rehabilitation\\\/#primaryimage\",\"url\":\"https:\\\/\\\/lasentinelle.dz\\\/wp-content\\\/uploads\\\/2023\\\/02\\\/Sans-titre-3-12.png\",\"contentUrl\":\"https:\\\/\\\/lasentinelle.dz\\\/wp-content\\\/uploads\\\/2023\\\/02\\\/Sans-titre-3-12.png\",\"width\":2171,\"height\":900},{\"@type\":\"BreadcrumbList\",\"@id\":\"https:\\\/\\\/lasentinelle.dz\\\/index.php\\\/2023\\\/02\\\/22\\\/oum-el-bouaghi-le-secteur-du-textile-en-attente-de-rehabilitation\\\/#breadcrumb\",\"itemListElement\":[{\"@type\":\"ListItem\",\"position\":1,\"name\":\"Accueil\",\"item\":\"https:\\\/\\\/lasentinelle.dz\\\/\"},{\"@type\":\"ListItem\",\"position\":2,\"name\":\"Oum El Bouaghi\u00a0 \u00a0: Le secteur du textile en attente de r\u00e9habilitation\"}]},{\"@type\":\"WebSite\",\"@id\":\"https:\\\/\\\/lasentinelle.dz\\\/#website\",\"url\":\"https:\\\/\\\/lasentinelle.dz\\\/\",\"name\":\"La Sentinelle\",\"description\":\"Quotidien national d&#039;information\",\"publisher\":{\"@id\":\"https:\\\/\\\/lasentinelle.dz\\\/#organization\"},\"potentialAction\":[{\"@type\":\"SearchAction\",\"target\":{\"@type\":\"EntryPoint\",\"urlTemplate\":\"https:\\\/\\\/lasentinelle.dz\\\/?s={search_term_string}\"},\"query-input\":{\"@type\":\"PropertyValueSpecification\",\"valueRequired\":true,\"valueName\":\"search_term_string\"}}],\"inLanguage\":\"fr-FR\"},{\"@type\":\"Organization\",\"@id\":\"https:\\\/\\\/lasentinelle.dz\\\/#organization\",\"name\":\"Quotidien La Sentinelle\",\"url\":\"https:\\\/\\\/lasentinelle.dz\\\/\",\"logo\":{\"@type\":\"ImageObject\",\"inLanguage\":\"fr-FR\",\"@id\":\"https:\\\/\\\/lasentinelle.dz\\\/#\\\/schema\\\/logo\\\/image\\\/\",\"url\":\"https:\\\/\\\/lasentinelle.dz\\\/wp-content\\\/uploads\\\/2021\\\/09\\\/logo-sentinelleSLOGAN-1.png\",\"contentUrl\":\"https:\\\/\\\/lasentinelle.dz\\\/wp-content\\\/uploads\\\/2021\\\/09\\\/logo-sentinelleSLOGAN-1.png\",\"width\":615,\"height\":142,\"caption\":\"Quotidien La Sentinelle\"},\"image\":{\"@id\":\"https:\\\/\\\/lasentinelle.dz\\\/#\\\/schema\\\/logo\\\/image\\\/\"},\"sameAs\":[\"https:\\\/\\\/www.facebook.com\\\/La-Sentinelle-104059864394773\"]},{\"@type\":\"Person\",\"@id\":\"https:\\\/\\\/lasentinelle.dz\\\/#\\\/schema\\\/person\\\/d865044e22e70a75174ce8bcad3acfb3\",\"name\":\"La Sentinelle\",\"image\":{\"@type\":\"ImageObject\",\"inLanguage\":\"fr-FR\",\"@id\":\"https:\\\/\\\/secure.gravatar.com\\\/avatar\\\/57de8e5d4b15d43fb361a71fbb36338450fe67865b528a43dd10ef7c51a20392?s=96&d=mm&r=g\",\"url\":\"https:\\\/\\\/secure.gravatar.com\\\/avatar\\\/57de8e5d4b15d43fb361a71fbb36338450fe67865b528a43dd10ef7c51a20392?s=96&d=mm&r=g\",\"contentUrl\":\"https:\\\/\\\/secure.gravatar.com\\\/avatar\\\/57de8e5d4b15d43fb361a71fbb36338450fe67865b528a43dd10ef7c51a20392?s=96&d=mm&r=g\",\"caption\":\"La Sentinelle\"},\"sameAs\":[\"http:\\\/\\\/www.lasentinelle.dz\"],\"url\":\"https:\\\/\\\/lasentinelle.dz\\\/author\\\/redaction\\\/\"}]}<\/script>\n<!-- \/ Yoast SEO plugin. -->","yoast_head_json":{"title":"Oum El Bouaghi\u00a0 \u00a0: Le secteur du textile en attente de r\u00e9habilitation - La Sentinelle","robots":{"index":"index","follow":"follow","max-snippet":"max-snippet:-1","max-image-preview":"max-image-preview:large","max-video-preview":"max-video-preview:-1"},"canonical":"https:\/\/lasentinelle.dz\/index.php\/2023\/02\/22\/oum-el-bouaghi-le-secteur-du-textile-en-attente-de-rehabilitation\/","og_locale":"fr_FR","og_type":"article","og_title":"Oum El Bouaghi\u00a0 \u00a0: Le secteur du textile en attente de r\u00e9habilitation - La Sentinelle","og_description":"Des unit\u00e9s de l&rsquo;industrie textile, dans la wilaya d\u2019Oum El Bouaghi \u00e0 l&rsquo;abandon depuis plusieurs ann\u00e9es, attendent d\u2019\u00eatre r\u00e9habilit\u00e9es. Il","og_url":"https:\/\/lasentinelle.dz\/index.php\/2023\/02\/22\/oum-el-bouaghi-le-secteur-du-textile-en-attente-de-rehabilitation\/","og_site_name":"La Sentinelle","article_publisher":"https:\/\/www.facebook.com\/La-Sentinelle-104059864394773","article_published_time":"2023-02-22T21:05:00+00:00","og_image":[{"width":2171,"height":900,"url":"https:\/\/lasentinelle.dz\/wp-content\/uploads\/2023\/02\/Sans-titre-3-12.png","type":"image\/png"}],"author":"La Sentinelle","twitter_card":"summary_large_image","twitter_misc":{"\u00c9crit par":"La Sentinelle","Dur\u00e9e de lecture estim\u00e9e":"4 minutes"},"schema":{"@context":"https:\/\/schema.org","@graph":[{"@type":"Article","@id":"https:\/\/lasentinelle.dz\/index.php\/2023\/02\/22\/oum-el-bouaghi-le-secteur-du-textile-en-attente-de-rehabilitation\/#article","isPartOf":{"@id":"https:\/\/lasentinelle.dz\/index.php\/2023\/02\/22\/oum-el-bouaghi-le-secteur-du-textile-en-attente-de-rehabilitation\/"},"author":{"name":"La Sentinelle","@id":"https:\/\/lasentinelle.dz\/#\/schema\/person\/d865044e22e70a75174ce8bcad3acfb3"},"headline":"Oum El Bouaghi\u00a0 \u00a0: Le secteur du textile en attente de r\u00e9habilitation","datePublished":"2023-02-22T21:05:00+00:00","mainEntityOfPage":{"@id":"https:\/\/lasentinelle.dz\/index.php\/2023\/02\/22\/oum-el-bouaghi-le-secteur-du-textile-en-attente-de-rehabilitation\/"},"wordCount":745,"commentCount":0,"publisher":{"@id":"https:\/\/lasentinelle.dz\/#organization"},"image":{"@id":"https:\/\/lasentinelle.dz\/index.php\/2023\/02\/22\/oum-el-bouaghi-le-secteur-du-textile-en-attente-de-rehabilitation\/#primaryimage"},"thumbnailUrl":"https:\/\/lasentinelle.dz\/wp-content\/uploads\/2023\/02\/Sans-titre-3-12.png","articleSection":["\u00c9conomie"],"inLanguage":"fr-FR","potentialAction":[{"@type":"CommentAction","name":"Comment","target":["https:\/\/lasentinelle.dz\/index.php\/2023\/02\/22\/oum-el-bouaghi-le-secteur-du-textile-en-attente-de-rehabilitation\/#respond"]}]},{"@type":"WebPage","@id":"https:\/\/lasentinelle.dz\/index.php\/2023\/02\/22\/oum-el-bouaghi-le-secteur-du-textile-en-attente-de-rehabilitation\/","url":"https:\/\/lasentinelle.dz\/index.php\/2023\/02\/22\/oum-el-bouaghi-le-secteur-du-textile-en-attente-de-rehabilitation\/","name":"Oum El Bouaghi\u00a0 \u00a0: Le secteur du textile en attente de r\u00e9habilitation - La Sentinelle","isPartOf":{"@id":"https:\/\/lasentinelle.dz\/#website"},"primaryImageOfPage":{"@id":"https:\/\/lasentinelle.dz\/index.php\/2023\/02\/22\/oum-el-bouaghi-le-secteur-du-textile-en-attente-de-rehabilitation\/#primaryimage"},"image":{"@id":"https:\/\/lasentinelle.dz\/index.php\/2023\/02\/22\/oum-el-bouaghi-le-secteur-du-textile-en-attente-de-rehabilitation\/#primaryimage"},"thumbnailUrl":"https:\/\/lasentinelle.dz\/wp-content\/uploads\/2023\/02\/Sans-titre-3-12.png","datePublished":"2023-02-22T21:05:00+00:00","breadcrumb":{"@id":"https:\/\/lasentinelle.dz\/index.php\/2023\/02\/22\/oum-el-bouaghi-le-secteur-du-textile-en-attente-de-rehabilitation\/#breadcrumb"},"inLanguage":"fr-FR","potentialAction":[{"@type":"ReadAction","target":["https:\/\/lasentinelle.dz\/index.php\/2023\/02\/22\/oum-el-bouaghi-le-secteur-du-textile-en-attente-de-rehabilitation\/"]}]},{"@type":"ImageObject","inLanguage":"fr-FR","@id":"https:\/\/lasentinelle.dz\/index.php\/2023\/02\/22\/oum-el-bouaghi-le-secteur-du-textile-en-attente-de-rehabilitation\/#primaryimage","url":"https:\/\/lasentinelle.dz\/wp-content\/uploads\/2023\/02\/Sans-titre-3-12.png","contentUrl":"https:\/\/lasentinelle.dz\/wp-content\/uploads\/2023\/02\/Sans-titre-3-12.png","width":2171,"height":900},{"@type":"BreadcrumbList","@id":"https:\/\/lasentinelle.dz\/index.php\/2023\/02\/22\/oum-el-bouaghi-le-secteur-du-textile-en-attente-de-rehabilitation\/#breadcrumb","itemListElement":[{"@type":"ListItem","position":1,"name":"Accueil","item":"https:\/\/lasentinelle.dz\/"},{"@type":"ListItem","position":2,"name":"Oum El Bouaghi\u00a0 \u00a0: Le secteur du textile en attente de r\u00e9habilitation"}]},{"@type":"WebSite","@id":"https:\/\/lasentinelle.dz\/#website","url":"https:\/\/lasentinelle.dz\/","name":"La Sentinelle","description":"Quotidien national d&#039;information","publisher":{"@id":"https:\/\/lasentinelle.dz\/#organization"},"potentialAction":[{"@type":"SearchAction","target":{"@type":"EntryPoint","urlTemplate":"https:\/\/lasentinelle.dz\/?s={search_term_string}"},"query-input":{"@type":"PropertyValueSpecification","valueRequired":true,"valueName":"search_term_string"}}],"inLanguage":"fr-FR"},{"@type":"Organization","@id":"https:\/\/lasentinelle.dz\/#organization","name":"Quotidien La Sentinelle","url":"https:\/\/lasentinelle.dz\/","logo":{"@type":"ImageObject","inLanguage":"fr-FR","@id":"https:\/\/lasentinelle.dz\/#\/schema\/logo\/image\/","url":"https:\/\/lasentinelle.dz\/wp-content\/uploads\/2021\/09\/logo-sentinelleSLOGAN-1.png","contentUrl":"https:\/\/lasentinelle.dz\/wp-content\/uploads\/2021\/09\/logo-sentinelleSLOGAN-1.png","width":615,"height":142,"caption":"Quotidien La Sentinelle"},"image":{"@id":"https:\/\/lasentinelle.dz\/#\/schema\/logo\/image\/"},"sameAs":["https:\/\/www.facebook.com\/La-Sentinelle-104059864394773"]},{"@type":"Person","@id":"https:\/\/lasentinelle.dz\/#\/schema\/person\/d865044e22e70a75174ce8bcad3acfb3","name":"La Sentinelle","image":{"@type":"ImageObject","inLanguage":"fr-FR","@id":"https:\/\/secure.gravatar.com\/avatar\/57de8e5d4b15d43fb361a71fbb36338450fe67865b528a43dd10ef7c51a20392?s=96&d=mm&r=g","url":"https:\/\/secure.gravatar.com\/avatar\/57de8e5d4b15d43fb361a71fbb36338450fe67865b528a43dd10ef7c51a20392?s=96&d=mm&r=g","contentUrl":"https:\/\/secure.gravatar.com\/avatar\/57de8e5d4b15d43fb361a71fbb36338450fe67865b528a43dd10ef7c51a20392?s=96&d=mm&r=g","caption":"La Sentinelle"},"sameAs":["http:\/\/www.lasentinelle.dz"],"url":"https:\/\/lasentinelle.dz\/author\/redaction\/"}]}},"_links":{"self":[{"href":"https:\/\/lasentinelle.dz\/index.php\/wp-json\/wp\/v2\/posts\/36720","targetHints":{"allow":["GET"]}}],"collection":[{"href":"https:\/\/lasentinelle.dz\/index.php\/wp-json\/wp\/v2\/posts"}],"about":[{"href":"https:\/\/lasentinelle.dz\/index.php\/wp-json\/wp\/v2\/types\/post"}],"author":[{"embeddable":true,"href":"https:\/\/lasentinelle.dz\/index.php\/wp-json\/wp\/v2\/users\/3"}],"replies":[{"embeddable":true,"href":"https:\/\/lasentinelle.dz\/index.php\/wp-json\/wp\/v2\/comments?post=36720"}],"version-history":[{"count":2,"href":"https:\/\/lasentinelle.dz\/index.php\/wp-json\/wp\/v2\/posts\/36720\/revisions"}],"predecessor-version":[{"id":36745,"href":"https:\/\/lasentinelle.dz\/index.php\/wp-json\/wp\/v2\/posts\/36720\/revisions\/36745"}],"wp:featuredmedia":[{"embeddable":true,"href":"https:\/\/lasentinelle.dz\/index.php\/wp-json\/wp\/v2\/media\/36723"}],"wp:attachment":[{"href":"https:\/\/lasentinelle.dz\/index.php\/wp-json\/wp\/v2\/media?parent=36720"}],"wp:term":[{"taxonomy":"category","embeddable":true,"href":"https:\/\/lasentinelle.dz\/index.php\/wp-json\/wp\/v2\/categories?post=36720"},{"taxonomy":"post_tag","embeddable":true,"href":"https:\/\/lasentinelle.dz\/index.php\/wp-json\/wp\/v2\/tags?post=36720"}],"curies":[{"name":"wp","href":"https:\/\/api.w.org\/{rel}","templated":true}]}}