{"id":36787,"date":"2023-02-25T22:08:00","date_gmt":"2023-02-25T21:08:00","guid":{"rendered":"https:\/\/lasentinelle.dz\/?p=36787"},"modified":"2023-02-25T17:46:35","modified_gmt":"2023-02-25T16:46:35","slug":"ligue-des-champions-de-la-caf-la-jsk-et-le-crb-trebuchent","status":"publish","type":"post","link":"https:\/\/lasentinelle.dz\/index.php\/2023\/02\/25\/ligue-des-champions-de-la-caf-la-jsk-et-le-crb-trebuchent\/","title":{"rendered":"Ligue des champions de la CAF\u00a0: La JSK et le CRB tr\u00e9buchent"},"content":{"rendered":"\n<p>Le week-end n\u2019a pas \u00e9t\u00e9 favorable pour les deux repr\u00e9sentants alg\u00e9riens en Ligue des champions d\u2019Afrique. Le CRB et la JSK ont tousdeux \u00e9t\u00e9 d\u00e9faits par leurs adversaires lors de la troisi\u00e8me journ\u00e9e des matchs de poule. Si la JSK conserve malgr\u00e9 cette d\u00e9faite sa premi\u00e8re place dans le Groupe A, le CRB s\u2019est compliqu\u00e9 la t\u00e2che en enregistrant sa deuxi\u00e8me d\u00e9faite d\u2019affil\u00e9e qui le pousse \u00e0 la troisi\u00e8me place du Groupe D.<\/p>\n\n\n\n<p>En effet, la JS Kabylie a enregistr\u00e9 hier sa premi\u00e8re d\u00e9faite dans cette phase de poule de la Ligue des champions de la CAF. Les Canaris ont \u00e9t\u00e9 battus par la formation congolaise de l\u2019AS Vita Club (1-0), \u00e0 Brazzaville, apr\u00e8s avoir encaiss\u00e9 un but \u00e0 la 65e minute, marqu\u00e9 par LemaMabidiChikito.Dans l\u2019autre match de la poule A, jou\u00e9 vendredi \u00e0 Casablanca, entre la formation marocaine du WAC et les Angolais du Petro Atl\u00e9tico, la victoire est revenue \u00e0 l\u2019\u00e9quipe locale (1-0). Apr\u00e8s trois manches, Petro Atl\u00e9tico conserve sa premi\u00e8re place (4 pts), suivi de la JSK qui compte le m\u00eame nombre de points. L\u2019AS Vita Club pointe \u00e0 la 3e place (3 pts), alors que le WAC est dernier avec 3 unit\u00e9s \u00e9galement. Toutefois que l\u2019ASVC et le WAC n\u2019ont disput\u00e9 que deux rencontres. La JSK aura cependant l\u2019occasion de se rattraper lors de la quatri\u00e8me journ\u00e9e pr\u00e9vue le mardi 7 mars prochain en recevant l\u2019ASVC.De son c\u00f4t\u00e9, le second repr\u00e9sentant alg\u00e9rien dans cette comp\u00e9tition le CR Belouizdad a\u00e9galement rat\u00e9 sa 3e sortie.Le triple champion d\u2019Alg\u00e9rie en titre a essuy\u00e9 un second \u00e9chec vendredi soir en Ligue des champions de la CAF qui le rel\u00e8gue \u00e0 la troisi\u00e8me place de son groupe. Une seconde d\u00e9convenue qui impose un sursaut pour le Chabab avant la phase retour s\u2019il veut conserver ses chances de disputer les quarts de finale de la prestigieuse comp\u00e9tition continentale.<\/p>\n\n\n\n<p>Le CRB s\u2019est en effet inclin\u00e9 face aux Soudanais d&rsquo;Al-Merreikh 1-0 (mi-temps: 1-0), en match disput\u00e9 vendredi au stade de Benghazi (Libye), comptant pour la 3e journ\u00e9e (Gr.D) de la phase de poules.L&rsquo;unique but de la partie a \u00e9t\u00e9 inscrit par le Br\u00e9silien Paulo Sergio sur un penalty discutable (32e).<\/p>\n\n\n\n<p>Il s&rsquo;agit de la deuxi\u00e8me d\u00e9faite de rang pour le Chabab, apr\u00e8s celle conc\u00e9d\u00e9e samedi dernier \u00e0 domicile face aux Tunisiens de l&rsquo;Esp\u00e9rance de Tunis (0-1).Le fait de jouer cette partie sur terrain neutre, en raison de la non-homologation des stades soudanais, n\u2019aura finalement pas \u00e9t\u00e9 \u00e0 l\u2019avantage du CRB. En effet, les Rouge et Blanc viennent d\u2019enregistrer leur second revers de suite, apr\u00e8s avoir \u00e9t\u00e9 pi\u00e9g\u00e9s par les Tunisiens de l\u2019Esp\u00e9rance (0-1), samedi dernier \u00e0 Alger.De son c\u00f4t\u00e9, Al Merreikh est parvenu \u00e0 se relancer dans cette \u00e9preuve, en reportant son premier succ\u00e8s, gr\u00e2ce \u00e0 une petite r\u00e9alisation scor\u00e9e \u00e0 la 32e minute sur penalty par le Br\u00e9silien, Paulo S\u00e9rgio.Apr\u00e8s trois sorties, le CRB r\u00e9trograde \u00e0 la 3e place (3 pts), alors que son adversaire du jour s\u2019est hiss\u00e9 \u00e0 la 2e place avec 4 unit\u00e9s.<\/p>\n\n\n\n<p>Afin d\u2019esp\u00e9rer disputer les quarts de finale, les Rouge et Blanc doivent imp\u00e9rativement corriger le tir face \u00e0 cette m\u00eame formation soudanaise lors la 4e journ\u00e9e pr\u00e9vue le mardi 7 mars prochain \u00e0 Alger.Rappelons que les deux premiers de chaque groupe se qualifient pour les quarts de finale.<\/p>\n\n\n\n<p><strong>Chokri Hafed<\/strong><\/p>\n","protected":false},"excerpt":{"rendered":"<p>Le week-end n\u2019a pas \u00e9t\u00e9 favorable pour les deux repr\u00e9sentants alg\u00e9riens en Ligue des champions d\u2019Afrique. Le CRB et la<\/p>\n","protected":false},"author":3,"featured_media":36798,"comment_status":"open","ping_status":"closed","sticky":false,"template":"","format":"standard","meta":{"colormag_page_container_layout":"default_layout","colormag_page_sidebar_layout":"default_layout","om_disable_all_campaigns":false,"_monsterinsights_skip_tracking":false,"_monsterinsights_sitenote_active":false,"_monsterinsights_sitenote_note":"","_monsterinsights_sitenote_category":0,"footnotes":"","_wpscppro_dont_share_socialmedia":false,"_wpscppro_custom_social_share_image":0,"_facebook_share_type":"","_twitter_share_type":"","_linkedin_share_type":"","_pinterest_share_type":"","_linkedin_share_type_page":"","_instagram_share_type":"","_medium_share_type":"","_threads_share_type":"","_google_business_share_type":"","_selected_social_profile":[],"_wpsp_enable_custom_social_template":false,"_wpsp_social_scheduling":{"enabled":false,"datetime":null,"platforms":[],"status":"template_only","dateOption":"today","timeOption":"now","customDays":"","customHours":"","customDate":"","customTime":"","schedulingType":"absolute"},"_wpsp_active_default_template":true},"categories":[52,33],"tags":[],"class_list":["post-36787","post","type-post","status-publish","format-standard","has-post-thumbnail","hentry","category-a-la-une","category-sports"],"aioseo_notices":[],"yoast_head":"<!-- This site is optimized with the Yoast SEO plugin v27.5 - https:\/\/yoast.com\/product\/yoast-seo-wordpress\/ -->\n<title>Ligue des champions de la CAF\u00a0: La JSK et le CRB tr\u00e9buchent - La Sentinelle<\/title>\n<meta name=\"robots\" content=\"index, follow, max-snippet:-1, max-image-preview:large, max-video-preview:-1\" \/>\n<link rel=\"canonical\" href=\"https:\/\/lasentinelle.dz\/index.php\/2023\/02\/25\/ligue-des-champions-de-la-caf-la-jsk-et-le-crb-trebuchent\/\" \/>\n<meta property=\"og:locale\" content=\"fr_FR\" \/>\n<meta property=\"og:type\" content=\"article\" \/>\n<meta property=\"og:title\" content=\"Ligue des champions de la CAF\u00a0: La JSK et le CRB tr\u00e9buchent - La Sentinelle\" \/>\n<meta property=\"og:description\" content=\"Le week-end n\u2019a pas \u00e9t\u00e9 favorable pour les deux repr\u00e9sentants alg\u00e9riens en Ligue des champions d\u2019Afrique. Le CRB et la\" \/>\n<meta property=\"og:url\" content=\"https:\/\/lasentinelle.dz\/index.php\/2023\/02\/25\/ligue-des-champions-de-la-caf-la-jsk-et-le-crb-trebuchent\/\" \/>\n<meta property=\"og:site_name\" content=\"La Sentinelle\" \/>\n<meta property=\"article:publisher\" content=\"https:\/\/www.facebook.com\/La-Sentinelle-104059864394773\" \/>\n<meta property=\"article:published_time\" content=\"2023-02-25T21:08:00+00:00\" \/>\n<meta property=\"og:image\" content=\"https:\/\/lasentinelle.dz\/wp-content\/uploads\/2023\/02\/CRB-3.png\" \/>\n\t<meta property=\"og:image:width\" content=\"900\" \/>\n\t<meta property=\"og:image:height\" content=\"675\" \/>\n\t<meta property=\"og:image:type\" content=\"image\/png\" \/>\n<meta name=\"author\" content=\"La Sentinelle\" \/>\n<meta name=\"twitter:card\" content=\"summary_large_image\" \/>\n<meta name=\"twitter:label1\" content=\"\u00c9crit par\" \/>\n\t<meta name=\"twitter:data1\" content=\"La Sentinelle\" \/>\n\t<meta name=\"twitter:label2\" content=\"Dur\u00e9e de lecture estim\u00e9e\" \/>\n\t<meta name=\"twitter:data2\" content=\"3 minutes\" \/>\n<script type=\"application\/ld+json\" class=\"yoast-schema-graph\">{\"@context\":\"https:\\\/\\\/schema.org\",\"@graph\":[{\"@type\":\"Article\",\"@id\":\"https:\\\/\\\/lasentinelle.dz\\\/index.php\\\/2023\\\/02\\\/25\\\/ligue-des-champions-de-la-caf-la-jsk-et-le-crb-trebuchent\\\/#article\",\"isPartOf\":{\"@id\":\"https:\\\/\\\/lasentinelle.dz\\\/index.php\\\/2023\\\/02\\\/25\\\/ligue-des-champions-de-la-caf-la-jsk-et-le-crb-trebuchent\\\/\"},\"author\":{\"name\":\"La Sentinelle\",\"@id\":\"https:\\\/\\\/lasentinelle.dz\\\/#\\\/schema\\\/person\\\/d865044e22e70a75174ce8bcad3acfb3\"},\"headline\":\"Ligue des champions de la CAF\u00a0: La JSK et le CRB tr\u00e9buchent\",\"datePublished\":\"2023-02-25T21:08:00+00:00\",\"mainEntityOfPage\":{\"@id\":\"https:\\\/\\\/lasentinelle.dz\\\/index.php\\\/2023\\\/02\\\/25\\\/ligue-des-champions-de-la-caf-la-jsk-et-le-crb-trebuchent\\\/\"},\"wordCount\":627,\"commentCount\":0,\"publisher\":{\"@id\":\"https:\\\/\\\/lasentinelle.dz\\\/#organization\"},\"image\":{\"@id\":\"https:\\\/\\\/lasentinelle.dz\\\/index.php\\\/2023\\\/02\\\/25\\\/ligue-des-champions-de-la-caf-la-jsk-et-le-crb-trebuchent\\\/#primaryimage\"},\"thumbnailUrl\":\"https:\\\/\\\/lasentinelle.dz\\\/wp-content\\\/uploads\\\/2023\\\/02\\\/CRB-3.png\",\"articleSection\":[\"\u00c0 la Une\",\"Sports\"],\"inLanguage\":\"fr-FR\",\"potentialAction\":[{\"@type\":\"CommentAction\",\"name\":\"Comment\",\"target\":[\"https:\\\/\\\/lasentinelle.dz\\\/index.php\\\/2023\\\/02\\\/25\\\/ligue-des-champions-de-la-caf-la-jsk-et-le-crb-trebuchent\\\/#respond\"]}]},{\"@type\":\"WebPage\",\"@id\":\"https:\\\/\\\/lasentinelle.dz\\\/index.php\\\/2023\\\/02\\\/25\\\/ligue-des-champions-de-la-caf-la-jsk-et-le-crb-trebuchent\\\/\",\"url\":\"https:\\\/\\\/lasentinelle.dz\\\/index.php\\\/2023\\\/02\\\/25\\\/ligue-des-champions-de-la-caf-la-jsk-et-le-crb-trebuchent\\\/\",\"name\":\"Ligue des champions de la CAF\u00a0: La JSK et le CRB tr\u00e9buchent - La Sentinelle\",\"isPartOf\":{\"@id\":\"https:\\\/\\\/lasentinelle.dz\\\/#website\"},\"primaryImageOfPage\":{\"@id\":\"https:\\\/\\\/lasentinelle.dz\\\/index.php\\\/2023\\\/02\\\/25\\\/ligue-des-champions-de-la-caf-la-jsk-et-le-crb-trebuchent\\\/#primaryimage\"},\"image\":{\"@id\":\"https:\\\/\\\/lasentinelle.dz\\\/index.php\\\/2023\\\/02\\\/25\\\/ligue-des-champions-de-la-caf-la-jsk-et-le-crb-trebuchent\\\/#primaryimage\"},\"thumbnailUrl\":\"https:\\\/\\\/lasentinelle.dz\\\/wp-content\\\/uploads\\\/2023\\\/02\\\/CRB-3.png\",\"datePublished\":\"2023-02-25T21:08:00+00:00\",\"breadcrumb\":{\"@id\":\"https:\\\/\\\/lasentinelle.dz\\\/index.php\\\/2023\\\/02\\\/25\\\/ligue-des-champions-de-la-caf-la-jsk-et-le-crb-trebuchent\\\/#breadcrumb\"},\"inLanguage\":\"fr-FR\",\"potentialAction\":[{\"@type\":\"ReadAction\",\"target\":[\"https:\\\/\\\/lasentinelle.dz\\\/index.php\\\/2023\\\/02\\\/25\\\/ligue-des-champions-de-la-caf-la-jsk-et-le-crb-trebuchent\\\/\"]}]},{\"@type\":\"ImageObject\",\"inLanguage\":\"fr-FR\",\"@id\":\"https:\\\/\\\/lasentinelle.dz\\\/index.php\\\/2023\\\/02\\\/25\\\/ligue-des-champions-de-la-caf-la-jsk-et-le-crb-trebuchent\\\/#primaryimage\",\"url\":\"https:\\\/\\\/lasentinelle.dz\\\/wp-content\\\/uploads\\\/2023\\\/02\\\/CRB-3.png\",\"contentUrl\":\"https:\\\/\\\/lasentinelle.dz\\\/wp-content\\\/uploads\\\/2023\\\/02\\\/CRB-3.png\",\"width\":900,\"height\":675},{\"@type\":\"BreadcrumbList\",\"@id\":\"https:\\\/\\\/lasentinelle.dz\\\/index.php\\\/2023\\\/02\\\/25\\\/ligue-des-champions-de-la-caf-la-jsk-et-le-crb-trebuchent\\\/#breadcrumb\",\"itemListElement\":[{\"@type\":\"ListItem\",\"position\":1,\"name\":\"Accueil\",\"item\":\"https:\\\/\\\/lasentinelle.dz\\\/\"},{\"@type\":\"ListItem\",\"position\":2,\"name\":\"Ligue des champions de la CAF\u00a0: La JSK et le CRB tr\u00e9buchent\"}]},{\"@type\":\"WebSite\",\"@id\":\"https:\\\/\\\/lasentinelle.dz\\\/#website\",\"url\":\"https:\\\/\\\/lasentinelle.dz\\\/\",\"name\":\"La Sentinelle\",\"description\":\"Quotidien national d&#039;information\",\"publisher\":{\"@id\":\"https:\\\/\\\/lasentinelle.dz\\\/#organization\"},\"potentialAction\":[{\"@type\":\"SearchAction\",\"target\":{\"@type\":\"EntryPoint\",\"urlTemplate\":\"https:\\\/\\\/lasentinelle.dz\\\/?s={search_term_string}\"},\"query-input\":{\"@type\":\"PropertyValueSpecification\",\"valueRequired\":true,\"valueName\":\"search_term_string\"}}],\"inLanguage\":\"fr-FR\"},{\"@type\":\"Organization\",\"@id\":\"https:\\\/\\\/lasentinelle.dz\\\/#organization\",\"name\":\"Quotidien La Sentinelle\",\"url\":\"https:\\\/\\\/lasentinelle.dz\\\/\",\"logo\":{\"@type\":\"ImageObject\",\"inLanguage\":\"fr-FR\",\"@id\":\"https:\\\/\\\/lasentinelle.dz\\\/#\\\/schema\\\/logo\\\/image\\\/\",\"url\":\"https:\\\/\\\/lasentinelle.dz\\\/wp-content\\\/uploads\\\/2021\\\/09\\\/logo-sentinelleSLOGAN-1.png\",\"contentUrl\":\"https:\\\/\\\/lasentinelle.dz\\\/wp-content\\\/uploads\\\/2021\\\/09\\\/logo-sentinelleSLOGAN-1.png\",\"width\":615,\"height\":142,\"caption\":\"Quotidien La Sentinelle\"},\"image\":{\"@id\":\"https:\\\/\\\/lasentinelle.dz\\\/#\\\/schema\\\/logo\\\/image\\\/\"},\"sameAs\":[\"https:\\\/\\\/www.facebook.com\\\/La-Sentinelle-104059864394773\"]},{\"@type\":\"Person\",\"@id\":\"https:\\\/\\\/lasentinelle.dz\\\/#\\\/schema\\\/person\\\/d865044e22e70a75174ce8bcad3acfb3\",\"name\":\"La Sentinelle\",\"image\":{\"@type\":\"ImageObject\",\"inLanguage\":\"fr-FR\",\"@id\":\"https:\\\/\\\/secure.gravatar.com\\\/avatar\\\/57de8e5d4b15d43fb361a71fbb36338450fe67865b528a43dd10ef7c51a20392?s=96&d=mm&r=g\",\"url\":\"https:\\\/\\\/secure.gravatar.com\\\/avatar\\\/57de8e5d4b15d43fb361a71fbb36338450fe67865b528a43dd10ef7c51a20392?s=96&d=mm&r=g\",\"contentUrl\":\"https:\\\/\\\/secure.gravatar.com\\\/avatar\\\/57de8e5d4b15d43fb361a71fbb36338450fe67865b528a43dd10ef7c51a20392?s=96&d=mm&r=g\",\"caption\":\"La Sentinelle\"},\"sameAs\":[\"http:\\\/\\\/www.lasentinelle.dz\"],\"url\":\"https:\\\/\\\/lasentinelle.dz\\\/author\\\/redaction\\\/\"}]}<\/script>\n<!-- \/ Yoast SEO plugin. -->","yoast_head_json":{"title":"Ligue des champions de la CAF\u00a0: La JSK et le CRB tr\u00e9buchent - La Sentinelle","robots":{"index":"index","follow":"follow","max-snippet":"max-snippet:-1","max-image-preview":"max-image-preview:large","max-video-preview":"max-video-preview:-1"},"canonical":"https:\/\/lasentinelle.dz\/index.php\/2023\/02\/25\/ligue-des-champions-de-la-caf-la-jsk-et-le-crb-trebuchent\/","og_locale":"fr_FR","og_type":"article","og_title":"Ligue des champions de la CAF\u00a0: La JSK et le CRB tr\u00e9buchent - La Sentinelle","og_description":"Le week-end n\u2019a pas \u00e9t\u00e9 favorable pour les deux repr\u00e9sentants alg\u00e9riens en Ligue des champions d\u2019Afrique. Le CRB et la","og_url":"https:\/\/lasentinelle.dz\/index.php\/2023\/02\/25\/ligue-des-champions-de-la-caf-la-jsk-et-le-crb-trebuchent\/","og_site_name":"La Sentinelle","article_publisher":"https:\/\/www.facebook.com\/La-Sentinelle-104059864394773","article_published_time":"2023-02-25T21:08:00+00:00","og_image":[{"width":900,"height":675,"url":"https:\/\/lasentinelle.dz\/wp-content\/uploads\/2023\/02\/CRB-3.png","type":"image\/png"}],"author":"La Sentinelle","twitter_card":"summary_large_image","twitter_misc":{"\u00c9crit par":"La Sentinelle","Dur\u00e9e de lecture estim\u00e9e":"3 minutes"},"schema":{"@context":"https:\/\/schema.org","@graph":[{"@type":"Article","@id":"https:\/\/lasentinelle.dz\/index.php\/2023\/02\/25\/ligue-des-champions-de-la-caf-la-jsk-et-le-crb-trebuchent\/#article","isPartOf":{"@id":"https:\/\/lasentinelle.dz\/index.php\/2023\/02\/25\/ligue-des-champions-de-la-caf-la-jsk-et-le-crb-trebuchent\/"},"author":{"name":"La Sentinelle","@id":"https:\/\/lasentinelle.dz\/#\/schema\/person\/d865044e22e70a75174ce8bcad3acfb3"},"headline":"Ligue des champions de la CAF\u00a0: La JSK et le CRB tr\u00e9buchent","datePublished":"2023-02-25T21:08:00+00:00","mainEntityOfPage":{"@id":"https:\/\/lasentinelle.dz\/index.php\/2023\/02\/25\/ligue-des-champions-de-la-caf-la-jsk-et-le-crb-trebuchent\/"},"wordCount":627,"commentCount":0,"publisher":{"@id":"https:\/\/lasentinelle.dz\/#organization"},"image":{"@id":"https:\/\/lasentinelle.dz\/index.php\/2023\/02\/25\/ligue-des-champions-de-la-caf-la-jsk-et-le-crb-trebuchent\/#primaryimage"},"thumbnailUrl":"https:\/\/lasentinelle.dz\/wp-content\/uploads\/2023\/02\/CRB-3.png","articleSection":["\u00c0 la Une","Sports"],"inLanguage":"fr-FR","potentialAction":[{"@type":"CommentAction","name":"Comment","target":["https:\/\/lasentinelle.dz\/index.php\/2023\/02\/25\/ligue-des-champions-de-la-caf-la-jsk-et-le-crb-trebuchent\/#respond"]}]},{"@type":"WebPage","@id":"https:\/\/lasentinelle.dz\/index.php\/2023\/02\/25\/ligue-des-champions-de-la-caf-la-jsk-et-le-crb-trebuchent\/","url":"https:\/\/lasentinelle.dz\/index.php\/2023\/02\/25\/ligue-des-champions-de-la-caf-la-jsk-et-le-crb-trebuchent\/","name":"Ligue des champions de la CAF\u00a0: La JSK et le CRB tr\u00e9buchent - La Sentinelle","isPartOf":{"@id":"https:\/\/lasentinelle.dz\/#website"},"primaryImageOfPage":{"@id":"https:\/\/lasentinelle.dz\/index.php\/2023\/02\/25\/ligue-des-champions-de-la-caf-la-jsk-et-le-crb-trebuchent\/#primaryimage"},"image":{"@id":"https:\/\/lasentinelle.dz\/index.php\/2023\/02\/25\/ligue-des-champions-de-la-caf-la-jsk-et-le-crb-trebuchent\/#primaryimage"},"thumbnailUrl":"https:\/\/lasentinelle.dz\/wp-content\/uploads\/2023\/02\/CRB-3.png","datePublished":"2023-02-25T21:08:00+00:00","breadcrumb":{"@id":"https:\/\/lasentinelle.dz\/index.php\/2023\/02\/25\/ligue-des-champions-de-la-caf-la-jsk-et-le-crb-trebuchent\/#breadcrumb"},"inLanguage":"fr-FR","potentialAction":[{"@type":"ReadAction","target":["https:\/\/lasentinelle.dz\/index.php\/2023\/02\/25\/ligue-des-champions-de-la-caf-la-jsk-et-le-crb-trebuchent\/"]}]},{"@type":"ImageObject","inLanguage":"fr-FR","@id":"https:\/\/lasentinelle.dz\/index.php\/2023\/02\/25\/ligue-des-champions-de-la-caf-la-jsk-et-le-crb-trebuchent\/#primaryimage","url":"https:\/\/lasentinelle.dz\/wp-content\/uploads\/2023\/02\/CRB-3.png","contentUrl":"https:\/\/lasentinelle.dz\/wp-content\/uploads\/2023\/02\/CRB-3.png","width":900,"height":675},{"@type":"BreadcrumbList","@id":"https:\/\/lasentinelle.dz\/index.php\/2023\/02\/25\/ligue-des-champions-de-la-caf-la-jsk-et-le-crb-trebuchent\/#breadcrumb","itemListElement":[{"@type":"ListItem","position":1,"name":"Accueil","item":"https:\/\/lasentinelle.dz\/"},{"@type":"ListItem","position":2,"name":"Ligue des champions de la CAF\u00a0: La JSK et le CRB tr\u00e9buchent"}]},{"@type":"WebSite","@id":"https:\/\/lasentinelle.dz\/#website","url":"https:\/\/lasentinelle.dz\/","name":"La Sentinelle","description":"Quotidien national d&#039;information","publisher":{"@id":"https:\/\/lasentinelle.dz\/#organization"},"potentialAction":[{"@type":"SearchAction","target":{"@type":"EntryPoint","urlTemplate":"https:\/\/lasentinelle.dz\/?s={search_term_string}"},"query-input":{"@type":"PropertyValueSpecification","valueRequired":true,"valueName":"search_term_string"}}],"inLanguage":"fr-FR"},{"@type":"Organization","@id":"https:\/\/lasentinelle.dz\/#organization","name":"Quotidien La Sentinelle","url":"https:\/\/lasentinelle.dz\/","logo":{"@type":"ImageObject","inLanguage":"fr-FR","@id":"https:\/\/lasentinelle.dz\/#\/schema\/logo\/image\/","url":"https:\/\/lasentinelle.dz\/wp-content\/uploads\/2021\/09\/logo-sentinelleSLOGAN-1.png","contentUrl":"https:\/\/lasentinelle.dz\/wp-content\/uploads\/2021\/09\/logo-sentinelleSLOGAN-1.png","width":615,"height":142,"caption":"Quotidien La Sentinelle"},"image":{"@id":"https:\/\/lasentinelle.dz\/#\/schema\/logo\/image\/"},"sameAs":["https:\/\/www.facebook.com\/La-Sentinelle-104059864394773"]},{"@type":"Person","@id":"https:\/\/lasentinelle.dz\/#\/schema\/person\/d865044e22e70a75174ce8bcad3acfb3","name":"La Sentinelle","image":{"@type":"ImageObject","inLanguage":"fr-FR","@id":"https:\/\/secure.gravatar.com\/avatar\/57de8e5d4b15d43fb361a71fbb36338450fe67865b528a43dd10ef7c51a20392?s=96&d=mm&r=g","url":"https:\/\/secure.gravatar.com\/avatar\/57de8e5d4b15d43fb361a71fbb36338450fe67865b528a43dd10ef7c51a20392?s=96&d=mm&r=g","contentUrl":"https:\/\/secure.gravatar.com\/avatar\/57de8e5d4b15d43fb361a71fbb36338450fe67865b528a43dd10ef7c51a20392?s=96&d=mm&r=g","caption":"La Sentinelle"},"sameAs":["http:\/\/www.lasentinelle.dz"],"url":"https:\/\/lasentinelle.dz\/author\/redaction\/"}]}},"_links":{"self":[{"href":"https:\/\/lasentinelle.dz\/index.php\/wp-json\/wp\/v2\/posts\/36787","targetHints":{"allow":["GET"]}}],"collection":[{"href":"https:\/\/lasentinelle.dz\/index.php\/wp-json\/wp\/v2\/posts"}],"about":[{"href":"https:\/\/lasentinelle.dz\/index.php\/wp-json\/wp\/v2\/types\/post"}],"author":[{"embeddable":true,"href":"https:\/\/lasentinelle.dz\/index.php\/wp-json\/wp\/v2\/users\/3"}],"replies":[{"embeddable":true,"href":"https:\/\/lasentinelle.dz\/index.php\/wp-json\/wp\/v2\/comments?post=36787"}],"version-history":[{"count":1,"href":"https:\/\/lasentinelle.dz\/index.php\/wp-json\/wp\/v2\/posts\/36787\/revisions"}],"predecessor-version":[{"id":36799,"href":"https:\/\/lasentinelle.dz\/index.php\/wp-json\/wp\/v2\/posts\/36787\/revisions\/36799"}],"wp:featuredmedia":[{"embeddable":true,"href":"https:\/\/lasentinelle.dz\/index.php\/wp-json\/wp\/v2\/media\/36798"}],"wp:attachment":[{"href":"https:\/\/lasentinelle.dz\/index.php\/wp-json\/wp\/v2\/media?parent=36787"}],"wp:term":[{"taxonomy":"category","embeddable":true,"href":"https:\/\/lasentinelle.dz\/index.php\/wp-json\/wp\/v2\/categories?post=36787"},{"taxonomy":"post_tag","embeddable":true,"href":"https:\/\/lasentinelle.dz\/index.php\/wp-json\/wp\/v2\/tags?post=36787"}],"curies":[{"name":"wp","href":"https:\/\/api.w.org\/{rel}","templated":true}]}}