{"id":36789,"date":"2023-02-25T22:00:00","date_gmt":"2023-02-25T21:00:00","guid":{"rendered":"https:\/\/lasentinelle.dz\/?p=36789"},"modified":"2023-02-25T18:02:17","modified_gmt":"2023-02-25T17:02:17","slug":"ligue-1-18e-journee-le-csc-et-le-pac-tenus-en-echec","status":"publish","type":"post","link":"https:\/\/lasentinelle.dz\/index.php\/2023\/02\/25\/ligue-1-18e-journee-le-csc-et-le-pac-tenus-en-echec\/","title":{"rendered":"Ligue 1 (18e journ\u00e9e)\u00a0: Le CSC et le PAC tenus en \u00e9chec"},"content":{"rendered":"\n<p>Le CS Constantine, deuxi\u00e8me du championnat national de Ligue 1 Mobilis (31 pts), a rat\u00e9 l\u2019opportunit\u00e9 de r\u00e9duire l\u2019\u00e9cart qui le s\u00e9pare du CR Belouizdad, leader avec 37 points, apr\u00e8s s\u2019\u00eatre content\u00e9 d\u2019un point ramen\u00e9 de son d\u00e9placement chez lanterne rouge, le HB Chelghoum La\u00efd (1-1), ce vendredi, \u00e0 l\u2019occasion de la premi\u00e8re partie de la 18e journ\u00e9e<\/p>\n\n\n\n<p>Principal concurrent du CR Belouizdad pour le titre, le CSC (2e\/31 points) semblait largement favori contre le HBCL, dont le seul point r\u00e9colt\u00e9 jusqu&rsquo;ici remontait au 3 septembre 2022 (0-0 contre l&rsquo;ASO Chlef).Finalement, rien ne s&rsquo;est pass\u00e9 comme pr\u00e9vu, car non seulement les Sanafir ont d\u00fb attendre la toute fin de match pour ouvrir la marque, gr\u00e2ce \u00e0 Madani sur un p\u00e9nalty \u00e0 la 72e, mais ils se sont vite faits rejoindre au score moins de huit minutes plus tard en conc\u00e9dant l&rsquo;\u00e9galisation devant Bekhouche (80e).Un but ayant litt\u00e9ralement sci\u00e9 les jambes des Constantinois, car m\u00eame s&rsquo;il restait un bon quart d&rsquo;heure \u00e0 jouer (temps additionnel inclus), ils ont \u00e9t\u00e9 incapables de reprendre l&rsquo;avantage. Une bien mauvaise affaire pour le CSC, qui conforte son capital par un seul point, alors que l&rsquo;actuel leader, le CR Belouizdad, reste seul en t\u00eate avec 37 unit\u00e9s tout en ayant deux matchs en moins par rapport aux CSC.<\/p>\n\n\n\n<p>Idem pour le Paradou AC, qui a \u00e9t\u00e9 tenu en \u00e9chec par l&rsquo;ASO Chlef sur son propre terrain, et qui a \u00e9t\u00e9 contraint au partage les points du match qui s\u2019est sold\u00e9 par un score nul (2-2), face \u00e0 un adversaire \u00e9tait en large inf\u00e9riorit\u00e9 num\u00e9rique vu que l\u2019ASO r\u00e9duit \u00e0 huit et qui ont r\u00e9ussi \u00e0 imposer le nul en marquant le derniers but de l\u2019\u00e9galisation alors que le tableau d&rsquo;affichage indiquait la 90&rsquo;+14.En effet, l&rsquo;arbitre de la rencontre, M. Touabti, a \u00e9t\u00e9 contraint de brandir trois cartons rouges contre les Ch\u00e9lifiens.<\/p>\n\n\n\n<p>Les Ch\u00e9lifiens ont r\u00e9ussi \u00e0 d\u00e9bloquer la situation, peu apr\u00e8s l\u2019heure de jeu, gr\u00e2ce \u00e0 Souibaah (65\u2019), d\u2019une tr\u00e8s belle frappe log\u00e9e en pleine lucarne, avant de voir les Acad\u00e9miciens recoller \u00e0 la marque \u00e0 la 86e minute par l\u2019entremise de Zerrouki.Dans le temps additionnel, le PAC a renvers\u00e9 la vapeur par Douar (90&rsquo;+8), avant d\u2019assister \u00e0 l\u2019\u00e9galiser des visiteurs gr\u00e2ce \u00e0 Addadi (90\u2019+14).Ce r\u00e9sultat fait beaucoup plus les affaires des Ch\u00e9lifiens qui confortent leur 12e place (21 pts), tandis que le PAC, premier non rel\u00e9gable (14e \u2013 17 pts), a limit\u00e9 les d\u00e9g\u00e2ts. Notons que les matchs JS Kabylie &#8211; USM Alger et MC Oran &#8211; CR Belouizdad, ils sont report\u00e9s \u00e0 une date ult\u00e9rieure en raison de l\u2019engagement du CRB, de la JSK et de l\u2019USMA dans les diff\u00e9rentes comp\u00e9titions continentales.<\/p>\n\n\n\n<p>R.S.<\/p>\n","protected":false},"excerpt":{"rendered":"<p>Le CS Constantine, deuxi\u00e8me du championnat national de Ligue 1 Mobilis (31 pts), a rat\u00e9 l\u2019opportunit\u00e9 de r\u00e9duire l\u2019\u00e9cart qui<\/p>\n","protected":false},"author":3,"featured_media":36802,"comment_status":"open","ping_status":"closed","sticky":false,"template":"","format":"standard","meta":{"colormag_page_container_layout":"default_layout","colormag_page_sidebar_layout":"default_layout","om_disable_all_campaigns":false,"_monsterinsights_skip_tracking":false,"_monsterinsights_sitenote_active":false,"_monsterinsights_sitenote_note":"","_monsterinsights_sitenote_category":0,"footnotes":"","_wpscppro_dont_share_socialmedia":false,"_wpscppro_custom_social_share_image":0,"_facebook_share_type":"","_twitter_share_type":"","_linkedin_share_type":"","_pinterest_share_type":"","_linkedin_share_type_page":"","_instagram_share_type":"","_medium_share_type":"","_threads_share_type":"","_google_business_share_type":"","_selected_social_profile":[],"_wpsp_enable_custom_social_template":false,"_wpsp_social_scheduling":{"enabled":false,"datetime":null,"platforms":[],"status":"template_only","dateOption":"today","timeOption":"now","customDays":"","customHours":"","customDate":"","customTime":"","schedulingType":"absolute"},"_wpsp_active_default_template":true},"categories":[33],"tags":[],"class_list":["post-36789","post","type-post","status-publish","format-standard","has-post-thumbnail","hentry","category-sports"],"aioseo_notices":[],"yoast_head":"<!-- This site is optimized with the Yoast SEO plugin v27.5 - https:\/\/yoast.com\/product\/yoast-seo-wordpress\/ -->\n<title>Ligue 1 (18e journ\u00e9e)\u00a0: Le CSC et le PAC tenus en \u00e9chec - La Sentinelle<\/title>\n<meta name=\"robots\" content=\"index, follow, max-snippet:-1, max-image-preview:large, max-video-preview:-1\" \/>\n<link rel=\"canonical\" href=\"https:\/\/lasentinelle.dz\/index.php\/2023\/02\/25\/ligue-1-18e-journee-le-csc-et-le-pac-tenus-en-echec\/\" \/>\n<meta property=\"og:locale\" content=\"fr_FR\" \/>\n<meta property=\"og:type\" content=\"article\" \/>\n<meta property=\"og:title\" content=\"Ligue 1 (18e journ\u00e9e)\u00a0: Le CSC et le PAC tenus en \u00e9chec - La Sentinelle\" \/>\n<meta property=\"og:description\" content=\"Le CS Constantine, deuxi\u00e8me du championnat national de Ligue 1 Mobilis (31 pts), a rat\u00e9 l\u2019opportunit\u00e9 de r\u00e9duire l\u2019\u00e9cart qui\" \/>\n<meta property=\"og:url\" content=\"https:\/\/lasentinelle.dz\/index.php\/2023\/02\/25\/ligue-1-18e-journee-le-csc-et-le-pac-tenus-en-echec\/\" \/>\n<meta property=\"og:site_name\" content=\"La Sentinelle\" \/>\n<meta property=\"article:publisher\" content=\"https:\/\/www.facebook.com\/La-Sentinelle-104059864394773\" \/>\n<meta property=\"article:published_time\" content=\"2023-02-25T21:00:00+00:00\" \/>\n<meta property=\"og:image\" content=\"https:\/\/lasentinelle.dz\/wp-content\/uploads\/2023\/02\/CSC.jpeg\" \/>\n\t<meta property=\"og:image:width\" content=\"1467\" \/>\n\t<meta property=\"og:image:height\" content=\"978\" \/>\n\t<meta property=\"og:image:type\" content=\"image\/jpeg\" \/>\n<meta name=\"author\" content=\"La Sentinelle\" \/>\n<meta name=\"twitter:card\" content=\"summary_large_image\" \/>\n<meta name=\"twitter:label1\" content=\"\u00c9crit par\" \/>\n\t<meta name=\"twitter:data1\" content=\"La Sentinelle\" \/>\n\t<meta name=\"twitter:label2\" content=\"Dur\u00e9e de lecture estim\u00e9e\" \/>\n\t<meta name=\"twitter:data2\" content=\"3 minutes\" \/>\n<script type=\"application\/ld+json\" class=\"yoast-schema-graph\">{\"@context\":\"https:\\\/\\\/schema.org\",\"@graph\":[{\"@type\":\"Article\",\"@id\":\"https:\\\/\\\/lasentinelle.dz\\\/index.php\\\/2023\\\/02\\\/25\\\/ligue-1-18e-journee-le-csc-et-le-pac-tenus-en-echec\\\/#article\",\"isPartOf\":{\"@id\":\"https:\\\/\\\/lasentinelle.dz\\\/index.php\\\/2023\\\/02\\\/25\\\/ligue-1-18e-journee-le-csc-et-le-pac-tenus-en-echec\\\/\"},\"author\":{\"name\":\"La Sentinelle\",\"@id\":\"https:\\\/\\\/lasentinelle.dz\\\/#\\\/schema\\\/person\\\/d865044e22e70a75174ce8bcad3acfb3\"},\"headline\":\"Ligue 1 (18e journ\u00e9e)\u00a0: Le CSC et le PAC tenus en \u00e9chec\",\"datePublished\":\"2023-02-25T21:00:00+00:00\",\"mainEntityOfPage\":{\"@id\":\"https:\\\/\\\/lasentinelle.dz\\\/index.php\\\/2023\\\/02\\\/25\\\/ligue-1-18e-journee-le-csc-et-le-pac-tenus-en-echec\\\/\"},\"wordCount\":496,\"commentCount\":0,\"publisher\":{\"@id\":\"https:\\\/\\\/lasentinelle.dz\\\/#organization\"},\"image\":{\"@id\":\"https:\\\/\\\/lasentinelle.dz\\\/index.php\\\/2023\\\/02\\\/25\\\/ligue-1-18e-journee-le-csc-et-le-pac-tenus-en-echec\\\/#primaryimage\"},\"thumbnailUrl\":\"https:\\\/\\\/lasentinelle.dz\\\/wp-content\\\/uploads\\\/2023\\\/02\\\/CSC.jpeg\",\"articleSection\":[\"Sports\"],\"inLanguage\":\"fr-FR\",\"potentialAction\":[{\"@type\":\"CommentAction\",\"name\":\"Comment\",\"target\":[\"https:\\\/\\\/lasentinelle.dz\\\/index.php\\\/2023\\\/02\\\/25\\\/ligue-1-18e-journee-le-csc-et-le-pac-tenus-en-echec\\\/#respond\"]}]},{\"@type\":\"WebPage\",\"@id\":\"https:\\\/\\\/lasentinelle.dz\\\/index.php\\\/2023\\\/02\\\/25\\\/ligue-1-18e-journee-le-csc-et-le-pac-tenus-en-echec\\\/\",\"url\":\"https:\\\/\\\/lasentinelle.dz\\\/index.php\\\/2023\\\/02\\\/25\\\/ligue-1-18e-journee-le-csc-et-le-pac-tenus-en-echec\\\/\",\"name\":\"Ligue 1 (18e journ\u00e9e)\u00a0: Le CSC et le PAC tenus en \u00e9chec - La Sentinelle\",\"isPartOf\":{\"@id\":\"https:\\\/\\\/lasentinelle.dz\\\/#website\"},\"primaryImageOfPage\":{\"@id\":\"https:\\\/\\\/lasentinelle.dz\\\/index.php\\\/2023\\\/02\\\/25\\\/ligue-1-18e-journee-le-csc-et-le-pac-tenus-en-echec\\\/#primaryimage\"},\"image\":{\"@id\":\"https:\\\/\\\/lasentinelle.dz\\\/index.php\\\/2023\\\/02\\\/25\\\/ligue-1-18e-journee-le-csc-et-le-pac-tenus-en-echec\\\/#primaryimage\"},\"thumbnailUrl\":\"https:\\\/\\\/lasentinelle.dz\\\/wp-content\\\/uploads\\\/2023\\\/02\\\/CSC.jpeg\",\"datePublished\":\"2023-02-25T21:00:00+00:00\",\"breadcrumb\":{\"@id\":\"https:\\\/\\\/lasentinelle.dz\\\/index.php\\\/2023\\\/02\\\/25\\\/ligue-1-18e-journee-le-csc-et-le-pac-tenus-en-echec\\\/#breadcrumb\"},\"inLanguage\":\"fr-FR\",\"potentialAction\":[{\"@type\":\"ReadAction\",\"target\":[\"https:\\\/\\\/lasentinelle.dz\\\/index.php\\\/2023\\\/02\\\/25\\\/ligue-1-18e-journee-le-csc-et-le-pac-tenus-en-echec\\\/\"]}]},{\"@type\":\"ImageObject\",\"inLanguage\":\"fr-FR\",\"@id\":\"https:\\\/\\\/lasentinelle.dz\\\/index.php\\\/2023\\\/02\\\/25\\\/ligue-1-18e-journee-le-csc-et-le-pac-tenus-en-echec\\\/#primaryimage\",\"url\":\"https:\\\/\\\/lasentinelle.dz\\\/wp-content\\\/uploads\\\/2023\\\/02\\\/CSC.jpeg\",\"contentUrl\":\"https:\\\/\\\/lasentinelle.dz\\\/wp-content\\\/uploads\\\/2023\\\/02\\\/CSC.jpeg\",\"width\":1467,\"height\":978},{\"@type\":\"BreadcrumbList\",\"@id\":\"https:\\\/\\\/lasentinelle.dz\\\/index.php\\\/2023\\\/02\\\/25\\\/ligue-1-18e-journee-le-csc-et-le-pac-tenus-en-echec\\\/#breadcrumb\",\"itemListElement\":[{\"@type\":\"ListItem\",\"position\":1,\"name\":\"Accueil\",\"item\":\"https:\\\/\\\/lasentinelle.dz\\\/\"},{\"@type\":\"ListItem\",\"position\":2,\"name\":\"Ligue 1 (18e journ\u00e9e)\u00a0: Le CSC et le PAC tenus en \u00e9chec\"}]},{\"@type\":\"WebSite\",\"@id\":\"https:\\\/\\\/lasentinelle.dz\\\/#website\",\"url\":\"https:\\\/\\\/lasentinelle.dz\\\/\",\"name\":\"La Sentinelle\",\"description\":\"Quotidien national d&#039;information\",\"publisher\":{\"@id\":\"https:\\\/\\\/lasentinelle.dz\\\/#organization\"},\"potentialAction\":[{\"@type\":\"SearchAction\",\"target\":{\"@type\":\"EntryPoint\",\"urlTemplate\":\"https:\\\/\\\/lasentinelle.dz\\\/?s={search_term_string}\"},\"query-input\":{\"@type\":\"PropertyValueSpecification\",\"valueRequired\":true,\"valueName\":\"search_term_string\"}}],\"inLanguage\":\"fr-FR\"},{\"@type\":\"Organization\",\"@id\":\"https:\\\/\\\/lasentinelle.dz\\\/#organization\",\"name\":\"Quotidien La Sentinelle\",\"url\":\"https:\\\/\\\/lasentinelle.dz\\\/\",\"logo\":{\"@type\":\"ImageObject\",\"inLanguage\":\"fr-FR\",\"@id\":\"https:\\\/\\\/lasentinelle.dz\\\/#\\\/schema\\\/logo\\\/image\\\/\",\"url\":\"https:\\\/\\\/lasentinelle.dz\\\/wp-content\\\/uploads\\\/2021\\\/09\\\/logo-sentinelleSLOGAN-1.png\",\"contentUrl\":\"https:\\\/\\\/lasentinelle.dz\\\/wp-content\\\/uploads\\\/2021\\\/09\\\/logo-sentinelleSLOGAN-1.png\",\"width\":615,\"height\":142,\"caption\":\"Quotidien La Sentinelle\"},\"image\":{\"@id\":\"https:\\\/\\\/lasentinelle.dz\\\/#\\\/schema\\\/logo\\\/image\\\/\"},\"sameAs\":[\"https:\\\/\\\/www.facebook.com\\\/La-Sentinelle-104059864394773\"]},{\"@type\":\"Person\",\"@id\":\"https:\\\/\\\/lasentinelle.dz\\\/#\\\/schema\\\/person\\\/d865044e22e70a75174ce8bcad3acfb3\",\"name\":\"La Sentinelle\",\"image\":{\"@type\":\"ImageObject\",\"inLanguage\":\"fr-FR\",\"@id\":\"https:\\\/\\\/secure.gravatar.com\\\/avatar\\\/57de8e5d4b15d43fb361a71fbb36338450fe67865b528a43dd10ef7c51a20392?s=96&d=mm&r=g\",\"url\":\"https:\\\/\\\/secure.gravatar.com\\\/avatar\\\/57de8e5d4b15d43fb361a71fbb36338450fe67865b528a43dd10ef7c51a20392?s=96&d=mm&r=g\",\"contentUrl\":\"https:\\\/\\\/secure.gravatar.com\\\/avatar\\\/57de8e5d4b15d43fb361a71fbb36338450fe67865b528a43dd10ef7c51a20392?s=96&d=mm&r=g\",\"caption\":\"La Sentinelle\"},\"sameAs\":[\"http:\\\/\\\/www.lasentinelle.dz\"],\"url\":\"https:\\\/\\\/lasentinelle.dz\\\/author\\\/redaction\\\/\"}]}<\/script>\n<!-- \/ Yoast SEO plugin. -->","yoast_head_json":{"title":"Ligue 1 (18e journ\u00e9e)\u00a0: Le CSC et le PAC tenus en \u00e9chec - La Sentinelle","robots":{"index":"index","follow":"follow","max-snippet":"max-snippet:-1","max-image-preview":"max-image-preview:large","max-video-preview":"max-video-preview:-1"},"canonical":"https:\/\/lasentinelle.dz\/index.php\/2023\/02\/25\/ligue-1-18e-journee-le-csc-et-le-pac-tenus-en-echec\/","og_locale":"fr_FR","og_type":"article","og_title":"Ligue 1 (18e journ\u00e9e)\u00a0: Le CSC et le PAC tenus en \u00e9chec - La Sentinelle","og_description":"Le CS Constantine, deuxi\u00e8me du championnat national de Ligue 1 Mobilis (31 pts), a rat\u00e9 l\u2019opportunit\u00e9 de r\u00e9duire l\u2019\u00e9cart qui","og_url":"https:\/\/lasentinelle.dz\/index.php\/2023\/02\/25\/ligue-1-18e-journee-le-csc-et-le-pac-tenus-en-echec\/","og_site_name":"La Sentinelle","article_publisher":"https:\/\/www.facebook.com\/La-Sentinelle-104059864394773","article_published_time":"2023-02-25T21:00:00+00:00","og_image":[{"width":1467,"height":978,"url":"https:\/\/lasentinelle.dz\/wp-content\/uploads\/2023\/02\/CSC.jpeg","type":"image\/jpeg"}],"author":"La Sentinelle","twitter_card":"summary_large_image","twitter_misc":{"\u00c9crit par":"La Sentinelle","Dur\u00e9e de lecture estim\u00e9e":"3 minutes"},"schema":{"@context":"https:\/\/schema.org","@graph":[{"@type":"Article","@id":"https:\/\/lasentinelle.dz\/index.php\/2023\/02\/25\/ligue-1-18e-journee-le-csc-et-le-pac-tenus-en-echec\/#article","isPartOf":{"@id":"https:\/\/lasentinelle.dz\/index.php\/2023\/02\/25\/ligue-1-18e-journee-le-csc-et-le-pac-tenus-en-echec\/"},"author":{"name":"La Sentinelle","@id":"https:\/\/lasentinelle.dz\/#\/schema\/person\/d865044e22e70a75174ce8bcad3acfb3"},"headline":"Ligue 1 (18e journ\u00e9e)\u00a0: Le CSC et le PAC tenus en \u00e9chec","datePublished":"2023-02-25T21:00:00+00:00","mainEntityOfPage":{"@id":"https:\/\/lasentinelle.dz\/index.php\/2023\/02\/25\/ligue-1-18e-journee-le-csc-et-le-pac-tenus-en-echec\/"},"wordCount":496,"commentCount":0,"publisher":{"@id":"https:\/\/lasentinelle.dz\/#organization"},"image":{"@id":"https:\/\/lasentinelle.dz\/index.php\/2023\/02\/25\/ligue-1-18e-journee-le-csc-et-le-pac-tenus-en-echec\/#primaryimage"},"thumbnailUrl":"https:\/\/lasentinelle.dz\/wp-content\/uploads\/2023\/02\/CSC.jpeg","articleSection":["Sports"],"inLanguage":"fr-FR","potentialAction":[{"@type":"CommentAction","name":"Comment","target":["https:\/\/lasentinelle.dz\/index.php\/2023\/02\/25\/ligue-1-18e-journee-le-csc-et-le-pac-tenus-en-echec\/#respond"]}]},{"@type":"WebPage","@id":"https:\/\/lasentinelle.dz\/index.php\/2023\/02\/25\/ligue-1-18e-journee-le-csc-et-le-pac-tenus-en-echec\/","url":"https:\/\/lasentinelle.dz\/index.php\/2023\/02\/25\/ligue-1-18e-journee-le-csc-et-le-pac-tenus-en-echec\/","name":"Ligue 1 (18e journ\u00e9e)\u00a0: Le CSC et le PAC tenus en \u00e9chec - La Sentinelle","isPartOf":{"@id":"https:\/\/lasentinelle.dz\/#website"},"primaryImageOfPage":{"@id":"https:\/\/lasentinelle.dz\/index.php\/2023\/02\/25\/ligue-1-18e-journee-le-csc-et-le-pac-tenus-en-echec\/#primaryimage"},"image":{"@id":"https:\/\/lasentinelle.dz\/index.php\/2023\/02\/25\/ligue-1-18e-journee-le-csc-et-le-pac-tenus-en-echec\/#primaryimage"},"thumbnailUrl":"https:\/\/lasentinelle.dz\/wp-content\/uploads\/2023\/02\/CSC.jpeg","datePublished":"2023-02-25T21:00:00+00:00","breadcrumb":{"@id":"https:\/\/lasentinelle.dz\/index.php\/2023\/02\/25\/ligue-1-18e-journee-le-csc-et-le-pac-tenus-en-echec\/#breadcrumb"},"inLanguage":"fr-FR","potentialAction":[{"@type":"ReadAction","target":["https:\/\/lasentinelle.dz\/index.php\/2023\/02\/25\/ligue-1-18e-journee-le-csc-et-le-pac-tenus-en-echec\/"]}]},{"@type":"ImageObject","inLanguage":"fr-FR","@id":"https:\/\/lasentinelle.dz\/index.php\/2023\/02\/25\/ligue-1-18e-journee-le-csc-et-le-pac-tenus-en-echec\/#primaryimage","url":"https:\/\/lasentinelle.dz\/wp-content\/uploads\/2023\/02\/CSC.jpeg","contentUrl":"https:\/\/lasentinelle.dz\/wp-content\/uploads\/2023\/02\/CSC.jpeg","width":1467,"height":978},{"@type":"BreadcrumbList","@id":"https:\/\/lasentinelle.dz\/index.php\/2023\/02\/25\/ligue-1-18e-journee-le-csc-et-le-pac-tenus-en-echec\/#breadcrumb","itemListElement":[{"@type":"ListItem","position":1,"name":"Accueil","item":"https:\/\/lasentinelle.dz\/"},{"@type":"ListItem","position":2,"name":"Ligue 1 (18e journ\u00e9e)\u00a0: Le CSC et le PAC tenus en \u00e9chec"}]},{"@type":"WebSite","@id":"https:\/\/lasentinelle.dz\/#website","url":"https:\/\/lasentinelle.dz\/","name":"La Sentinelle","description":"Quotidien national d&#039;information","publisher":{"@id":"https:\/\/lasentinelle.dz\/#organization"},"potentialAction":[{"@type":"SearchAction","target":{"@type":"EntryPoint","urlTemplate":"https:\/\/lasentinelle.dz\/?s={search_term_string}"},"query-input":{"@type":"PropertyValueSpecification","valueRequired":true,"valueName":"search_term_string"}}],"inLanguage":"fr-FR"},{"@type":"Organization","@id":"https:\/\/lasentinelle.dz\/#organization","name":"Quotidien La Sentinelle","url":"https:\/\/lasentinelle.dz\/","logo":{"@type":"ImageObject","inLanguage":"fr-FR","@id":"https:\/\/lasentinelle.dz\/#\/schema\/logo\/image\/","url":"https:\/\/lasentinelle.dz\/wp-content\/uploads\/2021\/09\/logo-sentinelleSLOGAN-1.png","contentUrl":"https:\/\/lasentinelle.dz\/wp-content\/uploads\/2021\/09\/logo-sentinelleSLOGAN-1.png","width":615,"height":142,"caption":"Quotidien La Sentinelle"},"image":{"@id":"https:\/\/lasentinelle.dz\/#\/schema\/logo\/image\/"},"sameAs":["https:\/\/www.facebook.com\/La-Sentinelle-104059864394773"]},{"@type":"Person","@id":"https:\/\/lasentinelle.dz\/#\/schema\/person\/d865044e22e70a75174ce8bcad3acfb3","name":"La Sentinelle","image":{"@type":"ImageObject","inLanguage":"fr-FR","@id":"https:\/\/secure.gravatar.com\/avatar\/57de8e5d4b15d43fb361a71fbb36338450fe67865b528a43dd10ef7c51a20392?s=96&d=mm&r=g","url":"https:\/\/secure.gravatar.com\/avatar\/57de8e5d4b15d43fb361a71fbb36338450fe67865b528a43dd10ef7c51a20392?s=96&d=mm&r=g","contentUrl":"https:\/\/secure.gravatar.com\/avatar\/57de8e5d4b15d43fb361a71fbb36338450fe67865b528a43dd10ef7c51a20392?s=96&d=mm&r=g","caption":"La Sentinelle"},"sameAs":["http:\/\/www.lasentinelle.dz"],"url":"https:\/\/lasentinelle.dz\/author\/redaction\/"}]}},"_links":{"self":[{"href":"https:\/\/lasentinelle.dz\/index.php\/wp-json\/wp\/v2\/posts\/36789","targetHints":{"allow":["GET"]}}],"collection":[{"href":"https:\/\/lasentinelle.dz\/index.php\/wp-json\/wp\/v2\/posts"}],"about":[{"href":"https:\/\/lasentinelle.dz\/index.php\/wp-json\/wp\/v2\/types\/post"}],"author":[{"embeddable":true,"href":"https:\/\/lasentinelle.dz\/index.php\/wp-json\/wp\/v2\/users\/3"}],"replies":[{"embeddable":true,"href":"https:\/\/lasentinelle.dz\/index.php\/wp-json\/wp\/v2\/comments?post=36789"}],"version-history":[{"count":1,"href":"https:\/\/lasentinelle.dz\/index.php\/wp-json\/wp\/v2\/posts\/36789\/revisions"}],"predecessor-version":[{"id":36803,"href":"https:\/\/lasentinelle.dz\/index.php\/wp-json\/wp\/v2\/posts\/36789\/revisions\/36803"}],"wp:featuredmedia":[{"embeddable":true,"href":"https:\/\/lasentinelle.dz\/index.php\/wp-json\/wp\/v2\/media\/36802"}],"wp:attachment":[{"href":"https:\/\/lasentinelle.dz\/index.php\/wp-json\/wp\/v2\/media?parent=36789"}],"wp:term":[{"taxonomy":"category","embeddable":true,"href":"https:\/\/lasentinelle.dz\/index.php\/wp-json\/wp\/v2\/categories?post=36789"},{"taxonomy":"post_tag","embeddable":true,"href":"https:\/\/lasentinelle.dz\/index.php\/wp-json\/wp\/v2\/tags?post=36789"}],"curies":[{"name":"wp","href":"https:\/\/api.w.org\/{rel}","templated":true}]}}