{"id":36825,"date":"2023-02-25T22:05:00","date_gmt":"2023-02-25T21:05:00","guid":{"rendered":"https:\/\/lasentinelle.dz\/?p=36825"},"modified":"2023-02-25T19:59:02","modified_gmt":"2023-02-25T18:59:02","slug":"il-a-ordonne-lacceleration-de-la-cadence-de-realisation-tebboune-sengage-a-concretiser-les-projets-de-son-programme","status":"publish","type":"post","link":"https:\/\/lasentinelle.dz\/index.php\/2023\/02\/25\/il-a-ordonne-lacceleration-de-la-cadence-de-realisation-tebboune-sengage-a-concretiser-les-projets-de-son-programme\/","title":{"rendered":"Il a ordonn\u00e9 l\u2019acc\u00e9l\u00e9ration de la cadence de r\u00e9alisation\u00a0: Tebboune s\u2019engage \u00e0 concr\u00e9tiser les projets de son programme"},"content":{"rendered":"\n<p>Le pr\u00e9sident de la R\u00e9publique, Abdelmadjid Tebboune, s&rsquo;est engag\u00e9 vendredi soir \u00e0 mettre en \u0153uvre les diff\u00e9rents projets qu&rsquo;il a promis au peuple alg\u00e9rien.<\/p>\n\n\n\n<p>\u00ab\u00a0Je me suis engag\u00e9 \u00e0 r\u00e9aliser tout un programme pour les citoyennes et les citoyens, il doit \u00eatre ex\u00e9cut\u00e9 d&rsquo;une mani\u00e8re ou d&rsquo;une autre\u00a0\u00bb, a assur\u00e9 le Pr\u00e9sident Tebboune lors d\u2019une entrevue avec des repr\u00e9sentants de m\u00e9dias nationaux. Il a rejet\u00e9 par la m\u00eame occasion \u00ab\u00a0tous les justificatifs pour expliquer les retards accus\u00e9s dans la r\u00e9alisation des projets\u00a0\u00bb. Il a dans ce sens indiqu\u00e9 qu\u2019il a exig\u00e9 que la cadence des projets soit acc\u00e9l\u00e9r\u00e9e, notamment en ce qui concerne la r\u00e9alisation des lignes ferroviaires. Il cite ainsi l\u2019exemple la ville de Sidi Abdellah qui \u00e9tait, dira-t-il, \u00ab&nbsp;une terre aride, mais en 4 ans et demi, elle est devenue une ville de 250.000 habitants. Comment se fait-il que les d\u00e9lais de r\u00e9alisation d\u2019une ligne ferroviaire de 700 km puissent s\u2019\u00e9tendre jusqu\u2019en 2030 ?&nbsp;\u00bb.\u00a0\u00bb La r\u00e9alisation d\u2019une ligne ferroviaire de 700 km en 7 ans se fait \u00e0 raison de 200 m\/jour&#8230;Nous avons aussi l&rsquo;exemple de la ligne ferroviaire reliant El Mohammadia \u00e0 Bechar dont la restauration a pris 11 ans, ce qui est inconcevable\u00a0\u00bb, a indiqu\u00e9 le pr\u00e9sident de la R\u00e9publique qui a affirm\u00e9 son rejet de \u00ab\u00a0cette logique\u00a0\u00bb.Le pr\u00e9sident de la R\u00e9publique a soulign\u00e9 que l\u2019Alg\u00e9rie vit aujourd\u2019hui \u00a0\u00bb une r\u00e9volution \u00a0\u00bb en termes de d\u00e9veloppement, n\u00e9cessitant d&rsquo;\u00e9liminer la bureaucratie et d\u2019acc\u00e9l\u00e9rer la cadence de travail \u00e0 travers le recours aux moyens de r\u00e9alisation modernes.\u00a0\u00bbLe rel\u00e2chement de telle ou telle administration ou bureau d&rsquo;\u00e9tudes est d\u00e9sormais inadmissible. Nous sommes en passe d&rsquo;op\u00e9rer une r\u00e9volution, il ne s&rsquo;agit pas d&rsquo;une op\u00e9ration ordinaire. Ce qui \u00e9tait r\u00e9alis\u00e9 avant en une ann\u00e9e doit d\u00e9sormais se faire en deux ou trois mois, dans le respect de toutes les normes en vigueur\u00a0\u00bb, a-t-il averti.Pour ce faire, pr\u00e9cise le Pr\u00e9sident Tebboune, \u00ab\u00a0il faut adopter le syst\u00e8me des 3&#215;8 et bannir tout rel\u00e2chement dans l&rsquo;ex\u00e9cution des travaux\u00a0\u00bb.Le Pr\u00e9sident de la R\u00e9publique a ordonn\u00e9 la conclusion d&rsquo;accords avec des pays ayant une exp\u00e9rience av\u00e9r\u00e9e en la mati\u00e8re et le renforcement de l&rsquo;exp\u00e9rience de l&rsquo;Agence nationale d&rsquo;\u00e9tudes et de suivi de la r\u00e9alisation des investissements ferroviaires (ANESRIF), soulignant l&rsquo;imp\u00e9ratif pour les responsables de faire preuve de d\u00e9termination pour mener \u00e0 bien cette d\u00e9marche.Concernant le d\u00e9veloppement des grands projets industriels structurants du secteur de l&rsquo;Energie et des Mines, le pr\u00e9sident de la R\u00e9publique avait exprim\u00e9, lors du dernier Conseil des ministres, son rejet de tous les d\u00e9lais \u00e0 long terme pour la r\u00e9alisation de lignes ferroviaires devant relier Annaba \u00e0 la mine de Bled El Hadba et B\u00e9char \u00e0 celle de Gara Djebilet en passant par Tindouf, ordonnant leur r\u00e9duction imm\u00e9diate.<\/p>\n\n\n\n<p><strong>R.N.<\/strong><\/p>\n","protected":false},"excerpt":{"rendered":"<p>Le pr\u00e9sident de la R\u00e9publique, Abdelmadjid Tebboune, s&rsquo;est engag\u00e9 vendredi soir \u00e0 mettre en \u0153uvre les diff\u00e9rents projets qu&rsquo;il a<\/p>\n","protected":false},"author":3,"featured_media":36832,"comment_status":"open","ping_status":"closed","sticky":false,"template":"","format":"standard","meta":{"colormag_page_container_layout":"default_layout","colormag_page_sidebar_layout":"default_layout","om_disable_all_campaigns":false,"_monsterinsights_skip_tracking":false,"_monsterinsights_sitenote_active":false,"_monsterinsights_sitenote_note":"","_monsterinsights_sitenote_category":0,"footnotes":"","_wpscppro_dont_share_socialmedia":false,"_wpscppro_custom_social_share_image":0,"_facebook_share_type":"","_twitter_share_type":"","_linkedin_share_type":"","_pinterest_share_type":"","_linkedin_share_type_page":"","_instagram_share_type":"","_medium_share_type":"","_threads_share_type":"","_google_business_share_type":"","_selected_social_profile":[],"_wpsp_enable_custom_social_template":false,"_wpsp_social_scheduling":{"enabled":false,"datetime":null,"platforms":[],"status":"template_only","dateOption":"today","timeOption":"now","customDays":"","customHours":"","customDate":"","customTime":"","schedulingType":"absolute"},"_wpsp_active_default_template":true},"categories":[27],"tags":[],"class_list":["post-36825","post","type-post","status-publish","format-standard","has-post-thumbnail","hentry","category-actualite"],"aioseo_notices":[],"yoast_head":"<!-- This site is optimized with the Yoast SEO plugin v27.5 - https:\/\/yoast.com\/product\/yoast-seo-wordpress\/ -->\n<title>Il a ordonn\u00e9 l\u2019acc\u00e9l\u00e9ration de la cadence de r\u00e9alisation\u00a0: Tebboune s\u2019engage \u00e0 concr\u00e9tiser les projets de son programme - La Sentinelle<\/title>\n<meta name=\"robots\" content=\"index, follow, max-snippet:-1, max-image-preview:large, max-video-preview:-1\" \/>\n<link rel=\"canonical\" href=\"https:\/\/lasentinelle.dz\/index.php\/2023\/02\/25\/il-a-ordonne-lacceleration-de-la-cadence-de-realisation-tebboune-sengage-a-concretiser-les-projets-de-son-programme\/\" \/>\n<meta property=\"og:locale\" content=\"fr_FR\" \/>\n<meta property=\"og:type\" content=\"article\" \/>\n<meta property=\"og:title\" content=\"Il a ordonn\u00e9 l\u2019acc\u00e9l\u00e9ration de la cadence de r\u00e9alisation\u00a0: Tebboune s\u2019engage \u00e0 concr\u00e9tiser les projets de son programme - La Sentinelle\" \/>\n<meta property=\"og:description\" content=\"Le pr\u00e9sident de la R\u00e9publique, Abdelmadjid Tebboune, s&rsquo;est engag\u00e9 vendredi soir \u00e0 mettre en \u0153uvre les diff\u00e9rents projets qu&rsquo;il a\" \/>\n<meta property=\"og:url\" content=\"https:\/\/lasentinelle.dz\/index.php\/2023\/02\/25\/il-a-ordonne-lacceleration-de-la-cadence-de-realisation-tebboune-sengage-a-concretiser-les-projets-de-son-programme\/\" \/>\n<meta property=\"og:site_name\" content=\"La Sentinelle\" \/>\n<meta property=\"article:publisher\" content=\"https:\/\/www.facebook.com\/La-Sentinelle-104059864394773\" \/>\n<meta property=\"article:published_time\" content=\"2023-02-25T21:05:00+00:00\" \/>\n<meta property=\"og:image\" content=\"https:\/\/lasentinelle.dz\/wp-content\/uploads\/2023\/02\/tebboune-2.png\" \/>\n\t<meta property=\"og:image:width\" content=\"1567\" \/>\n\t<meta property=\"og:image:height\" content=\"900\" \/>\n\t<meta property=\"og:image:type\" content=\"image\/png\" \/>\n<meta name=\"author\" content=\"La Sentinelle\" \/>\n<meta name=\"twitter:card\" content=\"summary_large_image\" \/>\n<meta name=\"twitter:label1\" content=\"\u00c9crit par\" \/>\n\t<meta name=\"twitter:data1\" content=\"La Sentinelle\" \/>\n\t<meta name=\"twitter:label2\" content=\"Dur\u00e9e de lecture estim\u00e9e\" \/>\n\t<meta name=\"twitter:data2\" content=\"3 minutes\" \/>\n<script type=\"application\/ld+json\" class=\"yoast-schema-graph\">{\"@context\":\"https:\\\/\\\/schema.org\",\"@graph\":[{\"@type\":\"Article\",\"@id\":\"https:\\\/\\\/lasentinelle.dz\\\/index.php\\\/2023\\\/02\\\/25\\\/il-a-ordonne-lacceleration-de-la-cadence-de-realisation-tebboune-sengage-a-concretiser-les-projets-de-son-programme\\\/#article\",\"isPartOf\":{\"@id\":\"https:\\\/\\\/lasentinelle.dz\\\/index.php\\\/2023\\\/02\\\/25\\\/il-a-ordonne-lacceleration-de-la-cadence-de-realisation-tebboune-sengage-a-concretiser-les-projets-de-son-programme\\\/\"},\"author\":{\"name\":\"La Sentinelle\",\"@id\":\"https:\\\/\\\/lasentinelle.dz\\\/#\\\/schema\\\/person\\\/d865044e22e70a75174ce8bcad3acfb3\"},\"headline\":\"Il a ordonn\u00e9 l\u2019acc\u00e9l\u00e9ration de la cadence de r\u00e9alisation\u00a0: Tebboune s\u2019engage \u00e0 concr\u00e9tiser les projets de son programme\",\"datePublished\":\"2023-02-25T21:05:00+00:00\",\"mainEntityOfPage\":{\"@id\":\"https:\\\/\\\/lasentinelle.dz\\\/index.php\\\/2023\\\/02\\\/25\\\/il-a-ordonne-lacceleration-de-la-cadence-de-realisation-tebboune-sengage-a-concretiser-les-projets-de-son-programme\\\/\"},\"wordCount\":549,\"commentCount\":0,\"publisher\":{\"@id\":\"https:\\\/\\\/lasentinelle.dz\\\/#organization\"},\"image\":{\"@id\":\"https:\\\/\\\/lasentinelle.dz\\\/index.php\\\/2023\\\/02\\\/25\\\/il-a-ordonne-lacceleration-de-la-cadence-de-realisation-tebboune-sengage-a-concretiser-les-projets-de-son-programme\\\/#primaryimage\"},\"thumbnailUrl\":\"https:\\\/\\\/lasentinelle.dz\\\/wp-content\\\/uploads\\\/2023\\\/02\\\/tebboune-2.png\",\"articleSection\":[\"Actualit\u00e9\"],\"inLanguage\":\"fr-FR\",\"potentialAction\":[{\"@type\":\"CommentAction\",\"name\":\"Comment\",\"target\":[\"https:\\\/\\\/lasentinelle.dz\\\/index.php\\\/2023\\\/02\\\/25\\\/il-a-ordonne-lacceleration-de-la-cadence-de-realisation-tebboune-sengage-a-concretiser-les-projets-de-son-programme\\\/#respond\"]}]},{\"@type\":\"WebPage\",\"@id\":\"https:\\\/\\\/lasentinelle.dz\\\/index.php\\\/2023\\\/02\\\/25\\\/il-a-ordonne-lacceleration-de-la-cadence-de-realisation-tebboune-sengage-a-concretiser-les-projets-de-son-programme\\\/\",\"url\":\"https:\\\/\\\/lasentinelle.dz\\\/index.php\\\/2023\\\/02\\\/25\\\/il-a-ordonne-lacceleration-de-la-cadence-de-realisation-tebboune-sengage-a-concretiser-les-projets-de-son-programme\\\/\",\"name\":\"Il a ordonn\u00e9 l\u2019acc\u00e9l\u00e9ration de la cadence de r\u00e9alisation\u00a0: Tebboune s\u2019engage \u00e0 concr\u00e9tiser les projets de son programme - La Sentinelle\",\"isPartOf\":{\"@id\":\"https:\\\/\\\/lasentinelle.dz\\\/#website\"},\"primaryImageOfPage\":{\"@id\":\"https:\\\/\\\/lasentinelle.dz\\\/index.php\\\/2023\\\/02\\\/25\\\/il-a-ordonne-lacceleration-de-la-cadence-de-realisation-tebboune-sengage-a-concretiser-les-projets-de-son-programme\\\/#primaryimage\"},\"image\":{\"@id\":\"https:\\\/\\\/lasentinelle.dz\\\/index.php\\\/2023\\\/02\\\/25\\\/il-a-ordonne-lacceleration-de-la-cadence-de-realisation-tebboune-sengage-a-concretiser-les-projets-de-son-programme\\\/#primaryimage\"},\"thumbnailUrl\":\"https:\\\/\\\/lasentinelle.dz\\\/wp-content\\\/uploads\\\/2023\\\/02\\\/tebboune-2.png\",\"datePublished\":\"2023-02-25T21:05:00+00:00\",\"breadcrumb\":{\"@id\":\"https:\\\/\\\/lasentinelle.dz\\\/index.php\\\/2023\\\/02\\\/25\\\/il-a-ordonne-lacceleration-de-la-cadence-de-realisation-tebboune-sengage-a-concretiser-les-projets-de-son-programme\\\/#breadcrumb\"},\"inLanguage\":\"fr-FR\",\"potentialAction\":[{\"@type\":\"ReadAction\",\"target\":[\"https:\\\/\\\/lasentinelle.dz\\\/index.php\\\/2023\\\/02\\\/25\\\/il-a-ordonne-lacceleration-de-la-cadence-de-realisation-tebboune-sengage-a-concretiser-les-projets-de-son-programme\\\/\"]}]},{\"@type\":\"ImageObject\",\"inLanguage\":\"fr-FR\",\"@id\":\"https:\\\/\\\/lasentinelle.dz\\\/index.php\\\/2023\\\/02\\\/25\\\/il-a-ordonne-lacceleration-de-la-cadence-de-realisation-tebboune-sengage-a-concretiser-les-projets-de-son-programme\\\/#primaryimage\",\"url\":\"https:\\\/\\\/lasentinelle.dz\\\/wp-content\\\/uploads\\\/2023\\\/02\\\/tebboune-2.png\",\"contentUrl\":\"https:\\\/\\\/lasentinelle.dz\\\/wp-content\\\/uploads\\\/2023\\\/02\\\/tebboune-2.png\",\"width\":1567,\"height\":900},{\"@type\":\"BreadcrumbList\",\"@id\":\"https:\\\/\\\/lasentinelle.dz\\\/index.php\\\/2023\\\/02\\\/25\\\/il-a-ordonne-lacceleration-de-la-cadence-de-realisation-tebboune-sengage-a-concretiser-les-projets-de-son-programme\\\/#breadcrumb\",\"itemListElement\":[{\"@type\":\"ListItem\",\"position\":1,\"name\":\"Accueil\",\"item\":\"https:\\\/\\\/lasentinelle.dz\\\/\"},{\"@type\":\"ListItem\",\"position\":2,\"name\":\"Il a ordonn\u00e9 l\u2019acc\u00e9l\u00e9ration de la cadence de r\u00e9alisation\u00a0: Tebboune s\u2019engage \u00e0 concr\u00e9tiser les projets de son programme\"}]},{\"@type\":\"WebSite\",\"@id\":\"https:\\\/\\\/lasentinelle.dz\\\/#website\",\"url\":\"https:\\\/\\\/lasentinelle.dz\\\/\",\"name\":\"La Sentinelle\",\"description\":\"Quotidien national d&#039;information\",\"publisher\":{\"@id\":\"https:\\\/\\\/lasentinelle.dz\\\/#organization\"},\"potentialAction\":[{\"@type\":\"SearchAction\",\"target\":{\"@type\":\"EntryPoint\",\"urlTemplate\":\"https:\\\/\\\/lasentinelle.dz\\\/?s={search_term_string}\"},\"query-input\":{\"@type\":\"PropertyValueSpecification\",\"valueRequired\":true,\"valueName\":\"search_term_string\"}}],\"inLanguage\":\"fr-FR\"},{\"@type\":\"Organization\",\"@id\":\"https:\\\/\\\/lasentinelle.dz\\\/#organization\",\"name\":\"Quotidien La Sentinelle\",\"url\":\"https:\\\/\\\/lasentinelle.dz\\\/\",\"logo\":{\"@type\":\"ImageObject\",\"inLanguage\":\"fr-FR\",\"@id\":\"https:\\\/\\\/lasentinelle.dz\\\/#\\\/schema\\\/logo\\\/image\\\/\",\"url\":\"https:\\\/\\\/lasentinelle.dz\\\/wp-content\\\/uploads\\\/2021\\\/09\\\/logo-sentinelleSLOGAN-1.png\",\"contentUrl\":\"https:\\\/\\\/lasentinelle.dz\\\/wp-content\\\/uploads\\\/2021\\\/09\\\/logo-sentinelleSLOGAN-1.png\",\"width\":615,\"height\":142,\"caption\":\"Quotidien La Sentinelle\"},\"image\":{\"@id\":\"https:\\\/\\\/lasentinelle.dz\\\/#\\\/schema\\\/logo\\\/image\\\/\"},\"sameAs\":[\"https:\\\/\\\/www.facebook.com\\\/La-Sentinelle-104059864394773\"]},{\"@type\":\"Person\",\"@id\":\"https:\\\/\\\/lasentinelle.dz\\\/#\\\/schema\\\/person\\\/d865044e22e70a75174ce8bcad3acfb3\",\"name\":\"La Sentinelle\",\"image\":{\"@type\":\"ImageObject\",\"inLanguage\":\"fr-FR\",\"@id\":\"https:\\\/\\\/secure.gravatar.com\\\/avatar\\\/57de8e5d4b15d43fb361a71fbb36338450fe67865b528a43dd10ef7c51a20392?s=96&d=mm&r=g\",\"url\":\"https:\\\/\\\/secure.gravatar.com\\\/avatar\\\/57de8e5d4b15d43fb361a71fbb36338450fe67865b528a43dd10ef7c51a20392?s=96&d=mm&r=g\",\"contentUrl\":\"https:\\\/\\\/secure.gravatar.com\\\/avatar\\\/57de8e5d4b15d43fb361a71fbb36338450fe67865b528a43dd10ef7c51a20392?s=96&d=mm&r=g\",\"caption\":\"La Sentinelle\"},\"sameAs\":[\"http:\\\/\\\/www.lasentinelle.dz\"],\"url\":\"https:\\\/\\\/lasentinelle.dz\\\/author\\\/redaction\\\/\"}]}<\/script>\n<!-- \/ Yoast SEO plugin. -->","yoast_head_json":{"title":"Il a ordonn\u00e9 l\u2019acc\u00e9l\u00e9ration de la cadence de r\u00e9alisation\u00a0: Tebboune s\u2019engage \u00e0 concr\u00e9tiser les projets de son programme - La Sentinelle","robots":{"index":"index","follow":"follow","max-snippet":"max-snippet:-1","max-image-preview":"max-image-preview:large","max-video-preview":"max-video-preview:-1"},"canonical":"https:\/\/lasentinelle.dz\/index.php\/2023\/02\/25\/il-a-ordonne-lacceleration-de-la-cadence-de-realisation-tebboune-sengage-a-concretiser-les-projets-de-son-programme\/","og_locale":"fr_FR","og_type":"article","og_title":"Il a ordonn\u00e9 l\u2019acc\u00e9l\u00e9ration de la cadence de r\u00e9alisation\u00a0: Tebboune s\u2019engage \u00e0 concr\u00e9tiser les projets de son programme - La Sentinelle","og_description":"Le pr\u00e9sident de la R\u00e9publique, Abdelmadjid Tebboune, s&rsquo;est engag\u00e9 vendredi soir \u00e0 mettre en \u0153uvre les diff\u00e9rents projets qu&rsquo;il a","og_url":"https:\/\/lasentinelle.dz\/index.php\/2023\/02\/25\/il-a-ordonne-lacceleration-de-la-cadence-de-realisation-tebboune-sengage-a-concretiser-les-projets-de-son-programme\/","og_site_name":"La Sentinelle","article_publisher":"https:\/\/www.facebook.com\/La-Sentinelle-104059864394773","article_published_time":"2023-02-25T21:05:00+00:00","og_image":[{"width":1567,"height":900,"url":"https:\/\/lasentinelle.dz\/wp-content\/uploads\/2023\/02\/tebboune-2.png","type":"image\/png"}],"author":"La Sentinelle","twitter_card":"summary_large_image","twitter_misc":{"\u00c9crit par":"La Sentinelle","Dur\u00e9e de lecture estim\u00e9e":"3 minutes"},"schema":{"@context":"https:\/\/schema.org","@graph":[{"@type":"Article","@id":"https:\/\/lasentinelle.dz\/index.php\/2023\/02\/25\/il-a-ordonne-lacceleration-de-la-cadence-de-realisation-tebboune-sengage-a-concretiser-les-projets-de-son-programme\/#article","isPartOf":{"@id":"https:\/\/lasentinelle.dz\/index.php\/2023\/02\/25\/il-a-ordonne-lacceleration-de-la-cadence-de-realisation-tebboune-sengage-a-concretiser-les-projets-de-son-programme\/"},"author":{"name":"La Sentinelle","@id":"https:\/\/lasentinelle.dz\/#\/schema\/person\/d865044e22e70a75174ce8bcad3acfb3"},"headline":"Il a ordonn\u00e9 l\u2019acc\u00e9l\u00e9ration de la cadence de r\u00e9alisation\u00a0: Tebboune s\u2019engage \u00e0 concr\u00e9tiser les projets de son programme","datePublished":"2023-02-25T21:05:00+00:00","mainEntityOfPage":{"@id":"https:\/\/lasentinelle.dz\/index.php\/2023\/02\/25\/il-a-ordonne-lacceleration-de-la-cadence-de-realisation-tebboune-sengage-a-concretiser-les-projets-de-son-programme\/"},"wordCount":549,"commentCount":0,"publisher":{"@id":"https:\/\/lasentinelle.dz\/#organization"},"image":{"@id":"https:\/\/lasentinelle.dz\/index.php\/2023\/02\/25\/il-a-ordonne-lacceleration-de-la-cadence-de-realisation-tebboune-sengage-a-concretiser-les-projets-de-son-programme\/#primaryimage"},"thumbnailUrl":"https:\/\/lasentinelle.dz\/wp-content\/uploads\/2023\/02\/tebboune-2.png","articleSection":["Actualit\u00e9"],"inLanguage":"fr-FR","potentialAction":[{"@type":"CommentAction","name":"Comment","target":["https:\/\/lasentinelle.dz\/index.php\/2023\/02\/25\/il-a-ordonne-lacceleration-de-la-cadence-de-realisation-tebboune-sengage-a-concretiser-les-projets-de-son-programme\/#respond"]}]},{"@type":"WebPage","@id":"https:\/\/lasentinelle.dz\/index.php\/2023\/02\/25\/il-a-ordonne-lacceleration-de-la-cadence-de-realisation-tebboune-sengage-a-concretiser-les-projets-de-son-programme\/","url":"https:\/\/lasentinelle.dz\/index.php\/2023\/02\/25\/il-a-ordonne-lacceleration-de-la-cadence-de-realisation-tebboune-sengage-a-concretiser-les-projets-de-son-programme\/","name":"Il a ordonn\u00e9 l\u2019acc\u00e9l\u00e9ration de la cadence de r\u00e9alisation\u00a0: Tebboune s\u2019engage \u00e0 concr\u00e9tiser les projets de son programme - La Sentinelle","isPartOf":{"@id":"https:\/\/lasentinelle.dz\/#website"},"primaryImageOfPage":{"@id":"https:\/\/lasentinelle.dz\/index.php\/2023\/02\/25\/il-a-ordonne-lacceleration-de-la-cadence-de-realisation-tebboune-sengage-a-concretiser-les-projets-de-son-programme\/#primaryimage"},"image":{"@id":"https:\/\/lasentinelle.dz\/index.php\/2023\/02\/25\/il-a-ordonne-lacceleration-de-la-cadence-de-realisation-tebboune-sengage-a-concretiser-les-projets-de-son-programme\/#primaryimage"},"thumbnailUrl":"https:\/\/lasentinelle.dz\/wp-content\/uploads\/2023\/02\/tebboune-2.png","datePublished":"2023-02-25T21:05:00+00:00","breadcrumb":{"@id":"https:\/\/lasentinelle.dz\/index.php\/2023\/02\/25\/il-a-ordonne-lacceleration-de-la-cadence-de-realisation-tebboune-sengage-a-concretiser-les-projets-de-son-programme\/#breadcrumb"},"inLanguage":"fr-FR","potentialAction":[{"@type":"ReadAction","target":["https:\/\/lasentinelle.dz\/index.php\/2023\/02\/25\/il-a-ordonne-lacceleration-de-la-cadence-de-realisation-tebboune-sengage-a-concretiser-les-projets-de-son-programme\/"]}]},{"@type":"ImageObject","inLanguage":"fr-FR","@id":"https:\/\/lasentinelle.dz\/index.php\/2023\/02\/25\/il-a-ordonne-lacceleration-de-la-cadence-de-realisation-tebboune-sengage-a-concretiser-les-projets-de-son-programme\/#primaryimage","url":"https:\/\/lasentinelle.dz\/wp-content\/uploads\/2023\/02\/tebboune-2.png","contentUrl":"https:\/\/lasentinelle.dz\/wp-content\/uploads\/2023\/02\/tebboune-2.png","width":1567,"height":900},{"@type":"BreadcrumbList","@id":"https:\/\/lasentinelle.dz\/index.php\/2023\/02\/25\/il-a-ordonne-lacceleration-de-la-cadence-de-realisation-tebboune-sengage-a-concretiser-les-projets-de-son-programme\/#breadcrumb","itemListElement":[{"@type":"ListItem","position":1,"name":"Accueil","item":"https:\/\/lasentinelle.dz\/"},{"@type":"ListItem","position":2,"name":"Il a ordonn\u00e9 l\u2019acc\u00e9l\u00e9ration de la cadence de r\u00e9alisation\u00a0: Tebboune s\u2019engage \u00e0 concr\u00e9tiser les projets de son programme"}]},{"@type":"WebSite","@id":"https:\/\/lasentinelle.dz\/#website","url":"https:\/\/lasentinelle.dz\/","name":"La Sentinelle","description":"Quotidien national d&#039;information","publisher":{"@id":"https:\/\/lasentinelle.dz\/#organization"},"potentialAction":[{"@type":"SearchAction","target":{"@type":"EntryPoint","urlTemplate":"https:\/\/lasentinelle.dz\/?s={search_term_string}"},"query-input":{"@type":"PropertyValueSpecification","valueRequired":true,"valueName":"search_term_string"}}],"inLanguage":"fr-FR"},{"@type":"Organization","@id":"https:\/\/lasentinelle.dz\/#organization","name":"Quotidien La Sentinelle","url":"https:\/\/lasentinelle.dz\/","logo":{"@type":"ImageObject","inLanguage":"fr-FR","@id":"https:\/\/lasentinelle.dz\/#\/schema\/logo\/image\/","url":"https:\/\/lasentinelle.dz\/wp-content\/uploads\/2021\/09\/logo-sentinelleSLOGAN-1.png","contentUrl":"https:\/\/lasentinelle.dz\/wp-content\/uploads\/2021\/09\/logo-sentinelleSLOGAN-1.png","width":615,"height":142,"caption":"Quotidien La Sentinelle"},"image":{"@id":"https:\/\/lasentinelle.dz\/#\/schema\/logo\/image\/"},"sameAs":["https:\/\/www.facebook.com\/La-Sentinelle-104059864394773"]},{"@type":"Person","@id":"https:\/\/lasentinelle.dz\/#\/schema\/person\/d865044e22e70a75174ce8bcad3acfb3","name":"La Sentinelle","image":{"@type":"ImageObject","inLanguage":"fr-FR","@id":"https:\/\/secure.gravatar.com\/avatar\/57de8e5d4b15d43fb361a71fbb36338450fe67865b528a43dd10ef7c51a20392?s=96&d=mm&r=g","url":"https:\/\/secure.gravatar.com\/avatar\/57de8e5d4b15d43fb361a71fbb36338450fe67865b528a43dd10ef7c51a20392?s=96&d=mm&r=g","contentUrl":"https:\/\/secure.gravatar.com\/avatar\/57de8e5d4b15d43fb361a71fbb36338450fe67865b528a43dd10ef7c51a20392?s=96&d=mm&r=g","caption":"La Sentinelle"},"sameAs":["http:\/\/www.lasentinelle.dz"],"url":"https:\/\/lasentinelle.dz\/author\/redaction\/"}]}},"_links":{"self":[{"href":"https:\/\/lasentinelle.dz\/index.php\/wp-json\/wp\/v2\/posts\/36825","targetHints":{"allow":["GET"]}}],"collection":[{"href":"https:\/\/lasentinelle.dz\/index.php\/wp-json\/wp\/v2\/posts"}],"about":[{"href":"https:\/\/lasentinelle.dz\/index.php\/wp-json\/wp\/v2\/types\/post"}],"author":[{"embeddable":true,"href":"https:\/\/lasentinelle.dz\/index.php\/wp-json\/wp\/v2\/users\/3"}],"replies":[{"embeddable":true,"href":"https:\/\/lasentinelle.dz\/index.php\/wp-json\/wp\/v2\/comments?post=36825"}],"version-history":[{"count":1,"href":"https:\/\/lasentinelle.dz\/index.php\/wp-json\/wp\/v2\/posts\/36825\/revisions"}],"predecessor-version":[{"id":36834,"href":"https:\/\/lasentinelle.dz\/index.php\/wp-json\/wp\/v2\/posts\/36825\/revisions\/36834"}],"wp:featuredmedia":[{"embeddable":true,"href":"https:\/\/lasentinelle.dz\/index.php\/wp-json\/wp\/v2\/media\/36832"}],"wp:attachment":[{"href":"https:\/\/lasentinelle.dz\/index.php\/wp-json\/wp\/v2\/media?parent=36825"}],"wp:term":[{"taxonomy":"category","embeddable":true,"href":"https:\/\/lasentinelle.dz\/index.php\/wp-json\/wp\/v2\/categories?post=36825"},{"taxonomy":"post_tag","embeddable":true,"href":"https:\/\/lasentinelle.dz\/index.php\/wp-json\/wp\/v2\/tags?post=36825"}],"curies":[{"name":"wp","href":"https:\/\/api.w.org\/{rel}","templated":true}]}}