{"id":36846,"date":"2023-02-26T22:08:00","date_gmt":"2023-02-26T21:08:00","guid":{"rendered":"https:\/\/lasentinelle.dz\/?p=36846"},"modified":"2023-02-26T20:51:40","modified_gmt":"2023-02-26T19:51:40","slug":"guerre-en-ukraine-poutine-pointe-du-doigt-le-role-de-lotan","status":"publish","type":"post","link":"https:\/\/lasentinelle.dz\/index.php\/2023\/02\/26\/guerre-en-ukraine-poutine-pointe-du-doigt-le-role-de-lotan\/","title":{"rendered":"Guerre en Ukraine\u00a0: Poutine pointe du doigt le r\u00f4le de l\u2019Otan"},"content":{"rendered":"\n<p>Le pr\u00e9sident russe Vladimir Poutine a accus\u00e9 l&rsquo;Otan de participer au conflit en Ukraine en fournissant des armes aux forces de Kiev, dans une interview diffus\u00e9e hier.<\/p>\n\n\n\n<p>\u00abIls envoient des dizaines de milliards de dollars d&rsquo;armes \u00e0 l&rsquo;Ukraine. Ceci est vraiment de la participation\u00bb, a-t-il dit dans un entretien avec la cha\u00eene Rossiya-1. \u00abCela signifie qu&rsquo;ils prennent part, quoiqu&rsquo;indirectement, aux crimes du r\u00e9gime de Kiev\u00bb, a estim\u00e9 le pr\u00e9sident russe. Les pays occidentaux, a-t-il encore affirm\u00e9, n&rsquo;ont \u00abqu&rsquo;un seul but : d\u00e9truire l&rsquo;ancienne Union sovi\u00e9tique et sa partie principale, la f\u00e9d\u00e9ration de Russie\u00bb. \u00abCe n&rsquo;est qu&rsquo;\u00e0 ce moment-l\u00e0 qu&rsquo;ils nous accepteront peut-\u00eatre dans la soi-disant famille des peuples civilis\u00e9s, mais seulement s\u00e9par\u00e9ment, chaque partie s\u00e9par\u00e9ment\u00bb, a-t-il ajout\u00e9, parlant en marge d&rsquo;un concert patriotique jeudi dernier, \u00e0 la veille du premier anniversaire de l&rsquo;offensive russe en Ukraine.Dans cette interview, le pr\u00e9sident russe a \u00e9galement r\u00e9it\u00e9r\u00e9 son appel \u00e0 la cr\u00e9ation d&rsquo;un monde multipolaire. \u00abContre quoi sommes-nous? Contre le fait que ce nouveau monde qui surgit se construit uniquement dans l&rsquo;int\u00e9r\u00eat d&rsquo;un seul pays, les \u00c9tats-Unis. Maintenant que leurs tentatives de reconfigurer le monde \u00e0 leur image apr\u00e8s la chute de l&rsquo;Union sovi\u00e9tique ont men\u00e9 \u00e0 cette situation, nous sommes bien oblig\u00e9s de r\u00e9agir\u00bb, a-t-il dit.<\/p>\n\n\n\n<p>Sur le terrain, les combats s\u2019intensifient. Les forces russes tentent avec acharnement d&rsquo;encercler Bakhmout. Avec l&rsquo;appui du groupe paramilitaire Wagner, elles ont r\u00e9ussi \u00e0 couper ces derni\u00e8res semaines plusieurs routes importantes pour le ravitaillement des troupes ukrainiennes. D\u00e9ploy\u00e9s en premi\u00e8re ligne de cette bataille du Donbass, les \u00e9l\u00e9ments du groupe Wagner ont revendiqu\u00e9 la prise de Berkhivka, au nord de Bakhmout ; la semaine derni\u00e8re, celle de Paraskovi\u00efvka. Samedi, ils ont affirm\u00e9 avoir pris une nouvelle localit\u00e9 au nord de la cit\u00e9.&nbsp; Le patron du groupe paramilitaire russe Wagner, Evgu\u00e9ni Prigojine, a revendiqu\u00e9 samedi la capture par ses hommes du village de Laguidn\u00e9, situ\u00e9 \u00e0 la p\u00e9riph\u00e9rie nord de Bakhmout. La prise de cette localit\u00e9 renferme davantage l&rsquo;\u00e9tau russe autour de Bakhmout, le village \u00e9tant situ\u00e9 \u00e0 moins de deux kilom\u00e8tres du centre de cette ville-forteresse.&nbsp; \u00ab\u00c0 19 heures le 25 f\u00e9vrier, les unit\u00e9s d&rsquo;assaut de Wagner ont pris le contr\u00f4le total du village de Yaguidn\u00e9, au nord de Bakhmout\u00bb, a indiqu\u00e9 Evgu\u00e9ni Prigojine cit\u00e9 par son service de presse sur Telegram.<\/p>\n\n\n\n<p>Une photographie accompagnant la d\u00e9claration montre des hommes arm\u00e9s et masqu\u00e9s avec un drapeau de Wagner devant le panneau d&rsquo;entr\u00e9e du village de Yaguidn\u00e9. Selon le service de presse de Wagner, cit\u00e9 par l&rsquo;agence TASS, les troupes ukrainiennes ont fait sauter un barrage situ\u00e9 pr\u00e8s de Bakhmout pour ralentir l&rsquo;avanc\u00e9e des forces russes. \u00abEn effet, les forces arm\u00e9es ukrainiennes ont fait sauter le barrage\u00bb sur le lac Pivnivtchny, situ\u00e9 juste \u00e0 l&rsquo;Ouest de Bakhmout, a pr\u00e9cis\u00e9 le service de presse.&nbsp; A rappeler que l&rsquo;Union europ\u00e9enne a annonc\u00e9 samedi de nouvelles sanctions contre le groupe Wagner pour ses \u00abviolations des droits humains\u00bb en Centrafrique, au Soudan et au Mali. Onze personnes &#8211; neuf en Afrique et deux en Ukraine &#8211; et sept entit\u00e9s li\u00e9es au groupe ont \u00e9t\u00e9 ajout\u00e9es \u00e0 la liste du bloc europ\u00e9en imposant des gels d&rsquo;avoirs et des interdictions de voyager. D\u00e9j\u00e0 fin 2021, le groupe Wagner lui-m\u00eame, qui combat activement avec l&rsquo;arm\u00e9e russe en Ukraine, avait \u00e9t\u00e9 sanctionn\u00e9 par l&rsquo;Union europ\u00e9enne en 2021 pour ses \u00abactions de d\u00e9stabilisation\u00bb men\u00e9es en Ukraine et dans plusieurs pays d&rsquo;Afrique.<\/p>\n\n\n\n<p>Les sanctions consistaient en une interdiction de visas pour les personnes et le gel des avoirs dans l&rsquo;UE. Ces nouvelles sanctions ont \u00e9t\u00e9 d\u00e9cid\u00e9es \u00abau vu de la dimension internationale et de la gravit\u00e9 des activit\u00e9s du groupe, ainsi que de son impact d\u00e9stabilisateur sur les pays o\u00f9 il est actif\u00bb, a \u00e9crit le Conseil europ\u00e9en dans un communiqu\u00e9. \u00abLes activit\u00e9s du groupe Wagner sont une menace pour les populations des pays o\u00f9 ils op\u00e8rent et pour l&rsquo;Union europ\u00e9enne\u00bb, a d\u00e9clar\u00e9 le chef de la diplomatie europ\u00e9enne Josep Borrell.<\/p>\n\n\n\n<p><strong>Khider Larbi<\/strong><\/p>\n","protected":false},"excerpt":{"rendered":"<p>Le pr\u00e9sident russe Vladimir Poutine a accus\u00e9 l&rsquo;Otan de participer au conflit en Ukraine en fournissant des armes aux forces<\/p>\n","protected":false},"author":3,"featured_media":36854,"comment_status":"open","ping_status":"closed","sticky":false,"template":"","format":"standard","meta":{"colormag_page_container_layout":"default_layout","colormag_page_sidebar_layout":"default_layout","om_disable_all_campaigns":false,"_monsterinsights_skip_tracking":false,"_monsterinsights_sitenote_active":false,"_monsterinsights_sitenote_note":"","_monsterinsights_sitenote_category":0,"footnotes":"","_wpscppro_dont_share_socialmedia":false,"_wpscppro_custom_social_share_image":0,"_facebook_share_type":"","_twitter_share_type":"","_linkedin_share_type":"","_pinterest_share_type":"","_linkedin_share_type_page":"","_instagram_share_type":"","_medium_share_type":"","_threads_share_type":"","_google_business_share_type":"","_selected_social_profile":[],"_wpsp_enable_custom_social_template":false,"_wpsp_social_scheduling":{"enabled":false,"datetime":null,"platforms":[],"status":"template_only","dateOption":"today","timeOption":"now","customDays":"","customHours":"","customDate":"","customTime":"","schedulingType":"absolute"},"_wpsp_active_default_template":true},"categories":[52,37],"tags":[],"class_list":["post-36846","post","type-post","status-publish","format-standard","has-post-thumbnail","hentry","category-a-la-une","category-monde"],"aioseo_notices":[],"yoast_head":"<!-- This site is optimized with the Yoast SEO plugin v27.5 - https:\/\/yoast.com\/product\/yoast-seo-wordpress\/ -->\n<title>Guerre en Ukraine\u00a0: Poutine pointe du doigt le r\u00f4le de l\u2019Otan - La Sentinelle<\/title>\n<meta name=\"robots\" content=\"index, follow, max-snippet:-1, max-image-preview:large, max-video-preview:-1\" \/>\n<link rel=\"canonical\" href=\"https:\/\/lasentinelle.dz\/index.php\/2023\/02\/26\/guerre-en-ukraine-poutine-pointe-du-doigt-le-role-de-lotan\/\" \/>\n<meta property=\"og:locale\" content=\"fr_FR\" \/>\n<meta property=\"og:type\" content=\"article\" \/>\n<meta property=\"og:title\" content=\"Guerre en Ukraine\u00a0: Poutine pointe du doigt le r\u00f4le de l\u2019Otan - La Sentinelle\" \/>\n<meta property=\"og:description\" content=\"Le pr\u00e9sident russe Vladimir Poutine a accus\u00e9 l&rsquo;Otan de participer au conflit en Ukraine en fournissant des armes aux forces\" \/>\n<meta property=\"og:url\" content=\"https:\/\/lasentinelle.dz\/index.php\/2023\/02\/26\/guerre-en-ukraine-poutine-pointe-du-doigt-le-role-de-lotan\/\" \/>\n<meta property=\"og:site_name\" content=\"La Sentinelle\" \/>\n<meta property=\"article:publisher\" content=\"https:\/\/www.facebook.com\/La-Sentinelle-104059864394773\" \/>\n<meta property=\"article:published_time\" content=\"2023-02-26T21:08:00+00:00\" \/>\n<meta property=\"og:image\" content=\"https:\/\/lasentinelle.dz\/wp-content\/uploads\/2023\/02\/Poutine-1.png\" \/>\n\t<meta property=\"og:image:width\" content=\"1601\" \/>\n\t<meta property=\"og:image:height\" content=\"900\" \/>\n\t<meta property=\"og:image:type\" content=\"image\/png\" \/>\n<meta name=\"author\" content=\"La Sentinelle\" \/>\n<meta name=\"twitter:card\" content=\"summary_large_image\" \/>\n<meta name=\"twitter:label1\" content=\"\u00c9crit par\" \/>\n\t<meta name=\"twitter:data1\" content=\"La Sentinelle\" \/>\n\t<meta name=\"twitter:label2\" content=\"Dur\u00e9e de lecture estim\u00e9e\" \/>\n\t<meta name=\"twitter:data2\" content=\"4 minutes\" \/>\n<script type=\"application\/ld+json\" class=\"yoast-schema-graph\">{\"@context\":\"https:\\\/\\\/schema.org\",\"@graph\":[{\"@type\":\"Article\",\"@id\":\"https:\\\/\\\/lasentinelle.dz\\\/index.php\\\/2023\\\/02\\\/26\\\/guerre-en-ukraine-poutine-pointe-du-doigt-le-role-de-lotan\\\/#article\",\"isPartOf\":{\"@id\":\"https:\\\/\\\/lasentinelle.dz\\\/index.php\\\/2023\\\/02\\\/26\\\/guerre-en-ukraine-poutine-pointe-du-doigt-le-role-de-lotan\\\/\"},\"author\":{\"name\":\"La Sentinelle\",\"@id\":\"https:\\\/\\\/lasentinelle.dz\\\/#\\\/schema\\\/person\\\/d865044e22e70a75174ce8bcad3acfb3\"},\"headline\":\"Guerre en Ukraine\u00a0: Poutine pointe du doigt le r\u00f4le de l\u2019Otan\",\"datePublished\":\"2023-02-26T21:08:00+00:00\",\"mainEntityOfPage\":{\"@id\":\"https:\\\/\\\/lasentinelle.dz\\\/index.php\\\/2023\\\/02\\\/26\\\/guerre-en-ukraine-poutine-pointe-du-doigt-le-role-de-lotan\\\/\"},\"wordCount\":748,\"commentCount\":0,\"publisher\":{\"@id\":\"https:\\\/\\\/lasentinelle.dz\\\/#organization\"},\"image\":{\"@id\":\"https:\\\/\\\/lasentinelle.dz\\\/index.php\\\/2023\\\/02\\\/26\\\/guerre-en-ukraine-poutine-pointe-du-doigt-le-role-de-lotan\\\/#primaryimage\"},\"thumbnailUrl\":\"https:\\\/\\\/lasentinelle.dz\\\/wp-content\\\/uploads\\\/2023\\\/02\\\/Poutine-1.png\",\"articleSection\":[\"\u00c0 la Une\",\"Monde\"],\"inLanguage\":\"fr-FR\",\"potentialAction\":[{\"@type\":\"CommentAction\",\"name\":\"Comment\",\"target\":[\"https:\\\/\\\/lasentinelle.dz\\\/index.php\\\/2023\\\/02\\\/26\\\/guerre-en-ukraine-poutine-pointe-du-doigt-le-role-de-lotan\\\/#respond\"]}]},{\"@type\":\"WebPage\",\"@id\":\"https:\\\/\\\/lasentinelle.dz\\\/index.php\\\/2023\\\/02\\\/26\\\/guerre-en-ukraine-poutine-pointe-du-doigt-le-role-de-lotan\\\/\",\"url\":\"https:\\\/\\\/lasentinelle.dz\\\/index.php\\\/2023\\\/02\\\/26\\\/guerre-en-ukraine-poutine-pointe-du-doigt-le-role-de-lotan\\\/\",\"name\":\"Guerre en Ukraine\u00a0: Poutine pointe du doigt le r\u00f4le de l\u2019Otan - La Sentinelle\",\"isPartOf\":{\"@id\":\"https:\\\/\\\/lasentinelle.dz\\\/#website\"},\"primaryImageOfPage\":{\"@id\":\"https:\\\/\\\/lasentinelle.dz\\\/index.php\\\/2023\\\/02\\\/26\\\/guerre-en-ukraine-poutine-pointe-du-doigt-le-role-de-lotan\\\/#primaryimage\"},\"image\":{\"@id\":\"https:\\\/\\\/lasentinelle.dz\\\/index.php\\\/2023\\\/02\\\/26\\\/guerre-en-ukraine-poutine-pointe-du-doigt-le-role-de-lotan\\\/#primaryimage\"},\"thumbnailUrl\":\"https:\\\/\\\/lasentinelle.dz\\\/wp-content\\\/uploads\\\/2023\\\/02\\\/Poutine-1.png\",\"datePublished\":\"2023-02-26T21:08:00+00:00\",\"breadcrumb\":{\"@id\":\"https:\\\/\\\/lasentinelle.dz\\\/index.php\\\/2023\\\/02\\\/26\\\/guerre-en-ukraine-poutine-pointe-du-doigt-le-role-de-lotan\\\/#breadcrumb\"},\"inLanguage\":\"fr-FR\",\"potentialAction\":[{\"@type\":\"ReadAction\",\"target\":[\"https:\\\/\\\/lasentinelle.dz\\\/index.php\\\/2023\\\/02\\\/26\\\/guerre-en-ukraine-poutine-pointe-du-doigt-le-role-de-lotan\\\/\"]}]},{\"@type\":\"ImageObject\",\"inLanguage\":\"fr-FR\",\"@id\":\"https:\\\/\\\/lasentinelle.dz\\\/index.php\\\/2023\\\/02\\\/26\\\/guerre-en-ukraine-poutine-pointe-du-doigt-le-role-de-lotan\\\/#primaryimage\",\"url\":\"https:\\\/\\\/lasentinelle.dz\\\/wp-content\\\/uploads\\\/2023\\\/02\\\/Poutine-1.png\",\"contentUrl\":\"https:\\\/\\\/lasentinelle.dz\\\/wp-content\\\/uploads\\\/2023\\\/02\\\/Poutine-1.png\",\"width\":1601,\"height\":900},{\"@type\":\"BreadcrumbList\",\"@id\":\"https:\\\/\\\/lasentinelle.dz\\\/index.php\\\/2023\\\/02\\\/26\\\/guerre-en-ukraine-poutine-pointe-du-doigt-le-role-de-lotan\\\/#breadcrumb\",\"itemListElement\":[{\"@type\":\"ListItem\",\"position\":1,\"name\":\"Accueil\",\"item\":\"https:\\\/\\\/lasentinelle.dz\\\/\"},{\"@type\":\"ListItem\",\"position\":2,\"name\":\"Guerre en Ukraine\u00a0: Poutine pointe du doigt le r\u00f4le de l\u2019Otan\"}]},{\"@type\":\"WebSite\",\"@id\":\"https:\\\/\\\/lasentinelle.dz\\\/#website\",\"url\":\"https:\\\/\\\/lasentinelle.dz\\\/\",\"name\":\"La Sentinelle\",\"description\":\"Quotidien national d&#039;information\",\"publisher\":{\"@id\":\"https:\\\/\\\/lasentinelle.dz\\\/#organization\"},\"potentialAction\":[{\"@type\":\"SearchAction\",\"target\":{\"@type\":\"EntryPoint\",\"urlTemplate\":\"https:\\\/\\\/lasentinelle.dz\\\/?s={search_term_string}\"},\"query-input\":{\"@type\":\"PropertyValueSpecification\",\"valueRequired\":true,\"valueName\":\"search_term_string\"}}],\"inLanguage\":\"fr-FR\"},{\"@type\":\"Organization\",\"@id\":\"https:\\\/\\\/lasentinelle.dz\\\/#organization\",\"name\":\"Quotidien La Sentinelle\",\"url\":\"https:\\\/\\\/lasentinelle.dz\\\/\",\"logo\":{\"@type\":\"ImageObject\",\"inLanguage\":\"fr-FR\",\"@id\":\"https:\\\/\\\/lasentinelle.dz\\\/#\\\/schema\\\/logo\\\/image\\\/\",\"url\":\"https:\\\/\\\/lasentinelle.dz\\\/wp-content\\\/uploads\\\/2021\\\/09\\\/logo-sentinelleSLOGAN-1.png\",\"contentUrl\":\"https:\\\/\\\/lasentinelle.dz\\\/wp-content\\\/uploads\\\/2021\\\/09\\\/logo-sentinelleSLOGAN-1.png\",\"width\":615,\"height\":142,\"caption\":\"Quotidien La Sentinelle\"},\"image\":{\"@id\":\"https:\\\/\\\/lasentinelle.dz\\\/#\\\/schema\\\/logo\\\/image\\\/\"},\"sameAs\":[\"https:\\\/\\\/www.facebook.com\\\/La-Sentinelle-104059864394773\"]},{\"@type\":\"Person\",\"@id\":\"https:\\\/\\\/lasentinelle.dz\\\/#\\\/schema\\\/person\\\/d865044e22e70a75174ce8bcad3acfb3\",\"name\":\"La Sentinelle\",\"image\":{\"@type\":\"ImageObject\",\"inLanguage\":\"fr-FR\",\"@id\":\"https:\\\/\\\/secure.gravatar.com\\\/avatar\\\/57de8e5d4b15d43fb361a71fbb36338450fe67865b528a43dd10ef7c51a20392?s=96&d=mm&r=g\",\"url\":\"https:\\\/\\\/secure.gravatar.com\\\/avatar\\\/57de8e5d4b15d43fb361a71fbb36338450fe67865b528a43dd10ef7c51a20392?s=96&d=mm&r=g\",\"contentUrl\":\"https:\\\/\\\/secure.gravatar.com\\\/avatar\\\/57de8e5d4b15d43fb361a71fbb36338450fe67865b528a43dd10ef7c51a20392?s=96&d=mm&r=g\",\"caption\":\"La Sentinelle\"},\"sameAs\":[\"http:\\\/\\\/www.lasentinelle.dz\"],\"url\":\"https:\\\/\\\/lasentinelle.dz\\\/author\\\/redaction\\\/\"}]}<\/script>\n<!-- \/ Yoast SEO plugin. -->","yoast_head_json":{"title":"Guerre en Ukraine\u00a0: Poutine pointe du doigt le r\u00f4le de l\u2019Otan - La Sentinelle","robots":{"index":"index","follow":"follow","max-snippet":"max-snippet:-1","max-image-preview":"max-image-preview:large","max-video-preview":"max-video-preview:-1"},"canonical":"https:\/\/lasentinelle.dz\/index.php\/2023\/02\/26\/guerre-en-ukraine-poutine-pointe-du-doigt-le-role-de-lotan\/","og_locale":"fr_FR","og_type":"article","og_title":"Guerre en Ukraine\u00a0: Poutine pointe du doigt le r\u00f4le de l\u2019Otan - La Sentinelle","og_description":"Le pr\u00e9sident russe Vladimir Poutine a accus\u00e9 l&rsquo;Otan de participer au conflit en Ukraine en fournissant des armes aux forces","og_url":"https:\/\/lasentinelle.dz\/index.php\/2023\/02\/26\/guerre-en-ukraine-poutine-pointe-du-doigt-le-role-de-lotan\/","og_site_name":"La Sentinelle","article_publisher":"https:\/\/www.facebook.com\/La-Sentinelle-104059864394773","article_published_time":"2023-02-26T21:08:00+00:00","og_image":[{"width":1601,"height":900,"url":"https:\/\/lasentinelle.dz\/wp-content\/uploads\/2023\/02\/Poutine-1.png","type":"image\/png"}],"author":"La Sentinelle","twitter_card":"summary_large_image","twitter_misc":{"\u00c9crit par":"La Sentinelle","Dur\u00e9e de lecture estim\u00e9e":"4 minutes"},"schema":{"@context":"https:\/\/schema.org","@graph":[{"@type":"Article","@id":"https:\/\/lasentinelle.dz\/index.php\/2023\/02\/26\/guerre-en-ukraine-poutine-pointe-du-doigt-le-role-de-lotan\/#article","isPartOf":{"@id":"https:\/\/lasentinelle.dz\/index.php\/2023\/02\/26\/guerre-en-ukraine-poutine-pointe-du-doigt-le-role-de-lotan\/"},"author":{"name":"La Sentinelle","@id":"https:\/\/lasentinelle.dz\/#\/schema\/person\/d865044e22e70a75174ce8bcad3acfb3"},"headline":"Guerre en Ukraine\u00a0: Poutine pointe du doigt le r\u00f4le de l\u2019Otan","datePublished":"2023-02-26T21:08:00+00:00","mainEntityOfPage":{"@id":"https:\/\/lasentinelle.dz\/index.php\/2023\/02\/26\/guerre-en-ukraine-poutine-pointe-du-doigt-le-role-de-lotan\/"},"wordCount":748,"commentCount":0,"publisher":{"@id":"https:\/\/lasentinelle.dz\/#organization"},"image":{"@id":"https:\/\/lasentinelle.dz\/index.php\/2023\/02\/26\/guerre-en-ukraine-poutine-pointe-du-doigt-le-role-de-lotan\/#primaryimage"},"thumbnailUrl":"https:\/\/lasentinelle.dz\/wp-content\/uploads\/2023\/02\/Poutine-1.png","articleSection":["\u00c0 la Une","Monde"],"inLanguage":"fr-FR","potentialAction":[{"@type":"CommentAction","name":"Comment","target":["https:\/\/lasentinelle.dz\/index.php\/2023\/02\/26\/guerre-en-ukraine-poutine-pointe-du-doigt-le-role-de-lotan\/#respond"]}]},{"@type":"WebPage","@id":"https:\/\/lasentinelle.dz\/index.php\/2023\/02\/26\/guerre-en-ukraine-poutine-pointe-du-doigt-le-role-de-lotan\/","url":"https:\/\/lasentinelle.dz\/index.php\/2023\/02\/26\/guerre-en-ukraine-poutine-pointe-du-doigt-le-role-de-lotan\/","name":"Guerre en Ukraine\u00a0: Poutine pointe du doigt le r\u00f4le de l\u2019Otan - La Sentinelle","isPartOf":{"@id":"https:\/\/lasentinelle.dz\/#website"},"primaryImageOfPage":{"@id":"https:\/\/lasentinelle.dz\/index.php\/2023\/02\/26\/guerre-en-ukraine-poutine-pointe-du-doigt-le-role-de-lotan\/#primaryimage"},"image":{"@id":"https:\/\/lasentinelle.dz\/index.php\/2023\/02\/26\/guerre-en-ukraine-poutine-pointe-du-doigt-le-role-de-lotan\/#primaryimage"},"thumbnailUrl":"https:\/\/lasentinelle.dz\/wp-content\/uploads\/2023\/02\/Poutine-1.png","datePublished":"2023-02-26T21:08:00+00:00","breadcrumb":{"@id":"https:\/\/lasentinelle.dz\/index.php\/2023\/02\/26\/guerre-en-ukraine-poutine-pointe-du-doigt-le-role-de-lotan\/#breadcrumb"},"inLanguage":"fr-FR","potentialAction":[{"@type":"ReadAction","target":["https:\/\/lasentinelle.dz\/index.php\/2023\/02\/26\/guerre-en-ukraine-poutine-pointe-du-doigt-le-role-de-lotan\/"]}]},{"@type":"ImageObject","inLanguage":"fr-FR","@id":"https:\/\/lasentinelle.dz\/index.php\/2023\/02\/26\/guerre-en-ukraine-poutine-pointe-du-doigt-le-role-de-lotan\/#primaryimage","url":"https:\/\/lasentinelle.dz\/wp-content\/uploads\/2023\/02\/Poutine-1.png","contentUrl":"https:\/\/lasentinelle.dz\/wp-content\/uploads\/2023\/02\/Poutine-1.png","width":1601,"height":900},{"@type":"BreadcrumbList","@id":"https:\/\/lasentinelle.dz\/index.php\/2023\/02\/26\/guerre-en-ukraine-poutine-pointe-du-doigt-le-role-de-lotan\/#breadcrumb","itemListElement":[{"@type":"ListItem","position":1,"name":"Accueil","item":"https:\/\/lasentinelle.dz\/"},{"@type":"ListItem","position":2,"name":"Guerre en Ukraine\u00a0: Poutine pointe du doigt le r\u00f4le de l\u2019Otan"}]},{"@type":"WebSite","@id":"https:\/\/lasentinelle.dz\/#website","url":"https:\/\/lasentinelle.dz\/","name":"La Sentinelle","description":"Quotidien national d&#039;information","publisher":{"@id":"https:\/\/lasentinelle.dz\/#organization"},"potentialAction":[{"@type":"SearchAction","target":{"@type":"EntryPoint","urlTemplate":"https:\/\/lasentinelle.dz\/?s={search_term_string}"},"query-input":{"@type":"PropertyValueSpecification","valueRequired":true,"valueName":"search_term_string"}}],"inLanguage":"fr-FR"},{"@type":"Organization","@id":"https:\/\/lasentinelle.dz\/#organization","name":"Quotidien La Sentinelle","url":"https:\/\/lasentinelle.dz\/","logo":{"@type":"ImageObject","inLanguage":"fr-FR","@id":"https:\/\/lasentinelle.dz\/#\/schema\/logo\/image\/","url":"https:\/\/lasentinelle.dz\/wp-content\/uploads\/2021\/09\/logo-sentinelleSLOGAN-1.png","contentUrl":"https:\/\/lasentinelle.dz\/wp-content\/uploads\/2021\/09\/logo-sentinelleSLOGAN-1.png","width":615,"height":142,"caption":"Quotidien La Sentinelle"},"image":{"@id":"https:\/\/lasentinelle.dz\/#\/schema\/logo\/image\/"},"sameAs":["https:\/\/www.facebook.com\/La-Sentinelle-104059864394773"]},{"@type":"Person","@id":"https:\/\/lasentinelle.dz\/#\/schema\/person\/d865044e22e70a75174ce8bcad3acfb3","name":"La Sentinelle","image":{"@type":"ImageObject","inLanguage":"fr-FR","@id":"https:\/\/secure.gravatar.com\/avatar\/57de8e5d4b15d43fb361a71fbb36338450fe67865b528a43dd10ef7c51a20392?s=96&d=mm&r=g","url":"https:\/\/secure.gravatar.com\/avatar\/57de8e5d4b15d43fb361a71fbb36338450fe67865b528a43dd10ef7c51a20392?s=96&d=mm&r=g","contentUrl":"https:\/\/secure.gravatar.com\/avatar\/57de8e5d4b15d43fb361a71fbb36338450fe67865b528a43dd10ef7c51a20392?s=96&d=mm&r=g","caption":"La Sentinelle"},"sameAs":["http:\/\/www.lasentinelle.dz"],"url":"https:\/\/lasentinelle.dz\/author\/redaction\/"}]}},"_links":{"self":[{"href":"https:\/\/lasentinelle.dz\/index.php\/wp-json\/wp\/v2\/posts\/36846","targetHints":{"allow":["GET"]}}],"collection":[{"href":"https:\/\/lasentinelle.dz\/index.php\/wp-json\/wp\/v2\/posts"}],"about":[{"href":"https:\/\/lasentinelle.dz\/index.php\/wp-json\/wp\/v2\/types\/post"}],"author":[{"embeddable":true,"href":"https:\/\/lasentinelle.dz\/index.php\/wp-json\/wp\/v2\/users\/3"}],"replies":[{"embeddable":true,"href":"https:\/\/lasentinelle.dz\/index.php\/wp-json\/wp\/v2\/comments?post=36846"}],"version-history":[{"count":2,"href":"https:\/\/lasentinelle.dz\/index.php\/wp-json\/wp\/v2\/posts\/36846\/revisions"}],"predecessor-version":[{"id":36912,"href":"https:\/\/lasentinelle.dz\/index.php\/wp-json\/wp\/v2\/posts\/36846\/revisions\/36912"}],"wp:featuredmedia":[{"embeddable":true,"href":"https:\/\/lasentinelle.dz\/index.php\/wp-json\/wp\/v2\/media\/36854"}],"wp:attachment":[{"href":"https:\/\/lasentinelle.dz\/index.php\/wp-json\/wp\/v2\/media?parent=36846"}],"wp:term":[{"taxonomy":"category","embeddable":true,"href":"https:\/\/lasentinelle.dz\/index.php\/wp-json\/wp\/v2\/categories?post=36846"},{"taxonomy":"post_tag","embeddable":true,"href":"https:\/\/lasentinelle.dz\/index.php\/wp-json\/wp\/v2\/tags?post=36846"}],"curies":[{"name":"wp","href":"https:\/\/api.w.org\/{rel}","templated":true}]}}