{"id":36847,"date":"2023-02-26T22:00:00","date_gmt":"2023-02-26T21:00:00","guid":{"rendered":"https:\/\/lasentinelle.dz\/?p=36847"},"modified":"2023-02-26T17:07:26","modified_gmt":"2023-02-26T16:07:26","slug":"palestine-occupee-rencontre-entre-lautorite-palestinienne-et-lentite-sioniste-en-jordanie","status":"publish","type":"post","link":"https:\/\/lasentinelle.dz\/index.php\/2023\/02\/26\/palestine-occupee-rencontre-entre-lautorite-palestinienne-et-lentite-sioniste-en-jordanie\/","title":{"rendered":"Palestine occup\u00e9e\u00a0: Rencontre entre l\u2019Autorit\u00e9 palestinienne et l\u2019entit\u00e9 sioniste en Jordanie"},"content":{"rendered":"\n<p>Des repr\u00e9sentants de l\u2019Autorit\u00e9 palestinienne et de l\u2019entit\u00e9 sioniste ont entam\u00e9 hier une rencontre \u00abpolitico-s\u00e9curitaire\u00bb dans la ville jordanienne d&rsquo;Aqaba pour discuter d&rsquo;une accalmie dans les territoires palestiniens occup\u00e9s apr\u00e8s plusieurs jours de violences meurtri\u00e8res, a annonc\u00e9 une source officielle jordanienne. \u00abUne r\u00e9union a d\u00e9but\u00e9 dimanche (Hier, Ndlr) \u00e0 Aqaba, la premi\u00e8re du genre depuis des ann\u00e9es, entre Palestiniens et Isra\u00e9liens avec une participation r\u00e9gionale et internationale pour discuter de la situation dans les Territoires palestiniens\u00bb, a indiqu\u00e9 la t\u00e9l\u00e9vision d&rsquo;Etat jordanienne. Selon certains m\u00e9dias qui citent des sources bien inform\u00e9es, le chef des services de renseignements palestiniens, Majed Faraj, le chef du service de renseignement int\u00e9rieur de l\u2019entit\u00e9 sioniste (Shin Beth), Ronen Bar, le coordinateur du Conseil national de s\u00e9curit\u00e9 am\u00e9ricain pour le Moyen-Orient, Brett McGurk, ainsi que des responsables de s\u00e9curit\u00e9 jordaniens et \u00e9gyptiens ont particip\u00e9 \u00e0 la r\u00e9union. Les pourparlers visent \u00e0 \u00abrenforcer la confiance\u00bb entre l\u2019entit\u00e9 sioniste et les Palestiniens et parvenir \u00e0 des mesures d&rsquo;accalmie, a indiqu\u00e9 samedi un responsable du gouvernement jordanien ayant requis l&rsquo;anonymat. \u00abCette r\u00e9union (&#8230;) constitue une d\u00e9marche n\u00e9cessaire (&#8230;) pour tenter de parvenir \u00e0 un accord entre Isra\u00ebl et les Palestiniens en vue de mettre fin \u00e0 l&rsquo;escalade de la violence\u00bb, a-t-il ajout\u00e9. Les pourparlers s&rsquo;inscrivent \u00abdans le cadre de l&rsquo;intensification des efforts (&#8230;) visant \u00e0 mettre fin aux mesures unilat\u00e9rales (d&rsquo;Isra\u00ebl) et \u00e0 une d\u00e9gradation de la s\u00e9curit\u00e9 qui pourrait alimenter davantage de violences\u00bb, a-t-il encore dit. \u00abLa d\u00e9cision d&rsquo;assister \u00e0 la r\u00e9union d&rsquo;Aqaba, malgr\u00e9 la douleur et les massacres que le peuple palestinien subit, vient de la volont\u00e9 de mettre un terme \u00e0 l&rsquo;effusion de sang\u00bb, a indiqu\u00e9 sur Twitter le parti Fatah du pr\u00e9sident palestinien, Mahmoud Abbas, alors que d&rsquo;autres factions palestiniennes ont d\u00e9nonc\u00e9 la participation de l&rsquo;Autorit\u00e9 palestinienne. Le Hamas a ainsi condamn\u00e9 dans un communiqu\u00e9 la participation de l&rsquo;Autorit\u00e9 palestinienne, jugeant \u00abla rencontre avec les sionistes comme une rupture avec le consensus national palestinien, un m\u00e9pris pour le sang des martyrs, une tentative ouverte de dissimuler les crimes de l&rsquo;occupation, et un feu vert pour commettre d&rsquo;autres violations contre notre peuple, notre terre et nos lieux saints\u00bb. L&rsquo;arm\u00e9e de l\u2019occupation isra\u00e9lienne a multipli\u00e9 depuis pr\u00e8s d&rsquo;un an ses op\u00e9rations dans le nord de la Cisjordanie. Mercredi, elle a lanc\u00e9 une nouvelle incursion dans la vieille ville de Naplouse. Selon le minist\u00e8re de la Sant\u00e9 palestinien, 11 Palestiniens ont \u00e9t\u00e9 tu\u00e9s et plus de 80 bless\u00e9s par balles lors de ce raid, le plus meurtrier depuis 2005 en Cisjordanie. Depuis le d\u00e9but de l&rsquo;ann\u00e9e, le conflit isra\u00e9lo-palestinien a co\u00fbt\u00e9 la vie \u00e0 62 Palestiniens. Le raid de mercredi intervient pr\u00e8s de deux mois apr\u00e8s l&rsquo;investiture du gouvernement Netanyahou, l&rsquo;un des plus \u00e0 droite de l&rsquo;histoire du pays et qui est notamment compos\u00e9 d\u2019extr\u00e9mistes.&nbsp;<\/p>\n\n\n\n<p><strong>K.L. et agences<\/strong><\/p>\n","protected":false},"excerpt":{"rendered":"<p>Des repr\u00e9sentants de l\u2019Autorit\u00e9 palestinienne et de l\u2019entit\u00e9 sioniste ont entam\u00e9 hier une rencontre \u00abpolitico-s\u00e9curitaire\u00bb dans la ville jordanienne d&rsquo;Aqaba<\/p>\n","protected":false},"author":3,"featured_media":36855,"comment_status":"open","ping_status":"closed","sticky":false,"template":"","format":"standard","meta":{"colormag_page_container_layout":"default_layout","colormag_page_sidebar_layout":"default_layout","om_disable_all_campaigns":false,"_monsterinsights_skip_tracking":false,"_monsterinsights_sitenote_active":false,"_monsterinsights_sitenote_note":"","_monsterinsights_sitenote_category":0,"footnotes":"","_wpscppro_dont_share_socialmedia":false,"_wpscppro_custom_social_share_image":0,"_facebook_share_type":"","_twitter_share_type":"","_linkedin_share_type":"","_pinterest_share_type":"","_linkedin_share_type_page":"","_instagram_share_type":"","_medium_share_type":"","_threads_share_type":"","_google_business_share_type":"","_selected_social_profile":[],"_wpsp_enable_custom_social_template":false,"_wpsp_social_scheduling":{"enabled":false,"datetime":null,"platforms":[],"status":"template_only","dateOption":"today","timeOption":"now","customDays":"","customHours":"","customDate":"","customTime":"","schedulingType":"absolute"},"_wpsp_active_default_template":true},"categories":[37],"tags":[],"class_list":["post-36847","post","type-post","status-publish","format-standard","has-post-thumbnail","hentry","category-monde"],"aioseo_notices":[],"yoast_head":"<!-- This site is optimized with the Yoast SEO plugin v27.5 - https:\/\/yoast.com\/product\/yoast-seo-wordpress\/ -->\n<title>Palestine occup\u00e9e\u00a0: Rencontre entre l\u2019Autorit\u00e9 palestinienne et l\u2019entit\u00e9 sioniste en Jordanie - La Sentinelle<\/title>\n<meta name=\"robots\" content=\"index, follow, max-snippet:-1, max-image-preview:large, max-video-preview:-1\" \/>\n<link rel=\"canonical\" href=\"https:\/\/lasentinelle.dz\/index.php\/2023\/02\/26\/palestine-occupee-rencontre-entre-lautorite-palestinienne-et-lentite-sioniste-en-jordanie\/\" \/>\n<meta property=\"og:locale\" content=\"fr_FR\" \/>\n<meta property=\"og:type\" content=\"article\" \/>\n<meta property=\"og:title\" content=\"Palestine occup\u00e9e\u00a0: Rencontre entre l\u2019Autorit\u00e9 palestinienne et l\u2019entit\u00e9 sioniste en Jordanie - La Sentinelle\" \/>\n<meta property=\"og:description\" content=\"Des repr\u00e9sentants de l\u2019Autorit\u00e9 palestinienne et de l\u2019entit\u00e9 sioniste ont entam\u00e9 hier une rencontre \u00abpolitico-s\u00e9curitaire\u00bb dans la ville jordanienne d&rsquo;Aqaba\" \/>\n<meta property=\"og:url\" content=\"https:\/\/lasentinelle.dz\/index.php\/2023\/02\/26\/palestine-occupee-rencontre-entre-lautorite-palestinienne-et-lentite-sioniste-en-jordanie\/\" \/>\n<meta property=\"og:site_name\" content=\"La Sentinelle\" \/>\n<meta property=\"article:publisher\" content=\"https:\/\/www.facebook.com\/La-Sentinelle-104059864394773\" \/>\n<meta property=\"article:published_time\" content=\"2023-02-26T21:00:00+00:00\" \/>\n<meta property=\"og:image\" content=\"https:\/\/lasentinelle.dz\/wp-content\/uploads\/2023\/02\/image_2023-02-26_170715610.png\" \/>\n\t<meta property=\"og:image:width\" content=\"813\" \/>\n\t<meta property=\"og:image:height\" content=\"558\" \/>\n\t<meta property=\"og:image:type\" content=\"image\/png\" \/>\n<meta name=\"author\" content=\"La Sentinelle\" \/>\n<meta name=\"twitter:card\" content=\"summary_large_image\" \/>\n<meta name=\"twitter:label1\" content=\"\u00c9crit par\" \/>\n\t<meta name=\"twitter:data1\" content=\"La Sentinelle\" \/>\n\t<meta name=\"twitter:label2\" content=\"Dur\u00e9e de lecture estim\u00e9e\" \/>\n\t<meta name=\"twitter:data2\" content=\"3 minutes\" \/>\n<script type=\"application\/ld+json\" class=\"yoast-schema-graph\">{\"@context\":\"https:\\\/\\\/schema.org\",\"@graph\":[{\"@type\":\"Article\",\"@id\":\"https:\\\/\\\/lasentinelle.dz\\\/index.php\\\/2023\\\/02\\\/26\\\/palestine-occupee-rencontre-entre-lautorite-palestinienne-et-lentite-sioniste-en-jordanie\\\/#article\",\"isPartOf\":{\"@id\":\"https:\\\/\\\/lasentinelle.dz\\\/index.php\\\/2023\\\/02\\\/26\\\/palestine-occupee-rencontre-entre-lautorite-palestinienne-et-lentite-sioniste-en-jordanie\\\/\"},\"author\":{\"name\":\"La Sentinelle\",\"@id\":\"https:\\\/\\\/lasentinelle.dz\\\/#\\\/schema\\\/person\\\/d865044e22e70a75174ce8bcad3acfb3\"},\"headline\":\"Palestine occup\u00e9e\u00a0: Rencontre entre l\u2019Autorit\u00e9 palestinienne et l\u2019entit\u00e9 sioniste en Jordanie\",\"datePublished\":\"2023-02-26T21:00:00+00:00\",\"mainEntityOfPage\":{\"@id\":\"https:\\\/\\\/lasentinelle.dz\\\/index.php\\\/2023\\\/02\\\/26\\\/palestine-occupee-rencontre-entre-lautorite-palestinienne-et-lentite-sioniste-en-jordanie\\\/\"},\"wordCount\":533,\"commentCount\":0,\"publisher\":{\"@id\":\"https:\\\/\\\/lasentinelle.dz\\\/#organization\"},\"image\":{\"@id\":\"https:\\\/\\\/lasentinelle.dz\\\/index.php\\\/2023\\\/02\\\/26\\\/palestine-occupee-rencontre-entre-lautorite-palestinienne-et-lentite-sioniste-en-jordanie\\\/#primaryimage\"},\"thumbnailUrl\":\"https:\\\/\\\/lasentinelle.dz\\\/wp-content\\\/uploads\\\/2023\\\/02\\\/image_2023-02-26_170715610.png\",\"articleSection\":[\"Monde\"],\"inLanguage\":\"fr-FR\",\"potentialAction\":[{\"@type\":\"CommentAction\",\"name\":\"Comment\",\"target\":[\"https:\\\/\\\/lasentinelle.dz\\\/index.php\\\/2023\\\/02\\\/26\\\/palestine-occupee-rencontre-entre-lautorite-palestinienne-et-lentite-sioniste-en-jordanie\\\/#respond\"]}]},{\"@type\":\"WebPage\",\"@id\":\"https:\\\/\\\/lasentinelle.dz\\\/index.php\\\/2023\\\/02\\\/26\\\/palestine-occupee-rencontre-entre-lautorite-palestinienne-et-lentite-sioniste-en-jordanie\\\/\",\"url\":\"https:\\\/\\\/lasentinelle.dz\\\/index.php\\\/2023\\\/02\\\/26\\\/palestine-occupee-rencontre-entre-lautorite-palestinienne-et-lentite-sioniste-en-jordanie\\\/\",\"name\":\"Palestine occup\u00e9e\u00a0: Rencontre entre l\u2019Autorit\u00e9 palestinienne et l\u2019entit\u00e9 sioniste en Jordanie - La Sentinelle\",\"isPartOf\":{\"@id\":\"https:\\\/\\\/lasentinelle.dz\\\/#website\"},\"primaryImageOfPage\":{\"@id\":\"https:\\\/\\\/lasentinelle.dz\\\/index.php\\\/2023\\\/02\\\/26\\\/palestine-occupee-rencontre-entre-lautorite-palestinienne-et-lentite-sioniste-en-jordanie\\\/#primaryimage\"},\"image\":{\"@id\":\"https:\\\/\\\/lasentinelle.dz\\\/index.php\\\/2023\\\/02\\\/26\\\/palestine-occupee-rencontre-entre-lautorite-palestinienne-et-lentite-sioniste-en-jordanie\\\/#primaryimage\"},\"thumbnailUrl\":\"https:\\\/\\\/lasentinelle.dz\\\/wp-content\\\/uploads\\\/2023\\\/02\\\/image_2023-02-26_170715610.png\",\"datePublished\":\"2023-02-26T21:00:00+00:00\",\"breadcrumb\":{\"@id\":\"https:\\\/\\\/lasentinelle.dz\\\/index.php\\\/2023\\\/02\\\/26\\\/palestine-occupee-rencontre-entre-lautorite-palestinienne-et-lentite-sioniste-en-jordanie\\\/#breadcrumb\"},\"inLanguage\":\"fr-FR\",\"potentialAction\":[{\"@type\":\"ReadAction\",\"target\":[\"https:\\\/\\\/lasentinelle.dz\\\/index.php\\\/2023\\\/02\\\/26\\\/palestine-occupee-rencontre-entre-lautorite-palestinienne-et-lentite-sioniste-en-jordanie\\\/\"]}]},{\"@type\":\"ImageObject\",\"inLanguage\":\"fr-FR\",\"@id\":\"https:\\\/\\\/lasentinelle.dz\\\/index.php\\\/2023\\\/02\\\/26\\\/palestine-occupee-rencontre-entre-lautorite-palestinienne-et-lentite-sioniste-en-jordanie\\\/#primaryimage\",\"url\":\"https:\\\/\\\/lasentinelle.dz\\\/wp-content\\\/uploads\\\/2023\\\/02\\\/image_2023-02-26_170715610.png\",\"contentUrl\":\"https:\\\/\\\/lasentinelle.dz\\\/wp-content\\\/uploads\\\/2023\\\/02\\\/image_2023-02-26_170715610.png\",\"width\":813,\"height\":558},{\"@type\":\"BreadcrumbList\",\"@id\":\"https:\\\/\\\/lasentinelle.dz\\\/index.php\\\/2023\\\/02\\\/26\\\/palestine-occupee-rencontre-entre-lautorite-palestinienne-et-lentite-sioniste-en-jordanie\\\/#breadcrumb\",\"itemListElement\":[{\"@type\":\"ListItem\",\"position\":1,\"name\":\"Accueil\",\"item\":\"https:\\\/\\\/lasentinelle.dz\\\/\"},{\"@type\":\"ListItem\",\"position\":2,\"name\":\"Palestine occup\u00e9e\u00a0: Rencontre entre l\u2019Autorit\u00e9 palestinienne et l\u2019entit\u00e9 sioniste en Jordanie\"}]},{\"@type\":\"WebSite\",\"@id\":\"https:\\\/\\\/lasentinelle.dz\\\/#website\",\"url\":\"https:\\\/\\\/lasentinelle.dz\\\/\",\"name\":\"La Sentinelle\",\"description\":\"Quotidien national d&#039;information\",\"publisher\":{\"@id\":\"https:\\\/\\\/lasentinelle.dz\\\/#organization\"},\"potentialAction\":[{\"@type\":\"SearchAction\",\"target\":{\"@type\":\"EntryPoint\",\"urlTemplate\":\"https:\\\/\\\/lasentinelle.dz\\\/?s={search_term_string}\"},\"query-input\":{\"@type\":\"PropertyValueSpecification\",\"valueRequired\":true,\"valueName\":\"search_term_string\"}}],\"inLanguage\":\"fr-FR\"},{\"@type\":\"Organization\",\"@id\":\"https:\\\/\\\/lasentinelle.dz\\\/#organization\",\"name\":\"Quotidien La Sentinelle\",\"url\":\"https:\\\/\\\/lasentinelle.dz\\\/\",\"logo\":{\"@type\":\"ImageObject\",\"inLanguage\":\"fr-FR\",\"@id\":\"https:\\\/\\\/lasentinelle.dz\\\/#\\\/schema\\\/logo\\\/image\\\/\",\"url\":\"https:\\\/\\\/lasentinelle.dz\\\/wp-content\\\/uploads\\\/2021\\\/09\\\/logo-sentinelleSLOGAN-1.png\",\"contentUrl\":\"https:\\\/\\\/lasentinelle.dz\\\/wp-content\\\/uploads\\\/2021\\\/09\\\/logo-sentinelleSLOGAN-1.png\",\"width\":615,\"height\":142,\"caption\":\"Quotidien La Sentinelle\"},\"image\":{\"@id\":\"https:\\\/\\\/lasentinelle.dz\\\/#\\\/schema\\\/logo\\\/image\\\/\"},\"sameAs\":[\"https:\\\/\\\/www.facebook.com\\\/La-Sentinelle-104059864394773\"]},{\"@type\":\"Person\",\"@id\":\"https:\\\/\\\/lasentinelle.dz\\\/#\\\/schema\\\/person\\\/d865044e22e70a75174ce8bcad3acfb3\",\"name\":\"La Sentinelle\",\"image\":{\"@type\":\"ImageObject\",\"inLanguage\":\"fr-FR\",\"@id\":\"https:\\\/\\\/secure.gravatar.com\\\/avatar\\\/57de8e5d4b15d43fb361a71fbb36338450fe67865b528a43dd10ef7c51a20392?s=96&d=mm&r=g\",\"url\":\"https:\\\/\\\/secure.gravatar.com\\\/avatar\\\/57de8e5d4b15d43fb361a71fbb36338450fe67865b528a43dd10ef7c51a20392?s=96&d=mm&r=g\",\"contentUrl\":\"https:\\\/\\\/secure.gravatar.com\\\/avatar\\\/57de8e5d4b15d43fb361a71fbb36338450fe67865b528a43dd10ef7c51a20392?s=96&d=mm&r=g\",\"caption\":\"La Sentinelle\"},\"sameAs\":[\"http:\\\/\\\/www.lasentinelle.dz\"],\"url\":\"https:\\\/\\\/lasentinelle.dz\\\/author\\\/redaction\\\/\"}]}<\/script>\n<!-- \/ Yoast SEO plugin. -->","yoast_head_json":{"title":"Palestine occup\u00e9e\u00a0: Rencontre entre l\u2019Autorit\u00e9 palestinienne et l\u2019entit\u00e9 sioniste en Jordanie - La Sentinelle","robots":{"index":"index","follow":"follow","max-snippet":"max-snippet:-1","max-image-preview":"max-image-preview:large","max-video-preview":"max-video-preview:-1"},"canonical":"https:\/\/lasentinelle.dz\/index.php\/2023\/02\/26\/palestine-occupee-rencontre-entre-lautorite-palestinienne-et-lentite-sioniste-en-jordanie\/","og_locale":"fr_FR","og_type":"article","og_title":"Palestine occup\u00e9e\u00a0: Rencontre entre l\u2019Autorit\u00e9 palestinienne et l\u2019entit\u00e9 sioniste en Jordanie - La Sentinelle","og_description":"Des repr\u00e9sentants de l\u2019Autorit\u00e9 palestinienne et de l\u2019entit\u00e9 sioniste ont entam\u00e9 hier une rencontre \u00abpolitico-s\u00e9curitaire\u00bb dans la ville jordanienne d&rsquo;Aqaba","og_url":"https:\/\/lasentinelle.dz\/index.php\/2023\/02\/26\/palestine-occupee-rencontre-entre-lautorite-palestinienne-et-lentite-sioniste-en-jordanie\/","og_site_name":"La Sentinelle","article_publisher":"https:\/\/www.facebook.com\/La-Sentinelle-104059864394773","article_published_time":"2023-02-26T21:00:00+00:00","og_image":[{"width":813,"height":558,"url":"https:\/\/lasentinelle.dz\/wp-content\/uploads\/2023\/02\/image_2023-02-26_170715610.png","type":"image\/png"}],"author":"La Sentinelle","twitter_card":"summary_large_image","twitter_misc":{"\u00c9crit par":"La Sentinelle","Dur\u00e9e de lecture estim\u00e9e":"3 minutes"},"schema":{"@context":"https:\/\/schema.org","@graph":[{"@type":"Article","@id":"https:\/\/lasentinelle.dz\/index.php\/2023\/02\/26\/palestine-occupee-rencontre-entre-lautorite-palestinienne-et-lentite-sioniste-en-jordanie\/#article","isPartOf":{"@id":"https:\/\/lasentinelle.dz\/index.php\/2023\/02\/26\/palestine-occupee-rencontre-entre-lautorite-palestinienne-et-lentite-sioniste-en-jordanie\/"},"author":{"name":"La Sentinelle","@id":"https:\/\/lasentinelle.dz\/#\/schema\/person\/d865044e22e70a75174ce8bcad3acfb3"},"headline":"Palestine occup\u00e9e\u00a0: Rencontre entre l\u2019Autorit\u00e9 palestinienne et l\u2019entit\u00e9 sioniste en Jordanie","datePublished":"2023-02-26T21:00:00+00:00","mainEntityOfPage":{"@id":"https:\/\/lasentinelle.dz\/index.php\/2023\/02\/26\/palestine-occupee-rencontre-entre-lautorite-palestinienne-et-lentite-sioniste-en-jordanie\/"},"wordCount":533,"commentCount":0,"publisher":{"@id":"https:\/\/lasentinelle.dz\/#organization"},"image":{"@id":"https:\/\/lasentinelle.dz\/index.php\/2023\/02\/26\/palestine-occupee-rencontre-entre-lautorite-palestinienne-et-lentite-sioniste-en-jordanie\/#primaryimage"},"thumbnailUrl":"https:\/\/lasentinelle.dz\/wp-content\/uploads\/2023\/02\/image_2023-02-26_170715610.png","articleSection":["Monde"],"inLanguage":"fr-FR","potentialAction":[{"@type":"CommentAction","name":"Comment","target":["https:\/\/lasentinelle.dz\/index.php\/2023\/02\/26\/palestine-occupee-rencontre-entre-lautorite-palestinienne-et-lentite-sioniste-en-jordanie\/#respond"]}]},{"@type":"WebPage","@id":"https:\/\/lasentinelle.dz\/index.php\/2023\/02\/26\/palestine-occupee-rencontre-entre-lautorite-palestinienne-et-lentite-sioniste-en-jordanie\/","url":"https:\/\/lasentinelle.dz\/index.php\/2023\/02\/26\/palestine-occupee-rencontre-entre-lautorite-palestinienne-et-lentite-sioniste-en-jordanie\/","name":"Palestine occup\u00e9e\u00a0: Rencontre entre l\u2019Autorit\u00e9 palestinienne et l\u2019entit\u00e9 sioniste en Jordanie - La Sentinelle","isPartOf":{"@id":"https:\/\/lasentinelle.dz\/#website"},"primaryImageOfPage":{"@id":"https:\/\/lasentinelle.dz\/index.php\/2023\/02\/26\/palestine-occupee-rencontre-entre-lautorite-palestinienne-et-lentite-sioniste-en-jordanie\/#primaryimage"},"image":{"@id":"https:\/\/lasentinelle.dz\/index.php\/2023\/02\/26\/palestine-occupee-rencontre-entre-lautorite-palestinienne-et-lentite-sioniste-en-jordanie\/#primaryimage"},"thumbnailUrl":"https:\/\/lasentinelle.dz\/wp-content\/uploads\/2023\/02\/image_2023-02-26_170715610.png","datePublished":"2023-02-26T21:00:00+00:00","breadcrumb":{"@id":"https:\/\/lasentinelle.dz\/index.php\/2023\/02\/26\/palestine-occupee-rencontre-entre-lautorite-palestinienne-et-lentite-sioniste-en-jordanie\/#breadcrumb"},"inLanguage":"fr-FR","potentialAction":[{"@type":"ReadAction","target":["https:\/\/lasentinelle.dz\/index.php\/2023\/02\/26\/palestine-occupee-rencontre-entre-lautorite-palestinienne-et-lentite-sioniste-en-jordanie\/"]}]},{"@type":"ImageObject","inLanguage":"fr-FR","@id":"https:\/\/lasentinelle.dz\/index.php\/2023\/02\/26\/palestine-occupee-rencontre-entre-lautorite-palestinienne-et-lentite-sioniste-en-jordanie\/#primaryimage","url":"https:\/\/lasentinelle.dz\/wp-content\/uploads\/2023\/02\/image_2023-02-26_170715610.png","contentUrl":"https:\/\/lasentinelle.dz\/wp-content\/uploads\/2023\/02\/image_2023-02-26_170715610.png","width":813,"height":558},{"@type":"BreadcrumbList","@id":"https:\/\/lasentinelle.dz\/index.php\/2023\/02\/26\/palestine-occupee-rencontre-entre-lautorite-palestinienne-et-lentite-sioniste-en-jordanie\/#breadcrumb","itemListElement":[{"@type":"ListItem","position":1,"name":"Accueil","item":"https:\/\/lasentinelle.dz\/"},{"@type":"ListItem","position":2,"name":"Palestine occup\u00e9e\u00a0: Rencontre entre l\u2019Autorit\u00e9 palestinienne et l\u2019entit\u00e9 sioniste en Jordanie"}]},{"@type":"WebSite","@id":"https:\/\/lasentinelle.dz\/#website","url":"https:\/\/lasentinelle.dz\/","name":"La Sentinelle","description":"Quotidien national d&#039;information","publisher":{"@id":"https:\/\/lasentinelle.dz\/#organization"},"potentialAction":[{"@type":"SearchAction","target":{"@type":"EntryPoint","urlTemplate":"https:\/\/lasentinelle.dz\/?s={search_term_string}"},"query-input":{"@type":"PropertyValueSpecification","valueRequired":true,"valueName":"search_term_string"}}],"inLanguage":"fr-FR"},{"@type":"Organization","@id":"https:\/\/lasentinelle.dz\/#organization","name":"Quotidien La Sentinelle","url":"https:\/\/lasentinelle.dz\/","logo":{"@type":"ImageObject","inLanguage":"fr-FR","@id":"https:\/\/lasentinelle.dz\/#\/schema\/logo\/image\/","url":"https:\/\/lasentinelle.dz\/wp-content\/uploads\/2021\/09\/logo-sentinelleSLOGAN-1.png","contentUrl":"https:\/\/lasentinelle.dz\/wp-content\/uploads\/2021\/09\/logo-sentinelleSLOGAN-1.png","width":615,"height":142,"caption":"Quotidien La Sentinelle"},"image":{"@id":"https:\/\/lasentinelle.dz\/#\/schema\/logo\/image\/"},"sameAs":["https:\/\/www.facebook.com\/La-Sentinelle-104059864394773"]},{"@type":"Person","@id":"https:\/\/lasentinelle.dz\/#\/schema\/person\/d865044e22e70a75174ce8bcad3acfb3","name":"La Sentinelle","image":{"@type":"ImageObject","inLanguage":"fr-FR","@id":"https:\/\/secure.gravatar.com\/avatar\/57de8e5d4b15d43fb361a71fbb36338450fe67865b528a43dd10ef7c51a20392?s=96&d=mm&r=g","url":"https:\/\/secure.gravatar.com\/avatar\/57de8e5d4b15d43fb361a71fbb36338450fe67865b528a43dd10ef7c51a20392?s=96&d=mm&r=g","contentUrl":"https:\/\/secure.gravatar.com\/avatar\/57de8e5d4b15d43fb361a71fbb36338450fe67865b528a43dd10ef7c51a20392?s=96&d=mm&r=g","caption":"La Sentinelle"},"sameAs":["http:\/\/www.lasentinelle.dz"],"url":"https:\/\/lasentinelle.dz\/author\/redaction\/"}]}},"_links":{"self":[{"href":"https:\/\/lasentinelle.dz\/index.php\/wp-json\/wp\/v2\/posts\/36847","targetHints":{"allow":["GET"]}}],"collection":[{"href":"https:\/\/lasentinelle.dz\/index.php\/wp-json\/wp\/v2\/posts"}],"about":[{"href":"https:\/\/lasentinelle.dz\/index.php\/wp-json\/wp\/v2\/types\/post"}],"author":[{"embeddable":true,"href":"https:\/\/lasentinelle.dz\/index.php\/wp-json\/wp\/v2\/users\/3"}],"replies":[{"embeddable":true,"href":"https:\/\/lasentinelle.dz\/index.php\/wp-json\/wp\/v2\/comments?post=36847"}],"version-history":[{"count":1,"href":"https:\/\/lasentinelle.dz\/index.php\/wp-json\/wp\/v2\/posts\/36847\/revisions"}],"predecessor-version":[{"id":36856,"href":"https:\/\/lasentinelle.dz\/index.php\/wp-json\/wp\/v2\/posts\/36847\/revisions\/36856"}],"wp:featuredmedia":[{"embeddable":true,"href":"https:\/\/lasentinelle.dz\/index.php\/wp-json\/wp\/v2\/media\/36855"}],"wp:attachment":[{"href":"https:\/\/lasentinelle.dz\/index.php\/wp-json\/wp\/v2\/media?parent=36847"}],"wp:term":[{"taxonomy":"category","embeddable":true,"href":"https:\/\/lasentinelle.dz\/index.php\/wp-json\/wp\/v2\/categories?post=36847"},{"taxonomy":"post_tag","embeddable":true,"href":"https:\/\/lasentinelle.dz\/index.php\/wp-json\/wp\/v2\/tags?post=36847"}],"curies":[{"name":"wp","href":"https:\/\/api.w.org\/{rel}","templated":true}]}}