{"id":36850,"date":"2023-02-26T22:05:00","date_gmt":"2023-02-26T21:05:00","guid":{"rendered":"https:\/\/lasentinelle.dz\/?p=36850"},"modified":"2023-02-26T20:28:11","modified_gmt":"2023-02-26T19:28:11","slug":"chanegriha-recoit-le-ministre-detat-charge-des-forces-armees-britanniques-la-consolidation-de-la-cooperation-militaire-a-lordre-du-jour","status":"publish","type":"post","link":"https:\/\/lasentinelle.dz\/index.php\/2023\/02\/26\/chanegriha-recoit-le-ministre-detat-charge-des-forces-armees-britanniques-la-consolidation-de-la-cooperation-militaire-a-lordre-du-jour\/","title":{"rendered":"Chanegriha re\u00e7oit le ministre d&rsquo;Etat charg\u00e9 des Forces arm\u00e9es britanniques\u00a0: La consolidation de la coop\u00e9ration militaire \u00e0 l\u2019ordre du jour"},"content":{"rendered":"\n<p>LeChef d&rsquo;Etat-Major de l&rsquo;Arm\u00e9e nationale populair, le &nbsp;G\u00e9n\u00e9ral d&rsquo;Arm\u00e9e Sa\u00efd Chanegriha, a affich\u00e9 hier l\u2019enti\u00e8re disposition de l\u2019ANP \u00e0 diversification de ses relations de coop\u00e9ration et \u00e0 consolider notamment sa coop\u00e9ration avec les Forces arm\u00e9es britanniques. En effet, lors d\u2019une allocution qu\u2019il a prononc\u00e9 en marge de l\u2019audience qu\u2019il a accord\u00e9 au ministre d&rsquo;Etat charg\u00e9 des Forces arm\u00e9es britanniques,Stephen Heappey, lequel effectue une visite en Alg\u00e9rie, \u00e0 la t\u00eate d&rsquo;une importante d\u00e9l\u00e9gation, le Chef d\u2019\u00c9tat-Major de l\u2019ANP a soulign\u00e9 que cette visite en Alg\u00e9rie s&rsquo;inscrit dans \u00ab\u00a0le prolongement des pr\u00e9c\u00e9dentes visites qui ont permis aux deux parties d&rsquo;\u00e9voquer des sujets d&rsquo;actualit\u00e9 et d&rsquo;int\u00e9r\u00eat commun\u00a0\u00bb.<\/p>\n\n\n\n<p>Notons que selon un communiqu\u00e9 du minist\u00e8re de la D\u00e9fense nationale, les deux parties ont abord\u00e9 lors de cette audience \u00ab\u00a0l&rsquo;\u00e9tat de la coop\u00e9ration militaire entre les arm\u00e9es des deux pays et les moyens de son renforcement\u00a0\u00bb, \u00e9voqu\u00e9 \u00ab\u00a0les d\u00e9fis s\u00e9curitaires qui se posent au monde, en g\u00e9n\u00e9ral, et au continent africain, en particulier\u00a0\u00bb, et \u00e9chang\u00e9 les points de vue sur les \u00ab\u00a0diff\u00e9rentes questions d&rsquo;int\u00e9r\u00eat commun\u00a0\u00bb.<\/p>\n\n\n\n<p>Dans ce sens, le G\u00e9n\u00e9ral d\u2019Arm\u00e9e Chanegriha a soulign\u00e9 que cette nouvelle visite d\u2019une d\u00e9l\u00e9gation britannique \u00ab&nbsp;intervient quelques jours apr\u00e8s celle effectu\u00e9e par le Mar\u00e9chal de l&rsquo;Air Martin Eliott Sampson, haut conseiller de la d\u00e9fense pour la r\u00e9gion MENA, qui a permis aux deux parties d&rsquo;\u00e9voquer des sujets d&rsquo;actualit\u00e9 et d&rsquo;int\u00e9r\u00eat commun&nbsp;\u00bb. \u00ab&nbsp;De telles activit\u00e9s et rencontres repr\u00e9sentent des opportunit\u00e9s pour promouvoir le dialogue strat\u00e9gique entre l&rsquo;Alg\u00e9rie et la Grande-Bretagne au niveau des aspirations de nos institutions respectives&nbsp;\u00bb, a-t-il affirm\u00e9. L\u2019occasion pour le Chef de l\u2019\u00c9tat-Major de l\u2019ANP d\u2019assurer \u00ab&nbsp;de l&rsquo;enti\u00e8re disposition et la ferme volont\u00e9 du Haut Commandement de l&rsquo;Arm\u00e9e nationale populaire pour consentir les efforts n\u00e9cessaires, \u00e0 m\u00eame d&rsquo;instaurer une dynamique de coop\u00e9ration b\u00e9n\u00e9fique pour nos institutions respectives, qui repose sur des \u00e9changes francs et une vision objective et pragmatique&nbsp;\u00bb.Le G\u00e9n\u00e9ral d&rsquo;Arm\u00e9e a, en outre, mis en exergue \u00ab\u00a0la qualit\u00e9 des relations entretenues par les deux pays, particuli\u00e8rement en termes d&rsquo;\u00e9change des exp\u00e9riences dans le domaine de la lutte antiterroriste et la formation\u00a0\u00bb.\u00a0\u00bbAu chapitre de la coop\u00e9ration militaire bilat\u00e9rale, nous nous f\u00e9licitons de la qualit\u00e9 des relations, ainsi que de la volont\u00e9 affich\u00e9e par les hautes autorit\u00e9s des deux pays pour les promouvoir davantage, particuli\u00e8rement dans les domaines d&rsquo;int\u00e9r\u00eat commun, \u00e0 l&rsquo;instar de l&rsquo;\u00e9change des exp\u00e9riences dans la lutte antiterroriste et la formation\u00a0\u00bb, a-t-il soutenu.\u00a0\u00bbPar ailleurs et dans l&rsquo;objectif de la diversification des activit\u00e9s de notre coop\u00e9ration bilat\u00e9rale, nous pouvons engager les concertations n\u00e9cessaires, en vue de d\u00e9gager les opportunit\u00e9s offertes dans les diff\u00e9rents domaines et les moyens de leur concr\u00e9tisation\u00a0\u00bb, a-t-il ajout\u00e9.La rencontre a constitu\u00e9, en outre, une opportunit\u00e9 pour \u00ab\u00a0\u00e9changer les analyses sur les questions d&rsquo;int\u00e9r\u00eat commun\u00a0\u00bb, rel\u00e8ve le communiqu\u00e9.A ce titre, le responsable britannique a mis l&rsquo;accent sur \u00ab\u00a0la disposition de son pays \u00e0 promouvoir davantage la coop\u00e9ration militaire bilat\u00e9rale entre les deux pays dans les diff\u00e9rents domaines\u00a0\u00bb.<\/p>\n\n\n\n<p><strong>Hocine Fadheli<\/strong><\/p>\n","protected":false},"excerpt":{"rendered":"<p>LeChef d&rsquo;Etat-Major de l&rsquo;Arm\u00e9e nationale populair, le &nbsp;G\u00e9n\u00e9ral d&rsquo;Arm\u00e9e Sa\u00efd Chanegriha, a affich\u00e9 hier l\u2019enti\u00e8re disposition de l\u2019ANP \u00e0 diversification<\/p>\n","protected":false},"author":3,"featured_media":36892,"comment_status":"open","ping_status":"closed","sticky":false,"template":"","format":"standard","meta":{"colormag_page_container_layout":"default_layout","colormag_page_sidebar_layout":"default_layout","om_disable_all_campaigns":false,"_monsterinsights_skip_tracking":false,"_monsterinsights_sitenote_active":false,"_monsterinsights_sitenote_note":"","_monsterinsights_sitenote_category":0,"footnotes":"","_wpscppro_dont_share_socialmedia":false,"_wpscppro_custom_social_share_image":0,"_facebook_share_type":"","_twitter_share_type":"","_linkedin_share_type":"","_pinterest_share_type":"","_linkedin_share_type_page":"","_instagram_share_type":"","_medium_share_type":"","_threads_share_type":"","_google_business_share_type":"","_selected_social_profile":[],"_wpsp_enable_custom_social_template":false,"_wpsp_social_scheduling":{"enabled":false,"datetime":null,"platforms":[],"status":"template_only","dateOption":"today","timeOption":"now","customDays":"","customHours":"","customDate":"","customTime":"","schedulingType":"absolute"},"_wpsp_active_default_template":true},"categories":[27],"tags":[],"class_list":["post-36850","post","type-post","status-publish","format-standard","has-post-thumbnail","hentry","category-actualite"],"aioseo_notices":[],"yoast_head":"<!-- This site is optimized with the Yoast SEO plugin v27.5 - https:\/\/yoast.com\/product\/yoast-seo-wordpress\/ -->\n<title>Chanegriha re\u00e7oit le ministre d&rsquo;Etat charg\u00e9 des Forces arm\u00e9es britanniques\u00a0: La consolidation de la coop\u00e9ration militaire \u00e0 l\u2019ordre du jour - La Sentinelle<\/title>\n<meta name=\"robots\" content=\"index, follow, max-snippet:-1, max-image-preview:large, max-video-preview:-1\" \/>\n<link rel=\"canonical\" href=\"https:\/\/lasentinelle.dz\/index.php\/2023\/02\/26\/chanegriha-recoit-le-ministre-detat-charge-des-forces-armees-britanniques-la-consolidation-de-la-cooperation-militaire-a-lordre-du-jour\/\" \/>\n<meta property=\"og:locale\" content=\"fr_FR\" \/>\n<meta property=\"og:type\" content=\"article\" \/>\n<meta property=\"og:title\" content=\"Chanegriha re\u00e7oit le ministre d&rsquo;Etat charg\u00e9 des Forces arm\u00e9es britanniques\u00a0: La consolidation de la coop\u00e9ration militaire \u00e0 l\u2019ordre du jour - La Sentinelle\" \/>\n<meta property=\"og:description\" content=\"LeChef d&rsquo;Etat-Major de l&rsquo;Arm\u00e9e nationale populair, le &nbsp;G\u00e9n\u00e9ral d&rsquo;Arm\u00e9e Sa\u00efd Chanegriha, a affich\u00e9 hier l\u2019enti\u00e8re disposition de l\u2019ANP \u00e0 diversification\" \/>\n<meta property=\"og:url\" content=\"https:\/\/lasentinelle.dz\/index.php\/2023\/02\/26\/chanegriha-recoit-le-ministre-detat-charge-des-forces-armees-britanniques-la-consolidation-de-la-cooperation-militaire-a-lordre-du-jour\/\" \/>\n<meta property=\"og:site_name\" content=\"La Sentinelle\" \/>\n<meta property=\"article:publisher\" content=\"https:\/\/www.facebook.com\/La-Sentinelle-104059864394773\" \/>\n<meta property=\"article:published_time\" content=\"2023-02-26T21:05:00+00:00\" \/>\n<meta property=\"og:image\" content=\"https:\/\/lasentinelle.dz\/wp-content\/uploads\/2023\/02\/Sans-titre-4-11.png\" \/>\n\t<meta property=\"og:image:width\" content=\"1570\" \/>\n\t<meta property=\"og:image:height\" content=\"900\" \/>\n\t<meta property=\"og:image:type\" content=\"image\/png\" \/>\n<meta name=\"author\" content=\"La Sentinelle\" \/>\n<meta name=\"twitter:card\" content=\"summary_large_image\" \/>\n<meta name=\"twitter:label1\" content=\"\u00c9crit par\" \/>\n\t<meta name=\"twitter:data1\" content=\"La Sentinelle\" \/>\n\t<meta name=\"twitter:label2\" content=\"Dur\u00e9e de lecture estim\u00e9e\" \/>\n\t<meta name=\"twitter:data2\" content=\"3 minutes\" \/>\n<script type=\"application\/ld+json\" class=\"yoast-schema-graph\">{\"@context\":\"https:\\\/\\\/schema.org\",\"@graph\":[{\"@type\":\"Article\",\"@id\":\"https:\\\/\\\/lasentinelle.dz\\\/index.php\\\/2023\\\/02\\\/26\\\/chanegriha-recoit-le-ministre-detat-charge-des-forces-armees-britanniques-la-consolidation-de-la-cooperation-militaire-a-lordre-du-jour\\\/#article\",\"isPartOf\":{\"@id\":\"https:\\\/\\\/lasentinelle.dz\\\/index.php\\\/2023\\\/02\\\/26\\\/chanegriha-recoit-le-ministre-detat-charge-des-forces-armees-britanniques-la-consolidation-de-la-cooperation-militaire-a-lordre-du-jour\\\/\"},\"author\":{\"name\":\"La Sentinelle\",\"@id\":\"https:\\\/\\\/lasentinelle.dz\\\/#\\\/schema\\\/person\\\/d865044e22e70a75174ce8bcad3acfb3\"},\"headline\":\"Chanegriha re\u00e7oit le ministre d&rsquo;Etat charg\u00e9 des Forces arm\u00e9es britanniques\u00a0: La consolidation de la coop\u00e9ration militaire \u00e0 l\u2019ordre du jour\",\"datePublished\":\"2023-02-26T21:05:00+00:00\",\"mainEntityOfPage\":{\"@id\":\"https:\\\/\\\/lasentinelle.dz\\\/index.php\\\/2023\\\/02\\\/26\\\/chanegriha-recoit-le-ministre-detat-charge-des-forces-armees-britanniques-la-consolidation-de-la-cooperation-militaire-a-lordre-du-jour\\\/\"},\"wordCount\":630,\"commentCount\":0,\"publisher\":{\"@id\":\"https:\\\/\\\/lasentinelle.dz\\\/#organization\"},\"image\":{\"@id\":\"https:\\\/\\\/lasentinelle.dz\\\/index.php\\\/2023\\\/02\\\/26\\\/chanegriha-recoit-le-ministre-detat-charge-des-forces-armees-britanniques-la-consolidation-de-la-cooperation-militaire-a-lordre-du-jour\\\/#primaryimage\"},\"thumbnailUrl\":\"https:\\\/\\\/lasentinelle.dz\\\/wp-content\\\/uploads\\\/2023\\\/02\\\/Sans-titre-4-11.png\",\"articleSection\":[\"Actualit\u00e9\"],\"inLanguage\":\"fr-FR\",\"potentialAction\":[{\"@type\":\"CommentAction\",\"name\":\"Comment\",\"target\":[\"https:\\\/\\\/lasentinelle.dz\\\/index.php\\\/2023\\\/02\\\/26\\\/chanegriha-recoit-le-ministre-detat-charge-des-forces-armees-britanniques-la-consolidation-de-la-cooperation-militaire-a-lordre-du-jour\\\/#respond\"]}]},{\"@type\":\"WebPage\",\"@id\":\"https:\\\/\\\/lasentinelle.dz\\\/index.php\\\/2023\\\/02\\\/26\\\/chanegriha-recoit-le-ministre-detat-charge-des-forces-armees-britanniques-la-consolidation-de-la-cooperation-militaire-a-lordre-du-jour\\\/\",\"url\":\"https:\\\/\\\/lasentinelle.dz\\\/index.php\\\/2023\\\/02\\\/26\\\/chanegriha-recoit-le-ministre-detat-charge-des-forces-armees-britanniques-la-consolidation-de-la-cooperation-militaire-a-lordre-du-jour\\\/\",\"name\":\"Chanegriha re\u00e7oit le ministre d&rsquo;Etat charg\u00e9 des Forces arm\u00e9es britanniques\u00a0: La consolidation de la coop\u00e9ration militaire \u00e0 l\u2019ordre du jour - La Sentinelle\",\"isPartOf\":{\"@id\":\"https:\\\/\\\/lasentinelle.dz\\\/#website\"},\"primaryImageOfPage\":{\"@id\":\"https:\\\/\\\/lasentinelle.dz\\\/index.php\\\/2023\\\/02\\\/26\\\/chanegriha-recoit-le-ministre-detat-charge-des-forces-armees-britanniques-la-consolidation-de-la-cooperation-militaire-a-lordre-du-jour\\\/#primaryimage\"},\"image\":{\"@id\":\"https:\\\/\\\/lasentinelle.dz\\\/index.php\\\/2023\\\/02\\\/26\\\/chanegriha-recoit-le-ministre-detat-charge-des-forces-armees-britanniques-la-consolidation-de-la-cooperation-militaire-a-lordre-du-jour\\\/#primaryimage\"},\"thumbnailUrl\":\"https:\\\/\\\/lasentinelle.dz\\\/wp-content\\\/uploads\\\/2023\\\/02\\\/Sans-titre-4-11.png\",\"datePublished\":\"2023-02-26T21:05:00+00:00\",\"breadcrumb\":{\"@id\":\"https:\\\/\\\/lasentinelle.dz\\\/index.php\\\/2023\\\/02\\\/26\\\/chanegriha-recoit-le-ministre-detat-charge-des-forces-armees-britanniques-la-consolidation-de-la-cooperation-militaire-a-lordre-du-jour\\\/#breadcrumb\"},\"inLanguage\":\"fr-FR\",\"potentialAction\":[{\"@type\":\"ReadAction\",\"target\":[\"https:\\\/\\\/lasentinelle.dz\\\/index.php\\\/2023\\\/02\\\/26\\\/chanegriha-recoit-le-ministre-detat-charge-des-forces-armees-britanniques-la-consolidation-de-la-cooperation-militaire-a-lordre-du-jour\\\/\"]}]},{\"@type\":\"ImageObject\",\"inLanguage\":\"fr-FR\",\"@id\":\"https:\\\/\\\/lasentinelle.dz\\\/index.php\\\/2023\\\/02\\\/26\\\/chanegriha-recoit-le-ministre-detat-charge-des-forces-armees-britanniques-la-consolidation-de-la-cooperation-militaire-a-lordre-du-jour\\\/#primaryimage\",\"url\":\"https:\\\/\\\/lasentinelle.dz\\\/wp-content\\\/uploads\\\/2023\\\/02\\\/Sans-titre-4-11.png\",\"contentUrl\":\"https:\\\/\\\/lasentinelle.dz\\\/wp-content\\\/uploads\\\/2023\\\/02\\\/Sans-titre-4-11.png\",\"width\":1570,\"height\":900},{\"@type\":\"BreadcrumbList\",\"@id\":\"https:\\\/\\\/lasentinelle.dz\\\/index.php\\\/2023\\\/02\\\/26\\\/chanegriha-recoit-le-ministre-detat-charge-des-forces-armees-britanniques-la-consolidation-de-la-cooperation-militaire-a-lordre-du-jour\\\/#breadcrumb\",\"itemListElement\":[{\"@type\":\"ListItem\",\"position\":1,\"name\":\"Accueil\",\"item\":\"https:\\\/\\\/lasentinelle.dz\\\/\"},{\"@type\":\"ListItem\",\"position\":2,\"name\":\"Chanegriha re\u00e7oit le ministre d&rsquo;Etat charg\u00e9 des Forces arm\u00e9es britanniques\u00a0: La consolidation de la coop\u00e9ration militaire \u00e0 l\u2019ordre du jour\"}]},{\"@type\":\"WebSite\",\"@id\":\"https:\\\/\\\/lasentinelle.dz\\\/#website\",\"url\":\"https:\\\/\\\/lasentinelle.dz\\\/\",\"name\":\"La Sentinelle\",\"description\":\"Quotidien national d&#039;information\",\"publisher\":{\"@id\":\"https:\\\/\\\/lasentinelle.dz\\\/#organization\"},\"potentialAction\":[{\"@type\":\"SearchAction\",\"target\":{\"@type\":\"EntryPoint\",\"urlTemplate\":\"https:\\\/\\\/lasentinelle.dz\\\/?s={search_term_string}\"},\"query-input\":{\"@type\":\"PropertyValueSpecification\",\"valueRequired\":true,\"valueName\":\"search_term_string\"}}],\"inLanguage\":\"fr-FR\"},{\"@type\":\"Organization\",\"@id\":\"https:\\\/\\\/lasentinelle.dz\\\/#organization\",\"name\":\"Quotidien La Sentinelle\",\"url\":\"https:\\\/\\\/lasentinelle.dz\\\/\",\"logo\":{\"@type\":\"ImageObject\",\"inLanguage\":\"fr-FR\",\"@id\":\"https:\\\/\\\/lasentinelle.dz\\\/#\\\/schema\\\/logo\\\/image\\\/\",\"url\":\"https:\\\/\\\/lasentinelle.dz\\\/wp-content\\\/uploads\\\/2021\\\/09\\\/logo-sentinelleSLOGAN-1.png\",\"contentUrl\":\"https:\\\/\\\/lasentinelle.dz\\\/wp-content\\\/uploads\\\/2021\\\/09\\\/logo-sentinelleSLOGAN-1.png\",\"width\":615,\"height\":142,\"caption\":\"Quotidien La Sentinelle\"},\"image\":{\"@id\":\"https:\\\/\\\/lasentinelle.dz\\\/#\\\/schema\\\/logo\\\/image\\\/\"},\"sameAs\":[\"https:\\\/\\\/www.facebook.com\\\/La-Sentinelle-104059864394773\"]},{\"@type\":\"Person\",\"@id\":\"https:\\\/\\\/lasentinelle.dz\\\/#\\\/schema\\\/person\\\/d865044e22e70a75174ce8bcad3acfb3\",\"name\":\"La Sentinelle\",\"image\":{\"@type\":\"ImageObject\",\"inLanguage\":\"fr-FR\",\"@id\":\"https:\\\/\\\/secure.gravatar.com\\\/avatar\\\/57de8e5d4b15d43fb361a71fbb36338450fe67865b528a43dd10ef7c51a20392?s=96&d=mm&r=g\",\"url\":\"https:\\\/\\\/secure.gravatar.com\\\/avatar\\\/57de8e5d4b15d43fb361a71fbb36338450fe67865b528a43dd10ef7c51a20392?s=96&d=mm&r=g\",\"contentUrl\":\"https:\\\/\\\/secure.gravatar.com\\\/avatar\\\/57de8e5d4b15d43fb361a71fbb36338450fe67865b528a43dd10ef7c51a20392?s=96&d=mm&r=g\",\"caption\":\"La Sentinelle\"},\"sameAs\":[\"http:\\\/\\\/www.lasentinelle.dz\"],\"url\":\"https:\\\/\\\/lasentinelle.dz\\\/author\\\/redaction\\\/\"}]}<\/script>\n<!-- \/ Yoast SEO plugin. -->","yoast_head_json":{"title":"Chanegriha re\u00e7oit le ministre d&rsquo;Etat charg\u00e9 des Forces arm\u00e9es britanniques\u00a0: La consolidation de la coop\u00e9ration militaire \u00e0 l\u2019ordre du jour - La Sentinelle","robots":{"index":"index","follow":"follow","max-snippet":"max-snippet:-1","max-image-preview":"max-image-preview:large","max-video-preview":"max-video-preview:-1"},"canonical":"https:\/\/lasentinelle.dz\/index.php\/2023\/02\/26\/chanegriha-recoit-le-ministre-detat-charge-des-forces-armees-britanniques-la-consolidation-de-la-cooperation-militaire-a-lordre-du-jour\/","og_locale":"fr_FR","og_type":"article","og_title":"Chanegriha re\u00e7oit le ministre d&rsquo;Etat charg\u00e9 des Forces arm\u00e9es britanniques\u00a0: La consolidation de la coop\u00e9ration militaire \u00e0 l\u2019ordre du jour - La Sentinelle","og_description":"LeChef d&rsquo;Etat-Major de l&rsquo;Arm\u00e9e nationale populair, le &nbsp;G\u00e9n\u00e9ral d&rsquo;Arm\u00e9e Sa\u00efd Chanegriha, a affich\u00e9 hier l\u2019enti\u00e8re disposition de l\u2019ANP \u00e0 diversification","og_url":"https:\/\/lasentinelle.dz\/index.php\/2023\/02\/26\/chanegriha-recoit-le-ministre-detat-charge-des-forces-armees-britanniques-la-consolidation-de-la-cooperation-militaire-a-lordre-du-jour\/","og_site_name":"La Sentinelle","article_publisher":"https:\/\/www.facebook.com\/La-Sentinelle-104059864394773","article_published_time":"2023-02-26T21:05:00+00:00","og_image":[{"width":1570,"height":900,"url":"https:\/\/lasentinelle.dz\/wp-content\/uploads\/2023\/02\/Sans-titre-4-11.png","type":"image\/png"}],"author":"La Sentinelle","twitter_card":"summary_large_image","twitter_misc":{"\u00c9crit par":"La Sentinelle","Dur\u00e9e de lecture estim\u00e9e":"3 minutes"},"schema":{"@context":"https:\/\/schema.org","@graph":[{"@type":"Article","@id":"https:\/\/lasentinelle.dz\/index.php\/2023\/02\/26\/chanegriha-recoit-le-ministre-detat-charge-des-forces-armees-britanniques-la-consolidation-de-la-cooperation-militaire-a-lordre-du-jour\/#article","isPartOf":{"@id":"https:\/\/lasentinelle.dz\/index.php\/2023\/02\/26\/chanegriha-recoit-le-ministre-detat-charge-des-forces-armees-britanniques-la-consolidation-de-la-cooperation-militaire-a-lordre-du-jour\/"},"author":{"name":"La Sentinelle","@id":"https:\/\/lasentinelle.dz\/#\/schema\/person\/d865044e22e70a75174ce8bcad3acfb3"},"headline":"Chanegriha re\u00e7oit le ministre d&rsquo;Etat charg\u00e9 des Forces arm\u00e9es britanniques\u00a0: La consolidation de la coop\u00e9ration militaire \u00e0 l\u2019ordre du jour","datePublished":"2023-02-26T21:05:00+00:00","mainEntityOfPage":{"@id":"https:\/\/lasentinelle.dz\/index.php\/2023\/02\/26\/chanegriha-recoit-le-ministre-detat-charge-des-forces-armees-britanniques-la-consolidation-de-la-cooperation-militaire-a-lordre-du-jour\/"},"wordCount":630,"commentCount":0,"publisher":{"@id":"https:\/\/lasentinelle.dz\/#organization"},"image":{"@id":"https:\/\/lasentinelle.dz\/index.php\/2023\/02\/26\/chanegriha-recoit-le-ministre-detat-charge-des-forces-armees-britanniques-la-consolidation-de-la-cooperation-militaire-a-lordre-du-jour\/#primaryimage"},"thumbnailUrl":"https:\/\/lasentinelle.dz\/wp-content\/uploads\/2023\/02\/Sans-titre-4-11.png","articleSection":["Actualit\u00e9"],"inLanguage":"fr-FR","potentialAction":[{"@type":"CommentAction","name":"Comment","target":["https:\/\/lasentinelle.dz\/index.php\/2023\/02\/26\/chanegriha-recoit-le-ministre-detat-charge-des-forces-armees-britanniques-la-consolidation-de-la-cooperation-militaire-a-lordre-du-jour\/#respond"]}]},{"@type":"WebPage","@id":"https:\/\/lasentinelle.dz\/index.php\/2023\/02\/26\/chanegriha-recoit-le-ministre-detat-charge-des-forces-armees-britanniques-la-consolidation-de-la-cooperation-militaire-a-lordre-du-jour\/","url":"https:\/\/lasentinelle.dz\/index.php\/2023\/02\/26\/chanegriha-recoit-le-ministre-detat-charge-des-forces-armees-britanniques-la-consolidation-de-la-cooperation-militaire-a-lordre-du-jour\/","name":"Chanegriha re\u00e7oit le ministre d&rsquo;Etat charg\u00e9 des Forces arm\u00e9es britanniques\u00a0: La consolidation de la coop\u00e9ration militaire \u00e0 l\u2019ordre du jour - La Sentinelle","isPartOf":{"@id":"https:\/\/lasentinelle.dz\/#website"},"primaryImageOfPage":{"@id":"https:\/\/lasentinelle.dz\/index.php\/2023\/02\/26\/chanegriha-recoit-le-ministre-detat-charge-des-forces-armees-britanniques-la-consolidation-de-la-cooperation-militaire-a-lordre-du-jour\/#primaryimage"},"image":{"@id":"https:\/\/lasentinelle.dz\/index.php\/2023\/02\/26\/chanegriha-recoit-le-ministre-detat-charge-des-forces-armees-britanniques-la-consolidation-de-la-cooperation-militaire-a-lordre-du-jour\/#primaryimage"},"thumbnailUrl":"https:\/\/lasentinelle.dz\/wp-content\/uploads\/2023\/02\/Sans-titre-4-11.png","datePublished":"2023-02-26T21:05:00+00:00","breadcrumb":{"@id":"https:\/\/lasentinelle.dz\/index.php\/2023\/02\/26\/chanegriha-recoit-le-ministre-detat-charge-des-forces-armees-britanniques-la-consolidation-de-la-cooperation-militaire-a-lordre-du-jour\/#breadcrumb"},"inLanguage":"fr-FR","potentialAction":[{"@type":"ReadAction","target":["https:\/\/lasentinelle.dz\/index.php\/2023\/02\/26\/chanegriha-recoit-le-ministre-detat-charge-des-forces-armees-britanniques-la-consolidation-de-la-cooperation-militaire-a-lordre-du-jour\/"]}]},{"@type":"ImageObject","inLanguage":"fr-FR","@id":"https:\/\/lasentinelle.dz\/index.php\/2023\/02\/26\/chanegriha-recoit-le-ministre-detat-charge-des-forces-armees-britanniques-la-consolidation-de-la-cooperation-militaire-a-lordre-du-jour\/#primaryimage","url":"https:\/\/lasentinelle.dz\/wp-content\/uploads\/2023\/02\/Sans-titre-4-11.png","contentUrl":"https:\/\/lasentinelle.dz\/wp-content\/uploads\/2023\/02\/Sans-titre-4-11.png","width":1570,"height":900},{"@type":"BreadcrumbList","@id":"https:\/\/lasentinelle.dz\/index.php\/2023\/02\/26\/chanegriha-recoit-le-ministre-detat-charge-des-forces-armees-britanniques-la-consolidation-de-la-cooperation-militaire-a-lordre-du-jour\/#breadcrumb","itemListElement":[{"@type":"ListItem","position":1,"name":"Accueil","item":"https:\/\/lasentinelle.dz\/"},{"@type":"ListItem","position":2,"name":"Chanegriha re\u00e7oit le ministre d&rsquo;Etat charg\u00e9 des Forces arm\u00e9es britanniques\u00a0: La consolidation de la coop\u00e9ration militaire \u00e0 l\u2019ordre du jour"}]},{"@type":"WebSite","@id":"https:\/\/lasentinelle.dz\/#website","url":"https:\/\/lasentinelle.dz\/","name":"La Sentinelle","description":"Quotidien national d&#039;information","publisher":{"@id":"https:\/\/lasentinelle.dz\/#organization"},"potentialAction":[{"@type":"SearchAction","target":{"@type":"EntryPoint","urlTemplate":"https:\/\/lasentinelle.dz\/?s={search_term_string}"},"query-input":{"@type":"PropertyValueSpecification","valueRequired":true,"valueName":"search_term_string"}}],"inLanguage":"fr-FR"},{"@type":"Organization","@id":"https:\/\/lasentinelle.dz\/#organization","name":"Quotidien La Sentinelle","url":"https:\/\/lasentinelle.dz\/","logo":{"@type":"ImageObject","inLanguage":"fr-FR","@id":"https:\/\/lasentinelle.dz\/#\/schema\/logo\/image\/","url":"https:\/\/lasentinelle.dz\/wp-content\/uploads\/2021\/09\/logo-sentinelleSLOGAN-1.png","contentUrl":"https:\/\/lasentinelle.dz\/wp-content\/uploads\/2021\/09\/logo-sentinelleSLOGAN-1.png","width":615,"height":142,"caption":"Quotidien La Sentinelle"},"image":{"@id":"https:\/\/lasentinelle.dz\/#\/schema\/logo\/image\/"},"sameAs":["https:\/\/www.facebook.com\/La-Sentinelle-104059864394773"]},{"@type":"Person","@id":"https:\/\/lasentinelle.dz\/#\/schema\/person\/d865044e22e70a75174ce8bcad3acfb3","name":"La Sentinelle","image":{"@type":"ImageObject","inLanguage":"fr-FR","@id":"https:\/\/secure.gravatar.com\/avatar\/57de8e5d4b15d43fb361a71fbb36338450fe67865b528a43dd10ef7c51a20392?s=96&d=mm&r=g","url":"https:\/\/secure.gravatar.com\/avatar\/57de8e5d4b15d43fb361a71fbb36338450fe67865b528a43dd10ef7c51a20392?s=96&d=mm&r=g","contentUrl":"https:\/\/secure.gravatar.com\/avatar\/57de8e5d4b15d43fb361a71fbb36338450fe67865b528a43dd10ef7c51a20392?s=96&d=mm&r=g","caption":"La Sentinelle"},"sameAs":["http:\/\/www.lasentinelle.dz"],"url":"https:\/\/lasentinelle.dz\/author\/redaction\/"}]}},"_links":{"self":[{"href":"https:\/\/lasentinelle.dz\/index.php\/wp-json\/wp\/v2\/posts\/36850","targetHints":{"allow":["GET"]}}],"collection":[{"href":"https:\/\/lasentinelle.dz\/index.php\/wp-json\/wp\/v2\/posts"}],"about":[{"href":"https:\/\/lasentinelle.dz\/index.php\/wp-json\/wp\/v2\/types\/post"}],"author":[{"embeddable":true,"href":"https:\/\/lasentinelle.dz\/index.php\/wp-json\/wp\/v2\/users\/3"}],"replies":[{"embeddable":true,"href":"https:\/\/lasentinelle.dz\/index.php\/wp-json\/wp\/v2\/comments?post=36850"}],"version-history":[{"count":1,"href":"https:\/\/lasentinelle.dz\/index.php\/wp-json\/wp\/v2\/posts\/36850\/revisions"}],"predecessor-version":[{"id":36893,"href":"https:\/\/lasentinelle.dz\/index.php\/wp-json\/wp\/v2\/posts\/36850\/revisions\/36893"}],"wp:featuredmedia":[{"embeddable":true,"href":"https:\/\/lasentinelle.dz\/index.php\/wp-json\/wp\/v2\/media\/36892"}],"wp:attachment":[{"href":"https:\/\/lasentinelle.dz\/index.php\/wp-json\/wp\/v2\/media?parent=36850"}],"wp:term":[{"taxonomy":"category","embeddable":true,"href":"https:\/\/lasentinelle.dz\/index.php\/wp-json\/wp\/v2\/categories?post=36850"},{"taxonomy":"post_tag","embeddable":true,"href":"https:\/\/lasentinelle.dz\/index.php\/wp-json\/wp\/v2\/tags?post=36850"}],"curies":[{"name":"wp","href":"https:\/\/api.w.org\/{rel}","templated":true}]}}