{"id":36851,"date":"2023-02-26T22:05:00","date_gmt":"2023-02-26T21:05:00","guid":{"rendered":"https:\/\/lasentinelle.dz\/?p=36851"},"modified":"2023-02-26T20:33:30","modified_gmt":"2023-02-26T19:33:30","slug":"conseil-superieur-de-la-jeunesse-une-agex-pour-elire-les-vice-presidents-et-les-commissions","status":"publish","type":"post","link":"https:\/\/lasentinelle.dz\/index.php\/2023\/02\/26\/conseil-superieur-de-la-jeunesse-une-agex-pour-elire-les-vice-presidents-et-les-commissions\/","title":{"rendered":"Conseil sup\u00e9rieur de la jeunesse\u00a0: Une AGex pour \u00e9lire les vice-pr\u00e9sidents et les commissions"},"content":{"rendered":"\n<p>Le CSJ tient une AG extraordinaire consacr\u00e9e au parach\u00e8vement de son organigramme<\/p>\n\n\n\n<p>Le pr\u00e9sident du Conseil sup\u00e9rieur de la Jeunesse (CSJ), Mustapha Hidaoui, a affirm\u00e9 hier que \u00ab\u00a0le CSJ a \u0153uvr\u00e9, depuis sa cr\u00e9ation, \u00e0 la mise en place du premier jalon du projet d&rsquo;une institution consciente de l&rsquo;importance des priorit\u00e9s et des d\u00e9fis, notamment celui de faire face aux mentalit\u00e9s et aux mauvaises pratiques\u00a0\u00bb.Hidaoui qui s\u2019exprimait hier en marge de l\u2019Assembl\u00e9e g\u00e9n\u00e9rale extraordinaire du CSJconsacr\u00e9e \u00e0 l&rsquo;\u00e9lection de ses instances en parach\u00e8vement de l&rsquo;organigramme de cette institution a soulign\u00e9 que le Conseil \u0153uvrait par ailleurs \u00e0 \u00ab\u00a0renforcer son r\u00f4le et son action de fa\u00e7on en consacrant la rupture avec populisme et en focalisant sur l&rsquo;approche du travail fructueux qui consolide la confiance avec les forces vives du pays\u00a0\u00bb.Ces efforts, dit-il, ont donn\u00e9 lieu \u00e0 \u00ab\u00a0une vision dynamique et une large mobilisation de la jeunesse\u00a0\u00bb, affirmant que l&rsquo;entente \u00e9tait primordiale pour aller vers la conception d&rsquo;un nouveau paysage permettant d&rsquo;asseoir les fondements d&rsquo;une institution moderne et puissante avec les meilleures pratiques de gestion loin de la bureaucratie\u00a0\u00bb.Cette vision se concr\u00e9tise \u00e0 travers l&rsquo;adoption de \u00ab\u00a0la num\u00e9risation comme choix essentiel de la gestion et de l&rsquo;administration\u00a0\u00bb, en plus de \u00ab\u00a0la communication continue et efficace\u00a0\u00bb.<\/p>\n\n\n\n<p>Le pr\u00e9sident du CSJ a indiqu\u00e9 que cette AGex permettra de \u00ab\u00a0parachever l&rsquo;organigramme du Conseil, en plus de renforcer sa pr\u00e9sence et son r\u00f4le sur la sc\u00e8ne nationale en tant qu&rsquo;acteur essentiel\u00a0\u00bb.\u00a0\u00bbIl sera proc\u00e9d\u00e9, lors de cette AG, \u00e0 l&rsquo;\u00e9lection des quatre vice-pr\u00e9sidents et des commissions charg\u00e9es de l&rsquo;examen des diff\u00e9rentes pr\u00e9occupations des jeunes sur les plans local et national, pour l&rsquo;\u00e9laboration des recommandations \u00e0 concr\u00e9tiser dans le cadre des politiques g\u00e9n\u00e9rales du pays\u00a0\u00bb, a-t-il ajout\u00e9.Selon le m\u00eame responsable, la Commission charg\u00e9e de pr\u00e9parer et de superviser ces \u00e9lections a veill\u00e9 \u00e0 \u00ab\u00a0la num\u00e9risation des diff\u00e9rentes \u00e9tapes de l&rsquo;op\u00e9ration \u00e9lectorale\u00a0\u00bb, annon\u00e7ant \u00e0 cette occasion le lancement officiel de la plateforme num\u00e9rique du CSJ, avec la parution de la premi\u00e8re revue d\u00e9di\u00e9e aux jeunes.<\/p>\n\n\n\n<p>L&rsquo;op\u00e9ration \u00e9lectorale s\u2019est tenue \u00e0 huis clos, en attendant les r\u00e9sultats qui seront annonc\u00e9s aujourd\u2019hui.<\/p>\n\n\n\n<p>R.N.<\/p>\n","protected":false},"excerpt":{"rendered":"<p>Le CSJ tient une AG extraordinaire consacr\u00e9e au parach\u00e8vement de son organigramme Le pr\u00e9sident du Conseil sup\u00e9rieur de la Jeunesse<\/p>\n","protected":false},"author":3,"featured_media":36900,"comment_status":"open","ping_status":"closed","sticky":false,"template":"","format":"standard","meta":{"colormag_page_container_layout":"default_layout","colormag_page_sidebar_layout":"default_layout","om_disable_all_campaigns":false,"_monsterinsights_skip_tracking":false,"_monsterinsights_sitenote_active":false,"_monsterinsights_sitenote_note":"","_monsterinsights_sitenote_category":0,"footnotes":"","_wpscppro_dont_share_socialmedia":false,"_wpscppro_custom_social_share_image":0,"_facebook_share_type":"","_twitter_share_type":"","_linkedin_share_type":"","_pinterest_share_type":"","_linkedin_share_type_page":"","_instagram_share_type":"","_medium_share_type":"","_threads_share_type":"","_google_business_share_type":"","_selected_social_profile":[],"_wpsp_enable_custom_social_template":false,"_wpsp_social_scheduling":{"enabled":false,"datetime":null,"platforms":[],"status":"template_only","dateOption":"today","timeOption":"now","customDays":"","customHours":"","customDate":"","customTime":"","schedulingType":"absolute"},"_wpsp_active_default_template":true},"categories":[27],"tags":[],"class_list":["post-36851","post","type-post","status-publish","format-standard","has-post-thumbnail","hentry","category-actualite"],"aioseo_notices":[],"yoast_head":"<!-- This site is optimized with the Yoast SEO plugin v27.5 - https:\/\/yoast.com\/product\/yoast-seo-wordpress\/ -->\n<title>Conseil sup\u00e9rieur de la jeunesse\u00a0: Une AGex pour \u00e9lire les vice-pr\u00e9sidents et les commissions - La Sentinelle<\/title>\n<meta name=\"robots\" content=\"index, follow, max-snippet:-1, max-image-preview:large, max-video-preview:-1\" \/>\n<link rel=\"canonical\" href=\"https:\/\/lasentinelle.dz\/index.php\/2023\/02\/26\/conseil-superieur-de-la-jeunesse-une-agex-pour-elire-les-vice-presidents-et-les-commissions\/\" \/>\n<meta property=\"og:locale\" content=\"fr_FR\" \/>\n<meta property=\"og:type\" content=\"article\" \/>\n<meta property=\"og:title\" content=\"Conseil sup\u00e9rieur de la jeunesse\u00a0: Une AGex pour \u00e9lire les vice-pr\u00e9sidents et les commissions - La Sentinelle\" \/>\n<meta property=\"og:description\" content=\"Le CSJ tient une AG extraordinaire consacr\u00e9e au parach\u00e8vement de son organigramme Le pr\u00e9sident du Conseil sup\u00e9rieur de la Jeunesse\" \/>\n<meta property=\"og:url\" content=\"https:\/\/lasentinelle.dz\/index.php\/2023\/02\/26\/conseil-superieur-de-la-jeunesse-une-agex-pour-elire-les-vice-presidents-et-les-commissions\/\" \/>\n<meta property=\"og:site_name\" content=\"La Sentinelle\" \/>\n<meta property=\"article:publisher\" content=\"https:\/\/www.facebook.com\/La-Sentinelle-104059864394773\" \/>\n<meta property=\"article:published_time\" content=\"2023-02-26T21:05:00+00:00\" \/>\n<meta property=\"og:image\" content=\"https:\/\/lasentinelle.dz\/wp-content\/uploads\/2023\/02\/Sans-titre-6-4.png\" \/>\n\t<meta property=\"og:image:width\" content=\"1689\" \/>\n\t<meta property=\"og:image:height\" content=\"900\" \/>\n\t<meta property=\"og:image:type\" content=\"image\/png\" \/>\n<meta name=\"author\" content=\"La Sentinelle\" \/>\n<meta name=\"twitter:card\" content=\"summary_large_image\" \/>\n<meta name=\"twitter:label1\" content=\"\u00c9crit par\" \/>\n\t<meta name=\"twitter:data1\" content=\"La Sentinelle\" \/>\n\t<meta name=\"twitter:label2\" content=\"Dur\u00e9e de lecture estim\u00e9e\" \/>\n\t<meta name=\"twitter:data2\" content=\"2 minutes\" \/>\n<script type=\"application\/ld+json\" class=\"yoast-schema-graph\">{\"@context\":\"https:\\\/\\\/schema.org\",\"@graph\":[{\"@type\":\"Article\",\"@id\":\"https:\\\/\\\/lasentinelle.dz\\\/index.php\\\/2023\\\/02\\\/26\\\/conseil-superieur-de-la-jeunesse-une-agex-pour-elire-les-vice-presidents-et-les-commissions\\\/#article\",\"isPartOf\":{\"@id\":\"https:\\\/\\\/lasentinelle.dz\\\/index.php\\\/2023\\\/02\\\/26\\\/conseil-superieur-de-la-jeunesse-une-agex-pour-elire-les-vice-presidents-et-les-commissions\\\/\"},\"author\":{\"name\":\"La Sentinelle\",\"@id\":\"https:\\\/\\\/lasentinelle.dz\\\/#\\\/schema\\\/person\\\/d865044e22e70a75174ce8bcad3acfb3\"},\"headline\":\"Conseil sup\u00e9rieur de la jeunesse\u00a0: Une AGex pour \u00e9lire les vice-pr\u00e9sidents et les commissions\",\"datePublished\":\"2023-02-26T21:05:00+00:00\",\"mainEntityOfPage\":{\"@id\":\"https:\\\/\\\/lasentinelle.dz\\\/index.php\\\/2023\\\/02\\\/26\\\/conseil-superieur-de-la-jeunesse-une-agex-pour-elire-les-vice-presidents-et-les-commissions\\\/\"},\"wordCount\":419,\"commentCount\":0,\"publisher\":{\"@id\":\"https:\\\/\\\/lasentinelle.dz\\\/#organization\"},\"image\":{\"@id\":\"https:\\\/\\\/lasentinelle.dz\\\/index.php\\\/2023\\\/02\\\/26\\\/conseil-superieur-de-la-jeunesse-une-agex-pour-elire-les-vice-presidents-et-les-commissions\\\/#primaryimage\"},\"thumbnailUrl\":\"https:\\\/\\\/lasentinelle.dz\\\/wp-content\\\/uploads\\\/2023\\\/02\\\/Sans-titre-6-4.png\",\"articleSection\":[\"Actualit\u00e9\"],\"inLanguage\":\"fr-FR\",\"potentialAction\":[{\"@type\":\"CommentAction\",\"name\":\"Comment\",\"target\":[\"https:\\\/\\\/lasentinelle.dz\\\/index.php\\\/2023\\\/02\\\/26\\\/conseil-superieur-de-la-jeunesse-une-agex-pour-elire-les-vice-presidents-et-les-commissions\\\/#respond\"]}]},{\"@type\":\"WebPage\",\"@id\":\"https:\\\/\\\/lasentinelle.dz\\\/index.php\\\/2023\\\/02\\\/26\\\/conseil-superieur-de-la-jeunesse-une-agex-pour-elire-les-vice-presidents-et-les-commissions\\\/\",\"url\":\"https:\\\/\\\/lasentinelle.dz\\\/index.php\\\/2023\\\/02\\\/26\\\/conseil-superieur-de-la-jeunesse-une-agex-pour-elire-les-vice-presidents-et-les-commissions\\\/\",\"name\":\"Conseil sup\u00e9rieur de la jeunesse\u00a0: Une AGex pour \u00e9lire les vice-pr\u00e9sidents et les commissions - La Sentinelle\",\"isPartOf\":{\"@id\":\"https:\\\/\\\/lasentinelle.dz\\\/#website\"},\"primaryImageOfPage\":{\"@id\":\"https:\\\/\\\/lasentinelle.dz\\\/index.php\\\/2023\\\/02\\\/26\\\/conseil-superieur-de-la-jeunesse-une-agex-pour-elire-les-vice-presidents-et-les-commissions\\\/#primaryimage\"},\"image\":{\"@id\":\"https:\\\/\\\/lasentinelle.dz\\\/index.php\\\/2023\\\/02\\\/26\\\/conseil-superieur-de-la-jeunesse-une-agex-pour-elire-les-vice-presidents-et-les-commissions\\\/#primaryimage\"},\"thumbnailUrl\":\"https:\\\/\\\/lasentinelle.dz\\\/wp-content\\\/uploads\\\/2023\\\/02\\\/Sans-titre-6-4.png\",\"datePublished\":\"2023-02-26T21:05:00+00:00\",\"breadcrumb\":{\"@id\":\"https:\\\/\\\/lasentinelle.dz\\\/index.php\\\/2023\\\/02\\\/26\\\/conseil-superieur-de-la-jeunesse-une-agex-pour-elire-les-vice-presidents-et-les-commissions\\\/#breadcrumb\"},\"inLanguage\":\"fr-FR\",\"potentialAction\":[{\"@type\":\"ReadAction\",\"target\":[\"https:\\\/\\\/lasentinelle.dz\\\/index.php\\\/2023\\\/02\\\/26\\\/conseil-superieur-de-la-jeunesse-une-agex-pour-elire-les-vice-presidents-et-les-commissions\\\/\"]}]},{\"@type\":\"ImageObject\",\"inLanguage\":\"fr-FR\",\"@id\":\"https:\\\/\\\/lasentinelle.dz\\\/index.php\\\/2023\\\/02\\\/26\\\/conseil-superieur-de-la-jeunesse-une-agex-pour-elire-les-vice-presidents-et-les-commissions\\\/#primaryimage\",\"url\":\"https:\\\/\\\/lasentinelle.dz\\\/wp-content\\\/uploads\\\/2023\\\/02\\\/Sans-titre-6-4.png\",\"contentUrl\":\"https:\\\/\\\/lasentinelle.dz\\\/wp-content\\\/uploads\\\/2023\\\/02\\\/Sans-titre-6-4.png\",\"width\":1689,\"height\":900},{\"@type\":\"BreadcrumbList\",\"@id\":\"https:\\\/\\\/lasentinelle.dz\\\/index.php\\\/2023\\\/02\\\/26\\\/conseil-superieur-de-la-jeunesse-une-agex-pour-elire-les-vice-presidents-et-les-commissions\\\/#breadcrumb\",\"itemListElement\":[{\"@type\":\"ListItem\",\"position\":1,\"name\":\"Accueil\",\"item\":\"https:\\\/\\\/lasentinelle.dz\\\/\"},{\"@type\":\"ListItem\",\"position\":2,\"name\":\"Conseil sup\u00e9rieur de la jeunesse\u00a0: Une AGex pour \u00e9lire les vice-pr\u00e9sidents et les commissions\"}]},{\"@type\":\"WebSite\",\"@id\":\"https:\\\/\\\/lasentinelle.dz\\\/#website\",\"url\":\"https:\\\/\\\/lasentinelle.dz\\\/\",\"name\":\"La Sentinelle\",\"description\":\"Quotidien national d&#039;information\",\"publisher\":{\"@id\":\"https:\\\/\\\/lasentinelle.dz\\\/#organization\"},\"potentialAction\":[{\"@type\":\"SearchAction\",\"target\":{\"@type\":\"EntryPoint\",\"urlTemplate\":\"https:\\\/\\\/lasentinelle.dz\\\/?s={search_term_string}\"},\"query-input\":{\"@type\":\"PropertyValueSpecification\",\"valueRequired\":true,\"valueName\":\"search_term_string\"}}],\"inLanguage\":\"fr-FR\"},{\"@type\":\"Organization\",\"@id\":\"https:\\\/\\\/lasentinelle.dz\\\/#organization\",\"name\":\"Quotidien La Sentinelle\",\"url\":\"https:\\\/\\\/lasentinelle.dz\\\/\",\"logo\":{\"@type\":\"ImageObject\",\"inLanguage\":\"fr-FR\",\"@id\":\"https:\\\/\\\/lasentinelle.dz\\\/#\\\/schema\\\/logo\\\/image\\\/\",\"url\":\"https:\\\/\\\/lasentinelle.dz\\\/wp-content\\\/uploads\\\/2021\\\/09\\\/logo-sentinelleSLOGAN-1.png\",\"contentUrl\":\"https:\\\/\\\/lasentinelle.dz\\\/wp-content\\\/uploads\\\/2021\\\/09\\\/logo-sentinelleSLOGAN-1.png\",\"width\":615,\"height\":142,\"caption\":\"Quotidien La Sentinelle\"},\"image\":{\"@id\":\"https:\\\/\\\/lasentinelle.dz\\\/#\\\/schema\\\/logo\\\/image\\\/\"},\"sameAs\":[\"https:\\\/\\\/www.facebook.com\\\/La-Sentinelle-104059864394773\"]},{\"@type\":\"Person\",\"@id\":\"https:\\\/\\\/lasentinelle.dz\\\/#\\\/schema\\\/person\\\/d865044e22e70a75174ce8bcad3acfb3\",\"name\":\"La Sentinelle\",\"image\":{\"@type\":\"ImageObject\",\"inLanguage\":\"fr-FR\",\"@id\":\"https:\\\/\\\/secure.gravatar.com\\\/avatar\\\/57de8e5d4b15d43fb361a71fbb36338450fe67865b528a43dd10ef7c51a20392?s=96&d=mm&r=g\",\"url\":\"https:\\\/\\\/secure.gravatar.com\\\/avatar\\\/57de8e5d4b15d43fb361a71fbb36338450fe67865b528a43dd10ef7c51a20392?s=96&d=mm&r=g\",\"contentUrl\":\"https:\\\/\\\/secure.gravatar.com\\\/avatar\\\/57de8e5d4b15d43fb361a71fbb36338450fe67865b528a43dd10ef7c51a20392?s=96&d=mm&r=g\",\"caption\":\"La Sentinelle\"},\"sameAs\":[\"http:\\\/\\\/www.lasentinelle.dz\"],\"url\":\"https:\\\/\\\/lasentinelle.dz\\\/author\\\/redaction\\\/\"}]}<\/script>\n<!-- \/ Yoast SEO plugin. -->","yoast_head_json":{"title":"Conseil sup\u00e9rieur de la jeunesse\u00a0: Une AGex pour \u00e9lire les vice-pr\u00e9sidents et les commissions - La Sentinelle","robots":{"index":"index","follow":"follow","max-snippet":"max-snippet:-1","max-image-preview":"max-image-preview:large","max-video-preview":"max-video-preview:-1"},"canonical":"https:\/\/lasentinelle.dz\/index.php\/2023\/02\/26\/conseil-superieur-de-la-jeunesse-une-agex-pour-elire-les-vice-presidents-et-les-commissions\/","og_locale":"fr_FR","og_type":"article","og_title":"Conseil sup\u00e9rieur de la jeunesse\u00a0: Une AGex pour \u00e9lire les vice-pr\u00e9sidents et les commissions - La Sentinelle","og_description":"Le CSJ tient une AG extraordinaire consacr\u00e9e au parach\u00e8vement de son organigramme Le pr\u00e9sident du Conseil sup\u00e9rieur de la Jeunesse","og_url":"https:\/\/lasentinelle.dz\/index.php\/2023\/02\/26\/conseil-superieur-de-la-jeunesse-une-agex-pour-elire-les-vice-presidents-et-les-commissions\/","og_site_name":"La Sentinelle","article_publisher":"https:\/\/www.facebook.com\/La-Sentinelle-104059864394773","article_published_time":"2023-02-26T21:05:00+00:00","og_image":[{"width":1689,"height":900,"url":"https:\/\/lasentinelle.dz\/wp-content\/uploads\/2023\/02\/Sans-titre-6-4.png","type":"image\/png"}],"author":"La Sentinelle","twitter_card":"summary_large_image","twitter_misc":{"\u00c9crit par":"La Sentinelle","Dur\u00e9e de lecture estim\u00e9e":"2 minutes"},"schema":{"@context":"https:\/\/schema.org","@graph":[{"@type":"Article","@id":"https:\/\/lasentinelle.dz\/index.php\/2023\/02\/26\/conseil-superieur-de-la-jeunesse-une-agex-pour-elire-les-vice-presidents-et-les-commissions\/#article","isPartOf":{"@id":"https:\/\/lasentinelle.dz\/index.php\/2023\/02\/26\/conseil-superieur-de-la-jeunesse-une-agex-pour-elire-les-vice-presidents-et-les-commissions\/"},"author":{"name":"La Sentinelle","@id":"https:\/\/lasentinelle.dz\/#\/schema\/person\/d865044e22e70a75174ce8bcad3acfb3"},"headline":"Conseil sup\u00e9rieur de la jeunesse\u00a0: Une AGex pour \u00e9lire les vice-pr\u00e9sidents et les commissions","datePublished":"2023-02-26T21:05:00+00:00","mainEntityOfPage":{"@id":"https:\/\/lasentinelle.dz\/index.php\/2023\/02\/26\/conseil-superieur-de-la-jeunesse-une-agex-pour-elire-les-vice-presidents-et-les-commissions\/"},"wordCount":419,"commentCount":0,"publisher":{"@id":"https:\/\/lasentinelle.dz\/#organization"},"image":{"@id":"https:\/\/lasentinelle.dz\/index.php\/2023\/02\/26\/conseil-superieur-de-la-jeunesse-une-agex-pour-elire-les-vice-presidents-et-les-commissions\/#primaryimage"},"thumbnailUrl":"https:\/\/lasentinelle.dz\/wp-content\/uploads\/2023\/02\/Sans-titre-6-4.png","articleSection":["Actualit\u00e9"],"inLanguage":"fr-FR","potentialAction":[{"@type":"CommentAction","name":"Comment","target":["https:\/\/lasentinelle.dz\/index.php\/2023\/02\/26\/conseil-superieur-de-la-jeunesse-une-agex-pour-elire-les-vice-presidents-et-les-commissions\/#respond"]}]},{"@type":"WebPage","@id":"https:\/\/lasentinelle.dz\/index.php\/2023\/02\/26\/conseil-superieur-de-la-jeunesse-une-agex-pour-elire-les-vice-presidents-et-les-commissions\/","url":"https:\/\/lasentinelle.dz\/index.php\/2023\/02\/26\/conseil-superieur-de-la-jeunesse-une-agex-pour-elire-les-vice-presidents-et-les-commissions\/","name":"Conseil sup\u00e9rieur de la jeunesse\u00a0: Une AGex pour \u00e9lire les vice-pr\u00e9sidents et les commissions - La Sentinelle","isPartOf":{"@id":"https:\/\/lasentinelle.dz\/#website"},"primaryImageOfPage":{"@id":"https:\/\/lasentinelle.dz\/index.php\/2023\/02\/26\/conseil-superieur-de-la-jeunesse-une-agex-pour-elire-les-vice-presidents-et-les-commissions\/#primaryimage"},"image":{"@id":"https:\/\/lasentinelle.dz\/index.php\/2023\/02\/26\/conseil-superieur-de-la-jeunesse-une-agex-pour-elire-les-vice-presidents-et-les-commissions\/#primaryimage"},"thumbnailUrl":"https:\/\/lasentinelle.dz\/wp-content\/uploads\/2023\/02\/Sans-titre-6-4.png","datePublished":"2023-02-26T21:05:00+00:00","breadcrumb":{"@id":"https:\/\/lasentinelle.dz\/index.php\/2023\/02\/26\/conseil-superieur-de-la-jeunesse-une-agex-pour-elire-les-vice-presidents-et-les-commissions\/#breadcrumb"},"inLanguage":"fr-FR","potentialAction":[{"@type":"ReadAction","target":["https:\/\/lasentinelle.dz\/index.php\/2023\/02\/26\/conseil-superieur-de-la-jeunesse-une-agex-pour-elire-les-vice-presidents-et-les-commissions\/"]}]},{"@type":"ImageObject","inLanguage":"fr-FR","@id":"https:\/\/lasentinelle.dz\/index.php\/2023\/02\/26\/conseil-superieur-de-la-jeunesse-une-agex-pour-elire-les-vice-presidents-et-les-commissions\/#primaryimage","url":"https:\/\/lasentinelle.dz\/wp-content\/uploads\/2023\/02\/Sans-titre-6-4.png","contentUrl":"https:\/\/lasentinelle.dz\/wp-content\/uploads\/2023\/02\/Sans-titre-6-4.png","width":1689,"height":900},{"@type":"BreadcrumbList","@id":"https:\/\/lasentinelle.dz\/index.php\/2023\/02\/26\/conseil-superieur-de-la-jeunesse-une-agex-pour-elire-les-vice-presidents-et-les-commissions\/#breadcrumb","itemListElement":[{"@type":"ListItem","position":1,"name":"Accueil","item":"https:\/\/lasentinelle.dz\/"},{"@type":"ListItem","position":2,"name":"Conseil sup\u00e9rieur de la jeunesse\u00a0: Une AGex pour \u00e9lire les vice-pr\u00e9sidents et les commissions"}]},{"@type":"WebSite","@id":"https:\/\/lasentinelle.dz\/#website","url":"https:\/\/lasentinelle.dz\/","name":"La Sentinelle","description":"Quotidien national d&#039;information","publisher":{"@id":"https:\/\/lasentinelle.dz\/#organization"},"potentialAction":[{"@type":"SearchAction","target":{"@type":"EntryPoint","urlTemplate":"https:\/\/lasentinelle.dz\/?s={search_term_string}"},"query-input":{"@type":"PropertyValueSpecification","valueRequired":true,"valueName":"search_term_string"}}],"inLanguage":"fr-FR"},{"@type":"Organization","@id":"https:\/\/lasentinelle.dz\/#organization","name":"Quotidien La Sentinelle","url":"https:\/\/lasentinelle.dz\/","logo":{"@type":"ImageObject","inLanguage":"fr-FR","@id":"https:\/\/lasentinelle.dz\/#\/schema\/logo\/image\/","url":"https:\/\/lasentinelle.dz\/wp-content\/uploads\/2021\/09\/logo-sentinelleSLOGAN-1.png","contentUrl":"https:\/\/lasentinelle.dz\/wp-content\/uploads\/2021\/09\/logo-sentinelleSLOGAN-1.png","width":615,"height":142,"caption":"Quotidien La Sentinelle"},"image":{"@id":"https:\/\/lasentinelle.dz\/#\/schema\/logo\/image\/"},"sameAs":["https:\/\/www.facebook.com\/La-Sentinelle-104059864394773"]},{"@type":"Person","@id":"https:\/\/lasentinelle.dz\/#\/schema\/person\/d865044e22e70a75174ce8bcad3acfb3","name":"La Sentinelle","image":{"@type":"ImageObject","inLanguage":"fr-FR","@id":"https:\/\/secure.gravatar.com\/avatar\/57de8e5d4b15d43fb361a71fbb36338450fe67865b528a43dd10ef7c51a20392?s=96&d=mm&r=g","url":"https:\/\/secure.gravatar.com\/avatar\/57de8e5d4b15d43fb361a71fbb36338450fe67865b528a43dd10ef7c51a20392?s=96&d=mm&r=g","contentUrl":"https:\/\/secure.gravatar.com\/avatar\/57de8e5d4b15d43fb361a71fbb36338450fe67865b528a43dd10ef7c51a20392?s=96&d=mm&r=g","caption":"La Sentinelle"},"sameAs":["http:\/\/www.lasentinelle.dz"],"url":"https:\/\/lasentinelle.dz\/author\/redaction\/"}]}},"_links":{"self":[{"href":"https:\/\/lasentinelle.dz\/index.php\/wp-json\/wp\/v2\/posts\/36851","targetHints":{"allow":["GET"]}}],"collection":[{"href":"https:\/\/lasentinelle.dz\/index.php\/wp-json\/wp\/v2\/posts"}],"about":[{"href":"https:\/\/lasentinelle.dz\/index.php\/wp-json\/wp\/v2\/types\/post"}],"author":[{"embeddable":true,"href":"https:\/\/lasentinelle.dz\/index.php\/wp-json\/wp\/v2\/users\/3"}],"replies":[{"embeddable":true,"href":"https:\/\/lasentinelle.dz\/index.php\/wp-json\/wp\/v2\/comments?post=36851"}],"version-history":[{"count":1,"href":"https:\/\/lasentinelle.dz\/index.php\/wp-json\/wp\/v2\/posts\/36851\/revisions"}],"predecessor-version":[{"id":36906,"href":"https:\/\/lasentinelle.dz\/index.php\/wp-json\/wp\/v2\/posts\/36851\/revisions\/36906"}],"wp:featuredmedia":[{"embeddable":true,"href":"https:\/\/lasentinelle.dz\/index.php\/wp-json\/wp\/v2\/media\/36900"}],"wp:attachment":[{"href":"https:\/\/lasentinelle.dz\/index.php\/wp-json\/wp\/v2\/media?parent=36851"}],"wp:term":[{"taxonomy":"category","embeddable":true,"href":"https:\/\/lasentinelle.dz\/index.php\/wp-json\/wp\/v2\/categories?post=36851"},{"taxonomy":"post_tag","embeddable":true,"href":"https:\/\/lasentinelle.dz\/index.php\/wp-json\/wp\/v2\/tags?post=36851"}],"curies":[{"name":"wp","href":"https:\/\/api.w.org\/{rel}","templated":true}]}}