{"id":36878,"date":"2023-02-26T22:05:00","date_gmt":"2023-02-26T21:05:00","guid":{"rendered":"https:\/\/lasentinelle.dz\/?p=36878"},"modified":"2023-02-26T20:30:33","modified_gmt":"2023-02-26T19:30:33","slug":"developpement-des-nouvelles-wilayas-du-sud-dimportants-moyens-mobilises-pour-reduire-les-disparites-regionales","status":"publish","type":"post","link":"https:\/\/lasentinelle.dz\/index.php\/2023\/02\/26\/developpement-des-nouvelles-wilayas-du-sud-dimportants-moyens-mobilises-pour-reduire-les-disparites-regionales\/","title":{"rendered":"D\u00e9veloppement des nouvelles wilayas du Sud\u00a0: D\u2019importants moyens mobilis\u00e9s pour r\u00e9duire les disparit\u00e9s r\u00e9gionales"},"content":{"rendered":"\n<p>Le ministre de l&rsquo;Int\u00e9rieur, des Collectivit\u00e9s locales et de l&rsquo;Am\u00e9nagement du Territoire, Brahim Merad, a indiqu\u00e9 samedi soir lors d&rsquo;une rencontre avec des membres de la soci\u00e9t\u00e9 civile, au terme de sa visite dans la wilaya de Djanet, en compagnie de la ministre de l&rsquo;Environnement et des Energies renouvelables, Samia Moualfi,que la cr\u00e9ation des dix nouvelles wilayas s&rsquo;inscrit dans la vision du pr\u00e9sident de la R\u00e9publique visant \u00e0 rapprocher le centre de d\u00e9cision du citoyen, notamment dans les r\u00e9gions recul\u00e9es, cr\u00e9er un \u00e9quilibre r\u00e9gional et \u00e9liminer les disparit\u00e9s entre les r\u00e9gions.&nbsp; C\u2019est dans cet objectif, explique-t-il, que<\/p>\n\n\n\n<p>\u00abl&rsquo;Etat a allou\u00e9 d&rsquo;importants moyens financiers et des ressources humaines suffisantes pour mener \u00e0 bien les diff\u00e9rents programmes de d\u00e9veloppement dans les nouvelles wilayas\u00bb, s.<\/p>\n\n\n\n<p>Le ministre a mis en avant dans ce contexte les efforts des pouvoirs publics en faveur de l&rsquo;am\u00e9lioration des conditions de vie des habitants des zones d&rsquo;ombre et du suivi quotidien des pr\u00e9occupations des citoyens, avant de souligner le r\u00f4le des walis dans l\u2019atteinte de ces objectifs. Brahim Merad a soulign\u00e9 dans ce contexte que les walis sonttenus de rencontrer p\u00e9riodiquement les parlementaires et les acteurs de la soci\u00e9t\u00e9 civile pour r\u00e9aliser le d\u00e9veloppement escompt\u00e9 et les aspirations des citoyens. \u00ab&nbsp;Ils sont \u00e9galement tenus d&rsquo;\u00e9laborer un programme regroupant tous les secteurs et de r\u00e9unir les conditions permettant sa concr\u00e9tisation, en coordination avec les \u00e9lus locaux&nbsp;\u00bb, a fait savoir le ministre.Les pr\u00e9occupations de la soci\u00e9t\u00e9 civile de la wilaya de Djanet ont essentiellement port\u00e9 sur le d\u00e9veloppement du secteur de l&rsquo;agriculture, la promotion des services et prestations sanitaires, les opportunit\u00e9s d&#8217;emploi dans la wilaya, l&rsquo;appui aux jeunes en mati\u00e8re d&rsquo;investissement agricole et l&rsquo;octroi de quotas suppl\u00e9mentaires d&rsquo;aides \u00e0 l&rsquo;habitat rural. Les intervenants ont \u00e9galement abord\u00e9 d&rsquo;autres questions li\u00e9es \u00e0 l&rsquo;ouverture de quelques sp\u00e9cialit\u00e9s techniques au Centre universitaire de la wilaya limitrophe d&rsquo;Illizi, l&rsquo;inclusion de projets routiers en vue de r\u00e9duire les distances, ainsi que l\u0626enregistrement \u00e0 l&rsquo;indicatif de la wilaya d\u0626autres formules de logements.<\/p>\n\n\n\n<p>R.N.<\/p>\n","protected":false},"excerpt":{"rendered":"<p>Le ministre de l&rsquo;Int\u00e9rieur, des Collectivit\u00e9s locales et de l&rsquo;Am\u00e9nagement du Territoire, Brahim Merad, a indiqu\u00e9 samedi soir lors d&rsquo;une<\/p>\n","protected":false},"author":3,"featured_media":36890,"comment_status":"open","ping_status":"closed","sticky":false,"template":"","format":"standard","meta":{"colormag_page_container_layout":"default_layout","colormag_page_sidebar_layout":"default_layout","om_disable_all_campaigns":false,"_monsterinsights_skip_tracking":false,"_monsterinsights_sitenote_active":false,"_monsterinsights_sitenote_note":"","_monsterinsights_sitenote_category":0,"footnotes":"","_wpscppro_dont_share_socialmedia":false,"_wpscppro_custom_social_share_image":0,"_facebook_share_type":"","_twitter_share_type":"","_linkedin_share_type":"","_pinterest_share_type":"","_linkedin_share_type_page":"","_instagram_share_type":"","_medium_share_type":"","_threads_share_type":"","_google_business_share_type":"","_selected_social_profile":[],"_wpsp_enable_custom_social_template":false,"_wpsp_social_scheduling":{"enabled":false,"datetime":null,"platforms":[],"status":"template_only","dateOption":"today","timeOption":"now","customDays":"","customHours":"","customDate":"","customTime":"","schedulingType":"absolute"},"_wpsp_active_default_template":true},"categories":[27],"tags":[],"class_list":["post-36878","post","type-post","status-publish","format-standard","has-post-thumbnail","hentry","category-actualite"],"aioseo_notices":[],"yoast_head":"<!-- This site is optimized with the Yoast SEO plugin v27.5 - https:\/\/yoast.com\/product\/yoast-seo-wordpress\/ -->\n<title>D\u00e9veloppement des nouvelles wilayas du Sud\u00a0: D\u2019importants moyens mobilis\u00e9s pour r\u00e9duire les disparit\u00e9s r\u00e9gionales - La Sentinelle<\/title>\n<meta name=\"robots\" content=\"index, follow, max-snippet:-1, max-image-preview:large, max-video-preview:-1\" \/>\n<link rel=\"canonical\" href=\"https:\/\/lasentinelle.dz\/index.php\/2023\/02\/26\/developpement-des-nouvelles-wilayas-du-sud-dimportants-moyens-mobilises-pour-reduire-les-disparites-regionales\/\" \/>\n<meta property=\"og:locale\" content=\"fr_FR\" \/>\n<meta property=\"og:type\" content=\"article\" \/>\n<meta property=\"og:title\" content=\"D\u00e9veloppement des nouvelles wilayas du Sud\u00a0: D\u2019importants moyens mobilis\u00e9s pour r\u00e9duire les disparit\u00e9s r\u00e9gionales - La Sentinelle\" \/>\n<meta property=\"og:description\" content=\"Le ministre de l&rsquo;Int\u00e9rieur, des Collectivit\u00e9s locales et de l&rsquo;Am\u00e9nagement du Territoire, Brahim Merad, a indiqu\u00e9 samedi soir lors d&rsquo;une\" \/>\n<meta property=\"og:url\" content=\"https:\/\/lasentinelle.dz\/index.php\/2023\/02\/26\/developpement-des-nouvelles-wilayas-du-sud-dimportants-moyens-mobilises-pour-reduire-les-disparites-regionales\/\" \/>\n<meta property=\"og:site_name\" content=\"La Sentinelle\" \/>\n<meta property=\"article:publisher\" content=\"https:\/\/www.facebook.com\/La-Sentinelle-104059864394773\" \/>\n<meta property=\"article:published_time\" content=\"2023-02-26T21:05:00+00:00\" \/>\n<meta property=\"og:image\" content=\"https:\/\/lasentinelle.dz\/wp-content\/uploads\/2023\/02\/Sans-titre-3-13.png\" \/>\n\t<meta property=\"og:image:width\" content=\"1200\" \/>\n\t<meta property=\"og:image:height\" content=\"900\" \/>\n\t<meta property=\"og:image:type\" content=\"image\/png\" \/>\n<meta name=\"author\" content=\"La Sentinelle\" \/>\n<meta name=\"twitter:card\" content=\"summary_large_image\" \/>\n<meta name=\"twitter:label1\" content=\"\u00c9crit par\" \/>\n\t<meta name=\"twitter:data1\" content=\"La Sentinelle\" \/>\n\t<meta name=\"twitter:label2\" content=\"Dur\u00e9e de lecture estim\u00e9e\" \/>\n\t<meta name=\"twitter:data2\" content=\"2 minutes\" \/>\n<script type=\"application\/ld+json\" class=\"yoast-schema-graph\">{\"@context\":\"https:\\\/\\\/schema.org\",\"@graph\":[{\"@type\":\"Article\",\"@id\":\"https:\\\/\\\/lasentinelle.dz\\\/index.php\\\/2023\\\/02\\\/26\\\/developpement-des-nouvelles-wilayas-du-sud-dimportants-moyens-mobilises-pour-reduire-les-disparites-regionales\\\/#article\",\"isPartOf\":{\"@id\":\"https:\\\/\\\/lasentinelle.dz\\\/index.php\\\/2023\\\/02\\\/26\\\/developpement-des-nouvelles-wilayas-du-sud-dimportants-moyens-mobilises-pour-reduire-les-disparites-regionales\\\/\"},\"author\":{\"name\":\"La Sentinelle\",\"@id\":\"https:\\\/\\\/lasentinelle.dz\\\/#\\\/schema\\\/person\\\/d865044e22e70a75174ce8bcad3acfb3\"},\"headline\":\"D\u00e9veloppement des nouvelles wilayas du Sud\u00a0: D\u2019importants moyens mobilis\u00e9s pour r\u00e9duire les disparit\u00e9s r\u00e9gionales\",\"datePublished\":\"2023-02-26T21:05:00+00:00\",\"mainEntityOfPage\":{\"@id\":\"https:\\\/\\\/lasentinelle.dz\\\/index.php\\\/2023\\\/02\\\/26\\\/developpement-des-nouvelles-wilayas-du-sud-dimportants-moyens-mobilises-pour-reduire-les-disparites-regionales\\\/\"},\"wordCount\":408,\"commentCount\":0,\"publisher\":{\"@id\":\"https:\\\/\\\/lasentinelle.dz\\\/#organization\"},\"image\":{\"@id\":\"https:\\\/\\\/lasentinelle.dz\\\/index.php\\\/2023\\\/02\\\/26\\\/developpement-des-nouvelles-wilayas-du-sud-dimportants-moyens-mobilises-pour-reduire-les-disparites-regionales\\\/#primaryimage\"},\"thumbnailUrl\":\"https:\\\/\\\/lasentinelle.dz\\\/wp-content\\\/uploads\\\/2023\\\/02\\\/Sans-titre-3-13.png\",\"articleSection\":[\"Actualit\u00e9\"],\"inLanguage\":\"fr-FR\",\"potentialAction\":[{\"@type\":\"CommentAction\",\"name\":\"Comment\",\"target\":[\"https:\\\/\\\/lasentinelle.dz\\\/index.php\\\/2023\\\/02\\\/26\\\/developpement-des-nouvelles-wilayas-du-sud-dimportants-moyens-mobilises-pour-reduire-les-disparites-regionales\\\/#respond\"]}]},{\"@type\":\"WebPage\",\"@id\":\"https:\\\/\\\/lasentinelle.dz\\\/index.php\\\/2023\\\/02\\\/26\\\/developpement-des-nouvelles-wilayas-du-sud-dimportants-moyens-mobilises-pour-reduire-les-disparites-regionales\\\/\",\"url\":\"https:\\\/\\\/lasentinelle.dz\\\/index.php\\\/2023\\\/02\\\/26\\\/developpement-des-nouvelles-wilayas-du-sud-dimportants-moyens-mobilises-pour-reduire-les-disparites-regionales\\\/\",\"name\":\"D\u00e9veloppement des nouvelles wilayas du Sud\u00a0: D\u2019importants moyens mobilis\u00e9s pour r\u00e9duire les disparit\u00e9s r\u00e9gionales - La Sentinelle\",\"isPartOf\":{\"@id\":\"https:\\\/\\\/lasentinelle.dz\\\/#website\"},\"primaryImageOfPage\":{\"@id\":\"https:\\\/\\\/lasentinelle.dz\\\/index.php\\\/2023\\\/02\\\/26\\\/developpement-des-nouvelles-wilayas-du-sud-dimportants-moyens-mobilises-pour-reduire-les-disparites-regionales\\\/#primaryimage\"},\"image\":{\"@id\":\"https:\\\/\\\/lasentinelle.dz\\\/index.php\\\/2023\\\/02\\\/26\\\/developpement-des-nouvelles-wilayas-du-sud-dimportants-moyens-mobilises-pour-reduire-les-disparites-regionales\\\/#primaryimage\"},\"thumbnailUrl\":\"https:\\\/\\\/lasentinelle.dz\\\/wp-content\\\/uploads\\\/2023\\\/02\\\/Sans-titre-3-13.png\",\"datePublished\":\"2023-02-26T21:05:00+00:00\",\"breadcrumb\":{\"@id\":\"https:\\\/\\\/lasentinelle.dz\\\/index.php\\\/2023\\\/02\\\/26\\\/developpement-des-nouvelles-wilayas-du-sud-dimportants-moyens-mobilises-pour-reduire-les-disparites-regionales\\\/#breadcrumb\"},\"inLanguage\":\"fr-FR\",\"potentialAction\":[{\"@type\":\"ReadAction\",\"target\":[\"https:\\\/\\\/lasentinelle.dz\\\/index.php\\\/2023\\\/02\\\/26\\\/developpement-des-nouvelles-wilayas-du-sud-dimportants-moyens-mobilises-pour-reduire-les-disparites-regionales\\\/\"]}]},{\"@type\":\"ImageObject\",\"inLanguage\":\"fr-FR\",\"@id\":\"https:\\\/\\\/lasentinelle.dz\\\/index.php\\\/2023\\\/02\\\/26\\\/developpement-des-nouvelles-wilayas-du-sud-dimportants-moyens-mobilises-pour-reduire-les-disparites-regionales\\\/#primaryimage\",\"url\":\"https:\\\/\\\/lasentinelle.dz\\\/wp-content\\\/uploads\\\/2023\\\/02\\\/Sans-titre-3-13.png\",\"contentUrl\":\"https:\\\/\\\/lasentinelle.dz\\\/wp-content\\\/uploads\\\/2023\\\/02\\\/Sans-titre-3-13.png\",\"width\":1200,\"height\":900},{\"@type\":\"BreadcrumbList\",\"@id\":\"https:\\\/\\\/lasentinelle.dz\\\/index.php\\\/2023\\\/02\\\/26\\\/developpement-des-nouvelles-wilayas-du-sud-dimportants-moyens-mobilises-pour-reduire-les-disparites-regionales\\\/#breadcrumb\",\"itemListElement\":[{\"@type\":\"ListItem\",\"position\":1,\"name\":\"Accueil\",\"item\":\"https:\\\/\\\/lasentinelle.dz\\\/\"},{\"@type\":\"ListItem\",\"position\":2,\"name\":\"D\u00e9veloppement des nouvelles wilayas du Sud\u00a0: D\u2019importants moyens mobilis\u00e9s pour r\u00e9duire les disparit\u00e9s r\u00e9gionales\"}]},{\"@type\":\"WebSite\",\"@id\":\"https:\\\/\\\/lasentinelle.dz\\\/#website\",\"url\":\"https:\\\/\\\/lasentinelle.dz\\\/\",\"name\":\"La Sentinelle\",\"description\":\"Quotidien national d&#039;information\",\"publisher\":{\"@id\":\"https:\\\/\\\/lasentinelle.dz\\\/#organization\"},\"potentialAction\":[{\"@type\":\"SearchAction\",\"target\":{\"@type\":\"EntryPoint\",\"urlTemplate\":\"https:\\\/\\\/lasentinelle.dz\\\/?s={search_term_string}\"},\"query-input\":{\"@type\":\"PropertyValueSpecification\",\"valueRequired\":true,\"valueName\":\"search_term_string\"}}],\"inLanguage\":\"fr-FR\"},{\"@type\":\"Organization\",\"@id\":\"https:\\\/\\\/lasentinelle.dz\\\/#organization\",\"name\":\"Quotidien La Sentinelle\",\"url\":\"https:\\\/\\\/lasentinelle.dz\\\/\",\"logo\":{\"@type\":\"ImageObject\",\"inLanguage\":\"fr-FR\",\"@id\":\"https:\\\/\\\/lasentinelle.dz\\\/#\\\/schema\\\/logo\\\/image\\\/\",\"url\":\"https:\\\/\\\/lasentinelle.dz\\\/wp-content\\\/uploads\\\/2021\\\/09\\\/logo-sentinelleSLOGAN-1.png\",\"contentUrl\":\"https:\\\/\\\/lasentinelle.dz\\\/wp-content\\\/uploads\\\/2021\\\/09\\\/logo-sentinelleSLOGAN-1.png\",\"width\":615,\"height\":142,\"caption\":\"Quotidien La Sentinelle\"},\"image\":{\"@id\":\"https:\\\/\\\/lasentinelle.dz\\\/#\\\/schema\\\/logo\\\/image\\\/\"},\"sameAs\":[\"https:\\\/\\\/www.facebook.com\\\/La-Sentinelle-104059864394773\"]},{\"@type\":\"Person\",\"@id\":\"https:\\\/\\\/lasentinelle.dz\\\/#\\\/schema\\\/person\\\/d865044e22e70a75174ce8bcad3acfb3\",\"name\":\"La Sentinelle\",\"image\":{\"@type\":\"ImageObject\",\"inLanguage\":\"fr-FR\",\"@id\":\"https:\\\/\\\/secure.gravatar.com\\\/avatar\\\/57de8e5d4b15d43fb361a71fbb36338450fe67865b528a43dd10ef7c51a20392?s=96&d=mm&r=g\",\"url\":\"https:\\\/\\\/secure.gravatar.com\\\/avatar\\\/57de8e5d4b15d43fb361a71fbb36338450fe67865b528a43dd10ef7c51a20392?s=96&d=mm&r=g\",\"contentUrl\":\"https:\\\/\\\/secure.gravatar.com\\\/avatar\\\/57de8e5d4b15d43fb361a71fbb36338450fe67865b528a43dd10ef7c51a20392?s=96&d=mm&r=g\",\"caption\":\"La Sentinelle\"},\"sameAs\":[\"http:\\\/\\\/www.lasentinelle.dz\"],\"url\":\"https:\\\/\\\/lasentinelle.dz\\\/author\\\/redaction\\\/\"}]}<\/script>\n<!-- \/ Yoast SEO plugin. -->","yoast_head_json":{"title":"D\u00e9veloppement des nouvelles wilayas du Sud\u00a0: D\u2019importants moyens mobilis\u00e9s pour r\u00e9duire les disparit\u00e9s r\u00e9gionales - La Sentinelle","robots":{"index":"index","follow":"follow","max-snippet":"max-snippet:-1","max-image-preview":"max-image-preview:large","max-video-preview":"max-video-preview:-1"},"canonical":"https:\/\/lasentinelle.dz\/index.php\/2023\/02\/26\/developpement-des-nouvelles-wilayas-du-sud-dimportants-moyens-mobilises-pour-reduire-les-disparites-regionales\/","og_locale":"fr_FR","og_type":"article","og_title":"D\u00e9veloppement des nouvelles wilayas du Sud\u00a0: D\u2019importants moyens mobilis\u00e9s pour r\u00e9duire les disparit\u00e9s r\u00e9gionales - La Sentinelle","og_description":"Le ministre de l&rsquo;Int\u00e9rieur, des Collectivit\u00e9s locales et de l&rsquo;Am\u00e9nagement du Territoire, Brahim Merad, a indiqu\u00e9 samedi soir lors d&rsquo;une","og_url":"https:\/\/lasentinelle.dz\/index.php\/2023\/02\/26\/developpement-des-nouvelles-wilayas-du-sud-dimportants-moyens-mobilises-pour-reduire-les-disparites-regionales\/","og_site_name":"La Sentinelle","article_publisher":"https:\/\/www.facebook.com\/La-Sentinelle-104059864394773","article_published_time":"2023-02-26T21:05:00+00:00","og_image":[{"width":1200,"height":900,"url":"https:\/\/lasentinelle.dz\/wp-content\/uploads\/2023\/02\/Sans-titre-3-13.png","type":"image\/png"}],"author":"La Sentinelle","twitter_card":"summary_large_image","twitter_misc":{"\u00c9crit par":"La Sentinelle","Dur\u00e9e de lecture estim\u00e9e":"2 minutes"},"schema":{"@context":"https:\/\/schema.org","@graph":[{"@type":"Article","@id":"https:\/\/lasentinelle.dz\/index.php\/2023\/02\/26\/developpement-des-nouvelles-wilayas-du-sud-dimportants-moyens-mobilises-pour-reduire-les-disparites-regionales\/#article","isPartOf":{"@id":"https:\/\/lasentinelle.dz\/index.php\/2023\/02\/26\/developpement-des-nouvelles-wilayas-du-sud-dimportants-moyens-mobilises-pour-reduire-les-disparites-regionales\/"},"author":{"name":"La Sentinelle","@id":"https:\/\/lasentinelle.dz\/#\/schema\/person\/d865044e22e70a75174ce8bcad3acfb3"},"headline":"D\u00e9veloppement des nouvelles wilayas du Sud\u00a0: D\u2019importants moyens mobilis\u00e9s pour r\u00e9duire les disparit\u00e9s r\u00e9gionales","datePublished":"2023-02-26T21:05:00+00:00","mainEntityOfPage":{"@id":"https:\/\/lasentinelle.dz\/index.php\/2023\/02\/26\/developpement-des-nouvelles-wilayas-du-sud-dimportants-moyens-mobilises-pour-reduire-les-disparites-regionales\/"},"wordCount":408,"commentCount":0,"publisher":{"@id":"https:\/\/lasentinelle.dz\/#organization"},"image":{"@id":"https:\/\/lasentinelle.dz\/index.php\/2023\/02\/26\/developpement-des-nouvelles-wilayas-du-sud-dimportants-moyens-mobilises-pour-reduire-les-disparites-regionales\/#primaryimage"},"thumbnailUrl":"https:\/\/lasentinelle.dz\/wp-content\/uploads\/2023\/02\/Sans-titre-3-13.png","articleSection":["Actualit\u00e9"],"inLanguage":"fr-FR","potentialAction":[{"@type":"CommentAction","name":"Comment","target":["https:\/\/lasentinelle.dz\/index.php\/2023\/02\/26\/developpement-des-nouvelles-wilayas-du-sud-dimportants-moyens-mobilises-pour-reduire-les-disparites-regionales\/#respond"]}]},{"@type":"WebPage","@id":"https:\/\/lasentinelle.dz\/index.php\/2023\/02\/26\/developpement-des-nouvelles-wilayas-du-sud-dimportants-moyens-mobilises-pour-reduire-les-disparites-regionales\/","url":"https:\/\/lasentinelle.dz\/index.php\/2023\/02\/26\/developpement-des-nouvelles-wilayas-du-sud-dimportants-moyens-mobilises-pour-reduire-les-disparites-regionales\/","name":"D\u00e9veloppement des nouvelles wilayas du Sud\u00a0: D\u2019importants moyens mobilis\u00e9s pour r\u00e9duire les disparit\u00e9s r\u00e9gionales - La Sentinelle","isPartOf":{"@id":"https:\/\/lasentinelle.dz\/#website"},"primaryImageOfPage":{"@id":"https:\/\/lasentinelle.dz\/index.php\/2023\/02\/26\/developpement-des-nouvelles-wilayas-du-sud-dimportants-moyens-mobilises-pour-reduire-les-disparites-regionales\/#primaryimage"},"image":{"@id":"https:\/\/lasentinelle.dz\/index.php\/2023\/02\/26\/developpement-des-nouvelles-wilayas-du-sud-dimportants-moyens-mobilises-pour-reduire-les-disparites-regionales\/#primaryimage"},"thumbnailUrl":"https:\/\/lasentinelle.dz\/wp-content\/uploads\/2023\/02\/Sans-titre-3-13.png","datePublished":"2023-02-26T21:05:00+00:00","breadcrumb":{"@id":"https:\/\/lasentinelle.dz\/index.php\/2023\/02\/26\/developpement-des-nouvelles-wilayas-du-sud-dimportants-moyens-mobilises-pour-reduire-les-disparites-regionales\/#breadcrumb"},"inLanguage":"fr-FR","potentialAction":[{"@type":"ReadAction","target":["https:\/\/lasentinelle.dz\/index.php\/2023\/02\/26\/developpement-des-nouvelles-wilayas-du-sud-dimportants-moyens-mobilises-pour-reduire-les-disparites-regionales\/"]}]},{"@type":"ImageObject","inLanguage":"fr-FR","@id":"https:\/\/lasentinelle.dz\/index.php\/2023\/02\/26\/developpement-des-nouvelles-wilayas-du-sud-dimportants-moyens-mobilises-pour-reduire-les-disparites-regionales\/#primaryimage","url":"https:\/\/lasentinelle.dz\/wp-content\/uploads\/2023\/02\/Sans-titre-3-13.png","contentUrl":"https:\/\/lasentinelle.dz\/wp-content\/uploads\/2023\/02\/Sans-titre-3-13.png","width":1200,"height":900},{"@type":"BreadcrumbList","@id":"https:\/\/lasentinelle.dz\/index.php\/2023\/02\/26\/developpement-des-nouvelles-wilayas-du-sud-dimportants-moyens-mobilises-pour-reduire-les-disparites-regionales\/#breadcrumb","itemListElement":[{"@type":"ListItem","position":1,"name":"Accueil","item":"https:\/\/lasentinelle.dz\/"},{"@type":"ListItem","position":2,"name":"D\u00e9veloppement des nouvelles wilayas du Sud\u00a0: D\u2019importants moyens mobilis\u00e9s pour r\u00e9duire les disparit\u00e9s r\u00e9gionales"}]},{"@type":"WebSite","@id":"https:\/\/lasentinelle.dz\/#website","url":"https:\/\/lasentinelle.dz\/","name":"La Sentinelle","description":"Quotidien national d&#039;information","publisher":{"@id":"https:\/\/lasentinelle.dz\/#organization"},"potentialAction":[{"@type":"SearchAction","target":{"@type":"EntryPoint","urlTemplate":"https:\/\/lasentinelle.dz\/?s={search_term_string}"},"query-input":{"@type":"PropertyValueSpecification","valueRequired":true,"valueName":"search_term_string"}}],"inLanguage":"fr-FR"},{"@type":"Organization","@id":"https:\/\/lasentinelle.dz\/#organization","name":"Quotidien La Sentinelle","url":"https:\/\/lasentinelle.dz\/","logo":{"@type":"ImageObject","inLanguage":"fr-FR","@id":"https:\/\/lasentinelle.dz\/#\/schema\/logo\/image\/","url":"https:\/\/lasentinelle.dz\/wp-content\/uploads\/2021\/09\/logo-sentinelleSLOGAN-1.png","contentUrl":"https:\/\/lasentinelle.dz\/wp-content\/uploads\/2021\/09\/logo-sentinelleSLOGAN-1.png","width":615,"height":142,"caption":"Quotidien La Sentinelle"},"image":{"@id":"https:\/\/lasentinelle.dz\/#\/schema\/logo\/image\/"},"sameAs":["https:\/\/www.facebook.com\/La-Sentinelle-104059864394773"]},{"@type":"Person","@id":"https:\/\/lasentinelle.dz\/#\/schema\/person\/d865044e22e70a75174ce8bcad3acfb3","name":"La Sentinelle","image":{"@type":"ImageObject","inLanguage":"fr-FR","@id":"https:\/\/secure.gravatar.com\/avatar\/57de8e5d4b15d43fb361a71fbb36338450fe67865b528a43dd10ef7c51a20392?s=96&d=mm&r=g","url":"https:\/\/secure.gravatar.com\/avatar\/57de8e5d4b15d43fb361a71fbb36338450fe67865b528a43dd10ef7c51a20392?s=96&d=mm&r=g","contentUrl":"https:\/\/secure.gravatar.com\/avatar\/57de8e5d4b15d43fb361a71fbb36338450fe67865b528a43dd10ef7c51a20392?s=96&d=mm&r=g","caption":"La Sentinelle"},"sameAs":["http:\/\/www.lasentinelle.dz"],"url":"https:\/\/lasentinelle.dz\/author\/redaction\/"}]}},"_links":{"self":[{"href":"https:\/\/lasentinelle.dz\/index.php\/wp-json\/wp\/v2\/posts\/36878","targetHints":{"allow":["GET"]}}],"collection":[{"href":"https:\/\/lasentinelle.dz\/index.php\/wp-json\/wp\/v2\/posts"}],"about":[{"href":"https:\/\/lasentinelle.dz\/index.php\/wp-json\/wp\/v2\/types\/post"}],"author":[{"embeddable":true,"href":"https:\/\/lasentinelle.dz\/index.php\/wp-json\/wp\/v2\/users\/3"}],"replies":[{"embeddable":true,"href":"https:\/\/lasentinelle.dz\/index.php\/wp-json\/wp\/v2\/comments?post=36878"}],"version-history":[{"count":1,"href":"https:\/\/lasentinelle.dz\/index.php\/wp-json\/wp\/v2\/posts\/36878\/revisions"}],"predecessor-version":[{"id":36897,"href":"https:\/\/lasentinelle.dz\/index.php\/wp-json\/wp\/v2\/posts\/36878\/revisions\/36897"}],"wp:featuredmedia":[{"embeddable":true,"href":"https:\/\/lasentinelle.dz\/index.php\/wp-json\/wp\/v2\/media\/36890"}],"wp:attachment":[{"href":"https:\/\/lasentinelle.dz\/index.php\/wp-json\/wp\/v2\/media?parent=36878"}],"wp:term":[{"taxonomy":"category","embeddable":true,"href":"https:\/\/lasentinelle.dz\/index.php\/wp-json\/wp\/v2\/categories?post=36878"},{"taxonomy":"post_tag","embeddable":true,"href":"https:\/\/lasentinelle.dz\/index.php\/wp-json\/wp\/v2\/tags?post=36878"}],"curies":[{"name":"wp","href":"https:\/\/api.w.org\/{rel}","templated":true}]}}