{"id":36880,"date":"2023-02-26T22:05:00","date_gmt":"2023-02-26T21:05:00","guid":{"rendered":"https:\/\/lasentinelle.dz\/?p=36880"},"modified":"2023-02-26T19:28:11","modified_gmt":"2023-02-26T18:28:11","slug":"lutte-contre-le-terrorisme-et-lextremisme-au-sahel-miser-sur-le-renforcement-des-capacites-nationales-et-la-cooperation-regionale","status":"publish","type":"post","link":"https:\/\/lasentinelle.dz\/index.php\/2023\/02\/26\/lutte-contre-le-terrorisme-et-lextremisme-au-sahel-miser-sur-le-renforcement-des-capacites-nationales-et-la-cooperation-regionale\/","title":{"rendered":"Lutte contre le terrorisme et l\u2019extr\u00e9misme au Sahel\u00a0: Miser sur le renforcement des capacit\u00e9s nationales et la coop\u00e9ration r\u00e9gionale"},"content":{"rendered":"\n<p>La lutte contre le terrorisme et l\u2019extr\u00e9misme au Sahel doit s\u2019appuyer sur une nouvelle approche. Une approche assise sur un renforcement des capacit\u00e9s nationales des pays de la r\u00e9gion et coop\u00e9ration r\u00e9gionale, sans ing\u00e9rence ni intervention \u00e9trang\u00e8re. C\u2019est cette approche d\u00e9fendue par l\u2019Alg\u00e9rie qui a \u00e9t\u00e9 soulign\u00e9e hier par le pr\u00e9sident de l&rsquo;Assembl\u00e9e populaire nationale, M. Brahim Boughali \u00e0 l\u2019ouverture hier \u00e0 Alger de la r\u00e9union sur \u00ab&nbsp;l\u2019Appel du Sahel&nbsp;\u00bb, lanc\u00e9 par l\u2019Union parlementaire internationale. A l\u2019ouverture du second cycle de r\u00e9unions organis\u00e9 sous le th\u00e8me du \u00ab&nbsp;r\u00f4le des leaders communautaires dans la lutte contre le terrorisme et la pr\u00e9vention de l&rsquo;extr\u00e9misme violent&nbsp;\u00bb, le pr\u00e9sident de la chambre basse du Parlement mis en avant l\u2019exp\u00e9rience alg\u00e9rienne en mati\u00e8re de lutte contre le terrorisme et a rappel\u00e9 que notre pays \u00ab&nbsp;a adopt\u00e9 une politique interactive int\u00e9gr\u00e9e pour soutenir les efforts de lutte contre le terrorisme et l&rsquo;extr\u00e9misme violent dans la r\u00e9gion du Sahel \u00e0 travers son soutien continu et son action pour renforcer les capacit\u00e9s nationales des pays de la r\u00e9gion et intensifier la coop\u00e9ration r\u00e9gionale op\u00e9rationnelle&nbsp;\u00bb en la mati\u00e8re.Dans le m\u00eame contexte, il a \u00e9voqu\u00e9 \u00ab\u00a0l&rsquo;intensification de la coop\u00e9ration op\u00e9rationnelle r\u00e9gionale et les efforts de l\u2019Alg\u00e9rie \u00e0 travers le &nbsp;Comit\u00e9 d&rsquo;Etat-Major Op\u00e9rationnel Conjoint (Cemoc, NDLR) et l&rsquo;Unit\u00e9 de coordination et de communication, et sa contribution tangible \u00e0 la lutte contre les causes profondes de ce grave fl\u00e9au en soutenant les efforts de d\u00e9veloppement\u00a0\u00bb.<\/p>\n\n\n\n<p>Dans la m\u00eame optique, a ajout\u00e9 Brahim Boughali, \u00ab l&rsquo;Alg\u00e9rie s&#8217;emploie \u00e0 r\u00e9aliser des projets structurants \u00e0 caract\u00e8re int\u00e9grateur, comme le confirme l&rsquo;orientation strat\u00e9gique exprim\u00e9e par le pr\u00e9sident de la R\u00e9publique, M. Abdelmadjid Tebboune, en allouant pr\u00e8s d&rsquo;un milliard de dollars pour soutenir d\u00e9veloppement dans les pays africains \u00e0 travers l&rsquo;Agence alg\u00e9rienne de coop\u00e9ration internationale pour la solidarit\u00e9 et le d\u00e9veloppement&nbsp;\u00bb.<\/p>\n\n\n\n<p>Le pr\u00e9sident de l\u2019APN a \u00e9galement soulign\u00e9 l\u2019\u00e9volution inqui\u00e9tante de la situation sur la sc\u00e8ne internationale et qui appelle \u00ab&nbsp;\u00e0 traiter avec plus de prudence les d\u00e9fis multiformes auxquels est confront\u00e9e la r\u00e9gion du Sahel, qui ne doit en aucun cas se transformer en une ar\u00e8ne conflictuelle qui menace sa s\u00e9curit\u00e9 et sa stabilit\u00e9.&nbsp;\u00bb<\/p>\n\n\n\n<p>A cet \u00e9gard, il a soulign\u00e9 que \u00ab\u00a0l&rsquo;Alg\u00e9rie attache une importance particuli\u00e8re au d\u00e9veloppement et \u00e0 l&rsquo;am\u00e9lioration des cadres r\u00e9gionaux et internationaux de lutte contre le terrorisme et l&rsquo;extr\u00e9misme violent, que ce soit \u00e0 travers l&rsquo;Union africaine ou \u00e0 travers le Forum mondial de lutte contre le terrorisme, au sein duquel l&rsquo;Alg\u00e9rie occupe la copr\u00e9sidence du groupe de travail pour renforcer les capacit\u00e9s nationales des pays d&rsquo;Afrique de l&rsquo;Ouest&nbsp;\u00bb.Il a \u00e9galement mentionn\u00e9 l&rsquo;adh\u00e9sion de l&rsquo;Alg\u00e9rie \u00e0 de nombreux m\u00e9canismes visant \u00e0 renforcer la coop\u00e9ration institutionnelle entre les pays africains dans ce domaine, \u00e0 l&rsquo;instar d&rsquo;Afripol et du Centre africain de recherche et d&rsquo;\u00e9tudes sur la lutte contre le terrorisme.<\/p>\n\n\n\n<p>Dans le m\u00eame contexte, le pr\u00e9sident de l&rsquo;Assembl\u00e9e populaire nationale a ajout\u00e9 que la r\u00e9gion du Sahel a connu \u00ab une d\u00e9t\u00e9rioration terrifiante de la situation s\u00e9curitaire au cours des derni\u00e8res ann\u00e9es \u00e0 travers la convergence de nombreux facteurs, dont les plus importants sont la multiplication des foyers de tension, la propagation de la pauvret\u00e9, les mauvaises performances \u00e9conomiques, la fragilit\u00e9 des capacit\u00e9s nationales, les effets du changement climatique, la d\u00e9sertification, la s\u00e9cheresse, la perte de diversit\u00e9 biologique et les r\u00e9percussions de la pand\u00e9mie de Covid-19.&nbsp;\u00bb<\/p>\n\n\n\n<p>Il a estim\u00e9 que ces facteurs \u00ab limitent l&rsquo;acc\u00e8s aux services de base, notamment l&rsquo;\u00e9ducation, la sant\u00e9 et les opportunit\u00e9s d&#8217;emploi, ce qui affecte n\u00e9gativement le niveau de confiance de la population envers les acteurs gouvernementaux et permet aux courants terroristes extr\u00e9mistes d&rsquo;exploiter ces d\u00e9s\u00e9quilibres, de recruter et d&rsquo;augmenter leurs ressources de financement.&nbsp;\u00bb<\/p>\n\n\n\n<p>A cette occasion, il a soulign\u00e9 que \u00ab le moment est venu d&rsquo;unifier les strat\u00e9gies et d&rsquo;adopter une approche globale orient\u00e9e vers l&rsquo;obtention de r\u00e9sultats tangibles, notamment dans le domaine du renforcement des capacit\u00e9s des pays de la r\u00e9gion et de leur accompagnement dans la mise en \u0153uvre des plans de d\u00e9veloppement locaux et nationaux, ce qui n&rsquo;a de sens qu&rsquo;en associant les collectivit\u00e9s locales et leurs repr\u00e9sentants \u00e0 la d\u00e9finition des priorit\u00e9s et de la meilleure mani\u00e8re d&rsquo;y faire face.&nbsp;\u00bb<\/p>\n\n\n\n<p>Ainsi, estime Boughali, \u00ab&nbsp;les parlementaires, en leur qualit\u00e9 de repr\u00e9sentants du peuple, doivent faire entendre la voix des diff\u00e9rents groupes de la soci\u00e9t\u00e9 et mettre fin \u00e0 tous les ph\u00e9nom\u00e8nes de marginalisation.&nbsp;\u00bb Il a \u00e9galement soulign\u00e9 l&rsquo;importance de \u00ab&nbsp;soutenir les leaders religieux des tous les horizons en tant que leadersd&rsquo;opinion pour contrer le discours d&rsquo;extr\u00e9misme violent promu par les groupes terroristes&nbsp;\u00bb.<\/p>\n\n\n\n<p><strong>Chokri Hafed<\/strong><\/p>\n","protected":false},"excerpt":{"rendered":"<p>La lutte contre le terrorisme et l\u2019extr\u00e9misme au Sahel doit s\u2019appuyer sur une nouvelle approche. Une approche assise sur un<\/p>\n","protected":false},"author":3,"featured_media":36883,"comment_status":"open","ping_status":"closed","sticky":false,"template":"","format":"standard","meta":{"colormag_page_container_layout":"default_layout","colormag_page_sidebar_layout":"default_layout","om_disable_all_campaigns":false,"_monsterinsights_skip_tracking":false,"_monsterinsights_sitenote_active":false,"_monsterinsights_sitenote_note":"","_monsterinsights_sitenote_category":0,"footnotes":"","_wpscppro_dont_share_socialmedia":false,"_wpscppro_custom_social_share_image":0,"_facebook_share_type":"","_twitter_share_type":"","_linkedin_share_type":"","_pinterest_share_type":"","_linkedin_share_type_page":"","_instagram_share_type":"","_medium_share_type":"","_threads_share_type":"","_google_business_share_type":"","_selected_social_profile":[],"_wpsp_enable_custom_social_template":false,"_wpsp_social_scheduling":{"enabled":false,"datetime":null,"platforms":[],"status":"template_only","dateOption":"today","timeOption":"now","customDays":"","customHours":"","customDate":"","customTime":"","schedulingType":"absolute"},"_wpsp_active_default_template":true},"categories":[27],"tags":[],"class_list":["post-36880","post","type-post","status-publish","format-standard","has-post-thumbnail","hentry","category-actualite"],"aioseo_notices":[],"yoast_head":"<!-- This site is optimized with the Yoast SEO plugin v27.5 - https:\/\/yoast.com\/product\/yoast-seo-wordpress\/ -->\n<title>Lutte contre le terrorisme et l\u2019extr\u00e9misme au Sahel\u00a0: Miser sur le renforcement des capacit\u00e9s nationales et la coop\u00e9ration r\u00e9gionale - La Sentinelle<\/title>\n<meta name=\"robots\" content=\"index, follow, max-snippet:-1, max-image-preview:large, max-video-preview:-1\" \/>\n<link rel=\"canonical\" href=\"https:\/\/lasentinelle.dz\/index.php\/2023\/02\/26\/lutte-contre-le-terrorisme-et-lextremisme-au-sahel-miser-sur-le-renforcement-des-capacites-nationales-et-la-cooperation-regionale\/\" \/>\n<meta property=\"og:locale\" content=\"fr_FR\" \/>\n<meta property=\"og:type\" content=\"article\" \/>\n<meta property=\"og:title\" content=\"Lutte contre le terrorisme et l\u2019extr\u00e9misme au Sahel\u00a0: Miser sur le renforcement des capacit\u00e9s nationales et la coop\u00e9ration r\u00e9gionale - La Sentinelle\" \/>\n<meta property=\"og:description\" content=\"La lutte contre le terrorisme et l\u2019extr\u00e9misme au Sahel doit s\u2019appuyer sur une nouvelle approche. Une approche assise sur un\" \/>\n<meta property=\"og:url\" content=\"https:\/\/lasentinelle.dz\/index.php\/2023\/02\/26\/lutte-contre-le-terrorisme-et-lextremisme-au-sahel-miser-sur-le-renforcement-des-capacites-nationales-et-la-cooperation-regionale\/\" \/>\n<meta property=\"og:site_name\" content=\"La Sentinelle\" \/>\n<meta property=\"article:publisher\" content=\"https:\/\/www.facebook.com\/La-Sentinelle-104059864394773\" \/>\n<meta property=\"article:published_time\" content=\"2023-02-26T21:05:00+00:00\" \/>\n<meta property=\"og:image\" content=\"https:\/\/lasentinelle.dz\/wp-content\/uploads\/2023\/02\/Sans-titre-1-15.png\" \/>\n\t<meta property=\"og:image:width\" content=\"1491\" \/>\n\t<meta property=\"og:image:height\" content=\"900\" \/>\n\t<meta property=\"og:image:type\" content=\"image\/png\" \/>\n<meta name=\"author\" content=\"La Sentinelle\" \/>\n<meta name=\"twitter:card\" content=\"summary_large_image\" \/>\n<meta name=\"twitter:label1\" content=\"\u00c9crit par\" \/>\n\t<meta name=\"twitter:data1\" content=\"La Sentinelle\" \/>\n\t<meta name=\"twitter:label2\" content=\"Dur\u00e9e de lecture estim\u00e9e\" \/>\n\t<meta name=\"twitter:data2\" content=\"4 minutes\" \/>\n<script type=\"application\/ld+json\" class=\"yoast-schema-graph\">{\"@context\":\"https:\\\/\\\/schema.org\",\"@graph\":[{\"@type\":\"Article\",\"@id\":\"https:\\\/\\\/lasentinelle.dz\\\/index.php\\\/2023\\\/02\\\/26\\\/lutte-contre-le-terrorisme-et-lextremisme-au-sahel-miser-sur-le-renforcement-des-capacites-nationales-et-la-cooperation-regionale\\\/#article\",\"isPartOf\":{\"@id\":\"https:\\\/\\\/lasentinelle.dz\\\/index.php\\\/2023\\\/02\\\/26\\\/lutte-contre-le-terrorisme-et-lextremisme-au-sahel-miser-sur-le-renforcement-des-capacites-nationales-et-la-cooperation-regionale\\\/\"},\"author\":{\"name\":\"La Sentinelle\",\"@id\":\"https:\\\/\\\/lasentinelle.dz\\\/#\\\/schema\\\/person\\\/d865044e22e70a75174ce8bcad3acfb3\"},\"headline\":\"Lutte contre le terrorisme et l\u2019extr\u00e9misme au Sahel\u00a0: Miser sur le renforcement des capacit\u00e9s nationales et la coop\u00e9ration r\u00e9gionale\",\"datePublished\":\"2023-02-26T21:05:00+00:00\",\"mainEntityOfPage\":{\"@id\":\"https:\\\/\\\/lasentinelle.dz\\\/index.php\\\/2023\\\/02\\\/26\\\/lutte-contre-le-terrorisme-et-lextremisme-au-sahel-miser-sur-le-renforcement-des-capacites-nationales-et-la-cooperation-regionale\\\/\"},\"wordCount\":924,\"commentCount\":0,\"publisher\":{\"@id\":\"https:\\\/\\\/lasentinelle.dz\\\/#organization\"},\"image\":{\"@id\":\"https:\\\/\\\/lasentinelle.dz\\\/index.php\\\/2023\\\/02\\\/26\\\/lutte-contre-le-terrorisme-et-lextremisme-au-sahel-miser-sur-le-renforcement-des-capacites-nationales-et-la-cooperation-regionale\\\/#primaryimage\"},\"thumbnailUrl\":\"https:\\\/\\\/lasentinelle.dz\\\/wp-content\\\/uploads\\\/2023\\\/02\\\/Sans-titre-1-15.png\",\"articleSection\":[\"Actualit\u00e9\"],\"inLanguage\":\"fr-FR\",\"potentialAction\":[{\"@type\":\"CommentAction\",\"name\":\"Comment\",\"target\":[\"https:\\\/\\\/lasentinelle.dz\\\/index.php\\\/2023\\\/02\\\/26\\\/lutte-contre-le-terrorisme-et-lextremisme-au-sahel-miser-sur-le-renforcement-des-capacites-nationales-et-la-cooperation-regionale\\\/#respond\"]}]},{\"@type\":\"WebPage\",\"@id\":\"https:\\\/\\\/lasentinelle.dz\\\/index.php\\\/2023\\\/02\\\/26\\\/lutte-contre-le-terrorisme-et-lextremisme-au-sahel-miser-sur-le-renforcement-des-capacites-nationales-et-la-cooperation-regionale\\\/\",\"url\":\"https:\\\/\\\/lasentinelle.dz\\\/index.php\\\/2023\\\/02\\\/26\\\/lutte-contre-le-terrorisme-et-lextremisme-au-sahel-miser-sur-le-renforcement-des-capacites-nationales-et-la-cooperation-regionale\\\/\",\"name\":\"Lutte contre le terrorisme et l\u2019extr\u00e9misme au Sahel\u00a0: Miser sur le renforcement des capacit\u00e9s nationales et la coop\u00e9ration r\u00e9gionale - La Sentinelle\",\"isPartOf\":{\"@id\":\"https:\\\/\\\/lasentinelle.dz\\\/#website\"},\"primaryImageOfPage\":{\"@id\":\"https:\\\/\\\/lasentinelle.dz\\\/index.php\\\/2023\\\/02\\\/26\\\/lutte-contre-le-terrorisme-et-lextremisme-au-sahel-miser-sur-le-renforcement-des-capacites-nationales-et-la-cooperation-regionale\\\/#primaryimage\"},\"image\":{\"@id\":\"https:\\\/\\\/lasentinelle.dz\\\/index.php\\\/2023\\\/02\\\/26\\\/lutte-contre-le-terrorisme-et-lextremisme-au-sahel-miser-sur-le-renforcement-des-capacites-nationales-et-la-cooperation-regionale\\\/#primaryimage\"},\"thumbnailUrl\":\"https:\\\/\\\/lasentinelle.dz\\\/wp-content\\\/uploads\\\/2023\\\/02\\\/Sans-titre-1-15.png\",\"datePublished\":\"2023-02-26T21:05:00+00:00\",\"breadcrumb\":{\"@id\":\"https:\\\/\\\/lasentinelle.dz\\\/index.php\\\/2023\\\/02\\\/26\\\/lutte-contre-le-terrorisme-et-lextremisme-au-sahel-miser-sur-le-renforcement-des-capacites-nationales-et-la-cooperation-regionale\\\/#breadcrumb\"},\"inLanguage\":\"fr-FR\",\"potentialAction\":[{\"@type\":\"ReadAction\",\"target\":[\"https:\\\/\\\/lasentinelle.dz\\\/index.php\\\/2023\\\/02\\\/26\\\/lutte-contre-le-terrorisme-et-lextremisme-au-sahel-miser-sur-le-renforcement-des-capacites-nationales-et-la-cooperation-regionale\\\/\"]}]},{\"@type\":\"ImageObject\",\"inLanguage\":\"fr-FR\",\"@id\":\"https:\\\/\\\/lasentinelle.dz\\\/index.php\\\/2023\\\/02\\\/26\\\/lutte-contre-le-terrorisme-et-lextremisme-au-sahel-miser-sur-le-renforcement-des-capacites-nationales-et-la-cooperation-regionale\\\/#primaryimage\",\"url\":\"https:\\\/\\\/lasentinelle.dz\\\/wp-content\\\/uploads\\\/2023\\\/02\\\/Sans-titre-1-15.png\",\"contentUrl\":\"https:\\\/\\\/lasentinelle.dz\\\/wp-content\\\/uploads\\\/2023\\\/02\\\/Sans-titre-1-15.png\",\"width\":1491,\"height\":900},{\"@type\":\"BreadcrumbList\",\"@id\":\"https:\\\/\\\/lasentinelle.dz\\\/index.php\\\/2023\\\/02\\\/26\\\/lutte-contre-le-terrorisme-et-lextremisme-au-sahel-miser-sur-le-renforcement-des-capacites-nationales-et-la-cooperation-regionale\\\/#breadcrumb\",\"itemListElement\":[{\"@type\":\"ListItem\",\"position\":1,\"name\":\"Accueil\",\"item\":\"https:\\\/\\\/lasentinelle.dz\\\/\"},{\"@type\":\"ListItem\",\"position\":2,\"name\":\"Lutte contre le terrorisme et l\u2019extr\u00e9misme au Sahel\u00a0: Miser sur le renforcement des capacit\u00e9s nationales et la coop\u00e9ration r\u00e9gionale\"}]},{\"@type\":\"WebSite\",\"@id\":\"https:\\\/\\\/lasentinelle.dz\\\/#website\",\"url\":\"https:\\\/\\\/lasentinelle.dz\\\/\",\"name\":\"La Sentinelle\",\"description\":\"Quotidien national d&#039;information\",\"publisher\":{\"@id\":\"https:\\\/\\\/lasentinelle.dz\\\/#organization\"},\"potentialAction\":[{\"@type\":\"SearchAction\",\"target\":{\"@type\":\"EntryPoint\",\"urlTemplate\":\"https:\\\/\\\/lasentinelle.dz\\\/?s={search_term_string}\"},\"query-input\":{\"@type\":\"PropertyValueSpecification\",\"valueRequired\":true,\"valueName\":\"search_term_string\"}}],\"inLanguage\":\"fr-FR\"},{\"@type\":\"Organization\",\"@id\":\"https:\\\/\\\/lasentinelle.dz\\\/#organization\",\"name\":\"Quotidien La Sentinelle\",\"url\":\"https:\\\/\\\/lasentinelle.dz\\\/\",\"logo\":{\"@type\":\"ImageObject\",\"inLanguage\":\"fr-FR\",\"@id\":\"https:\\\/\\\/lasentinelle.dz\\\/#\\\/schema\\\/logo\\\/image\\\/\",\"url\":\"https:\\\/\\\/lasentinelle.dz\\\/wp-content\\\/uploads\\\/2021\\\/09\\\/logo-sentinelleSLOGAN-1.png\",\"contentUrl\":\"https:\\\/\\\/lasentinelle.dz\\\/wp-content\\\/uploads\\\/2021\\\/09\\\/logo-sentinelleSLOGAN-1.png\",\"width\":615,\"height\":142,\"caption\":\"Quotidien La Sentinelle\"},\"image\":{\"@id\":\"https:\\\/\\\/lasentinelle.dz\\\/#\\\/schema\\\/logo\\\/image\\\/\"},\"sameAs\":[\"https:\\\/\\\/www.facebook.com\\\/La-Sentinelle-104059864394773\"]},{\"@type\":\"Person\",\"@id\":\"https:\\\/\\\/lasentinelle.dz\\\/#\\\/schema\\\/person\\\/d865044e22e70a75174ce8bcad3acfb3\",\"name\":\"La Sentinelle\",\"image\":{\"@type\":\"ImageObject\",\"inLanguage\":\"fr-FR\",\"@id\":\"https:\\\/\\\/secure.gravatar.com\\\/avatar\\\/57de8e5d4b15d43fb361a71fbb36338450fe67865b528a43dd10ef7c51a20392?s=96&d=mm&r=g\",\"url\":\"https:\\\/\\\/secure.gravatar.com\\\/avatar\\\/57de8e5d4b15d43fb361a71fbb36338450fe67865b528a43dd10ef7c51a20392?s=96&d=mm&r=g\",\"contentUrl\":\"https:\\\/\\\/secure.gravatar.com\\\/avatar\\\/57de8e5d4b15d43fb361a71fbb36338450fe67865b528a43dd10ef7c51a20392?s=96&d=mm&r=g\",\"caption\":\"La Sentinelle\"},\"sameAs\":[\"http:\\\/\\\/www.lasentinelle.dz\"],\"url\":\"https:\\\/\\\/lasentinelle.dz\\\/author\\\/redaction\\\/\"}]}<\/script>\n<!-- \/ Yoast SEO plugin. -->","yoast_head_json":{"title":"Lutte contre le terrorisme et l\u2019extr\u00e9misme au Sahel\u00a0: Miser sur le renforcement des capacit\u00e9s nationales et la coop\u00e9ration r\u00e9gionale - La Sentinelle","robots":{"index":"index","follow":"follow","max-snippet":"max-snippet:-1","max-image-preview":"max-image-preview:large","max-video-preview":"max-video-preview:-1"},"canonical":"https:\/\/lasentinelle.dz\/index.php\/2023\/02\/26\/lutte-contre-le-terrorisme-et-lextremisme-au-sahel-miser-sur-le-renforcement-des-capacites-nationales-et-la-cooperation-regionale\/","og_locale":"fr_FR","og_type":"article","og_title":"Lutte contre le terrorisme et l\u2019extr\u00e9misme au Sahel\u00a0: Miser sur le renforcement des capacit\u00e9s nationales et la coop\u00e9ration r\u00e9gionale - La Sentinelle","og_description":"La lutte contre le terrorisme et l\u2019extr\u00e9misme au Sahel doit s\u2019appuyer sur une nouvelle approche. Une approche assise sur un","og_url":"https:\/\/lasentinelle.dz\/index.php\/2023\/02\/26\/lutte-contre-le-terrorisme-et-lextremisme-au-sahel-miser-sur-le-renforcement-des-capacites-nationales-et-la-cooperation-regionale\/","og_site_name":"La Sentinelle","article_publisher":"https:\/\/www.facebook.com\/La-Sentinelle-104059864394773","article_published_time":"2023-02-26T21:05:00+00:00","og_image":[{"width":1491,"height":900,"url":"https:\/\/lasentinelle.dz\/wp-content\/uploads\/2023\/02\/Sans-titre-1-15.png","type":"image\/png"}],"author":"La Sentinelle","twitter_card":"summary_large_image","twitter_misc":{"\u00c9crit par":"La Sentinelle","Dur\u00e9e de lecture estim\u00e9e":"4 minutes"},"schema":{"@context":"https:\/\/schema.org","@graph":[{"@type":"Article","@id":"https:\/\/lasentinelle.dz\/index.php\/2023\/02\/26\/lutte-contre-le-terrorisme-et-lextremisme-au-sahel-miser-sur-le-renforcement-des-capacites-nationales-et-la-cooperation-regionale\/#article","isPartOf":{"@id":"https:\/\/lasentinelle.dz\/index.php\/2023\/02\/26\/lutte-contre-le-terrorisme-et-lextremisme-au-sahel-miser-sur-le-renforcement-des-capacites-nationales-et-la-cooperation-regionale\/"},"author":{"name":"La Sentinelle","@id":"https:\/\/lasentinelle.dz\/#\/schema\/person\/d865044e22e70a75174ce8bcad3acfb3"},"headline":"Lutte contre le terrorisme et l\u2019extr\u00e9misme au Sahel\u00a0: Miser sur le renforcement des capacit\u00e9s nationales et la coop\u00e9ration r\u00e9gionale","datePublished":"2023-02-26T21:05:00+00:00","mainEntityOfPage":{"@id":"https:\/\/lasentinelle.dz\/index.php\/2023\/02\/26\/lutte-contre-le-terrorisme-et-lextremisme-au-sahel-miser-sur-le-renforcement-des-capacites-nationales-et-la-cooperation-regionale\/"},"wordCount":924,"commentCount":0,"publisher":{"@id":"https:\/\/lasentinelle.dz\/#organization"},"image":{"@id":"https:\/\/lasentinelle.dz\/index.php\/2023\/02\/26\/lutte-contre-le-terrorisme-et-lextremisme-au-sahel-miser-sur-le-renforcement-des-capacites-nationales-et-la-cooperation-regionale\/#primaryimage"},"thumbnailUrl":"https:\/\/lasentinelle.dz\/wp-content\/uploads\/2023\/02\/Sans-titre-1-15.png","articleSection":["Actualit\u00e9"],"inLanguage":"fr-FR","potentialAction":[{"@type":"CommentAction","name":"Comment","target":["https:\/\/lasentinelle.dz\/index.php\/2023\/02\/26\/lutte-contre-le-terrorisme-et-lextremisme-au-sahel-miser-sur-le-renforcement-des-capacites-nationales-et-la-cooperation-regionale\/#respond"]}]},{"@type":"WebPage","@id":"https:\/\/lasentinelle.dz\/index.php\/2023\/02\/26\/lutte-contre-le-terrorisme-et-lextremisme-au-sahel-miser-sur-le-renforcement-des-capacites-nationales-et-la-cooperation-regionale\/","url":"https:\/\/lasentinelle.dz\/index.php\/2023\/02\/26\/lutte-contre-le-terrorisme-et-lextremisme-au-sahel-miser-sur-le-renforcement-des-capacites-nationales-et-la-cooperation-regionale\/","name":"Lutte contre le terrorisme et l\u2019extr\u00e9misme au Sahel\u00a0: Miser sur le renforcement des capacit\u00e9s nationales et la coop\u00e9ration r\u00e9gionale - La Sentinelle","isPartOf":{"@id":"https:\/\/lasentinelle.dz\/#website"},"primaryImageOfPage":{"@id":"https:\/\/lasentinelle.dz\/index.php\/2023\/02\/26\/lutte-contre-le-terrorisme-et-lextremisme-au-sahel-miser-sur-le-renforcement-des-capacites-nationales-et-la-cooperation-regionale\/#primaryimage"},"image":{"@id":"https:\/\/lasentinelle.dz\/index.php\/2023\/02\/26\/lutte-contre-le-terrorisme-et-lextremisme-au-sahel-miser-sur-le-renforcement-des-capacites-nationales-et-la-cooperation-regionale\/#primaryimage"},"thumbnailUrl":"https:\/\/lasentinelle.dz\/wp-content\/uploads\/2023\/02\/Sans-titre-1-15.png","datePublished":"2023-02-26T21:05:00+00:00","breadcrumb":{"@id":"https:\/\/lasentinelle.dz\/index.php\/2023\/02\/26\/lutte-contre-le-terrorisme-et-lextremisme-au-sahel-miser-sur-le-renforcement-des-capacites-nationales-et-la-cooperation-regionale\/#breadcrumb"},"inLanguage":"fr-FR","potentialAction":[{"@type":"ReadAction","target":["https:\/\/lasentinelle.dz\/index.php\/2023\/02\/26\/lutte-contre-le-terrorisme-et-lextremisme-au-sahel-miser-sur-le-renforcement-des-capacites-nationales-et-la-cooperation-regionale\/"]}]},{"@type":"ImageObject","inLanguage":"fr-FR","@id":"https:\/\/lasentinelle.dz\/index.php\/2023\/02\/26\/lutte-contre-le-terrorisme-et-lextremisme-au-sahel-miser-sur-le-renforcement-des-capacites-nationales-et-la-cooperation-regionale\/#primaryimage","url":"https:\/\/lasentinelle.dz\/wp-content\/uploads\/2023\/02\/Sans-titre-1-15.png","contentUrl":"https:\/\/lasentinelle.dz\/wp-content\/uploads\/2023\/02\/Sans-titre-1-15.png","width":1491,"height":900},{"@type":"BreadcrumbList","@id":"https:\/\/lasentinelle.dz\/index.php\/2023\/02\/26\/lutte-contre-le-terrorisme-et-lextremisme-au-sahel-miser-sur-le-renforcement-des-capacites-nationales-et-la-cooperation-regionale\/#breadcrumb","itemListElement":[{"@type":"ListItem","position":1,"name":"Accueil","item":"https:\/\/lasentinelle.dz\/"},{"@type":"ListItem","position":2,"name":"Lutte contre le terrorisme et l\u2019extr\u00e9misme au Sahel\u00a0: Miser sur le renforcement des capacit\u00e9s nationales et la coop\u00e9ration r\u00e9gionale"}]},{"@type":"WebSite","@id":"https:\/\/lasentinelle.dz\/#website","url":"https:\/\/lasentinelle.dz\/","name":"La Sentinelle","description":"Quotidien national d&#039;information","publisher":{"@id":"https:\/\/lasentinelle.dz\/#organization"},"potentialAction":[{"@type":"SearchAction","target":{"@type":"EntryPoint","urlTemplate":"https:\/\/lasentinelle.dz\/?s={search_term_string}"},"query-input":{"@type":"PropertyValueSpecification","valueRequired":true,"valueName":"search_term_string"}}],"inLanguage":"fr-FR"},{"@type":"Organization","@id":"https:\/\/lasentinelle.dz\/#organization","name":"Quotidien La Sentinelle","url":"https:\/\/lasentinelle.dz\/","logo":{"@type":"ImageObject","inLanguage":"fr-FR","@id":"https:\/\/lasentinelle.dz\/#\/schema\/logo\/image\/","url":"https:\/\/lasentinelle.dz\/wp-content\/uploads\/2021\/09\/logo-sentinelleSLOGAN-1.png","contentUrl":"https:\/\/lasentinelle.dz\/wp-content\/uploads\/2021\/09\/logo-sentinelleSLOGAN-1.png","width":615,"height":142,"caption":"Quotidien La Sentinelle"},"image":{"@id":"https:\/\/lasentinelle.dz\/#\/schema\/logo\/image\/"},"sameAs":["https:\/\/www.facebook.com\/La-Sentinelle-104059864394773"]},{"@type":"Person","@id":"https:\/\/lasentinelle.dz\/#\/schema\/person\/d865044e22e70a75174ce8bcad3acfb3","name":"La Sentinelle","image":{"@type":"ImageObject","inLanguage":"fr-FR","@id":"https:\/\/secure.gravatar.com\/avatar\/57de8e5d4b15d43fb361a71fbb36338450fe67865b528a43dd10ef7c51a20392?s=96&d=mm&r=g","url":"https:\/\/secure.gravatar.com\/avatar\/57de8e5d4b15d43fb361a71fbb36338450fe67865b528a43dd10ef7c51a20392?s=96&d=mm&r=g","contentUrl":"https:\/\/secure.gravatar.com\/avatar\/57de8e5d4b15d43fb361a71fbb36338450fe67865b528a43dd10ef7c51a20392?s=96&d=mm&r=g","caption":"La Sentinelle"},"sameAs":["http:\/\/www.lasentinelle.dz"],"url":"https:\/\/lasentinelle.dz\/author\/redaction\/"}]}},"_links":{"self":[{"href":"https:\/\/lasentinelle.dz\/index.php\/wp-json\/wp\/v2\/posts\/36880","targetHints":{"allow":["GET"]}}],"collection":[{"href":"https:\/\/lasentinelle.dz\/index.php\/wp-json\/wp\/v2\/posts"}],"about":[{"href":"https:\/\/lasentinelle.dz\/index.php\/wp-json\/wp\/v2\/types\/post"}],"author":[{"embeddable":true,"href":"https:\/\/lasentinelle.dz\/index.php\/wp-json\/wp\/v2\/users\/3"}],"replies":[{"embeddable":true,"href":"https:\/\/lasentinelle.dz\/index.php\/wp-json\/wp\/v2\/comments?post=36880"}],"version-history":[{"count":1,"href":"https:\/\/lasentinelle.dz\/index.php\/wp-json\/wp\/v2\/posts\/36880\/revisions"}],"predecessor-version":[{"id":36884,"href":"https:\/\/lasentinelle.dz\/index.php\/wp-json\/wp\/v2\/posts\/36880\/revisions\/36884"}],"wp:featuredmedia":[{"embeddable":true,"href":"https:\/\/lasentinelle.dz\/index.php\/wp-json\/wp\/v2\/media\/36883"}],"wp:attachment":[{"href":"https:\/\/lasentinelle.dz\/index.php\/wp-json\/wp\/v2\/media?parent=36880"}],"wp:term":[{"taxonomy":"category","embeddable":true,"href":"https:\/\/lasentinelle.dz\/index.php\/wp-json\/wp\/v2\/categories?post=36880"},{"taxonomy":"post_tag","embeddable":true,"href":"https:\/\/lasentinelle.dz\/index.php\/wp-json\/wp\/v2\/tags?post=36880"}],"curies":[{"name":"wp","href":"https:\/\/api.w.org\/{rel}","templated":true}]}}