{"id":36972,"date":"2023-02-27T22:15:00","date_gmt":"2023-02-27T21:15:00","guid":{"rendered":"https:\/\/lasentinelle.dz\/?p=36972"},"modified":"2023-02-27T21:07:06","modified_gmt":"2023-02-27T20:07:06","slug":"reglement-de-la-crise-libyenne-les-lignes-commencent-a-bouger","status":"publish","type":"post","link":"https:\/\/lasentinelle.dz\/index.php\/2023\/02\/27\/reglement-de-la-crise-libyenne-les-lignes-commencent-a-bouger\/","title":{"rendered":"R\u00e8glement de la crise libyenne\u00a0: Les lignes commencent \u00e0 bouger"},"content":{"rendered":"\n<p>Les pressions de la communaut\u00e9 internationale commencent quelque peu \u00e0 faire bouger les lignes en Libye, pays dirig\u00e9 par deux gouvernements rivaux depuis le reversement il y a plus d\u2019une dizaine d&rsquo;ann\u00e9es de Mouammar El Gueddafi par les Occidentaux.<\/p>\n\n\n\n<p>La Chambre des repr\u00e9sentants (Parlement \u00e9tabli \u00e0 Tobrouk) et le Haut conseil d\u2019Etat (Install\u00e9 \u00e0 Tripoli) ont proc\u00e9d\u00e9, enfin, au 13e amendement de la d\u00e9claration constitutionnelle, ce qui permet d\u2019avancer dans l\u2019\u00e9dification du cadre l\u00e9gal requis pour la tenue simultan\u00e9e d&rsquo;\u00e9lections pr\u00e9sidentielles et l\u00e9gislatives. L\u2019ensemble de la communaut\u00e9 internationale veut que l\u2019ann\u00e9e 2023 soit celle des \u00e9lections en Libye. Tout le monde affirme la n\u00e9cessit\u00e9 \u00e9galement de tenir les \u00e9lections dans les plus brefs d\u00e9lais et sous la supervision d&rsquo;une autorit\u00e9 ex\u00e9cutive neutre qui donne la priorit\u00e9 aux int\u00e9r\u00eats supr\u00eames de l&rsquo;\u00c9tat libyen. Les \u00e9lections pr\u00e9sidentielle et parlementaires \u00e9taient initialement pr\u00e9vues pour d\u00e9cembre 2021 conform\u00e9ment \u00e0 un plan parrain\u00e9 par l&rsquo;ONU. Une \u00e9ni\u00e8me tentative du seigneur de la guerre Khalifa Haftar de s\u2019emparer du pouvoir par la force a cependant tout remis en cause. Mais depuis, la situation semble avoir \u00e9volu\u00e9 dans la bonne direction.<\/p>\n\n\n\n<p>La Chambre des repr\u00e9sentants a d\u2019ailleurs vite fait de publier le 13e amendement de la d\u00e9claration constitutionnelle au journal officiel. Comprenant 34 articles, l\u2019amendement d\u00e9finit les contours du nouveau syst\u00e8me politique libyen ainsi que les t\u00e2ches du pr\u00e9sident et du premier ministre. Le nouvel amendement fixe \u00e9galement les pouvoirs et les t\u00e2ches de l&rsquo;autorit\u00e9 l\u00e9gislative. Il reste maintenant au Haut conseil d\u2019Etat d\u2019adopter le texte amend\u00e9. L\u2019institution qui fonctionne comme un s\u00e9nat devait l\u2019examiner et proc\u00e9der \u00e0 son adoption dimanche. La s\u00e9ance n\u2019a cependant pas eu lieu faute de quorum. Donc rien n\u2019est encore r\u00e9ellement acquis puisque 54 membres du conseil qui compte 200 si\u00e8ges ont publi\u00e9 une d\u00e9claration commune rejetant l&rsquo;amendement constitutionnel. Samedi, le pr\u00e9sident du HCE, Khaled Mechri, a d\u00e9clar\u00e9 que l&rsquo;amendement constitutionnel \u00ab est le r\u00e9sultat de longues consultations \u00bb avec la Chambre des repr\u00e9sentants, une mani\u00e8re sans doute de signifier aux s\u00e9nateurs r\u00e9fractaires qu\u2019il n\u2019est pas possible d\u2019obtenir mieux ou plus.<\/p>\n\n\n\n<p>En janvier, rappelle-t-on, le pr\u00e9sident de la Chambre des repr\u00e9sentants libyenne Aguila Saleh et le pr\u00e9sident du Conseil sup\u00e9rieur d&rsquo;\u00c9tat Khaled Al-Mishri ont eu des entretiens au Caire, o\u00f9 ils ont convenu d&rsquo;\u00e9tablir une feuille de route \u00ab claire et pr\u00e9cise \u00bb afin d&rsquo;organiser les \u00e9lections. Au cours de la r\u00e9union, les dirigeants libyens ont publi\u00e9 une d\u00e9claration commune&nbsp; dans laquelle ils se sont mis d&rsquo;accord sur l&rsquo;\u00e9laboration d&rsquo;une feuille de route qui assure la r\u00e9alisation de toutes les mesures requises pour mener \u00e0 bien le processus \u00e9lectoral, y compris celles li\u00e9es aux bases, aux lois, aux mesures ex\u00e9cutives et \u00e0 l&rsquo;unification des institutions.<\/p>\n\n\n\n<p>La rencontre entre les deux responsables n\u2019a \u00e9t\u00e9 rendue possible que gr\u00e2ce aux pressions internationales et en particulier celles des Etats-Unis qui se sont davantage int\u00e9ress\u00e9s au dossier libyen ces derniers mois. Le directeur de la principale agence de renseignement am\u00e9ricaine (CIA), William Burns, s\u2019y est d\u2019ailleurs d\u00e9plac\u00e9 derni\u00e8rement pour convaincre les protagonistes de la crise de h\u00e2ter la sortie de crise. Washington a surtout mis la pression sur Khalifa Haftar qui est accus\u00e9 de faire obstruction \u00e0 la tenue d\u2019\u00e9lections et d\u2019employer des mercenaires dans ses milices arm\u00e9es, en particulier des \u00e9l\u00e9ments de la soci\u00e9t\u00e9 militaire priv\u00e9e russe Wagner. C\u2019est gr\u00e2ce aux mercenaires dont beaucoup sont originaires du Soudan, du Tchad et du Niger que Khalifa Haftar contr\u00f4le l\u2019Est et une partie du sud de la Libye. Son effort de guerre est financ\u00e9 par des pays comme l\u2019Egypte et les Emirats Arabes Unis. La question maintenant est de savoir s\u2019il s\u2019emploiera encore une fois, avec l\u2019aide de ses alli\u00e9s, \u00e0 faire d\u00e9railler le processus en cours comme il a eu \u00e0 le faire \u00e0 de nombreuses reprises. Difficile \u00e0 dire. Quoiqu\u2019il en soit, il semble bel et bien dans le collimateur des Etats-Unis.<\/p>\n\n\n\n<p>A ce propos, le porte-parole du d\u00e9partement d&rsquo;Etat am\u00e9ricain, Ned Price, a rappel\u00e9 samedi qu&rsquo;il \u00e9tait important que le peuple libyen ait la possibilit\u00e9 d&rsquo;exprimer ses opinions et d&rsquo;agir sur ses aspirations par le biais des urnes. Il a r\u00e9v\u00e9l\u00e9 sur un ton ferme que les Etats-Unis travaillaient en \u00e9troite collaboration avec les autorit\u00e9s libyennes, le repr\u00e9sentant sp\u00e9cial du secr\u00e9taire g\u00e9n\u00e9ral de l&rsquo;ONU et leurs alli\u00e9s et partenaires internationaux, pour soutenir cela de toutes les mani\u00e8res possibles. Concernant le r\u00f4le de Wagner dans la r\u00e9gion, Price a d\u00e9clar\u00e9 que l&rsquo;enracinement de son influence a rendu les pays de la r\u00e9gion plus faibles, plus pauvres, plus pr\u00e9caires et moins ind\u00e9pendants, ajoutant que les \u00c9tats-Unis d&rsquo;Am\u00e9rique cherchaient \u00e0 limiter leur influence. Sans nul, la sortie m\u00e9diatique de Ned Price a valeur d\u2019avertissement. Difficile d\u2019\u00eatre plus clair.<\/p>\n\n\n\n<p><strong>Khider Larbi<\/strong><\/p>\n","protected":false},"excerpt":{"rendered":"<p>Les pressions de la communaut\u00e9 internationale commencent quelque peu \u00e0 faire bouger les lignes en Libye, pays dirig\u00e9 par deux<\/p>\n","protected":false},"author":3,"featured_media":36973,"comment_status":"open","ping_status":"closed","sticky":false,"template":"","format":"standard","meta":{"colormag_page_container_layout":"default_layout","colormag_page_sidebar_layout":"default_layout","om_disable_all_campaigns":false,"_monsterinsights_skip_tracking":false,"_monsterinsights_sitenote_active":false,"_monsterinsights_sitenote_note":"","_monsterinsights_sitenote_category":0,"footnotes":"","_wpscppro_dont_share_socialmedia":false,"_wpscppro_custom_social_share_image":0,"_facebook_share_type":"","_twitter_share_type":"","_linkedin_share_type":"","_pinterest_share_type":"","_linkedin_share_type_page":"","_instagram_share_type":"","_medium_share_type":"","_threads_share_type":"","_google_business_share_type":"","_selected_social_profile":[],"_wpsp_enable_custom_social_template":false,"_wpsp_social_scheduling":{"enabled":false,"datetime":null,"platforms":[],"status":"template_only","dateOption":"today","timeOption":"now","customDays":"","customHours":"","customDate":"","customTime":"","schedulingType":"absolute"},"_wpsp_active_default_template":true},"categories":[52,27],"tags":[],"class_list":["post-36972","post","type-post","status-publish","format-standard","has-post-thumbnail","hentry","category-a-la-une","category-actualite"],"aioseo_notices":[],"yoast_head":"<!-- This site is optimized with the Yoast SEO plugin v27.5 - https:\/\/yoast.com\/product\/yoast-seo-wordpress\/ -->\n<title>R\u00e8glement de la crise libyenne\u00a0: Les lignes commencent \u00e0 bouger - La Sentinelle<\/title>\n<meta name=\"robots\" content=\"index, follow, max-snippet:-1, max-image-preview:large, max-video-preview:-1\" \/>\n<link rel=\"canonical\" href=\"https:\/\/lasentinelle.dz\/index.php\/2023\/02\/27\/reglement-de-la-crise-libyenne-les-lignes-commencent-a-bouger\/\" \/>\n<meta property=\"og:locale\" content=\"fr_FR\" \/>\n<meta property=\"og:type\" content=\"article\" \/>\n<meta property=\"og:title\" content=\"R\u00e8glement de la crise libyenne\u00a0: Les lignes commencent \u00e0 bouger - La Sentinelle\" \/>\n<meta property=\"og:description\" content=\"Les pressions de la communaut\u00e9 internationale commencent quelque peu \u00e0 faire bouger les lignes en Libye, pays dirig\u00e9 par deux\" \/>\n<meta property=\"og:url\" content=\"https:\/\/lasentinelle.dz\/index.php\/2023\/02\/27\/reglement-de-la-crise-libyenne-les-lignes-commencent-a-bouger\/\" \/>\n<meta property=\"og:site_name\" content=\"La Sentinelle\" \/>\n<meta property=\"article:publisher\" content=\"https:\/\/www.facebook.com\/La-Sentinelle-104059864394773\" \/>\n<meta property=\"article:published_time\" content=\"2023-02-27T21:15:00+00:00\" \/>\n<meta property=\"og:image\" content=\"https:\/\/lasentinelle.dz\/wp-content\/uploads\/2023\/02\/Libye.png\" \/>\n\t<meta property=\"og:image:width\" content=\"1491\" \/>\n\t<meta property=\"og:image:height\" content=\"900\" \/>\n\t<meta property=\"og:image:type\" content=\"image\/png\" \/>\n<meta name=\"author\" content=\"La Sentinelle\" \/>\n<meta name=\"twitter:card\" content=\"summary_large_image\" \/>\n<meta name=\"twitter:label1\" content=\"\u00c9crit par\" \/>\n\t<meta name=\"twitter:data1\" content=\"La Sentinelle\" \/>\n\t<meta name=\"twitter:label2\" content=\"Dur\u00e9e de lecture estim\u00e9e\" \/>\n\t<meta name=\"twitter:data2\" content=\"4 minutes\" \/>\n<script type=\"application\/ld+json\" class=\"yoast-schema-graph\">{\"@context\":\"https:\\\/\\\/schema.org\",\"@graph\":[{\"@type\":\"Article\",\"@id\":\"https:\\\/\\\/lasentinelle.dz\\\/index.php\\\/2023\\\/02\\\/27\\\/reglement-de-la-crise-libyenne-les-lignes-commencent-a-bouger\\\/#article\",\"isPartOf\":{\"@id\":\"https:\\\/\\\/lasentinelle.dz\\\/index.php\\\/2023\\\/02\\\/27\\\/reglement-de-la-crise-libyenne-les-lignes-commencent-a-bouger\\\/\"},\"author\":{\"name\":\"La Sentinelle\",\"@id\":\"https:\\\/\\\/lasentinelle.dz\\\/#\\\/schema\\\/person\\\/d865044e22e70a75174ce8bcad3acfb3\"},\"headline\":\"R\u00e8glement de la crise libyenne\u00a0: Les lignes commencent \u00e0 bouger\",\"datePublished\":\"2023-02-27T21:15:00+00:00\",\"mainEntityOfPage\":{\"@id\":\"https:\\\/\\\/lasentinelle.dz\\\/index.php\\\/2023\\\/02\\\/27\\\/reglement-de-la-crise-libyenne-les-lignes-commencent-a-bouger\\\/\"},\"wordCount\":902,\"commentCount\":0,\"publisher\":{\"@id\":\"https:\\\/\\\/lasentinelle.dz\\\/#organization\"},\"image\":{\"@id\":\"https:\\\/\\\/lasentinelle.dz\\\/index.php\\\/2023\\\/02\\\/27\\\/reglement-de-la-crise-libyenne-les-lignes-commencent-a-bouger\\\/#primaryimage\"},\"thumbnailUrl\":\"https:\\\/\\\/lasentinelle.dz\\\/wp-content\\\/uploads\\\/2023\\\/02\\\/Libye.png\",\"articleSection\":[\"\u00c0 la Une\",\"Actualit\u00e9\"],\"inLanguage\":\"fr-FR\",\"potentialAction\":[{\"@type\":\"CommentAction\",\"name\":\"Comment\",\"target\":[\"https:\\\/\\\/lasentinelle.dz\\\/index.php\\\/2023\\\/02\\\/27\\\/reglement-de-la-crise-libyenne-les-lignes-commencent-a-bouger\\\/#respond\"]}]},{\"@type\":\"WebPage\",\"@id\":\"https:\\\/\\\/lasentinelle.dz\\\/index.php\\\/2023\\\/02\\\/27\\\/reglement-de-la-crise-libyenne-les-lignes-commencent-a-bouger\\\/\",\"url\":\"https:\\\/\\\/lasentinelle.dz\\\/index.php\\\/2023\\\/02\\\/27\\\/reglement-de-la-crise-libyenne-les-lignes-commencent-a-bouger\\\/\",\"name\":\"R\u00e8glement de la crise libyenne\u00a0: Les lignes commencent \u00e0 bouger - La Sentinelle\",\"isPartOf\":{\"@id\":\"https:\\\/\\\/lasentinelle.dz\\\/#website\"},\"primaryImageOfPage\":{\"@id\":\"https:\\\/\\\/lasentinelle.dz\\\/index.php\\\/2023\\\/02\\\/27\\\/reglement-de-la-crise-libyenne-les-lignes-commencent-a-bouger\\\/#primaryimage\"},\"image\":{\"@id\":\"https:\\\/\\\/lasentinelle.dz\\\/index.php\\\/2023\\\/02\\\/27\\\/reglement-de-la-crise-libyenne-les-lignes-commencent-a-bouger\\\/#primaryimage\"},\"thumbnailUrl\":\"https:\\\/\\\/lasentinelle.dz\\\/wp-content\\\/uploads\\\/2023\\\/02\\\/Libye.png\",\"datePublished\":\"2023-02-27T21:15:00+00:00\",\"breadcrumb\":{\"@id\":\"https:\\\/\\\/lasentinelle.dz\\\/index.php\\\/2023\\\/02\\\/27\\\/reglement-de-la-crise-libyenne-les-lignes-commencent-a-bouger\\\/#breadcrumb\"},\"inLanguage\":\"fr-FR\",\"potentialAction\":[{\"@type\":\"ReadAction\",\"target\":[\"https:\\\/\\\/lasentinelle.dz\\\/index.php\\\/2023\\\/02\\\/27\\\/reglement-de-la-crise-libyenne-les-lignes-commencent-a-bouger\\\/\"]}]},{\"@type\":\"ImageObject\",\"inLanguage\":\"fr-FR\",\"@id\":\"https:\\\/\\\/lasentinelle.dz\\\/index.php\\\/2023\\\/02\\\/27\\\/reglement-de-la-crise-libyenne-les-lignes-commencent-a-bouger\\\/#primaryimage\",\"url\":\"https:\\\/\\\/lasentinelle.dz\\\/wp-content\\\/uploads\\\/2023\\\/02\\\/Libye.png\",\"contentUrl\":\"https:\\\/\\\/lasentinelle.dz\\\/wp-content\\\/uploads\\\/2023\\\/02\\\/Libye.png\",\"width\":1491,\"height\":900},{\"@type\":\"BreadcrumbList\",\"@id\":\"https:\\\/\\\/lasentinelle.dz\\\/index.php\\\/2023\\\/02\\\/27\\\/reglement-de-la-crise-libyenne-les-lignes-commencent-a-bouger\\\/#breadcrumb\",\"itemListElement\":[{\"@type\":\"ListItem\",\"position\":1,\"name\":\"Accueil\",\"item\":\"https:\\\/\\\/lasentinelle.dz\\\/\"},{\"@type\":\"ListItem\",\"position\":2,\"name\":\"R\u00e8glement de la crise libyenne\u00a0: Les lignes commencent \u00e0 bouger\"}]},{\"@type\":\"WebSite\",\"@id\":\"https:\\\/\\\/lasentinelle.dz\\\/#website\",\"url\":\"https:\\\/\\\/lasentinelle.dz\\\/\",\"name\":\"La Sentinelle\",\"description\":\"Quotidien national d&#039;information\",\"publisher\":{\"@id\":\"https:\\\/\\\/lasentinelle.dz\\\/#organization\"},\"potentialAction\":[{\"@type\":\"SearchAction\",\"target\":{\"@type\":\"EntryPoint\",\"urlTemplate\":\"https:\\\/\\\/lasentinelle.dz\\\/?s={search_term_string}\"},\"query-input\":{\"@type\":\"PropertyValueSpecification\",\"valueRequired\":true,\"valueName\":\"search_term_string\"}}],\"inLanguage\":\"fr-FR\"},{\"@type\":\"Organization\",\"@id\":\"https:\\\/\\\/lasentinelle.dz\\\/#organization\",\"name\":\"Quotidien La Sentinelle\",\"url\":\"https:\\\/\\\/lasentinelle.dz\\\/\",\"logo\":{\"@type\":\"ImageObject\",\"inLanguage\":\"fr-FR\",\"@id\":\"https:\\\/\\\/lasentinelle.dz\\\/#\\\/schema\\\/logo\\\/image\\\/\",\"url\":\"https:\\\/\\\/lasentinelle.dz\\\/wp-content\\\/uploads\\\/2021\\\/09\\\/logo-sentinelleSLOGAN-1.png\",\"contentUrl\":\"https:\\\/\\\/lasentinelle.dz\\\/wp-content\\\/uploads\\\/2021\\\/09\\\/logo-sentinelleSLOGAN-1.png\",\"width\":615,\"height\":142,\"caption\":\"Quotidien La Sentinelle\"},\"image\":{\"@id\":\"https:\\\/\\\/lasentinelle.dz\\\/#\\\/schema\\\/logo\\\/image\\\/\"},\"sameAs\":[\"https:\\\/\\\/www.facebook.com\\\/La-Sentinelle-104059864394773\"]},{\"@type\":\"Person\",\"@id\":\"https:\\\/\\\/lasentinelle.dz\\\/#\\\/schema\\\/person\\\/d865044e22e70a75174ce8bcad3acfb3\",\"name\":\"La Sentinelle\",\"image\":{\"@type\":\"ImageObject\",\"inLanguage\":\"fr-FR\",\"@id\":\"https:\\\/\\\/secure.gravatar.com\\\/avatar\\\/57de8e5d4b15d43fb361a71fbb36338450fe67865b528a43dd10ef7c51a20392?s=96&d=mm&r=g\",\"url\":\"https:\\\/\\\/secure.gravatar.com\\\/avatar\\\/57de8e5d4b15d43fb361a71fbb36338450fe67865b528a43dd10ef7c51a20392?s=96&d=mm&r=g\",\"contentUrl\":\"https:\\\/\\\/secure.gravatar.com\\\/avatar\\\/57de8e5d4b15d43fb361a71fbb36338450fe67865b528a43dd10ef7c51a20392?s=96&d=mm&r=g\",\"caption\":\"La Sentinelle\"},\"sameAs\":[\"http:\\\/\\\/www.lasentinelle.dz\"],\"url\":\"https:\\\/\\\/lasentinelle.dz\\\/author\\\/redaction\\\/\"}]}<\/script>\n<!-- \/ Yoast SEO plugin. -->","yoast_head_json":{"title":"R\u00e8glement de la crise libyenne\u00a0: Les lignes commencent \u00e0 bouger - La Sentinelle","robots":{"index":"index","follow":"follow","max-snippet":"max-snippet:-1","max-image-preview":"max-image-preview:large","max-video-preview":"max-video-preview:-1"},"canonical":"https:\/\/lasentinelle.dz\/index.php\/2023\/02\/27\/reglement-de-la-crise-libyenne-les-lignes-commencent-a-bouger\/","og_locale":"fr_FR","og_type":"article","og_title":"R\u00e8glement de la crise libyenne\u00a0: Les lignes commencent \u00e0 bouger - La Sentinelle","og_description":"Les pressions de la communaut\u00e9 internationale commencent quelque peu \u00e0 faire bouger les lignes en Libye, pays dirig\u00e9 par deux","og_url":"https:\/\/lasentinelle.dz\/index.php\/2023\/02\/27\/reglement-de-la-crise-libyenne-les-lignes-commencent-a-bouger\/","og_site_name":"La Sentinelle","article_publisher":"https:\/\/www.facebook.com\/La-Sentinelle-104059864394773","article_published_time":"2023-02-27T21:15:00+00:00","og_image":[{"width":1491,"height":900,"url":"https:\/\/lasentinelle.dz\/wp-content\/uploads\/2023\/02\/Libye.png","type":"image\/png"}],"author":"La Sentinelle","twitter_card":"summary_large_image","twitter_misc":{"\u00c9crit par":"La Sentinelle","Dur\u00e9e de lecture estim\u00e9e":"4 minutes"},"schema":{"@context":"https:\/\/schema.org","@graph":[{"@type":"Article","@id":"https:\/\/lasentinelle.dz\/index.php\/2023\/02\/27\/reglement-de-la-crise-libyenne-les-lignes-commencent-a-bouger\/#article","isPartOf":{"@id":"https:\/\/lasentinelle.dz\/index.php\/2023\/02\/27\/reglement-de-la-crise-libyenne-les-lignes-commencent-a-bouger\/"},"author":{"name":"La Sentinelle","@id":"https:\/\/lasentinelle.dz\/#\/schema\/person\/d865044e22e70a75174ce8bcad3acfb3"},"headline":"R\u00e8glement de la crise libyenne\u00a0: Les lignes commencent \u00e0 bouger","datePublished":"2023-02-27T21:15:00+00:00","mainEntityOfPage":{"@id":"https:\/\/lasentinelle.dz\/index.php\/2023\/02\/27\/reglement-de-la-crise-libyenne-les-lignes-commencent-a-bouger\/"},"wordCount":902,"commentCount":0,"publisher":{"@id":"https:\/\/lasentinelle.dz\/#organization"},"image":{"@id":"https:\/\/lasentinelle.dz\/index.php\/2023\/02\/27\/reglement-de-la-crise-libyenne-les-lignes-commencent-a-bouger\/#primaryimage"},"thumbnailUrl":"https:\/\/lasentinelle.dz\/wp-content\/uploads\/2023\/02\/Libye.png","articleSection":["\u00c0 la Une","Actualit\u00e9"],"inLanguage":"fr-FR","potentialAction":[{"@type":"CommentAction","name":"Comment","target":["https:\/\/lasentinelle.dz\/index.php\/2023\/02\/27\/reglement-de-la-crise-libyenne-les-lignes-commencent-a-bouger\/#respond"]}]},{"@type":"WebPage","@id":"https:\/\/lasentinelle.dz\/index.php\/2023\/02\/27\/reglement-de-la-crise-libyenne-les-lignes-commencent-a-bouger\/","url":"https:\/\/lasentinelle.dz\/index.php\/2023\/02\/27\/reglement-de-la-crise-libyenne-les-lignes-commencent-a-bouger\/","name":"R\u00e8glement de la crise libyenne\u00a0: Les lignes commencent \u00e0 bouger - La Sentinelle","isPartOf":{"@id":"https:\/\/lasentinelle.dz\/#website"},"primaryImageOfPage":{"@id":"https:\/\/lasentinelle.dz\/index.php\/2023\/02\/27\/reglement-de-la-crise-libyenne-les-lignes-commencent-a-bouger\/#primaryimage"},"image":{"@id":"https:\/\/lasentinelle.dz\/index.php\/2023\/02\/27\/reglement-de-la-crise-libyenne-les-lignes-commencent-a-bouger\/#primaryimage"},"thumbnailUrl":"https:\/\/lasentinelle.dz\/wp-content\/uploads\/2023\/02\/Libye.png","datePublished":"2023-02-27T21:15:00+00:00","breadcrumb":{"@id":"https:\/\/lasentinelle.dz\/index.php\/2023\/02\/27\/reglement-de-la-crise-libyenne-les-lignes-commencent-a-bouger\/#breadcrumb"},"inLanguage":"fr-FR","potentialAction":[{"@type":"ReadAction","target":["https:\/\/lasentinelle.dz\/index.php\/2023\/02\/27\/reglement-de-la-crise-libyenne-les-lignes-commencent-a-bouger\/"]}]},{"@type":"ImageObject","inLanguage":"fr-FR","@id":"https:\/\/lasentinelle.dz\/index.php\/2023\/02\/27\/reglement-de-la-crise-libyenne-les-lignes-commencent-a-bouger\/#primaryimage","url":"https:\/\/lasentinelle.dz\/wp-content\/uploads\/2023\/02\/Libye.png","contentUrl":"https:\/\/lasentinelle.dz\/wp-content\/uploads\/2023\/02\/Libye.png","width":1491,"height":900},{"@type":"BreadcrumbList","@id":"https:\/\/lasentinelle.dz\/index.php\/2023\/02\/27\/reglement-de-la-crise-libyenne-les-lignes-commencent-a-bouger\/#breadcrumb","itemListElement":[{"@type":"ListItem","position":1,"name":"Accueil","item":"https:\/\/lasentinelle.dz\/"},{"@type":"ListItem","position":2,"name":"R\u00e8glement de la crise libyenne\u00a0: Les lignes commencent \u00e0 bouger"}]},{"@type":"WebSite","@id":"https:\/\/lasentinelle.dz\/#website","url":"https:\/\/lasentinelle.dz\/","name":"La Sentinelle","description":"Quotidien national d&#039;information","publisher":{"@id":"https:\/\/lasentinelle.dz\/#organization"},"potentialAction":[{"@type":"SearchAction","target":{"@type":"EntryPoint","urlTemplate":"https:\/\/lasentinelle.dz\/?s={search_term_string}"},"query-input":{"@type":"PropertyValueSpecification","valueRequired":true,"valueName":"search_term_string"}}],"inLanguage":"fr-FR"},{"@type":"Organization","@id":"https:\/\/lasentinelle.dz\/#organization","name":"Quotidien La Sentinelle","url":"https:\/\/lasentinelle.dz\/","logo":{"@type":"ImageObject","inLanguage":"fr-FR","@id":"https:\/\/lasentinelle.dz\/#\/schema\/logo\/image\/","url":"https:\/\/lasentinelle.dz\/wp-content\/uploads\/2021\/09\/logo-sentinelleSLOGAN-1.png","contentUrl":"https:\/\/lasentinelle.dz\/wp-content\/uploads\/2021\/09\/logo-sentinelleSLOGAN-1.png","width":615,"height":142,"caption":"Quotidien La Sentinelle"},"image":{"@id":"https:\/\/lasentinelle.dz\/#\/schema\/logo\/image\/"},"sameAs":["https:\/\/www.facebook.com\/La-Sentinelle-104059864394773"]},{"@type":"Person","@id":"https:\/\/lasentinelle.dz\/#\/schema\/person\/d865044e22e70a75174ce8bcad3acfb3","name":"La Sentinelle","image":{"@type":"ImageObject","inLanguage":"fr-FR","@id":"https:\/\/secure.gravatar.com\/avatar\/57de8e5d4b15d43fb361a71fbb36338450fe67865b528a43dd10ef7c51a20392?s=96&d=mm&r=g","url":"https:\/\/secure.gravatar.com\/avatar\/57de8e5d4b15d43fb361a71fbb36338450fe67865b528a43dd10ef7c51a20392?s=96&d=mm&r=g","contentUrl":"https:\/\/secure.gravatar.com\/avatar\/57de8e5d4b15d43fb361a71fbb36338450fe67865b528a43dd10ef7c51a20392?s=96&d=mm&r=g","caption":"La Sentinelle"},"sameAs":["http:\/\/www.lasentinelle.dz"],"url":"https:\/\/lasentinelle.dz\/author\/redaction\/"}]}},"_links":{"self":[{"href":"https:\/\/lasentinelle.dz\/index.php\/wp-json\/wp\/v2\/posts\/36972","targetHints":{"allow":["GET"]}}],"collection":[{"href":"https:\/\/lasentinelle.dz\/index.php\/wp-json\/wp\/v2\/posts"}],"about":[{"href":"https:\/\/lasentinelle.dz\/index.php\/wp-json\/wp\/v2\/types\/post"}],"author":[{"embeddable":true,"href":"https:\/\/lasentinelle.dz\/index.php\/wp-json\/wp\/v2\/users\/3"}],"replies":[{"embeddable":true,"href":"https:\/\/lasentinelle.dz\/index.php\/wp-json\/wp\/v2\/comments?post=36972"}],"version-history":[{"count":2,"href":"https:\/\/lasentinelle.dz\/index.php\/wp-json\/wp\/v2\/posts\/36972\/revisions"}],"predecessor-version":[{"id":37000,"href":"https:\/\/lasentinelle.dz\/index.php\/wp-json\/wp\/v2\/posts\/36972\/revisions\/37000"}],"wp:featuredmedia":[{"embeddable":true,"href":"https:\/\/lasentinelle.dz\/index.php\/wp-json\/wp\/v2\/media\/36973"}],"wp:attachment":[{"href":"https:\/\/lasentinelle.dz\/index.php\/wp-json\/wp\/v2\/media?parent=36972"}],"wp:term":[{"taxonomy":"category","embeddable":true,"href":"https:\/\/lasentinelle.dz\/index.php\/wp-json\/wp\/v2\/categories?post=36972"},{"taxonomy":"post_tag","embeddable":true,"href":"https:\/\/lasentinelle.dz\/index.php\/wp-json\/wp\/v2\/tags?post=36972"}],"curies":[{"name":"wp","href":"https:\/\/api.w.org\/{rel}","templated":true}]}}