{"id":36998,"date":"2023-02-27T22:08:00","date_gmt":"2023-02-27T21:08:00","guid":{"rendered":"https:\/\/lasentinelle.dz\/?p=36998"},"modified":"2023-02-27T21:28:16","modified_gmt":"2023-02-27T20:28:16","slug":"securite-alimentaire-les-conditions-du-renouveau-agricole","status":"publish","type":"post","link":"https:\/\/lasentinelle.dz\/index.php\/2023\/02\/27\/securite-alimentaire-les-conditions-du-renouveau-agricole\/","title":{"rendered":"S\u00e9curit\u00e9 alimentaire\u00a0: Les conditions du renouveau agricole"},"content":{"rendered":"\n<p>Les Assises nationales de l&rsquo;Agriculture s\u2019ouvrent aujourd\u2019hui \u00e0 Alger afin de faire le diagnostic de l\u2019\u00e9volution du secteur de l\u2019agriculture dans notre pays, \u00e9valuer ses performances et examiner les voies et moyens de promouvoir sa contribution \u00e0 garantir la s\u00e9curit\u00e9 alimentaire. Bien que le secteur ait enregistr\u00e9 un d\u00e9veloppement appr\u00e9ciable au cours des derni\u00e8res ann\u00e9es, ce qui a permis une hausse notable de la production agricole, notamment en ce qui concerne les produits frais et les produits mara\u00eechers et qui permet aujourd\u2019hui \u00e0 l\u2019Alg\u00e9rie d\u2019occuper les premi\u00e8res places en mati\u00e8re de s\u00e9curit\u00e9 alimentaire dans le Monde arabe et en Afrique, celui-ci gagnerait encore \u00e0 \u00eatre promu et boost\u00e9, notamment dans les segments li\u00e9s aux cultures strat\u00e9giques, plus pr\u00e9cis\u00e9ment en ce qui concerne les c\u00e9r\u00e9ales, les ol\u00e9agineux, les produits sucriers et le lait, pour couvrir la demande nationale, le march\u00e9 \u00e9tant encore tr\u00e8s d\u00e9pendant des importations. Une question qui devient vitale au regard du contexte international qui a induit des tensions majeures sur le march\u00e9 des produits alimentaires de base. Aussi et afin de se pencher sur les facteurs susceptibles d\u2019inciter un v\u00e9ritable renouveau agricole, des ateliers pr\u00e9paratoires aux Assises nationales de l&rsquo;agriculture ont \u00e9t\u00e9 tenus hier, lesquels ont \u00e9t\u00e9 sanctionn\u00e9s par une s\u00e9rie de recommandations.<\/p>\n\n\n\n<p>Les ateliers organis\u00e9s au niveau de la Chambre nationale d&rsquo;agriculture (CNA), de l&rsquo;Institut national alg\u00e9rien de la recherche agronomique (INRAA), du Centre national de contr\u00f4le et de certification des semences et plants et de la Direction g\u00e9n\u00e9rale des for\u00eats (DGF) ont permis de mettre l&rsquo;accent sur les aspirations des paysans et des experts et de cerner les obstacles entravant la r\u00e9alisation des objectifs escompt\u00e9s du secteur.Le foncier industriel, l&rsquo;irrigation compl\u00e9mentaire et le financement \u00e9taient au c\u0153ur des d\u00e9bats du premier atelier abrit\u00e9 par l&rsquo;INRAA, o\u00f9 les participants ont soulign\u00e9 la n\u00e9cessit\u00e9 de renforcer le secteur de l&rsquo;agriculture \u00e0 travers le plan du cadastre, la num\u00e9risation du secteur et la facilitation de l&rsquo;acc\u00e8s au financement.A cet effet, le directeur du foncier agricole et de la mise en valeur des terres au minist\u00e8re de l&rsquo;Agriculture et du D\u00e9veloppement rural, Wahid Tefiani, a insist\u00e9 sur la n\u00e9cessit\u00e9 d&rsquo;assainir le foncier agricole, soulignant que \u00ab\u00a0la r\u00e9vision des m\u00e9canismes d&rsquo;acc\u00e8s est devenu plus qu&rsquo;imp\u00e9ratif \u00e0 l&rsquo;heure actuelle\u00a0\u00bb.Concernant le deuxi\u00e8me atelier sur \u00ab\u00a0la promotion des fili\u00e8res strat\u00e9giques\u00a0\u00bb, la directrice de la promotion et de la valorisation des produits agricoles, Bouchra Boudaoud, a fait savoir que ces discussions avaient permis d&rsquo;\u00e9laborer une s\u00e9rie de mesures visant le d\u00e9veloppement et le renforcement des diff\u00e9rentes fili\u00e8res pour une s\u00e9curit\u00e9 alimentaire durable.Ces ateliers organis\u00e9s par le Centre national de contr\u00f4le et de certification des semences et plants (CNCC) ont port\u00e9 sur l&rsquo;importance d&rsquo;adopter un syst\u00e8me national des statistiques pour l&rsquo;identification du cheptel, a-t-elle poursuivi.Elle a insist\u00e9, en outre, sur l&rsquo;imp\u00e9ratif de \u00ab\u00a0mettre en place toutes les incitations financi\u00e8res au profit des projets relatifs \u00e0 l&rsquo;industrie manufacturi\u00e8re afin d&rsquo;absorber l&rsquo;exc\u00e9dent de la production agricole et de r\u00e9guler le march\u00e9 local, en sus d&rsquo;encourager la cr\u00e9ation de coop\u00e9ratives de services sp\u00e9cialis\u00e9es dans la machinerie et le mat\u00e9riel agricole, lesquels joueront un r\u00f4le dans le d\u00e9veloppement agricole et rural durable\u00a0\u00bb.<\/p>\n\n\n\n<p>Plac\u00e9s sous le slogan \u00a0\u00bbAgriculture: s\u00e9curit\u00e9 alimentaire durable\u00a0\u00bb, les travaux de ces assisses qui s\u2019ouvrent aujourd\u2019hui seront une opportunit\u00e9 pour consolider les acquis des diverses fili\u00e8res agricoles et r\u00e9ajuster les actions qui confortent le statut de \u00a0\u00bb pays \u00e0 stabilit\u00e9 alimentaire\u00a0\u00bb, accord\u00e9 \u00e0 l&rsquo;Alg\u00e9rie l&rsquo;an dernier par le Programme alimentaire mondial (PAM), \u00e0 l&rsquo;instar de la majorit\u00e9 des pays europ\u00e9ens, des Etats-Unis, de la Chine, de la Russie et du Br\u00e9sil.<\/p>\n\n\n\n<p>Notons que le secteur de l\u2019agriculture participe \u00e0 hauteur de 14,7% au PIB avec une valeur de production agricole en 2022 de 4.500 milliards de DA, soit une augmentation de 31% par rapport \u00e0 2021. Les pouvoirs publics ont consacr\u00e9 130 milliards de DA pour 2021-2022 sous forme de subventions pour le d\u00e9veloppement de l&rsquo;investissement agricole, la r\u00e9gulation de la production et les projets structurels, alors que les subventions des engrais sont pass\u00e9es de 20% \u00e0 50%.Sur le terrain, ces subventions ont permis \u00e0 la fili\u00e8re des c\u00e9r\u00e9ales de d\u00e9gager une production de 41 millions de qx contre 27,6 millions de qx en 2021, avec des pr\u00e9visions de productions de 55 millions qx sur 3,75 millions ha pour 2025.Pour ce qui est du d\u00e9veloppement des cultures strat\u00e9giques dans le Sud, un portefeuille foncier initial a \u00e9t\u00e9 affect\u00e9 au titre de la concession, pour&nbsp; une superficie de 134.000 ha au profit de 140 investisseurs, avec un programme en cours de 97.000 ha.Les ol\u00e9agineux, le colza et le soja ont \u00e9t\u00e9 int\u00e9gr\u00e9s \u00e0 la liste des fili\u00e8res strat\u00e9giques et les efforts sont d\u00e9ploy\u00e9s pour atteindre l&rsquo;objectif de couvrir 25% des besoins nationaux en huile de colza et 33% en ma\u00efs, d\u0626ici \u00e0 2024.Dans le cadre du m\u00eame objectif de la s\u00e9curisation c\u00e9r\u00e9ali\u00e8re, des actions entretenues ont rendu possible la mobilisation des ressources en eau pour l&rsquo;irrigation sur 500.000 ha et la pr\u00e9vision de g\u00e9n\u00e9ralisation des syst\u00e8mes d&rsquo;irrigation \u00e9conomiseurs d&rsquo;eau sur 150.000 ha \u00e0 l&rsquo;horizon 2025.Pour la fili\u00e8re l\u00e9gumes secs, la production est pass\u00e9e de 0,9 million qx en 2021 \u00e0 1,18 million qx en 2022 pour une valeur de 17 milliards de dinars (+19%). Pour la pomme de terre, la production est pass\u00e9e \u00e0 44,2 millions qx en 2022 pour une valeur de 287 milliards de dinars (+43%).S&rsquo;agissant de la fili\u00e8re animale, l&rsquo;action retenue a conduit, en 2022, \u00e0 une hausse de 31% (5,7 millions qx)&nbsp; dans la production de la viande blanche compar\u00e9e \u00e0 2021 et une hausse de 8% en viandes rouges (5,7 millions qx).<\/p>\n\n\n\n<p><strong>Chokri Hafed<\/strong><\/p>\n","protected":false},"excerpt":{"rendered":"<p>Les Assises nationales de l&rsquo;Agriculture s\u2019ouvrent aujourd\u2019hui \u00e0 Alger afin de faire le diagnostic de l\u2019\u00e9volution du secteur de l\u2019agriculture<\/p>\n","protected":false},"author":3,"featured_media":37005,"comment_status":"open","ping_status":"closed","sticky":false,"template":"","format":"standard","meta":{"colormag_page_container_layout":"default_layout","colormag_page_sidebar_layout":"default_layout","om_disable_all_campaigns":false,"_monsterinsights_skip_tracking":false,"_monsterinsights_sitenote_active":false,"_monsterinsights_sitenote_note":"","_monsterinsights_sitenote_category":0,"footnotes":"","_wpscppro_dont_share_socialmedia":false,"_wpscppro_custom_social_share_image":0,"_facebook_share_type":"","_twitter_share_type":"","_linkedin_share_type":"","_pinterest_share_type":"","_linkedin_share_type_page":"","_instagram_share_type":"","_medium_share_type":"","_threads_share_type":"","_google_business_share_type":"","_selected_social_profile":[],"_wpsp_enable_custom_social_template":false,"_wpsp_social_scheduling":{"enabled":false,"datetime":null,"platforms":[],"status":"template_only","dateOption":"today","timeOption":"now","customDays":"","customHours":"","customDate":"","customTime":"","schedulingType":"absolute"},"_wpsp_active_default_template":true},"categories":[52,29],"tags":[],"class_list":["post-36998","post","type-post","status-publish","format-standard","has-post-thumbnail","hentry","category-a-la-une","category-economie"],"aioseo_notices":[],"yoast_head":"<!-- This site is optimized with the Yoast SEO plugin v27.5 - https:\/\/yoast.com\/product\/yoast-seo-wordpress\/ -->\n<title>S\u00e9curit\u00e9 alimentaire\u00a0: Les conditions du renouveau agricole - La Sentinelle<\/title>\n<meta name=\"robots\" content=\"index, follow, max-snippet:-1, max-image-preview:large, max-video-preview:-1\" \/>\n<link rel=\"canonical\" href=\"https:\/\/lasentinelle.dz\/index.php\/2023\/02\/27\/securite-alimentaire-les-conditions-du-renouveau-agricole\/\" \/>\n<meta property=\"og:locale\" content=\"fr_FR\" \/>\n<meta property=\"og:type\" content=\"article\" \/>\n<meta property=\"og:title\" content=\"S\u00e9curit\u00e9 alimentaire\u00a0: Les conditions du renouveau agricole - La Sentinelle\" \/>\n<meta property=\"og:description\" content=\"Les Assises nationales de l&rsquo;Agriculture s\u2019ouvrent aujourd\u2019hui \u00e0 Alger afin de faire le diagnostic de l\u2019\u00e9volution du secteur de l\u2019agriculture\" \/>\n<meta property=\"og:url\" content=\"https:\/\/lasentinelle.dz\/index.php\/2023\/02\/27\/securite-alimentaire-les-conditions-du-renouveau-agricole\/\" \/>\n<meta property=\"og:site_name\" content=\"La Sentinelle\" \/>\n<meta property=\"article:publisher\" content=\"https:\/\/www.facebook.com\/La-Sentinelle-104059864394773\" \/>\n<meta property=\"article:published_time\" content=\"2023-02-27T21:08:00+00:00\" \/>\n<meta property=\"og:image\" content=\"https:\/\/lasentinelle.dz\/wp-content\/uploads\/2023\/02\/Sans-titre-5-8.png\" \/>\n\t<meta property=\"og:image:width\" content=\"1427\" \/>\n\t<meta property=\"og:image:height\" content=\"900\" \/>\n\t<meta property=\"og:image:type\" content=\"image\/png\" \/>\n<meta name=\"author\" content=\"La Sentinelle\" \/>\n<meta name=\"twitter:card\" content=\"summary_large_image\" \/>\n<meta name=\"twitter:label1\" content=\"\u00c9crit par\" \/>\n\t<meta name=\"twitter:data1\" content=\"La Sentinelle\" \/>\n\t<meta name=\"twitter:label2\" content=\"Dur\u00e9e de lecture estim\u00e9e\" \/>\n\t<meta name=\"twitter:data2\" content=\"5 minutes\" \/>\n<script type=\"application\/ld+json\" class=\"yoast-schema-graph\">{\"@context\":\"https:\\\/\\\/schema.org\",\"@graph\":[{\"@type\":\"Article\",\"@id\":\"https:\\\/\\\/lasentinelle.dz\\\/index.php\\\/2023\\\/02\\\/27\\\/securite-alimentaire-les-conditions-du-renouveau-agricole\\\/#article\",\"isPartOf\":{\"@id\":\"https:\\\/\\\/lasentinelle.dz\\\/index.php\\\/2023\\\/02\\\/27\\\/securite-alimentaire-les-conditions-du-renouveau-agricole\\\/\"},\"author\":{\"name\":\"La Sentinelle\",\"@id\":\"https:\\\/\\\/lasentinelle.dz\\\/#\\\/schema\\\/person\\\/d865044e22e70a75174ce8bcad3acfb3\"},\"headline\":\"S\u00e9curit\u00e9 alimentaire\u00a0: Les conditions du renouveau agricole\",\"datePublished\":\"2023-02-27T21:08:00+00:00\",\"mainEntityOfPage\":{\"@id\":\"https:\\\/\\\/lasentinelle.dz\\\/index.php\\\/2023\\\/02\\\/27\\\/securite-alimentaire-les-conditions-du-renouveau-agricole\\\/\"},\"wordCount\":1033,\"commentCount\":0,\"publisher\":{\"@id\":\"https:\\\/\\\/lasentinelle.dz\\\/#organization\"},\"image\":{\"@id\":\"https:\\\/\\\/lasentinelle.dz\\\/index.php\\\/2023\\\/02\\\/27\\\/securite-alimentaire-les-conditions-du-renouveau-agricole\\\/#primaryimage\"},\"thumbnailUrl\":\"https:\\\/\\\/lasentinelle.dz\\\/wp-content\\\/uploads\\\/2023\\\/02\\\/Sans-titre-5-8.png\",\"articleSection\":[\"\u00c0 la Une\",\"\u00c9conomie\"],\"inLanguage\":\"fr-FR\",\"potentialAction\":[{\"@type\":\"CommentAction\",\"name\":\"Comment\",\"target\":[\"https:\\\/\\\/lasentinelle.dz\\\/index.php\\\/2023\\\/02\\\/27\\\/securite-alimentaire-les-conditions-du-renouveau-agricole\\\/#respond\"]}]},{\"@type\":\"WebPage\",\"@id\":\"https:\\\/\\\/lasentinelle.dz\\\/index.php\\\/2023\\\/02\\\/27\\\/securite-alimentaire-les-conditions-du-renouveau-agricole\\\/\",\"url\":\"https:\\\/\\\/lasentinelle.dz\\\/index.php\\\/2023\\\/02\\\/27\\\/securite-alimentaire-les-conditions-du-renouveau-agricole\\\/\",\"name\":\"S\u00e9curit\u00e9 alimentaire\u00a0: Les conditions du renouveau agricole - La Sentinelle\",\"isPartOf\":{\"@id\":\"https:\\\/\\\/lasentinelle.dz\\\/#website\"},\"primaryImageOfPage\":{\"@id\":\"https:\\\/\\\/lasentinelle.dz\\\/index.php\\\/2023\\\/02\\\/27\\\/securite-alimentaire-les-conditions-du-renouveau-agricole\\\/#primaryimage\"},\"image\":{\"@id\":\"https:\\\/\\\/lasentinelle.dz\\\/index.php\\\/2023\\\/02\\\/27\\\/securite-alimentaire-les-conditions-du-renouveau-agricole\\\/#primaryimage\"},\"thumbnailUrl\":\"https:\\\/\\\/lasentinelle.dz\\\/wp-content\\\/uploads\\\/2023\\\/02\\\/Sans-titre-5-8.png\",\"datePublished\":\"2023-02-27T21:08:00+00:00\",\"breadcrumb\":{\"@id\":\"https:\\\/\\\/lasentinelle.dz\\\/index.php\\\/2023\\\/02\\\/27\\\/securite-alimentaire-les-conditions-du-renouveau-agricole\\\/#breadcrumb\"},\"inLanguage\":\"fr-FR\",\"potentialAction\":[{\"@type\":\"ReadAction\",\"target\":[\"https:\\\/\\\/lasentinelle.dz\\\/index.php\\\/2023\\\/02\\\/27\\\/securite-alimentaire-les-conditions-du-renouveau-agricole\\\/\"]}]},{\"@type\":\"ImageObject\",\"inLanguage\":\"fr-FR\",\"@id\":\"https:\\\/\\\/lasentinelle.dz\\\/index.php\\\/2023\\\/02\\\/27\\\/securite-alimentaire-les-conditions-du-renouveau-agricole\\\/#primaryimage\",\"url\":\"https:\\\/\\\/lasentinelle.dz\\\/wp-content\\\/uploads\\\/2023\\\/02\\\/Sans-titre-5-8.png\",\"contentUrl\":\"https:\\\/\\\/lasentinelle.dz\\\/wp-content\\\/uploads\\\/2023\\\/02\\\/Sans-titre-5-8.png\",\"width\":1427,\"height\":900},{\"@type\":\"BreadcrumbList\",\"@id\":\"https:\\\/\\\/lasentinelle.dz\\\/index.php\\\/2023\\\/02\\\/27\\\/securite-alimentaire-les-conditions-du-renouveau-agricole\\\/#breadcrumb\",\"itemListElement\":[{\"@type\":\"ListItem\",\"position\":1,\"name\":\"Accueil\",\"item\":\"https:\\\/\\\/lasentinelle.dz\\\/\"},{\"@type\":\"ListItem\",\"position\":2,\"name\":\"S\u00e9curit\u00e9 alimentaire\u00a0: Les conditions du renouveau agricole\"}]},{\"@type\":\"WebSite\",\"@id\":\"https:\\\/\\\/lasentinelle.dz\\\/#website\",\"url\":\"https:\\\/\\\/lasentinelle.dz\\\/\",\"name\":\"La Sentinelle\",\"description\":\"Quotidien national d&#039;information\",\"publisher\":{\"@id\":\"https:\\\/\\\/lasentinelle.dz\\\/#organization\"},\"potentialAction\":[{\"@type\":\"SearchAction\",\"target\":{\"@type\":\"EntryPoint\",\"urlTemplate\":\"https:\\\/\\\/lasentinelle.dz\\\/?s={search_term_string}\"},\"query-input\":{\"@type\":\"PropertyValueSpecification\",\"valueRequired\":true,\"valueName\":\"search_term_string\"}}],\"inLanguage\":\"fr-FR\"},{\"@type\":\"Organization\",\"@id\":\"https:\\\/\\\/lasentinelle.dz\\\/#organization\",\"name\":\"Quotidien La Sentinelle\",\"url\":\"https:\\\/\\\/lasentinelle.dz\\\/\",\"logo\":{\"@type\":\"ImageObject\",\"inLanguage\":\"fr-FR\",\"@id\":\"https:\\\/\\\/lasentinelle.dz\\\/#\\\/schema\\\/logo\\\/image\\\/\",\"url\":\"https:\\\/\\\/lasentinelle.dz\\\/wp-content\\\/uploads\\\/2021\\\/09\\\/logo-sentinelleSLOGAN-1.png\",\"contentUrl\":\"https:\\\/\\\/lasentinelle.dz\\\/wp-content\\\/uploads\\\/2021\\\/09\\\/logo-sentinelleSLOGAN-1.png\",\"width\":615,\"height\":142,\"caption\":\"Quotidien La Sentinelle\"},\"image\":{\"@id\":\"https:\\\/\\\/lasentinelle.dz\\\/#\\\/schema\\\/logo\\\/image\\\/\"},\"sameAs\":[\"https:\\\/\\\/www.facebook.com\\\/La-Sentinelle-104059864394773\"]},{\"@type\":\"Person\",\"@id\":\"https:\\\/\\\/lasentinelle.dz\\\/#\\\/schema\\\/person\\\/d865044e22e70a75174ce8bcad3acfb3\",\"name\":\"La Sentinelle\",\"image\":{\"@type\":\"ImageObject\",\"inLanguage\":\"fr-FR\",\"@id\":\"https:\\\/\\\/secure.gravatar.com\\\/avatar\\\/57de8e5d4b15d43fb361a71fbb36338450fe67865b528a43dd10ef7c51a20392?s=96&d=mm&r=g\",\"url\":\"https:\\\/\\\/secure.gravatar.com\\\/avatar\\\/57de8e5d4b15d43fb361a71fbb36338450fe67865b528a43dd10ef7c51a20392?s=96&d=mm&r=g\",\"contentUrl\":\"https:\\\/\\\/secure.gravatar.com\\\/avatar\\\/57de8e5d4b15d43fb361a71fbb36338450fe67865b528a43dd10ef7c51a20392?s=96&d=mm&r=g\",\"caption\":\"La Sentinelle\"},\"sameAs\":[\"http:\\\/\\\/www.lasentinelle.dz\"],\"url\":\"https:\\\/\\\/lasentinelle.dz\\\/author\\\/redaction\\\/\"}]}<\/script>\n<!-- \/ Yoast SEO plugin. -->","yoast_head_json":{"title":"S\u00e9curit\u00e9 alimentaire\u00a0: Les conditions du renouveau agricole - La Sentinelle","robots":{"index":"index","follow":"follow","max-snippet":"max-snippet:-1","max-image-preview":"max-image-preview:large","max-video-preview":"max-video-preview:-1"},"canonical":"https:\/\/lasentinelle.dz\/index.php\/2023\/02\/27\/securite-alimentaire-les-conditions-du-renouveau-agricole\/","og_locale":"fr_FR","og_type":"article","og_title":"S\u00e9curit\u00e9 alimentaire\u00a0: Les conditions du renouveau agricole - La Sentinelle","og_description":"Les Assises nationales de l&rsquo;Agriculture s\u2019ouvrent aujourd\u2019hui \u00e0 Alger afin de faire le diagnostic de l\u2019\u00e9volution du secteur de l\u2019agriculture","og_url":"https:\/\/lasentinelle.dz\/index.php\/2023\/02\/27\/securite-alimentaire-les-conditions-du-renouveau-agricole\/","og_site_name":"La Sentinelle","article_publisher":"https:\/\/www.facebook.com\/La-Sentinelle-104059864394773","article_published_time":"2023-02-27T21:08:00+00:00","og_image":[{"width":1427,"height":900,"url":"https:\/\/lasentinelle.dz\/wp-content\/uploads\/2023\/02\/Sans-titre-5-8.png","type":"image\/png"}],"author":"La Sentinelle","twitter_card":"summary_large_image","twitter_misc":{"\u00c9crit par":"La Sentinelle","Dur\u00e9e de lecture estim\u00e9e":"5 minutes"},"schema":{"@context":"https:\/\/schema.org","@graph":[{"@type":"Article","@id":"https:\/\/lasentinelle.dz\/index.php\/2023\/02\/27\/securite-alimentaire-les-conditions-du-renouveau-agricole\/#article","isPartOf":{"@id":"https:\/\/lasentinelle.dz\/index.php\/2023\/02\/27\/securite-alimentaire-les-conditions-du-renouveau-agricole\/"},"author":{"name":"La Sentinelle","@id":"https:\/\/lasentinelle.dz\/#\/schema\/person\/d865044e22e70a75174ce8bcad3acfb3"},"headline":"S\u00e9curit\u00e9 alimentaire\u00a0: Les conditions du renouveau agricole","datePublished":"2023-02-27T21:08:00+00:00","mainEntityOfPage":{"@id":"https:\/\/lasentinelle.dz\/index.php\/2023\/02\/27\/securite-alimentaire-les-conditions-du-renouveau-agricole\/"},"wordCount":1033,"commentCount":0,"publisher":{"@id":"https:\/\/lasentinelle.dz\/#organization"},"image":{"@id":"https:\/\/lasentinelle.dz\/index.php\/2023\/02\/27\/securite-alimentaire-les-conditions-du-renouveau-agricole\/#primaryimage"},"thumbnailUrl":"https:\/\/lasentinelle.dz\/wp-content\/uploads\/2023\/02\/Sans-titre-5-8.png","articleSection":["\u00c0 la Une","\u00c9conomie"],"inLanguage":"fr-FR","potentialAction":[{"@type":"CommentAction","name":"Comment","target":["https:\/\/lasentinelle.dz\/index.php\/2023\/02\/27\/securite-alimentaire-les-conditions-du-renouveau-agricole\/#respond"]}]},{"@type":"WebPage","@id":"https:\/\/lasentinelle.dz\/index.php\/2023\/02\/27\/securite-alimentaire-les-conditions-du-renouveau-agricole\/","url":"https:\/\/lasentinelle.dz\/index.php\/2023\/02\/27\/securite-alimentaire-les-conditions-du-renouveau-agricole\/","name":"S\u00e9curit\u00e9 alimentaire\u00a0: Les conditions du renouveau agricole - La Sentinelle","isPartOf":{"@id":"https:\/\/lasentinelle.dz\/#website"},"primaryImageOfPage":{"@id":"https:\/\/lasentinelle.dz\/index.php\/2023\/02\/27\/securite-alimentaire-les-conditions-du-renouveau-agricole\/#primaryimage"},"image":{"@id":"https:\/\/lasentinelle.dz\/index.php\/2023\/02\/27\/securite-alimentaire-les-conditions-du-renouveau-agricole\/#primaryimage"},"thumbnailUrl":"https:\/\/lasentinelle.dz\/wp-content\/uploads\/2023\/02\/Sans-titre-5-8.png","datePublished":"2023-02-27T21:08:00+00:00","breadcrumb":{"@id":"https:\/\/lasentinelle.dz\/index.php\/2023\/02\/27\/securite-alimentaire-les-conditions-du-renouveau-agricole\/#breadcrumb"},"inLanguage":"fr-FR","potentialAction":[{"@type":"ReadAction","target":["https:\/\/lasentinelle.dz\/index.php\/2023\/02\/27\/securite-alimentaire-les-conditions-du-renouveau-agricole\/"]}]},{"@type":"ImageObject","inLanguage":"fr-FR","@id":"https:\/\/lasentinelle.dz\/index.php\/2023\/02\/27\/securite-alimentaire-les-conditions-du-renouveau-agricole\/#primaryimage","url":"https:\/\/lasentinelle.dz\/wp-content\/uploads\/2023\/02\/Sans-titre-5-8.png","contentUrl":"https:\/\/lasentinelle.dz\/wp-content\/uploads\/2023\/02\/Sans-titre-5-8.png","width":1427,"height":900},{"@type":"BreadcrumbList","@id":"https:\/\/lasentinelle.dz\/index.php\/2023\/02\/27\/securite-alimentaire-les-conditions-du-renouveau-agricole\/#breadcrumb","itemListElement":[{"@type":"ListItem","position":1,"name":"Accueil","item":"https:\/\/lasentinelle.dz\/"},{"@type":"ListItem","position":2,"name":"S\u00e9curit\u00e9 alimentaire\u00a0: Les conditions du renouveau agricole"}]},{"@type":"WebSite","@id":"https:\/\/lasentinelle.dz\/#website","url":"https:\/\/lasentinelle.dz\/","name":"La Sentinelle","description":"Quotidien national d&#039;information","publisher":{"@id":"https:\/\/lasentinelle.dz\/#organization"},"potentialAction":[{"@type":"SearchAction","target":{"@type":"EntryPoint","urlTemplate":"https:\/\/lasentinelle.dz\/?s={search_term_string}"},"query-input":{"@type":"PropertyValueSpecification","valueRequired":true,"valueName":"search_term_string"}}],"inLanguage":"fr-FR"},{"@type":"Organization","@id":"https:\/\/lasentinelle.dz\/#organization","name":"Quotidien La Sentinelle","url":"https:\/\/lasentinelle.dz\/","logo":{"@type":"ImageObject","inLanguage":"fr-FR","@id":"https:\/\/lasentinelle.dz\/#\/schema\/logo\/image\/","url":"https:\/\/lasentinelle.dz\/wp-content\/uploads\/2021\/09\/logo-sentinelleSLOGAN-1.png","contentUrl":"https:\/\/lasentinelle.dz\/wp-content\/uploads\/2021\/09\/logo-sentinelleSLOGAN-1.png","width":615,"height":142,"caption":"Quotidien La Sentinelle"},"image":{"@id":"https:\/\/lasentinelle.dz\/#\/schema\/logo\/image\/"},"sameAs":["https:\/\/www.facebook.com\/La-Sentinelle-104059864394773"]},{"@type":"Person","@id":"https:\/\/lasentinelle.dz\/#\/schema\/person\/d865044e22e70a75174ce8bcad3acfb3","name":"La Sentinelle","image":{"@type":"ImageObject","inLanguage":"fr-FR","@id":"https:\/\/secure.gravatar.com\/avatar\/57de8e5d4b15d43fb361a71fbb36338450fe67865b528a43dd10ef7c51a20392?s=96&d=mm&r=g","url":"https:\/\/secure.gravatar.com\/avatar\/57de8e5d4b15d43fb361a71fbb36338450fe67865b528a43dd10ef7c51a20392?s=96&d=mm&r=g","contentUrl":"https:\/\/secure.gravatar.com\/avatar\/57de8e5d4b15d43fb361a71fbb36338450fe67865b528a43dd10ef7c51a20392?s=96&d=mm&r=g","caption":"La Sentinelle"},"sameAs":["http:\/\/www.lasentinelle.dz"],"url":"https:\/\/lasentinelle.dz\/author\/redaction\/"}]}},"_links":{"self":[{"href":"https:\/\/lasentinelle.dz\/index.php\/wp-json\/wp\/v2\/posts\/36998","targetHints":{"allow":["GET"]}}],"collection":[{"href":"https:\/\/lasentinelle.dz\/index.php\/wp-json\/wp\/v2\/posts"}],"about":[{"href":"https:\/\/lasentinelle.dz\/index.php\/wp-json\/wp\/v2\/types\/post"}],"author":[{"embeddable":true,"href":"https:\/\/lasentinelle.dz\/index.php\/wp-json\/wp\/v2\/users\/3"}],"replies":[{"embeddable":true,"href":"https:\/\/lasentinelle.dz\/index.php\/wp-json\/wp\/v2\/comments?post=36998"}],"version-history":[{"count":1,"href":"https:\/\/lasentinelle.dz\/index.php\/wp-json\/wp\/v2\/posts\/36998\/revisions"}],"predecessor-version":[{"id":37006,"href":"https:\/\/lasentinelle.dz\/index.php\/wp-json\/wp\/v2\/posts\/36998\/revisions\/37006"}],"wp:featuredmedia":[{"embeddable":true,"href":"https:\/\/lasentinelle.dz\/index.php\/wp-json\/wp\/v2\/media\/37005"}],"wp:attachment":[{"href":"https:\/\/lasentinelle.dz\/index.php\/wp-json\/wp\/v2\/media?parent=36998"}],"wp:term":[{"taxonomy":"category","embeddable":true,"href":"https:\/\/lasentinelle.dz\/index.php\/wp-json\/wp\/v2\/categories?post=36998"},{"taxonomy":"post_tag","embeddable":true,"href":"https:\/\/lasentinelle.dz\/index.php\/wp-json\/wp\/v2\/tags?post=36998"}],"curies":[{"name":"wp","href":"https:\/\/api.w.org\/{rel}","templated":true}]}}