{"id":37014,"date":"2023-02-28T22:00:00","date_gmt":"2023-02-28T21:00:00","guid":{"rendered":"https:\/\/lasentinelle.dz\/?p=37014"},"modified":"2023-02-28T16:17:55","modified_gmt":"2023-02-28T15:17:55","slug":"guerre-en-ukraine-larmee-russe-sur-le-point-de-semparer-de-bakhmout","status":"publish","type":"post","link":"https:\/\/lasentinelle.dz\/index.php\/2023\/02\/28\/guerre-en-ukraine-larmee-russe-sur-le-point-de-semparer-de-bakhmout\/","title":{"rendered":"Guerre en Ukraine\u00a0: L\u2019arm\u00e9e russe sur le point de s\u2019emparer de Bakhmout"},"content":{"rendered":"\n<p>La situation est \u00abextr\u00eamement tendue\u00bb autour de Bakhmout, une ville de l&rsquo;est de l&rsquo;Ukraine dont les Russes cherchent \u00e0 s&#8217;emparer depuis l&rsquo;\u00e9t\u00e9 et o\u00f9 ils ont avanc\u00e9 ces derni\u00e8res semaines, a admis hier le commandant des forces terrestres ukrainiennes.<\/p>\n\n\n\n<p>\u00abLa situation aux alentours de Bakhmout est extr\u00eamement tendue\u00bb, a d\u00e9clar\u00e9 Oleksandre Syrsky, cit\u00e9 par le centre de presse officiel de l&rsquo;arm\u00e9e. \u00abL&rsquo;ennemi a envoy\u00e9 \u00e0 l&rsquo;attaque les unit\u00e9s les mieux pr\u00e9par\u00e9es (du groupe paramilitaire) Wagner qui tentent de percer la d\u00e9fense de nos troupes et d&rsquo;encercler la ville\u00bb, a-t-il ajout\u00e9. Bakhmout, dont l&rsquo;importance strat\u00e9gique est contest\u00e9e, est devenue un symbole de la lutte pour le contr\u00f4le de la r\u00e9gion du Donbass (Est). Ces derni\u00e8res semaines, les Russes ont lentement progress\u00e9 vers cette cit\u00e9 industrielle qui comptait quelque 70.000 habitants avant l&rsquo;invasion de l&rsquo;Ukraine d\u00e9clench\u00e9e il y a un an par Moscou. Le pr\u00e9sident ukrainien Volodymyr Zelensky a reconnu ce lundi soir que la situation aux alentours de Bakhmout devenait \u00abde plus en plus compliqu\u00e9e\u00bb pour les soldats ukrainiens. Les Russes ont r\u00e9ussi \u00e0 couper plusieurs routes importantes pour le ravitaillement des troupes ukrainiennes. Le patron du groupe Wagner, Evgu\u00e9ni Prigojine, a revendiqu\u00e9 samedi la conqu\u00eate par ses hommes du village de Iaguidn\u00e9, situ\u00e9 \u00e0 la p\u00e9riph\u00e9rie nord de Bakhmout. Sur un autre plan, Moscou a affirm\u00e9 hier avoir abattu pendant la nuit deux drones ukrainiens qui visaient des infrastructures civiles dans le sud de la Russie. \u00abLe r\u00e9gime de Kiev a tent\u00e9 d&rsquo;attaquer aux drones des sites d&rsquo;infrastructures civiles dans la r\u00e9gion de Krasnodar et dans la R\u00e9publique d&rsquo;Adygu\u00e9e\u00bb, a indiqu\u00e9 le minist\u00e8re russe de la D\u00e9fense dans un communiqu\u00e9. \u00abLes deux drones (&#8230;) ont \u00e9t\u00e9 neutralis\u00e9s\u00bb sans faire de d\u00e9g\u00e2ts, a-t-il affirm\u00e9.&nbsp; Un drone s&rsquo;est \u00e9cras\u00e9 hier pr\u00e8s d&rsquo;un village dans la r\u00e9gion de Moscou, a indiqu\u00e9 le gouverneur local, pr\u00e9cisant que l&rsquo;engin visait \u00abprobablement\u00bb une infrastructure civile. \u00abIl n&rsquo;y a pas de victime, ni de destruction au sol\u00bb, a indiqu\u00e9 le gouverneur Andre\u00ef Vorobiov sur Telegram, ajoutant que le drone s&rsquo;\u00e9tait \u00e9cras\u00e9 pr\u00e8s de la localit\u00e9 de Goubastovo, \u00e0 environ 100 kilom\u00e8tres au sud-est de Moscou. Cette annonce intervient alors que les autorit\u00e9s d&rsquo;une autre r\u00e9gion russe, celle de Briansk, frontali\u00e8re de l&rsquo;Ukraine, ont d\u00e9j\u00e0 indiqu\u00e9 dans la matin\u00e9e qu&rsquo;un drone ukrainien y avait \u00e9t\u00e9 abattu. L&rsquo;incident n&rsquo;a fait \u00abni de victimes, ni de d\u00e9g\u00e2ts\u00bb, a assur\u00e9 sur Telegram le gouverneur de la r\u00e9gion de Briansk, Alexandre Bogomaz. Par ailleurs, les d\u00e9bris des trois drones ont \u00e9t\u00e9 d\u00e9couverts dans la nuit dans les rues des quartiers r\u00e9sidentiels de Belgorod, chef-lieu d&rsquo;une r\u00e9gion \u00e9ponyme, elle aussi frontali\u00e8re de l&rsquo;Ukraine, selon le gouverneur r\u00e9gional Viatcheslav Gladkov. Depuis le d\u00e9but de l&rsquo;offensive russe en Ukraine en f\u00e9vrier 2022, des localit\u00e9s et des infrastructures dans les r\u00e9gions russes frontali\u00e8res de cette ex-r\u00e9publique sovi\u00e9tique ont subi \u00e0 plusieurs reprises des frappes, en particulier de drones, souvent mortelles, attribu\u00e9es par Moscou \u00e0 l&rsquo;arm\u00e9e ukrainienne.<\/p>\n\n\n\n<p><strong>Khider Larbi<\/strong><\/p>\n","protected":false},"excerpt":{"rendered":"<p>La situation est \u00abextr\u00eamement tendue\u00bb autour de Bakhmout, une ville de l&rsquo;est de l&rsquo;Ukraine dont les Russes cherchent \u00e0 s&#8217;emparer<\/p>\n","protected":false},"author":3,"featured_media":37022,"comment_status":"open","ping_status":"closed","sticky":false,"template":"","format":"standard","meta":{"colormag_page_container_layout":"default_layout","colormag_page_sidebar_layout":"default_layout","om_disable_all_campaigns":false,"_monsterinsights_skip_tracking":false,"_monsterinsights_sitenote_active":false,"_monsterinsights_sitenote_note":"","_monsterinsights_sitenote_category":0,"footnotes":"","_wpscppro_dont_share_socialmedia":false,"_wpscppro_custom_social_share_image":0,"_facebook_share_type":"","_twitter_share_type":"","_linkedin_share_type":"","_pinterest_share_type":"","_linkedin_share_type_page":"","_instagram_share_type":"","_medium_share_type":"","_threads_share_type":"","_google_business_share_type":"","_selected_social_profile":[],"_wpsp_enable_custom_social_template":false,"_wpsp_social_scheduling":{"enabled":false,"datetime":null,"platforms":[],"status":"template_only","dateOption":"today","timeOption":"now","customDays":"","customHours":"","customDate":"","customTime":"","schedulingType":"absolute"},"_wpsp_active_default_template":true},"categories":[37],"tags":[],"class_list":["post-37014","post","type-post","status-publish","format-standard","has-post-thumbnail","hentry","category-monde"],"aioseo_notices":[],"yoast_head":"<!-- This site is optimized with the Yoast SEO plugin v27.5 - https:\/\/yoast.com\/product\/yoast-seo-wordpress\/ -->\n<title>Guerre en Ukraine\u00a0: L\u2019arm\u00e9e russe sur le point de s\u2019emparer de Bakhmout - La Sentinelle<\/title>\n<meta name=\"robots\" content=\"index, follow, max-snippet:-1, max-image-preview:large, max-video-preview:-1\" \/>\n<link rel=\"canonical\" href=\"https:\/\/lasentinelle.dz\/index.php\/2023\/02\/28\/guerre-en-ukraine-larmee-russe-sur-le-point-de-semparer-de-bakhmout\/\" \/>\n<meta property=\"og:locale\" content=\"fr_FR\" \/>\n<meta property=\"og:type\" content=\"article\" \/>\n<meta property=\"og:title\" content=\"Guerre en Ukraine\u00a0: L\u2019arm\u00e9e russe sur le point de s\u2019emparer de Bakhmout - La Sentinelle\" \/>\n<meta property=\"og:description\" content=\"La situation est \u00abextr\u00eamement tendue\u00bb autour de Bakhmout, une ville de l&rsquo;est de l&rsquo;Ukraine dont les Russes cherchent \u00e0 s&#8217;emparer\" \/>\n<meta property=\"og:url\" content=\"https:\/\/lasentinelle.dz\/index.php\/2023\/02\/28\/guerre-en-ukraine-larmee-russe-sur-le-point-de-semparer-de-bakhmout\/\" \/>\n<meta property=\"og:site_name\" content=\"La Sentinelle\" \/>\n<meta property=\"article:publisher\" content=\"https:\/\/www.facebook.com\/La-Sentinelle-104059864394773\" \/>\n<meta property=\"article:published_time\" content=\"2023-02-28T21:00:00+00:00\" \/>\n<meta property=\"og:image\" content=\"https:\/\/lasentinelle.dz\/wp-content\/uploads\/2023\/02\/image_2023-02-28_161530410.png\" \/>\n\t<meta property=\"og:image:width\" content=\"1400\" \/>\n\t<meta property=\"og:image:height\" content=\"933\" \/>\n\t<meta property=\"og:image:type\" content=\"image\/png\" \/>\n<meta name=\"author\" content=\"La Sentinelle\" \/>\n<meta name=\"twitter:card\" content=\"summary_large_image\" \/>\n<meta name=\"twitter:label1\" content=\"\u00c9crit par\" \/>\n\t<meta name=\"twitter:data1\" content=\"La Sentinelle\" \/>\n\t<meta name=\"twitter:label2\" content=\"Dur\u00e9e de lecture estim\u00e9e\" \/>\n\t<meta name=\"twitter:data2\" content=\"3 minutes\" \/>\n<script type=\"application\/ld+json\" class=\"yoast-schema-graph\">{\"@context\":\"https:\\\/\\\/schema.org\",\"@graph\":[{\"@type\":\"Article\",\"@id\":\"https:\\\/\\\/lasentinelle.dz\\\/index.php\\\/2023\\\/02\\\/28\\\/guerre-en-ukraine-larmee-russe-sur-le-point-de-semparer-de-bakhmout\\\/#article\",\"isPartOf\":{\"@id\":\"https:\\\/\\\/lasentinelle.dz\\\/index.php\\\/2023\\\/02\\\/28\\\/guerre-en-ukraine-larmee-russe-sur-le-point-de-semparer-de-bakhmout\\\/\"},\"author\":{\"name\":\"La Sentinelle\",\"@id\":\"https:\\\/\\\/lasentinelle.dz\\\/#\\\/schema\\\/person\\\/d865044e22e70a75174ce8bcad3acfb3\"},\"headline\":\"Guerre en Ukraine\u00a0: L\u2019arm\u00e9e russe sur le point de s\u2019emparer de Bakhmout\",\"datePublished\":\"2023-02-28T21:00:00+00:00\",\"mainEntityOfPage\":{\"@id\":\"https:\\\/\\\/lasentinelle.dz\\\/index.php\\\/2023\\\/02\\\/28\\\/guerre-en-ukraine-larmee-russe-sur-le-point-de-semparer-de-bakhmout\\\/\"},\"wordCount\":575,\"commentCount\":0,\"publisher\":{\"@id\":\"https:\\\/\\\/lasentinelle.dz\\\/#organization\"},\"image\":{\"@id\":\"https:\\\/\\\/lasentinelle.dz\\\/index.php\\\/2023\\\/02\\\/28\\\/guerre-en-ukraine-larmee-russe-sur-le-point-de-semparer-de-bakhmout\\\/#primaryimage\"},\"thumbnailUrl\":\"https:\\\/\\\/lasentinelle.dz\\\/wp-content\\\/uploads\\\/2023\\\/02\\\/image_2023-02-28_161530410.png\",\"articleSection\":[\"Monde\"],\"inLanguage\":\"fr-FR\",\"potentialAction\":[{\"@type\":\"CommentAction\",\"name\":\"Comment\",\"target\":[\"https:\\\/\\\/lasentinelle.dz\\\/index.php\\\/2023\\\/02\\\/28\\\/guerre-en-ukraine-larmee-russe-sur-le-point-de-semparer-de-bakhmout\\\/#respond\"]}]},{\"@type\":\"WebPage\",\"@id\":\"https:\\\/\\\/lasentinelle.dz\\\/index.php\\\/2023\\\/02\\\/28\\\/guerre-en-ukraine-larmee-russe-sur-le-point-de-semparer-de-bakhmout\\\/\",\"url\":\"https:\\\/\\\/lasentinelle.dz\\\/index.php\\\/2023\\\/02\\\/28\\\/guerre-en-ukraine-larmee-russe-sur-le-point-de-semparer-de-bakhmout\\\/\",\"name\":\"Guerre en Ukraine\u00a0: L\u2019arm\u00e9e russe sur le point de s\u2019emparer de Bakhmout - La Sentinelle\",\"isPartOf\":{\"@id\":\"https:\\\/\\\/lasentinelle.dz\\\/#website\"},\"primaryImageOfPage\":{\"@id\":\"https:\\\/\\\/lasentinelle.dz\\\/index.php\\\/2023\\\/02\\\/28\\\/guerre-en-ukraine-larmee-russe-sur-le-point-de-semparer-de-bakhmout\\\/#primaryimage\"},\"image\":{\"@id\":\"https:\\\/\\\/lasentinelle.dz\\\/index.php\\\/2023\\\/02\\\/28\\\/guerre-en-ukraine-larmee-russe-sur-le-point-de-semparer-de-bakhmout\\\/#primaryimage\"},\"thumbnailUrl\":\"https:\\\/\\\/lasentinelle.dz\\\/wp-content\\\/uploads\\\/2023\\\/02\\\/image_2023-02-28_161530410.png\",\"datePublished\":\"2023-02-28T21:00:00+00:00\",\"breadcrumb\":{\"@id\":\"https:\\\/\\\/lasentinelle.dz\\\/index.php\\\/2023\\\/02\\\/28\\\/guerre-en-ukraine-larmee-russe-sur-le-point-de-semparer-de-bakhmout\\\/#breadcrumb\"},\"inLanguage\":\"fr-FR\",\"potentialAction\":[{\"@type\":\"ReadAction\",\"target\":[\"https:\\\/\\\/lasentinelle.dz\\\/index.php\\\/2023\\\/02\\\/28\\\/guerre-en-ukraine-larmee-russe-sur-le-point-de-semparer-de-bakhmout\\\/\"]}]},{\"@type\":\"ImageObject\",\"inLanguage\":\"fr-FR\",\"@id\":\"https:\\\/\\\/lasentinelle.dz\\\/index.php\\\/2023\\\/02\\\/28\\\/guerre-en-ukraine-larmee-russe-sur-le-point-de-semparer-de-bakhmout\\\/#primaryimage\",\"url\":\"https:\\\/\\\/lasentinelle.dz\\\/wp-content\\\/uploads\\\/2023\\\/02\\\/image_2023-02-28_161530410.png\",\"contentUrl\":\"https:\\\/\\\/lasentinelle.dz\\\/wp-content\\\/uploads\\\/2023\\\/02\\\/image_2023-02-28_161530410.png\",\"width\":1400,\"height\":933},{\"@type\":\"BreadcrumbList\",\"@id\":\"https:\\\/\\\/lasentinelle.dz\\\/index.php\\\/2023\\\/02\\\/28\\\/guerre-en-ukraine-larmee-russe-sur-le-point-de-semparer-de-bakhmout\\\/#breadcrumb\",\"itemListElement\":[{\"@type\":\"ListItem\",\"position\":1,\"name\":\"Accueil\",\"item\":\"https:\\\/\\\/lasentinelle.dz\\\/\"},{\"@type\":\"ListItem\",\"position\":2,\"name\":\"Guerre en Ukraine\u00a0: L\u2019arm\u00e9e russe sur le point de s\u2019emparer de Bakhmout\"}]},{\"@type\":\"WebSite\",\"@id\":\"https:\\\/\\\/lasentinelle.dz\\\/#website\",\"url\":\"https:\\\/\\\/lasentinelle.dz\\\/\",\"name\":\"La Sentinelle\",\"description\":\"Quotidien national d&#039;information\",\"publisher\":{\"@id\":\"https:\\\/\\\/lasentinelle.dz\\\/#organization\"},\"potentialAction\":[{\"@type\":\"SearchAction\",\"target\":{\"@type\":\"EntryPoint\",\"urlTemplate\":\"https:\\\/\\\/lasentinelle.dz\\\/?s={search_term_string}\"},\"query-input\":{\"@type\":\"PropertyValueSpecification\",\"valueRequired\":true,\"valueName\":\"search_term_string\"}}],\"inLanguage\":\"fr-FR\"},{\"@type\":\"Organization\",\"@id\":\"https:\\\/\\\/lasentinelle.dz\\\/#organization\",\"name\":\"Quotidien La Sentinelle\",\"url\":\"https:\\\/\\\/lasentinelle.dz\\\/\",\"logo\":{\"@type\":\"ImageObject\",\"inLanguage\":\"fr-FR\",\"@id\":\"https:\\\/\\\/lasentinelle.dz\\\/#\\\/schema\\\/logo\\\/image\\\/\",\"url\":\"https:\\\/\\\/lasentinelle.dz\\\/wp-content\\\/uploads\\\/2021\\\/09\\\/logo-sentinelleSLOGAN-1.png\",\"contentUrl\":\"https:\\\/\\\/lasentinelle.dz\\\/wp-content\\\/uploads\\\/2021\\\/09\\\/logo-sentinelleSLOGAN-1.png\",\"width\":615,\"height\":142,\"caption\":\"Quotidien La Sentinelle\"},\"image\":{\"@id\":\"https:\\\/\\\/lasentinelle.dz\\\/#\\\/schema\\\/logo\\\/image\\\/\"},\"sameAs\":[\"https:\\\/\\\/www.facebook.com\\\/La-Sentinelle-104059864394773\"]},{\"@type\":\"Person\",\"@id\":\"https:\\\/\\\/lasentinelle.dz\\\/#\\\/schema\\\/person\\\/d865044e22e70a75174ce8bcad3acfb3\",\"name\":\"La Sentinelle\",\"image\":{\"@type\":\"ImageObject\",\"inLanguage\":\"fr-FR\",\"@id\":\"https:\\\/\\\/secure.gravatar.com\\\/avatar\\\/57de8e5d4b15d43fb361a71fbb36338450fe67865b528a43dd10ef7c51a20392?s=96&d=mm&r=g\",\"url\":\"https:\\\/\\\/secure.gravatar.com\\\/avatar\\\/57de8e5d4b15d43fb361a71fbb36338450fe67865b528a43dd10ef7c51a20392?s=96&d=mm&r=g\",\"contentUrl\":\"https:\\\/\\\/secure.gravatar.com\\\/avatar\\\/57de8e5d4b15d43fb361a71fbb36338450fe67865b528a43dd10ef7c51a20392?s=96&d=mm&r=g\",\"caption\":\"La Sentinelle\"},\"sameAs\":[\"http:\\\/\\\/www.lasentinelle.dz\"],\"url\":\"https:\\\/\\\/lasentinelle.dz\\\/author\\\/redaction\\\/\"}]}<\/script>\n<!-- \/ Yoast SEO plugin. -->","yoast_head_json":{"title":"Guerre en Ukraine\u00a0: L\u2019arm\u00e9e russe sur le point de s\u2019emparer de Bakhmout - La Sentinelle","robots":{"index":"index","follow":"follow","max-snippet":"max-snippet:-1","max-image-preview":"max-image-preview:large","max-video-preview":"max-video-preview:-1"},"canonical":"https:\/\/lasentinelle.dz\/index.php\/2023\/02\/28\/guerre-en-ukraine-larmee-russe-sur-le-point-de-semparer-de-bakhmout\/","og_locale":"fr_FR","og_type":"article","og_title":"Guerre en Ukraine\u00a0: L\u2019arm\u00e9e russe sur le point de s\u2019emparer de Bakhmout - La Sentinelle","og_description":"La situation est \u00abextr\u00eamement tendue\u00bb autour de Bakhmout, une ville de l&rsquo;est de l&rsquo;Ukraine dont les Russes cherchent \u00e0 s&#8217;emparer","og_url":"https:\/\/lasentinelle.dz\/index.php\/2023\/02\/28\/guerre-en-ukraine-larmee-russe-sur-le-point-de-semparer-de-bakhmout\/","og_site_name":"La Sentinelle","article_publisher":"https:\/\/www.facebook.com\/La-Sentinelle-104059864394773","article_published_time":"2023-02-28T21:00:00+00:00","og_image":[{"width":1400,"height":933,"url":"https:\/\/lasentinelle.dz\/wp-content\/uploads\/2023\/02\/image_2023-02-28_161530410.png","type":"image\/png"}],"author":"La Sentinelle","twitter_card":"summary_large_image","twitter_misc":{"\u00c9crit par":"La Sentinelle","Dur\u00e9e de lecture estim\u00e9e":"3 minutes"},"schema":{"@context":"https:\/\/schema.org","@graph":[{"@type":"Article","@id":"https:\/\/lasentinelle.dz\/index.php\/2023\/02\/28\/guerre-en-ukraine-larmee-russe-sur-le-point-de-semparer-de-bakhmout\/#article","isPartOf":{"@id":"https:\/\/lasentinelle.dz\/index.php\/2023\/02\/28\/guerre-en-ukraine-larmee-russe-sur-le-point-de-semparer-de-bakhmout\/"},"author":{"name":"La Sentinelle","@id":"https:\/\/lasentinelle.dz\/#\/schema\/person\/d865044e22e70a75174ce8bcad3acfb3"},"headline":"Guerre en Ukraine\u00a0: L\u2019arm\u00e9e russe sur le point de s\u2019emparer de Bakhmout","datePublished":"2023-02-28T21:00:00+00:00","mainEntityOfPage":{"@id":"https:\/\/lasentinelle.dz\/index.php\/2023\/02\/28\/guerre-en-ukraine-larmee-russe-sur-le-point-de-semparer-de-bakhmout\/"},"wordCount":575,"commentCount":0,"publisher":{"@id":"https:\/\/lasentinelle.dz\/#organization"},"image":{"@id":"https:\/\/lasentinelle.dz\/index.php\/2023\/02\/28\/guerre-en-ukraine-larmee-russe-sur-le-point-de-semparer-de-bakhmout\/#primaryimage"},"thumbnailUrl":"https:\/\/lasentinelle.dz\/wp-content\/uploads\/2023\/02\/image_2023-02-28_161530410.png","articleSection":["Monde"],"inLanguage":"fr-FR","potentialAction":[{"@type":"CommentAction","name":"Comment","target":["https:\/\/lasentinelle.dz\/index.php\/2023\/02\/28\/guerre-en-ukraine-larmee-russe-sur-le-point-de-semparer-de-bakhmout\/#respond"]}]},{"@type":"WebPage","@id":"https:\/\/lasentinelle.dz\/index.php\/2023\/02\/28\/guerre-en-ukraine-larmee-russe-sur-le-point-de-semparer-de-bakhmout\/","url":"https:\/\/lasentinelle.dz\/index.php\/2023\/02\/28\/guerre-en-ukraine-larmee-russe-sur-le-point-de-semparer-de-bakhmout\/","name":"Guerre en Ukraine\u00a0: L\u2019arm\u00e9e russe sur le point de s\u2019emparer de Bakhmout - La Sentinelle","isPartOf":{"@id":"https:\/\/lasentinelle.dz\/#website"},"primaryImageOfPage":{"@id":"https:\/\/lasentinelle.dz\/index.php\/2023\/02\/28\/guerre-en-ukraine-larmee-russe-sur-le-point-de-semparer-de-bakhmout\/#primaryimage"},"image":{"@id":"https:\/\/lasentinelle.dz\/index.php\/2023\/02\/28\/guerre-en-ukraine-larmee-russe-sur-le-point-de-semparer-de-bakhmout\/#primaryimage"},"thumbnailUrl":"https:\/\/lasentinelle.dz\/wp-content\/uploads\/2023\/02\/image_2023-02-28_161530410.png","datePublished":"2023-02-28T21:00:00+00:00","breadcrumb":{"@id":"https:\/\/lasentinelle.dz\/index.php\/2023\/02\/28\/guerre-en-ukraine-larmee-russe-sur-le-point-de-semparer-de-bakhmout\/#breadcrumb"},"inLanguage":"fr-FR","potentialAction":[{"@type":"ReadAction","target":["https:\/\/lasentinelle.dz\/index.php\/2023\/02\/28\/guerre-en-ukraine-larmee-russe-sur-le-point-de-semparer-de-bakhmout\/"]}]},{"@type":"ImageObject","inLanguage":"fr-FR","@id":"https:\/\/lasentinelle.dz\/index.php\/2023\/02\/28\/guerre-en-ukraine-larmee-russe-sur-le-point-de-semparer-de-bakhmout\/#primaryimage","url":"https:\/\/lasentinelle.dz\/wp-content\/uploads\/2023\/02\/image_2023-02-28_161530410.png","contentUrl":"https:\/\/lasentinelle.dz\/wp-content\/uploads\/2023\/02\/image_2023-02-28_161530410.png","width":1400,"height":933},{"@type":"BreadcrumbList","@id":"https:\/\/lasentinelle.dz\/index.php\/2023\/02\/28\/guerre-en-ukraine-larmee-russe-sur-le-point-de-semparer-de-bakhmout\/#breadcrumb","itemListElement":[{"@type":"ListItem","position":1,"name":"Accueil","item":"https:\/\/lasentinelle.dz\/"},{"@type":"ListItem","position":2,"name":"Guerre en Ukraine\u00a0: L\u2019arm\u00e9e russe sur le point de s\u2019emparer de Bakhmout"}]},{"@type":"WebSite","@id":"https:\/\/lasentinelle.dz\/#website","url":"https:\/\/lasentinelle.dz\/","name":"La Sentinelle","description":"Quotidien national d&#039;information","publisher":{"@id":"https:\/\/lasentinelle.dz\/#organization"},"potentialAction":[{"@type":"SearchAction","target":{"@type":"EntryPoint","urlTemplate":"https:\/\/lasentinelle.dz\/?s={search_term_string}"},"query-input":{"@type":"PropertyValueSpecification","valueRequired":true,"valueName":"search_term_string"}}],"inLanguage":"fr-FR"},{"@type":"Organization","@id":"https:\/\/lasentinelle.dz\/#organization","name":"Quotidien La Sentinelle","url":"https:\/\/lasentinelle.dz\/","logo":{"@type":"ImageObject","inLanguage":"fr-FR","@id":"https:\/\/lasentinelle.dz\/#\/schema\/logo\/image\/","url":"https:\/\/lasentinelle.dz\/wp-content\/uploads\/2021\/09\/logo-sentinelleSLOGAN-1.png","contentUrl":"https:\/\/lasentinelle.dz\/wp-content\/uploads\/2021\/09\/logo-sentinelleSLOGAN-1.png","width":615,"height":142,"caption":"Quotidien La Sentinelle"},"image":{"@id":"https:\/\/lasentinelle.dz\/#\/schema\/logo\/image\/"},"sameAs":["https:\/\/www.facebook.com\/La-Sentinelle-104059864394773"]},{"@type":"Person","@id":"https:\/\/lasentinelle.dz\/#\/schema\/person\/d865044e22e70a75174ce8bcad3acfb3","name":"La Sentinelle","image":{"@type":"ImageObject","inLanguage":"fr-FR","@id":"https:\/\/secure.gravatar.com\/avatar\/57de8e5d4b15d43fb361a71fbb36338450fe67865b528a43dd10ef7c51a20392?s=96&d=mm&r=g","url":"https:\/\/secure.gravatar.com\/avatar\/57de8e5d4b15d43fb361a71fbb36338450fe67865b528a43dd10ef7c51a20392?s=96&d=mm&r=g","contentUrl":"https:\/\/secure.gravatar.com\/avatar\/57de8e5d4b15d43fb361a71fbb36338450fe67865b528a43dd10ef7c51a20392?s=96&d=mm&r=g","caption":"La Sentinelle"},"sameAs":["http:\/\/www.lasentinelle.dz"],"url":"https:\/\/lasentinelle.dz\/author\/redaction\/"}]}},"_links":{"self":[{"href":"https:\/\/lasentinelle.dz\/index.php\/wp-json\/wp\/v2\/posts\/37014","targetHints":{"allow":["GET"]}}],"collection":[{"href":"https:\/\/lasentinelle.dz\/index.php\/wp-json\/wp\/v2\/posts"}],"about":[{"href":"https:\/\/lasentinelle.dz\/index.php\/wp-json\/wp\/v2\/types\/post"}],"author":[{"embeddable":true,"href":"https:\/\/lasentinelle.dz\/index.php\/wp-json\/wp\/v2\/users\/3"}],"replies":[{"embeddable":true,"href":"https:\/\/lasentinelle.dz\/index.php\/wp-json\/wp\/v2\/comments?post=37014"}],"version-history":[{"count":1,"href":"https:\/\/lasentinelle.dz\/index.php\/wp-json\/wp\/v2\/posts\/37014\/revisions"}],"predecessor-version":[{"id":37026,"href":"https:\/\/lasentinelle.dz\/index.php\/wp-json\/wp\/v2\/posts\/37014\/revisions\/37026"}],"wp:featuredmedia":[{"embeddable":true,"href":"https:\/\/lasentinelle.dz\/index.php\/wp-json\/wp\/v2\/media\/37022"}],"wp:attachment":[{"href":"https:\/\/lasentinelle.dz\/index.php\/wp-json\/wp\/v2\/media?parent=37014"}],"wp:term":[{"taxonomy":"category","embeddable":true,"href":"https:\/\/lasentinelle.dz\/index.php\/wp-json\/wp\/v2\/categories?post=37014"},{"taxonomy":"post_tag","embeddable":true,"href":"https:\/\/lasentinelle.dz\/index.php\/wp-json\/wp\/v2\/tags?post=37014"}],"curies":[{"name":"wp","href":"https:\/\/api.w.org\/{rel}","templated":true}]}}