{"id":37016,"date":"2023-02-28T22:00:00","date_gmt":"2023-02-28T21:00:00","guid":{"rendered":"https:\/\/lasentinelle.dz\/?p=37016"},"modified":"2023-02-28T16:18:03","modified_gmt":"2023-02-28T15:18:03","slug":"afghanistan-un-responsable-regional-de-letat-islamique-du-khorasan-tue-par-les-talibans","status":"publish","type":"post","link":"https:\/\/lasentinelle.dz\/index.php\/2023\/02\/28\/afghanistan-un-responsable-regional-de-letat-islamique-du-khorasan-tue-par-les-talibans\/","title":{"rendered":"Afghanistan\u00a0: Un responsable r\u00e9gional de l&rsquo;\u00c9tat islamique du Khorasan tu\u00e9 par les talibans"},"content":{"rendered":"\n<p>Un haut responsable de la branche r\u00e9gionale du groupe djihadiste \u00c9tat islamique, accus\u00e9 d&rsquo;avoir orchestr\u00e9 plusieurs attaques r\u00e9centes \u00e0 Kaboul, a \u00e9t\u00e9 tu\u00e9 dimanche 26 f\u00e9vrier dans la capitale afghane par les talibans, a annonc\u00e9 un responsable gouvernemental. Qari Fateh, \u00abchef du renseignement et des op\u00e9rations\u00bb de l&rsquo;\u00c9tat islamique du Khorasan (EI-K), branche r\u00e9gionale de l&rsquo;EI, a \u00e9t\u00e9 tu\u00e9 dimanche soir par les forces de s\u00e9curit\u00e9, a indiqu\u00e9 lundi soir le porte-parole du r\u00e9gime taliban, Zabihullah Mujahid, dans un communiqu\u00e9. \u00abIl \u00e9tait directement responsable des r\u00e9centes op\u00e9rations men\u00e9es \u00e0 Kaboul, notamment contre des missions diplomatiques, des mosqu\u00e9es et d&rsquo;autres cibles\u00bb, a-t-il poursuivi. Qari Fateh, dont la nationalit\u00e9 n&rsquo;est pas clairement \u00e9tablie, a \u00e9t\u00e9 tu\u00e9 aux c\u00f4t\u00e9s d&rsquo;un autre membre de l&rsquo;EI-K dans le quartier de Khair Khana, \u00e0 Kaboul, a pr\u00e9cis\u00e9 la m\u00eame source. Des responsables talibans ont publi\u00e9 sur Twitter des images de deux corps gisant dans des d\u00e9bris. Un rapport du Conseil de s\u00e9curit\u00e9 des Nations unies publi\u00e9 en juillet 2022 a confirm\u00e9 le r\u00f4le de Qari Fateh en tant que l&rsquo;un des principaux dirigeants de l&rsquo;EI-K, charg\u00e9 des op\u00e9rations militaires dans une zone s&rsquo;\u00e9tendant en Inde, Iran et Asie centrale. L&rsquo;EI-K, qui a multipli\u00e9 les attaques contre des \u00e9trangers, des minorit\u00e9s religieuses et des institutions gouvernementales, s&rsquo;est r\u00e9v\u00e9l\u00e9 \u00eatre le plus grand d\u00e9fi s\u00e9curitaire \u00e0 relever pour le r\u00e9gime taliban depuis son arriv\u00e9e au pouvoir en ao\u00fbt 2021. Les deux groupes partagent une id\u00e9ologie islamiste sunnite aust\u00e8re, mais l&rsquo;EI-K lutte pour l&rsquo;\u00e9tablissement d&rsquo;un \u00abcalifat\u00bb mondial, tandis que les talibans souhaitent diriger un Afghanistan ind\u00e9pendant. L&rsquo;EI-K a revendiqu\u00e9 l&rsquo;attaque, le 12 d\u00e9cembre 2022, d&rsquo;un h\u00f4tel de Kaboul tr\u00e8s fr\u00e9quent\u00e9 par les hommes d&rsquo;affaires de P\u00e9kin, dans laquelle cinq ressortissants chinois ont \u00e9t\u00e9 bless\u00e9s. Le m\u00eame mois, le groupe s&rsquo;en \u00e9tait \u00e9galement pris \u00e0 l&rsquo;ambassade du Pakistan \u00e0 Kaboul. En janvier, un attentat suicide pr\u00e8s du minist\u00e8re des Affaires \u00e9trang\u00e8res \u00e0 Kaboul, revendiqu\u00e9 par l&rsquo;EI-K, avait fait au moins 10 morts et 53 bless\u00e9s. Deux membres du personnel de l&rsquo;ambassade de Russie avaient \u00e9galement \u00e9t\u00e9 tu\u00e9s dans un attentat-suicide de l&rsquo;EI en septembre. Au cours des derniers mois, les forces talibanes ont effectu\u00e9 des raids dans plusieurs cachettes de militants de l&rsquo;EI-K \u00e0 Kaboul, tuant et capturant un grand nombre de ses combattants.<\/p>\n\n\n\n<p>Agences<\/p>\n","protected":false},"excerpt":{"rendered":"<p>Un haut responsable de la branche r\u00e9gionale du groupe djihadiste \u00c9tat islamique, accus\u00e9 d&rsquo;avoir orchestr\u00e9 plusieurs attaques r\u00e9centes \u00e0 Kaboul,<\/p>\n","protected":false},"author":3,"featured_media":37024,"comment_status":"open","ping_status":"closed","sticky":false,"template":"","format":"standard","meta":{"colormag_page_container_layout":"default_layout","colormag_page_sidebar_layout":"default_layout","om_disable_all_campaigns":false,"_monsterinsights_skip_tracking":false,"_monsterinsights_sitenote_active":false,"_monsterinsights_sitenote_note":"","_monsterinsights_sitenote_category":0,"footnotes":"","_wpscppro_dont_share_socialmedia":false,"_wpscppro_custom_social_share_image":0,"_facebook_share_type":"","_twitter_share_type":"","_linkedin_share_type":"","_pinterest_share_type":"","_linkedin_share_type_page":"","_instagram_share_type":"","_medium_share_type":"","_threads_share_type":"","_google_business_share_type":"","_selected_social_profile":[],"_wpsp_enable_custom_social_template":false,"_wpsp_social_scheduling":{"enabled":false,"datetime":null,"platforms":[],"status":"template_only","dateOption":"today","timeOption":"now","customDays":"","customHours":"","customDate":"","customTime":"","schedulingType":"absolute"},"_wpsp_active_default_template":true},"categories":[37],"tags":[],"class_list":["post-37016","post","type-post","status-publish","format-standard","has-post-thumbnail","hentry","category-monde"],"aioseo_notices":[],"yoast_head":"<!-- This site is optimized with the Yoast SEO plugin v27.5 - https:\/\/yoast.com\/product\/yoast-seo-wordpress\/ -->\n<title>Afghanistan\u00a0: Un responsable r\u00e9gional de l&rsquo;\u00c9tat islamique du Khorasan tu\u00e9 par les talibans - La Sentinelle<\/title>\n<meta name=\"robots\" content=\"index, follow, max-snippet:-1, max-image-preview:large, max-video-preview:-1\" \/>\n<link rel=\"canonical\" href=\"https:\/\/lasentinelle.dz\/index.php\/2023\/02\/28\/afghanistan-un-responsable-regional-de-letat-islamique-du-khorasan-tue-par-les-talibans\/\" \/>\n<meta property=\"og:locale\" content=\"fr_FR\" \/>\n<meta property=\"og:type\" content=\"article\" \/>\n<meta property=\"og:title\" content=\"Afghanistan\u00a0: Un responsable r\u00e9gional de l&rsquo;\u00c9tat islamique du Khorasan tu\u00e9 par les talibans - La Sentinelle\" \/>\n<meta property=\"og:description\" content=\"Un haut responsable de la branche r\u00e9gionale du groupe djihadiste \u00c9tat islamique, accus\u00e9 d&rsquo;avoir orchestr\u00e9 plusieurs attaques r\u00e9centes \u00e0 Kaboul,\" \/>\n<meta property=\"og:url\" content=\"https:\/\/lasentinelle.dz\/index.php\/2023\/02\/28\/afghanistan-un-responsable-regional-de-letat-islamique-du-khorasan-tue-par-les-talibans\/\" \/>\n<meta property=\"og:site_name\" content=\"La Sentinelle\" \/>\n<meta property=\"article:publisher\" content=\"https:\/\/www.facebook.com\/La-Sentinelle-104059864394773\" \/>\n<meta property=\"article:published_time\" content=\"2023-02-28T21:00:00+00:00\" \/>\n<meta property=\"og:image\" content=\"https:\/\/lasentinelle.dz\/wp-content\/uploads\/2023\/02\/image_2023-02-28_161658026.png\" \/>\n\t<meta property=\"og:image:width\" content=\"800\" \/>\n\t<meta property=\"og:image:height\" content=\"533\" \/>\n\t<meta property=\"og:image:type\" content=\"image\/png\" \/>\n<meta name=\"author\" content=\"La Sentinelle\" \/>\n<meta name=\"twitter:card\" content=\"summary_large_image\" \/>\n<meta name=\"twitter:label1\" content=\"\u00c9crit par\" \/>\n\t<meta name=\"twitter:data1\" content=\"La Sentinelle\" \/>\n\t<meta name=\"twitter:label2\" content=\"Dur\u00e9e de lecture estim\u00e9e\" \/>\n\t<meta name=\"twitter:data2\" content=\"2 minutes\" \/>\n<script type=\"application\/ld+json\" class=\"yoast-schema-graph\">{\"@context\":\"https:\\\/\\\/schema.org\",\"@graph\":[{\"@type\":\"Article\",\"@id\":\"https:\\\/\\\/lasentinelle.dz\\\/index.php\\\/2023\\\/02\\\/28\\\/afghanistan-un-responsable-regional-de-letat-islamique-du-khorasan-tue-par-les-talibans\\\/#article\",\"isPartOf\":{\"@id\":\"https:\\\/\\\/lasentinelle.dz\\\/index.php\\\/2023\\\/02\\\/28\\\/afghanistan-un-responsable-regional-de-letat-islamique-du-khorasan-tue-par-les-talibans\\\/\"},\"author\":{\"name\":\"La Sentinelle\",\"@id\":\"https:\\\/\\\/lasentinelle.dz\\\/#\\\/schema\\\/person\\\/d865044e22e70a75174ce8bcad3acfb3\"},\"headline\":\"Afghanistan\u00a0: Un responsable r\u00e9gional de l&rsquo;\u00c9tat islamique du Khorasan tu\u00e9 par les talibans\",\"datePublished\":\"2023-02-28T21:00:00+00:00\",\"mainEntityOfPage\":{\"@id\":\"https:\\\/\\\/lasentinelle.dz\\\/index.php\\\/2023\\\/02\\\/28\\\/afghanistan-un-responsable-regional-de-letat-islamique-du-khorasan-tue-par-les-talibans\\\/\"},\"wordCount\":443,\"commentCount\":0,\"publisher\":{\"@id\":\"https:\\\/\\\/lasentinelle.dz\\\/#organization\"},\"image\":{\"@id\":\"https:\\\/\\\/lasentinelle.dz\\\/index.php\\\/2023\\\/02\\\/28\\\/afghanistan-un-responsable-regional-de-letat-islamique-du-khorasan-tue-par-les-talibans\\\/#primaryimage\"},\"thumbnailUrl\":\"https:\\\/\\\/lasentinelle.dz\\\/wp-content\\\/uploads\\\/2023\\\/02\\\/image_2023-02-28_161658026.png\",\"articleSection\":[\"Monde\"],\"inLanguage\":\"fr-FR\",\"potentialAction\":[{\"@type\":\"CommentAction\",\"name\":\"Comment\",\"target\":[\"https:\\\/\\\/lasentinelle.dz\\\/index.php\\\/2023\\\/02\\\/28\\\/afghanistan-un-responsable-regional-de-letat-islamique-du-khorasan-tue-par-les-talibans\\\/#respond\"]}]},{\"@type\":\"WebPage\",\"@id\":\"https:\\\/\\\/lasentinelle.dz\\\/index.php\\\/2023\\\/02\\\/28\\\/afghanistan-un-responsable-regional-de-letat-islamique-du-khorasan-tue-par-les-talibans\\\/\",\"url\":\"https:\\\/\\\/lasentinelle.dz\\\/index.php\\\/2023\\\/02\\\/28\\\/afghanistan-un-responsable-regional-de-letat-islamique-du-khorasan-tue-par-les-talibans\\\/\",\"name\":\"Afghanistan\u00a0: Un responsable r\u00e9gional de l&rsquo;\u00c9tat islamique du Khorasan tu\u00e9 par les talibans - La Sentinelle\",\"isPartOf\":{\"@id\":\"https:\\\/\\\/lasentinelle.dz\\\/#website\"},\"primaryImageOfPage\":{\"@id\":\"https:\\\/\\\/lasentinelle.dz\\\/index.php\\\/2023\\\/02\\\/28\\\/afghanistan-un-responsable-regional-de-letat-islamique-du-khorasan-tue-par-les-talibans\\\/#primaryimage\"},\"image\":{\"@id\":\"https:\\\/\\\/lasentinelle.dz\\\/index.php\\\/2023\\\/02\\\/28\\\/afghanistan-un-responsable-regional-de-letat-islamique-du-khorasan-tue-par-les-talibans\\\/#primaryimage\"},\"thumbnailUrl\":\"https:\\\/\\\/lasentinelle.dz\\\/wp-content\\\/uploads\\\/2023\\\/02\\\/image_2023-02-28_161658026.png\",\"datePublished\":\"2023-02-28T21:00:00+00:00\",\"breadcrumb\":{\"@id\":\"https:\\\/\\\/lasentinelle.dz\\\/index.php\\\/2023\\\/02\\\/28\\\/afghanistan-un-responsable-regional-de-letat-islamique-du-khorasan-tue-par-les-talibans\\\/#breadcrumb\"},\"inLanguage\":\"fr-FR\",\"potentialAction\":[{\"@type\":\"ReadAction\",\"target\":[\"https:\\\/\\\/lasentinelle.dz\\\/index.php\\\/2023\\\/02\\\/28\\\/afghanistan-un-responsable-regional-de-letat-islamique-du-khorasan-tue-par-les-talibans\\\/\"]}]},{\"@type\":\"ImageObject\",\"inLanguage\":\"fr-FR\",\"@id\":\"https:\\\/\\\/lasentinelle.dz\\\/index.php\\\/2023\\\/02\\\/28\\\/afghanistan-un-responsable-regional-de-letat-islamique-du-khorasan-tue-par-les-talibans\\\/#primaryimage\",\"url\":\"https:\\\/\\\/lasentinelle.dz\\\/wp-content\\\/uploads\\\/2023\\\/02\\\/image_2023-02-28_161658026.png\",\"contentUrl\":\"https:\\\/\\\/lasentinelle.dz\\\/wp-content\\\/uploads\\\/2023\\\/02\\\/image_2023-02-28_161658026.png\",\"width\":800,\"height\":533},{\"@type\":\"BreadcrumbList\",\"@id\":\"https:\\\/\\\/lasentinelle.dz\\\/index.php\\\/2023\\\/02\\\/28\\\/afghanistan-un-responsable-regional-de-letat-islamique-du-khorasan-tue-par-les-talibans\\\/#breadcrumb\",\"itemListElement\":[{\"@type\":\"ListItem\",\"position\":1,\"name\":\"Accueil\",\"item\":\"https:\\\/\\\/lasentinelle.dz\\\/\"},{\"@type\":\"ListItem\",\"position\":2,\"name\":\"Afghanistan\u00a0: Un responsable r\u00e9gional de l&rsquo;\u00c9tat islamique du Khorasan tu\u00e9 par les talibans\"}]},{\"@type\":\"WebSite\",\"@id\":\"https:\\\/\\\/lasentinelle.dz\\\/#website\",\"url\":\"https:\\\/\\\/lasentinelle.dz\\\/\",\"name\":\"La Sentinelle\",\"description\":\"Quotidien national d&#039;information\",\"publisher\":{\"@id\":\"https:\\\/\\\/lasentinelle.dz\\\/#organization\"},\"potentialAction\":[{\"@type\":\"SearchAction\",\"target\":{\"@type\":\"EntryPoint\",\"urlTemplate\":\"https:\\\/\\\/lasentinelle.dz\\\/?s={search_term_string}\"},\"query-input\":{\"@type\":\"PropertyValueSpecification\",\"valueRequired\":true,\"valueName\":\"search_term_string\"}}],\"inLanguage\":\"fr-FR\"},{\"@type\":\"Organization\",\"@id\":\"https:\\\/\\\/lasentinelle.dz\\\/#organization\",\"name\":\"Quotidien La Sentinelle\",\"url\":\"https:\\\/\\\/lasentinelle.dz\\\/\",\"logo\":{\"@type\":\"ImageObject\",\"inLanguage\":\"fr-FR\",\"@id\":\"https:\\\/\\\/lasentinelle.dz\\\/#\\\/schema\\\/logo\\\/image\\\/\",\"url\":\"https:\\\/\\\/lasentinelle.dz\\\/wp-content\\\/uploads\\\/2021\\\/09\\\/logo-sentinelleSLOGAN-1.png\",\"contentUrl\":\"https:\\\/\\\/lasentinelle.dz\\\/wp-content\\\/uploads\\\/2021\\\/09\\\/logo-sentinelleSLOGAN-1.png\",\"width\":615,\"height\":142,\"caption\":\"Quotidien La Sentinelle\"},\"image\":{\"@id\":\"https:\\\/\\\/lasentinelle.dz\\\/#\\\/schema\\\/logo\\\/image\\\/\"},\"sameAs\":[\"https:\\\/\\\/www.facebook.com\\\/La-Sentinelle-104059864394773\"]},{\"@type\":\"Person\",\"@id\":\"https:\\\/\\\/lasentinelle.dz\\\/#\\\/schema\\\/person\\\/d865044e22e70a75174ce8bcad3acfb3\",\"name\":\"La Sentinelle\",\"image\":{\"@type\":\"ImageObject\",\"inLanguage\":\"fr-FR\",\"@id\":\"https:\\\/\\\/secure.gravatar.com\\\/avatar\\\/57de8e5d4b15d43fb361a71fbb36338450fe67865b528a43dd10ef7c51a20392?s=96&d=mm&r=g\",\"url\":\"https:\\\/\\\/secure.gravatar.com\\\/avatar\\\/57de8e5d4b15d43fb361a71fbb36338450fe67865b528a43dd10ef7c51a20392?s=96&d=mm&r=g\",\"contentUrl\":\"https:\\\/\\\/secure.gravatar.com\\\/avatar\\\/57de8e5d4b15d43fb361a71fbb36338450fe67865b528a43dd10ef7c51a20392?s=96&d=mm&r=g\",\"caption\":\"La Sentinelle\"},\"sameAs\":[\"http:\\\/\\\/www.lasentinelle.dz\"],\"url\":\"https:\\\/\\\/lasentinelle.dz\\\/author\\\/redaction\\\/\"}]}<\/script>\n<!-- \/ Yoast SEO plugin. -->","yoast_head_json":{"title":"Afghanistan\u00a0: Un responsable r\u00e9gional de l&rsquo;\u00c9tat islamique du Khorasan tu\u00e9 par les talibans - La Sentinelle","robots":{"index":"index","follow":"follow","max-snippet":"max-snippet:-1","max-image-preview":"max-image-preview:large","max-video-preview":"max-video-preview:-1"},"canonical":"https:\/\/lasentinelle.dz\/index.php\/2023\/02\/28\/afghanistan-un-responsable-regional-de-letat-islamique-du-khorasan-tue-par-les-talibans\/","og_locale":"fr_FR","og_type":"article","og_title":"Afghanistan\u00a0: Un responsable r\u00e9gional de l&rsquo;\u00c9tat islamique du Khorasan tu\u00e9 par les talibans - La Sentinelle","og_description":"Un haut responsable de la branche r\u00e9gionale du groupe djihadiste \u00c9tat islamique, accus\u00e9 d&rsquo;avoir orchestr\u00e9 plusieurs attaques r\u00e9centes \u00e0 Kaboul,","og_url":"https:\/\/lasentinelle.dz\/index.php\/2023\/02\/28\/afghanistan-un-responsable-regional-de-letat-islamique-du-khorasan-tue-par-les-talibans\/","og_site_name":"La Sentinelle","article_publisher":"https:\/\/www.facebook.com\/La-Sentinelle-104059864394773","article_published_time":"2023-02-28T21:00:00+00:00","og_image":[{"width":800,"height":533,"url":"https:\/\/lasentinelle.dz\/wp-content\/uploads\/2023\/02\/image_2023-02-28_161658026.png","type":"image\/png"}],"author":"La Sentinelle","twitter_card":"summary_large_image","twitter_misc":{"\u00c9crit par":"La Sentinelle","Dur\u00e9e de lecture estim\u00e9e":"2 minutes"},"schema":{"@context":"https:\/\/schema.org","@graph":[{"@type":"Article","@id":"https:\/\/lasentinelle.dz\/index.php\/2023\/02\/28\/afghanistan-un-responsable-regional-de-letat-islamique-du-khorasan-tue-par-les-talibans\/#article","isPartOf":{"@id":"https:\/\/lasentinelle.dz\/index.php\/2023\/02\/28\/afghanistan-un-responsable-regional-de-letat-islamique-du-khorasan-tue-par-les-talibans\/"},"author":{"name":"La Sentinelle","@id":"https:\/\/lasentinelle.dz\/#\/schema\/person\/d865044e22e70a75174ce8bcad3acfb3"},"headline":"Afghanistan\u00a0: Un responsable r\u00e9gional de l&rsquo;\u00c9tat islamique du Khorasan tu\u00e9 par les talibans","datePublished":"2023-02-28T21:00:00+00:00","mainEntityOfPage":{"@id":"https:\/\/lasentinelle.dz\/index.php\/2023\/02\/28\/afghanistan-un-responsable-regional-de-letat-islamique-du-khorasan-tue-par-les-talibans\/"},"wordCount":443,"commentCount":0,"publisher":{"@id":"https:\/\/lasentinelle.dz\/#organization"},"image":{"@id":"https:\/\/lasentinelle.dz\/index.php\/2023\/02\/28\/afghanistan-un-responsable-regional-de-letat-islamique-du-khorasan-tue-par-les-talibans\/#primaryimage"},"thumbnailUrl":"https:\/\/lasentinelle.dz\/wp-content\/uploads\/2023\/02\/image_2023-02-28_161658026.png","articleSection":["Monde"],"inLanguage":"fr-FR","potentialAction":[{"@type":"CommentAction","name":"Comment","target":["https:\/\/lasentinelle.dz\/index.php\/2023\/02\/28\/afghanistan-un-responsable-regional-de-letat-islamique-du-khorasan-tue-par-les-talibans\/#respond"]}]},{"@type":"WebPage","@id":"https:\/\/lasentinelle.dz\/index.php\/2023\/02\/28\/afghanistan-un-responsable-regional-de-letat-islamique-du-khorasan-tue-par-les-talibans\/","url":"https:\/\/lasentinelle.dz\/index.php\/2023\/02\/28\/afghanistan-un-responsable-regional-de-letat-islamique-du-khorasan-tue-par-les-talibans\/","name":"Afghanistan\u00a0: Un responsable r\u00e9gional de l&rsquo;\u00c9tat islamique du Khorasan tu\u00e9 par les talibans - La Sentinelle","isPartOf":{"@id":"https:\/\/lasentinelle.dz\/#website"},"primaryImageOfPage":{"@id":"https:\/\/lasentinelle.dz\/index.php\/2023\/02\/28\/afghanistan-un-responsable-regional-de-letat-islamique-du-khorasan-tue-par-les-talibans\/#primaryimage"},"image":{"@id":"https:\/\/lasentinelle.dz\/index.php\/2023\/02\/28\/afghanistan-un-responsable-regional-de-letat-islamique-du-khorasan-tue-par-les-talibans\/#primaryimage"},"thumbnailUrl":"https:\/\/lasentinelle.dz\/wp-content\/uploads\/2023\/02\/image_2023-02-28_161658026.png","datePublished":"2023-02-28T21:00:00+00:00","breadcrumb":{"@id":"https:\/\/lasentinelle.dz\/index.php\/2023\/02\/28\/afghanistan-un-responsable-regional-de-letat-islamique-du-khorasan-tue-par-les-talibans\/#breadcrumb"},"inLanguage":"fr-FR","potentialAction":[{"@type":"ReadAction","target":["https:\/\/lasentinelle.dz\/index.php\/2023\/02\/28\/afghanistan-un-responsable-regional-de-letat-islamique-du-khorasan-tue-par-les-talibans\/"]}]},{"@type":"ImageObject","inLanguage":"fr-FR","@id":"https:\/\/lasentinelle.dz\/index.php\/2023\/02\/28\/afghanistan-un-responsable-regional-de-letat-islamique-du-khorasan-tue-par-les-talibans\/#primaryimage","url":"https:\/\/lasentinelle.dz\/wp-content\/uploads\/2023\/02\/image_2023-02-28_161658026.png","contentUrl":"https:\/\/lasentinelle.dz\/wp-content\/uploads\/2023\/02\/image_2023-02-28_161658026.png","width":800,"height":533},{"@type":"BreadcrumbList","@id":"https:\/\/lasentinelle.dz\/index.php\/2023\/02\/28\/afghanistan-un-responsable-regional-de-letat-islamique-du-khorasan-tue-par-les-talibans\/#breadcrumb","itemListElement":[{"@type":"ListItem","position":1,"name":"Accueil","item":"https:\/\/lasentinelle.dz\/"},{"@type":"ListItem","position":2,"name":"Afghanistan\u00a0: Un responsable r\u00e9gional de l&rsquo;\u00c9tat islamique du Khorasan tu\u00e9 par les talibans"}]},{"@type":"WebSite","@id":"https:\/\/lasentinelle.dz\/#website","url":"https:\/\/lasentinelle.dz\/","name":"La Sentinelle","description":"Quotidien national d&#039;information","publisher":{"@id":"https:\/\/lasentinelle.dz\/#organization"},"potentialAction":[{"@type":"SearchAction","target":{"@type":"EntryPoint","urlTemplate":"https:\/\/lasentinelle.dz\/?s={search_term_string}"},"query-input":{"@type":"PropertyValueSpecification","valueRequired":true,"valueName":"search_term_string"}}],"inLanguage":"fr-FR"},{"@type":"Organization","@id":"https:\/\/lasentinelle.dz\/#organization","name":"Quotidien La Sentinelle","url":"https:\/\/lasentinelle.dz\/","logo":{"@type":"ImageObject","inLanguage":"fr-FR","@id":"https:\/\/lasentinelle.dz\/#\/schema\/logo\/image\/","url":"https:\/\/lasentinelle.dz\/wp-content\/uploads\/2021\/09\/logo-sentinelleSLOGAN-1.png","contentUrl":"https:\/\/lasentinelle.dz\/wp-content\/uploads\/2021\/09\/logo-sentinelleSLOGAN-1.png","width":615,"height":142,"caption":"Quotidien La Sentinelle"},"image":{"@id":"https:\/\/lasentinelle.dz\/#\/schema\/logo\/image\/"},"sameAs":["https:\/\/www.facebook.com\/La-Sentinelle-104059864394773"]},{"@type":"Person","@id":"https:\/\/lasentinelle.dz\/#\/schema\/person\/d865044e22e70a75174ce8bcad3acfb3","name":"La Sentinelle","image":{"@type":"ImageObject","inLanguage":"fr-FR","@id":"https:\/\/secure.gravatar.com\/avatar\/57de8e5d4b15d43fb361a71fbb36338450fe67865b528a43dd10ef7c51a20392?s=96&d=mm&r=g","url":"https:\/\/secure.gravatar.com\/avatar\/57de8e5d4b15d43fb361a71fbb36338450fe67865b528a43dd10ef7c51a20392?s=96&d=mm&r=g","contentUrl":"https:\/\/secure.gravatar.com\/avatar\/57de8e5d4b15d43fb361a71fbb36338450fe67865b528a43dd10ef7c51a20392?s=96&d=mm&r=g","caption":"La Sentinelle"},"sameAs":["http:\/\/www.lasentinelle.dz"],"url":"https:\/\/lasentinelle.dz\/author\/redaction\/"}]}},"_links":{"self":[{"href":"https:\/\/lasentinelle.dz\/index.php\/wp-json\/wp\/v2\/posts\/37016","targetHints":{"allow":["GET"]}}],"collection":[{"href":"https:\/\/lasentinelle.dz\/index.php\/wp-json\/wp\/v2\/posts"}],"about":[{"href":"https:\/\/lasentinelle.dz\/index.php\/wp-json\/wp\/v2\/types\/post"}],"author":[{"embeddable":true,"href":"https:\/\/lasentinelle.dz\/index.php\/wp-json\/wp\/v2\/users\/3"}],"replies":[{"embeddable":true,"href":"https:\/\/lasentinelle.dz\/index.php\/wp-json\/wp\/v2\/comments?post=37016"}],"version-history":[{"count":1,"href":"https:\/\/lasentinelle.dz\/index.php\/wp-json\/wp\/v2\/posts\/37016\/revisions"}],"predecessor-version":[{"id":37028,"href":"https:\/\/lasentinelle.dz\/index.php\/wp-json\/wp\/v2\/posts\/37016\/revisions\/37028"}],"wp:featuredmedia":[{"embeddable":true,"href":"https:\/\/lasentinelle.dz\/index.php\/wp-json\/wp\/v2\/media\/37024"}],"wp:attachment":[{"href":"https:\/\/lasentinelle.dz\/index.php\/wp-json\/wp\/v2\/media?parent=37016"}],"wp:term":[{"taxonomy":"category","embeddable":true,"href":"https:\/\/lasentinelle.dz\/index.php\/wp-json\/wp\/v2\/categories?post=37016"},{"taxonomy":"post_tag","embeddable":true,"href":"https:\/\/lasentinelle.dz\/index.php\/wp-json\/wp\/v2\/tags?post=37016"}],"curies":[{"name":"wp","href":"https:\/\/api.w.org\/{rel}","templated":true}]}}