{"id":37017,"date":"2023-02-28T22:00:00","date_gmt":"2023-02-28T21:00:00","guid":{"rendered":"https:\/\/lasentinelle.dz\/?p=37017"},"modified":"2023-02-28T16:18:15","modified_gmt":"2023-02-28T15:18:15","slug":"amerique-latine-des-peruviens-convergent-vers-lima-pour-reprendre-les-manifestations","status":"publish","type":"post","link":"https:\/\/lasentinelle.dz\/index.php\/2023\/02\/28\/amerique-latine-des-peruviens-convergent-vers-lima-pour-reprendre-les-manifestations\/","title":{"rendered":"Am\u00e9rique Latine\u00a0: Des P\u00e9ruviens convergent vers Lima pour reprendre les manifestations"},"content":{"rendered":"\n<p>Des centaines de P\u00e9ruviens ont quitt\u00e9 lundi les r\u00e9gions andines du sud du pays en direction de Lima pour reprendre les manifestations, qui ont d\u00e9j\u00e0 fait 48 morts, contre la pr\u00e9sidente Dina Boluarte. Des habitants de la ville de Juli, situ\u00e9e dans la r\u00e9gion de Puno, \u00e0 1400 km au sud-est de la capitale, se sont rassembl\u00e9s dans l&rsquo;apr\u00e8s-midi de lundi pour dire au revoir \u00e0 quelque 140 personnes qui s&rsquo;appr\u00eataient \u00e0 embarquer \u00e0 bord de deux bus pour Lima. Les manifestants, pour la plupart des hommes, ont quitt\u00e9 leur ville sous les applaudissements des habitants. Plus au nord, 250 habitants de la ville d&rsquo;Ilave \u00e9taient \u00e9galement sur le d\u00e9part en direction de Lima, a indiqu\u00e9 une source locale \u00e0 la presse, ajoutant que des convois similaires ont \u00e9t\u00e9 observ\u00e9s dans quatre autres villes de la r\u00e9gion. C&rsquo;est l&rsquo;un des premiers d\u00e9parts group\u00e9s organis\u00e9 depuis la mi-janvier, lorsque des milliers de p\u00e9ruviens des r\u00e9gions andines avaient converg\u00e9 vers la capitale pour exiger la d\u00e9mission de la pr\u00e9sidente p\u00e9ruvienne. \u00c0 Juliaca, principale ville de cette r\u00e9gion andine, les affrontements entre forces de l&rsquo;ordre et manifestants ont \u00e9t\u00e9 particuli\u00e8rement violents, notamment le 9 janvier quand 18 civils sont morts et un policier a \u00e9t\u00e9 bless\u00e9. Le bureau du procureur du P\u00e9rou a ouvert une enqu\u00eate sur l&rsquo;action des forces de l&rsquo;ordre lors de cette journ\u00e9e sanglante. En outre, le ministre de la D\u00e9fense a confirm\u00e9 lundi \u00e0 une radio locale qu&rsquo;une enqu\u00eate interne au sein de la police \u00e9tait en cours sur la gestion par les forces de l&rsquo;ordre des manifestations antigouvernementales. Le P\u00e9rou est emp\u00eatr\u00e9 dans une grave crise politique et sociale qui a \u00e9clat\u00e9 le 7 d\u00e9cembre avec l&rsquo;\u00e9viction et l&rsquo;incarc\u00e9ration de l&rsquo;ancien pr\u00e9sident de gauche Pedro Castillo, remplac\u00e9 par sa vice-pr\u00e9sidente Dina Boluarte.<\/p>\n\n\n\n<p>Agences<\/p>\n","protected":false},"excerpt":{"rendered":"<p>Des centaines de P\u00e9ruviens ont quitt\u00e9 lundi les r\u00e9gions andines du sud du pays en direction de Lima pour reprendre<\/p>\n","protected":false},"author":3,"featured_media":37029,"comment_status":"open","ping_status":"closed","sticky":false,"template":"","format":"standard","meta":{"colormag_page_container_layout":"default_layout","colormag_page_sidebar_layout":"default_layout","om_disable_all_campaigns":false,"_monsterinsights_skip_tracking":false,"_monsterinsights_sitenote_active":false,"_monsterinsights_sitenote_note":"","_monsterinsights_sitenote_category":0,"footnotes":"","_wpscppro_dont_share_socialmedia":false,"_wpscppro_custom_social_share_image":0,"_facebook_share_type":"","_twitter_share_type":"","_linkedin_share_type":"","_pinterest_share_type":"","_linkedin_share_type_page":"","_instagram_share_type":"","_medium_share_type":"","_threads_share_type":"","_google_business_share_type":"","_selected_social_profile":[],"_wpsp_enable_custom_social_template":false,"_wpsp_social_scheduling":{"enabled":false,"datetime":null,"platforms":[],"status":"template_only","dateOption":"today","timeOption":"now","customDays":"","customHours":"","customDate":"","customTime":"","schedulingType":"absolute"},"_wpsp_active_default_template":true},"categories":[37],"tags":[],"class_list":["post-37017","post","type-post","status-publish","format-standard","has-post-thumbnail","hentry","category-monde"],"aioseo_notices":[],"yoast_head":"<!-- This site is optimized with the Yoast SEO plugin v27.5 - https:\/\/yoast.com\/product\/yoast-seo-wordpress\/ -->\n<title>Am\u00e9rique Latine\u00a0: Des P\u00e9ruviens convergent vers Lima pour reprendre les manifestations - La Sentinelle<\/title>\n<meta name=\"robots\" content=\"index, follow, max-snippet:-1, max-image-preview:large, max-video-preview:-1\" \/>\n<link rel=\"canonical\" href=\"https:\/\/lasentinelle.dz\/index.php\/2023\/02\/28\/amerique-latine-des-peruviens-convergent-vers-lima-pour-reprendre-les-manifestations\/\" \/>\n<meta property=\"og:locale\" content=\"fr_FR\" \/>\n<meta property=\"og:type\" content=\"article\" \/>\n<meta property=\"og:title\" content=\"Am\u00e9rique Latine\u00a0: Des P\u00e9ruviens convergent vers Lima pour reprendre les manifestations - La Sentinelle\" \/>\n<meta property=\"og:description\" content=\"Des centaines de P\u00e9ruviens ont quitt\u00e9 lundi les r\u00e9gions andines du sud du pays en direction de Lima pour reprendre\" \/>\n<meta property=\"og:url\" content=\"https:\/\/lasentinelle.dz\/index.php\/2023\/02\/28\/amerique-latine-des-peruviens-convergent-vers-lima-pour-reprendre-les-manifestations\/\" \/>\n<meta property=\"og:site_name\" content=\"La Sentinelle\" \/>\n<meta property=\"article:publisher\" content=\"https:\/\/www.facebook.com\/La-Sentinelle-104059864394773\" \/>\n<meta property=\"article:published_time\" content=\"2023-02-28T21:00:00+00:00\" \/>\n<meta property=\"og:image\" content=\"https:\/\/lasentinelle.dz\/wp-content\/uploads\/2023\/02\/image_2023-02-28_161739650-1024x768.png\" \/>\n\t<meta property=\"og:image:width\" content=\"1024\" \/>\n\t<meta property=\"og:image:height\" content=\"768\" \/>\n\t<meta property=\"og:image:type\" content=\"image\/png\" \/>\n<meta name=\"author\" content=\"La Sentinelle\" \/>\n<meta name=\"twitter:card\" content=\"summary_large_image\" \/>\n<meta name=\"twitter:label1\" content=\"\u00c9crit par\" \/>\n\t<meta name=\"twitter:data1\" content=\"La Sentinelle\" \/>\n\t<meta name=\"twitter:label2\" content=\"Dur\u00e9e de lecture estim\u00e9e\" \/>\n\t<meta name=\"twitter:data2\" content=\"2 minutes\" \/>\n<script type=\"application\/ld+json\" class=\"yoast-schema-graph\">{\"@context\":\"https:\\\/\\\/schema.org\",\"@graph\":[{\"@type\":\"Article\",\"@id\":\"https:\\\/\\\/lasentinelle.dz\\\/index.php\\\/2023\\\/02\\\/28\\\/amerique-latine-des-peruviens-convergent-vers-lima-pour-reprendre-les-manifestations\\\/#article\",\"isPartOf\":{\"@id\":\"https:\\\/\\\/lasentinelle.dz\\\/index.php\\\/2023\\\/02\\\/28\\\/amerique-latine-des-peruviens-convergent-vers-lima-pour-reprendre-les-manifestations\\\/\"},\"author\":{\"name\":\"La Sentinelle\",\"@id\":\"https:\\\/\\\/lasentinelle.dz\\\/#\\\/schema\\\/person\\\/d865044e22e70a75174ce8bcad3acfb3\"},\"headline\":\"Am\u00e9rique Latine\u00a0: Des P\u00e9ruviens convergent vers Lima pour reprendre les manifestations\",\"datePublished\":\"2023-02-28T21:00:00+00:00\",\"mainEntityOfPage\":{\"@id\":\"https:\\\/\\\/lasentinelle.dz\\\/index.php\\\/2023\\\/02\\\/28\\\/amerique-latine-des-peruviens-convergent-vers-lima-pour-reprendre-les-manifestations\\\/\"},\"wordCount\":339,\"commentCount\":0,\"publisher\":{\"@id\":\"https:\\\/\\\/lasentinelle.dz\\\/#organization\"},\"image\":{\"@id\":\"https:\\\/\\\/lasentinelle.dz\\\/index.php\\\/2023\\\/02\\\/28\\\/amerique-latine-des-peruviens-convergent-vers-lima-pour-reprendre-les-manifestations\\\/#primaryimage\"},\"thumbnailUrl\":\"https:\\\/\\\/lasentinelle.dz\\\/wp-content\\\/uploads\\\/2023\\\/02\\\/image_2023-02-28_161739650.png\",\"articleSection\":[\"Monde\"],\"inLanguage\":\"fr-FR\",\"potentialAction\":[{\"@type\":\"CommentAction\",\"name\":\"Comment\",\"target\":[\"https:\\\/\\\/lasentinelle.dz\\\/index.php\\\/2023\\\/02\\\/28\\\/amerique-latine-des-peruviens-convergent-vers-lima-pour-reprendre-les-manifestations\\\/#respond\"]}]},{\"@type\":\"WebPage\",\"@id\":\"https:\\\/\\\/lasentinelle.dz\\\/index.php\\\/2023\\\/02\\\/28\\\/amerique-latine-des-peruviens-convergent-vers-lima-pour-reprendre-les-manifestations\\\/\",\"url\":\"https:\\\/\\\/lasentinelle.dz\\\/index.php\\\/2023\\\/02\\\/28\\\/amerique-latine-des-peruviens-convergent-vers-lima-pour-reprendre-les-manifestations\\\/\",\"name\":\"Am\u00e9rique Latine\u00a0: Des P\u00e9ruviens convergent vers Lima pour reprendre les manifestations - La Sentinelle\",\"isPartOf\":{\"@id\":\"https:\\\/\\\/lasentinelle.dz\\\/#website\"},\"primaryImageOfPage\":{\"@id\":\"https:\\\/\\\/lasentinelle.dz\\\/index.php\\\/2023\\\/02\\\/28\\\/amerique-latine-des-peruviens-convergent-vers-lima-pour-reprendre-les-manifestations\\\/#primaryimage\"},\"image\":{\"@id\":\"https:\\\/\\\/lasentinelle.dz\\\/index.php\\\/2023\\\/02\\\/28\\\/amerique-latine-des-peruviens-convergent-vers-lima-pour-reprendre-les-manifestations\\\/#primaryimage\"},\"thumbnailUrl\":\"https:\\\/\\\/lasentinelle.dz\\\/wp-content\\\/uploads\\\/2023\\\/02\\\/image_2023-02-28_161739650.png\",\"datePublished\":\"2023-02-28T21:00:00+00:00\",\"breadcrumb\":{\"@id\":\"https:\\\/\\\/lasentinelle.dz\\\/index.php\\\/2023\\\/02\\\/28\\\/amerique-latine-des-peruviens-convergent-vers-lima-pour-reprendre-les-manifestations\\\/#breadcrumb\"},\"inLanguage\":\"fr-FR\",\"potentialAction\":[{\"@type\":\"ReadAction\",\"target\":[\"https:\\\/\\\/lasentinelle.dz\\\/index.php\\\/2023\\\/02\\\/28\\\/amerique-latine-des-peruviens-convergent-vers-lima-pour-reprendre-les-manifestations\\\/\"]}]},{\"@type\":\"ImageObject\",\"inLanguage\":\"fr-FR\",\"@id\":\"https:\\\/\\\/lasentinelle.dz\\\/index.php\\\/2023\\\/02\\\/28\\\/amerique-latine-des-peruviens-convergent-vers-lima-pour-reprendre-les-manifestations\\\/#primaryimage\",\"url\":\"https:\\\/\\\/lasentinelle.dz\\\/wp-content\\\/uploads\\\/2023\\\/02\\\/image_2023-02-28_161739650.png\",\"contentUrl\":\"https:\\\/\\\/lasentinelle.dz\\\/wp-content\\\/uploads\\\/2023\\\/02\\\/image_2023-02-28_161739650.png\",\"width\":1200,\"height\":900},{\"@type\":\"BreadcrumbList\",\"@id\":\"https:\\\/\\\/lasentinelle.dz\\\/index.php\\\/2023\\\/02\\\/28\\\/amerique-latine-des-peruviens-convergent-vers-lima-pour-reprendre-les-manifestations\\\/#breadcrumb\",\"itemListElement\":[{\"@type\":\"ListItem\",\"position\":1,\"name\":\"Accueil\",\"item\":\"https:\\\/\\\/lasentinelle.dz\\\/\"},{\"@type\":\"ListItem\",\"position\":2,\"name\":\"Am\u00e9rique Latine\u00a0: Des P\u00e9ruviens convergent vers Lima pour reprendre les manifestations\"}]},{\"@type\":\"WebSite\",\"@id\":\"https:\\\/\\\/lasentinelle.dz\\\/#website\",\"url\":\"https:\\\/\\\/lasentinelle.dz\\\/\",\"name\":\"La Sentinelle\",\"description\":\"Quotidien national d&#039;information\",\"publisher\":{\"@id\":\"https:\\\/\\\/lasentinelle.dz\\\/#organization\"},\"potentialAction\":[{\"@type\":\"SearchAction\",\"target\":{\"@type\":\"EntryPoint\",\"urlTemplate\":\"https:\\\/\\\/lasentinelle.dz\\\/?s={search_term_string}\"},\"query-input\":{\"@type\":\"PropertyValueSpecification\",\"valueRequired\":true,\"valueName\":\"search_term_string\"}}],\"inLanguage\":\"fr-FR\"},{\"@type\":\"Organization\",\"@id\":\"https:\\\/\\\/lasentinelle.dz\\\/#organization\",\"name\":\"Quotidien La Sentinelle\",\"url\":\"https:\\\/\\\/lasentinelle.dz\\\/\",\"logo\":{\"@type\":\"ImageObject\",\"inLanguage\":\"fr-FR\",\"@id\":\"https:\\\/\\\/lasentinelle.dz\\\/#\\\/schema\\\/logo\\\/image\\\/\",\"url\":\"https:\\\/\\\/lasentinelle.dz\\\/wp-content\\\/uploads\\\/2021\\\/09\\\/logo-sentinelleSLOGAN-1.png\",\"contentUrl\":\"https:\\\/\\\/lasentinelle.dz\\\/wp-content\\\/uploads\\\/2021\\\/09\\\/logo-sentinelleSLOGAN-1.png\",\"width\":615,\"height\":142,\"caption\":\"Quotidien La Sentinelle\"},\"image\":{\"@id\":\"https:\\\/\\\/lasentinelle.dz\\\/#\\\/schema\\\/logo\\\/image\\\/\"},\"sameAs\":[\"https:\\\/\\\/www.facebook.com\\\/La-Sentinelle-104059864394773\"]},{\"@type\":\"Person\",\"@id\":\"https:\\\/\\\/lasentinelle.dz\\\/#\\\/schema\\\/person\\\/d865044e22e70a75174ce8bcad3acfb3\",\"name\":\"La Sentinelle\",\"image\":{\"@type\":\"ImageObject\",\"inLanguage\":\"fr-FR\",\"@id\":\"https:\\\/\\\/secure.gravatar.com\\\/avatar\\\/57de8e5d4b15d43fb361a71fbb36338450fe67865b528a43dd10ef7c51a20392?s=96&d=mm&r=g\",\"url\":\"https:\\\/\\\/secure.gravatar.com\\\/avatar\\\/57de8e5d4b15d43fb361a71fbb36338450fe67865b528a43dd10ef7c51a20392?s=96&d=mm&r=g\",\"contentUrl\":\"https:\\\/\\\/secure.gravatar.com\\\/avatar\\\/57de8e5d4b15d43fb361a71fbb36338450fe67865b528a43dd10ef7c51a20392?s=96&d=mm&r=g\",\"caption\":\"La Sentinelle\"},\"sameAs\":[\"http:\\\/\\\/www.lasentinelle.dz\"],\"url\":\"https:\\\/\\\/lasentinelle.dz\\\/author\\\/redaction\\\/\"}]}<\/script>\n<!-- \/ Yoast SEO plugin. -->","yoast_head_json":{"title":"Am\u00e9rique Latine\u00a0: Des P\u00e9ruviens convergent vers Lima pour reprendre les manifestations - La Sentinelle","robots":{"index":"index","follow":"follow","max-snippet":"max-snippet:-1","max-image-preview":"max-image-preview:large","max-video-preview":"max-video-preview:-1"},"canonical":"https:\/\/lasentinelle.dz\/index.php\/2023\/02\/28\/amerique-latine-des-peruviens-convergent-vers-lima-pour-reprendre-les-manifestations\/","og_locale":"fr_FR","og_type":"article","og_title":"Am\u00e9rique Latine\u00a0: Des P\u00e9ruviens convergent vers Lima pour reprendre les manifestations - La Sentinelle","og_description":"Des centaines de P\u00e9ruviens ont quitt\u00e9 lundi les r\u00e9gions andines du sud du pays en direction de Lima pour reprendre","og_url":"https:\/\/lasentinelle.dz\/index.php\/2023\/02\/28\/amerique-latine-des-peruviens-convergent-vers-lima-pour-reprendre-les-manifestations\/","og_site_name":"La Sentinelle","article_publisher":"https:\/\/www.facebook.com\/La-Sentinelle-104059864394773","article_published_time":"2023-02-28T21:00:00+00:00","og_image":[{"width":1024,"height":768,"url":"https:\/\/lasentinelle.dz\/wp-content\/uploads\/2023\/02\/image_2023-02-28_161739650-1024x768.png","type":"image\/png"}],"author":"La Sentinelle","twitter_card":"summary_large_image","twitter_misc":{"\u00c9crit par":"La Sentinelle","Dur\u00e9e de lecture estim\u00e9e":"2 minutes"},"schema":{"@context":"https:\/\/schema.org","@graph":[{"@type":"Article","@id":"https:\/\/lasentinelle.dz\/index.php\/2023\/02\/28\/amerique-latine-des-peruviens-convergent-vers-lima-pour-reprendre-les-manifestations\/#article","isPartOf":{"@id":"https:\/\/lasentinelle.dz\/index.php\/2023\/02\/28\/amerique-latine-des-peruviens-convergent-vers-lima-pour-reprendre-les-manifestations\/"},"author":{"name":"La Sentinelle","@id":"https:\/\/lasentinelle.dz\/#\/schema\/person\/d865044e22e70a75174ce8bcad3acfb3"},"headline":"Am\u00e9rique Latine\u00a0: Des P\u00e9ruviens convergent vers Lima pour reprendre les manifestations","datePublished":"2023-02-28T21:00:00+00:00","mainEntityOfPage":{"@id":"https:\/\/lasentinelle.dz\/index.php\/2023\/02\/28\/amerique-latine-des-peruviens-convergent-vers-lima-pour-reprendre-les-manifestations\/"},"wordCount":339,"commentCount":0,"publisher":{"@id":"https:\/\/lasentinelle.dz\/#organization"},"image":{"@id":"https:\/\/lasentinelle.dz\/index.php\/2023\/02\/28\/amerique-latine-des-peruviens-convergent-vers-lima-pour-reprendre-les-manifestations\/#primaryimage"},"thumbnailUrl":"https:\/\/lasentinelle.dz\/wp-content\/uploads\/2023\/02\/image_2023-02-28_161739650.png","articleSection":["Monde"],"inLanguage":"fr-FR","potentialAction":[{"@type":"CommentAction","name":"Comment","target":["https:\/\/lasentinelle.dz\/index.php\/2023\/02\/28\/amerique-latine-des-peruviens-convergent-vers-lima-pour-reprendre-les-manifestations\/#respond"]}]},{"@type":"WebPage","@id":"https:\/\/lasentinelle.dz\/index.php\/2023\/02\/28\/amerique-latine-des-peruviens-convergent-vers-lima-pour-reprendre-les-manifestations\/","url":"https:\/\/lasentinelle.dz\/index.php\/2023\/02\/28\/amerique-latine-des-peruviens-convergent-vers-lima-pour-reprendre-les-manifestations\/","name":"Am\u00e9rique Latine\u00a0: Des P\u00e9ruviens convergent vers Lima pour reprendre les manifestations - La Sentinelle","isPartOf":{"@id":"https:\/\/lasentinelle.dz\/#website"},"primaryImageOfPage":{"@id":"https:\/\/lasentinelle.dz\/index.php\/2023\/02\/28\/amerique-latine-des-peruviens-convergent-vers-lima-pour-reprendre-les-manifestations\/#primaryimage"},"image":{"@id":"https:\/\/lasentinelle.dz\/index.php\/2023\/02\/28\/amerique-latine-des-peruviens-convergent-vers-lima-pour-reprendre-les-manifestations\/#primaryimage"},"thumbnailUrl":"https:\/\/lasentinelle.dz\/wp-content\/uploads\/2023\/02\/image_2023-02-28_161739650.png","datePublished":"2023-02-28T21:00:00+00:00","breadcrumb":{"@id":"https:\/\/lasentinelle.dz\/index.php\/2023\/02\/28\/amerique-latine-des-peruviens-convergent-vers-lima-pour-reprendre-les-manifestations\/#breadcrumb"},"inLanguage":"fr-FR","potentialAction":[{"@type":"ReadAction","target":["https:\/\/lasentinelle.dz\/index.php\/2023\/02\/28\/amerique-latine-des-peruviens-convergent-vers-lima-pour-reprendre-les-manifestations\/"]}]},{"@type":"ImageObject","inLanguage":"fr-FR","@id":"https:\/\/lasentinelle.dz\/index.php\/2023\/02\/28\/amerique-latine-des-peruviens-convergent-vers-lima-pour-reprendre-les-manifestations\/#primaryimage","url":"https:\/\/lasentinelle.dz\/wp-content\/uploads\/2023\/02\/image_2023-02-28_161739650.png","contentUrl":"https:\/\/lasentinelle.dz\/wp-content\/uploads\/2023\/02\/image_2023-02-28_161739650.png","width":1200,"height":900},{"@type":"BreadcrumbList","@id":"https:\/\/lasentinelle.dz\/index.php\/2023\/02\/28\/amerique-latine-des-peruviens-convergent-vers-lima-pour-reprendre-les-manifestations\/#breadcrumb","itemListElement":[{"@type":"ListItem","position":1,"name":"Accueil","item":"https:\/\/lasentinelle.dz\/"},{"@type":"ListItem","position":2,"name":"Am\u00e9rique Latine\u00a0: Des P\u00e9ruviens convergent vers Lima pour reprendre les manifestations"}]},{"@type":"WebSite","@id":"https:\/\/lasentinelle.dz\/#website","url":"https:\/\/lasentinelle.dz\/","name":"La Sentinelle","description":"Quotidien national d&#039;information","publisher":{"@id":"https:\/\/lasentinelle.dz\/#organization"},"potentialAction":[{"@type":"SearchAction","target":{"@type":"EntryPoint","urlTemplate":"https:\/\/lasentinelle.dz\/?s={search_term_string}"},"query-input":{"@type":"PropertyValueSpecification","valueRequired":true,"valueName":"search_term_string"}}],"inLanguage":"fr-FR"},{"@type":"Organization","@id":"https:\/\/lasentinelle.dz\/#organization","name":"Quotidien La Sentinelle","url":"https:\/\/lasentinelle.dz\/","logo":{"@type":"ImageObject","inLanguage":"fr-FR","@id":"https:\/\/lasentinelle.dz\/#\/schema\/logo\/image\/","url":"https:\/\/lasentinelle.dz\/wp-content\/uploads\/2021\/09\/logo-sentinelleSLOGAN-1.png","contentUrl":"https:\/\/lasentinelle.dz\/wp-content\/uploads\/2021\/09\/logo-sentinelleSLOGAN-1.png","width":615,"height":142,"caption":"Quotidien La Sentinelle"},"image":{"@id":"https:\/\/lasentinelle.dz\/#\/schema\/logo\/image\/"},"sameAs":["https:\/\/www.facebook.com\/La-Sentinelle-104059864394773"]},{"@type":"Person","@id":"https:\/\/lasentinelle.dz\/#\/schema\/person\/d865044e22e70a75174ce8bcad3acfb3","name":"La Sentinelle","image":{"@type":"ImageObject","inLanguage":"fr-FR","@id":"https:\/\/secure.gravatar.com\/avatar\/57de8e5d4b15d43fb361a71fbb36338450fe67865b528a43dd10ef7c51a20392?s=96&d=mm&r=g","url":"https:\/\/secure.gravatar.com\/avatar\/57de8e5d4b15d43fb361a71fbb36338450fe67865b528a43dd10ef7c51a20392?s=96&d=mm&r=g","contentUrl":"https:\/\/secure.gravatar.com\/avatar\/57de8e5d4b15d43fb361a71fbb36338450fe67865b528a43dd10ef7c51a20392?s=96&d=mm&r=g","caption":"La Sentinelle"},"sameAs":["http:\/\/www.lasentinelle.dz"],"url":"https:\/\/lasentinelle.dz\/author\/redaction\/"}]}},"_links":{"self":[{"href":"https:\/\/lasentinelle.dz\/index.php\/wp-json\/wp\/v2\/posts\/37017","targetHints":{"allow":["GET"]}}],"collection":[{"href":"https:\/\/lasentinelle.dz\/index.php\/wp-json\/wp\/v2\/posts"}],"about":[{"href":"https:\/\/lasentinelle.dz\/index.php\/wp-json\/wp\/v2\/types\/post"}],"author":[{"embeddable":true,"href":"https:\/\/lasentinelle.dz\/index.php\/wp-json\/wp\/v2\/users\/3"}],"replies":[{"embeddable":true,"href":"https:\/\/lasentinelle.dz\/index.php\/wp-json\/wp\/v2\/comments?post=37017"}],"version-history":[{"count":1,"href":"https:\/\/lasentinelle.dz\/index.php\/wp-json\/wp\/v2\/posts\/37017\/revisions"}],"predecessor-version":[{"id":37030,"href":"https:\/\/lasentinelle.dz\/index.php\/wp-json\/wp\/v2\/posts\/37017\/revisions\/37030"}],"wp:featuredmedia":[{"embeddable":true,"href":"https:\/\/lasentinelle.dz\/index.php\/wp-json\/wp\/v2\/media\/37029"}],"wp:attachment":[{"href":"https:\/\/lasentinelle.dz\/index.php\/wp-json\/wp\/v2\/media?parent=37017"}],"wp:term":[{"taxonomy":"category","embeddable":true,"href":"https:\/\/lasentinelle.dz\/index.php\/wp-json\/wp\/v2\/categories?post=37017"},{"taxonomy":"post_tag","embeddable":true,"href":"https:\/\/lasentinelle.dz\/index.php\/wp-json\/wp\/v2\/tags?post=37017"}],"curies":[{"name":"wp","href":"https:\/\/api.w.org\/{rel}","templated":true}]}}