{"id":3702,"date":"2021-08-07T00:01:00","date_gmt":"2021-08-06T23:01:00","guid":{"rendered":"https:\/\/lasentinelle.dz\/?p=3702"},"modified":"2021-08-06T17:33:37","modified_gmt":"2021-08-06T16:33:37","slug":"abdelhamid-senouci-bereksi-ancien-diplomate-lalgerie-attachee-au-reglement-des-conflits-par-les-voies-pacifiques","status":"publish","type":"post","link":"https:\/\/lasentinelle.dz\/index.php\/2021\/08\/07\/abdelhamid-senouci-bereksi-ancien-diplomate-lalgerie-attachee-au-reglement-des-conflits-par-les-voies-pacifiques\/","title":{"rendered":"Abdelhamid Senouci Bereksi, ancien diplomate : L&rsquo;Alg\u00e9rie attach\u00e9e au r\u00e8glement des conflits par les voies pacifiques"},"content":{"rendered":"\n<p>L&rsquo;Alg\u00e9rie est profond\u00e9ment attach\u00e9e \u00e0 la paix, \u00e0 la r\u00e9solution des diff\u00e9rends par des moyens pacifiques et au droit des peuples \u00e0 l&rsquo;autod\u00e9termination et ne saurait aller \u00e0 l\u2019encontre du principe de non-ing\u00e9rence consacr\u00e9 dans la Constitution alg\u00e9rienne, a d\u00e9clar\u00e9 l&rsquo;ancien diplomate Abdelhamid Senouci Bereksi.Dans un entretien au site Jazairhope, publi\u00e9 mercredi, M. Senouci Berkesi, a soutenu qu'\u00a0\u00bbune lecture attentive\u00a0\u00bb des principes fondamentaux sur lesquels est bas\u00e9e la politique \u00e9trang\u00e8re alg\u00e9rienne \u00ab\u00a0permet de comprendre ais\u00e9ment pourquoi l&rsquo;Alg\u00e9rie est profond\u00e9ment attach\u00e9e \u00e0 la paix, \u00e0 la r\u00e9solution des diff\u00e9rents par des voies pacifiques, au droit \u00e0 l&rsquo;autod\u00e9termination des peuples soumis \u00e0 une occupation \u00e9trang\u00e8re, \u00e0 l\u2019\u00e9galit\u00e9 des Etats et au respect des principes et objectifs de la charte des Nations Unies\u00a0\u00bb.De son avis, m\u00eame l&rsquo;article 31 de la Constitution qui \u00e9voque la possibilit\u00e9 pour l\u2019Alg\u00e9rie de \u00ab\u00a0participer au maintien de la paix\u00a0\u00bb dans le cadre des principes et objectifs de l\u2019ONU, de l\u2019Union Africaine et de la Ligue des Etats Arabes, \u00ab\u00a0ne saurait aller \u00e0 l\u2019encontre ni contredire le principe de non-ing\u00e9rence, r\u00e9it\u00e9r\u00e9 dans l\u2019article 33. Au contraire, il renforce et cadre mieux le principe de non-ing\u00e9rence avec le souci de maintenir la paix\u00a0\u00bb.Dans cet entretien, le diplomate \u00e0 la retraite, a mis l&rsquo;accent sur l&rsquo;une des premi\u00e8res r\u00e9solutions de l\u2019Organisation de l\u2019Unit\u00e9 Africaine (OUA) anc\u00eatre de l\u2019Union Africaine, celle qui stipulait que \u00ab\u00a0tous les Etats membres (de l\u2019OUA) s\u2019engagent \u00e0 respecter les fronti\u00e8res existant au moment o\u00f9 ils ont acc\u00e9d\u00e9 \u00e0 l\u2019ind\u00e9pendance\u00a0\u00bb.Cette r\u00e9solution devait, de fait, mettre fin \u00e0 toute question relative aux revendications territoriales qui pouvaient surgir \u00e0 l\u2019\u00e8re post-coloniale. Elle refl\u00e8te aussi la strat\u00e9gie de paix et de stabilit\u00e9 en Afrique choisie par les p\u00e8res fondateurs de l\u2019Unit\u00e9 Africaine.Dans cette \u0153uvre colossale, l&rsquo;Alg\u00e9rie est pleinement engag\u00e9e. Le peuple alg\u00e9rien aussi y adh\u00e8re, a ditl&rsquo;ancien diplomate. De m\u00eame pour la diplomatie alg\u00e9rienne qui est en train, de conna\u00eetre une nouvelle dynamique avec le retour du ministre des Affaires \u00e9trang\u00e8res et de la Communaut\u00e9 nationale \u00e0 l&rsquo;\u00e9tranger, Ramtane Lamamra et l\u2019impulsion du pr\u00e9sident de la R\u00e9publique Abdelmadjid Tebboune.<\/p>\n\n\n\n<p>APS<\/p>\n","protected":false},"excerpt":{"rendered":"<p>L&rsquo;Alg\u00e9rie est profond\u00e9ment attach\u00e9e \u00e0 la paix, \u00e0 la r\u00e9solution des diff\u00e9rends par des moyens pacifiques et au droit des<\/p>\n","protected":false},"author":3,"featured_media":3709,"comment_status":"open","ping_status":"closed","sticky":false,"template":"","format":"standard","meta":{"colormag_page_container_layout":"default_layout","colormag_page_sidebar_layout":"default_layout","om_disable_all_campaigns":false,"_monsterinsights_skip_tracking":false,"_monsterinsights_sitenote_active":false,"_monsterinsights_sitenote_note":"","_monsterinsights_sitenote_category":0,"footnotes":"","_wpscppro_dont_share_socialmedia":false,"_wpscppro_custom_social_share_image":0,"_facebook_share_type":"","_twitter_share_type":"","_linkedin_share_type":"","_pinterest_share_type":"","_linkedin_share_type_page":"","_instagram_share_type":"","_medium_share_type":"","_threads_share_type":"","_google_business_share_type":"","_selected_social_profile":[],"_wpsp_enable_custom_social_template":false,"_wpsp_social_scheduling":{"enabled":false,"datetime":null,"platforms":[],"status":"template_only","dateOption":"today","timeOption":"now","customDays":"","customHours":"","customDate":"","customTime":"","schedulingType":"absolute"},"_wpsp_active_default_template":true},"categories":[27],"tags":[],"class_list":["post-3702","post","type-post","status-publish","format-standard","has-post-thumbnail","hentry","category-actualite"],"aioseo_notices":[],"yoast_head":"<!-- This site is optimized with the Yoast SEO plugin v27.5 - https:\/\/yoast.com\/product\/yoast-seo-wordpress\/ -->\n<title>Abdelhamid Senouci Bereksi, ancien diplomate : L&#039;Alg\u00e9rie attach\u00e9e au r\u00e8glement des conflits par les voies pacifiques - La Sentinelle<\/title>\n<meta name=\"robots\" content=\"index, follow, max-snippet:-1, max-image-preview:large, max-video-preview:-1\" \/>\n<link rel=\"canonical\" href=\"https:\/\/lasentinelle.dz\/index.php\/2021\/08\/07\/abdelhamid-senouci-bereksi-ancien-diplomate-lalgerie-attachee-au-reglement-des-conflits-par-les-voies-pacifiques\/\" \/>\n<meta property=\"og:locale\" content=\"fr_FR\" \/>\n<meta property=\"og:type\" content=\"article\" \/>\n<meta property=\"og:title\" content=\"Abdelhamid Senouci Bereksi, ancien diplomate : L&#039;Alg\u00e9rie attach\u00e9e au r\u00e8glement des conflits par les voies pacifiques - La Sentinelle\" \/>\n<meta property=\"og:description\" content=\"L&rsquo;Alg\u00e9rie est profond\u00e9ment attach\u00e9e \u00e0 la paix, \u00e0 la r\u00e9solution des diff\u00e9rends par des moyens pacifiques et au droit des\" \/>\n<meta property=\"og:url\" content=\"https:\/\/lasentinelle.dz\/index.php\/2021\/08\/07\/abdelhamid-senouci-bereksi-ancien-diplomate-lalgerie-attachee-au-reglement-des-conflits-par-les-voies-pacifiques\/\" \/>\n<meta property=\"og:site_name\" content=\"La Sentinelle\" \/>\n<meta property=\"article:publisher\" content=\"https:\/\/www.facebook.com\/La-Sentinelle-104059864394773\" \/>\n<meta property=\"article:published_time\" content=\"2021-08-06T23:01:00+00:00\" \/>\n<meta property=\"og:image\" content=\"https:\/\/lasentinelle.dz\/wp-content\/uploads\/2021\/08\/berkasiss.png\" \/>\n\t<meta property=\"og:image:width\" content=\"1361\" \/>\n\t<meta property=\"og:image:height\" content=\"900\" \/>\n\t<meta property=\"og:image:type\" content=\"image\/png\" \/>\n<meta name=\"author\" content=\"La Sentinelle\" \/>\n<meta name=\"twitter:card\" content=\"summary_large_image\" \/>\n<meta name=\"twitter:label1\" content=\"\u00c9crit par\" \/>\n\t<meta name=\"twitter:data1\" content=\"La Sentinelle\" \/>\n\t<meta name=\"twitter:label2\" content=\"Dur\u00e9e de lecture estim\u00e9e\" \/>\n\t<meta name=\"twitter:data2\" content=\"2 minutes\" \/>\n<script type=\"application\/ld+json\" class=\"yoast-schema-graph\">{\"@context\":\"https:\\\/\\\/schema.org\",\"@graph\":[{\"@type\":\"Article\",\"@id\":\"https:\\\/\\\/lasentinelle.dz\\\/index.php\\\/2021\\\/08\\\/07\\\/abdelhamid-senouci-bereksi-ancien-diplomate-lalgerie-attachee-au-reglement-des-conflits-par-les-voies-pacifiques\\\/#article\",\"isPartOf\":{\"@id\":\"https:\\\/\\\/lasentinelle.dz\\\/index.php\\\/2021\\\/08\\\/07\\\/abdelhamid-senouci-bereksi-ancien-diplomate-lalgerie-attachee-au-reglement-des-conflits-par-les-voies-pacifiques\\\/\"},\"author\":{\"name\":\"La Sentinelle\",\"@id\":\"https:\\\/\\\/lasentinelle.dz\\\/#\\\/schema\\\/person\\\/d865044e22e70a75174ce8bcad3acfb3\"},\"headline\":\"Abdelhamid Senouci Bereksi, ancien diplomate : L&rsquo;Alg\u00e9rie attach\u00e9e au r\u00e8glement des conflits par les voies pacifiques\",\"datePublished\":\"2021-08-06T23:01:00+00:00\",\"mainEntityOfPage\":{\"@id\":\"https:\\\/\\\/lasentinelle.dz\\\/index.php\\\/2021\\\/08\\\/07\\\/abdelhamid-senouci-bereksi-ancien-diplomate-lalgerie-attachee-au-reglement-des-conflits-par-les-voies-pacifiques\\\/\"},\"wordCount\":419,\"commentCount\":0,\"publisher\":{\"@id\":\"https:\\\/\\\/lasentinelle.dz\\\/#organization\"},\"image\":{\"@id\":\"https:\\\/\\\/lasentinelle.dz\\\/index.php\\\/2021\\\/08\\\/07\\\/abdelhamid-senouci-bereksi-ancien-diplomate-lalgerie-attachee-au-reglement-des-conflits-par-les-voies-pacifiques\\\/#primaryimage\"},\"thumbnailUrl\":\"https:\\\/\\\/lasentinelle.dz\\\/wp-content\\\/uploads\\\/2021\\\/08\\\/berkasiss.png\",\"articleSection\":[\"Actualit\u00e9\"],\"inLanguage\":\"fr-FR\",\"potentialAction\":[{\"@type\":\"CommentAction\",\"name\":\"Comment\",\"target\":[\"https:\\\/\\\/lasentinelle.dz\\\/index.php\\\/2021\\\/08\\\/07\\\/abdelhamid-senouci-bereksi-ancien-diplomate-lalgerie-attachee-au-reglement-des-conflits-par-les-voies-pacifiques\\\/#respond\"]}]},{\"@type\":\"WebPage\",\"@id\":\"https:\\\/\\\/lasentinelle.dz\\\/index.php\\\/2021\\\/08\\\/07\\\/abdelhamid-senouci-bereksi-ancien-diplomate-lalgerie-attachee-au-reglement-des-conflits-par-les-voies-pacifiques\\\/\",\"url\":\"https:\\\/\\\/lasentinelle.dz\\\/index.php\\\/2021\\\/08\\\/07\\\/abdelhamid-senouci-bereksi-ancien-diplomate-lalgerie-attachee-au-reglement-des-conflits-par-les-voies-pacifiques\\\/\",\"name\":\"Abdelhamid Senouci Bereksi, ancien diplomate : L'Alg\u00e9rie attach\u00e9e au r\u00e8glement des conflits par les voies pacifiques - La Sentinelle\",\"isPartOf\":{\"@id\":\"https:\\\/\\\/lasentinelle.dz\\\/#website\"},\"primaryImageOfPage\":{\"@id\":\"https:\\\/\\\/lasentinelle.dz\\\/index.php\\\/2021\\\/08\\\/07\\\/abdelhamid-senouci-bereksi-ancien-diplomate-lalgerie-attachee-au-reglement-des-conflits-par-les-voies-pacifiques\\\/#primaryimage\"},\"image\":{\"@id\":\"https:\\\/\\\/lasentinelle.dz\\\/index.php\\\/2021\\\/08\\\/07\\\/abdelhamid-senouci-bereksi-ancien-diplomate-lalgerie-attachee-au-reglement-des-conflits-par-les-voies-pacifiques\\\/#primaryimage\"},\"thumbnailUrl\":\"https:\\\/\\\/lasentinelle.dz\\\/wp-content\\\/uploads\\\/2021\\\/08\\\/berkasiss.png\",\"datePublished\":\"2021-08-06T23:01:00+00:00\",\"breadcrumb\":{\"@id\":\"https:\\\/\\\/lasentinelle.dz\\\/index.php\\\/2021\\\/08\\\/07\\\/abdelhamid-senouci-bereksi-ancien-diplomate-lalgerie-attachee-au-reglement-des-conflits-par-les-voies-pacifiques\\\/#breadcrumb\"},\"inLanguage\":\"fr-FR\",\"potentialAction\":[{\"@type\":\"ReadAction\",\"target\":[\"https:\\\/\\\/lasentinelle.dz\\\/index.php\\\/2021\\\/08\\\/07\\\/abdelhamid-senouci-bereksi-ancien-diplomate-lalgerie-attachee-au-reglement-des-conflits-par-les-voies-pacifiques\\\/\"]}]},{\"@type\":\"ImageObject\",\"inLanguage\":\"fr-FR\",\"@id\":\"https:\\\/\\\/lasentinelle.dz\\\/index.php\\\/2021\\\/08\\\/07\\\/abdelhamid-senouci-bereksi-ancien-diplomate-lalgerie-attachee-au-reglement-des-conflits-par-les-voies-pacifiques\\\/#primaryimage\",\"url\":\"https:\\\/\\\/lasentinelle.dz\\\/wp-content\\\/uploads\\\/2021\\\/08\\\/berkasiss.png\",\"contentUrl\":\"https:\\\/\\\/lasentinelle.dz\\\/wp-content\\\/uploads\\\/2021\\\/08\\\/berkasiss.png\",\"width\":1361,\"height\":900},{\"@type\":\"BreadcrumbList\",\"@id\":\"https:\\\/\\\/lasentinelle.dz\\\/index.php\\\/2021\\\/08\\\/07\\\/abdelhamid-senouci-bereksi-ancien-diplomate-lalgerie-attachee-au-reglement-des-conflits-par-les-voies-pacifiques\\\/#breadcrumb\",\"itemListElement\":[{\"@type\":\"ListItem\",\"position\":1,\"name\":\"Accueil\",\"item\":\"https:\\\/\\\/lasentinelle.dz\\\/\"},{\"@type\":\"ListItem\",\"position\":2,\"name\":\"Abdelhamid Senouci Bereksi, ancien diplomate : L&rsquo;Alg\u00e9rie attach\u00e9e au r\u00e8glement des conflits par les voies pacifiques\"}]},{\"@type\":\"WebSite\",\"@id\":\"https:\\\/\\\/lasentinelle.dz\\\/#website\",\"url\":\"https:\\\/\\\/lasentinelle.dz\\\/\",\"name\":\"La Sentinelle\",\"description\":\"Quotidien national d&#039;information\",\"publisher\":{\"@id\":\"https:\\\/\\\/lasentinelle.dz\\\/#organization\"},\"potentialAction\":[{\"@type\":\"SearchAction\",\"target\":{\"@type\":\"EntryPoint\",\"urlTemplate\":\"https:\\\/\\\/lasentinelle.dz\\\/?s={search_term_string}\"},\"query-input\":{\"@type\":\"PropertyValueSpecification\",\"valueRequired\":true,\"valueName\":\"search_term_string\"}}],\"inLanguage\":\"fr-FR\"},{\"@type\":\"Organization\",\"@id\":\"https:\\\/\\\/lasentinelle.dz\\\/#organization\",\"name\":\"Quotidien La Sentinelle\",\"url\":\"https:\\\/\\\/lasentinelle.dz\\\/\",\"logo\":{\"@type\":\"ImageObject\",\"inLanguage\":\"fr-FR\",\"@id\":\"https:\\\/\\\/lasentinelle.dz\\\/#\\\/schema\\\/logo\\\/image\\\/\",\"url\":\"https:\\\/\\\/lasentinelle.dz\\\/wp-content\\\/uploads\\\/2021\\\/09\\\/logo-sentinelleSLOGAN-1.png\",\"contentUrl\":\"https:\\\/\\\/lasentinelle.dz\\\/wp-content\\\/uploads\\\/2021\\\/09\\\/logo-sentinelleSLOGAN-1.png\",\"width\":615,\"height\":142,\"caption\":\"Quotidien La Sentinelle\"},\"image\":{\"@id\":\"https:\\\/\\\/lasentinelle.dz\\\/#\\\/schema\\\/logo\\\/image\\\/\"},\"sameAs\":[\"https:\\\/\\\/www.facebook.com\\\/La-Sentinelle-104059864394773\"]},{\"@type\":\"Person\",\"@id\":\"https:\\\/\\\/lasentinelle.dz\\\/#\\\/schema\\\/person\\\/d865044e22e70a75174ce8bcad3acfb3\",\"name\":\"La Sentinelle\",\"image\":{\"@type\":\"ImageObject\",\"inLanguage\":\"fr-FR\",\"@id\":\"https:\\\/\\\/secure.gravatar.com\\\/avatar\\\/57de8e5d4b15d43fb361a71fbb36338450fe67865b528a43dd10ef7c51a20392?s=96&d=mm&r=g\",\"url\":\"https:\\\/\\\/secure.gravatar.com\\\/avatar\\\/57de8e5d4b15d43fb361a71fbb36338450fe67865b528a43dd10ef7c51a20392?s=96&d=mm&r=g\",\"contentUrl\":\"https:\\\/\\\/secure.gravatar.com\\\/avatar\\\/57de8e5d4b15d43fb361a71fbb36338450fe67865b528a43dd10ef7c51a20392?s=96&d=mm&r=g\",\"caption\":\"La Sentinelle\"},\"sameAs\":[\"http:\\\/\\\/www.lasentinelle.dz\"],\"url\":\"https:\\\/\\\/lasentinelle.dz\\\/author\\\/redaction\\\/\"}]}<\/script>\n<!-- \/ Yoast SEO plugin. -->","yoast_head_json":{"title":"Abdelhamid Senouci Bereksi, ancien diplomate : L'Alg\u00e9rie attach\u00e9e au r\u00e8glement des conflits par les voies pacifiques - La Sentinelle","robots":{"index":"index","follow":"follow","max-snippet":"max-snippet:-1","max-image-preview":"max-image-preview:large","max-video-preview":"max-video-preview:-1"},"canonical":"https:\/\/lasentinelle.dz\/index.php\/2021\/08\/07\/abdelhamid-senouci-bereksi-ancien-diplomate-lalgerie-attachee-au-reglement-des-conflits-par-les-voies-pacifiques\/","og_locale":"fr_FR","og_type":"article","og_title":"Abdelhamid Senouci Bereksi, ancien diplomate : L'Alg\u00e9rie attach\u00e9e au r\u00e8glement des conflits par les voies pacifiques - La Sentinelle","og_description":"L&rsquo;Alg\u00e9rie est profond\u00e9ment attach\u00e9e \u00e0 la paix, \u00e0 la r\u00e9solution des diff\u00e9rends par des moyens pacifiques et au droit des","og_url":"https:\/\/lasentinelle.dz\/index.php\/2021\/08\/07\/abdelhamid-senouci-bereksi-ancien-diplomate-lalgerie-attachee-au-reglement-des-conflits-par-les-voies-pacifiques\/","og_site_name":"La Sentinelle","article_publisher":"https:\/\/www.facebook.com\/La-Sentinelle-104059864394773","article_published_time":"2021-08-06T23:01:00+00:00","og_image":[{"width":1361,"height":900,"url":"https:\/\/lasentinelle.dz\/wp-content\/uploads\/2021\/08\/berkasiss.png","type":"image\/png"}],"author":"La Sentinelle","twitter_card":"summary_large_image","twitter_misc":{"\u00c9crit par":"La Sentinelle","Dur\u00e9e de lecture estim\u00e9e":"2 minutes"},"schema":{"@context":"https:\/\/schema.org","@graph":[{"@type":"Article","@id":"https:\/\/lasentinelle.dz\/index.php\/2021\/08\/07\/abdelhamid-senouci-bereksi-ancien-diplomate-lalgerie-attachee-au-reglement-des-conflits-par-les-voies-pacifiques\/#article","isPartOf":{"@id":"https:\/\/lasentinelle.dz\/index.php\/2021\/08\/07\/abdelhamid-senouci-bereksi-ancien-diplomate-lalgerie-attachee-au-reglement-des-conflits-par-les-voies-pacifiques\/"},"author":{"name":"La Sentinelle","@id":"https:\/\/lasentinelle.dz\/#\/schema\/person\/d865044e22e70a75174ce8bcad3acfb3"},"headline":"Abdelhamid Senouci Bereksi, ancien diplomate : L&rsquo;Alg\u00e9rie attach\u00e9e au r\u00e8glement des conflits par les voies pacifiques","datePublished":"2021-08-06T23:01:00+00:00","mainEntityOfPage":{"@id":"https:\/\/lasentinelle.dz\/index.php\/2021\/08\/07\/abdelhamid-senouci-bereksi-ancien-diplomate-lalgerie-attachee-au-reglement-des-conflits-par-les-voies-pacifiques\/"},"wordCount":419,"commentCount":0,"publisher":{"@id":"https:\/\/lasentinelle.dz\/#organization"},"image":{"@id":"https:\/\/lasentinelle.dz\/index.php\/2021\/08\/07\/abdelhamid-senouci-bereksi-ancien-diplomate-lalgerie-attachee-au-reglement-des-conflits-par-les-voies-pacifiques\/#primaryimage"},"thumbnailUrl":"https:\/\/lasentinelle.dz\/wp-content\/uploads\/2021\/08\/berkasiss.png","articleSection":["Actualit\u00e9"],"inLanguage":"fr-FR","potentialAction":[{"@type":"CommentAction","name":"Comment","target":["https:\/\/lasentinelle.dz\/index.php\/2021\/08\/07\/abdelhamid-senouci-bereksi-ancien-diplomate-lalgerie-attachee-au-reglement-des-conflits-par-les-voies-pacifiques\/#respond"]}]},{"@type":"WebPage","@id":"https:\/\/lasentinelle.dz\/index.php\/2021\/08\/07\/abdelhamid-senouci-bereksi-ancien-diplomate-lalgerie-attachee-au-reglement-des-conflits-par-les-voies-pacifiques\/","url":"https:\/\/lasentinelle.dz\/index.php\/2021\/08\/07\/abdelhamid-senouci-bereksi-ancien-diplomate-lalgerie-attachee-au-reglement-des-conflits-par-les-voies-pacifiques\/","name":"Abdelhamid Senouci Bereksi, ancien diplomate : L'Alg\u00e9rie attach\u00e9e au r\u00e8glement des conflits par les voies pacifiques - La Sentinelle","isPartOf":{"@id":"https:\/\/lasentinelle.dz\/#website"},"primaryImageOfPage":{"@id":"https:\/\/lasentinelle.dz\/index.php\/2021\/08\/07\/abdelhamid-senouci-bereksi-ancien-diplomate-lalgerie-attachee-au-reglement-des-conflits-par-les-voies-pacifiques\/#primaryimage"},"image":{"@id":"https:\/\/lasentinelle.dz\/index.php\/2021\/08\/07\/abdelhamid-senouci-bereksi-ancien-diplomate-lalgerie-attachee-au-reglement-des-conflits-par-les-voies-pacifiques\/#primaryimage"},"thumbnailUrl":"https:\/\/lasentinelle.dz\/wp-content\/uploads\/2021\/08\/berkasiss.png","datePublished":"2021-08-06T23:01:00+00:00","breadcrumb":{"@id":"https:\/\/lasentinelle.dz\/index.php\/2021\/08\/07\/abdelhamid-senouci-bereksi-ancien-diplomate-lalgerie-attachee-au-reglement-des-conflits-par-les-voies-pacifiques\/#breadcrumb"},"inLanguage":"fr-FR","potentialAction":[{"@type":"ReadAction","target":["https:\/\/lasentinelle.dz\/index.php\/2021\/08\/07\/abdelhamid-senouci-bereksi-ancien-diplomate-lalgerie-attachee-au-reglement-des-conflits-par-les-voies-pacifiques\/"]}]},{"@type":"ImageObject","inLanguage":"fr-FR","@id":"https:\/\/lasentinelle.dz\/index.php\/2021\/08\/07\/abdelhamid-senouci-bereksi-ancien-diplomate-lalgerie-attachee-au-reglement-des-conflits-par-les-voies-pacifiques\/#primaryimage","url":"https:\/\/lasentinelle.dz\/wp-content\/uploads\/2021\/08\/berkasiss.png","contentUrl":"https:\/\/lasentinelle.dz\/wp-content\/uploads\/2021\/08\/berkasiss.png","width":1361,"height":900},{"@type":"BreadcrumbList","@id":"https:\/\/lasentinelle.dz\/index.php\/2021\/08\/07\/abdelhamid-senouci-bereksi-ancien-diplomate-lalgerie-attachee-au-reglement-des-conflits-par-les-voies-pacifiques\/#breadcrumb","itemListElement":[{"@type":"ListItem","position":1,"name":"Accueil","item":"https:\/\/lasentinelle.dz\/"},{"@type":"ListItem","position":2,"name":"Abdelhamid Senouci Bereksi, ancien diplomate : L&rsquo;Alg\u00e9rie attach\u00e9e au r\u00e8glement des conflits par les voies pacifiques"}]},{"@type":"WebSite","@id":"https:\/\/lasentinelle.dz\/#website","url":"https:\/\/lasentinelle.dz\/","name":"La Sentinelle","description":"Quotidien national d&#039;information","publisher":{"@id":"https:\/\/lasentinelle.dz\/#organization"},"potentialAction":[{"@type":"SearchAction","target":{"@type":"EntryPoint","urlTemplate":"https:\/\/lasentinelle.dz\/?s={search_term_string}"},"query-input":{"@type":"PropertyValueSpecification","valueRequired":true,"valueName":"search_term_string"}}],"inLanguage":"fr-FR"},{"@type":"Organization","@id":"https:\/\/lasentinelle.dz\/#organization","name":"Quotidien La Sentinelle","url":"https:\/\/lasentinelle.dz\/","logo":{"@type":"ImageObject","inLanguage":"fr-FR","@id":"https:\/\/lasentinelle.dz\/#\/schema\/logo\/image\/","url":"https:\/\/lasentinelle.dz\/wp-content\/uploads\/2021\/09\/logo-sentinelleSLOGAN-1.png","contentUrl":"https:\/\/lasentinelle.dz\/wp-content\/uploads\/2021\/09\/logo-sentinelleSLOGAN-1.png","width":615,"height":142,"caption":"Quotidien La Sentinelle"},"image":{"@id":"https:\/\/lasentinelle.dz\/#\/schema\/logo\/image\/"},"sameAs":["https:\/\/www.facebook.com\/La-Sentinelle-104059864394773"]},{"@type":"Person","@id":"https:\/\/lasentinelle.dz\/#\/schema\/person\/d865044e22e70a75174ce8bcad3acfb3","name":"La Sentinelle","image":{"@type":"ImageObject","inLanguage":"fr-FR","@id":"https:\/\/secure.gravatar.com\/avatar\/57de8e5d4b15d43fb361a71fbb36338450fe67865b528a43dd10ef7c51a20392?s=96&d=mm&r=g","url":"https:\/\/secure.gravatar.com\/avatar\/57de8e5d4b15d43fb361a71fbb36338450fe67865b528a43dd10ef7c51a20392?s=96&d=mm&r=g","contentUrl":"https:\/\/secure.gravatar.com\/avatar\/57de8e5d4b15d43fb361a71fbb36338450fe67865b528a43dd10ef7c51a20392?s=96&d=mm&r=g","caption":"La Sentinelle"},"sameAs":["http:\/\/www.lasentinelle.dz"],"url":"https:\/\/lasentinelle.dz\/author\/redaction\/"}]}},"_links":{"self":[{"href":"https:\/\/lasentinelle.dz\/index.php\/wp-json\/wp\/v2\/posts\/3702","targetHints":{"allow":["GET"]}}],"collection":[{"href":"https:\/\/lasentinelle.dz\/index.php\/wp-json\/wp\/v2\/posts"}],"about":[{"href":"https:\/\/lasentinelle.dz\/index.php\/wp-json\/wp\/v2\/types\/post"}],"author":[{"embeddable":true,"href":"https:\/\/lasentinelle.dz\/index.php\/wp-json\/wp\/v2\/users\/3"}],"replies":[{"embeddable":true,"href":"https:\/\/lasentinelle.dz\/index.php\/wp-json\/wp\/v2\/comments?post=3702"}],"version-history":[{"count":1,"href":"https:\/\/lasentinelle.dz\/index.php\/wp-json\/wp\/v2\/posts\/3702\/revisions"}],"predecessor-version":[{"id":3717,"href":"https:\/\/lasentinelle.dz\/index.php\/wp-json\/wp\/v2\/posts\/3702\/revisions\/3717"}],"wp:featuredmedia":[{"embeddable":true,"href":"https:\/\/lasentinelle.dz\/index.php\/wp-json\/wp\/v2\/media\/3709"}],"wp:attachment":[{"href":"https:\/\/lasentinelle.dz\/index.php\/wp-json\/wp\/v2\/media?parent=3702"}],"wp:term":[{"taxonomy":"category","embeddable":true,"href":"https:\/\/lasentinelle.dz\/index.php\/wp-json\/wp\/v2\/categories?post=3702"},{"taxonomy":"post_tag","embeddable":true,"href":"https:\/\/lasentinelle.dz\/index.php\/wp-json\/wp\/v2\/tags?post=3702"}],"curies":[{"name":"wp","href":"https:\/\/api.w.org\/{rel}","templated":true}]}}