{"id":37091,"date":"2023-02-28T22:17:00","date_gmt":"2023-02-28T21:17:00","guid":{"rendered":"https:\/\/lasentinelle.dz\/?p=37091"},"modified":"2023-02-28T21:14:24","modified_gmt":"2023-02-28T20:14:24","slug":"abdelmadjid-tebboune-aux-assises-nationales-de-lagriculture-lalgerie-est-sur-le-point-datteindre-lautosuffisance","status":"publish","type":"post","link":"https:\/\/lasentinelle.dz\/index.php\/2023\/02\/28\/abdelmadjid-tebboune-aux-assises-nationales-de-lagriculture-lalgerie-est-sur-le-point-datteindre-lautosuffisance\/","title":{"rendered":"Abdelmadjid Tebboune aux assises nationales de l&rsquo;agriculture\u00a0: \u00ab\u00a0L&rsquo;Alg\u00e9rie est sur le point d&rsquo;atteindre l&rsquo;autosuffisance\u00a0\u00bb"},"content":{"rendered":"\n<p>L&rsquo;Alg\u00e9rie n&rsquo;est pas loin d&rsquo;atteindre son \u00ab\u00a0autosuffisance alimentaire\u00a0\u00bb. C&rsquo;est ce qu&rsquo;a affirm\u00e9, hier, le pr\u00e9sident de la R\u00e9publique, Abdelmadjid Tebboune, qui a d&rsquo;ailleurs tenu \u00e0 mettre en avant le fait que le secteur de l&rsquo;agriculture, avec une valeur de production de 4.550 milliards de dinars, a contribu\u00e9 \u00e0 hauteur de 14,7% dans le PIB. A l&rsquo;horizon 2024-2025, l&rsquo;Alg\u00e9rie pourra atteindre son autosuffisance alimentaire, a-t-il encore lanc\u00e9, pour peu que les mesures prises dans ce sens soient mises en application.<\/p>\n\n\n\n<p>L&rsquo;Alg\u00e9rie a r\u00e9alis\u00e9 de bonnes performances dans le secteur agricole ces derni\u00e8res ann\u00e9es. Intervenant, hier, en ouverture des assises nationales de l&rsquo;agriculture, qui se sont tenues au palais des nations, sous le th\u00e8me \u00a0\u00bbAgriculture: s\u00e9curit\u00e9 alimentaire durable\u00a0\u00bb, le pr\u00e9sident de la R\u00e9publique, Abdelmadjid Tebboune, a mis en avant ces \u00ab\u00a0r\u00e9sultats positifs r\u00e9alis\u00e9s ces derni\u00e8res ann\u00e9es dans le secteur de l&rsquo;agriculture\u00a0\u00bb, qui contribue, a-t-il dit, \u00ab\u00a0\u00e0 hauteur de 14,7% dans le PIB (produit int\u00e9rieur brut)\u00a0\u00bb. Il a indiqu\u00e9, \u00e0 cet effet, que durant l&rsquo;ann\u00e9e 2022, la valeur de la production agricole nationale \u00e9tait de 4.550 milliards de dollars, en hausse de 38% par rapport \u00e0 2021. Ce qui a fait que la couverture des besoins nationaux a atteint un taux de 75%. Ceci, sachant que le secteur emploie, a-t-il encore ajout\u00e9, pr\u00e8s de 2,7 millions de personnes. Des r\u00e9sultats qui font que le pays est sur le point d&rsquo;atteindre l&rsquo;autosuffisance, m\u00eame si, comme l&rsquo;a signal\u00e9 le chef de l&rsquo;Etat, il n&rsquo;est pas possible \u00ab\u00a0d&rsquo;\u00eatre autosuffisant dans tous les produits\u00a0\u00bb. \u00ab\u00a0Nous ne sommes pas loin de notre autosuffisance alimentaire\u00a0\u00bb, a ainsi d\u00e9clar\u00e9 Abdelmadjid Tebboune, pour qui, il ne reste que \u00ab\u00a0quelques pas\u00a0\u00bb, pour arriver, \u00ab\u00a0\u00e0 l&rsquo;horizon 2024-2025\u00a0\u00bb, \u00e0 l&rsquo;autosuffisance. \u00ab\u00a0J&rsquo;ai le sentiment que nous ne sommes pas tr\u00e8s loin d&rsquo;atteindre notre autosuffisance alimentaire. Il ne reste que quelques \u00e9tapes et nous y parviendrons\u00a0\u00bb, a-t-il d\u00e9clar\u00e9.<\/p>\n\n\n\n<p><strong>Une question de souverainet\u00e9<\/strong><\/p>\n\n\n\n<p>Par ailleurs, celui-ci a indiqu\u00e9 que le secteur pourrait contribuer \u00e0 diversifier les recettes du pays. \u00ab\u00a0Nous comptons sur le secteur agricole pour sortir de la d\u00e9pendance aux hydrocarbures\u00a0\u00bb, a-t-il encore ajout\u00e9, priant les agriculteurs et les responsables du secteur de consentir plus d&rsquo;efforts, \u00ab\u00a0pas parce que c&rsquo;est une obligation mais par conviction\u00a0\u00bb, a-t-il pr\u00e9cis\u00e9, pour atteindre cet objectif. Les enjeux sont importants. Au-del\u00e0 de l&rsquo;autosuffisance, il est question de la souverainet\u00e9 de la d\u00e9cision. Le d\u00e9fi de la s\u00e9curit\u00e9 alimentaire est donc \u00ab\u00a0en t\u00eate des priorit\u00e9s\u00a0\u00bb et \u00ab\u00a0une soupape de s\u00e9curit\u00e9 \u00e0 laquelle les gouvernements demeurent attach\u00e9s\u00a0\u00bb. Abdelmadjid Tebboune a, dans ce sens, cit\u00e9 ce qui se passe dans \u00ab\u00a0certains pays europ\u00e9ens producteurs\u00a0\u00bb, avec les p\u00e9nuries qui touchent certains produits alimentaires auxquels ils font face ces derniers temps. Pour lui, si un pays veut garder sa souverainet\u00e9 de d\u00e9cision, \u00ab\u00a0il doit garantir son alimentation\u00a0\u00bb. Le pr\u00e9sident de la R\u00e9publique a, \u00e0 cet effet, insist\u00e9 sur quelques aspects susceptibles de contribuer \u00e0 faire avancer encore plus les choses dans le secteur. Ainsi, en plus du probl\u00e8me du foncier agricole \u00ab\u00a0qui doit \u00eatre d\u00e9finitivement r\u00e9gl\u00e9\u00a0\u00bb, il a \u00e9voqu\u00e9 la n\u00e9cessit\u00e9 d&rsquo;avoir des \u00ab\u00a0chiffres exactes\u00a0\u00bb, notamment par rapport \u00e0 \u00ab\u00a0la production c\u00e9r\u00e9ali\u00e8re\u00a0\u00bb. Il a tenu, dans le m\u00eame ordre, \u00e0 rassurer les agriculteurs pour ce qui est des recensements, qui ne vont pas conduire, a-t-il pr\u00e9cis\u00e9, \u00ab\u00a0\u00e0 plus de d&rsquo;imp\u00f4ts\u00a0\u00bb, mais \u00e0 aider \u00ab\u00a0\u00e0 mettre en place des strat\u00e9gies\u00a0\u00bb. Il a rappel\u00e9, par cons\u00e9quent, \u00ab\u00a0l&rsquo;imp\u00e9rative num\u00e9risation du secteur agricole pour d\u00e9finir avec exactitude les chiffres de la production et exploiter les terres agricoles\u00a0\u00bb. La num\u00e9risation va permettre d&rsquo;avoir des chiffres plus pr\u00e9cis. Abdelmadjid Tebboune a fait r\u00e9f\u00e9rence par exemple au chiffre avanc\u00e9 de 29 millions de t\u00eates de cheptel ovin, alors qu&rsquo;il est concr\u00e8tement de 19 millions de t\u00eates. Tout cela, en plus de l&rsquo;exploitation de la ressource humaine, en invitant les jeunes \u00e0 s&rsquo;orienter vers l&rsquo;agriculture, dans le cadre des soci\u00e9t\u00e9s innovantes.<\/p>\n\n\n\n<p><strong>De bonnes performances<\/strong><\/p>\n\n\n\n<p>Soulignant par ailleurs que le pays a r\u00e9alis\u00e9 de tr\u00e8s bonnes performances dans certaines fili\u00e8res du secteur agricole, comme c&rsquo;est le cas pour les fruits et l\u00e9gumes, en citant la production de la pomme de terre par exemple, \u00ab\u00a0qui a fait que les prix soient de plus en plus stables\u00a0\u00bb, le chef de l&rsquo;Etat a mis en exergue la n\u00e9cessit\u00e9 de d\u00e9velopper la culture c\u00e9r\u00e9ali\u00e8re, notamment dans le Sud du pays. Il a rappel\u00e9 que l&rsquo;Alg\u00e9rie produit pr\u00e8s de la moiti\u00e9 des 9 millions de tonnes consomm\u00e9s annuellement et qu&rsquo;il est possible de couvrir le manque \u00e0 produire. \u00ab\u00a0A moins de 60-70 quintaux\/hectare dans le Sud ce n&rsquo;est pas vraiment rentable, mais il est possible d&rsquo;atteindre cet objectif\u00a0\u00bb, a-t-il pr\u00e9cis\u00e9. A noter, par ailleurs, que le ministre de l&rsquo;Agriculture et du D\u00e9veloppement rural, Mohamed Abdelhafid Henni, a rappel\u00e9, lors de son intervention, toutes les d\u00e9cisions prises par le Pr\u00e9sident pour impulser une dynamique dans le secteur. Il a cit\u00e9, \u00e0 cet effet, entre autres, celles en lien avec le foncier agricole, le cadre l\u00e9gislatif, le raccordement des exploitations agricoles \u00e0 l&rsquo;\u00e9lectricit\u00e9 ou encore l&rsquo;augmentation du prix d&rsquo;achat des c\u00e9r\u00e9ales aupr\u00e8s des agriculteurs. Ces assises de l&rsquo;agriculture, auxquelles ont assist\u00e9 de hauts responsables de l&rsquo;Etat, des membres du gouvernement ainsi que des repr\u00e9sentants du secteur, ont \u00e9t\u00e9 organis\u00e9 \u00e0 l&rsquo;effet de \u00ab\u00a0mettre en valeur les principales r\u00e9alisations du secteur au cours des derni\u00e8res ann\u00e9es, renforcer les acquis enregistr\u00e9s dans les diff\u00e9rentes fili\u00e8res agricoles et poursuivre les mesures visant \u00e0 assurer une s\u00e9curit\u00e9 alimentaire durable\u00a0\u00bb. Le pr\u00e9sident de la R\u00e9publique avait profit\u00e9 de l&rsquo;occasion pour honorer des exploitants agricoles, \u00ab\u00a0en reconnaissance de leurs efforts pour la promotion du secteur agricole et l&rsquo;am\u00e9lioration de son rendement en vue de r\u00e9aliser la s\u00e9curit\u00e9 alimentaire\u00a0\u00bb.<\/p>\n\n\n\n<p><strong>Elyas Nour<\/strong><\/p>\n\n\n\n<p><\/p>\n\n\n\n<p><\/p>\n\n\n\n<p><strong>Ils ont dit&nbsp;:<\/strong><\/p>\n\n\n\n<p><strong>Rezig&nbsp;: 70.000 t de fruits et l\u00e9gumes export\u00e9s<\/strong><\/p>\n\n\n\n<p>Le ministre du Commerce et de la Promotion des exportations, Kamel Rezig, a indiqu\u00e9 hier lors de son intervention aux Assises nationale de l&rsquo;agricultureque pr\u00e8s de 70.000 tonnes de fruits et l\u00e9gumes ont \u00e9t\u00e9 export\u00e9s pour plus de 63 millions de dollars durant les 11 premiers mois de 2022.L&rsquo;Alg\u00e9rie a export\u00e9 83.200 tonnes usd de fruits et l\u00e9gumes en 2021 pour 82,4 millions de dollars, contre 78.500 tonnes (75,4 millions usd) en 2020.Selon le ministre, l&rsquo;Alg\u00e9rie a mis en place une strat\u00e9gie pour la commercialisation de ces produits via l&rsquo;\u00e9laboration d&rsquo;un programme devant am\u00e9liorer et activer les r\u00e9seaux de commercialisation en appuyant la commercialisation des fruits et l\u00e9gumes \u00e0 travers les march\u00e9s de gros et de d\u00e9tail, faisant \u00e9tat de la r\u00e9alisation de 7 nouveaux march\u00e9s par l&rsquo;entreprise publique \u00e9conomique (EPE) \u00ab\u00a0MAGRO\u00a0\u00bb, r\u00e9ceptionn\u00e9s ces 3 derni\u00e8res ann\u00e9es \u00e0 travers les quatre coins du pays.<\/p>\n\n\n\n<p><strong>Arkab&nbsp;: La production d&rsquo;engrais couvre l&rsquo;int\u00e9gralit\u00e9 de la demande<\/strong><\/p>\n\n\n\n<p>Le ministre de l&rsquo;Energie et des Mines, Mohamed Arkab a affirm\u00e9, hierlors des Assises nationales de l&rsquo;agriculture, que la production nationale d&rsquo;engrais avait connu un bond qualitatif ces derni\u00e8res ann\u00e9es lui permettant de couvrir d\u00e9sormais l&rsquo;int\u00e9gralit\u00e9 de la demande locale. \u00ab&nbsp;L&rsquo;int\u00e9gralit\u00e9 de la demande int\u00e9rieure d&rsquo;engrais a \u00e9t\u00e9 couverte gr\u00e2ce \u00e0 la production nationale qu&rsquo;assurent le Groupe Sonatrach et ses partenaires, renfor\u00e7ant le march\u00e9 national avec plus de 300.000 tonnes d&rsquo;ur\u00e9e&nbsp;\u00bb, a-t-il dit.Le ministre a, dans le m\u00eame contexte, soulign\u00e9 la signature de 116 contrats d&rsquo;approvisionnement en engrais avec le Groupe ASMIDAL et des op\u00e9rateurs priv\u00e9s, en vue d&rsquo;assurer son approvisionnement \u00e0 travers l&rsquo;ensemble du territoire national sans recourir \u00e0 l&rsquo;importation.Il a \u00e9galement mis en avant les m\u00e9canismes adopt\u00e9s pour assurer la stabilit\u00e9 des prix sur le march\u00e9 national, qui \u00ab\u00a0ont permis de prot\u00e9ger l&rsquo;agriculteur alg\u00e9rien des fluctuations des prix internationaux d&rsquo;engrais qui n&rsquo;ont eu de cesse d&rsquo;augmenter et ont atteint des niveaux tr\u00e8s \u00e9lev\u00e9s\u00a0\u00bb.Le ministre a rappel\u00e9, dans ce contexte, l&rsquo;importance du projet du complexe de phosphate \u00e0 l&rsquo;est du pays devant alimenter le march\u00e9 int\u00e9rieur en mati\u00e8re premi\u00e8re pour la production des engrais compos\u00e9s et exporter la surproduction pour augmenter le volume des exportations du pays hors hydrocarbures.<\/p>\n\n\n\n<p><strong>Zeghdar&nbsp;: 31.000 entreprises agroalimentaires<\/strong><\/p>\n\n\n\n<p>Le ministre de l&rsquo;Industrie, Ahmed Zaghdar, a affirm\u00e9, hier lors d\u2019un allocution aux Assises nationales de l&rsquo;agriculture, que le nombre d&rsquo;entreprises activant dans la fili\u00e8re des industries alimentaires a atteint actuellement plus de 31.000 entreprises employant pr\u00e8s de 170.000 travailleurs.Zaghdar a fait savoir que \u00ab\u00a0l&rsquo;activit\u00e9 de ces entreprises a permis de relever la contribution des industries alimentaires dans le PIB industriel \u00e0 pr\u00e8s de 50%\u00a0\u00bb.En d\u00e9pit de ces progr\u00e8s, le secteur \u00ab\u00a0continue de recourir \u00e0 l&rsquo;importation pour satisfaire la demande locale croissante\u00a0\u00bb, d&rsquo;o\u00f9 l&rsquo;imp\u00e9ratif d&rsquo;accorder la priorit\u00e9 aux industries alimentaires, a soulign\u00e9 le ministre.Pour ce faire, le minist\u00e8re de l&rsquo;Industrie a fix\u00e9 trois principaux d\u00e9fis \u00e0 relever, \u00e0 savoir l&rsquo;adaptation technologique des entreprises et leur ouverture sur l&rsquo;innovation pour r\u00e9aliser la qualit\u00e9 et la capacit\u00e9 concurrentielle, la cr\u00e9ation d&rsquo;un cadre de dialogue intersectoriel permettant \u00e0 toutes les forces actives d&rsquo;exprimer leurs pr\u00e9occupations, de prendre les mesures n\u00e9cessaires de mani\u00e8re participative et de valoriser les mati\u00e8res premi\u00e8res nationales et leur fabrication afin d&rsquo;encourager le recours \u00e0 la production locale.<\/p>\n\n\n\n<p>R.N.<\/p>\n","protected":false},"excerpt":{"rendered":"<p>L&rsquo;Alg\u00e9rie n&rsquo;est pas loin d&rsquo;atteindre son \u00ab\u00a0autosuffisance alimentaire\u00a0\u00bb. C&rsquo;est ce qu&rsquo;a affirm\u00e9, hier, le pr\u00e9sident de la R\u00e9publique, Abdelmadjid Tebboune,<\/p>\n","protected":false},"author":3,"featured_media":37092,"comment_status":"open","ping_status":"closed","sticky":false,"template":"","format":"standard","meta":{"colormag_page_container_layout":"default_layout","colormag_page_sidebar_layout":"default_layout","om_disable_all_campaigns":false,"_monsterinsights_skip_tracking":false,"_monsterinsights_sitenote_active":false,"_monsterinsights_sitenote_note":"","_monsterinsights_sitenote_category":0,"footnotes":"","_wpscppro_dont_share_socialmedia":false,"_wpscppro_custom_social_share_image":0,"_facebook_share_type":"","_twitter_share_type":"","_linkedin_share_type":"","_pinterest_share_type":"","_linkedin_share_type_page":"","_instagram_share_type":"","_medium_share_type":"","_threads_share_type":"","_google_business_share_type":"","_selected_social_profile":[],"_wpsp_enable_custom_social_template":false,"_wpsp_social_scheduling":{"enabled":false,"datetime":null,"platforms":[],"status":"template_only","dateOption":"today","timeOption":"now","customDays":"","customHours":"","customDate":"","customTime":"","schedulingType":"absolute"},"_wpsp_active_default_template":true},"categories":[52,27],"tags":[],"class_list":["post-37091","post","type-post","status-publish","format-standard","has-post-thumbnail","hentry","category-a-la-une","category-actualite"],"aioseo_notices":[],"yoast_head":"<!-- This site is optimized with the Yoast SEO plugin v27.5 - https:\/\/yoast.com\/product\/yoast-seo-wordpress\/ -->\n<title>Abdelmadjid Tebboune aux assises nationales de l&rsquo;agriculture\u00a0: \u00ab\u00a0L&rsquo;Alg\u00e9rie est sur le point d&rsquo;atteindre l&rsquo;autosuffisance\u00a0\u00bb - La Sentinelle<\/title>\n<meta name=\"robots\" content=\"index, follow, max-snippet:-1, max-image-preview:large, max-video-preview:-1\" \/>\n<link rel=\"canonical\" href=\"https:\/\/lasentinelle.dz\/index.php\/2023\/02\/28\/abdelmadjid-tebboune-aux-assises-nationales-de-lagriculture-lalgerie-est-sur-le-point-datteindre-lautosuffisance\/\" \/>\n<meta property=\"og:locale\" content=\"fr_FR\" \/>\n<meta property=\"og:type\" content=\"article\" \/>\n<meta property=\"og:title\" content=\"Abdelmadjid Tebboune aux assises nationales de l&rsquo;agriculture\u00a0: \u00ab\u00a0L&rsquo;Alg\u00e9rie est sur le point d&rsquo;atteindre l&rsquo;autosuffisance\u00a0\u00bb - La Sentinelle\" \/>\n<meta property=\"og:description\" content=\"L&rsquo;Alg\u00e9rie n&rsquo;est pas loin d&rsquo;atteindre son \u00ab\u00a0autosuffisance alimentaire\u00a0\u00bb. C&rsquo;est ce qu&rsquo;a affirm\u00e9, hier, le pr\u00e9sident de la R\u00e9publique, Abdelmadjid Tebboune,\" \/>\n<meta property=\"og:url\" content=\"https:\/\/lasentinelle.dz\/index.php\/2023\/02\/28\/abdelmadjid-tebboune-aux-assises-nationales-de-lagriculture-lalgerie-est-sur-le-point-datteindre-lautosuffisance\/\" \/>\n<meta property=\"og:site_name\" content=\"La Sentinelle\" \/>\n<meta property=\"article:publisher\" content=\"https:\/\/www.facebook.com\/La-Sentinelle-104059864394773\" \/>\n<meta property=\"article:published_time\" content=\"2023-02-28T21:17:00+00:00\" \/>\n<meta property=\"og:image\" content=\"https:\/\/lasentinelle.dz\/wp-content\/uploads\/2023\/02\/cerealiculture-1024x680.png\" \/>\n\t<meta property=\"og:image:width\" content=\"1024\" \/>\n\t<meta property=\"og:image:height\" content=\"680\" \/>\n\t<meta property=\"og:image:type\" content=\"image\/png\" \/>\n<meta name=\"author\" content=\"La Sentinelle\" \/>\n<meta name=\"twitter:card\" content=\"summary_large_image\" \/>\n<meta name=\"twitter:label1\" content=\"\u00c9crit par\" \/>\n\t<meta name=\"twitter:data1\" content=\"La Sentinelle\" \/>\n\t<meta name=\"twitter:label2\" content=\"Dur\u00e9e de lecture estim\u00e9e\" \/>\n\t<meta name=\"twitter:data2\" content=\"8 minutes\" \/>\n<script type=\"application\/ld+json\" class=\"yoast-schema-graph\">{\"@context\":\"https:\\\/\\\/schema.org\",\"@graph\":[{\"@type\":\"Article\",\"@id\":\"https:\\\/\\\/lasentinelle.dz\\\/index.php\\\/2023\\\/02\\\/28\\\/abdelmadjid-tebboune-aux-assises-nationales-de-lagriculture-lalgerie-est-sur-le-point-datteindre-lautosuffisance\\\/#article\",\"isPartOf\":{\"@id\":\"https:\\\/\\\/lasentinelle.dz\\\/index.php\\\/2023\\\/02\\\/28\\\/abdelmadjid-tebboune-aux-assises-nationales-de-lagriculture-lalgerie-est-sur-le-point-datteindre-lautosuffisance\\\/\"},\"author\":{\"name\":\"La Sentinelle\",\"@id\":\"https:\\\/\\\/lasentinelle.dz\\\/#\\\/schema\\\/person\\\/d865044e22e70a75174ce8bcad3acfb3\"},\"headline\":\"Abdelmadjid Tebboune aux assises nationales de l&rsquo;agriculture\u00a0: \u00ab\u00a0L&rsquo;Alg\u00e9rie est sur le point d&rsquo;atteindre l&rsquo;autosuffisance\u00a0\u00bb\",\"datePublished\":\"2023-02-28T21:17:00+00:00\",\"mainEntityOfPage\":{\"@id\":\"https:\\\/\\\/lasentinelle.dz\\\/index.php\\\/2023\\\/02\\\/28\\\/abdelmadjid-tebboune-aux-assises-nationales-de-lagriculture-lalgerie-est-sur-le-point-datteindre-lautosuffisance\\\/\"},\"wordCount\":1677,\"commentCount\":0,\"publisher\":{\"@id\":\"https:\\\/\\\/lasentinelle.dz\\\/#organization\"},\"image\":{\"@id\":\"https:\\\/\\\/lasentinelle.dz\\\/index.php\\\/2023\\\/02\\\/28\\\/abdelmadjid-tebboune-aux-assises-nationales-de-lagriculture-lalgerie-est-sur-le-point-datteindre-lautosuffisance\\\/#primaryimage\"},\"thumbnailUrl\":\"https:\\\/\\\/lasentinelle.dz\\\/wp-content\\\/uploads\\\/2023\\\/02\\\/cerealiculture.png\",\"articleSection\":[\"\u00c0 la Une\",\"Actualit\u00e9\"],\"inLanguage\":\"fr-FR\",\"potentialAction\":[{\"@type\":\"CommentAction\",\"name\":\"Comment\",\"target\":[\"https:\\\/\\\/lasentinelle.dz\\\/index.php\\\/2023\\\/02\\\/28\\\/abdelmadjid-tebboune-aux-assises-nationales-de-lagriculture-lalgerie-est-sur-le-point-datteindre-lautosuffisance\\\/#respond\"]}]},{\"@type\":\"WebPage\",\"@id\":\"https:\\\/\\\/lasentinelle.dz\\\/index.php\\\/2023\\\/02\\\/28\\\/abdelmadjid-tebboune-aux-assises-nationales-de-lagriculture-lalgerie-est-sur-le-point-datteindre-lautosuffisance\\\/\",\"url\":\"https:\\\/\\\/lasentinelle.dz\\\/index.php\\\/2023\\\/02\\\/28\\\/abdelmadjid-tebboune-aux-assises-nationales-de-lagriculture-lalgerie-est-sur-le-point-datteindre-lautosuffisance\\\/\",\"name\":\"Abdelmadjid Tebboune aux assises nationales de l&rsquo;agriculture\u00a0: \u00ab\u00a0L&rsquo;Alg\u00e9rie est sur le point d&rsquo;atteindre l&rsquo;autosuffisance\u00a0\u00bb - La Sentinelle\",\"isPartOf\":{\"@id\":\"https:\\\/\\\/lasentinelle.dz\\\/#website\"},\"primaryImageOfPage\":{\"@id\":\"https:\\\/\\\/lasentinelle.dz\\\/index.php\\\/2023\\\/02\\\/28\\\/abdelmadjid-tebboune-aux-assises-nationales-de-lagriculture-lalgerie-est-sur-le-point-datteindre-lautosuffisance\\\/#primaryimage\"},\"image\":{\"@id\":\"https:\\\/\\\/lasentinelle.dz\\\/index.php\\\/2023\\\/02\\\/28\\\/abdelmadjid-tebboune-aux-assises-nationales-de-lagriculture-lalgerie-est-sur-le-point-datteindre-lautosuffisance\\\/#primaryimage\"},\"thumbnailUrl\":\"https:\\\/\\\/lasentinelle.dz\\\/wp-content\\\/uploads\\\/2023\\\/02\\\/cerealiculture.png\",\"datePublished\":\"2023-02-28T21:17:00+00:00\",\"breadcrumb\":{\"@id\":\"https:\\\/\\\/lasentinelle.dz\\\/index.php\\\/2023\\\/02\\\/28\\\/abdelmadjid-tebboune-aux-assises-nationales-de-lagriculture-lalgerie-est-sur-le-point-datteindre-lautosuffisance\\\/#breadcrumb\"},\"inLanguage\":\"fr-FR\",\"potentialAction\":[{\"@type\":\"ReadAction\",\"target\":[\"https:\\\/\\\/lasentinelle.dz\\\/index.php\\\/2023\\\/02\\\/28\\\/abdelmadjid-tebboune-aux-assises-nationales-de-lagriculture-lalgerie-est-sur-le-point-datteindre-lautosuffisance\\\/\"]}]},{\"@type\":\"ImageObject\",\"inLanguage\":\"fr-FR\",\"@id\":\"https:\\\/\\\/lasentinelle.dz\\\/index.php\\\/2023\\\/02\\\/28\\\/abdelmadjid-tebboune-aux-assises-nationales-de-lagriculture-lalgerie-est-sur-le-point-datteindre-lautosuffisance\\\/#primaryimage\",\"url\":\"https:\\\/\\\/lasentinelle.dz\\\/wp-content\\\/uploads\\\/2023\\\/02\\\/cerealiculture.png\",\"contentUrl\":\"https:\\\/\\\/lasentinelle.dz\\\/wp-content\\\/uploads\\\/2023\\\/02\\\/cerealiculture.png\",\"width\":1355,\"height\":900},{\"@type\":\"BreadcrumbList\",\"@id\":\"https:\\\/\\\/lasentinelle.dz\\\/index.php\\\/2023\\\/02\\\/28\\\/abdelmadjid-tebboune-aux-assises-nationales-de-lagriculture-lalgerie-est-sur-le-point-datteindre-lautosuffisance\\\/#breadcrumb\",\"itemListElement\":[{\"@type\":\"ListItem\",\"position\":1,\"name\":\"Accueil\",\"item\":\"https:\\\/\\\/lasentinelle.dz\\\/\"},{\"@type\":\"ListItem\",\"position\":2,\"name\":\"Abdelmadjid Tebboune aux assises nationales de l&rsquo;agriculture\u00a0: \u00ab\u00a0L&rsquo;Alg\u00e9rie est sur le point d&rsquo;atteindre l&rsquo;autosuffisance\u00a0\u00bb\"}]},{\"@type\":\"WebSite\",\"@id\":\"https:\\\/\\\/lasentinelle.dz\\\/#website\",\"url\":\"https:\\\/\\\/lasentinelle.dz\\\/\",\"name\":\"La Sentinelle\",\"description\":\"Quotidien national d&#039;information\",\"publisher\":{\"@id\":\"https:\\\/\\\/lasentinelle.dz\\\/#organization\"},\"potentialAction\":[{\"@type\":\"SearchAction\",\"target\":{\"@type\":\"EntryPoint\",\"urlTemplate\":\"https:\\\/\\\/lasentinelle.dz\\\/?s={search_term_string}\"},\"query-input\":{\"@type\":\"PropertyValueSpecification\",\"valueRequired\":true,\"valueName\":\"search_term_string\"}}],\"inLanguage\":\"fr-FR\"},{\"@type\":\"Organization\",\"@id\":\"https:\\\/\\\/lasentinelle.dz\\\/#organization\",\"name\":\"Quotidien La Sentinelle\",\"url\":\"https:\\\/\\\/lasentinelle.dz\\\/\",\"logo\":{\"@type\":\"ImageObject\",\"inLanguage\":\"fr-FR\",\"@id\":\"https:\\\/\\\/lasentinelle.dz\\\/#\\\/schema\\\/logo\\\/image\\\/\",\"url\":\"https:\\\/\\\/lasentinelle.dz\\\/wp-content\\\/uploads\\\/2021\\\/09\\\/logo-sentinelleSLOGAN-1.png\",\"contentUrl\":\"https:\\\/\\\/lasentinelle.dz\\\/wp-content\\\/uploads\\\/2021\\\/09\\\/logo-sentinelleSLOGAN-1.png\",\"width\":615,\"height\":142,\"caption\":\"Quotidien La Sentinelle\"},\"image\":{\"@id\":\"https:\\\/\\\/lasentinelle.dz\\\/#\\\/schema\\\/logo\\\/image\\\/\"},\"sameAs\":[\"https:\\\/\\\/www.facebook.com\\\/La-Sentinelle-104059864394773\"]},{\"@type\":\"Person\",\"@id\":\"https:\\\/\\\/lasentinelle.dz\\\/#\\\/schema\\\/person\\\/d865044e22e70a75174ce8bcad3acfb3\",\"name\":\"La Sentinelle\",\"image\":{\"@type\":\"ImageObject\",\"inLanguage\":\"fr-FR\",\"@id\":\"https:\\\/\\\/secure.gravatar.com\\\/avatar\\\/57de8e5d4b15d43fb361a71fbb36338450fe67865b528a43dd10ef7c51a20392?s=96&d=mm&r=g\",\"url\":\"https:\\\/\\\/secure.gravatar.com\\\/avatar\\\/57de8e5d4b15d43fb361a71fbb36338450fe67865b528a43dd10ef7c51a20392?s=96&d=mm&r=g\",\"contentUrl\":\"https:\\\/\\\/secure.gravatar.com\\\/avatar\\\/57de8e5d4b15d43fb361a71fbb36338450fe67865b528a43dd10ef7c51a20392?s=96&d=mm&r=g\",\"caption\":\"La Sentinelle\"},\"sameAs\":[\"http:\\\/\\\/www.lasentinelle.dz\"],\"url\":\"https:\\\/\\\/lasentinelle.dz\\\/author\\\/redaction\\\/\"}]}<\/script>\n<!-- \/ Yoast SEO plugin. -->","yoast_head_json":{"title":"Abdelmadjid Tebboune aux assises nationales de l&rsquo;agriculture\u00a0: \u00ab\u00a0L&rsquo;Alg\u00e9rie est sur le point d&rsquo;atteindre l&rsquo;autosuffisance\u00a0\u00bb - La Sentinelle","robots":{"index":"index","follow":"follow","max-snippet":"max-snippet:-1","max-image-preview":"max-image-preview:large","max-video-preview":"max-video-preview:-1"},"canonical":"https:\/\/lasentinelle.dz\/index.php\/2023\/02\/28\/abdelmadjid-tebboune-aux-assises-nationales-de-lagriculture-lalgerie-est-sur-le-point-datteindre-lautosuffisance\/","og_locale":"fr_FR","og_type":"article","og_title":"Abdelmadjid Tebboune aux assises nationales de l&rsquo;agriculture\u00a0: \u00ab\u00a0L&rsquo;Alg\u00e9rie est sur le point d&rsquo;atteindre l&rsquo;autosuffisance\u00a0\u00bb - La Sentinelle","og_description":"L&rsquo;Alg\u00e9rie n&rsquo;est pas loin d&rsquo;atteindre son \u00ab\u00a0autosuffisance alimentaire\u00a0\u00bb. C&rsquo;est ce qu&rsquo;a affirm\u00e9, hier, le pr\u00e9sident de la R\u00e9publique, Abdelmadjid Tebboune,","og_url":"https:\/\/lasentinelle.dz\/index.php\/2023\/02\/28\/abdelmadjid-tebboune-aux-assises-nationales-de-lagriculture-lalgerie-est-sur-le-point-datteindre-lautosuffisance\/","og_site_name":"La Sentinelle","article_publisher":"https:\/\/www.facebook.com\/La-Sentinelle-104059864394773","article_published_time":"2023-02-28T21:17:00+00:00","og_image":[{"width":1024,"height":680,"url":"https:\/\/lasentinelle.dz\/wp-content\/uploads\/2023\/02\/cerealiculture-1024x680.png","type":"image\/png"}],"author":"La Sentinelle","twitter_card":"summary_large_image","twitter_misc":{"\u00c9crit par":"La Sentinelle","Dur\u00e9e de lecture estim\u00e9e":"8 minutes"},"schema":{"@context":"https:\/\/schema.org","@graph":[{"@type":"Article","@id":"https:\/\/lasentinelle.dz\/index.php\/2023\/02\/28\/abdelmadjid-tebboune-aux-assises-nationales-de-lagriculture-lalgerie-est-sur-le-point-datteindre-lautosuffisance\/#article","isPartOf":{"@id":"https:\/\/lasentinelle.dz\/index.php\/2023\/02\/28\/abdelmadjid-tebboune-aux-assises-nationales-de-lagriculture-lalgerie-est-sur-le-point-datteindre-lautosuffisance\/"},"author":{"name":"La Sentinelle","@id":"https:\/\/lasentinelle.dz\/#\/schema\/person\/d865044e22e70a75174ce8bcad3acfb3"},"headline":"Abdelmadjid Tebboune aux assises nationales de l&rsquo;agriculture\u00a0: \u00ab\u00a0L&rsquo;Alg\u00e9rie est sur le point d&rsquo;atteindre l&rsquo;autosuffisance\u00a0\u00bb","datePublished":"2023-02-28T21:17:00+00:00","mainEntityOfPage":{"@id":"https:\/\/lasentinelle.dz\/index.php\/2023\/02\/28\/abdelmadjid-tebboune-aux-assises-nationales-de-lagriculture-lalgerie-est-sur-le-point-datteindre-lautosuffisance\/"},"wordCount":1677,"commentCount":0,"publisher":{"@id":"https:\/\/lasentinelle.dz\/#organization"},"image":{"@id":"https:\/\/lasentinelle.dz\/index.php\/2023\/02\/28\/abdelmadjid-tebboune-aux-assises-nationales-de-lagriculture-lalgerie-est-sur-le-point-datteindre-lautosuffisance\/#primaryimage"},"thumbnailUrl":"https:\/\/lasentinelle.dz\/wp-content\/uploads\/2023\/02\/cerealiculture.png","articleSection":["\u00c0 la Une","Actualit\u00e9"],"inLanguage":"fr-FR","potentialAction":[{"@type":"CommentAction","name":"Comment","target":["https:\/\/lasentinelle.dz\/index.php\/2023\/02\/28\/abdelmadjid-tebboune-aux-assises-nationales-de-lagriculture-lalgerie-est-sur-le-point-datteindre-lautosuffisance\/#respond"]}]},{"@type":"WebPage","@id":"https:\/\/lasentinelle.dz\/index.php\/2023\/02\/28\/abdelmadjid-tebboune-aux-assises-nationales-de-lagriculture-lalgerie-est-sur-le-point-datteindre-lautosuffisance\/","url":"https:\/\/lasentinelle.dz\/index.php\/2023\/02\/28\/abdelmadjid-tebboune-aux-assises-nationales-de-lagriculture-lalgerie-est-sur-le-point-datteindre-lautosuffisance\/","name":"Abdelmadjid Tebboune aux assises nationales de l&rsquo;agriculture\u00a0: \u00ab\u00a0L&rsquo;Alg\u00e9rie est sur le point d&rsquo;atteindre l&rsquo;autosuffisance\u00a0\u00bb - La Sentinelle","isPartOf":{"@id":"https:\/\/lasentinelle.dz\/#website"},"primaryImageOfPage":{"@id":"https:\/\/lasentinelle.dz\/index.php\/2023\/02\/28\/abdelmadjid-tebboune-aux-assises-nationales-de-lagriculture-lalgerie-est-sur-le-point-datteindre-lautosuffisance\/#primaryimage"},"image":{"@id":"https:\/\/lasentinelle.dz\/index.php\/2023\/02\/28\/abdelmadjid-tebboune-aux-assises-nationales-de-lagriculture-lalgerie-est-sur-le-point-datteindre-lautosuffisance\/#primaryimage"},"thumbnailUrl":"https:\/\/lasentinelle.dz\/wp-content\/uploads\/2023\/02\/cerealiculture.png","datePublished":"2023-02-28T21:17:00+00:00","breadcrumb":{"@id":"https:\/\/lasentinelle.dz\/index.php\/2023\/02\/28\/abdelmadjid-tebboune-aux-assises-nationales-de-lagriculture-lalgerie-est-sur-le-point-datteindre-lautosuffisance\/#breadcrumb"},"inLanguage":"fr-FR","potentialAction":[{"@type":"ReadAction","target":["https:\/\/lasentinelle.dz\/index.php\/2023\/02\/28\/abdelmadjid-tebboune-aux-assises-nationales-de-lagriculture-lalgerie-est-sur-le-point-datteindre-lautosuffisance\/"]}]},{"@type":"ImageObject","inLanguage":"fr-FR","@id":"https:\/\/lasentinelle.dz\/index.php\/2023\/02\/28\/abdelmadjid-tebboune-aux-assises-nationales-de-lagriculture-lalgerie-est-sur-le-point-datteindre-lautosuffisance\/#primaryimage","url":"https:\/\/lasentinelle.dz\/wp-content\/uploads\/2023\/02\/cerealiculture.png","contentUrl":"https:\/\/lasentinelle.dz\/wp-content\/uploads\/2023\/02\/cerealiculture.png","width":1355,"height":900},{"@type":"BreadcrumbList","@id":"https:\/\/lasentinelle.dz\/index.php\/2023\/02\/28\/abdelmadjid-tebboune-aux-assises-nationales-de-lagriculture-lalgerie-est-sur-le-point-datteindre-lautosuffisance\/#breadcrumb","itemListElement":[{"@type":"ListItem","position":1,"name":"Accueil","item":"https:\/\/lasentinelle.dz\/"},{"@type":"ListItem","position":2,"name":"Abdelmadjid Tebboune aux assises nationales de l&rsquo;agriculture\u00a0: \u00ab\u00a0L&rsquo;Alg\u00e9rie est sur le point d&rsquo;atteindre l&rsquo;autosuffisance\u00a0\u00bb"}]},{"@type":"WebSite","@id":"https:\/\/lasentinelle.dz\/#website","url":"https:\/\/lasentinelle.dz\/","name":"La Sentinelle","description":"Quotidien national d&#039;information","publisher":{"@id":"https:\/\/lasentinelle.dz\/#organization"},"potentialAction":[{"@type":"SearchAction","target":{"@type":"EntryPoint","urlTemplate":"https:\/\/lasentinelle.dz\/?s={search_term_string}"},"query-input":{"@type":"PropertyValueSpecification","valueRequired":true,"valueName":"search_term_string"}}],"inLanguage":"fr-FR"},{"@type":"Organization","@id":"https:\/\/lasentinelle.dz\/#organization","name":"Quotidien La Sentinelle","url":"https:\/\/lasentinelle.dz\/","logo":{"@type":"ImageObject","inLanguage":"fr-FR","@id":"https:\/\/lasentinelle.dz\/#\/schema\/logo\/image\/","url":"https:\/\/lasentinelle.dz\/wp-content\/uploads\/2021\/09\/logo-sentinelleSLOGAN-1.png","contentUrl":"https:\/\/lasentinelle.dz\/wp-content\/uploads\/2021\/09\/logo-sentinelleSLOGAN-1.png","width":615,"height":142,"caption":"Quotidien La Sentinelle"},"image":{"@id":"https:\/\/lasentinelle.dz\/#\/schema\/logo\/image\/"},"sameAs":["https:\/\/www.facebook.com\/La-Sentinelle-104059864394773"]},{"@type":"Person","@id":"https:\/\/lasentinelle.dz\/#\/schema\/person\/d865044e22e70a75174ce8bcad3acfb3","name":"La Sentinelle","image":{"@type":"ImageObject","inLanguage":"fr-FR","@id":"https:\/\/secure.gravatar.com\/avatar\/57de8e5d4b15d43fb361a71fbb36338450fe67865b528a43dd10ef7c51a20392?s=96&d=mm&r=g","url":"https:\/\/secure.gravatar.com\/avatar\/57de8e5d4b15d43fb361a71fbb36338450fe67865b528a43dd10ef7c51a20392?s=96&d=mm&r=g","contentUrl":"https:\/\/secure.gravatar.com\/avatar\/57de8e5d4b15d43fb361a71fbb36338450fe67865b528a43dd10ef7c51a20392?s=96&d=mm&r=g","caption":"La Sentinelle"},"sameAs":["http:\/\/www.lasentinelle.dz"],"url":"https:\/\/lasentinelle.dz\/author\/redaction\/"}]}},"_links":{"self":[{"href":"https:\/\/lasentinelle.dz\/index.php\/wp-json\/wp\/v2\/posts\/37091","targetHints":{"allow":["GET"]}}],"collection":[{"href":"https:\/\/lasentinelle.dz\/index.php\/wp-json\/wp\/v2\/posts"}],"about":[{"href":"https:\/\/lasentinelle.dz\/index.php\/wp-json\/wp\/v2\/types\/post"}],"author":[{"embeddable":true,"href":"https:\/\/lasentinelle.dz\/index.php\/wp-json\/wp\/v2\/users\/3"}],"replies":[{"embeddable":true,"href":"https:\/\/lasentinelle.dz\/index.php\/wp-json\/wp\/v2\/comments?post=37091"}],"version-history":[{"count":1,"href":"https:\/\/lasentinelle.dz\/index.php\/wp-json\/wp\/v2\/posts\/37091\/revisions"}],"predecessor-version":[{"id":37095,"href":"https:\/\/lasentinelle.dz\/index.php\/wp-json\/wp\/v2\/posts\/37091\/revisions\/37095"}],"wp:featuredmedia":[{"embeddable":true,"href":"https:\/\/lasentinelle.dz\/index.php\/wp-json\/wp\/v2\/media\/37092"}],"wp:attachment":[{"href":"https:\/\/lasentinelle.dz\/index.php\/wp-json\/wp\/v2\/media?parent=37091"}],"wp:term":[{"taxonomy":"category","embeddable":true,"href":"https:\/\/lasentinelle.dz\/index.php\/wp-json\/wp\/v2\/categories?post=37091"},{"taxonomy":"post_tag","embeddable":true,"href":"https:\/\/lasentinelle.dz\/index.php\/wp-json\/wp\/v2\/tags?post=37091"}],"curies":[{"name":"wp","href":"https:\/\/api.w.org\/{rel}","templated":true}]}}