{"id":37098,"date":"2023-03-01T22:00:00","date_gmt":"2023-03-01T21:00:00","guid":{"rendered":"https:\/\/lasentinelle.dz\/?p=37098"},"modified":"2023-03-01T15:57:13","modified_gmt":"2023-03-01T14:57:13","slug":"rdc-des-dizaines-de-jeunes-manifestent-a-kinshasa-contre-la-venue-de-macron","status":"publish","type":"post","link":"https:\/\/lasentinelle.dz\/index.php\/2023\/03\/01\/rdc-des-dizaines-de-jeunes-manifestent-a-kinshasa-contre-la-venue-de-macron\/","title":{"rendered":"RDC\u00a0: Des dizaines de jeunes manifestent \u00e0 Kinshasa contre la venue de Macron"},"content":{"rendered":"\n<p>Brandissant des drapeaux russes, quelques dizaines de jeunes Congolais ont manifest\u00e9 hier \u00e0 Kinshasa contre la venue en RDC du pr\u00e9sident fran\u00e7ais Emmanuel Macron, en l&rsquo;accusant de soutenir le Rwanda aux d\u00e9pens de leur pays. La RDC sera la derni\u00e8re \u00e9tape d&rsquo;un voyage d&rsquo;Emmanuel Macron en Afrique centrale, qui le conduira aussi au Gabon pour un sommet sur la for\u00eat, en Angola et au Congo-Brazzaville. \u00abMacron assassin, Poutine au secours\u00bb, scandaient les jeunes manifestants, qui se sont rassembl\u00e9s devant l&rsquo;ambassade de France avec quelques banderoles et pancartes disant \u00abMacron parrain de la balkanisation de la RDC\u00bb, \u00ables Congolais disent non \u00e0 la politique de la France\u00bb ou encore \u00abMacron ind\u00e9sirable en RDC\u00bb. La R\u00e9publique d\u00e9mocratique du Congo (RDC), o\u00f9 le pr\u00e9sident fran\u00e7ais est attendu en fin de semaine, accuse son voisin le Rwanda de soutenir une r\u00e9bellion active dans l&rsquo;est &#8211; ce qui a \u00e9t\u00e9 corrobor\u00e9 par des experts de l&rsquo;ONU malgr\u00e9 les d\u00e9n\u00e9gations de Kigali &#8211; et attend de la communaut\u00e9 internationale une condamnation claire de cette \u00abagression\u00bb. \u00abNous sommes ici pour dire non \u00e0 l&rsquo;arriv\u00e9e d&rsquo;Emmanuel Macron car la France est complice de notre malheur\u00bb, a d\u00e9clar\u00e9 devant les journalistes Josue Bung, du mouvement citoyen \u00abSang-Lumumba\u00bb, arborant la coiffure, avec raie sur le c\u00f4t\u00e9, du h\u00e9ros de l&rsquo;ind\u00e9pendance congolaise Patrice Lumumba (1925-1961). Lundi, Emmanuel Macron a expos\u00e9 \u00e0 Paris sa strat\u00e9gie africaine pour les prochaines ann\u00e9es et, en r\u00e9ponse \u00e0 une question sur la RDC, affirm\u00e9 que la souverainet\u00e9 et l&rsquo;int\u00e9grit\u00e9 territoriale du pays \u00abne se discutent pas\u00bb. Mais \u00abil n&rsquo;a pas mentionn\u00e9 le Rwanda, qui est notre agresseur !\u00bb, lui ont reproch\u00e9 les manifestants. Les drapeaux russes signifient \u00abqu&rsquo;on n&rsquo;a plus besoin de la France, nous souhaitons collaborer avec des partenaires fiables, comme la Russie ou la Chine\u00bb, a lanc\u00e9 Bruno Mimbenga, un autre organisateur de la manifestation, au moment o\u00f9 la Russie concurrence de plus en plus la France dans sa sph\u00e8re d&rsquo;influence historique en Afrique.&nbsp;<\/p>\n\n\n\n<p>R.I.<\/p>\n","protected":false},"excerpt":{"rendered":"<p>Brandissant des drapeaux russes, quelques dizaines de jeunes Congolais ont manifest\u00e9 hier \u00e0 Kinshasa contre la venue en RDC du<\/p>\n","protected":false},"author":3,"featured_media":37107,"comment_status":"open","ping_status":"closed","sticky":false,"template":"","format":"standard","meta":{"colormag_page_container_layout":"default_layout","colormag_page_sidebar_layout":"default_layout","om_disable_all_campaigns":false,"_monsterinsights_skip_tracking":false,"_monsterinsights_sitenote_active":false,"_monsterinsights_sitenote_note":"","_monsterinsights_sitenote_category":0,"footnotes":"","_wpscppro_dont_share_socialmedia":false,"_wpscppro_custom_social_share_image":0,"_facebook_share_type":"","_twitter_share_type":"","_linkedin_share_type":"","_pinterest_share_type":"","_linkedin_share_type_page":"","_instagram_share_type":"","_medium_share_type":"","_threads_share_type":"","_google_business_share_type":"","_selected_social_profile":[],"_wpsp_enable_custom_social_template":false,"_wpsp_social_scheduling":{"enabled":false,"datetime":null,"platforms":[],"status":"template_only","dateOption":"today","timeOption":"now","customDays":"","customHours":"","customDate":"","customTime":"","schedulingType":"absolute"},"_wpsp_active_default_template":true},"categories":[37],"tags":[],"class_list":["post-37098","post","type-post","status-publish","format-standard","has-post-thumbnail","hentry","category-monde"],"aioseo_notices":[],"yoast_head":"<!-- This site is optimized with the Yoast SEO plugin v27.5 - https:\/\/yoast.com\/product\/yoast-seo-wordpress\/ -->\n<title>RDC\u00a0: Des dizaines de jeunes manifestent \u00e0 Kinshasa contre la venue de Macron - La Sentinelle<\/title>\n<meta name=\"robots\" content=\"index, follow, max-snippet:-1, max-image-preview:large, max-video-preview:-1\" \/>\n<link rel=\"canonical\" href=\"https:\/\/lasentinelle.dz\/index.php\/2023\/03\/01\/rdc-des-dizaines-de-jeunes-manifestent-a-kinshasa-contre-la-venue-de-macron\/\" \/>\n<meta property=\"og:locale\" content=\"fr_FR\" \/>\n<meta property=\"og:type\" content=\"article\" \/>\n<meta property=\"og:title\" content=\"RDC\u00a0: Des dizaines de jeunes manifestent \u00e0 Kinshasa contre la venue de Macron - La Sentinelle\" \/>\n<meta property=\"og:description\" content=\"Brandissant des drapeaux russes, quelques dizaines de jeunes Congolais ont manifest\u00e9 hier \u00e0 Kinshasa contre la venue en RDC du\" \/>\n<meta property=\"og:url\" content=\"https:\/\/lasentinelle.dz\/index.php\/2023\/03\/01\/rdc-des-dizaines-de-jeunes-manifestent-a-kinshasa-contre-la-venue-de-macron\/\" \/>\n<meta property=\"og:site_name\" content=\"La Sentinelle\" \/>\n<meta property=\"article:publisher\" content=\"https:\/\/www.facebook.com\/La-Sentinelle-104059864394773\" \/>\n<meta property=\"article:published_time\" content=\"2023-03-01T21:00:00+00:00\" \/>\n<meta property=\"og:image\" content=\"https:\/\/lasentinelle.dz\/wp-content\/uploads\/2023\/03\/image_2023-03-01_155700353.png\" \/>\n\t<meta property=\"og:image:width\" content=\"408\" \/>\n\t<meta property=\"og:image:height\" content=\"230\" \/>\n\t<meta property=\"og:image:type\" content=\"image\/png\" \/>\n<meta name=\"author\" content=\"La Sentinelle\" \/>\n<meta name=\"twitter:card\" content=\"summary_large_image\" \/>\n<meta name=\"twitter:label1\" content=\"\u00c9crit par\" \/>\n\t<meta name=\"twitter:data1\" content=\"La Sentinelle\" \/>\n\t<meta name=\"twitter:label2\" content=\"Dur\u00e9e de lecture estim\u00e9e\" \/>\n\t<meta name=\"twitter:data2\" content=\"2 minutes\" \/>\n<script type=\"application\/ld+json\" class=\"yoast-schema-graph\">{\"@context\":\"https:\\\/\\\/schema.org\",\"@graph\":[{\"@type\":\"Article\",\"@id\":\"https:\\\/\\\/lasentinelle.dz\\\/index.php\\\/2023\\\/03\\\/01\\\/rdc-des-dizaines-de-jeunes-manifestent-a-kinshasa-contre-la-venue-de-macron\\\/#article\",\"isPartOf\":{\"@id\":\"https:\\\/\\\/lasentinelle.dz\\\/index.php\\\/2023\\\/03\\\/01\\\/rdc-des-dizaines-de-jeunes-manifestent-a-kinshasa-contre-la-venue-de-macron\\\/\"},\"author\":{\"name\":\"La Sentinelle\",\"@id\":\"https:\\\/\\\/lasentinelle.dz\\\/#\\\/schema\\\/person\\\/d865044e22e70a75174ce8bcad3acfb3\"},\"headline\":\"RDC\u00a0: Des dizaines de jeunes manifestent \u00e0 Kinshasa contre la venue de Macron\",\"datePublished\":\"2023-03-01T21:00:00+00:00\",\"mainEntityOfPage\":{\"@id\":\"https:\\\/\\\/lasentinelle.dz\\\/index.php\\\/2023\\\/03\\\/01\\\/rdc-des-dizaines-de-jeunes-manifestent-a-kinshasa-contre-la-venue-de-macron\\\/\"},\"wordCount\":367,\"commentCount\":0,\"publisher\":{\"@id\":\"https:\\\/\\\/lasentinelle.dz\\\/#organization\"},\"image\":{\"@id\":\"https:\\\/\\\/lasentinelle.dz\\\/index.php\\\/2023\\\/03\\\/01\\\/rdc-des-dizaines-de-jeunes-manifestent-a-kinshasa-contre-la-venue-de-macron\\\/#primaryimage\"},\"thumbnailUrl\":\"https:\\\/\\\/lasentinelle.dz\\\/wp-content\\\/uploads\\\/2023\\\/03\\\/image_2023-03-01_155700353.png\",\"articleSection\":[\"Monde\"],\"inLanguage\":\"fr-FR\",\"potentialAction\":[{\"@type\":\"CommentAction\",\"name\":\"Comment\",\"target\":[\"https:\\\/\\\/lasentinelle.dz\\\/index.php\\\/2023\\\/03\\\/01\\\/rdc-des-dizaines-de-jeunes-manifestent-a-kinshasa-contre-la-venue-de-macron\\\/#respond\"]}]},{\"@type\":\"WebPage\",\"@id\":\"https:\\\/\\\/lasentinelle.dz\\\/index.php\\\/2023\\\/03\\\/01\\\/rdc-des-dizaines-de-jeunes-manifestent-a-kinshasa-contre-la-venue-de-macron\\\/\",\"url\":\"https:\\\/\\\/lasentinelle.dz\\\/index.php\\\/2023\\\/03\\\/01\\\/rdc-des-dizaines-de-jeunes-manifestent-a-kinshasa-contre-la-venue-de-macron\\\/\",\"name\":\"RDC\u00a0: Des dizaines de jeunes manifestent \u00e0 Kinshasa contre la venue de Macron - La Sentinelle\",\"isPartOf\":{\"@id\":\"https:\\\/\\\/lasentinelle.dz\\\/#website\"},\"primaryImageOfPage\":{\"@id\":\"https:\\\/\\\/lasentinelle.dz\\\/index.php\\\/2023\\\/03\\\/01\\\/rdc-des-dizaines-de-jeunes-manifestent-a-kinshasa-contre-la-venue-de-macron\\\/#primaryimage\"},\"image\":{\"@id\":\"https:\\\/\\\/lasentinelle.dz\\\/index.php\\\/2023\\\/03\\\/01\\\/rdc-des-dizaines-de-jeunes-manifestent-a-kinshasa-contre-la-venue-de-macron\\\/#primaryimage\"},\"thumbnailUrl\":\"https:\\\/\\\/lasentinelle.dz\\\/wp-content\\\/uploads\\\/2023\\\/03\\\/image_2023-03-01_155700353.png\",\"datePublished\":\"2023-03-01T21:00:00+00:00\",\"breadcrumb\":{\"@id\":\"https:\\\/\\\/lasentinelle.dz\\\/index.php\\\/2023\\\/03\\\/01\\\/rdc-des-dizaines-de-jeunes-manifestent-a-kinshasa-contre-la-venue-de-macron\\\/#breadcrumb\"},\"inLanguage\":\"fr-FR\",\"potentialAction\":[{\"@type\":\"ReadAction\",\"target\":[\"https:\\\/\\\/lasentinelle.dz\\\/index.php\\\/2023\\\/03\\\/01\\\/rdc-des-dizaines-de-jeunes-manifestent-a-kinshasa-contre-la-venue-de-macron\\\/\"]}]},{\"@type\":\"ImageObject\",\"inLanguage\":\"fr-FR\",\"@id\":\"https:\\\/\\\/lasentinelle.dz\\\/index.php\\\/2023\\\/03\\\/01\\\/rdc-des-dizaines-de-jeunes-manifestent-a-kinshasa-contre-la-venue-de-macron\\\/#primaryimage\",\"url\":\"https:\\\/\\\/lasentinelle.dz\\\/wp-content\\\/uploads\\\/2023\\\/03\\\/image_2023-03-01_155700353.png\",\"contentUrl\":\"https:\\\/\\\/lasentinelle.dz\\\/wp-content\\\/uploads\\\/2023\\\/03\\\/image_2023-03-01_155700353.png\",\"width\":408,\"height\":230},{\"@type\":\"BreadcrumbList\",\"@id\":\"https:\\\/\\\/lasentinelle.dz\\\/index.php\\\/2023\\\/03\\\/01\\\/rdc-des-dizaines-de-jeunes-manifestent-a-kinshasa-contre-la-venue-de-macron\\\/#breadcrumb\",\"itemListElement\":[{\"@type\":\"ListItem\",\"position\":1,\"name\":\"Accueil\",\"item\":\"https:\\\/\\\/lasentinelle.dz\\\/\"},{\"@type\":\"ListItem\",\"position\":2,\"name\":\"RDC\u00a0: Des dizaines de jeunes manifestent \u00e0 Kinshasa contre la venue de Macron\"}]},{\"@type\":\"WebSite\",\"@id\":\"https:\\\/\\\/lasentinelle.dz\\\/#website\",\"url\":\"https:\\\/\\\/lasentinelle.dz\\\/\",\"name\":\"La Sentinelle\",\"description\":\"Quotidien national d&#039;information\",\"publisher\":{\"@id\":\"https:\\\/\\\/lasentinelle.dz\\\/#organization\"},\"potentialAction\":[{\"@type\":\"SearchAction\",\"target\":{\"@type\":\"EntryPoint\",\"urlTemplate\":\"https:\\\/\\\/lasentinelle.dz\\\/?s={search_term_string}\"},\"query-input\":{\"@type\":\"PropertyValueSpecification\",\"valueRequired\":true,\"valueName\":\"search_term_string\"}}],\"inLanguage\":\"fr-FR\"},{\"@type\":\"Organization\",\"@id\":\"https:\\\/\\\/lasentinelle.dz\\\/#organization\",\"name\":\"Quotidien La Sentinelle\",\"url\":\"https:\\\/\\\/lasentinelle.dz\\\/\",\"logo\":{\"@type\":\"ImageObject\",\"inLanguage\":\"fr-FR\",\"@id\":\"https:\\\/\\\/lasentinelle.dz\\\/#\\\/schema\\\/logo\\\/image\\\/\",\"url\":\"https:\\\/\\\/lasentinelle.dz\\\/wp-content\\\/uploads\\\/2021\\\/09\\\/logo-sentinelleSLOGAN-1.png\",\"contentUrl\":\"https:\\\/\\\/lasentinelle.dz\\\/wp-content\\\/uploads\\\/2021\\\/09\\\/logo-sentinelleSLOGAN-1.png\",\"width\":615,\"height\":142,\"caption\":\"Quotidien La Sentinelle\"},\"image\":{\"@id\":\"https:\\\/\\\/lasentinelle.dz\\\/#\\\/schema\\\/logo\\\/image\\\/\"},\"sameAs\":[\"https:\\\/\\\/www.facebook.com\\\/La-Sentinelle-104059864394773\"]},{\"@type\":\"Person\",\"@id\":\"https:\\\/\\\/lasentinelle.dz\\\/#\\\/schema\\\/person\\\/d865044e22e70a75174ce8bcad3acfb3\",\"name\":\"La Sentinelle\",\"image\":{\"@type\":\"ImageObject\",\"inLanguage\":\"fr-FR\",\"@id\":\"https:\\\/\\\/secure.gravatar.com\\\/avatar\\\/57de8e5d4b15d43fb361a71fbb36338450fe67865b528a43dd10ef7c51a20392?s=96&d=mm&r=g\",\"url\":\"https:\\\/\\\/secure.gravatar.com\\\/avatar\\\/57de8e5d4b15d43fb361a71fbb36338450fe67865b528a43dd10ef7c51a20392?s=96&d=mm&r=g\",\"contentUrl\":\"https:\\\/\\\/secure.gravatar.com\\\/avatar\\\/57de8e5d4b15d43fb361a71fbb36338450fe67865b528a43dd10ef7c51a20392?s=96&d=mm&r=g\",\"caption\":\"La Sentinelle\"},\"sameAs\":[\"http:\\\/\\\/www.lasentinelle.dz\"],\"url\":\"https:\\\/\\\/lasentinelle.dz\\\/author\\\/redaction\\\/\"}]}<\/script>\n<!-- \/ Yoast SEO plugin. -->","yoast_head_json":{"title":"RDC\u00a0: Des dizaines de jeunes manifestent \u00e0 Kinshasa contre la venue de Macron - La Sentinelle","robots":{"index":"index","follow":"follow","max-snippet":"max-snippet:-1","max-image-preview":"max-image-preview:large","max-video-preview":"max-video-preview:-1"},"canonical":"https:\/\/lasentinelle.dz\/index.php\/2023\/03\/01\/rdc-des-dizaines-de-jeunes-manifestent-a-kinshasa-contre-la-venue-de-macron\/","og_locale":"fr_FR","og_type":"article","og_title":"RDC\u00a0: Des dizaines de jeunes manifestent \u00e0 Kinshasa contre la venue de Macron - La Sentinelle","og_description":"Brandissant des drapeaux russes, quelques dizaines de jeunes Congolais ont manifest\u00e9 hier \u00e0 Kinshasa contre la venue en RDC du","og_url":"https:\/\/lasentinelle.dz\/index.php\/2023\/03\/01\/rdc-des-dizaines-de-jeunes-manifestent-a-kinshasa-contre-la-venue-de-macron\/","og_site_name":"La Sentinelle","article_publisher":"https:\/\/www.facebook.com\/La-Sentinelle-104059864394773","article_published_time":"2023-03-01T21:00:00+00:00","og_image":[{"width":408,"height":230,"url":"https:\/\/lasentinelle.dz\/wp-content\/uploads\/2023\/03\/image_2023-03-01_155700353.png","type":"image\/png"}],"author":"La Sentinelle","twitter_card":"summary_large_image","twitter_misc":{"\u00c9crit par":"La Sentinelle","Dur\u00e9e de lecture estim\u00e9e":"2 minutes"},"schema":{"@context":"https:\/\/schema.org","@graph":[{"@type":"Article","@id":"https:\/\/lasentinelle.dz\/index.php\/2023\/03\/01\/rdc-des-dizaines-de-jeunes-manifestent-a-kinshasa-contre-la-venue-de-macron\/#article","isPartOf":{"@id":"https:\/\/lasentinelle.dz\/index.php\/2023\/03\/01\/rdc-des-dizaines-de-jeunes-manifestent-a-kinshasa-contre-la-venue-de-macron\/"},"author":{"name":"La Sentinelle","@id":"https:\/\/lasentinelle.dz\/#\/schema\/person\/d865044e22e70a75174ce8bcad3acfb3"},"headline":"RDC\u00a0: Des dizaines de jeunes manifestent \u00e0 Kinshasa contre la venue de Macron","datePublished":"2023-03-01T21:00:00+00:00","mainEntityOfPage":{"@id":"https:\/\/lasentinelle.dz\/index.php\/2023\/03\/01\/rdc-des-dizaines-de-jeunes-manifestent-a-kinshasa-contre-la-venue-de-macron\/"},"wordCount":367,"commentCount":0,"publisher":{"@id":"https:\/\/lasentinelle.dz\/#organization"},"image":{"@id":"https:\/\/lasentinelle.dz\/index.php\/2023\/03\/01\/rdc-des-dizaines-de-jeunes-manifestent-a-kinshasa-contre-la-venue-de-macron\/#primaryimage"},"thumbnailUrl":"https:\/\/lasentinelle.dz\/wp-content\/uploads\/2023\/03\/image_2023-03-01_155700353.png","articleSection":["Monde"],"inLanguage":"fr-FR","potentialAction":[{"@type":"CommentAction","name":"Comment","target":["https:\/\/lasentinelle.dz\/index.php\/2023\/03\/01\/rdc-des-dizaines-de-jeunes-manifestent-a-kinshasa-contre-la-venue-de-macron\/#respond"]}]},{"@type":"WebPage","@id":"https:\/\/lasentinelle.dz\/index.php\/2023\/03\/01\/rdc-des-dizaines-de-jeunes-manifestent-a-kinshasa-contre-la-venue-de-macron\/","url":"https:\/\/lasentinelle.dz\/index.php\/2023\/03\/01\/rdc-des-dizaines-de-jeunes-manifestent-a-kinshasa-contre-la-venue-de-macron\/","name":"RDC\u00a0: Des dizaines de jeunes manifestent \u00e0 Kinshasa contre la venue de Macron - La Sentinelle","isPartOf":{"@id":"https:\/\/lasentinelle.dz\/#website"},"primaryImageOfPage":{"@id":"https:\/\/lasentinelle.dz\/index.php\/2023\/03\/01\/rdc-des-dizaines-de-jeunes-manifestent-a-kinshasa-contre-la-venue-de-macron\/#primaryimage"},"image":{"@id":"https:\/\/lasentinelle.dz\/index.php\/2023\/03\/01\/rdc-des-dizaines-de-jeunes-manifestent-a-kinshasa-contre-la-venue-de-macron\/#primaryimage"},"thumbnailUrl":"https:\/\/lasentinelle.dz\/wp-content\/uploads\/2023\/03\/image_2023-03-01_155700353.png","datePublished":"2023-03-01T21:00:00+00:00","breadcrumb":{"@id":"https:\/\/lasentinelle.dz\/index.php\/2023\/03\/01\/rdc-des-dizaines-de-jeunes-manifestent-a-kinshasa-contre-la-venue-de-macron\/#breadcrumb"},"inLanguage":"fr-FR","potentialAction":[{"@type":"ReadAction","target":["https:\/\/lasentinelle.dz\/index.php\/2023\/03\/01\/rdc-des-dizaines-de-jeunes-manifestent-a-kinshasa-contre-la-venue-de-macron\/"]}]},{"@type":"ImageObject","inLanguage":"fr-FR","@id":"https:\/\/lasentinelle.dz\/index.php\/2023\/03\/01\/rdc-des-dizaines-de-jeunes-manifestent-a-kinshasa-contre-la-venue-de-macron\/#primaryimage","url":"https:\/\/lasentinelle.dz\/wp-content\/uploads\/2023\/03\/image_2023-03-01_155700353.png","contentUrl":"https:\/\/lasentinelle.dz\/wp-content\/uploads\/2023\/03\/image_2023-03-01_155700353.png","width":408,"height":230},{"@type":"BreadcrumbList","@id":"https:\/\/lasentinelle.dz\/index.php\/2023\/03\/01\/rdc-des-dizaines-de-jeunes-manifestent-a-kinshasa-contre-la-venue-de-macron\/#breadcrumb","itemListElement":[{"@type":"ListItem","position":1,"name":"Accueil","item":"https:\/\/lasentinelle.dz\/"},{"@type":"ListItem","position":2,"name":"RDC\u00a0: Des dizaines de jeunes manifestent \u00e0 Kinshasa contre la venue de Macron"}]},{"@type":"WebSite","@id":"https:\/\/lasentinelle.dz\/#website","url":"https:\/\/lasentinelle.dz\/","name":"La Sentinelle","description":"Quotidien national d&#039;information","publisher":{"@id":"https:\/\/lasentinelle.dz\/#organization"},"potentialAction":[{"@type":"SearchAction","target":{"@type":"EntryPoint","urlTemplate":"https:\/\/lasentinelle.dz\/?s={search_term_string}"},"query-input":{"@type":"PropertyValueSpecification","valueRequired":true,"valueName":"search_term_string"}}],"inLanguage":"fr-FR"},{"@type":"Organization","@id":"https:\/\/lasentinelle.dz\/#organization","name":"Quotidien La Sentinelle","url":"https:\/\/lasentinelle.dz\/","logo":{"@type":"ImageObject","inLanguage":"fr-FR","@id":"https:\/\/lasentinelle.dz\/#\/schema\/logo\/image\/","url":"https:\/\/lasentinelle.dz\/wp-content\/uploads\/2021\/09\/logo-sentinelleSLOGAN-1.png","contentUrl":"https:\/\/lasentinelle.dz\/wp-content\/uploads\/2021\/09\/logo-sentinelleSLOGAN-1.png","width":615,"height":142,"caption":"Quotidien La Sentinelle"},"image":{"@id":"https:\/\/lasentinelle.dz\/#\/schema\/logo\/image\/"},"sameAs":["https:\/\/www.facebook.com\/La-Sentinelle-104059864394773"]},{"@type":"Person","@id":"https:\/\/lasentinelle.dz\/#\/schema\/person\/d865044e22e70a75174ce8bcad3acfb3","name":"La Sentinelle","image":{"@type":"ImageObject","inLanguage":"fr-FR","@id":"https:\/\/secure.gravatar.com\/avatar\/57de8e5d4b15d43fb361a71fbb36338450fe67865b528a43dd10ef7c51a20392?s=96&d=mm&r=g","url":"https:\/\/secure.gravatar.com\/avatar\/57de8e5d4b15d43fb361a71fbb36338450fe67865b528a43dd10ef7c51a20392?s=96&d=mm&r=g","contentUrl":"https:\/\/secure.gravatar.com\/avatar\/57de8e5d4b15d43fb361a71fbb36338450fe67865b528a43dd10ef7c51a20392?s=96&d=mm&r=g","caption":"La Sentinelle"},"sameAs":["http:\/\/www.lasentinelle.dz"],"url":"https:\/\/lasentinelle.dz\/author\/redaction\/"}]}},"_links":{"self":[{"href":"https:\/\/lasentinelle.dz\/index.php\/wp-json\/wp\/v2\/posts\/37098","targetHints":{"allow":["GET"]}}],"collection":[{"href":"https:\/\/lasentinelle.dz\/index.php\/wp-json\/wp\/v2\/posts"}],"about":[{"href":"https:\/\/lasentinelle.dz\/index.php\/wp-json\/wp\/v2\/types\/post"}],"author":[{"embeddable":true,"href":"https:\/\/lasentinelle.dz\/index.php\/wp-json\/wp\/v2\/users\/3"}],"replies":[{"embeddable":true,"href":"https:\/\/lasentinelle.dz\/index.php\/wp-json\/wp\/v2\/comments?post=37098"}],"version-history":[{"count":1,"href":"https:\/\/lasentinelle.dz\/index.php\/wp-json\/wp\/v2\/posts\/37098\/revisions"}],"predecessor-version":[{"id":37109,"href":"https:\/\/lasentinelle.dz\/index.php\/wp-json\/wp\/v2\/posts\/37098\/revisions\/37109"}],"wp:featuredmedia":[{"embeddable":true,"href":"https:\/\/lasentinelle.dz\/index.php\/wp-json\/wp\/v2\/media\/37107"}],"wp:attachment":[{"href":"https:\/\/lasentinelle.dz\/index.php\/wp-json\/wp\/v2\/media?parent=37098"}],"wp:term":[{"taxonomy":"category","embeddable":true,"href":"https:\/\/lasentinelle.dz\/index.php\/wp-json\/wp\/v2\/categories?post=37098"},{"taxonomy":"post_tag","embeddable":true,"href":"https:\/\/lasentinelle.dz\/index.php\/wp-json\/wp\/v2\/tags?post=37098"}],"curies":[{"name":"wp","href":"https:\/\/api.w.org\/{rel}","templated":true}]}}