{"id":37100,"date":"2023-03-01T22:00:00","date_gmt":"2023-03-01T21:00:00","guid":{"rendered":"https:\/\/lasentinelle.dz\/?p=37100"},"modified":"2023-03-01T15:58:55","modified_gmt":"2023-03-01T14:58:55","slug":"yemen-un-haut-responsable-dal-qaida-tue-par-une-frappe-aerienne","status":"publish","type":"post","link":"https:\/\/lasentinelle.dz\/index.php\/2023\/03\/01\/yemen-un-haut-responsable-dal-qaida-tue-par-une-frappe-aerienne\/","title":{"rendered":"Y\u00e9men\u00a0: Un haut responsable d&rsquo;al-Qa\u00efda tu\u00e9 par une frappe a\u00e9rienne"},"content":{"rendered":"\n<p>Un haut responsable du groupe terroriste d\u2019al-Qa\u00efda a \u00e9t\u00e9 tu\u00e9 dimanche 26 f\u00e9vrier par une frappe a\u00e9rienne \u00abvraisemblablement am\u00e9ricaine\u00bb dans le nord du Y\u00e9men, ont d\u00e9clar\u00e9 \u00e0 la presse plusieurs responsables y\u00e9m\u00e9nites. Le Saoudien Hamad ben Hammoud al-Tamimi a \u00e9t\u00e9 tu\u00e9 dans une frappe a\u00e9rienne contre une maison qu&rsquo;il louait depuis peu dans la province de Marib, a indiqu\u00e9 un responsable des services de s\u00e9curit\u00e9 y\u00e9m\u00e9nites sous couvert d&rsquo;anonymat. Cette frappe \u00e9tait \u00abvraisemblablement am\u00e9ricaine\u00bb, a-t-il affirm\u00e9. Hamad ben Hammoud al-Tamimi \u00e9tait l&rsquo;un des principaux chefs de la branche d&rsquo;al-Qa\u00efda dans la p\u00e9ninsule arabique, l&rsquo;organisation terroriste AQPA. Sous le nom d&rsquo;Abdel Aziz al-Adnani, il \u00e9tait \u00able pr\u00e9sident du conseil consultatif de l&rsquo;organisation (AQPA, NDLR)\u00bb et y exer\u00e7ait \u00e9galement la fonction de \u00abjuge\u00bb, selon un repr\u00e9sentant local \u00e0 Marib, \u00e9galement sous anonymat. Son garde du corps y\u00e9m\u00e9nite a \u00e9galement \u00e9t\u00e9 tu\u00e9 lors de la frappe, a-t-il pr\u00e9cis\u00e9. Les \u00c9tats-Unis consid\u00e8rent l&rsquo;organisation AQPA comme la branche la plus dangereuse du r\u00e9seau terroriste et m\u00e8nent depuis plusieurs ann\u00e9es des attaques de drone contre ce groupe bas\u00e9 au Y\u00e9men, sans jamais les confirmer. Fin janvier, des responsables y\u00e9m\u00e9nites ont annonc\u00e9 la mort de trois autres membres d&rsquo;AQPA dans une frappe de drone dans la province de Marib, sous contr\u00f4le du gouvernement y\u00e9m\u00e9nite. Cette frappe avait alors \u00e9t\u00e9 qualifi\u00e9e de \u00abpr\u00e9sum\u00e9e am\u00e9ricaine\u00bb par un responsable gouvernemental dans la r\u00e9gion. Washington n&rsquo;avait pas fait de commentaires dans l&rsquo;imm\u00e9diat. Le groupe terroriste, \u00e0 l&rsquo;instar de son rival le groupe \u00c9tat islamique (EI), a renforc\u00e9 sa pr\u00e9sence au Y\u00e9men en profitant du chaos provoqu\u00e9 par la guerre opposant le gouvernement, soutenu depuis 2015 par une coalition militaire men\u00e9e par l&rsquo;Arabie saoudite, aux rebelles Houthis proches de l&rsquo;Iran. AQPA a men\u00e9 des attaques au Y\u00e9men tant contre les Houthis que contre les forces gouvernementales. L&rsquo;organisation a aussi revendiqu\u00e9 des attaques aux \u00c9tats-Unis et en Europe. La guerre au Y\u00e9men a fait des centaines de milliers de morts depuis 2015 et plong\u00e9 le pays le plus pauvre de la p\u00e9ninsule arabique dans l&rsquo;une des pires trag\u00e9dies humanitaires au monde.<\/p>\n\n\n\n<p>R.I.<\/p>\n","protected":false},"excerpt":{"rendered":"<p>Un haut responsable du groupe terroriste d\u2019al-Qa\u00efda a \u00e9t\u00e9 tu\u00e9 dimanche 26 f\u00e9vrier par une frappe a\u00e9rienne \u00abvraisemblablement am\u00e9ricaine\u00bb dans<\/p>\n","protected":false},"author":3,"featured_media":37112,"comment_status":"open","ping_status":"closed","sticky":false,"template":"","format":"standard","meta":{"colormag_page_container_layout":"default_layout","colormag_page_sidebar_layout":"default_layout","om_disable_all_campaigns":false,"_monsterinsights_skip_tracking":false,"_monsterinsights_sitenote_active":false,"_monsterinsights_sitenote_note":"","_monsterinsights_sitenote_category":0,"footnotes":"","_wpscppro_dont_share_socialmedia":false,"_wpscppro_custom_social_share_image":0,"_facebook_share_type":"","_twitter_share_type":"","_linkedin_share_type":"","_pinterest_share_type":"","_linkedin_share_type_page":"","_instagram_share_type":"","_medium_share_type":"","_threads_share_type":"","_google_business_share_type":"","_selected_social_profile":[],"_wpsp_enable_custom_social_template":false,"_wpsp_social_scheduling":{"enabled":false,"datetime":null,"platforms":[],"status":"template_only","dateOption":"today","timeOption":"now","customDays":"","customHours":"","customDate":"","customTime":"","schedulingType":"absolute"},"_wpsp_active_default_template":true},"categories":[37],"tags":[],"class_list":["post-37100","post","type-post","status-publish","format-standard","has-post-thumbnail","hentry","category-monde"],"aioseo_notices":[],"yoast_head":"<!-- This site is optimized with the Yoast SEO plugin v27.5 - https:\/\/yoast.com\/product\/yoast-seo-wordpress\/ -->\n<title>Y\u00e9men\u00a0: Un haut responsable d&rsquo;al-Qa\u00efda tu\u00e9 par une frappe a\u00e9rienne - La Sentinelle<\/title>\n<meta name=\"robots\" content=\"index, follow, max-snippet:-1, max-image-preview:large, max-video-preview:-1\" \/>\n<link rel=\"canonical\" href=\"https:\/\/lasentinelle.dz\/index.php\/2023\/03\/01\/yemen-un-haut-responsable-dal-qaida-tue-par-une-frappe-aerienne\/\" \/>\n<meta property=\"og:locale\" content=\"fr_FR\" \/>\n<meta property=\"og:type\" content=\"article\" \/>\n<meta property=\"og:title\" content=\"Y\u00e9men\u00a0: Un haut responsable d&rsquo;al-Qa\u00efda tu\u00e9 par une frappe a\u00e9rienne - La Sentinelle\" \/>\n<meta property=\"og:description\" content=\"Un haut responsable du groupe terroriste d\u2019al-Qa\u00efda a \u00e9t\u00e9 tu\u00e9 dimanche 26 f\u00e9vrier par une frappe a\u00e9rienne \u00abvraisemblablement am\u00e9ricaine\u00bb dans\" \/>\n<meta property=\"og:url\" content=\"https:\/\/lasentinelle.dz\/index.php\/2023\/03\/01\/yemen-un-haut-responsable-dal-qaida-tue-par-une-frappe-aerienne\/\" \/>\n<meta property=\"og:site_name\" content=\"La Sentinelle\" \/>\n<meta property=\"article:publisher\" content=\"https:\/\/www.facebook.com\/La-Sentinelle-104059864394773\" \/>\n<meta property=\"article:published_time\" content=\"2023-03-01T21:00:00+00:00\" \/>\n<meta property=\"og:image\" content=\"https:\/\/lasentinelle.dz\/wp-content\/uploads\/2023\/03\/image_2023-03-01_155837473.png\" \/>\n\t<meta property=\"og:image:width\" content=\"1000\" \/>\n\t<meta property=\"og:image:height\" content=\"507\" \/>\n\t<meta property=\"og:image:type\" content=\"image\/png\" \/>\n<meta name=\"author\" content=\"La Sentinelle\" \/>\n<meta name=\"twitter:card\" content=\"summary_large_image\" \/>\n<meta name=\"twitter:label1\" content=\"\u00c9crit par\" \/>\n\t<meta name=\"twitter:data1\" content=\"La Sentinelle\" \/>\n\t<meta name=\"twitter:label2\" content=\"Dur\u00e9e de lecture estim\u00e9e\" \/>\n\t<meta name=\"twitter:data2\" content=\"2 minutes\" \/>\n<script type=\"application\/ld+json\" class=\"yoast-schema-graph\">{\"@context\":\"https:\\\/\\\/schema.org\",\"@graph\":[{\"@type\":\"Article\",\"@id\":\"https:\\\/\\\/lasentinelle.dz\\\/index.php\\\/2023\\\/03\\\/01\\\/yemen-un-haut-responsable-dal-qaida-tue-par-une-frappe-aerienne\\\/#article\",\"isPartOf\":{\"@id\":\"https:\\\/\\\/lasentinelle.dz\\\/index.php\\\/2023\\\/03\\\/01\\\/yemen-un-haut-responsable-dal-qaida-tue-par-une-frappe-aerienne\\\/\"},\"author\":{\"name\":\"La Sentinelle\",\"@id\":\"https:\\\/\\\/lasentinelle.dz\\\/#\\\/schema\\\/person\\\/d865044e22e70a75174ce8bcad3acfb3\"},\"headline\":\"Y\u00e9men\u00a0: Un haut responsable d&rsquo;al-Qa\u00efda tu\u00e9 par une frappe a\u00e9rienne\",\"datePublished\":\"2023-03-01T21:00:00+00:00\",\"mainEntityOfPage\":{\"@id\":\"https:\\\/\\\/lasentinelle.dz\\\/index.php\\\/2023\\\/03\\\/01\\\/yemen-un-haut-responsable-dal-qaida-tue-par-une-frappe-aerienne\\\/\"},\"wordCount\":410,\"commentCount\":0,\"publisher\":{\"@id\":\"https:\\\/\\\/lasentinelle.dz\\\/#organization\"},\"image\":{\"@id\":\"https:\\\/\\\/lasentinelle.dz\\\/index.php\\\/2023\\\/03\\\/01\\\/yemen-un-haut-responsable-dal-qaida-tue-par-une-frappe-aerienne\\\/#primaryimage\"},\"thumbnailUrl\":\"https:\\\/\\\/lasentinelle.dz\\\/wp-content\\\/uploads\\\/2023\\\/03\\\/image_2023-03-01_155837473.png\",\"articleSection\":[\"Monde\"],\"inLanguage\":\"fr-FR\",\"potentialAction\":[{\"@type\":\"CommentAction\",\"name\":\"Comment\",\"target\":[\"https:\\\/\\\/lasentinelle.dz\\\/index.php\\\/2023\\\/03\\\/01\\\/yemen-un-haut-responsable-dal-qaida-tue-par-une-frappe-aerienne\\\/#respond\"]}]},{\"@type\":\"WebPage\",\"@id\":\"https:\\\/\\\/lasentinelle.dz\\\/index.php\\\/2023\\\/03\\\/01\\\/yemen-un-haut-responsable-dal-qaida-tue-par-une-frappe-aerienne\\\/\",\"url\":\"https:\\\/\\\/lasentinelle.dz\\\/index.php\\\/2023\\\/03\\\/01\\\/yemen-un-haut-responsable-dal-qaida-tue-par-une-frappe-aerienne\\\/\",\"name\":\"Y\u00e9men\u00a0: Un haut responsable d&rsquo;al-Qa\u00efda tu\u00e9 par une frappe a\u00e9rienne - La Sentinelle\",\"isPartOf\":{\"@id\":\"https:\\\/\\\/lasentinelle.dz\\\/#website\"},\"primaryImageOfPage\":{\"@id\":\"https:\\\/\\\/lasentinelle.dz\\\/index.php\\\/2023\\\/03\\\/01\\\/yemen-un-haut-responsable-dal-qaida-tue-par-une-frappe-aerienne\\\/#primaryimage\"},\"image\":{\"@id\":\"https:\\\/\\\/lasentinelle.dz\\\/index.php\\\/2023\\\/03\\\/01\\\/yemen-un-haut-responsable-dal-qaida-tue-par-une-frappe-aerienne\\\/#primaryimage\"},\"thumbnailUrl\":\"https:\\\/\\\/lasentinelle.dz\\\/wp-content\\\/uploads\\\/2023\\\/03\\\/image_2023-03-01_155837473.png\",\"datePublished\":\"2023-03-01T21:00:00+00:00\",\"breadcrumb\":{\"@id\":\"https:\\\/\\\/lasentinelle.dz\\\/index.php\\\/2023\\\/03\\\/01\\\/yemen-un-haut-responsable-dal-qaida-tue-par-une-frappe-aerienne\\\/#breadcrumb\"},\"inLanguage\":\"fr-FR\",\"potentialAction\":[{\"@type\":\"ReadAction\",\"target\":[\"https:\\\/\\\/lasentinelle.dz\\\/index.php\\\/2023\\\/03\\\/01\\\/yemen-un-haut-responsable-dal-qaida-tue-par-une-frappe-aerienne\\\/\"]}]},{\"@type\":\"ImageObject\",\"inLanguage\":\"fr-FR\",\"@id\":\"https:\\\/\\\/lasentinelle.dz\\\/index.php\\\/2023\\\/03\\\/01\\\/yemen-un-haut-responsable-dal-qaida-tue-par-une-frappe-aerienne\\\/#primaryimage\",\"url\":\"https:\\\/\\\/lasentinelle.dz\\\/wp-content\\\/uploads\\\/2023\\\/03\\\/image_2023-03-01_155837473.png\",\"contentUrl\":\"https:\\\/\\\/lasentinelle.dz\\\/wp-content\\\/uploads\\\/2023\\\/03\\\/image_2023-03-01_155837473.png\",\"width\":1000,\"height\":507},{\"@type\":\"BreadcrumbList\",\"@id\":\"https:\\\/\\\/lasentinelle.dz\\\/index.php\\\/2023\\\/03\\\/01\\\/yemen-un-haut-responsable-dal-qaida-tue-par-une-frappe-aerienne\\\/#breadcrumb\",\"itemListElement\":[{\"@type\":\"ListItem\",\"position\":1,\"name\":\"Accueil\",\"item\":\"https:\\\/\\\/lasentinelle.dz\\\/\"},{\"@type\":\"ListItem\",\"position\":2,\"name\":\"Y\u00e9men\u00a0: Un haut responsable d&rsquo;al-Qa\u00efda tu\u00e9 par une frappe a\u00e9rienne\"}]},{\"@type\":\"WebSite\",\"@id\":\"https:\\\/\\\/lasentinelle.dz\\\/#website\",\"url\":\"https:\\\/\\\/lasentinelle.dz\\\/\",\"name\":\"La Sentinelle\",\"description\":\"Quotidien national d&#039;information\",\"publisher\":{\"@id\":\"https:\\\/\\\/lasentinelle.dz\\\/#organization\"},\"potentialAction\":[{\"@type\":\"SearchAction\",\"target\":{\"@type\":\"EntryPoint\",\"urlTemplate\":\"https:\\\/\\\/lasentinelle.dz\\\/?s={search_term_string}\"},\"query-input\":{\"@type\":\"PropertyValueSpecification\",\"valueRequired\":true,\"valueName\":\"search_term_string\"}}],\"inLanguage\":\"fr-FR\"},{\"@type\":\"Organization\",\"@id\":\"https:\\\/\\\/lasentinelle.dz\\\/#organization\",\"name\":\"Quotidien La Sentinelle\",\"url\":\"https:\\\/\\\/lasentinelle.dz\\\/\",\"logo\":{\"@type\":\"ImageObject\",\"inLanguage\":\"fr-FR\",\"@id\":\"https:\\\/\\\/lasentinelle.dz\\\/#\\\/schema\\\/logo\\\/image\\\/\",\"url\":\"https:\\\/\\\/lasentinelle.dz\\\/wp-content\\\/uploads\\\/2021\\\/09\\\/logo-sentinelleSLOGAN-1.png\",\"contentUrl\":\"https:\\\/\\\/lasentinelle.dz\\\/wp-content\\\/uploads\\\/2021\\\/09\\\/logo-sentinelleSLOGAN-1.png\",\"width\":615,\"height\":142,\"caption\":\"Quotidien La Sentinelle\"},\"image\":{\"@id\":\"https:\\\/\\\/lasentinelle.dz\\\/#\\\/schema\\\/logo\\\/image\\\/\"},\"sameAs\":[\"https:\\\/\\\/www.facebook.com\\\/La-Sentinelle-104059864394773\"]},{\"@type\":\"Person\",\"@id\":\"https:\\\/\\\/lasentinelle.dz\\\/#\\\/schema\\\/person\\\/d865044e22e70a75174ce8bcad3acfb3\",\"name\":\"La Sentinelle\",\"image\":{\"@type\":\"ImageObject\",\"inLanguage\":\"fr-FR\",\"@id\":\"https:\\\/\\\/secure.gravatar.com\\\/avatar\\\/57de8e5d4b15d43fb361a71fbb36338450fe67865b528a43dd10ef7c51a20392?s=96&d=mm&r=g\",\"url\":\"https:\\\/\\\/secure.gravatar.com\\\/avatar\\\/57de8e5d4b15d43fb361a71fbb36338450fe67865b528a43dd10ef7c51a20392?s=96&d=mm&r=g\",\"contentUrl\":\"https:\\\/\\\/secure.gravatar.com\\\/avatar\\\/57de8e5d4b15d43fb361a71fbb36338450fe67865b528a43dd10ef7c51a20392?s=96&d=mm&r=g\",\"caption\":\"La Sentinelle\"},\"sameAs\":[\"http:\\\/\\\/www.lasentinelle.dz\"],\"url\":\"https:\\\/\\\/lasentinelle.dz\\\/author\\\/redaction\\\/\"}]}<\/script>\n<!-- \/ Yoast SEO plugin. -->","yoast_head_json":{"title":"Y\u00e9men\u00a0: Un haut responsable d&rsquo;al-Qa\u00efda tu\u00e9 par une frappe a\u00e9rienne - La Sentinelle","robots":{"index":"index","follow":"follow","max-snippet":"max-snippet:-1","max-image-preview":"max-image-preview:large","max-video-preview":"max-video-preview:-1"},"canonical":"https:\/\/lasentinelle.dz\/index.php\/2023\/03\/01\/yemen-un-haut-responsable-dal-qaida-tue-par-une-frappe-aerienne\/","og_locale":"fr_FR","og_type":"article","og_title":"Y\u00e9men\u00a0: Un haut responsable d&rsquo;al-Qa\u00efda tu\u00e9 par une frappe a\u00e9rienne - La Sentinelle","og_description":"Un haut responsable du groupe terroriste d\u2019al-Qa\u00efda a \u00e9t\u00e9 tu\u00e9 dimanche 26 f\u00e9vrier par une frappe a\u00e9rienne \u00abvraisemblablement am\u00e9ricaine\u00bb dans","og_url":"https:\/\/lasentinelle.dz\/index.php\/2023\/03\/01\/yemen-un-haut-responsable-dal-qaida-tue-par-une-frappe-aerienne\/","og_site_name":"La Sentinelle","article_publisher":"https:\/\/www.facebook.com\/La-Sentinelle-104059864394773","article_published_time":"2023-03-01T21:00:00+00:00","og_image":[{"width":1000,"height":507,"url":"https:\/\/lasentinelle.dz\/wp-content\/uploads\/2023\/03\/image_2023-03-01_155837473.png","type":"image\/png"}],"author":"La Sentinelle","twitter_card":"summary_large_image","twitter_misc":{"\u00c9crit par":"La Sentinelle","Dur\u00e9e de lecture estim\u00e9e":"2 minutes"},"schema":{"@context":"https:\/\/schema.org","@graph":[{"@type":"Article","@id":"https:\/\/lasentinelle.dz\/index.php\/2023\/03\/01\/yemen-un-haut-responsable-dal-qaida-tue-par-une-frappe-aerienne\/#article","isPartOf":{"@id":"https:\/\/lasentinelle.dz\/index.php\/2023\/03\/01\/yemen-un-haut-responsable-dal-qaida-tue-par-une-frappe-aerienne\/"},"author":{"name":"La Sentinelle","@id":"https:\/\/lasentinelle.dz\/#\/schema\/person\/d865044e22e70a75174ce8bcad3acfb3"},"headline":"Y\u00e9men\u00a0: Un haut responsable d&rsquo;al-Qa\u00efda tu\u00e9 par une frappe a\u00e9rienne","datePublished":"2023-03-01T21:00:00+00:00","mainEntityOfPage":{"@id":"https:\/\/lasentinelle.dz\/index.php\/2023\/03\/01\/yemen-un-haut-responsable-dal-qaida-tue-par-une-frappe-aerienne\/"},"wordCount":410,"commentCount":0,"publisher":{"@id":"https:\/\/lasentinelle.dz\/#organization"},"image":{"@id":"https:\/\/lasentinelle.dz\/index.php\/2023\/03\/01\/yemen-un-haut-responsable-dal-qaida-tue-par-une-frappe-aerienne\/#primaryimage"},"thumbnailUrl":"https:\/\/lasentinelle.dz\/wp-content\/uploads\/2023\/03\/image_2023-03-01_155837473.png","articleSection":["Monde"],"inLanguage":"fr-FR","potentialAction":[{"@type":"CommentAction","name":"Comment","target":["https:\/\/lasentinelle.dz\/index.php\/2023\/03\/01\/yemen-un-haut-responsable-dal-qaida-tue-par-une-frappe-aerienne\/#respond"]}]},{"@type":"WebPage","@id":"https:\/\/lasentinelle.dz\/index.php\/2023\/03\/01\/yemen-un-haut-responsable-dal-qaida-tue-par-une-frappe-aerienne\/","url":"https:\/\/lasentinelle.dz\/index.php\/2023\/03\/01\/yemen-un-haut-responsable-dal-qaida-tue-par-une-frappe-aerienne\/","name":"Y\u00e9men\u00a0: Un haut responsable d&rsquo;al-Qa\u00efda tu\u00e9 par une frappe a\u00e9rienne - La Sentinelle","isPartOf":{"@id":"https:\/\/lasentinelle.dz\/#website"},"primaryImageOfPage":{"@id":"https:\/\/lasentinelle.dz\/index.php\/2023\/03\/01\/yemen-un-haut-responsable-dal-qaida-tue-par-une-frappe-aerienne\/#primaryimage"},"image":{"@id":"https:\/\/lasentinelle.dz\/index.php\/2023\/03\/01\/yemen-un-haut-responsable-dal-qaida-tue-par-une-frappe-aerienne\/#primaryimage"},"thumbnailUrl":"https:\/\/lasentinelle.dz\/wp-content\/uploads\/2023\/03\/image_2023-03-01_155837473.png","datePublished":"2023-03-01T21:00:00+00:00","breadcrumb":{"@id":"https:\/\/lasentinelle.dz\/index.php\/2023\/03\/01\/yemen-un-haut-responsable-dal-qaida-tue-par-une-frappe-aerienne\/#breadcrumb"},"inLanguage":"fr-FR","potentialAction":[{"@type":"ReadAction","target":["https:\/\/lasentinelle.dz\/index.php\/2023\/03\/01\/yemen-un-haut-responsable-dal-qaida-tue-par-une-frappe-aerienne\/"]}]},{"@type":"ImageObject","inLanguage":"fr-FR","@id":"https:\/\/lasentinelle.dz\/index.php\/2023\/03\/01\/yemen-un-haut-responsable-dal-qaida-tue-par-une-frappe-aerienne\/#primaryimage","url":"https:\/\/lasentinelle.dz\/wp-content\/uploads\/2023\/03\/image_2023-03-01_155837473.png","contentUrl":"https:\/\/lasentinelle.dz\/wp-content\/uploads\/2023\/03\/image_2023-03-01_155837473.png","width":1000,"height":507},{"@type":"BreadcrumbList","@id":"https:\/\/lasentinelle.dz\/index.php\/2023\/03\/01\/yemen-un-haut-responsable-dal-qaida-tue-par-une-frappe-aerienne\/#breadcrumb","itemListElement":[{"@type":"ListItem","position":1,"name":"Accueil","item":"https:\/\/lasentinelle.dz\/"},{"@type":"ListItem","position":2,"name":"Y\u00e9men\u00a0: Un haut responsable d&rsquo;al-Qa\u00efda tu\u00e9 par une frappe a\u00e9rienne"}]},{"@type":"WebSite","@id":"https:\/\/lasentinelle.dz\/#website","url":"https:\/\/lasentinelle.dz\/","name":"La Sentinelle","description":"Quotidien national d&#039;information","publisher":{"@id":"https:\/\/lasentinelle.dz\/#organization"},"potentialAction":[{"@type":"SearchAction","target":{"@type":"EntryPoint","urlTemplate":"https:\/\/lasentinelle.dz\/?s={search_term_string}"},"query-input":{"@type":"PropertyValueSpecification","valueRequired":true,"valueName":"search_term_string"}}],"inLanguage":"fr-FR"},{"@type":"Organization","@id":"https:\/\/lasentinelle.dz\/#organization","name":"Quotidien La Sentinelle","url":"https:\/\/lasentinelle.dz\/","logo":{"@type":"ImageObject","inLanguage":"fr-FR","@id":"https:\/\/lasentinelle.dz\/#\/schema\/logo\/image\/","url":"https:\/\/lasentinelle.dz\/wp-content\/uploads\/2021\/09\/logo-sentinelleSLOGAN-1.png","contentUrl":"https:\/\/lasentinelle.dz\/wp-content\/uploads\/2021\/09\/logo-sentinelleSLOGAN-1.png","width":615,"height":142,"caption":"Quotidien La Sentinelle"},"image":{"@id":"https:\/\/lasentinelle.dz\/#\/schema\/logo\/image\/"},"sameAs":["https:\/\/www.facebook.com\/La-Sentinelle-104059864394773"]},{"@type":"Person","@id":"https:\/\/lasentinelle.dz\/#\/schema\/person\/d865044e22e70a75174ce8bcad3acfb3","name":"La Sentinelle","image":{"@type":"ImageObject","inLanguage":"fr-FR","@id":"https:\/\/secure.gravatar.com\/avatar\/57de8e5d4b15d43fb361a71fbb36338450fe67865b528a43dd10ef7c51a20392?s=96&d=mm&r=g","url":"https:\/\/secure.gravatar.com\/avatar\/57de8e5d4b15d43fb361a71fbb36338450fe67865b528a43dd10ef7c51a20392?s=96&d=mm&r=g","contentUrl":"https:\/\/secure.gravatar.com\/avatar\/57de8e5d4b15d43fb361a71fbb36338450fe67865b528a43dd10ef7c51a20392?s=96&d=mm&r=g","caption":"La Sentinelle"},"sameAs":["http:\/\/www.lasentinelle.dz"],"url":"https:\/\/lasentinelle.dz\/author\/redaction\/"}]}},"_links":{"self":[{"href":"https:\/\/lasentinelle.dz\/index.php\/wp-json\/wp\/v2\/posts\/37100","targetHints":{"allow":["GET"]}}],"collection":[{"href":"https:\/\/lasentinelle.dz\/index.php\/wp-json\/wp\/v2\/posts"}],"about":[{"href":"https:\/\/lasentinelle.dz\/index.php\/wp-json\/wp\/v2\/types\/post"}],"author":[{"embeddable":true,"href":"https:\/\/lasentinelle.dz\/index.php\/wp-json\/wp\/v2\/users\/3"}],"replies":[{"embeddable":true,"href":"https:\/\/lasentinelle.dz\/index.php\/wp-json\/wp\/v2\/comments?post=37100"}],"version-history":[{"count":1,"href":"https:\/\/lasentinelle.dz\/index.php\/wp-json\/wp\/v2\/posts\/37100\/revisions"}],"predecessor-version":[{"id":37114,"href":"https:\/\/lasentinelle.dz\/index.php\/wp-json\/wp\/v2\/posts\/37100\/revisions\/37114"}],"wp:featuredmedia":[{"embeddable":true,"href":"https:\/\/lasentinelle.dz\/index.php\/wp-json\/wp\/v2\/media\/37112"}],"wp:attachment":[{"href":"https:\/\/lasentinelle.dz\/index.php\/wp-json\/wp\/v2\/media?parent=37100"}],"wp:term":[{"taxonomy":"category","embeddable":true,"href":"https:\/\/lasentinelle.dz\/index.php\/wp-json\/wp\/v2\/categories?post=37100"},{"taxonomy":"post_tag","embeddable":true,"href":"https:\/\/lasentinelle.dz\/index.php\/wp-json\/wp\/v2\/tags?post=37100"}],"curies":[{"name":"wp","href":"https:\/\/api.w.org\/{rel}","templated":true}]}}