{"id":37122,"date":"2023-03-01T22:05:00","date_gmt":"2023-03-01T21:05:00","guid":{"rendered":"https:\/\/lasentinelle.dz\/?p=37122"},"modified":"2023-03-01T20:38:12","modified_gmt":"2023-03-01T19:38:12","slug":"journee-parlementaire-sur-le-droit-du-peuple-sahraoui-a-lautodetermination-boughali-le-peuple-sahraoui-a-prouve-limprescriptibilite-de-sa-cause","status":"publish","type":"post","link":"https:\/\/lasentinelle.dz\/index.php\/2023\/03\/01\/journee-parlementaire-sur-le-droit-du-peuple-sahraoui-a-lautodetermination-boughali-le-peuple-sahraoui-a-prouve-limprescriptibilite-de-sa-cause\/","title":{"rendered":"Journ\u00e9e parlementaire sur le droit du peuple sahraoui \u00e0 l&rsquo;autod\u00e9termination, \/ Boughali\u00a0:\u00a0\u00bbLe peuple sahraoui a prouv\u00e9 l&rsquo;imprescriptibilit\u00e9 de sa cause\u00a0\u00bb"},"content":{"rendered":"\n<p>Le pr\u00e9sident de l&rsquo;Assembl\u00e9e populaire nationale (APN), Brahim Boughali, a affirm\u00e9 hier lors d&rsquo;une journ\u00e9e parlementaire sur le droit du peuple sahraoui \u00e0 l&rsquo;autod\u00e9termination, organis\u00e9e \u00e0 Alger queles Sahraouis avait prouv\u00e9 que \u00ab\u00a0leur cause est imprescriptible (&#8230;) et que leur droit spoli\u00e9 sera in\u00e9vitablement recouvr\u00e9\u00a0\u00bb. Et d\u2019ajouter que \u00ab\u00a0l&rsquo;occupation est vou\u00e9e \u00e0 la disparition,quels que ce soient ses moyens de d\u00e9sinformation et de falsification de l&rsquo;histoire\u00a0\u00bb.\u00a0\u00bbA l&rsquo;image de toutes les \u00e2mes \u00e9prises de libert\u00e9 \u00e0 travers le monde, l&rsquo;Alg\u00e9rie a toujours soutenu la cause du peuple sahraoui et sa lutte l\u00e9gitime, mue par les nobles principes de la Glorieuse R\u00e9volution de Novembre, mais aussi de l&rsquo;engagement au respect de la L\u00e9galit\u00e9 internationale et des r\u00e9solutions issues de l&rsquo;Assembl\u00e9e g\u00e9n\u00e9rale de l&rsquo;ONU et du Conseil de s\u00e9curit\u00e9\u00a0\u00bb, a-t-il d\u00e9clar\u00e9.Il a rappel\u00e9, en outre, les d\u00e9clarations du Pr\u00e9sident de la R\u00e9publique, M. Abdelmadjid Tebboune, qui a toujours affich\u00e9, dans les fora internationaux, la position ind\u00e9fectible de l&rsquo;Alg\u00e9rie vis-\u00e0-vis de la cause sahraouie, \u00e9tant une question de d\u00e9colonisation, insistant sur le fait que \u00ab\u00a0la cause sahraouie ne peut \u00eatre r\u00e9solue qu&rsquo;en permettant au peuple sahraoui d&rsquo;exercer son droit intangible \u00e0 l&rsquo;autod\u00e9termination\u00a0\u00bb.<\/p>\n\n\n\n<p>De son c\u00f4t\u00e9, le pr\u00e9sident du groupe parlementaire du FLN, Brahim Saadali, a salu\u00e9 la r\u00e9sistance du peuple sahraoui, attach\u00e9 \u00e0 son droit l\u00e9gitime \u00e0 l&rsquo;autod\u00e9termination et \u00e0 l&rsquo;ind\u00e9pendance conform\u00e9ment aux r\u00e9solutions de l&rsquo;ONU et de l&rsquo;Union africaine (UA) contre la tyrannie de l&rsquo;occupant marocain.Pour M. Saadali, le Maroc entrave les efforts des Envoy\u00e9s onusiens pour le Sahara occidental, ajoutant que le Makhzen pillait les richesses naturelles des territoires sahraouis occup\u00e9s.Le pr\u00e9sident du groupe parlementaire du FLN, organisateur de l&rsquo;\u00e9v\u00e8nement, a affirm\u00e9 que \u00ab\u00a0la libert\u00e9 de l&rsquo;Afrique ne serait compl\u00e8te que par l&rsquo;ind\u00e9pendance du Sahara Occidental\u00a0\u00bb, appelant \u00e0 l&rsquo;application du plan de r\u00e8glement ONU-Afrique pour parvenir \u00e0 un r\u00e9f\u00e9rendum d&rsquo;autod\u00e9termination et mobiliser le soutien international au droit du peuple sahraoui \u00e0 la libert\u00e9 et l&rsquo;ind\u00e9pendance.<\/p>\n\n\n\n<p>Le pr\u00e9sident du Comit\u00e9 national alg\u00e9rien de solidarit\u00e9 avec le peuple sahraoui (CNASPS), Said Ayachi a rappel\u00e9 pour sa part que l&rsquo;Alg\u00e9rie avait soutenu 15 mouvements de lib\u00e9ration dans le monde, africain et non africain, y compris le Front Polisario, partant de son principe de rejet de tout cas de colonisation et de soutien au droit des peuples \u00e0 l&rsquo;autod\u00e9termination.Dans ce cadre, Dr. Ismail Debeche a mis \u00e0 nu, dans sa conf\u00e9rence \u00ab\u00a0D\u00e9colonisation du Sahara Occidental: le referendum, un imp\u00e9ratif\u00a0\u00bb, les complots et manipulation du Maroc.Pour sa part, le conseiller du ministre des Affaires \u00e9trang\u00e8res et de la Communaut\u00e9 nationale \u00e0 l&rsquo;\u00e9tranger, Salah Boucha a \u00e9voqu\u00e9 dans sa conf\u00e9rence intitul\u00e9e: \u00ab\u00a0R\u00f4le de la diplomatie alg\u00e9rienne dans le soutien des droit des peuples \u00e0 l&rsquo;autod\u00e9termination\u00a0\u00bb, sur les moyens et voies politiques, diplomatiques, et juridiques pour r\u00e9soudre le conflit au Sahara Occidental.<\/p>\n\n\n\n<p><strong>R.N.<\/strong><\/p>\n","protected":false},"excerpt":{"rendered":"<p>Le pr\u00e9sident de l&rsquo;Assembl\u00e9e populaire nationale (APN), Brahim Boughali, a affirm\u00e9 hier lors d&rsquo;une journ\u00e9e parlementaire sur le droit du<\/p>\n","protected":false},"author":3,"featured_media":37160,"comment_status":"open","ping_status":"closed","sticky":false,"template":"","format":"standard","meta":{"colormag_page_container_layout":"default_layout","colormag_page_sidebar_layout":"default_layout","om_disable_all_campaigns":false,"_monsterinsights_skip_tracking":false,"_monsterinsights_sitenote_active":false,"_monsterinsights_sitenote_note":"","_monsterinsights_sitenote_category":0,"footnotes":"","_wpscppro_dont_share_socialmedia":false,"_wpscppro_custom_social_share_image":0,"_facebook_share_type":"","_twitter_share_type":"","_linkedin_share_type":"","_pinterest_share_type":"","_linkedin_share_type_page":"","_instagram_share_type":"","_medium_share_type":"","_threads_share_type":"","_google_business_share_type":"","_selected_social_profile":[],"_wpsp_enable_custom_social_template":false,"_wpsp_social_scheduling":{"enabled":false,"datetime":null,"platforms":[],"status":"template_only","dateOption":"today","timeOption":"now","customDays":"","customHours":"","customDate":"","customTime":"","schedulingType":"absolute"},"_wpsp_active_default_template":true},"categories":[27],"tags":[],"class_list":["post-37122","post","type-post","status-publish","format-standard","has-post-thumbnail","hentry","category-actualite"],"aioseo_notices":[],"yoast_head":"<!-- This site is optimized with the Yoast SEO plugin v27.5 - https:\/\/yoast.com\/product\/yoast-seo-wordpress\/ -->\n<title>Journ\u00e9e parlementaire sur le droit du peuple sahraoui \u00e0 l&rsquo;autod\u00e9termination, \/ Boughali\u00a0:\u00a0\u00bbLe peuple sahraoui a prouv\u00e9 l&rsquo;imprescriptibilit\u00e9 de sa cause\u00a0\u00bb - La Sentinelle<\/title>\n<meta name=\"robots\" content=\"index, follow, max-snippet:-1, max-image-preview:large, max-video-preview:-1\" \/>\n<link rel=\"canonical\" href=\"https:\/\/lasentinelle.dz\/index.php\/2023\/03\/01\/journee-parlementaire-sur-le-droit-du-peuple-sahraoui-a-lautodetermination-boughali-le-peuple-sahraoui-a-prouve-limprescriptibilite-de-sa-cause\/\" \/>\n<meta property=\"og:locale\" content=\"fr_FR\" \/>\n<meta property=\"og:type\" content=\"article\" \/>\n<meta property=\"og:title\" content=\"Journ\u00e9e parlementaire sur le droit du peuple sahraoui \u00e0 l&rsquo;autod\u00e9termination, \/ Boughali\u00a0:\u00a0\u00bbLe peuple sahraoui a prouv\u00e9 l&rsquo;imprescriptibilit\u00e9 de sa cause\u00a0\u00bb - La Sentinelle\" \/>\n<meta property=\"og:description\" content=\"Le pr\u00e9sident de l&rsquo;Assembl\u00e9e populaire nationale (APN), Brahim Boughali, a affirm\u00e9 hier lors d&rsquo;une journ\u00e9e parlementaire sur le droit du\" \/>\n<meta property=\"og:url\" content=\"https:\/\/lasentinelle.dz\/index.php\/2023\/03\/01\/journee-parlementaire-sur-le-droit-du-peuple-sahraoui-a-lautodetermination-boughali-le-peuple-sahraoui-a-prouve-limprescriptibilite-de-sa-cause\/\" \/>\n<meta property=\"og:site_name\" content=\"La Sentinelle\" \/>\n<meta property=\"article:publisher\" content=\"https:\/\/www.facebook.com\/La-Sentinelle-104059864394773\" \/>\n<meta property=\"article:published_time\" content=\"2023-03-01T21:05:00+00:00\" \/>\n<meta property=\"og:image\" content=\"https:\/\/lasentinelle.dz\/wp-content\/uploads\/2023\/03\/Sans-titre-4.png\" \/>\n\t<meta property=\"og:image:width\" content=\"1724\" \/>\n\t<meta property=\"og:image:height\" content=\"900\" \/>\n\t<meta property=\"og:image:type\" content=\"image\/png\" \/>\n<meta name=\"author\" content=\"La Sentinelle\" \/>\n<meta name=\"twitter:card\" content=\"summary_large_image\" \/>\n<meta name=\"twitter:label1\" content=\"\u00c9crit par\" \/>\n\t<meta name=\"twitter:data1\" content=\"La Sentinelle\" \/>\n\t<meta name=\"twitter:label2\" content=\"Dur\u00e9e de lecture estim\u00e9e\" \/>\n\t<meta name=\"twitter:data2\" content=\"3 minutes\" \/>\n<script type=\"application\/ld+json\" class=\"yoast-schema-graph\">{\"@context\":\"https:\\\/\\\/schema.org\",\"@graph\":[{\"@type\":\"Article\",\"@id\":\"https:\\\/\\\/lasentinelle.dz\\\/index.php\\\/2023\\\/03\\\/01\\\/journee-parlementaire-sur-le-droit-du-peuple-sahraoui-a-lautodetermination-boughali-le-peuple-sahraoui-a-prouve-limprescriptibilite-de-sa-cause\\\/#article\",\"isPartOf\":{\"@id\":\"https:\\\/\\\/lasentinelle.dz\\\/index.php\\\/2023\\\/03\\\/01\\\/journee-parlementaire-sur-le-droit-du-peuple-sahraoui-a-lautodetermination-boughali-le-peuple-sahraoui-a-prouve-limprescriptibilite-de-sa-cause\\\/\"},\"author\":{\"name\":\"La Sentinelle\",\"@id\":\"https:\\\/\\\/lasentinelle.dz\\\/#\\\/schema\\\/person\\\/d865044e22e70a75174ce8bcad3acfb3\"},\"headline\":\"Journ\u00e9e parlementaire sur le droit du peuple sahraoui \u00e0 l&rsquo;autod\u00e9termination, \\\/ Boughali\u00a0:\u00a0\u00bbLe peuple sahraoui a prouv\u00e9 l&rsquo;imprescriptibilit\u00e9 de sa cause\u00a0\u00bb\",\"datePublished\":\"2023-03-01T21:05:00+00:00\",\"mainEntityOfPage\":{\"@id\":\"https:\\\/\\\/lasentinelle.dz\\\/index.php\\\/2023\\\/03\\\/01\\\/journee-parlementaire-sur-le-droit-du-peuple-sahraoui-a-lautodetermination-boughali-le-peuple-sahraoui-a-prouve-limprescriptibilite-de-sa-cause\\\/\"},\"wordCount\":561,\"commentCount\":0,\"publisher\":{\"@id\":\"https:\\\/\\\/lasentinelle.dz\\\/#organization\"},\"image\":{\"@id\":\"https:\\\/\\\/lasentinelle.dz\\\/index.php\\\/2023\\\/03\\\/01\\\/journee-parlementaire-sur-le-droit-du-peuple-sahraoui-a-lautodetermination-boughali-le-peuple-sahraoui-a-prouve-limprescriptibilite-de-sa-cause\\\/#primaryimage\"},\"thumbnailUrl\":\"https:\\\/\\\/lasentinelle.dz\\\/wp-content\\\/uploads\\\/2023\\\/03\\\/Sans-titre-4.png\",\"articleSection\":[\"Actualit\u00e9\"],\"inLanguage\":\"fr-FR\",\"potentialAction\":[{\"@type\":\"CommentAction\",\"name\":\"Comment\",\"target\":[\"https:\\\/\\\/lasentinelle.dz\\\/index.php\\\/2023\\\/03\\\/01\\\/journee-parlementaire-sur-le-droit-du-peuple-sahraoui-a-lautodetermination-boughali-le-peuple-sahraoui-a-prouve-limprescriptibilite-de-sa-cause\\\/#respond\"]}]},{\"@type\":\"WebPage\",\"@id\":\"https:\\\/\\\/lasentinelle.dz\\\/index.php\\\/2023\\\/03\\\/01\\\/journee-parlementaire-sur-le-droit-du-peuple-sahraoui-a-lautodetermination-boughali-le-peuple-sahraoui-a-prouve-limprescriptibilite-de-sa-cause\\\/\",\"url\":\"https:\\\/\\\/lasentinelle.dz\\\/index.php\\\/2023\\\/03\\\/01\\\/journee-parlementaire-sur-le-droit-du-peuple-sahraoui-a-lautodetermination-boughali-le-peuple-sahraoui-a-prouve-limprescriptibilite-de-sa-cause\\\/\",\"name\":\"Journ\u00e9e parlementaire sur le droit du peuple sahraoui \u00e0 l&rsquo;autod\u00e9termination, \\\/ Boughali\u00a0:\u00a0\u00bbLe peuple sahraoui a prouv\u00e9 l&rsquo;imprescriptibilit\u00e9 de sa cause\u00a0\u00bb - La Sentinelle\",\"isPartOf\":{\"@id\":\"https:\\\/\\\/lasentinelle.dz\\\/#website\"},\"primaryImageOfPage\":{\"@id\":\"https:\\\/\\\/lasentinelle.dz\\\/index.php\\\/2023\\\/03\\\/01\\\/journee-parlementaire-sur-le-droit-du-peuple-sahraoui-a-lautodetermination-boughali-le-peuple-sahraoui-a-prouve-limprescriptibilite-de-sa-cause\\\/#primaryimage\"},\"image\":{\"@id\":\"https:\\\/\\\/lasentinelle.dz\\\/index.php\\\/2023\\\/03\\\/01\\\/journee-parlementaire-sur-le-droit-du-peuple-sahraoui-a-lautodetermination-boughali-le-peuple-sahraoui-a-prouve-limprescriptibilite-de-sa-cause\\\/#primaryimage\"},\"thumbnailUrl\":\"https:\\\/\\\/lasentinelle.dz\\\/wp-content\\\/uploads\\\/2023\\\/03\\\/Sans-titre-4.png\",\"datePublished\":\"2023-03-01T21:05:00+00:00\",\"breadcrumb\":{\"@id\":\"https:\\\/\\\/lasentinelle.dz\\\/index.php\\\/2023\\\/03\\\/01\\\/journee-parlementaire-sur-le-droit-du-peuple-sahraoui-a-lautodetermination-boughali-le-peuple-sahraoui-a-prouve-limprescriptibilite-de-sa-cause\\\/#breadcrumb\"},\"inLanguage\":\"fr-FR\",\"potentialAction\":[{\"@type\":\"ReadAction\",\"target\":[\"https:\\\/\\\/lasentinelle.dz\\\/index.php\\\/2023\\\/03\\\/01\\\/journee-parlementaire-sur-le-droit-du-peuple-sahraoui-a-lautodetermination-boughali-le-peuple-sahraoui-a-prouve-limprescriptibilite-de-sa-cause\\\/\"]}]},{\"@type\":\"ImageObject\",\"inLanguage\":\"fr-FR\",\"@id\":\"https:\\\/\\\/lasentinelle.dz\\\/index.php\\\/2023\\\/03\\\/01\\\/journee-parlementaire-sur-le-droit-du-peuple-sahraoui-a-lautodetermination-boughali-le-peuple-sahraoui-a-prouve-limprescriptibilite-de-sa-cause\\\/#primaryimage\",\"url\":\"https:\\\/\\\/lasentinelle.dz\\\/wp-content\\\/uploads\\\/2023\\\/03\\\/Sans-titre-4.png\",\"contentUrl\":\"https:\\\/\\\/lasentinelle.dz\\\/wp-content\\\/uploads\\\/2023\\\/03\\\/Sans-titre-4.png\",\"width\":1724,\"height\":900},{\"@type\":\"BreadcrumbList\",\"@id\":\"https:\\\/\\\/lasentinelle.dz\\\/index.php\\\/2023\\\/03\\\/01\\\/journee-parlementaire-sur-le-droit-du-peuple-sahraoui-a-lautodetermination-boughali-le-peuple-sahraoui-a-prouve-limprescriptibilite-de-sa-cause\\\/#breadcrumb\",\"itemListElement\":[{\"@type\":\"ListItem\",\"position\":1,\"name\":\"Accueil\",\"item\":\"https:\\\/\\\/lasentinelle.dz\\\/\"},{\"@type\":\"ListItem\",\"position\":2,\"name\":\"Journ\u00e9e parlementaire sur le droit du peuple sahraoui \u00e0 l&rsquo;autod\u00e9termination, \\\/ Boughali\u00a0:\u00a0\u00bbLe peuple sahraoui a prouv\u00e9 l&rsquo;imprescriptibilit\u00e9 de sa cause\u00a0\u00bb\"}]},{\"@type\":\"WebSite\",\"@id\":\"https:\\\/\\\/lasentinelle.dz\\\/#website\",\"url\":\"https:\\\/\\\/lasentinelle.dz\\\/\",\"name\":\"La Sentinelle\",\"description\":\"Quotidien national d&#039;information\",\"publisher\":{\"@id\":\"https:\\\/\\\/lasentinelle.dz\\\/#organization\"},\"potentialAction\":[{\"@type\":\"SearchAction\",\"target\":{\"@type\":\"EntryPoint\",\"urlTemplate\":\"https:\\\/\\\/lasentinelle.dz\\\/?s={search_term_string}\"},\"query-input\":{\"@type\":\"PropertyValueSpecification\",\"valueRequired\":true,\"valueName\":\"search_term_string\"}}],\"inLanguage\":\"fr-FR\"},{\"@type\":\"Organization\",\"@id\":\"https:\\\/\\\/lasentinelle.dz\\\/#organization\",\"name\":\"Quotidien La Sentinelle\",\"url\":\"https:\\\/\\\/lasentinelle.dz\\\/\",\"logo\":{\"@type\":\"ImageObject\",\"inLanguage\":\"fr-FR\",\"@id\":\"https:\\\/\\\/lasentinelle.dz\\\/#\\\/schema\\\/logo\\\/image\\\/\",\"url\":\"https:\\\/\\\/lasentinelle.dz\\\/wp-content\\\/uploads\\\/2021\\\/09\\\/logo-sentinelleSLOGAN-1.png\",\"contentUrl\":\"https:\\\/\\\/lasentinelle.dz\\\/wp-content\\\/uploads\\\/2021\\\/09\\\/logo-sentinelleSLOGAN-1.png\",\"width\":615,\"height\":142,\"caption\":\"Quotidien La Sentinelle\"},\"image\":{\"@id\":\"https:\\\/\\\/lasentinelle.dz\\\/#\\\/schema\\\/logo\\\/image\\\/\"},\"sameAs\":[\"https:\\\/\\\/www.facebook.com\\\/La-Sentinelle-104059864394773\"]},{\"@type\":\"Person\",\"@id\":\"https:\\\/\\\/lasentinelle.dz\\\/#\\\/schema\\\/person\\\/d865044e22e70a75174ce8bcad3acfb3\",\"name\":\"La Sentinelle\",\"image\":{\"@type\":\"ImageObject\",\"inLanguage\":\"fr-FR\",\"@id\":\"https:\\\/\\\/secure.gravatar.com\\\/avatar\\\/57de8e5d4b15d43fb361a71fbb36338450fe67865b528a43dd10ef7c51a20392?s=96&d=mm&r=g\",\"url\":\"https:\\\/\\\/secure.gravatar.com\\\/avatar\\\/57de8e5d4b15d43fb361a71fbb36338450fe67865b528a43dd10ef7c51a20392?s=96&d=mm&r=g\",\"contentUrl\":\"https:\\\/\\\/secure.gravatar.com\\\/avatar\\\/57de8e5d4b15d43fb361a71fbb36338450fe67865b528a43dd10ef7c51a20392?s=96&d=mm&r=g\",\"caption\":\"La Sentinelle\"},\"sameAs\":[\"http:\\\/\\\/www.lasentinelle.dz\"],\"url\":\"https:\\\/\\\/lasentinelle.dz\\\/author\\\/redaction\\\/\"}]}<\/script>\n<!-- \/ Yoast SEO plugin. -->","yoast_head_json":{"title":"Journ\u00e9e parlementaire sur le droit du peuple sahraoui \u00e0 l&rsquo;autod\u00e9termination, \/ Boughali\u00a0:\u00a0\u00bbLe peuple sahraoui a prouv\u00e9 l&rsquo;imprescriptibilit\u00e9 de sa cause\u00a0\u00bb - La Sentinelle","robots":{"index":"index","follow":"follow","max-snippet":"max-snippet:-1","max-image-preview":"max-image-preview:large","max-video-preview":"max-video-preview:-1"},"canonical":"https:\/\/lasentinelle.dz\/index.php\/2023\/03\/01\/journee-parlementaire-sur-le-droit-du-peuple-sahraoui-a-lautodetermination-boughali-le-peuple-sahraoui-a-prouve-limprescriptibilite-de-sa-cause\/","og_locale":"fr_FR","og_type":"article","og_title":"Journ\u00e9e parlementaire sur le droit du peuple sahraoui \u00e0 l&rsquo;autod\u00e9termination, \/ Boughali\u00a0:\u00a0\u00bbLe peuple sahraoui a prouv\u00e9 l&rsquo;imprescriptibilit\u00e9 de sa cause\u00a0\u00bb - La Sentinelle","og_description":"Le pr\u00e9sident de l&rsquo;Assembl\u00e9e populaire nationale (APN), Brahim Boughali, a affirm\u00e9 hier lors d&rsquo;une journ\u00e9e parlementaire sur le droit du","og_url":"https:\/\/lasentinelle.dz\/index.php\/2023\/03\/01\/journee-parlementaire-sur-le-droit-du-peuple-sahraoui-a-lautodetermination-boughali-le-peuple-sahraoui-a-prouve-limprescriptibilite-de-sa-cause\/","og_site_name":"La Sentinelle","article_publisher":"https:\/\/www.facebook.com\/La-Sentinelle-104059864394773","article_published_time":"2023-03-01T21:05:00+00:00","og_image":[{"width":1724,"height":900,"url":"https:\/\/lasentinelle.dz\/wp-content\/uploads\/2023\/03\/Sans-titre-4.png","type":"image\/png"}],"author":"La Sentinelle","twitter_card":"summary_large_image","twitter_misc":{"\u00c9crit par":"La Sentinelle","Dur\u00e9e de lecture estim\u00e9e":"3 minutes"},"schema":{"@context":"https:\/\/schema.org","@graph":[{"@type":"Article","@id":"https:\/\/lasentinelle.dz\/index.php\/2023\/03\/01\/journee-parlementaire-sur-le-droit-du-peuple-sahraoui-a-lautodetermination-boughali-le-peuple-sahraoui-a-prouve-limprescriptibilite-de-sa-cause\/#article","isPartOf":{"@id":"https:\/\/lasentinelle.dz\/index.php\/2023\/03\/01\/journee-parlementaire-sur-le-droit-du-peuple-sahraoui-a-lautodetermination-boughali-le-peuple-sahraoui-a-prouve-limprescriptibilite-de-sa-cause\/"},"author":{"name":"La Sentinelle","@id":"https:\/\/lasentinelle.dz\/#\/schema\/person\/d865044e22e70a75174ce8bcad3acfb3"},"headline":"Journ\u00e9e parlementaire sur le droit du peuple sahraoui \u00e0 l&rsquo;autod\u00e9termination, \/ Boughali\u00a0:\u00a0\u00bbLe peuple sahraoui a prouv\u00e9 l&rsquo;imprescriptibilit\u00e9 de sa cause\u00a0\u00bb","datePublished":"2023-03-01T21:05:00+00:00","mainEntityOfPage":{"@id":"https:\/\/lasentinelle.dz\/index.php\/2023\/03\/01\/journee-parlementaire-sur-le-droit-du-peuple-sahraoui-a-lautodetermination-boughali-le-peuple-sahraoui-a-prouve-limprescriptibilite-de-sa-cause\/"},"wordCount":561,"commentCount":0,"publisher":{"@id":"https:\/\/lasentinelle.dz\/#organization"},"image":{"@id":"https:\/\/lasentinelle.dz\/index.php\/2023\/03\/01\/journee-parlementaire-sur-le-droit-du-peuple-sahraoui-a-lautodetermination-boughali-le-peuple-sahraoui-a-prouve-limprescriptibilite-de-sa-cause\/#primaryimage"},"thumbnailUrl":"https:\/\/lasentinelle.dz\/wp-content\/uploads\/2023\/03\/Sans-titre-4.png","articleSection":["Actualit\u00e9"],"inLanguage":"fr-FR","potentialAction":[{"@type":"CommentAction","name":"Comment","target":["https:\/\/lasentinelle.dz\/index.php\/2023\/03\/01\/journee-parlementaire-sur-le-droit-du-peuple-sahraoui-a-lautodetermination-boughali-le-peuple-sahraoui-a-prouve-limprescriptibilite-de-sa-cause\/#respond"]}]},{"@type":"WebPage","@id":"https:\/\/lasentinelle.dz\/index.php\/2023\/03\/01\/journee-parlementaire-sur-le-droit-du-peuple-sahraoui-a-lautodetermination-boughali-le-peuple-sahraoui-a-prouve-limprescriptibilite-de-sa-cause\/","url":"https:\/\/lasentinelle.dz\/index.php\/2023\/03\/01\/journee-parlementaire-sur-le-droit-du-peuple-sahraoui-a-lautodetermination-boughali-le-peuple-sahraoui-a-prouve-limprescriptibilite-de-sa-cause\/","name":"Journ\u00e9e parlementaire sur le droit du peuple sahraoui \u00e0 l&rsquo;autod\u00e9termination, \/ Boughali\u00a0:\u00a0\u00bbLe peuple sahraoui a prouv\u00e9 l&rsquo;imprescriptibilit\u00e9 de sa cause\u00a0\u00bb - La Sentinelle","isPartOf":{"@id":"https:\/\/lasentinelle.dz\/#website"},"primaryImageOfPage":{"@id":"https:\/\/lasentinelle.dz\/index.php\/2023\/03\/01\/journee-parlementaire-sur-le-droit-du-peuple-sahraoui-a-lautodetermination-boughali-le-peuple-sahraoui-a-prouve-limprescriptibilite-de-sa-cause\/#primaryimage"},"image":{"@id":"https:\/\/lasentinelle.dz\/index.php\/2023\/03\/01\/journee-parlementaire-sur-le-droit-du-peuple-sahraoui-a-lautodetermination-boughali-le-peuple-sahraoui-a-prouve-limprescriptibilite-de-sa-cause\/#primaryimage"},"thumbnailUrl":"https:\/\/lasentinelle.dz\/wp-content\/uploads\/2023\/03\/Sans-titre-4.png","datePublished":"2023-03-01T21:05:00+00:00","breadcrumb":{"@id":"https:\/\/lasentinelle.dz\/index.php\/2023\/03\/01\/journee-parlementaire-sur-le-droit-du-peuple-sahraoui-a-lautodetermination-boughali-le-peuple-sahraoui-a-prouve-limprescriptibilite-de-sa-cause\/#breadcrumb"},"inLanguage":"fr-FR","potentialAction":[{"@type":"ReadAction","target":["https:\/\/lasentinelle.dz\/index.php\/2023\/03\/01\/journee-parlementaire-sur-le-droit-du-peuple-sahraoui-a-lautodetermination-boughali-le-peuple-sahraoui-a-prouve-limprescriptibilite-de-sa-cause\/"]}]},{"@type":"ImageObject","inLanguage":"fr-FR","@id":"https:\/\/lasentinelle.dz\/index.php\/2023\/03\/01\/journee-parlementaire-sur-le-droit-du-peuple-sahraoui-a-lautodetermination-boughali-le-peuple-sahraoui-a-prouve-limprescriptibilite-de-sa-cause\/#primaryimage","url":"https:\/\/lasentinelle.dz\/wp-content\/uploads\/2023\/03\/Sans-titre-4.png","contentUrl":"https:\/\/lasentinelle.dz\/wp-content\/uploads\/2023\/03\/Sans-titre-4.png","width":1724,"height":900},{"@type":"BreadcrumbList","@id":"https:\/\/lasentinelle.dz\/index.php\/2023\/03\/01\/journee-parlementaire-sur-le-droit-du-peuple-sahraoui-a-lautodetermination-boughali-le-peuple-sahraoui-a-prouve-limprescriptibilite-de-sa-cause\/#breadcrumb","itemListElement":[{"@type":"ListItem","position":1,"name":"Accueil","item":"https:\/\/lasentinelle.dz\/"},{"@type":"ListItem","position":2,"name":"Journ\u00e9e parlementaire sur le droit du peuple sahraoui \u00e0 l&rsquo;autod\u00e9termination, \/ Boughali\u00a0:\u00a0\u00bbLe peuple sahraoui a prouv\u00e9 l&rsquo;imprescriptibilit\u00e9 de sa cause\u00a0\u00bb"}]},{"@type":"WebSite","@id":"https:\/\/lasentinelle.dz\/#website","url":"https:\/\/lasentinelle.dz\/","name":"La Sentinelle","description":"Quotidien national d&#039;information","publisher":{"@id":"https:\/\/lasentinelle.dz\/#organization"},"potentialAction":[{"@type":"SearchAction","target":{"@type":"EntryPoint","urlTemplate":"https:\/\/lasentinelle.dz\/?s={search_term_string}"},"query-input":{"@type":"PropertyValueSpecification","valueRequired":true,"valueName":"search_term_string"}}],"inLanguage":"fr-FR"},{"@type":"Organization","@id":"https:\/\/lasentinelle.dz\/#organization","name":"Quotidien La Sentinelle","url":"https:\/\/lasentinelle.dz\/","logo":{"@type":"ImageObject","inLanguage":"fr-FR","@id":"https:\/\/lasentinelle.dz\/#\/schema\/logo\/image\/","url":"https:\/\/lasentinelle.dz\/wp-content\/uploads\/2021\/09\/logo-sentinelleSLOGAN-1.png","contentUrl":"https:\/\/lasentinelle.dz\/wp-content\/uploads\/2021\/09\/logo-sentinelleSLOGAN-1.png","width":615,"height":142,"caption":"Quotidien La Sentinelle"},"image":{"@id":"https:\/\/lasentinelle.dz\/#\/schema\/logo\/image\/"},"sameAs":["https:\/\/www.facebook.com\/La-Sentinelle-104059864394773"]},{"@type":"Person","@id":"https:\/\/lasentinelle.dz\/#\/schema\/person\/d865044e22e70a75174ce8bcad3acfb3","name":"La Sentinelle","image":{"@type":"ImageObject","inLanguage":"fr-FR","@id":"https:\/\/secure.gravatar.com\/avatar\/57de8e5d4b15d43fb361a71fbb36338450fe67865b528a43dd10ef7c51a20392?s=96&d=mm&r=g","url":"https:\/\/secure.gravatar.com\/avatar\/57de8e5d4b15d43fb361a71fbb36338450fe67865b528a43dd10ef7c51a20392?s=96&d=mm&r=g","contentUrl":"https:\/\/secure.gravatar.com\/avatar\/57de8e5d4b15d43fb361a71fbb36338450fe67865b528a43dd10ef7c51a20392?s=96&d=mm&r=g","caption":"La Sentinelle"},"sameAs":["http:\/\/www.lasentinelle.dz"],"url":"https:\/\/lasentinelle.dz\/author\/redaction\/"}]}},"_links":{"self":[{"href":"https:\/\/lasentinelle.dz\/index.php\/wp-json\/wp\/v2\/posts\/37122","targetHints":{"allow":["GET"]}}],"collection":[{"href":"https:\/\/lasentinelle.dz\/index.php\/wp-json\/wp\/v2\/posts"}],"about":[{"href":"https:\/\/lasentinelle.dz\/index.php\/wp-json\/wp\/v2\/types\/post"}],"author":[{"embeddable":true,"href":"https:\/\/lasentinelle.dz\/index.php\/wp-json\/wp\/v2\/users\/3"}],"replies":[{"embeddable":true,"href":"https:\/\/lasentinelle.dz\/index.php\/wp-json\/wp\/v2\/comments?post=37122"}],"version-history":[{"count":1,"href":"https:\/\/lasentinelle.dz\/index.php\/wp-json\/wp\/v2\/posts\/37122\/revisions"}],"predecessor-version":[{"id":37163,"href":"https:\/\/lasentinelle.dz\/index.php\/wp-json\/wp\/v2\/posts\/37122\/revisions\/37163"}],"wp:featuredmedia":[{"embeddable":true,"href":"https:\/\/lasentinelle.dz\/index.php\/wp-json\/wp\/v2\/media\/37160"}],"wp:attachment":[{"href":"https:\/\/lasentinelle.dz\/index.php\/wp-json\/wp\/v2\/media?parent=37122"}],"wp:term":[{"taxonomy":"category","embeddable":true,"href":"https:\/\/lasentinelle.dz\/index.php\/wp-json\/wp\/v2\/categories?post=37122"},{"taxonomy":"post_tag","embeddable":true,"href":"https:\/\/lasentinelle.dz\/index.php\/wp-json\/wp\/v2\/tags?post=37122"}],"curies":[{"name":"wp","href":"https:\/\/api.w.org\/{rel}","templated":true}]}}