{"id":37188,"date":"2023-03-04T22:00:00","date_gmt":"2023-03-04T21:00:00","guid":{"rendered":"https:\/\/lasentinelle.dz\/?p=37188"},"modified":"2023-03-04T16:18:34","modified_gmt":"2023-03-04T15:18:34","slug":"guerre-en-ukraine-le-ministre-russe-de-la-defense-mene-une-inspection-sur-le-front","status":"publish","type":"post","link":"https:\/\/lasentinelle.dz\/index.php\/2023\/03\/04\/guerre-en-ukraine-le-ministre-russe-de-la-defense-mene-une-inspection-sur-le-front\/","title":{"rendered":"Guerre en Ukraine\u00a0: Le ministre russe de la D\u00e9fense m\u00e8ne une inspection sur le front"},"content":{"rendered":"\n<p>Le ministre russe de la D\u00e9fense Sergue\u00ef Cho\u00efgou a inspect\u00e9 un \u00abposte de commandement\u00bb sur le front dans l&rsquo;est de l&rsquo;Ukraine, a indiqu\u00e9 hier son minist\u00e8re, au moment o\u00f9 fait rage la bataille pour la ville de Bakhmout. Dans un communiqu\u00e9, le minist\u00e8re russe de la D\u00e9fense a indiqu\u00e9 que Sergue\u00ef Cho\u00efgou avait \u00abinspect\u00e9 un poste de commandement sur le front\u00bb, dans \u00abla direction Donetsk-Sud\u00bb, sans pr\u00e9ciser le lieu exact ni la date de cette visite. Le minist\u00e8re a publi\u00e9 une vid\u00e9o montrant Sergue\u00ef Cho\u00efgou voyageant \u00e0 bord d&rsquo;un h\u00e9licopt\u00e8re, puis s&rsquo;entretenant &#8211; sans casque ni gilet pare-balles &#8211; avec un militaire devant des b\u00e2timents endommag\u00e9s, sous la garde d&rsquo;un soldat. Dans cette vid\u00e9o, on voit \u00e9galement le ministre remettre des m\u00e9dailles \u00e0 des soldats russes. Selon le minist\u00e8re, Sergue\u00ef Cho\u00efgou a \u00e9cout\u00e9 un rapport du commandant du groupement arm\u00e9 \u00abEst\u00bb, le g\u00e9n\u00e9ral-colonel Roustam Mouradov. \u00abLe ministre a port\u00e9 une attention particuli\u00e8re \u00e0 l&rsquo;organisation d&rsquo;un soutien complet aux forces du groupement\u00bb, a pr\u00e9cis\u00e9 le minist\u00e8re dans son communiqu\u00e9. Cette visite intervient alors que des combats acharn\u00e9s continuent pour le contr\u00f4le de Bakhmout, dans la r\u00e9gion de Donetsk, une localit\u00e9 \u00e0 la valeur strat\u00e9gique limit\u00e9e mais qui est devenue un symbole car les deux camps s&rsquo;y affrontent depuis des mois. La veille, Evgu\u00e9ni Prigojine, le patron du groupe paramilitaire Wagner qui est en premi\u00e8re ligne dans la bataille de Bakhmout, a affirm\u00e9 que la ville \u00e9tait \u00abpratiquement encercl\u00e9e\u00bb dans une vid\u00e9o o\u00f9 il est apparu en tenue de combat, visiblement sur le front ukrainien. Evgu\u00e9ni Prigojine a vivement critiqu\u00e9, \u00e0 plusieurs reprises, le commandement des forces r\u00e9guli\u00e8res russes, l&rsquo;accusant de ne pas soutenir suffisamment les combattants de Wagner. Fin d\u00e9cembre, Sergue\u00ef Cho\u00efgou avait effectu\u00e9 deux visites de ce type dans la zone de l&rsquo;\u00abop\u00e9ration sp\u00e9ciale\u00bb en Ukraine.<\/p>\n\n\n\n<p>R.I.<\/p>\n","protected":false},"excerpt":{"rendered":"<p>Le ministre russe de la D\u00e9fense Sergue\u00ef Cho\u00efgou a inspect\u00e9 un \u00abposte de commandement\u00bb sur le front dans l&rsquo;est de<\/p>\n","protected":false},"author":3,"featured_media":37194,"comment_status":"open","ping_status":"closed","sticky":false,"template":"","format":"standard","meta":{"colormag_page_container_layout":"default_layout","colormag_page_sidebar_layout":"default_layout","om_disable_all_campaigns":false,"_monsterinsights_skip_tracking":false,"_monsterinsights_sitenote_active":false,"_monsterinsights_sitenote_note":"","_monsterinsights_sitenote_category":0,"footnotes":"","_wpscppro_dont_share_socialmedia":false,"_wpscppro_custom_social_share_image":0,"_facebook_share_type":"","_twitter_share_type":"","_linkedin_share_type":"","_pinterest_share_type":"","_linkedin_share_type_page":"","_instagram_share_type":"","_medium_share_type":"","_threads_share_type":"","_google_business_share_type":"","_selected_social_profile":[],"_wpsp_enable_custom_social_template":false,"_wpsp_social_scheduling":{"enabled":false,"datetime":null,"platforms":[],"status":"template_only","dateOption":"today","timeOption":"now","customDays":"","customHours":"","customDate":"","customTime":"","schedulingType":"absolute"},"_wpsp_active_default_template":true},"categories":[37],"tags":[],"class_list":["post-37188","post","type-post","status-publish","format-standard","has-post-thumbnail","hentry","category-monde"],"aioseo_notices":[],"yoast_head":"<!-- This site is optimized with the Yoast SEO plugin v27.5 - https:\/\/yoast.com\/product\/yoast-seo-wordpress\/ -->\n<title>Guerre en Ukraine\u00a0: Le ministre russe de la D\u00e9fense m\u00e8ne une inspection sur le front - La Sentinelle<\/title>\n<meta name=\"robots\" content=\"index, follow, max-snippet:-1, max-image-preview:large, max-video-preview:-1\" \/>\n<link rel=\"canonical\" href=\"https:\/\/lasentinelle.dz\/index.php\/2023\/03\/04\/guerre-en-ukraine-le-ministre-russe-de-la-defense-mene-une-inspection-sur-le-front\/\" \/>\n<meta property=\"og:locale\" content=\"fr_FR\" \/>\n<meta property=\"og:type\" content=\"article\" \/>\n<meta property=\"og:title\" content=\"Guerre en Ukraine\u00a0: Le ministre russe de la D\u00e9fense m\u00e8ne une inspection sur le front - La Sentinelle\" \/>\n<meta property=\"og:description\" content=\"Le ministre russe de la D\u00e9fense Sergue\u00ef Cho\u00efgou a inspect\u00e9 un \u00abposte de commandement\u00bb sur le front dans l&rsquo;est de\" \/>\n<meta property=\"og:url\" content=\"https:\/\/lasentinelle.dz\/index.php\/2023\/03\/04\/guerre-en-ukraine-le-ministre-russe-de-la-defense-mene-une-inspection-sur-le-front\/\" \/>\n<meta property=\"og:site_name\" content=\"La Sentinelle\" \/>\n<meta property=\"article:publisher\" content=\"https:\/\/www.facebook.com\/La-Sentinelle-104059864394773\" \/>\n<meta property=\"article:published_time\" content=\"2023-03-04T21:00:00+00:00\" \/>\n<meta property=\"og:image\" content=\"https:\/\/lasentinelle.dz\/wp-content\/uploads\/2023\/03\/image_2023-03-04_161742582.png\" \/>\n\t<meta property=\"og:image:width\" content=\"932\" \/>\n\t<meta property=\"og:image:height\" content=\"582\" \/>\n\t<meta property=\"og:image:type\" content=\"image\/png\" \/>\n<meta name=\"author\" content=\"La Sentinelle\" \/>\n<meta name=\"twitter:card\" content=\"summary_large_image\" \/>\n<meta name=\"twitter:label1\" content=\"\u00c9crit par\" \/>\n\t<meta name=\"twitter:data1\" content=\"La Sentinelle\" \/>\n\t<meta name=\"twitter:label2\" content=\"Dur\u00e9e de lecture estim\u00e9e\" \/>\n\t<meta name=\"twitter:data2\" content=\"2 minutes\" \/>\n<script type=\"application\/ld+json\" class=\"yoast-schema-graph\">{\"@context\":\"https:\\\/\\\/schema.org\",\"@graph\":[{\"@type\":\"Article\",\"@id\":\"https:\\\/\\\/lasentinelle.dz\\\/index.php\\\/2023\\\/03\\\/04\\\/guerre-en-ukraine-le-ministre-russe-de-la-defense-mene-une-inspection-sur-le-front\\\/#article\",\"isPartOf\":{\"@id\":\"https:\\\/\\\/lasentinelle.dz\\\/index.php\\\/2023\\\/03\\\/04\\\/guerre-en-ukraine-le-ministre-russe-de-la-defense-mene-une-inspection-sur-le-front\\\/\"},\"author\":{\"name\":\"La Sentinelle\",\"@id\":\"https:\\\/\\\/lasentinelle.dz\\\/#\\\/schema\\\/person\\\/d865044e22e70a75174ce8bcad3acfb3\"},\"headline\":\"Guerre en Ukraine\u00a0: Le ministre russe de la D\u00e9fense m\u00e8ne une inspection sur le front\",\"datePublished\":\"2023-03-04T21:00:00+00:00\",\"mainEntityOfPage\":{\"@id\":\"https:\\\/\\\/lasentinelle.dz\\\/index.php\\\/2023\\\/03\\\/04\\\/guerre-en-ukraine-le-ministre-russe-de-la-defense-mene-une-inspection-sur-le-front\\\/\"},\"wordCount\":359,\"commentCount\":0,\"publisher\":{\"@id\":\"https:\\\/\\\/lasentinelle.dz\\\/#organization\"},\"image\":{\"@id\":\"https:\\\/\\\/lasentinelle.dz\\\/index.php\\\/2023\\\/03\\\/04\\\/guerre-en-ukraine-le-ministre-russe-de-la-defense-mene-une-inspection-sur-le-front\\\/#primaryimage\"},\"thumbnailUrl\":\"https:\\\/\\\/lasentinelle.dz\\\/wp-content\\\/uploads\\\/2023\\\/03\\\/image_2023-03-04_161742582.png\",\"articleSection\":[\"Monde\"],\"inLanguage\":\"fr-FR\",\"potentialAction\":[{\"@type\":\"CommentAction\",\"name\":\"Comment\",\"target\":[\"https:\\\/\\\/lasentinelle.dz\\\/index.php\\\/2023\\\/03\\\/04\\\/guerre-en-ukraine-le-ministre-russe-de-la-defense-mene-une-inspection-sur-le-front\\\/#respond\"]}]},{\"@type\":\"WebPage\",\"@id\":\"https:\\\/\\\/lasentinelle.dz\\\/index.php\\\/2023\\\/03\\\/04\\\/guerre-en-ukraine-le-ministre-russe-de-la-defense-mene-une-inspection-sur-le-front\\\/\",\"url\":\"https:\\\/\\\/lasentinelle.dz\\\/index.php\\\/2023\\\/03\\\/04\\\/guerre-en-ukraine-le-ministre-russe-de-la-defense-mene-une-inspection-sur-le-front\\\/\",\"name\":\"Guerre en Ukraine\u00a0: Le ministre russe de la D\u00e9fense m\u00e8ne une inspection sur le front - La Sentinelle\",\"isPartOf\":{\"@id\":\"https:\\\/\\\/lasentinelle.dz\\\/#website\"},\"primaryImageOfPage\":{\"@id\":\"https:\\\/\\\/lasentinelle.dz\\\/index.php\\\/2023\\\/03\\\/04\\\/guerre-en-ukraine-le-ministre-russe-de-la-defense-mene-une-inspection-sur-le-front\\\/#primaryimage\"},\"image\":{\"@id\":\"https:\\\/\\\/lasentinelle.dz\\\/index.php\\\/2023\\\/03\\\/04\\\/guerre-en-ukraine-le-ministre-russe-de-la-defense-mene-une-inspection-sur-le-front\\\/#primaryimage\"},\"thumbnailUrl\":\"https:\\\/\\\/lasentinelle.dz\\\/wp-content\\\/uploads\\\/2023\\\/03\\\/image_2023-03-04_161742582.png\",\"datePublished\":\"2023-03-04T21:00:00+00:00\",\"breadcrumb\":{\"@id\":\"https:\\\/\\\/lasentinelle.dz\\\/index.php\\\/2023\\\/03\\\/04\\\/guerre-en-ukraine-le-ministre-russe-de-la-defense-mene-une-inspection-sur-le-front\\\/#breadcrumb\"},\"inLanguage\":\"fr-FR\",\"potentialAction\":[{\"@type\":\"ReadAction\",\"target\":[\"https:\\\/\\\/lasentinelle.dz\\\/index.php\\\/2023\\\/03\\\/04\\\/guerre-en-ukraine-le-ministre-russe-de-la-defense-mene-une-inspection-sur-le-front\\\/\"]}]},{\"@type\":\"ImageObject\",\"inLanguage\":\"fr-FR\",\"@id\":\"https:\\\/\\\/lasentinelle.dz\\\/index.php\\\/2023\\\/03\\\/04\\\/guerre-en-ukraine-le-ministre-russe-de-la-defense-mene-une-inspection-sur-le-front\\\/#primaryimage\",\"url\":\"https:\\\/\\\/lasentinelle.dz\\\/wp-content\\\/uploads\\\/2023\\\/03\\\/image_2023-03-04_161742582.png\",\"contentUrl\":\"https:\\\/\\\/lasentinelle.dz\\\/wp-content\\\/uploads\\\/2023\\\/03\\\/image_2023-03-04_161742582.png\",\"width\":932,\"height\":582},{\"@type\":\"BreadcrumbList\",\"@id\":\"https:\\\/\\\/lasentinelle.dz\\\/index.php\\\/2023\\\/03\\\/04\\\/guerre-en-ukraine-le-ministre-russe-de-la-defense-mene-une-inspection-sur-le-front\\\/#breadcrumb\",\"itemListElement\":[{\"@type\":\"ListItem\",\"position\":1,\"name\":\"Accueil\",\"item\":\"https:\\\/\\\/lasentinelle.dz\\\/\"},{\"@type\":\"ListItem\",\"position\":2,\"name\":\"Guerre en Ukraine\u00a0: Le ministre russe de la D\u00e9fense m\u00e8ne une inspection sur le front\"}]},{\"@type\":\"WebSite\",\"@id\":\"https:\\\/\\\/lasentinelle.dz\\\/#website\",\"url\":\"https:\\\/\\\/lasentinelle.dz\\\/\",\"name\":\"La Sentinelle\",\"description\":\"Quotidien national d&#039;information\",\"publisher\":{\"@id\":\"https:\\\/\\\/lasentinelle.dz\\\/#organization\"},\"potentialAction\":[{\"@type\":\"SearchAction\",\"target\":{\"@type\":\"EntryPoint\",\"urlTemplate\":\"https:\\\/\\\/lasentinelle.dz\\\/?s={search_term_string}\"},\"query-input\":{\"@type\":\"PropertyValueSpecification\",\"valueRequired\":true,\"valueName\":\"search_term_string\"}}],\"inLanguage\":\"fr-FR\"},{\"@type\":\"Organization\",\"@id\":\"https:\\\/\\\/lasentinelle.dz\\\/#organization\",\"name\":\"Quotidien La Sentinelle\",\"url\":\"https:\\\/\\\/lasentinelle.dz\\\/\",\"logo\":{\"@type\":\"ImageObject\",\"inLanguage\":\"fr-FR\",\"@id\":\"https:\\\/\\\/lasentinelle.dz\\\/#\\\/schema\\\/logo\\\/image\\\/\",\"url\":\"https:\\\/\\\/lasentinelle.dz\\\/wp-content\\\/uploads\\\/2021\\\/09\\\/logo-sentinelleSLOGAN-1.png\",\"contentUrl\":\"https:\\\/\\\/lasentinelle.dz\\\/wp-content\\\/uploads\\\/2021\\\/09\\\/logo-sentinelleSLOGAN-1.png\",\"width\":615,\"height\":142,\"caption\":\"Quotidien La Sentinelle\"},\"image\":{\"@id\":\"https:\\\/\\\/lasentinelle.dz\\\/#\\\/schema\\\/logo\\\/image\\\/\"},\"sameAs\":[\"https:\\\/\\\/www.facebook.com\\\/La-Sentinelle-104059864394773\"]},{\"@type\":\"Person\",\"@id\":\"https:\\\/\\\/lasentinelle.dz\\\/#\\\/schema\\\/person\\\/d865044e22e70a75174ce8bcad3acfb3\",\"name\":\"La Sentinelle\",\"image\":{\"@type\":\"ImageObject\",\"inLanguage\":\"fr-FR\",\"@id\":\"https:\\\/\\\/secure.gravatar.com\\\/avatar\\\/57de8e5d4b15d43fb361a71fbb36338450fe67865b528a43dd10ef7c51a20392?s=96&d=mm&r=g\",\"url\":\"https:\\\/\\\/secure.gravatar.com\\\/avatar\\\/57de8e5d4b15d43fb361a71fbb36338450fe67865b528a43dd10ef7c51a20392?s=96&d=mm&r=g\",\"contentUrl\":\"https:\\\/\\\/secure.gravatar.com\\\/avatar\\\/57de8e5d4b15d43fb361a71fbb36338450fe67865b528a43dd10ef7c51a20392?s=96&d=mm&r=g\",\"caption\":\"La Sentinelle\"},\"sameAs\":[\"http:\\\/\\\/www.lasentinelle.dz\"],\"url\":\"https:\\\/\\\/lasentinelle.dz\\\/author\\\/redaction\\\/\"}]}<\/script>\n<!-- \/ Yoast SEO plugin. -->","yoast_head_json":{"title":"Guerre en Ukraine\u00a0: Le ministre russe de la D\u00e9fense m\u00e8ne une inspection sur le front - La Sentinelle","robots":{"index":"index","follow":"follow","max-snippet":"max-snippet:-1","max-image-preview":"max-image-preview:large","max-video-preview":"max-video-preview:-1"},"canonical":"https:\/\/lasentinelle.dz\/index.php\/2023\/03\/04\/guerre-en-ukraine-le-ministre-russe-de-la-defense-mene-une-inspection-sur-le-front\/","og_locale":"fr_FR","og_type":"article","og_title":"Guerre en Ukraine\u00a0: Le ministre russe de la D\u00e9fense m\u00e8ne une inspection sur le front - La Sentinelle","og_description":"Le ministre russe de la D\u00e9fense Sergue\u00ef Cho\u00efgou a inspect\u00e9 un \u00abposte de commandement\u00bb sur le front dans l&rsquo;est de","og_url":"https:\/\/lasentinelle.dz\/index.php\/2023\/03\/04\/guerre-en-ukraine-le-ministre-russe-de-la-defense-mene-une-inspection-sur-le-front\/","og_site_name":"La Sentinelle","article_publisher":"https:\/\/www.facebook.com\/La-Sentinelle-104059864394773","article_published_time":"2023-03-04T21:00:00+00:00","og_image":[{"width":932,"height":582,"url":"https:\/\/lasentinelle.dz\/wp-content\/uploads\/2023\/03\/image_2023-03-04_161742582.png","type":"image\/png"}],"author":"La Sentinelle","twitter_card":"summary_large_image","twitter_misc":{"\u00c9crit par":"La Sentinelle","Dur\u00e9e de lecture estim\u00e9e":"2 minutes"},"schema":{"@context":"https:\/\/schema.org","@graph":[{"@type":"Article","@id":"https:\/\/lasentinelle.dz\/index.php\/2023\/03\/04\/guerre-en-ukraine-le-ministre-russe-de-la-defense-mene-une-inspection-sur-le-front\/#article","isPartOf":{"@id":"https:\/\/lasentinelle.dz\/index.php\/2023\/03\/04\/guerre-en-ukraine-le-ministre-russe-de-la-defense-mene-une-inspection-sur-le-front\/"},"author":{"name":"La Sentinelle","@id":"https:\/\/lasentinelle.dz\/#\/schema\/person\/d865044e22e70a75174ce8bcad3acfb3"},"headline":"Guerre en Ukraine\u00a0: Le ministre russe de la D\u00e9fense m\u00e8ne une inspection sur le front","datePublished":"2023-03-04T21:00:00+00:00","mainEntityOfPage":{"@id":"https:\/\/lasentinelle.dz\/index.php\/2023\/03\/04\/guerre-en-ukraine-le-ministre-russe-de-la-defense-mene-une-inspection-sur-le-front\/"},"wordCount":359,"commentCount":0,"publisher":{"@id":"https:\/\/lasentinelle.dz\/#organization"},"image":{"@id":"https:\/\/lasentinelle.dz\/index.php\/2023\/03\/04\/guerre-en-ukraine-le-ministre-russe-de-la-defense-mene-une-inspection-sur-le-front\/#primaryimage"},"thumbnailUrl":"https:\/\/lasentinelle.dz\/wp-content\/uploads\/2023\/03\/image_2023-03-04_161742582.png","articleSection":["Monde"],"inLanguage":"fr-FR","potentialAction":[{"@type":"CommentAction","name":"Comment","target":["https:\/\/lasentinelle.dz\/index.php\/2023\/03\/04\/guerre-en-ukraine-le-ministre-russe-de-la-defense-mene-une-inspection-sur-le-front\/#respond"]}]},{"@type":"WebPage","@id":"https:\/\/lasentinelle.dz\/index.php\/2023\/03\/04\/guerre-en-ukraine-le-ministre-russe-de-la-defense-mene-une-inspection-sur-le-front\/","url":"https:\/\/lasentinelle.dz\/index.php\/2023\/03\/04\/guerre-en-ukraine-le-ministre-russe-de-la-defense-mene-une-inspection-sur-le-front\/","name":"Guerre en Ukraine\u00a0: Le ministre russe de la D\u00e9fense m\u00e8ne une inspection sur le front - La Sentinelle","isPartOf":{"@id":"https:\/\/lasentinelle.dz\/#website"},"primaryImageOfPage":{"@id":"https:\/\/lasentinelle.dz\/index.php\/2023\/03\/04\/guerre-en-ukraine-le-ministre-russe-de-la-defense-mene-une-inspection-sur-le-front\/#primaryimage"},"image":{"@id":"https:\/\/lasentinelle.dz\/index.php\/2023\/03\/04\/guerre-en-ukraine-le-ministre-russe-de-la-defense-mene-une-inspection-sur-le-front\/#primaryimage"},"thumbnailUrl":"https:\/\/lasentinelle.dz\/wp-content\/uploads\/2023\/03\/image_2023-03-04_161742582.png","datePublished":"2023-03-04T21:00:00+00:00","breadcrumb":{"@id":"https:\/\/lasentinelle.dz\/index.php\/2023\/03\/04\/guerre-en-ukraine-le-ministre-russe-de-la-defense-mene-une-inspection-sur-le-front\/#breadcrumb"},"inLanguage":"fr-FR","potentialAction":[{"@type":"ReadAction","target":["https:\/\/lasentinelle.dz\/index.php\/2023\/03\/04\/guerre-en-ukraine-le-ministre-russe-de-la-defense-mene-une-inspection-sur-le-front\/"]}]},{"@type":"ImageObject","inLanguage":"fr-FR","@id":"https:\/\/lasentinelle.dz\/index.php\/2023\/03\/04\/guerre-en-ukraine-le-ministre-russe-de-la-defense-mene-une-inspection-sur-le-front\/#primaryimage","url":"https:\/\/lasentinelle.dz\/wp-content\/uploads\/2023\/03\/image_2023-03-04_161742582.png","contentUrl":"https:\/\/lasentinelle.dz\/wp-content\/uploads\/2023\/03\/image_2023-03-04_161742582.png","width":932,"height":582},{"@type":"BreadcrumbList","@id":"https:\/\/lasentinelle.dz\/index.php\/2023\/03\/04\/guerre-en-ukraine-le-ministre-russe-de-la-defense-mene-une-inspection-sur-le-front\/#breadcrumb","itemListElement":[{"@type":"ListItem","position":1,"name":"Accueil","item":"https:\/\/lasentinelle.dz\/"},{"@type":"ListItem","position":2,"name":"Guerre en Ukraine\u00a0: Le ministre russe de la D\u00e9fense m\u00e8ne une inspection sur le front"}]},{"@type":"WebSite","@id":"https:\/\/lasentinelle.dz\/#website","url":"https:\/\/lasentinelle.dz\/","name":"La Sentinelle","description":"Quotidien national d&#039;information","publisher":{"@id":"https:\/\/lasentinelle.dz\/#organization"},"potentialAction":[{"@type":"SearchAction","target":{"@type":"EntryPoint","urlTemplate":"https:\/\/lasentinelle.dz\/?s={search_term_string}"},"query-input":{"@type":"PropertyValueSpecification","valueRequired":true,"valueName":"search_term_string"}}],"inLanguage":"fr-FR"},{"@type":"Organization","@id":"https:\/\/lasentinelle.dz\/#organization","name":"Quotidien La Sentinelle","url":"https:\/\/lasentinelle.dz\/","logo":{"@type":"ImageObject","inLanguage":"fr-FR","@id":"https:\/\/lasentinelle.dz\/#\/schema\/logo\/image\/","url":"https:\/\/lasentinelle.dz\/wp-content\/uploads\/2021\/09\/logo-sentinelleSLOGAN-1.png","contentUrl":"https:\/\/lasentinelle.dz\/wp-content\/uploads\/2021\/09\/logo-sentinelleSLOGAN-1.png","width":615,"height":142,"caption":"Quotidien La Sentinelle"},"image":{"@id":"https:\/\/lasentinelle.dz\/#\/schema\/logo\/image\/"},"sameAs":["https:\/\/www.facebook.com\/La-Sentinelle-104059864394773"]},{"@type":"Person","@id":"https:\/\/lasentinelle.dz\/#\/schema\/person\/d865044e22e70a75174ce8bcad3acfb3","name":"La Sentinelle","image":{"@type":"ImageObject","inLanguage":"fr-FR","@id":"https:\/\/secure.gravatar.com\/avatar\/57de8e5d4b15d43fb361a71fbb36338450fe67865b528a43dd10ef7c51a20392?s=96&d=mm&r=g","url":"https:\/\/secure.gravatar.com\/avatar\/57de8e5d4b15d43fb361a71fbb36338450fe67865b528a43dd10ef7c51a20392?s=96&d=mm&r=g","contentUrl":"https:\/\/secure.gravatar.com\/avatar\/57de8e5d4b15d43fb361a71fbb36338450fe67865b528a43dd10ef7c51a20392?s=96&d=mm&r=g","caption":"La Sentinelle"},"sameAs":["http:\/\/www.lasentinelle.dz"],"url":"https:\/\/lasentinelle.dz\/author\/redaction\/"}]}},"_links":{"self":[{"href":"https:\/\/lasentinelle.dz\/index.php\/wp-json\/wp\/v2\/posts\/37188","targetHints":{"allow":["GET"]}}],"collection":[{"href":"https:\/\/lasentinelle.dz\/index.php\/wp-json\/wp\/v2\/posts"}],"about":[{"href":"https:\/\/lasentinelle.dz\/index.php\/wp-json\/wp\/v2\/types\/post"}],"author":[{"embeddable":true,"href":"https:\/\/lasentinelle.dz\/index.php\/wp-json\/wp\/v2\/users\/3"}],"replies":[{"embeddable":true,"href":"https:\/\/lasentinelle.dz\/index.php\/wp-json\/wp\/v2\/comments?post=37188"}],"version-history":[{"count":1,"href":"https:\/\/lasentinelle.dz\/index.php\/wp-json\/wp\/v2\/posts\/37188\/revisions"}],"predecessor-version":[{"id":37195,"href":"https:\/\/lasentinelle.dz\/index.php\/wp-json\/wp\/v2\/posts\/37188\/revisions\/37195"}],"wp:featuredmedia":[{"embeddable":true,"href":"https:\/\/lasentinelle.dz\/index.php\/wp-json\/wp\/v2\/media\/37194"}],"wp:attachment":[{"href":"https:\/\/lasentinelle.dz\/index.php\/wp-json\/wp\/v2\/media?parent=37188"}],"wp:term":[{"taxonomy":"category","embeddable":true,"href":"https:\/\/lasentinelle.dz\/index.php\/wp-json\/wp\/v2\/categories?post=37188"},{"taxonomy":"post_tag","embeddable":true,"href":"https:\/\/lasentinelle.dz\/index.php\/wp-json\/wp\/v2\/tags?post=37188"}],"curies":[{"name":"wp","href":"https:\/\/api.w.org\/{rel}","templated":true}]}}