{"id":37241,"date":"2023-03-04T22:05:00","date_gmt":"2023-03-04T21:05:00","guid":{"rendered":"https:\/\/lasentinelle.dz\/?p=37241"},"modified":"2023-03-04T20:32:24","modified_gmt":"2023-03-04T19:32:24","slug":"trois-conventions-entre-des-conserveries-et-la-capa-de-nouvelles-mesures-pour-approvisionner-les-marches","status":"publish","type":"post","link":"https:\/\/lasentinelle.dz\/index.php\/2023\/03\/04\/trois-conventions-entre-des-conserveries-et-la-capa-de-nouvelles-mesures-pour-approvisionner-les-marches\/","title":{"rendered":"Trois conventions entre des conserveries et la CAPA\u00a0: De nouvelles mesures pour approvisionner les march\u00e9s"},"content":{"rendered":"\n<p>Les pr\u00e9paratifs pour le mois sacr\u00e9 de Ramadhan s\u2019acc\u00e9l\u00e8rent. Garantir la disponibilit\u00e9 des produits alimentaires en quantit\u00e9s suffisantes et \u00e0 des prix abordables est une priorit\u00e9 pour le Gouvernement. Ainsi, et apr\u00e8s les engagements du d\u00e9partement de l\u2019Agriculture et du D\u00e9veloppement rural en ce qui concerne la disponibilit\u00e9 des viandes rouges et blanches \u00e0 travers l\u2019intervention de l\u2019Office national de l\u2019aliment de B\u00e9tail et de l\u2019Alg\u00e9rienne des Viandes, c\u2019est au tour du minist\u00e8re de la P\u00eache et des Productions halieutiques de s\u2019y mettre et de parrainer des mesures pour assurer l\u2019approvisionnement du march\u00e9 en produits halieutiques transform\u00e9s et d\u2019aquaculture. C\u2019est dans cet objectif que trois conventions ont \u00e9t\u00e9 sign\u00e9s hier entre la Chambre alg\u00e9rienne de p\u00eache et d&rsquo;aquaculture (CAPA) d\u2019une part et d\u2019autre part deux conserveries de thon et une entreprise aquacole, visant \u00e0 renforcer l&rsquo;offre sur le march\u00e9 de produits de transformation et d&rsquo;aquaculture, au mois de ramadhan prochain, dans le cadre de l&rsquo;op\u00e9ration de vente directe \u00ab\u00a0du producteur au consommateur\u00a0\u00bb.Ces conventions ont \u00e9t\u00e9 paraph\u00e9es avec les conserveries CPC de Baba Ali, de Sarl Cogeat et l&rsquo;entreprise aquacole, Boumerdes fish company, en marge de la c\u00e9r\u00e9monie de mise en service d&rsquo;un thonier de 35 m\u00e8tres, pr\u00e9sid\u00e9es par les ministres de la P\u00eache et des Productions halieutiques, Hichem Sofiane Salaouatchi et le ministre des Transports, Kamel Beldjoud.<\/p>\n\n\n\n<p>Dans le cadre de ces accords, les op\u00e9rateurs signataires devront approvisionner les march\u00e9s&nbsp;\u00ab&nbsp;Rahma&nbsp;\u00bb, ouverts durant le mois de ramadhan, \u00e0 l&rsquo;\u00e9chelle nationale, la daurade et divers produits de conserverie entre thon et sardines notamment, \u00e0 des prix d&rsquo;usine. Dans ce contexte, le ministre de la P\u00eache a soulign\u00e9 que \u00ab&nbsp;les produits aquacoles se sont impos\u00e9s sur le march\u00e9 et sont sollicit\u00e9s par les consommateurs et c\u00e9d\u00e9s \u00e0 des prix comp\u00e9titifs&nbsp;\u00bb A cette occasion, M. Salaouatchi a rappel\u00e9 l&rsquo;exp\u00e9rience \u00ab\u00a0r\u00e9ussie\u00a0\u00bb de la vente directe de daurade et de tilapia, lanc\u00e9e en ramadhan dernier par la CAPA et qui avait permis aux consommateurs de se s&rsquo;approvisionner en ces deux poissons d&rsquo;aquaculture \u00e0 des prix \u00ab\u00a0abordables\u00a0\u00bb.<\/p>\n\n\n\n<p>Il a ajout\u00e9 que cette ann\u00e9e, le thon rouge, \u00e0 l&rsquo;instar de la daurade et le tilapia sera \u00e9galement vendu \u00e0 des prix abordables \u00ab\u00a0entre 800 et 1.200 dinars\u00a0\u00bb.Selon lui, la r\u00e9duction du r\u00e9seau des mandataires dans la commercialisation des produits halieutiques a b\u00e9n\u00e9fici\u00e9 aux consommateurs et professionnels de la p\u00eache.<\/p>\n\n\n\n<p>Il est utile de rappeler que le ministre de l\u2019Agriculture et du D\u00e9veloppement rural, Mohamed Abdelhafid Henni, a r\u00e9cemment r\u00e9it\u00e9r\u00e9 les engagements pris afin d\u2019infl\u00e9chir les prix de la viande rouge \u00e0 moins de 1.200 DA le kilo, et le poulet \u00e0 350 DA, durant le Ramadhan. L\u2019Alg\u00e9rienne des viandes a ainsi annonc\u00e9 le recours \u00e0 l\u2019importation de 20.000 tonnes de viande rouge afin d\u2019augmenter l\u2019offre sur le march\u00e9. Pour sa part, l\u2019Office national de l\u2019aliment de b\u00e9tail a annonc\u00e9 la commercialisation de poulet \u00e0 des prix r\u00e9duits au niveau de l\u2019ensemble de ses points de vente \u00e0 travers le territoire national.<\/p>\n\n\n\n<p><strong>Hocine Fadheli<\/strong><\/p>\n","protected":false},"excerpt":{"rendered":"<p>Les pr\u00e9paratifs pour le mois sacr\u00e9 de Ramadhan s\u2019acc\u00e9l\u00e8rent. Garantir la disponibilit\u00e9 des produits alimentaires en quantit\u00e9s suffisantes et \u00e0<\/p>\n","protected":false},"author":3,"featured_media":37243,"comment_status":"open","ping_status":"closed","sticky":false,"template":"","format":"standard","meta":{"colormag_page_container_layout":"default_layout","colormag_page_sidebar_layout":"default_layout","om_disable_all_campaigns":false,"_monsterinsights_skip_tracking":false,"_monsterinsights_sitenote_active":false,"_monsterinsights_sitenote_note":"","_monsterinsights_sitenote_category":0,"footnotes":"","_wpscppro_dont_share_socialmedia":false,"_wpscppro_custom_social_share_image":0,"_facebook_share_type":"","_twitter_share_type":"","_linkedin_share_type":"","_pinterest_share_type":"","_linkedin_share_type_page":"","_instagram_share_type":"","_medium_share_type":"","_threads_share_type":"","_google_business_share_type":"","_selected_social_profile":[],"_wpsp_enable_custom_social_template":false,"_wpsp_social_scheduling":{"enabled":false,"datetime":null,"platforms":[],"status":"template_only","dateOption":"today","timeOption":"now","customDays":"","customHours":"","customDate":"","customTime":"","schedulingType":"absolute"},"_wpsp_active_default_template":true},"categories":[29],"tags":[],"class_list":["post-37241","post","type-post","status-publish","format-standard","has-post-thumbnail","hentry","category-economie"],"aioseo_notices":[],"yoast_head":"<!-- This site is optimized with the Yoast SEO plugin v27.5 - https:\/\/yoast.com\/product\/yoast-seo-wordpress\/ -->\n<title>Trois conventions entre des conserveries et la CAPA\u00a0: De nouvelles mesures pour approvisionner les march\u00e9s - La Sentinelle<\/title>\n<meta name=\"robots\" content=\"index, follow, max-snippet:-1, max-image-preview:large, max-video-preview:-1\" \/>\n<link rel=\"canonical\" href=\"https:\/\/lasentinelle.dz\/index.php\/2023\/03\/04\/trois-conventions-entre-des-conserveries-et-la-capa-de-nouvelles-mesures-pour-approvisionner-les-marches\/\" \/>\n<meta property=\"og:locale\" content=\"fr_FR\" \/>\n<meta property=\"og:type\" content=\"article\" \/>\n<meta property=\"og:title\" content=\"Trois conventions entre des conserveries et la CAPA\u00a0: De nouvelles mesures pour approvisionner les march\u00e9s - La Sentinelle\" \/>\n<meta property=\"og:description\" content=\"Les pr\u00e9paratifs pour le mois sacr\u00e9 de Ramadhan s\u2019acc\u00e9l\u00e8rent. Garantir la disponibilit\u00e9 des produits alimentaires en quantit\u00e9s suffisantes et \u00e0\" \/>\n<meta property=\"og:url\" content=\"https:\/\/lasentinelle.dz\/index.php\/2023\/03\/04\/trois-conventions-entre-des-conserveries-et-la-capa-de-nouvelles-mesures-pour-approvisionner-les-marches\/\" \/>\n<meta property=\"og:site_name\" content=\"La Sentinelle\" \/>\n<meta property=\"article:publisher\" content=\"https:\/\/www.facebook.com\/La-Sentinelle-104059864394773\" \/>\n<meta property=\"article:published_time\" content=\"2023-03-04T21:05:00+00:00\" \/>\n<meta property=\"og:image\" content=\"https:\/\/lasentinelle.dz\/wp-content\/uploads\/2023\/03\/Sans-titre-8.png\" \/>\n\t<meta property=\"og:image:width\" content=\"1199\" \/>\n\t<meta property=\"og:image:height\" content=\"900\" \/>\n\t<meta property=\"og:image:type\" content=\"image\/png\" \/>\n<meta name=\"author\" content=\"La Sentinelle\" \/>\n<meta name=\"twitter:card\" content=\"summary_large_image\" \/>\n<meta name=\"twitter:label1\" content=\"\u00c9crit par\" \/>\n\t<meta name=\"twitter:data1\" content=\"La Sentinelle\" \/>\n\t<meta name=\"twitter:label2\" content=\"Dur\u00e9e de lecture estim\u00e9e\" \/>\n\t<meta name=\"twitter:data2\" content=\"3 minutes\" \/>\n<script type=\"application\/ld+json\" class=\"yoast-schema-graph\">{\"@context\":\"https:\\\/\\\/schema.org\",\"@graph\":[{\"@type\":\"Article\",\"@id\":\"https:\\\/\\\/lasentinelle.dz\\\/index.php\\\/2023\\\/03\\\/04\\\/trois-conventions-entre-des-conserveries-et-la-capa-de-nouvelles-mesures-pour-approvisionner-les-marches\\\/#article\",\"isPartOf\":{\"@id\":\"https:\\\/\\\/lasentinelle.dz\\\/index.php\\\/2023\\\/03\\\/04\\\/trois-conventions-entre-des-conserveries-et-la-capa-de-nouvelles-mesures-pour-approvisionner-les-marches\\\/\"},\"author\":{\"name\":\"La Sentinelle\",\"@id\":\"https:\\\/\\\/lasentinelle.dz\\\/#\\\/schema\\\/person\\\/d865044e22e70a75174ce8bcad3acfb3\"},\"headline\":\"Trois conventions entre des conserveries et la CAPA\u00a0: De nouvelles mesures pour approvisionner les march\u00e9s\",\"datePublished\":\"2023-03-04T21:05:00+00:00\",\"mainEntityOfPage\":{\"@id\":\"https:\\\/\\\/lasentinelle.dz\\\/index.php\\\/2023\\\/03\\\/04\\\/trois-conventions-entre-des-conserveries-et-la-capa-de-nouvelles-mesures-pour-approvisionner-les-marches\\\/\"},\"wordCount\":571,\"commentCount\":0,\"publisher\":{\"@id\":\"https:\\\/\\\/lasentinelle.dz\\\/#organization\"},\"image\":{\"@id\":\"https:\\\/\\\/lasentinelle.dz\\\/index.php\\\/2023\\\/03\\\/04\\\/trois-conventions-entre-des-conserveries-et-la-capa-de-nouvelles-mesures-pour-approvisionner-les-marches\\\/#primaryimage\"},\"thumbnailUrl\":\"https:\\\/\\\/lasentinelle.dz\\\/wp-content\\\/uploads\\\/2023\\\/03\\\/Sans-titre-8.png\",\"articleSection\":[\"\u00c9conomie\"],\"inLanguage\":\"fr-FR\",\"potentialAction\":[{\"@type\":\"CommentAction\",\"name\":\"Comment\",\"target\":[\"https:\\\/\\\/lasentinelle.dz\\\/index.php\\\/2023\\\/03\\\/04\\\/trois-conventions-entre-des-conserveries-et-la-capa-de-nouvelles-mesures-pour-approvisionner-les-marches\\\/#respond\"]}]},{\"@type\":\"WebPage\",\"@id\":\"https:\\\/\\\/lasentinelle.dz\\\/index.php\\\/2023\\\/03\\\/04\\\/trois-conventions-entre-des-conserveries-et-la-capa-de-nouvelles-mesures-pour-approvisionner-les-marches\\\/\",\"url\":\"https:\\\/\\\/lasentinelle.dz\\\/index.php\\\/2023\\\/03\\\/04\\\/trois-conventions-entre-des-conserveries-et-la-capa-de-nouvelles-mesures-pour-approvisionner-les-marches\\\/\",\"name\":\"Trois conventions entre des conserveries et la CAPA\u00a0: De nouvelles mesures pour approvisionner les march\u00e9s - La Sentinelle\",\"isPartOf\":{\"@id\":\"https:\\\/\\\/lasentinelle.dz\\\/#website\"},\"primaryImageOfPage\":{\"@id\":\"https:\\\/\\\/lasentinelle.dz\\\/index.php\\\/2023\\\/03\\\/04\\\/trois-conventions-entre-des-conserveries-et-la-capa-de-nouvelles-mesures-pour-approvisionner-les-marches\\\/#primaryimage\"},\"image\":{\"@id\":\"https:\\\/\\\/lasentinelle.dz\\\/index.php\\\/2023\\\/03\\\/04\\\/trois-conventions-entre-des-conserveries-et-la-capa-de-nouvelles-mesures-pour-approvisionner-les-marches\\\/#primaryimage\"},\"thumbnailUrl\":\"https:\\\/\\\/lasentinelle.dz\\\/wp-content\\\/uploads\\\/2023\\\/03\\\/Sans-titre-8.png\",\"datePublished\":\"2023-03-04T21:05:00+00:00\",\"breadcrumb\":{\"@id\":\"https:\\\/\\\/lasentinelle.dz\\\/index.php\\\/2023\\\/03\\\/04\\\/trois-conventions-entre-des-conserveries-et-la-capa-de-nouvelles-mesures-pour-approvisionner-les-marches\\\/#breadcrumb\"},\"inLanguage\":\"fr-FR\",\"potentialAction\":[{\"@type\":\"ReadAction\",\"target\":[\"https:\\\/\\\/lasentinelle.dz\\\/index.php\\\/2023\\\/03\\\/04\\\/trois-conventions-entre-des-conserveries-et-la-capa-de-nouvelles-mesures-pour-approvisionner-les-marches\\\/\"]}]},{\"@type\":\"ImageObject\",\"inLanguage\":\"fr-FR\",\"@id\":\"https:\\\/\\\/lasentinelle.dz\\\/index.php\\\/2023\\\/03\\\/04\\\/trois-conventions-entre-des-conserveries-et-la-capa-de-nouvelles-mesures-pour-approvisionner-les-marches\\\/#primaryimage\",\"url\":\"https:\\\/\\\/lasentinelle.dz\\\/wp-content\\\/uploads\\\/2023\\\/03\\\/Sans-titre-8.png\",\"contentUrl\":\"https:\\\/\\\/lasentinelle.dz\\\/wp-content\\\/uploads\\\/2023\\\/03\\\/Sans-titre-8.png\",\"width\":1199,\"height\":900},{\"@type\":\"BreadcrumbList\",\"@id\":\"https:\\\/\\\/lasentinelle.dz\\\/index.php\\\/2023\\\/03\\\/04\\\/trois-conventions-entre-des-conserveries-et-la-capa-de-nouvelles-mesures-pour-approvisionner-les-marches\\\/#breadcrumb\",\"itemListElement\":[{\"@type\":\"ListItem\",\"position\":1,\"name\":\"Accueil\",\"item\":\"https:\\\/\\\/lasentinelle.dz\\\/\"},{\"@type\":\"ListItem\",\"position\":2,\"name\":\"Trois conventions entre des conserveries et la CAPA\u00a0: De nouvelles mesures pour approvisionner les march\u00e9s\"}]},{\"@type\":\"WebSite\",\"@id\":\"https:\\\/\\\/lasentinelle.dz\\\/#website\",\"url\":\"https:\\\/\\\/lasentinelle.dz\\\/\",\"name\":\"La Sentinelle\",\"description\":\"Quotidien national d&#039;information\",\"publisher\":{\"@id\":\"https:\\\/\\\/lasentinelle.dz\\\/#organization\"},\"potentialAction\":[{\"@type\":\"SearchAction\",\"target\":{\"@type\":\"EntryPoint\",\"urlTemplate\":\"https:\\\/\\\/lasentinelle.dz\\\/?s={search_term_string}\"},\"query-input\":{\"@type\":\"PropertyValueSpecification\",\"valueRequired\":true,\"valueName\":\"search_term_string\"}}],\"inLanguage\":\"fr-FR\"},{\"@type\":\"Organization\",\"@id\":\"https:\\\/\\\/lasentinelle.dz\\\/#organization\",\"name\":\"Quotidien La Sentinelle\",\"url\":\"https:\\\/\\\/lasentinelle.dz\\\/\",\"logo\":{\"@type\":\"ImageObject\",\"inLanguage\":\"fr-FR\",\"@id\":\"https:\\\/\\\/lasentinelle.dz\\\/#\\\/schema\\\/logo\\\/image\\\/\",\"url\":\"https:\\\/\\\/lasentinelle.dz\\\/wp-content\\\/uploads\\\/2021\\\/09\\\/logo-sentinelleSLOGAN-1.png\",\"contentUrl\":\"https:\\\/\\\/lasentinelle.dz\\\/wp-content\\\/uploads\\\/2021\\\/09\\\/logo-sentinelleSLOGAN-1.png\",\"width\":615,\"height\":142,\"caption\":\"Quotidien La Sentinelle\"},\"image\":{\"@id\":\"https:\\\/\\\/lasentinelle.dz\\\/#\\\/schema\\\/logo\\\/image\\\/\"},\"sameAs\":[\"https:\\\/\\\/www.facebook.com\\\/La-Sentinelle-104059864394773\"]},{\"@type\":\"Person\",\"@id\":\"https:\\\/\\\/lasentinelle.dz\\\/#\\\/schema\\\/person\\\/d865044e22e70a75174ce8bcad3acfb3\",\"name\":\"La Sentinelle\",\"image\":{\"@type\":\"ImageObject\",\"inLanguage\":\"fr-FR\",\"@id\":\"https:\\\/\\\/secure.gravatar.com\\\/avatar\\\/57de8e5d4b15d43fb361a71fbb36338450fe67865b528a43dd10ef7c51a20392?s=96&d=mm&r=g\",\"url\":\"https:\\\/\\\/secure.gravatar.com\\\/avatar\\\/57de8e5d4b15d43fb361a71fbb36338450fe67865b528a43dd10ef7c51a20392?s=96&d=mm&r=g\",\"contentUrl\":\"https:\\\/\\\/secure.gravatar.com\\\/avatar\\\/57de8e5d4b15d43fb361a71fbb36338450fe67865b528a43dd10ef7c51a20392?s=96&d=mm&r=g\",\"caption\":\"La Sentinelle\"},\"sameAs\":[\"http:\\\/\\\/www.lasentinelle.dz\"],\"url\":\"https:\\\/\\\/lasentinelle.dz\\\/author\\\/redaction\\\/\"}]}<\/script>\n<!-- \/ Yoast SEO plugin. -->","yoast_head_json":{"title":"Trois conventions entre des conserveries et la CAPA\u00a0: De nouvelles mesures pour approvisionner les march\u00e9s - La Sentinelle","robots":{"index":"index","follow":"follow","max-snippet":"max-snippet:-1","max-image-preview":"max-image-preview:large","max-video-preview":"max-video-preview:-1"},"canonical":"https:\/\/lasentinelle.dz\/index.php\/2023\/03\/04\/trois-conventions-entre-des-conserveries-et-la-capa-de-nouvelles-mesures-pour-approvisionner-les-marches\/","og_locale":"fr_FR","og_type":"article","og_title":"Trois conventions entre des conserveries et la CAPA\u00a0: De nouvelles mesures pour approvisionner les march\u00e9s - La Sentinelle","og_description":"Les pr\u00e9paratifs pour le mois sacr\u00e9 de Ramadhan s\u2019acc\u00e9l\u00e8rent. Garantir la disponibilit\u00e9 des produits alimentaires en quantit\u00e9s suffisantes et \u00e0","og_url":"https:\/\/lasentinelle.dz\/index.php\/2023\/03\/04\/trois-conventions-entre-des-conserveries-et-la-capa-de-nouvelles-mesures-pour-approvisionner-les-marches\/","og_site_name":"La Sentinelle","article_publisher":"https:\/\/www.facebook.com\/La-Sentinelle-104059864394773","article_published_time":"2023-03-04T21:05:00+00:00","og_image":[{"width":1199,"height":900,"url":"https:\/\/lasentinelle.dz\/wp-content\/uploads\/2023\/03\/Sans-titre-8.png","type":"image\/png"}],"author":"La Sentinelle","twitter_card":"summary_large_image","twitter_misc":{"\u00c9crit par":"La Sentinelle","Dur\u00e9e de lecture estim\u00e9e":"3 minutes"},"schema":{"@context":"https:\/\/schema.org","@graph":[{"@type":"Article","@id":"https:\/\/lasentinelle.dz\/index.php\/2023\/03\/04\/trois-conventions-entre-des-conserveries-et-la-capa-de-nouvelles-mesures-pour-approvisionner-les-marches\/#article","isPartOf":{"@id":"https:\/\/lasentinelle.dz\/index.php\/2023\/03\/04\/trois-conventions-entre-des-conserveries-et-la-capa-de-nouvelles-mesures-pour-approvisionner-les-marches\/"},"author":{"name":"La Sentinelle","@id":"https:\/\/lasentinelle.dz\/#\/schema\/person\/d865044e22e70a75174ce8bcad3acfb3"},"headline":"Trois conventions entre des conserveries et la CAPA\u00a0: De nouvelles mesures pour approvisionner les march\u00e9s","datePublished":"2023-03-04T21:05:00+00:00","mainEntityOfPage":{"@id":"https:\/\/lasentinelle.dz\/index.php\/2023\/03\/04\/trois-conventions-entre-des-conserveries-et-la-capa-de-nouvelles-mesures-pour-approvisionner-les-marches\/"},"wordCount":571,"commentCount":0,"publisher":{"@id":"https:\/\/lasentinelle.dz\/#organization"},"image":{"@id":"https:\/\/lasentinelle.dz\/index.php\/2023\/03\/04\/trois-conventions-entre-des-conserveries-et-la-capa-de-nouvelles-mesures-pour-approvisionner-les-marches\/#primaryimage"},"thumbnailUrl":"https:\/\/lasentinelle.dz\/wp-content\/uploads\/2023\/03\/Sans-titre-8.png","articleSection":["\u00c9conomie"],"inLanguage":"fr-FR","potentialAction":[{"@type":"CommentAction","name":"Comment","target":["https:\/\/lasentinelle.dz\/index.php\/2023\/03\/04\/trois-conventions-entre-des-conserveries-et-la-capa-de-nouvelles-mesures-pour-approvisionner-les-marches\/#respond"]}]},{"@type":"WebPage","@id":"https:\/\/lasentinelle.dz\/index.php\/2023\/03\/04\/trois-conventions-entre-des-conserveries-et-la-capa-de-nouvelles-mesures-pour-approvisionner-les-marches\/","url":"https:\/\/lasentinelle.dz\/index.php\/2023\/03\/04\/trois-conventions-entre-des-conserveries-et-la-capa-de-nouvelles-mesures-pour-approvisionner-les-marches\/","name":"Trois conventions entre des conserveries et la CAPA\u00a0: De nouvelles mesures pour approvisionner les march\u00e9s - La Sentinelle","isPartOf":{"@id":"https:\/\/lasentinelle.dz\/#website"},"primaryImageOfPage":{"@id":"https:\/\/lasentinelle.dz\/index.php\/2023\/03\/04\/trois-conventions-entre-des-conserveries-et-la-capa-de-nouvelles-mesures-pour-approvisionner-les-marches\/#primaryimage"},"image":{"@id":"https:\/\/lasentinelle.dz\/index.php\/2023\/03\/04\/trois-conventions-entre-des-conserveries-et-la-capa-de-nouvelles-mesures-pour-approvisionner-les-marches\/#primaryimage"},"thumbnailUrl":"https:\/\/lasentinelle.dz\/wp-content\/uploads\/2023\/03\/Sans-titre-8.png","datePublished":"2023-03-04T21:05:00+00:00","breadcrumb":{"@id":"https:\/\/lasentinelle.dz\/index.php\/2023\/03\/04\/trois-conventions-entre-des-conserveries-et-la-capa-de-nouvelles-mesures-pour-approvisionner-les-marches\/#breadcrumb"},"inLanguage":"fr-FR","potentialAction":[{"@type":"ReadAction","target":["https:\/\/lasentinelle.dz\/index.php\/2023\/03\/04\/trois-conventions-entre-des-conserveries-et-la-capa-de-nouvelles-mesures-pour-approvisionner-les-marches\/"]}]},{"@type":"ImageObject","inLanguage":"fr-FR","@id":"https:\/\/lasentinelle.dz\/index.php\/2023\/03\/04\/trois-conventions-entre-des-conserveries-et-la-capa-de-nouvelles-mesures-pour-approvisionner-les-marches\/#primaryimage","url":"https:\/\/lasentinelle.dz\/wp-content\/uploads\/2023\/03\/Sans-titre-8.png","contentUrl":"https:\/\/lasentinelle.dz\/wp-content\/uploads\/2023\/03\/Sans-titre-8.png","width":1199,"height":900},{"@type":"BreadcrumbList","@id":"https:\/\/lasentinelle.dz\/index.php\/2023\/03\/04\/trois-conventions-entre-des-conserveries-et-la-capa-de-nouvelles-mesures-pour-approvisionner-les-marches\/#breadcrumb","itemListElement":[{"@type":"ListItem","position":1,"name":"Accueil","item":"https:\/\/lasentinelle.dz\/"},{"@type":"ListItem","position":2,"name":"Trois conventions entre des conserveries et la CAPA\u00a0: De nouvelles mesures pour approvisionner les march\u00e9s"}]},{"@type":"WebSite","@id":"https:\/\/lasentinelle.dz\/#website","url":"https:\/\/lasentinelle.dz\/","name":"La Sentinelle","description":"Quotidien national d&#039;information","publisher":{"@id":"https:\/\/lasentinelle.dz\/#organization"},"potentialAction":[{"@type":"SearchAction","target":{"@type":"EntryPoint","urlTemplate":"https:\/\/lasentinelle.dz\/?s={search_term_string}"},"query-input":{"@type":"PropertyValueSpecification","valueRequired":true,"valueName":"search_term_string"}}],"inLanguage":"fr-FR"},{"@type":"Organization","@id":"https:\/\/lasentinelle.dz\/#organization","name":"Quotidien La Sentinelle","url":"https:\/\/lasentinelle.dz\/","logo":{"@type":"ImageObject","inLanguage":"fr-FR","@id":"https:\/\/lasentinelle.dz\/#\/schema\/logo\/image\/","url":"https:\/\/lasentinelle.dz\/wp-content\/uploads\/2021\/09\/logo-sentinelleSLOGAN-1.png","contentUrl":"https:\/\/lasentinelle.dz\/wp-content\/uploads\/2021\/09\/logo-sentinelleSLOGAN-1.png","width":615,"height":142,"caption":"Quotidien La Sentinelle"},"image":{"@id":"https:\/\/lasentinelle.dz\/#\/schema\/logo\/image\/"},"sameAs":["https:\/\/www.facebook.com\/La-Sentinelle-104059864394773"]},{"@type":"Person","@id":"https:\/\/lasentinelle.dz\/#\/schema\/person\/d865044e22e70a75174ce8bcad3acfb3","name":"La Sentinelle","image":{"@type":"ImageObject","inLanguage":"fr-FR","@id":"https:\/\/secure.gravatar.com\/avatar\/57de8e5d4b15d43fb361a71fbb36338450fe67865b528a43dd10ef7c51a20392?s=96&d=mm&r=g","url":"https:\/\/secure.gravatar.com\/avatar\/57de8e5d4b15d43fb361a71fbb36338450fe67865b528a43dd10ef7c51a20392?s=96&d=mm&r=g","contentUrl":"https:\/\/secure.gravatar.com\/avatar\/57de8e5d4b15d43fb361a71fbb36338450fe67865b528a43dd10ef7c51a20392?s=96&d=mm&r=g","caption":"La Sentinelle"},"sameAs":["http:\/\/www.lasentinelle.dz"],"url":"https:\/\/lasentinelle.dz\/author\/redaction\/"}]}},"_links":{"self":[{"href":"https:\/\/lasentinelle.dz\/index.php\/wp-json\/wp\/v2\/posts\/37241","targetHints":{"allow":["GET"]}}],"collection":[{"href":"https:\/\/lasentinelle.dz\/index.php\/wp-json\/wp\/v2\/posts"}],"about":[{"href":"https:\/\/lasentinelle.dz\/index.php\/wp-json\/wp\/v2\/types\/post"}],"author":[{"embeddable":true,"href":"https:\/\/lasentinelle.dz\/index.php\/wp-json\/wp\/v2\/users\/3"}],"replies":[{"embeddable":true,"href":"https:\/\/lasentinelle.dz\/index.php\/wp-json\/wp\/v2\/comments?post=37241"}],"version-history":[{"count":1,"href":"https:\/\/lasentinelle.dz\/index.php\/wp-json\/wp\/v2\/posts\/37241\/revisions"}],"predecessor-version":[{"id":37247,"href":"https:\/\/lasentinelle.dz\/index.php\/wp-json\/wp\/v2\/posts\/37241\/revisions\/37247"}],"wp:featuredmedia":[{"embeddable":true,"href":"https:\/\/lasentinelle.dz\/index.php\/wp-json\/wp\/v2\/media\/37243"}],"wp:attachment":[{"href":"https:\/\/lasentinelle.dz\/index.php\/wp-json\/wp\/v2\/media?parent=37241"}],"wp:term":[{"taxonomy":"category","embeddable":true,"href":"https:\/\/lasentinelle.dz\/index.php\/wp-json\/wp\/v2\/categories?post=37241"},{"taxonomy":"post_tag","embeddable":true,"href":"https:\/\/lasentinelle.dz\/index.php\/wp-json\/wp\/v2\/tags?post=37241"}],"curies":[{"name":"wp","href":"https:\/\/api.w.org\/{rel}","templated":true}]}}