{"id":3727,"date":"2021-08-07T00:02:00","date_gmt":"2021-08-06T23:02:00","guid":{"rendered":"https:\/\/lasentinelle.dz\/?p=3727"},"modified":"2021-08-06T18:38:27","modified_gmt":"2021-08-06T17:38:27","slug":"frappes-aeriennes-et-une-quarantaine-dobus-tires-par-lentite-sioniste-agression-israelienne-massive-contre-le-liban","status":"publish","type":"post","link":"https:\/\/lasentinelle.dz\/index.php\/2021\/08\/07\/frappes-aeriennes-et-une-quarantaine-dobus-tires-par-lentite-sioniste-agression-israelienne-massive-contre-le-liban\/","title":{"rendered":"Frappes a\u00e9riennes et une quarantaine d\u2019obus tir\u00e9s par l\u2019entit\u00e9 sioniste : Agression isra\u00e9lienne massive contre le Liban"},"content":{"rendered":"\n<p>L\u2019entit\u00e9 sioniste a poursuivi hier ses frappes sur le Liban, malgr\u00e9 les appels lanc\u00e9s par la Force int\u00e9rimaire des Nations Unies au Liban (Finul) pour un cessez-le-feu \u00ab\u00a0imm\u00e9diat\u00a0\u00bb.<\/p>\n\n\n\n<p>L\u2019arm\u00e9e d\u2019occupation isra\u00e9lienne a men\u00e9 vendredi des frappes d&rsquo;artillerie puis avec des frappes a\u00e9riennes sur le Liban, les premiers raids depuis des ann\u00e9es.<\/p>\n\n\n\n<p>L\u2019arm\u00e9e libanaise a indiqu\u00e9 hier que l\u2019entit\u00e9 sioniste a tir\u00e9 40 obus d&rsquo;artillerie sur le sud du Liban.Dans un communiqu\u00e9, l&rsquo;arm\u00e9e libanaise a indiqu\u00e9 que dix obus d&rsquo;artillerie \u00e9taient tomb\u00e9s \u00e0 la p\u00e9riph\u00e9rie de la ville d&rsquo;al-Sadana et 30 \u00e0 Bastra et Kfarshouba, provoquant des incendies dans la r\u00e9gion.L&rsquo;arm\u00e9e libanaise a \u00e9t\u00e9 d\u00e9ploy\u00e9e sur le terrain pour tenter de r\u00e9tablir le calme dans la r\u00e9gion en coordination avec la Force int\u00e9rimaire des Nations Unies au Liban (Finul). Cette derni\u00e8re a qualifi\u00e9 hier l&rsquo;escalade militaire de \u00ab\u00a0situation tr\u00e8s dangereuse\u00a0\u00bb, appelant \u00e0 un cessez-le-feu \u00ab\u00a0imm\u00e9diat\u00a0\u00bb.\u00a0\u00bbC&rsquo;est une situation tr\u00e8s dangereuse, avec des actes d&rsquo;escalade\u00a0\u00bb, a averti la Finul dans un communiqu\u00e9. Le commandant de la mission onusienne, le g\u00e9n\u00e9ral Stefano Del Col, a affirm\u00e9 \u00eatre en contact avec les parties concern\u00e9es, les appelant \u00e0 \u00ab\u00a0cesser imm\u00e9diatement le feu\u00a0\u00bb.<\/p>\n\n\n\n<p>Jeudi, le commandant de la mission onusienne, le g\u00e9n\u00e9ral Stefano Del Col, a tenu une r\u00e9union tripartite dans des locaux de la Finul \u00e0 Naqoura (sud du Liban).\u00a0\u00bbDans cette p\u00e9riode d&rsquo;instabilit\u00e9 r\u00e9gionale, le r\u00f4le de coordination et de liaison de la Finul doit plus que jamais \u00eatre respect\u00e9 par toutes les parties\u00a0\u00bb, a-t-il d\u00e9clar\u00e9, selon un communiqu\u00e9. Le gouvernement libanais a jeudi annonc\u00e9 son intention de d\u00e9poser une plainte aupr\u00e8s du Conseil de s\u00e9curit\u00e9 de l&rsquo;ONU, au sujet de l&rsquo;agression isra\u00e9lienne contre son pays.Selon un communiqu\u00e9 du gouvernement, le pr\u00e9sident du Conseil des ministres, Hassane Diab, a demand\u00e9 \u00e0 la ministre des Affaires \u00e9trang\u00e8res, Zina Aker, de soumettre une plainte urgente au Conseil de s\u00e9curit\u00e9, concernant l&rsquo;agression isra\u00e9lienne contre le Liban.<\/p>\n\n\n\n<p>Citant Diab, le communiqu\u00e9 ajoute que l&rsquo;ennemi isra\u00e9lien, moyennant son artillerie et ses avions de guerre, a men\u00e9 une agression explicite contre la souverainet\u00e9 libanaise. Et d&rsquo;ajouter : \u00ab\u00a0Cette nouvelle et dangereuse agression constitue une menace majeure pour le calme sur les fronti\u00e8res sud du Liban, notamment suite \u00e0 une s\u00e9rie de violations isra\u00e9liennes de la souverainet\u00e9 libanaise et l&rsquo;utilisation de l&rsquo;espace a\u00e9rien libanais pour attaquer la Syrie\u00a0\u00bb.<\/p>\n\n\n\n<p>Diab a appel\u00e9 les Nations Unies et le Conseil de s\u00e9curit\u00e9 \u00e0 dissuader l\u2019entit\u00e9 sioniste, de mettre fin \u00e0 leurs violations r\u00e9p\u00e9t\u00e9es de la souverainet\u00e9 libanaise et \u00e0 leurs menace \u00e0 la r\u00e9solution 1701 ainsi qu&rsquo;\u00e0 \u00e0 la stabilit\u00e9 qui y existe depuis 2006, ajoute encore la m\u00eame source.Il s&rsquo;agit du premier recours de l\u2019entit\u00e9\u00e9\u00e0 ses forces a\u00e9riennes pour cibler des villages libanais depuis 2006\u00e9, a d\u00e9clar\u00e9 jeudi le pr\u00e9sident libanais Michel Aoun dans un communiqu\u00e9. Cela \u00ab\u00a0sugg\u00e8re une intention d&rsquo;intensifier les attaques\u00a0\u00bb contre le Liban, a-t-il estim\u00e9.<\/p>\n\n\n\n<p>Mercredi, la cha\u00eene libanaise Al-Manar a indiqu\u00e9 que deux raids ont eu lieu vers 00H40 (21H40 GMT, mercredi) dans le secteur de Mahmoudiya, \u00e0 une dizaine de kilom\u00e8tres de la fronti\u00e8re entre les deux pays. Le quotidien libanais Al-Akhbar a indiqu\u00e9 que l\u2019entit\u00e9 sioniste a franchi \u00ab\u00a0une ligne rouge\u00a0\u00bb avec ces frappes qui constituent un \u00ab\u00a0d\u00e9veloppement dangereux\u00a0\u00bb. Elles ont touch\u00e9 une zone inhabit\u00e9e, pr\u00e9cise le quotidien.<\/p>\n\n\n\n<p>R.I. avec agence<\/p>\n","protected":false},"excerpt":{"rendered":"<p>L\u2019entit\u00e9 sioniste a poursuivi hier ses frappes sur le Liban, malgr\u00e9 les appels lanc\u00e9s par la Force int\u00e9rimaire des Nations<\/p>\n","protected":false},"author":3,"featured_media":3732,"comment_status":"open","ping_status":"closed","sticky":false,"template":"","format":"standard","meta":{"colormag_page_container_layout":"default_layout","colormag_page_sidebar_layout":"default_layout","om_disable_all_campaigns":false,"_monsterinsights_skip_tracking":false,"_monsterinsights_sitenote_active":false,"_monsterinsights_sitenote_note":"","_monsterinsights_sitenote_category":0,"footnotes":"","_wpscppro_dont_share_socialmedia":false,"_wpscppro_custom_social_share_image":0,"_facebook_share_type":"","_twitter_share_type":"","_linkedin_share_type":"","_pinterest_share_type":"","_linkedin_share_type_page":"","_instagram_share_type":"","_medium_share_type":"","_threads_share_type":"","_google_business_share_type":"","_selected_social_profile":[],"_wpsp_enable_custom_social_template":false,"_wpsp_social_scheduling":{"enabled":false,"datetime":null,"platforms":[],"status":"template_only","dateOption":"today","timeOption":"now","customDays":"","customHours":"","customDate":"","customTime":"","schedulingType":"absolute"},"_wpsp_active_default_template":true},"categories":[52,37],"tags":[],"class_list":["post-3727","post","type-post","status-publish","format-standard","has-post-thumbnail","hentry","category-a-la-une","category-monde"],"aioseo_notices":[],"yoast_head":"<!-- This site is optimized with the Yoast SEO plugin v27.5 - https:\/\/yoast.com\/product\/yoast-seo-wordpress\/ -->\n<title>Frappes a\u00e9riennes et une quarantaine d\u2019obus tir\u00e9s par l\u2019entit\u00e9 sioniste : Agression isra\u00e9lienne massive contre le Liban - La Sentinelle<\/title>\n<meta name=\"robots\" content=\"index, follow, max-snippet:-1, max-image-preview:large, max-video-preview:-1\" \/>\n<link rel=\"canonical\" href=\"https:\/\/lasentinelle.dz\/index.php\/2021\/08\/07\/frappes-aeriennes-et-une-quarantaine-dobus-tires-par-lentite-sioniste-agression-israelienne-massive-contre-le-liban\/\" \/>\n<meta property=\"og:locale\" content=\"fr_FR\" \/>\n<meta property=\"og:type\" content=\"article\" \/>\n<meta property=\"og:title\" content=\"Frappes a\u00e9riennes et une quarantaine d\u2019obus tir\u00e9s par l\u2019entit\u00e9 sioniste : Agression isra\u00e9lienne massive contre le Liban - La Sentinelle\" \/>\n<meta property=\"og:description\" content=\"L\u2019entit\u00e9 sioniste a poursuivi hier ses frappes sur le Liban, malgr\u00e9 les appels lanc\u00e9s par la Force int\u00e9rimaire des Nations\" \/>\n<meta property=\"og:url\" content=\"https:\/\/lasentinelle.dz\/index.php\/2021\/08\/07\/frappes-aeriennes-et-une-quarantaine-dobus-tires-par-lentite-sioniste-agression-israelienne-massive-contre-le-liban\/\" \/>\n<meta property=\"og:site_name\" content=\"La Sentinelle\" \/>\n<meta property=\"article:publisher\" content=\"https:\/\/www.facebook.com\/La-Sentinelle-104059864394773\" \/>\n<meta property=\"article:published_time\" content=\"2021-08-06T23:02:00+00:00\" \/>\n<meta property=\"og:image\" content=\"https:\/\/lasentinelle.dz\/wp-content\/uploads\/2021\/08\/libonaaa.png\" \/>\n\t<meta property=\"og:image:width\" content=\"1600\" \/>\n\t<meta property=\"og:image:height\" content=\"900\" \/>\n\t<meta property=\"og:image:type\" content=\"image\/png\" \/>\n<meta name=\"author\" content=\"La Sentinelle\" \/>\n<meta name=\"twitter:card\" content=\"summary_large_image\" \/>\n<meta name=\"twitter:label1\" content=\"\u00c9crit par\" \/>\n\t<meta name=\"twitter:data1\" content=\"La Sentinelle\" \/>\n\t<meta name=\"twitter:label2\" content=\"Dur\u00e9e de lecture estim\u00e9e\" \/>\n\t<meta name=\"twitter:data2\" content=\"3 minutes\" \/>\n<script type=\"application\/ld+json\" class=\"yoast-schema-graph\">{\"@context\":\"https:\\\/\\\/schema.org\",\"@graph\":[{\"@type\":\"Article\",\"@id\":\"https:\\\/\\\/lasentinelle.dz\\\/index.php\\\/2021\\\/08\\\/07\\\/frappes-aeriennes-et-une-quarantaine-dobus-tires-par-lentite-sioniste-agression-israelienne-massive-contre-le-liban\\\/#article\",\"isPartOf\":{\"@id\":\"https:\\\/\\\/lasentinelle.dz\\\/index.php\\\/2021\\\/08\\\/07\\\/frappes-aeriennes-et-une-quarantaine-dobus-tires-par-lentite-sioniste-agression-israelienne-massive-contre-le-liban\\\/\"},\"author\":{\"name\":\"La Sentinelle\",\"@id\":\"https:\\\/\\\/lasentinelle.dz\\\/#\\\/schema\\\/person\\\/d865044e22e70a75174ce8bcad3acfb3\"},\"headline\":\"Frappes a\u00e9riennes et une quarantaine d\u2019obus tir\u00e9s par l\u2019entit\u00e9 sioniste : Agression isra\u00e9lienne massive contre le Liban\",\"datePublished\":\"2021-08-06T23:02:00+00:00\",\"mainEntityOfPage\":{\"@id\":\"https:\\\/\\\/lasentinelle.dz\\\/index.php\\\/2021\\\/08\\\/07\\\/frappes-aeriennes-et-une-quarantaine-dobus-tires-par-lentite-sioniste-agression-israelienne-massive-contre-le-liban\\\/\"},\"wordCount\":631,\"commentCount\":0,\"publisher\":{\"@id\":\"https:\\\/\\\/lasentinelle.dz\\\/#organization\"},\"image\":{\"@id\":\"https:\\\/\\\/lasentinelle.dz\\\/index.php\\\/2021\\\/08\\\/07\\\/frappes-aeriennes-et-une-quarantaine-dobus-tires-par-lentite-sioniste-agression-israelienne-massive-contre-le-liban\\\/#primaryimage\"},\"thumbnailUrl\":\"https:\\\/\\\/lasentinelle.dz\\\/wp-content\\\/uploads\\\/2021\\\/08\\\/libonaaa.png\",\"articleSection\":[\"\u00c0 la Une\",\"Monde\"],\"inLanguage\":\"fr-FR\",\"potentialAction\":[{\"@type\":\"CommentAction\",\"name\":\"Comment\",\"target\":[\"https:\\\/\\\/lasentinelle.dz\\\/index.php\\\/2021\\\/08\\\/07\\\/frappes-aeriennes-et-une-quarantaine-dobus-tires-par-lentite-sioniste-agression-israelienne-massive-contre-le-liban\\\/#respond\"]}]},{\"@type\":\"WebPage\",\"@id\":\"https:\\\/\\\/lasentinelle.dz\\\/index.php\\\/2021\\\/08\\\/07\\\/frappes-aeriennes-et-une-quarantaine-dobus-tires-par-lentite-sioniste-agression-israelienne-massive-contre-le-liban\\\/\",\"url\":\"https:\\\/\\\/lasentinelle.dz\\\/index.php\\\/2021\\\/08\\\/07\\\/frappes-aeriennes-et-une-quarantaine-dobus-tires-par-lentite-sioniste-agression-israelienne-massive-contre-le-liban\\\/\",\"name\":\"Frappes a\u00e9riennes et une quarantaine d\u2019obus tir\u00e9s par l\u2019entit\u00e9 sioniste : Agression isra\u00e9lienne massive contre le Liban - La Sentinelle\",\"isPartOf\":{\"@id\":\"https:\\\/\\\/lasentinelle.dz\\\/#website\"},\"primaryImageOfPage\":{\"@id\":\"https:\\\/\\\/lasentinelle.dz\\\/index.php\\\/2021\\\/08\\\/07\\\/frappes-aeriennes-et-une-quarantaine-dobus-tires-par-lentite-sioniste-agression-israelienne-massive-contre-le-liban\\\/#primaryimage\"},\"image\":{\"@id\":\"https:\\\/\\\/lasentinelle.dz\\\/index.php\\\/2021\\\/08\\\/07\\\/frappes-aeriennes-et-une-quarantaine-dobus-tires-par-lentite-sioniste-agression-israelienne-massive-contre-le-liban\\\/#primaryimage\"},\"thumbnailUrl\":\"https:\\\/\\\/lasentinelle.dz\\\/wp-content\\\/uploads\\\/2021\\\/08\\\/libonaaa.png\",\"datePublished\":\"2021-08-06T23:02:00+00:00\",\"breadcrumb\":{\"@id\":\"https:\\\/\\\/lasentinelle.dz\\\/index.php\\\/2021\\\/08\\\/07\\\/frappes-aeriennes-et-une-quarantaine-dobus-tires-par-lentite-sioniste-agression-israelienne-massive-contre-le-liban\\\/#breadcrumb\"},\"inLanguage\":\"fr-FR\",\"potentialAction\":[{\"@type\":\"ReadAction\",\"target\":[\"https:\\\/\\\/lasentinelle.dz\\\/index.php\\\/2021\\\/08\\\/07\\\/frappes-aeriennes-et-une-quarantaine-dobus-tires-par-lentite-sioniste-agression-israelienne-massive-contre-le-liban\\\/\"]}]},{\"@type\":\"ImageObject\",\"inLanguage\":\"fr-FR\",\"@id\":\"https:\\\/\\\/lasentinelle.dz\\\/index.php\\\/2021\\\/08\\\/07\\\/frappes-aeriennes-et-une-quarantaine-dobus-tires-par-lentite-sioniste-agression-israelienne-massive-contre-le-liban\\\/#primaryimage\",\"url\":\"https:\\\/\\\/lasentinelle.dz\\\/wp-content\\\/uploads\\\/2021\\\/08\\\/libonaaa.png\",\"contentUrl\":\"https:\\\/\\\/lasentinelle.dz\\\/wp-content\\\/uploads\\\/2021\\\/08\\\/libonaaa.png\",\"width\":1600,\"height\":900},{\"@type\":\"BreadcrumbList\",\"@id\":\"https:\\\/\\\/lasentinelle.dz\\\/index.php\\\/2021\\\/08\\\/07\\\/frappes-aeriennes-et-une-quarantaine-dobus-tires-par-lentite-sioniste-agression-israelienne-massive-contre-le-liban\\\/#breadcrumb\",\"itemListElement\":[{\"@type\":\"ListItem\",\"position\":1,\"name\":\"Accueil\",\"item\":\"https:\\\/\\\/lasentinelle.dz\\\/\"},{\"@type\":\"ListItem\",\"position\":2,\"name\":\"Frappes a\u00e9riennes et une quarantaine d\u2019obus tir\u00e9s par l\u2019entit\u00e9 sioniste : Agression isra\u00e9lienne massive contre le Liban\"}]},{\"@type\":\"WebSite\",\"@id\":\"https:\\\/\\\/lasentinelle.dz\\\/#website\",\"url\":\"https:\\\/\\\/lasentinelle.dz\\\/\",\"name\":\"La Sentinelle\",\"description\":\"Quotidien national d&#039;information\",\"publisher\":{\"@id\":\"https:\\\/\\\/lasentinelle.dz\\\/#organization\"},\"potentialAction\":[{\"@type\":\"SearchAction\",\"target\":{\"@type\":\"EntryPoint\",\"urlTemplate\":\"https:\\\/\\\/lasentinelle.dz\\\/?s={search_term_string}\"},\"query-input\":{\"@type\":\"PropertyValueSpecification\",\"valueRequired\":true,\"valueName\":\"search_term_string\"}}],\"inLanguage\":\"fr-FR\"},{\"@type\":\"Organization\",\"@id\":\"https:\\\/\\\/lasentinelle.dz\\\/#organization\",\"name\":\"Quotidien La Sentinelle\",\"url\":\"https:\\\/\\\/lasentinelle.dz\\\/\",\"logo\":{\"@type\":\"ImageObject\",\"inLanguage\":\"fr-FR\",\"@id\":\"https:\\\/\\\/lasentinelle.dz\\\/#\\\/schema\\\/logo\\\/image\\\/\",\"url\":\"https:\\\/\\\/lasentinelle.dz\\\/wp-content\\\/uploads\\\/2021\\\/09\\\/logo-sentinelleSLOGAN-1.png\",\"contentUrl\":\"https:\\\/\\\/lasentinelle.dz\\\/wp-content\\\/uploads\\\/2021\\\/09\\\/logo-sentinelleSLOGAN-1.png\",\"width\":615,\"height\":142,\"caption\":\"Quotidien La Sentinelle\"},\"image\":{\"@id\":\"https:\\\/\\\/lasentinelle.dz\\\/#\\\/schema\\\/logo\\\/image\\\/\"},\"sameAs\":[\"https:\\\/\\\/www.facebook.com\\\/La-Sentinelle-104059864394773\"]},{\"@type\":\"Person\",\"@id\":\"https:\\\/\\\/lasentinelle.dz\\\/#\\\/schema\\\/person\\\/d865044e22e70a75174ce8bcad3acfb3\",\"name\":\"La Sentinelle\",\"image\":{\"@type\":\"ImageObject\",\"inLanguage\":\"fr-FR\",\"@id\":\"https:\\\/\\\/secure.gravatar.com\\\/avatar\\\/57de8e5d4b15d43fb361a71fbb36338450fe67865b528a43dd10ef7c51a20392?s=96&d=mm&r=g\",\"url\":\"https:\\\/\\\/secure.gravatar.com\\\/avatar\\\/57de8e5d4b15d43fb361a71fbb36338450fe67865b528a43dd10ef7c51a20392?s=96&d=mm&r=g\",\"contentUrl\":\"https:\\\/\\\/secure.gravatar.com\\\/avatar\\\/57de8e5d4b15d43fb361a71fbb36338450fe67865b528a43dd10ef7c51a20392?s=96&d=mm&r=g\",\"caption\":\"La Sentinelle\"},\"sameAs\":[\"http:\\\/\\\/www.lasentinelle.dz\"],\"url\":\"https:\\\/\\\/lasentinelle.dz\\\/author\\\/redaction\\\/\"}]}<\/script>\n<!-- \/ Yoast SEO plugin. -->","yoast_head_json":{"title":"Frappes a\u00e9riennes et une quarantaine d\u2019obus tir\u00e9s par l\u2019entit\u00e9 sioniste : Agression isra\u00e9lienne massive contre le Liban - La Sentinelle","robots":{"index":"index","follow":"follow","max-snippet":"max-snippet:-1","max-image-preview":"max-image-preview:large","max-video-preview":"max-video-preview:-1"},"canonical":"https:\/\/lasentinelle.dz\/index.php\/2021\/08\/07\/frappes-aeriennes-et-une-quarantaine-dobus-tires-par-lentite-sioniste-agression-israelienne-massive-contre-le-liban\/","og_locale":"fr_FR","og_type":"article","og_title":"Frappes a\u00e9riennes et une quarantaine d\u2019obus tir\u00e9s par l\u2019entit\u00e9 sioniste : Agression isra\u00e9lienne massive contre le Liban - La Sentinelle","og_description":"L\u2019entit\u00e9 sioniste a poursuivi hier ses frappes sur le Liban, malgr\u00e9 les appels lanc\u00e9s par la Force int\u00e9rimaire des Nations","og_url":"https:\/\/lasentinelle.dz\/index.php\/2021\/08\/07\/frappes-aeriennes-et-une-quarantaine-dobus-tires-par-lentite-sioniste-agression-israelienne-massive-contre-le-liban\/","og_site_name":"La Sentinelle","article_publisher":"https:\/\/www.facebook.com\/La-Sentinelle-104059864394773","article_published_time":"2021-08-06T23:02:00+00:00","og_image":[{"width":1600,"height":900,"url":"https:\/\/lasentinelle.dz\/wp-content\/uploads\/2021\/08\/libonaaa.png","type":"image\/png"}],"author":"La Sentinelle","twitter_card":"summary_large_image","twitter_misc":{"\u00c9crit par":"La Sentinelle","Dur\u00e9e de lecture estim\u00e9e":"3 minutes"},"schema":{"@context":"https:\/\/schema.org","@graph":[{"@type":"Article","@id":"https:\/\/lasentinelle.dz\/index.php\/2021\/08\/07\/frappes-aeriennes-et-une-quarantaine-dobus-tires-par-lentite-sioniste-agression-israelienne-massive-contre-le-liban\/#article","isPartOf":{"@id":"https:\/\/lasentinelle.dz\/index.php\/2021\/08\/07\/frappes-aeriennes-et-une-quarantaine-dobus-tires-par-lentite-sioniste-agression-israelienne-massive-contre-le-liban\/"},"author":{"name":"La Sentinelle","@id":"https:\/\/lasentinelle.dz\/#\/schema\/person\/d865044e22e70a75174ce8bcad3acfb3"},"headline":"Frappes a\u00e9riennes et une quarantaine d\u2019obus tir\u00e9s par l\u2019entit\u00e9 sioniste : Agression isra\u00e9lienne massive contre le Liban","datePublished":"2021-08-06T23:02:00+00:00","mainEntityOfPage":{"@id":"https:\/\/lasentinelle.dz\/index.php\/2021\/08\/07\/frappes-aeriennes-et-une-quarantaine-dobus-tires-par-lentite-sioniste-agression-israelienne-massive-contre-le-liban\/"},"wordCount":631,"commentCount":0,"publisher":{"@id":"https:\/\/lasentinelle.dz\/#organization"},"image":{"@id":"https:\/\/lasentinelle.dz\/index.php\/2021\/08\/07\/frappes-aeriennes-et-une-quarantaine-dobus-tires-par-lentite-sioniste-agression-israelienne-massive-contre-le-liban\/#primaryimage"},"thumbnailUrl":"https:\/\/lasentinelle.dz\/wp-content\/uploads\/2021\/08\/libonaaa.png","articleSection":["\u00c0 la Une","Monde"],"inLanguage":"fr-FR","potentialAction":[{"@type":"CommentAction","name":"Comment","target":["https:\/\/lasentinelle.dz\/index.php\/2021\/08\/07\/frappes-aeriennes-et-une-quarantaine-dobus-tires-par-lentite-sioniste-agression-israelienne-massive-contre-le-liban\/#respond"]}]},{"@type":"WebPage","@id":"https:\/\/lasentinelle.dz\/index.php\/2021\/08\/07\/frappes-aeriennes-et-une-quarantaine-dobus-tires-par-lentite-sioniste-agression-israelienne-massive-contre-le-liban\/","url":"https:\/\/lasentinelle.dz\/index.php\/2021\/08\/07\/frappes-aeriennes-et-une-quarantaine-dobus-tires-par-lentite-sioniste-agression-israelienne-massive-contre-le-liban\/","name":"Frappes a\u00e9riennes et une quarantaine d\u2019obus tir\u00e9s par l\u2019entit\u00e9 sioniste : Agression isra\u00e9lienne massive contre le Liban - La Sentinelle","isPartOf":{"@id":"https:\/\/lasentinelle.dz\/#website"},"primaryImageOfPage":{"@id":"https:\/\/lasentinelle.dz\/index.php\/2021\/08\/07\/frappes-aeriennes-et-une-quarantaine-dobus-tires-par-lentite-sioniste-agression-israelienne-massive-contre-le-liban\/#primaryimage"},"image":{"@id":"https:\/\/lasentinelle.dz\/index.php\/2021\/08\/07\/frappes-aeriennes-et-une-quarantaine-dobus-tires-par-lentite-sioniste-agression-israelienne-massive-contre-le-liban\/#primaryimage"},"thumbnailUrl":"https:\/\/lasentinelle.dz\/wp-content\/uploads\/2021\/08\/libonaaa.png","datePublished":"2021-08-06T23:02:00+00:00","breadcrumb":{"@id":"https:\/\/lasentinelle.dz\/index.php\/2021\/08\/07\/frappes-aeriennes-et-une-quarantaine-dobus-tires-par-lentite-sioniste-agression-israelienne-massive-contre-le-liban\/#breadcrumb"},"inLanguage":"fr-FR","potentialAction":[{"@type":"ReadAction","target":["https:\/\/lasentinelle.dz\/index.php\/2021\/08\/07\/frappes-aeriennes-et-une-quarantaine-dobus-tires-par-lentite-sioniste-agression-israelienne-massive-contre-le-liban\/"]}]},{"@type":"ImageObject","inLanguage":"fr-FR","@id":"https:\/\/lasentinelle.dz\/index.php\/2021\/08\/07\/frappes-aeriennes-et-une-quarantaine-dobus-tires-par-lentite-sioniste-agression-israelienne-massive-contre-le-liban\/#primaryimage","url":"https:\/\/lasentinelle.dz\/wp-content\/uploads\/2021\/08\/libonaaa.png","contentUrl":"https:\/\/lasentinelle.dz\/wp-content\/uploads\/2021\/08\/libonaaa.png","width":1600,"height":900},{"@type":"BreadcrumbList","@id":"https:\/\/lasentinelle.dz\/index.php\/2021\/08\/07\/frappes-aeriennes-et-une-quarantaine-dobus-tires-par-lentite-sioniste-agression-israelienne-massive-contre-le-liban\/#breadcrumb","itemListElement":[{"@type":"ListItem","position":1,"name":"Accueil","item":"https:\/\/lasentinelle.dz\/"},{"@type":"ListItem","position":2,"name":"Frappes a\u00e9riennes et une quarantaine d\u2019obus tir\u00e9s par l\u2019entit\u00e9 sioniste : Agression isra\u00e9lienne massive contre le Liban"}]},{"@type":"WebSite","@id":"https:\/\/lasentinelle.dz\/#website","url":"https:\/\/lasentinelle.dz\/","name":"La Sentinelle","description":"Quotidien national d&#039;information","publisher":{"@id":"https:\/\/lasentinelle.dz\/#organization"},"potentialAction":[{"@type":"SearchAction","target":{"@type":"EntryPoint","urlTemplate":"https:\/\/lasentinelle.dz\/?s={search_term_string}"},"query-input":{"@type":"PropertyValueSpecification","valueRequired":true,"valueName":"search_term_string"}}],"inLanguage":"fr-FR"},{"@type":"Organization","@id":"https:\/\/lasentinelle.dz\/#organization","name":"Quotidien La Sentinelle","url":"https:\/\/lasentinelle.dz\/","logo":{"@type":"ImageObject","inLanguage":"fr-FR","@id":"https:\/\/lasentinelle.dz\/#\/schema\/logo\/image\/","url":"https:\/\/lasentinelle.dz\/wp-content\/uploads\/2021\/09\/logo-sentinelleSLOGAN-1.png","contentUrl":"https:\/\/lasentinelle.dz\/wp-content\/uploads\/2021\/09\/logo-sentinelleSLOGAN-1.png","width":615,"height":142,"caption":"Quotidien La Sentinelle"},"image":{"@id":"https:\/\/lasentinelle.dz\/#\/schema\/logo\/image\/"},"sameAs":["https:\/\/www.facebook.com\/La-Sentinelle-104059864394773"]},{"@type":"Person","@id":"https:\/\/lasentinelle.dz\/#\/schema\/person\/d865044e22e70a75174ce8bcad3acfb3","name":"La Sentinelle","image":{"@type":"ImageObject","inLanguage":"fr-FR","@id":"https:\/\/secure.gravatar.com\/avatar\/57de8e5d4b15d43fb361a71fbb36338450fe67865b528a43dd10ef7c51a20392?s=96&d=mm&r=g","url":"https:\/\/secure.gravatar.com\/avatar\/57de8e5d4b15d43fb361a71fbb36338450fe67865b528a43dd10ef7c51a20392?s=96&d=mm&r=g","contentUrl":"https:\/\/secure.gravatar.com\/avatar\/57de8e5d4b15d43fb361a71fbb36338450fe67865b528a43dd10ef7c51a20392?s=96&d=mm&r=g","caption":"La Sentinelle"},"sameAs":["http:\/\/www.lasentinelle.dz"],"url":"https:\/\/lasentinelle.dz\/author\/redaction\/"}]}},"_links":{"self":[{"href":"https:\/\/lasentinelle.dz\/index.php\/wp-json\/wp\/v2\/posts\/3727","targetHints":{"allow":["GET"]}}],"collection":[{"href":"https:\/\/lasentinelle.dz\/index.php\/wp-json\/wp\/v2\/posts"}],"about":[{"href":"https:\/\/lasentinelle.dz\/index.php\/wp-json\/wp\/v2\/types\/post"}],"author":[{"embeddable":true,"href":"https:\/\/lasentinelle.dz\/index.php\/wp-json\/wp\/v2\/users\/3"}],"replies":[{"embeddable":true,"href":"https:\/\/lasentinelle.dz\/index.php\/wp-json\/wp\/v2\/comments?post=3727"}],"version-history":[{"count":1,"href":"https:\/\/lasentinelle.dz\/index.php\/wp-json\/wp\/v2\/posts\/3727\/revisions"}],"predecessor-version":[{"id":3735,"href":"https:\/\/lasentinelle.dz\/index.php\/wp-json\/wp\/v2\/posts\/3727\/revisions\/3735"}],"wp:featuredmedia":[{"embeddable":true,"href":"https:\/\/lasentinelle.dz\/index.php\/wp-json\/wp\/v2\/media\/3732"}],"wp:attachment":[{"href":"https:\/\/lasentinelle.dz\/index.php\/wp-json\/wp\/v2\/media?parent=3727"}],"wp:term":[{"taxonomy":"category","embeddable":true,"href":"https:\/\/lasentinelle.dz\/index.php\/wp-json\/wp\/v2\/categories?post=3727"},{"taxonomy":"post_tag","embeddable":true,"href":"https:\/\/lasentinelle.dz\/index.php\/wp-json\/wp\/v2\/tags?post=3727"}],"curies":[{"name":"wp","href":"https:\/\/api.w.org\/{rel}","templated":true}]}}