{"id":37280,"date":"2023-03-05T22:00:00","date_gmt":"2023-03-05T21:00:00","guid":{"rendered":"https:\/\/lasentinelle.dz\/?p=37280"},"modified":"2023-03-05T17:06:45","modified_gmt":"2023-03-05T16:06:45","slug":"station-de-dessalement-deau-de-mer-a-koudiet-eddraouche-le-projet-va-generer-1000-postes-demploi","status":"publish","type":"post","link":"https:\/\/lasentinelle.dz\/index.php\/2023\/03\/05\/station-de-dessalement-deau-de-mer-a-koudiet-eddraouche-le-projet-va-generer-1000-postes-demploi\/","title":{"rendered":"Station de dessalement d\u2019eau de mer \u00e0 Koudiet Eddraouche\u00a0: Le projet va g\u00e9n\u00e9rer 1000 postes d\u2019emploi"},"content":{"rendered":"\n<p>Au coursd\u2019une visite d\u2019inspection au chantierde r\u00e9alisation de la station de dessalement d\u2019eau de mer dans la commune de Berrihane, le wali d\u2019El Tarf a insist\u00e9 sur la n\u00e9cessit\u00e9 de donner la priorit\u00e9au recrutement pour les ch\u00f4meurs de la r\u00e9gion,notamment pour les t\u00e2ches simples. Le recours \u00e0 une main d\u2019\u0153uvre comp\u00e9tente hors la wilaya d\u2019El Tarf, doit passer par une autorisation pr\u00e9alable des services de la wilaya, a soulign\u00e9 le chef de l\u2019ex\u00e9cutif local. Dans ce contexte, le premier responsable a annonc\u00e9 la mise en place d\u2019une commission de wilaya charg\u00e9e du suivi de l\u2019op\u00e9ration de recrutement dans ce projet, en plus de l\u2019accompagnement de ses services afin d\u2019acc\u00e9l\u00e9rer la r\u00e9alisation de la station et sa livraison dans les d\u00e9lais fix\u00e9s \u00e0 2 ans et 4 mois. Sur place, le commis de l\u2019\u00c9tat a mis en relief la grande l\u2019importancedu projet qui va permettre de fournir une eau potable de haute qualit\u00e9 et contribuera \u00e0 am\u00e9liorer les conditions de vie de la population de la wilaya en g\u00e9n\u00e9rant plus de 1.000 emplois directs et indirects, en plus de son impact socio-\u00e9conomique pour cette wilaya c\u00f4ti\u00e8re. D\u2019un co\u00fbt de 300 millions dollars, ce projet s\u2019inscrit dans le cadre du programme d\u2019urgence du pr\u00e9sident de la R\u00e9publique, Abdelmadjid Tebboune, portant sur la r\u00e9alisation de cinq stations de dessalement d\u2019eau de mer le long du littoral alg\u00e9rien, rappelle-t-on. Le coup d\u2019envoi des travaux a \u00e9t\u00e9 donn\u00e9 en juin 2022, pour la r\u00e9alisation de cette station de dessalement d\u2019eau de mer, implant\u00e9e sur 11 ha, dans la localit\u00e9 deKoudiet Eddraouche dans la commune de Berrihane(El Tarf), rappelle-t-on encore. Confi\u00e9e \u00e0 la Soci\u00e9t\u00e9 alg\u00e9rienne de r\u00e9alisation des projets industriels \u00a0\u00bbSARPI\u00a0\u00bb (Filiale de Sonatrach), la r\u00e9alisation decette station est appel\u00e9e \u00e0 produire 300.000 m3\/jour et fonctionnera \u00e0 l\u2019aide des technologies les plus modernes en termes d\u2019\u00e9conomie d\u2019\u00e9nergie, de sorte \u00e0 r\u00e9duire le co\u00fbt de revient du m\u00e8tres cubes d\u2019eau.<\/p>\n\n\n\n<p><strong>Sofia Chahine<\/strong><\/p>\n","protected":false},"excerpt":{"rendered":"<p>Au coursd\u2019une visite d\u2019inspection au chantierde r\u00e9alisation de la station de dessalement d\u2019eau de mer dans la commune de Berrihane,<\/p>\n","protected":false},"author":3,"featured_media":37287,"comment_status":"open","ping_status":"closed","sticky":false,"template":"","format":"standard","meta":{"colormag_page_container_layout":"default_layout","colormag_page_sidebar_layout":"default_layout","om_disable_all_campaigns":false,"_monsterinsights_skip_tracking":false,"_monsterinsights_sitenote_active":false,"_monsterinsights_sitenote_note":"","_monsterinsights_sitenote_category":0,"footnotes":"","_wpscppro_dont_share_socialmedia":false,"_wpscppro_custom_social_share_image":0,"_facebook_share_type":"","_twitter_share_type":"","_linkedin_share_type":"","_pinterest_share_type":"","_linkedin_share_type_page":"","_instagram_share_type":"","_medium_share_type":"","_threads_share_type":"","_google_business_share_type":"","_selected_social_profile":[],"_wpsp_enable_custom_social_template":false,"_wpsp_social_scheduling":{"enabled":false,"datetime":null,"platforms":[],"status":"template_only","dateOption":"today","timeOption":"now","customDays":"","customHours":"","customDate":"","customTime":"","schedulingType":"absolute"},"_wpsp_active_default_template":true},"categories":[31],"tags":[],"class_list":["post-37280","post","type-post","status-publish","format-standard","has-post-thumbnail","hentry","category-regions"],"aioseo_notices":[],"yoast_head":"<!-- This site is optimized with the Yoast SEO plugin v27.5 - https:\/\/yoast.com\/product\/yoast-seo-wordpress\/ -->\n<title>Station de dessalement d\u2019eau de mer \u00e0 Koudiet Eddraouche\u00a0: Le projet va g\u00e9n\u00e9rer 1000 postes d\u2019emploi - La Sentinelle<\/title>\n<meta name=\"robots\" content=\"index, follow, max-snippet:-1, max-image-preview:large, max-video-preview:-1\" \/>\n<link rel=\"canonical\" href=\"https:\/\/lasentinelle.dz\/index.php\/2023\/03\/05\/station-de-dessalement-deau-de-mer-a-koudiet-eddraouche-le-projet-va-generer-1000-postes-demploi\/\" \/>\n<meta property=\"og:locale\" content=\"fr_FR\" \/>\n<meta property=\"og:type\" content=\"article\" \/>\n<meta property=\"og:title\" content=\"Station de dessalement d\u2019eau de mer \u00e0 Koudiet Eddraouche\u00a0: Le projet va g\u00e9n\u00e9rer 1000 postes d\u2019emploi - La Sentinelle\" \/>\n<meta property=\"og:description\" content=\"Au coursd\u2019une visite d\u2019inspection au chantierde r\u00e9alisation de la station de dessalement d\u2019eau de mer dans la commune de Berrihane,\" \/>\n<meta property=\"og:url\" content=\"https:\/\/lasentinelle.dz\/index.php\/2023\/03\/05\/station-de-dessalement-deau-de-mer-a-koudiet-eddraouche-le-projet-va-generer-1000-postes-demploi\/\" \/>\n<meta property=\"og:site_name\" content=\"La Sentinelle\" \/>\n<meta property=\"article:publisher\" content=\"https:\/\/www.facebook.com\/La-Sentinelle-104059864394773\" \/>\n<meta property=\"article:published_time\" content=\"2023-03-05T21:00:00+00:00\" \/>\n<meta property=\"og:image\" content=\"https:\/\/lasentinelle.dz\/wp-content\/uploads\/2023\/03\/image_2023-03-05_170631919.png\" \/>\n\t<meta property=\"og:image:width\" content=\"567\" \/>\n\t<meta property=\"og:image:height\" content=\"319\" \/>\n\t<meta property=\"og:image:type\" content=\"image\/png\" \/>\n<meta name=\"author\" content=\"La Sentinelle\" \/>\n<meta name=\"twitter:card\" content=\"summary_large_image\" \/>\n<meta name=\"twitter:label1\" content=\"\u00c9crit par\" \/>\n\t<meta name=\"twitter:data1\" content=\"La Sentinelle\" \/>\n\t<meta name=\"twitter:label2\" content=\"Dur\u00e9e de lecture estim\u00e9e\" \/>\n\t<meta name=\"twitter:data2\" content=\"2 minutes\" \/>\n<script type=\"application\/ld+json\" class=\"yoast-schema-graph\">{\"@context\":\"https:\\\/\\\/schema.org\",\"@graph\":[{\"@type\":\"Article\",\"@id\":\"https:\\\/\\\/lasentinelle.dz\\\/index.php\\\/2023\\\/03\\\/05\\\/station-de-dessalement-deau-de-mer-a-koudiet-eddraouche-le-projet-va-generer-1000-postes-demploi\\\/#article\",\"isPartOf\":{\"@id\":\"https:\\\/\\\/lasentinelle.dz\\\/index.php\\\/2023\\\/03\\\/05\\\/station-de-dessalement-deau-de-mer-a-koudiet-eddraouche-le-projet-va-generer-1000-postes-demploi\\\/\"},\"author\":{\"name\":\"La Sentinelle\",\"@id\":\"https:\\\/\\\/lasentinelle.dz\\\/#\\\/schema\\\/person\\\/d865044e22e70a75174ce8bcad3acfb3\"},\"headline\":\"Station de dessalement d\u2019eau de mer \u00e0 Koudiet Eddraouche\u00a0: Le projet va g\u00e9n\u00e9rer 1000 postes d\u2019emploi\",\"datePublished\":\"2023-03-05T21:00:00+00:00\",\"mainEntityOfPage\":{\"@id\":\"https:\\\/\\\/lasentinelle.dz\\\/index.php\\\/2023\\\/03\\\/05\\\/station-de-dessalement-deau-de-mer-a-koudiet-eddraouche-le-projet-va-generer-1000-postes-demploi\\\/\"},\"wordCount\":383,\"commentCount\":0,\"publisher\":{\"@id\":\"https:\\\/\\\/lasentinelle.dz\\\/#organization\"},\"image\":{\"@id\":\"https:\\\/\\\/lasentinelle.dz\\\/index.php\\\/2023\\\/03\\\/05\\\/station-de-dessalement-deau-de-mer-a-koudiet-eddraouche-le-projet-va-generer-1000-postes-demploi\\\/#primaryimage\"},\"thumbnailUrl\":\"https:\\\/\\\/lasentinelle.dz\\\/wp-content\\\/uploads\\\/2023\\\/03\\\/image_2023-03-05_170631919.png\",\"articleSection\":[\"R\u00e9gions\"],\"inLanguage\":\"fr-FR\",\"potentialAction\":[{\"@type\":\"CommentAction\",\"name\":\"Comment\",\"target\":[\"https:\\\/\\\/lasentinelle.dz\\\/index.php\\\/2023\\\/03\\\/05\\\/station-de-dessalement-deau-de-mer-a-koudiet-eddraouche-le-projet-va-generer-1000-postes-demploi\\\/#respond\"]}]},{\"@type\":\"WebPage\",\"@id\":\"https:\\\/\\\/lasentinelle.dz\\\/index.php\\\/2023\\\/03\\\/05\\\/station-de-dessalement-deau-de-mer-a-koudiet-eddraouche-le-projet-va-generer-1000-postes-demploi\\\/\",\"url\":\"https:\\\/\\\/lasentinelle.dz\\\/index.php\\\/2023\\\/03\\\/05\\\/station-de-dessalement-deau-de-mer-a-koudiet-eddraouche-le-projet-va-generer-1000-postes-demploi\\\/\",\"name\":\"Station de dessalement d\u2019eau de mer \u00e0 Koudiet Eddraouche\u00a0: Le projet va g\u00e9n\u00e9rer 1000 postes d\u2019emploi - La Sentinelle\",\"isPartOf\":{\"@id\":\"https:\\\/\\\/lasentinelle.dz\\\/#website\"},\"primaryImageOfPage\":{\"@id\":\"https:\\\/\\\/lasentinelle.dz\\\/index.php\\\/2023\\\/03\\\/05\\\/station-de-dessalement-deau-de-mer-a-koudiet-eddraouche-le-projet-va-generer-1000-postes-demploi\\\/#primaryimage\"},\"image\":{\"@id\":\"https:\\\/\\\/lasentinelle.dz\\\/index.php\\\/2023\\\/03\\\/05\\\/station-de-dessalement-deau-de-mer-a-koudiet-eddraouche-le-projet-va-generer-1000-postes-demploi\\\/#primaryimage\"},\"thumbnailUrl\":\"https:\\\/\\\/lasentinelle.dz\\\/wp-content\\\/uploads\\\/2023\\\/03\\\/image_2023-03-05_170631919.png\",\"datePublished\":\"2023-03-05T21:00:00+00:00\",\"breadcrumb\":{\"@id\":\"https:\\\/\\\/lasentinelle.dz\\\/index.php\\\/2023\\\/03\\\/05\\\/station-de-dessalement-deau-de-mer-a-koudiet-eddraouche-le-projet-va-generer-1000-postes-demploi\\\/#breadcrumb\"},\"inLanguage\":\"fr-FR\",\"potentialAction\":[{\"@type\":\"ReadAction\",\"target\":[\"https:\\\/\\\/lasentinelle.dz\\\/index.php\\\/2023\\\/03\\\/05\\\/station-de-dessalement-deau-de-mer-a-koudiet-eddraouche-le-projet-va-generer-1000-postes-demploi\\\/\"]}]},{\"@type\":\"ImageObject\",\"inLanguage\":\"fr-FR\",\"@id\":\"https:\\\/\\\/lasentinelle.dz\\\/index.php\\\/2023\\\/03\\\/05\\\/station-de-dessalement-deau-de-mer-a-koudiet-eddraouche-le-projet-va-generer-1000-postes-demploi\\\/#primaryimage\",\"url\":\"https:\\\/\\\/lasentinelle.dz\\\/wp-content\\\/uploads\\\/2023\\\/03\\\/image_2023-03-05_170631919.png\",\"contentUrl\":\"https:\\\/\\\/lasentinelle.dz\\\/wp-content\\\/uploads\\\/2023\\\/03\\\/image_2023-03-05_170631919.png\",\"width\":567,\"height\":319},{\"@type\":\"BreadcrumbList\",\"@id\":\"https:\\\/\\\/lasentinelle.dz\\\/index.php\\\/2023\\\/03\\\/05\\\/station-de-dessalement-deau-de-mer-a-koudiet-eddraouche-le-projet-va-generer-1000-postes-demploi\\\/#breadcrumb\",\"itemListElement\":[{\"@type\":\"ListItem\",\"position\":1,\"name\":\"Accueil\",\"item\":\"https:\\\/\\\/lasentinelle.dz\\\/\"},{\"@type\":\"ListItem\",\"position\":2,\"name\":\"Station de dessalement d\u2019eau de mer \u00e0 Koudiet Eddraouche\u00a0: Le projet va g\u00e9n\u00e9rer 1000 postes d\u2019emploi\"}]},{\"@type\":\"WebSite\",\"@id\":\"https:\\\/\\\/lasentinelle.dz\\\/#website\",\"url\":\"https:\\\/\\\/lasentinelle.dz\\\/\",\"name\":\"La Sentinelle\",\"description\":\"Quotidien national d&#039;information\",\"publisher\":{\"@id\":\"https:\\\/\\\/lasentinelle.dz\\\/#organization\"},\"potentialAction\":[{\"@type\":\"SearchAction\",\"target\":{\"@type\":\"EntryPoint\",\"urlTemplate\":\"https:\\\/\\\/lasentinelle.dz\\\/?s={search_term_string}\"},\"query-input\":{\"@type\":\"PropertyValueSpecification\",\"valueRequired\":true,\"valueName\":\"search_term_string\"}}],\"inLanguage\":\"fr-FR\"},{\"@type\":\"Organization\",\"@id\":\"https:\\\/\\\/lasentinelle.dz\\\/#organization\",\"name\":\"Quotidien La Sentinelle\",\"url\":\"https:\\\/\\\/lasentinelle.dz\\\/\",\"logo\":{\"@type\":\"ImageObject\",\"inLanguage\":\"fr-FR\",\"@id\":\"https:\\\/\\\/lasentinelle.dz\\\/#\\\/schema\\\/logo\\\/image\\\/\",\"url\":\"https:\\\/\\\/lasentinelle.dz\\\/wp-content\\\/uploads\\\/2021\\\/09\\\/logo-sentinelleSLOGAN-1.png\",\"contentUrl\":\"https:\\\/\\\/lasentinelle.dz\\\/wp-content\\\/uploads\\\/2021\\\/09\\\/logo-sentinelleSLOGAN-1.png\",\"width\":615,\"height\":142,\"caption\":\"Quotidien La Sentinelle\"},\"image\":{\"@id\":\"https:\\\/\\\/lasentinelle.dz\\\/#\\\/schema\\\/logo\\\/image\\\/\"},\"sameAs\":[\"https:\\\/\\\/www.facebook.com\\\/La-Sentinelle-104059864394773\"]},{\"@type\":\"Person\",\"@id\":\"https:\\\/\\\/lasentinelle.dz\\\/#\\\/schema\\\/person\\\/d865044e22e70a75174ce8bcad3acfb3\",\"name\":\"La Sentinelle\",\"image\":{\"@type\":\"ImageObject\",\"inLanguage\":\"fr-FR\",\"@id\":\"https:\\\/\\\/secure.gravatar.com\\\/avatar\\\/57de8e5d4b15d43fb361a71fbb36338450fe67865b528a43dd10ef7c51a20392?s=96&d=mm&r=g\",\"url\":\"https:\\\/\\\/secure.gravatar.com\\\/avatar\\\/57de8e5d4b15d43fb361a71fbb36338450fe67865b528a43dd10ef7c51a20392?s=96&d=mm&r=g\",\"contentUrl\":\"https:\\\/\\\/secure.gravatar.com\\\/avatar\\\/57de8e5d4b15d43fb361a71fbb36338450fe67865b528a43dd10ef7c51a20392?s=96&d=mm&r=g\",\"caption\":\"La Sentinelle\"},\"sameAs\":[\"http:\\\/\\\/www.lasentinelle.dz\"],\"url\":\"https:\\\/\\\/lasentinelle.dz\\\/author\\\/redaction\\\/\"}]}<\/script>\n<!-- \/ Yoast SEO plugin. -->","yoast_head_json":{"title":"Station de dessalement d\u2019eau de mer \u00e0 Koudiet Eddraouche\u00a0: Le projet va g\u00e9n\u00e9rer 1000 postes d\u2019emploi - La Sentinelle","robots":{"index":"index","follow":"follow","max-snippet":"max-snippet:-1","max-image-preview":"max-image-preview:large","max-video-preview":"max-video-preview:-1"},"canonical":"https:\/\/lasentinelle.dz\/index.php\/2023\/03\/05\/station-de-dessalement-deau-de-mer-a-koudiet-eddraouche-le-projet-va-generer-1000-postes-demploi\/","og_locale":"fr_FR","og_type":"article","og_title":"Station de dessalement d\u2019eau de mer \u00e0 Koudiet Eddraouche\u00a0: Le projet va g\u00e9n\u00e9rer 1000 postes d\u2019emploi - La Sentinelle","og_description":"Au coursd\u2019une visite d\u2019inspection au chantierde r\u00e9alisation de la station de dessalement d\u2019eau de mer dans la commune de Berrihane,","og_url":"https:\/\/lasentinelle.dz\/index.php\/2023\/03\/05\/station-de-dessalement-deau-de-mer-a-koudiet-eddraouche-le-projet-va-generer-1000-postes-demploi\/","og_site_name":"La Sentinelle","article_publisher":"https:\/\/www.facebook.com\/La-Sentinelle-104059864394773","article_published_time":"2023-03-05T21:00:00+00:00","og_image":[{"width":567,"height":319,"url":"https:\/\/lasentinelle.dz\/wp-content\/uploads\/2023\/03\/image_2023-03-05_170631919.png","type":"image\/png"}],"author":"La Sentinelle","twitter_card":"summary_large_image","twitter_misc":{"\u00c9crit par":"La Sentinelle","Dur\u00e9e de lecture estim\u00e9e":"2 minutes"},"schema":{"@context":"https:\/\/schema.org","@graph":[{"@type":"Article","@id":"https:\/\/lasentinelle.dz\/index.php\/2023\/03\/05\/station-de-dessalement-deau-de-mer-a-koudiet-eddraouche-le-projet-va-generer-1000-postes-demploi\/#article","isPartOf":{"@id":"https:\/\/lasentinelle.dz\/index.php\/2023\/03\/05\/station-de-dessalement-deau-de-mer-a-koudiet-eddraouche-le-projet-va-generer-1000-postes-demploi\/"},"author":{"name":"La Sentinelle","@id":"https:\/\/lasentinelle.dz\/#\/schema\/person\/d865044e22e70a75174ce8bcad3acfb3"},"headline":"Station de dessalement d\u2019eau de mer \u00e0 Koudiet Eddraouche\u00a0: Le projet va g\u00e9n\u00e9rer 1000 postes d\u2019emploi","datePublished":"2023-03-05T21:00:00+00:00","mainEntityOfPage":{"@id":"https:\/\/lasentinelle.dz\/index.php\/2023\/03\/05\/station-de-dessalement-deau-de-mer-a-koudiet-eddraouche-le-projet-va-generer-1000-postes-demploi\/"},"wordCount":383,"commentCount":0,"publisher":{"@id":"https:\/\/lasentinelle.dz\/#organization"},"image":{"@id":"https:\/\/lasentinelle.dz\/index.php\/2023\/03\/05\/station-de-dessalement-deau-de-mer-a-koudiet-eddraouche-le-projet-va-generer-1000-postes-demploi\/#primaryimage"},"thumbnailUrl":"https:\/\/lasentinelle.dz\/wp-content\/uploads\/2023\/03\/image_2023-03-05_170631919.png","articleSection":["R\u00e9gions"],"inLanguage":"fr-FR","potentialAction":[{"@type":"CommentAction","name":"Comment","target":["https:\/\/lasentinelle.dz\/index.php\/2023\/03\/05\/station-de-dessalement-deau-de-mer-a-koudiet-eddraouche-le-projet-va-generer-1000-postes-demploi\/#respond"]}]},{"@type":"WebPage","@id":"https:\/\/lasentinelle.dz\/index.php\/2023\/03\/05\/station-de-dessalement-deau-de-mer-a-koudiet-eddraouche-le-projet-va-generer-1000-postes-demploi\/","url":"https:\/\/lasentinelle.dz\/index.php\/2023\/03\/05\/station-de-dessalement-deau-de-mer-a-koudiet-eddraouche-le-projet-va-generer-1000-postes-demploi\/","name":"Station de dessalement d\u2019eau de mer \u00e0 Koudiet Eddraouche\u00a0: Le projet va g\u00e9n\u00e9rer 1000 postes d\u2019emploi - La Sentinelle","isPartOf":{"@id":"https:\/\/lasentinelle.dz\/#website"},"primaryImageOfPage":{"@id":"https:\/\/lasentinelle.dz\/index.php\/2023\/03\/05\/station-de-dessalement-deau-de-mer-a-koudiet-eddraouche-le-projet-va-generer-1000-postes-demploi\/#primaryimage"},"image":{"@id":"https:\/\/lasentinelle.dz\/index.php\/2023\/03\/05\/station-de-dessalement-deau-de-mer-a-koudiet-eddraouche-le-projet-va-generer-1000-postes-demploi\/#primaryimage"},"thumbnailUrl":"https:\/\/lasentinelle.dz\/wp-content\/uploads\/2023\/03\/image_2023-03-05_170631919.png","datePublished":"2023-03-05T21:00:00+00:00","breadcrumb":{"@id":"https:\/\/lasentinelle.dz\/index.php\/2023\/03\/05\/station-de-dessalement-deau-de-mer-a-koudiet-eddraouche-le-projet-va-generer-1000-postes-demploi\/#breadcrumb"},"inLanguage":"fr-FR","potentialAction":[{"@type":"ReadAction","target":["https:\/\/lasentinelle.dz\/index.php\/2023\/03\/05\/station-de-dessalement-deau-de-mer-a-koudiet-eddraouche-le-projet-va-generer-1000-postes-demploi\/"]}]},{"@type":"ImageObject","inLanguage":"fr-FR","@id":"https:\/\/lasentinelle.dz\/index.php\/2023\/03\/05\/station-de-dessalement-deau-de-mer-a-koudiet-eddraouche-le-projet-va-generer-1000-postes-demploi\/#primaryimage","url":"https:\/\/lasentinelle.dz\/wp-content\/uploads\/2023\/03\/image_2023-03-05_170631919.png","contentUrl":"https:\/\/lasentinelle.dz\/wp-content\/uploads\/2023\/03\/image_2023-03-05_170631919.png","width":567,"height":319},{"@type":"BreadcrumbList","@id":"https:\/\/lasentinelle.dz\/index.php\/2023\/03\/05\/station-de-dessalement-deau-de-mer-a-koudiet-eddraouche-le-projet-va-generer-1000-postes-demploi\/#breadcrumb","itemListElement":[{"@type":"ListItem","position":1,"name":"Accueil","item":"https:\/\/lasentinelle.dz\/"},{"@type":"ListItem","position":2,"name":"Station de dessalement d\u2019eau de mer \u00e0 Koudiet Eddraouche\u00a0: Le projet va g\u00e9n\u00e9rer 1000 postes d\u2019emploi"}]},{"@type":"WebSite","@id":"https:\/\/lasentinelle.dz\/#website","url":"https:\/\/lasentinelle.dz\/","name":"La Sentinelle","description":"Quotidien national d&#039;information","publisher":{"@id":"https:\/\/lasentinelle.dz\/#organization"},"potentialAction":[{"@type":"SearchAction","target":{"@type":"EntryPoint","urlTemplate":"https:\/\/lasentinelle.dz\/?s={search_term_string}"},"query-input":{"@type":"PropertyValueSpecification","valueRequired":true,"valueName":"search_term_string"}}],"inLanguage":"fr-FR"},{"@type":"Organization","@id":"https:\/\/lasentinelle.dz\/#organization","name":"Quotidien La Sentinelle","url":"https:\/\/lasentinelle.dz\/","logo":{"@type":"ImageObject","inLanguage":"fr-FR","@id":"https:\/\/lasentinelle.dz\/#\/schema\/logo\/image\/","url":"https:\/\/lasentinelle.dz\/wp-content\/uploads\/2021\/09\/logo-sentinelleSLOGAN-1.png","contentUrl":"https:\/\/lasentinelle.dz\/wp-content\/uploads\/2021\/09\/logo-sentinelleSLOGAN-1.png","width":615,"height":142,"caption":"Quotidien La Sentinelle"},"image":{"@id":"https:\/\/lasentinelle.dz\/#\/schema\/logo\/image\/"},"sameAs":["https:\/\/www.facebook.com\/La-Sentinelle-104059864394773"]},{"@type":"Person","@id":"https:\/\/lasentinelle.dz\/#\/schema\/person\/d865044e22e70a75174ce8bcad3acfb3","name":"La Sentinelle","image":{"@type":"ImageObject","inLanguage":"fr-FR","@id":"https:\/\/secure.gravatar.com\/avatar\/57de8e5d4b15d43fb361a71fbb36338450fe67865b528a43dd10ef7c51a20392?s=96&d=mm&r=g","url":"https:\/\/secure.gravatar.com\/avatar\/57de8e5d4b15d43fb361a71fbb36338450fe67865b528a43dd10ef7c51a20392?s=96&d=mm&r=g","contentUrl":"https:\/\/secure.gravatar.com\/avatar\/57de8e5d4b15d43fb361a71fbb36338450fe67865b528a43dd10ef7c51a20392?s=96&d=mm&r=g","caption":"La Sentinelle"},"sameAs":["http:\/\/www.lasentinelle.dz"],"url":"https:\/\/lasentinelle.dz\/author\/redaction\/"}]}},"_links":{"self":[{"href":"https:\/\/lasentinelle.dz\/index.php\/wp-json\/wp\/v2\/posts\/37280","targetHints":{"allow":["GET"]}}],"collection":[{"href":"https:\/\/lasentinelle.dz\/index.php\/wp-json\/wp\/v2\/posts"}],"about":[{"href":"https:\/\/lasentinelle.dz\/index.php\/wp-json\/wp\/v2\/types\/post"}],"author":[{"embeddable":true,"href":"https:\/\/lasentinelle.dz\/index.php\/wp-json\/wp\/v2\/users\/3"}],"replies":[{"embeddable":true,"href":"https:\/\/lasentinelle.dz\/index.php\/wp-json\/wp\/v2\/comments?post=37280"}],"version-history":[{"count":1,"href":"https:\/\/lasentinelle.dz\/index.php\/wp-json\/wp\/v2\/posts\/37280\/revisions"}],"predecessor-version":[{"id":37289,"href":"https:\/\/lasentinelle.dz\/index.php\/wp-json\/wp\/v2\/posts\/37280\/revisions\/37289"}],"wp:featuredmedia":[{"embeddable":true,"href":"https:\/\/lasentinelle.dz\/index.php\/wp-json\/wp\/v2\/media\/37287"}],"wp:attachment":[{"href":"https:\/\/lasentinelle.dz\/index.php\/wp-json\/wp\/v2\/media?parent=37280"}],"wp:term":[{"taxonomy":"category","embeddable":true,"href":"https:\/\/lasentinelle.dz\/index.php\/wp-json\/wp\/v2\/categories?post=37280"},{"taxonomy":"post_tag","embeddable":true,"href":"https:\/\/lasentinelle.dz\/index.php\/wp-json\/wp\/v2\/tags?post=37280"}],"curies":[{"name":"wp","href":"https:\/\/api.w.org\/{rel}","templated":true}]}}