{"id":37318,"date":"2023-03-05T22:08:00","date_gmt":"2023-03-05T21:08:00","guid":{"rendered":"https:\/\/lasentinelle.dz\/?p=37318"},"modified":"2023-03-05T21:30:42","modified_gmt":"2023-03-05T20:30:42","slug":"paix-et-securite-alger-et-washington-consolident-leur-cooperation","status":"publish","type":"post","link":"https:\/\/lasentinelle.dz\/index.php\/2023\/03\/05\/paix-et-securite-alger-et-washington-consolident-leur-cooperation\/","title":{"rendered":"Paix et s\u00e9curit\u00e9\u00a0: Alger et Washington consolident leur coop\u00e9ration"},"content":{"rendered":"\n<p>Washington et Alger consolident leur coop\u00e9ration, notamment en ce qui concerne les questions de paix et de s\u00e9curit\u00e9. Dans ce sens, pas moins de quatre d\u00e9l\u00e9gations de haut niveau ont \u00e9t\u00e9 d\u00e9p\u00each\u00e9es en Alg\u00e9rie depuis le mois de d\u00e9cembre dernier dans le cadre du dialogue entre les deux pays.<\/p>\n\n\n\n<p>Le d\u00e9partement d\u2019\u00c9tat am\u00e9ricain annonc\u00e9 la visite cette semaine \u00e0 Alger de la sous-secr\u00e9taire au contr\u00f4le des armements et \u00e0 la s\u00e9curit\u00e9 internationale, Bonnie D. Jenkins. Une visite de trois jours qui doit prendre fin demain et au cours de laquelle la responsable am\u00e9ricaine doit discuter avec les hauts responsables alg\u00e9riens \u00ab&nbsp;de questions d&rsquo;int\u00e9r\u00eat commun, notamment les efforts visant \u00e0 approfondir la coop\u00e9ration bilat\u00e9rale en mati\u00e8re de s\u00e9curit\u00e9 afin de relever les d\u00e9fis communs en mati\u00e8re de s\u00e9curit\u00e9 r\u00e9gionale&nbsp;\u00bb, pr\u00e9cise le d\u00e9partement d\u2019\u00c9tat US.<\/p>\n\n\n\n<p>Il est vrai que les contacts entre Alger et Washington se sont multipli\u00e9s, notamment depuis la visite du Secr\u00e9taire d\u2019\u00c9tat am\u00e9ricain, Antony Blinken, en Alg\u00e9rie au mois d\u2019avril dernier. Si les Etats-Unis ont affich\u00e9 leur souhait de voir la coop\u00e9ration \u00e9conomique se renforcer avec l\u2019Alg\u00e9rie, les deux pays ont \u00e9galement consolid\u00e9 leur dialogue en mati\u00e8re de paix et de s\u00e9curit\u00e9, ce qui motive d\u2019ailleurs un v\u00e9ritable ballet diplomatique. D\u2019ailleurs Washington a d\u00e9p\u00each\u00e9 pas moins de trois d\u00e9l\u00e9gations de haut-niveau depuis le mois de d\u00e9cembre dernier, sans compter la r\u00e9cente visite du chef du Commandement des Etats-Unis pour l\u2019Afrique \u00ab\u00a0AFRICOM\u00a0\u00bb, le G\u00e9n\u00e9ral Michael Langley au mois de f\u00e9vrier dernier. C\u2019est ainsi que le Coordinateur du Conseil de s\u00e9curit\u00e9 nationale US pour le Moyen-Orient et l\u2019Afrique du Nord Brett McGurk, et que l\u2019assistante principale du Sous-secr\u00e9taire d\u2019Etat am\u00e9ricain aux Affaires \u00e9trang\u00e8res Yael Lempert et le directeur du Conseil de s\u00e9curit\u00e9 nationale pour l\u2019Afrique du Nord Jeremy Berndt ont effectu\u00e9 une visite \u00e0 Alger au mois de d\u00e9cembre dernier. Une visite au cours de laquelle ils ont eu des entretiens avec le Pr\u00e9sident Abdelmadjid Tebboune et le Chef d\u2019Etat-Major de l\u2019Arm\u00e9e nationale populaire, le G\u00e9n\u00e9ral d\u2019Arm\u00e9e Sa\u00efd Chanegriha. Brett McGurk, avait d\u2019ailleurs affich\u00e9&nbsp; la volont\u00e9 des Etats-Unis de travailler avec l&rsquo;Alg\u00e9rie, soulignant que le partenariat entre les deux pays \u00e9tait \u00ab\u00a0tr\u00e8s fort\u00a0\u00bb. Une visite suivie un mois plus tard par celle de la sous-secr\u00e9taire d\u2019Etat am\u00e9ricaine en charge des organisations internationales, Michele Sison, dans l\u2019objectif de \u00ab\u00a0renforcer et \u00e9largir\u00a0\u00bb la coop\u00e9ration multilat\u00e9rale avec l&rsquo;Alg\u00e9rie. Plus r\u00e9cemment le chef du Commandement des Etats-Unis pour l\u2019Afrique \u00ab\u00a0AFRICOM\u00a0\u00bb, a \u00e9voqu\u00e9 avec les responsables alg\u00e9riensles voies et moyens de \u00ab&nbsp;renforcer&nbsp;\u00bb la coop\u00e9ration et les relations entre les deux pays en vue \u00abde les consolider davantage, notamment au regard de l&rsquo;exp\u00e9rience de l&rsquo;Alg\u00e9rie en mati\u00e8re de lutte contre le terrorisme&nbsp;\u00bb.<\/p>\n\n\n\n<p><strong>Hocine Fadheli<\/strong><\/p>\n","protected":false},"excerpt":{"rendered":"<p>Washington et Alger consolident leur coop\u00e9ration, notamment en ce qui concerne les questions de paix et de s\u00e9curit\u00e9. Dans ce<\/p>\n","protected":false},"author":3,"featured_media":37335,"comment_status":"open","ping_status":"closed","sticky":false,"template":"","format":"standard","meta":{"colormag_page_container_layout":"default_layout","colormag_page_sidebar_layout":"default_layout","om_disable_all_campaigns":false,"_monsterinsights_skip_tracking":false,"_monsterinsights_sitenote_active":false,"_monsterinsights_sitenote_note":"","_monsterinsights_sitenote_category":0,"footnotes":"","_wpscppro_dont_share_socialmedia":false,"_wpscppro_custom_social_share_image":0,"_facebook_share_type":"","_twitter_share_type":"","_linkedin_share_type":"","_pinterest_share_type":"","_linkedin_share_type_page":"","_instagram_share_type":"","_medium_share_type":"","_threads_share_type":"","_google_business_share_type":"","_selected_social_profile":[],"_wpsp_enable_custom_social_template":false,"_wpsp_social_scheduling":{"enabled":false,"datetime":null,"platforms":[],"status":"template_only","dateOption":"today","timeOption":"now","customDays":"","customHours":"","customDate":"","customTime":"","schedulingType":"absolute"},"_wpsp_active_default_template":true},"categories":[52,27],"tags":[],"class_list":["post-37318","post","type-post","status-publish","format-standard","has-post-thumbnail","hentry","category-a-la-une","category-actualite"],"aioseo_notices":[],"yoast_head":"<!-- This site is optimized with the Yoast SEO plugin v27.4 - https:\/\/yoast.com\/product\/yoast-seo-wordpress\/ -->\n<title>Paix et s\u00e9curit\u00e9\u00a0: Alger et Washington consolident leur coop\u00e9ration - La Sentinelle<\/title>\n<meta name=\"robots\" content=\"index, follow, max-snippet:-1, max-image-preview:large, max-video-preview:-1\" \/>\n<link rel=\"canonical\" href=\"https:\/\/lasentinelle.dz\/index.php\/2023\/03\/05\/paix-et-securite-alger-et-washington-consolident-leur-cooperation\/\" \/>\n<meta property=\"og:locale\" content=\"fr_FR\" \/>\n<meta property=\"og:type\" content=\"article\" \/>\n<meta property=\"og:title\" content=\"Paix et s\u00e9curit\u00e9\u00a0: Alger et Washington consolident leur coop\u00e9ration - La Sentinelle\" \/>\n<meta property=\"og:description\" content=\"Washington et Alger consolident leur coop\u00e9ration, notamment en ce qui concerne les questions de paix et de s\u00e9curit\u00e9. Dans ce\" \/>\n<meta property=\"og:url\" content=\"https:\/\/lasentinelle.dz\/index.php\/2023\/03\/05\/paix-et-securite-alger-et-washington-consolident-leur-cooperation\/\" \/>\n<meta property=\"og:site_name\" content=\"La Sentinelle\" \/>\n<meta property=\"article:publisher\" content=\"https:\/\/www.facebook.com\/La-Sentinelle-104059864394773\" \/>\n<meta property=\"article:published_time\" content=\"2023-03-05T21:08:00+00:00\" \/>\n<meta property=\"og:image\" content=\"https:\/\/lasentinelle.dz\/wp-content\/uploads\/2023\/03\/algerie-USA.png\" \/>\n\t<meta property=\"og:image:width\" content=\"1303\" \/>\n\t<meta property=\"og:image:height\" content=\"900\" \/>\n\t<meta property=\"og:image:type\" content=\"image\/png\" \/>\n<meta name=\"author\" content=\"La Sentinelle\" \/>\n<meta name=\"twitter:card\" content=\"summary_large_image\" \/>\n<meta name=\"twitter:label1\" content=\"\u00c9crit par\" \/>\n\t<meta name=\"twitter:data1\" content=\"La Sentinelle\" \/>\n\t<meta name=\"twitter:label2\" content=\"Dur\u00e9e de lecture estim\u00e9e\" \/>\n\t<meta name=\"twitter:data2\" content=\"3 minutes\" \/>\n<script type=\"application\/ld+json\" class=\"yoast-schema-graph\">{\"@context\":\"https:\\\/\\\/schema.org\",\"@graph\":[{\"@type\":\"Article\",\"@id\":\"https:\\\/\\\/lasentinelle.dz\\\/index.php\\\/2023\\\/03\\\/05\\\/paix-et-securite-alger-et-washington-consolident-leur-cooperation\\\/#article\",\"isPartOf\":{\"@id\":\"https:\\\/\\\/lasentinelle.dz\\\/index.php\\\/2023\\\/03\\\/05\\\/paix-et-securite-alger-et-washington-consolident-leur-cooperation\\\/\"},\"author\":{\"name\":\"La Sentinelle\",\"@id\":\"https:\\\/\\\/lasentinelle.dz\\\/#\\\/schema\\\/person\\\/d865044e22e70a75174ce8bcad3acfb3\"},\"headline\":\"Paix et s\u00e9curit\u00e9\u00a0: Alger et Washington consolident leur coop\u00e9ration\",\"datePublished\":\"2023-03-05T21:08:00+00:00\",\"mainEntityOfPage\":{\"@id\":\"https:\\\/\\\/lasentinelle.dz\\\/index.php\\\/2023\\\/03\\\/05\\\/paix-et-securite-alger-et-washington-consolident-leur-cooperation\\\/\"},\"wordCount\":546,\"commentCount\":0,\"publisher\":{\"@id\":\"https:\\\/\\\/lasentinelle.dz\\\/#organization\"},\"image\":{\"@id\":\"https:\\\/\\\/lasentinelle.dz\\\/index.php\\\/2023\\\/03\\\/05\\\/paix-et-securite-alger-et-washington-consolident-leur-cooperation\\\/#primaryimage\"},\"thumbnailUrl\":\"https:\\\/\\\/lasentinelle.dz\\\/wp-content\\\/uploads\\\/2023\\\/03\\\/algerie-USA.png\",\"articleSection\":[\"\u00c0 la Une\",\"Actualit\u00e9\"],\"inLanguage\":\"fr-FR\",\"potentialAction\":[{\"@type\":\"CommentAction\",\"name\":\"Comment\",\"target\":[\"https:\\\/\\\/lasentinelle.dz\\\/index.php\\\/2023\\\/03\\\/05\\\/paix-et-securite-alger-et-washington-consolident-leur-cooperation\\\/#respond\"]}]},{\"@type\":\"WebPage\",\"@id\":\"https:\\\/\\\/lasentinelle.dz\\\/index.php\\\/2023\\\/03\\\/05\\\/paix-et-securite-alger-et-washington-consolident-leur-cooperation\\\/\",\"url\":\"https:\\\/\\\/lasentinelle.dz\\\/index.php\\\/2023\\\/03\\\/05\\\/paix-et-securite-alger-et-washington-consolident-leur-cooperation\\\/\",\"name\":\"Paix et s\u00e9curit\u00e9\u00a0: Alger et Washington consolident leur coop\u00e9ration - La Sentinelle\",\"isPartOf\":{\"@id\":\"https:\\\/\\\/lasentinelle.dz\\\/#website\"},\"primaryImageOfPage\":{\"@id\":\"https:\\\/\\\/lasentinelle.dz\\\/index.php\\\/2023\\\/03\\\/05\\\/paix-et-securite-alger-et-washington-consolident-leur-cooperation\\\/#primaryimage\"},\"image\":{\"@id\":\"https:\\\/\\\/lasentinelle.dz\\\/index.php\\\/2023\\\/03\\\/05\\\/paix-et-securite-alger-et-washington-consolident-leur-cooperation\\\/#primaryimage\"},\"thumbnailUrl\":\"https:\\\/\\\/lasentinelle.dz\\\/wp-content\\\/uploads\\\/2023\\\/03\\\/algerie-USA.png\",\"datePublished\":\"2023-03-05T21:08:00+00:00\",\"breadcrumb\":{\"@id\":\"https:\\\/\\\/lasentinelle.dz\\\/index.php\\\/2023\\\/03\\\/05\\\/paix-et-securite-alger-et-washington-consolident-leur-cooperation\\\/#breadcrumb\"},\"inLanguage\":\"fr-FR\",\"potentialAction\":[{\"@type\":\"ReadAction\",\"target\":[\"https:\\\/\\\/lasentinelle.dz\\\/index.php\\\/2023\\\/03\\\/05\\\/paix-et-securite-alger-et-washington-consolident-leur-cooperation\\\/\"]}]},{\"@type\":\"ImageObject\",\"inLanguage\":\"fr-FR\",\"@id\":\"https:\\\/\\\/lasentinelle.dz\\\/index.php\\\/2023\\\/03\\\/05\\\/paix-et-securite-alger-et-washington-consolident-leur-cooperation\\\/#primaryimage\",\"url\":\"https:\\\/\\\/lasentinelle.dz\\\/wp-content\\\/uploads\\\/2023\\\/03\\\/algerie-USA.png\",\"contentUrl\":\"https:\\\/\\\/lasentinelle.dz\\\/wp-content\\\/uploads\\\/2023\\\/03\\\/algerie-USA.png\",\"width\":1303,\"height\":900},{\"@type\":\"BreadcrumbList\",\"@id\":\"https:\\\/\\\/lasentinelle.dz\\\/index.php\\\/2023\\\/03\\\/05\\\/paix-et-securite-alger-et-washington-consolident-leur-cooperation\\\/#breadcrumb\",\"itemListElement\":[{\"@type\":\"ListItem\",\"position\":1,\"name\":\"Accueil\",\"item\":\"https:\\\/\\\/lasentinelle.dz\\\/\"},{\"@type\":\"ListItem\",\"position\":2,\"name\":\"Paix et s\u00e9curit\u00e9\u00a0: Alger et Washington consolident leur coop\u00e9ration\"}]},{\"@type\":\"WebSite\",\"@id\":\"https:\\\/\\\/lasentinelle.dz\\\/#website\",\"url\":\"https:\\\/\\\/lasentinelle.dz\\\/\",\"name\":\"La Sentinelle\",\"description\":\"Quotidien national d&#039;information\",\"publisher\":{\"@id\":\"https:\\\/\\\/lasentinelle.dz\\\/#organization\"},\"potentialAction\":[{\"@type\":\"SearchAction\",\"target\":{\"@type\":\"EntryPoint\",\"urlTemplate\":\"https:\\\/\\\/lasentinelle.dz\\\/?s={search_term_string}\"},\"query-input\":{\"@type\":\"PropertyValueSpecification\",\"valueRequired\":true,\"valueName\":\"search_term_string\"}}],\"inLanguage\":\"fr-FR\"},{\"@type\":\"Organization\",\"@id\":\"https:\\\/\\\/lasentinelle.dz\\\/#organization\",\"name\":\"Quotidien La Sentinelle\",\"url\":\"https:\\\/\\\/lasentinelle.dz\\\/\",\"logo\":{\"@type\":\"ImageObject\",\"inLanguage\":\"fr-FR\",\"@id\":\"https:\\\/\\\/lasentinelle.dz\\\/#\\\/schema\\\/logo\\\/image\\\/\",\"url\":\"https:\\\/\\\/lasentinelle.dz\\\/wp-content\\\/uploads\\\/2021\\\/09\\\/logo-sentinelleSLOGAN-1.png\",\"contentUrl\":\"https:\\\/\\\/lasentinelle.dz\\\/wp-content\\\/uploads\\\/2021\\\/09\\\/logo-sentinelleSLOGAN-1.png\",\"width\":615,\"height\":142,\"caption\":\"Quotidien La Sentinelle\"},\"image\":{\"@id\":\"https:\\\/\\\/lasentinelle.dz\\\/#\\\/schema\\\/logo\\\/image\\\/\"},\"sameAs\":[\"https:\\\/\\\/www.facebook.com\\\/La-Sentinelle-104059864394773\"]},{\"@type\":\"Person\",\"@id\":\"https:\\\/\\\/lasentinelle.dz\\\/#\\\/schema\\\/person\\\/d865044e22e70a75174ce8bcad3acfb3\",\"name\":\"La Sentinelle\",\"image\":{\"@type\":\"ImageObject\",\"inLanguage\":\"fr-FR\",\"@id\":\"https:\\\/\\\/secure.gravatar.com\\\/avatar\\\/57de8e5d4b15d43fb361a71fbb36338450fe67865b528a43dd10ef7c51a20392?s=96&d=mm&r=g\",\"url\":\"https:\\\/\\\/secure.gravatar.com\\\/avatar\\\/57de8e5d4b15d43fb361a71fbb36338450fe67865b528a43dd10ef7c51a20392?s=96&d=mm&r=g\",\"contentUrl\":\"https:\\\/\\\/secure.gravatar.com\\\/avatar\\\/57de8e5d4b15d43fb361a71fbb36338450fe67865b528a43dd10ef7c51a20392?s=96&d=mm&r=g\",\"caption\":\"La Sentinelle\"},\"sameAs\":[\"http:\\\/\\\/www.lasentinelle.dz\"],\"url\":\"https:\\\/\\\/lasentinelle.dz\\\/author\\\/redaction\\\/\"}]}<\/script>\n<!-- \/ Yoast SEO plugin. -->","yoast_head_json":{"title":"Paix et s\u00e9curit\u00e9\u00a0: Alger et Washington consolident leur coop\u00e9ration - La Sentinelle","robots":{"index":"index","follow":"follow","max-snippet":"max-snippet:-1","max-image-preview":"max-image-preview:large","max-video-preview":"max-video-preview:-1"},"canonical":"https:\/\/lasentinelle.dz\/index.php\/2023\/03\/05\/paix-et-securite-alger-et-washington-consolident-leur-cooperation\/","og_locale":"fr_FR","og_type":"article","og_title":"Paix et s\u00e9curit\u00e9\u00a0: Alger et Washington consolident leur coop\u00e9ration - La Sentinelle","og_description":"Washington et Alger consolident leur coop\u00e9ration, notamment en ce qui concerne les questions de paix et de s\u00e9curit\u00e9. Dans ce","og_url":"https:\/\/lasentinelle.dz\/index.php\/2023\/03\/05\/paix-et-securite-alger-et-washington-consolident-leur-cooperation\/","og_site_name":"La Sentinelle","article_publisher":"https:\/\/www.facebook.com\/La-Sentinelle-104059864394773","article_published_time":"2023-03-05T21:08:00+00:00","og_image":[{"width":1303,"height":900,"url":"https:\/\/lasentinelle.dz\/wp-content\/uploads\/2023\/03\/algerie-USA.png","type":"image\/png"}],"author":"La Sentinelle","twitter_card":"summary_large_image","twitter_misc":{"\u00c9crit par":"La Sentinelle","Dur\u00e9e de lecture estim\u00e9e":"3 minutes"},"schema":{"@context":"https:\/\/schema.org","@graph":[{"@type":"Article","@id":"https:\/\/lasentinelle.dz\/index.php\/2023\/03\/05\/paix-et-securite-alger-et-washington-consolident-leur-cooperation\/#article","isPartOf":{"@id":"https:\/\/lasentinelle.dz\/index.php\/2023\/03\/05\/paix-et-securite-alger-et-washington-consolident-leur-cooperation\/"},"author":{"name":"La Sentinelle","@id":"https:\/\/lasentinelle.dz\/#\/schema\/person\/d865044e22e70a75174ce8bcad3acfb3"},"headline":"Paix et s\u00e9curit\u00e9\u00a0: Alger et Washington consolident leur coop\u00e9ration","datePublished":"2023-03-05T21:08:00+00:00","mainEntityOfPage":{"@id":"https:\/\/lasentinelle.dz\/index.php\/2023\/03\/05\/paix-et-securite-alger-et-washington-consolident-leur-cooperation\/"},"wordCount":546,"commentCount":0,"publisher":{"@id":"https:\/\/lasentinelle.dz\/#organization"},"image":{"@id":"https:\/\/lasentinelle.dz\/index.php\/2023\/03\/05\/paix-et-securite-alger-et-washington-consolident-leur-cooperation\/#primaryimage"},"thumbnailUrl":"https:\/\/lasentinelle.dz\/wp-content\/uploads\/2023\/03\/algerie-USA.png","articleSection":["\u00c0 la Une","Actualit\u00e9"],"inLanguage":"fr-FR","potentialAction":[{"@type":"CommentAction","name":"Comment","target":["https:\/\/lasentinelle.dz\/index.php\/2023\/03\/05\/paix-et-securite-alger-et-washington-consolident-leur-cooperation\/#respond"]}]},{"@type":"WebPage","@id":"https:\/\/lasentinelle.dz\/index.php\/2023\/03\/05\/paix-et-securite-alger-et-washington-consolident-leur-cooperation\/","url":"https:\/\/lasentinelle.dz\/index.php\/2023\/03\/05\/paix-et-securite-alger-et-washington-consolident-leur-cooperation\/","name":"Paix et s\u00e9curit\u00e9\u00a0: Alger et Washington consolident leur coop\u00e9ration - La Sentinelle","isPartOf":{"@id":"https:\/\/lasentinelle.dz\/#website"},"primaryImageOfPage":{"@id":"https:\/\/lasentinelle.dz\/index.php\/2023\/03\/05\/paix-et-securite-alger-et-washington-consolident-leur-cooperation\/#primaryimage"},"image":{"@id":"https:\/\/lasentinelle.dz\/index.php\/2023\/03\/05\/paix-et-securite-alger-et-washington-consolident-leur-cooperation\/#primaryimage"},"thumbnailUrl":"https:\/\/lasentinelle.dz\/wp-content\/uploads\/2023\/03\/algerie-USA.png","datePublished":"2023-03-05T21:08:00+00:00","breadcrumb":{"@id":"https:\/\/lasentinelle.dz\/index.php\/2023\/03\/05\/paix-et-securite-alger-et-washington-consolident-leur-cooperation\/#breadcrumb"},"inLanguage":"fr-FR","potentialAction":[{"@type":"ReadAction","target":["https:\/\/lasentinelle.dz\/index.php\/2023\/03\/05\/paix-et-securite-alger-et-washington-consolident-leur-cooperation\/"]}]},{"@type":"ImageObject","inLanguage":"fr-FR","@id":"https:\/\/lasentinelle.dz\/index.php\/2023\/03\/05\/paix-et-securite-alger-et-washington-consolident-leur-cooperation\/#primaryimage","url":"https:\/\/lasentinelle.dz\/wp-content\/uploads\/2023\/03\/algerie-USA.png","contentUrl":"https:\/\/lasentinelle.dz\/wp-content\/uploads\/2023\/03\/algerie-USA.png","width":1303,"height":900},{"@type":"BreadcrumbList","@id":"https:\/\/lasentinelle.dz\/index.php\/2023\/03\/05\/paix-et-securite-alger-et-washington-consolident-leur-cooperation\/#breadcrumb","itemListElement":[{"@type":"ListItem","position":1,"name":"Accueil","item":"https:\/\/lasentinelle.dz\/"},{"@type":"ListItem","position":2,"name":"Paix et s\u00e9curit\u00e9\u00a0: Alger et Washington consolident leur coop\u00e9ration"}]},{"@type":"WebSite","@id":"https:\/\/lasentinelle.dz\/#website","url":"https:\/\/lasentinelle.dz\/","name":"La Sentinelle","description":"Quotidien national d&#039;information","publisher":{"@id":"https:\/\/lasentinelle.dz\/#organization"},"potentialAction":[{"@type":"SearchAction","target":{"@type":"EntryPoint","urlTemplate":"https:\/\/lasentinelle.dz\/?s={search_term_string}"},"query-input":{"@type":"PropertyValueSpecification","valueRequired":true,"valueName":"search_term_string"}}],"inLanguage":"fr-FR"},{"@type":"Organization","@id":"https:\/\/lasentinelle.dz\/#organization","name":"Quotidien La Sentinelle","url":"https:\/\/lasentinelle.dz\/","logo":{"@type":"ImageObject","inLanguage":"fr-FR","@id":"https:\/\/lasentinelle.dz\/#\/schema\/logo\/image\/","url":"https:\/\/lasentinelle.dz\/wp-content\/uploads\/2021\/09\/logo-sentinelleSLOGAN-1.png","contentUrl":"https:\/\/lasentinelle.dz\/wp-content\/uploads\/2021\/09\/logo-sentinelleSLOGAN-1.png","width":615,"height":142,"caption":"Quotidien La Sentinelle"},"image":{"@id":"https:\/\/lasentinelle.dz\/#\/schema\/logo\/image\/"},"sameAs":["https:\/\/www.facebook.com\/La-Sentinelle-104059864394773"]},{"@type":"Person","@id":"https:\/\/lasentinelle.dz\/#\/schema\/person\/d865044e22e70a75174ce8bcad3acfb3","name":"La Sentinelle","image":{"@type":"ImageObject","inLanguage":"fr-FR","@id":"https:\/\/secure.gravatar.com\/avatar\/57de8e5d4b15d43fb361a71fbb36338450fe67865b528a43dd10ef7c51a20392?s=96&d=mm&r=g","url":"https:\/\/secure.gravatar.com\/avatar\/57de8e5d4b15d43fb361a71fbb36338450fe67865b528a43dd10ef7c51a20392?s=96&d=mm&r=g","contentUrl":"https:\/\/secure.gravatar.com\/avatar\/57de8e5d4b15d43fb361a71fbb36338450fe67865b528a43dd10ef7c51a20392?s=96&d=mm&r=g","caption":"La Sentinelle"},"sameAs":["http:\/\/www.lasentinelle.dz"],"url":"https:\/\/lasentinelle.dz\/author\/redaction\/"}]}},"_links":{"self":[{"href":"https:\/\/lasentinelle.dz\/index.php\/wp-json\/wp\/v2\/posts\/37318","targetHints":{"allow":["GET"]}}],"collection":[{"href":"https:\/\/lasentinelle.dz\/index.php\/wp-json\/wp\/v2\/posts"}],"about":[{"href":"https:\/\/lasentinelle.dz\/index.php\/wp-json\/wp\/v2\/types\/post"}],"author":[{"embeddable":true,"href":"https:\/\/lasentinelle.dz\/index.php\/wp-json\/wp\/v2\/users\/3"}],"replies":[{"embeddable":true,"href":"https:\/\/lasentinelle.dz\/index.php\/wp-json\/wp\/v2\/comments?post=37318"}],"version-history":[{"count":1,"href":"https:\/\/lasentinelle.dz\/index.php\/wp-json\/wp\/v2\/posts\/37318\/revisions"}],"predecessor-version":[{"id":37340,"href":"https:\/\/lasentinelle.dz\/index.php\/wp-json\/wp\/v2\/posts\/37318\/revisions\/37340"}],"wp:featuredmedia":[{"embeddable":true,"href":"https:\/\/lasentinelle.dz\/index.php\/wp-json\/wp\/v2\/media\/37335"}],"wp:attachment":[{"href":"https:\/\/lasentinelle.dz\/index.php\/wp-json\/wp\/v2\/media?parent=37318"}],"wp:term":[{"taxonomy":"category","embeddable":true,"href":"https:\/\/lasentinelle.dz\/index.php\/wp-json\/wp\/v2\/categories?post=37318"},{"taxonomy":"post_tag","embeddable":true,"href":"https:\/\/lasentinelle.dz\/index.php\/wp-json\/wp\/v2\/tags?post=37318"}],"curies":[{"name":"wp","href":"https:\/\/api.w.org\/{rel}","templated":true}]}}