{"id":37350,"date":"2023-03-06T22:05:00","date_gmt":"2023-03-06T21:05:00","guid":{"rendered":"https:\/\/lasentinelle.dz\/?p=37350"},"modified":"2023-03-06T17:26:31","modified_gmt":"2023-03-06T16:26:31","slug":"terrorisme-en-afrique-le-benin-defend-la-presence-du-groupe-wagner","status":"publish","type":"post","link":"https:\/\/lasentinelle.dz\/index.php\/2023\/03\/06\/terrorisme-en-afrique-le-benin-defend-la-presence-du-groupe-wagner\/","title":{"rendered":"Terrorisme en Afrique\u00a0: Le B\u00e9nin d\u00e9fend la pr\u00e9sence du groupe Wagner"},"content":{"rendered":"\n<p class=\"wp-block-paragraph\">Le pr\u00e9sident du B\u00e9nin Patrice Talon a justifi\u00e9 l&rsquo;intervention du groupe militaire priv\u00e9 Wagner en Afrique de l&rsquo;Ouest en \u00e9voquant des \u00abraisons purement s\u00e9curitaires\u00bb. Le recours de certains \u00c9tats africains \u00e0 un groupe paramilitaire comme le russe Wagner n&rsquo;est \u00abpas condamnable sur le principe\u00bb, a estim\u00e9 dimanche le pr\u00e9sident du B\u00e9nin, Patrice Talon, sur la cha\u00eene fran\u00e7aise LCI. \u00abLa notion de faire appel \u00e0 un prestataire priv\u00e9 militaire n&rsquo;est pas nouvelle. On l&rsquo;a vu en Afghanistan\u00bb avec les Am\u00e9ricains, a-t-il d\u00e9clar\u00e9 lors d&rsquo;un entretien, en jugeant que \u00abce principe n&rsquo;est pas condamnable\u00bb. En revanche, \u00absi Wagner intervient et pas pour apporter une prestation purement s\u00e9curitaire, et que \u00e7a doit servir un r\u00e9gime pour des exactions, c&rsquo;est condamnable et cela doit \u00eatre condamn\u00e9\u00bb, a-t-il affirm\u00e9. Wagner, groupe paramilitaire fond\u00e9 en 2014, s&rsquo;est implant\u00e9 en Centrafrique \u00e0 l&rsquo;invitation du pr\u00e9sident Faustin Archange Touad\u00e9ra pour r\u00e9primer une r\u00e9bellion. Selon les Occidentaux, Wagner a \u00e9galement \u00e9t\u00e9 recrut\u00e9 par Bamako. Invit\u00e9 \u00e0 commenter la volont\u00e9 du pr\u00e9sident fran\u00e7ais Emmanuel Macron de r\u00e9inventer les relations entre l&rsquo;ancienne puissance coloniale et les pays africains, Patrice Talon a estim\u00e9 qu&rsquo;\u00abil subsiste encore beaucoup de fantasmes\u00bb au sein des opinions publiques africaines et que \u00abla tourn\u00e9e actuelle (en Afrique, ndlr) du pr\u00e9sident Macron tombe bien car \u00e7a clarifie un peu les choses\u00bb. \u00abIl est n\u00e9cessaire que la France affiche davantage son sentiment d&rsquo;\u00e9galit\u00e9 avec les pays africains\u00bb, a-t-il fait valoir. Interrog\u00e9 sur les liens puissants entre la Chine et le continent africain, Patrice Talon a assur\u00e9 que \u00abla Chine (l)&rsquo;inspire beaucoup, l&rsquo;effort sur soi, la bonne gouvernance\u00bb.<\/p>\n\n\n\n<p class=\"wp-block-paragraph\"><strong>K.L. et agence<\/strong><\/p>\n","protected":false},"excerpt":{"rendered":"<p>Le pr\u00e9sident du B\u00e9nin Patrice Talon a justifi\u00e9 l&rsquo;intervention du groupe militaire priv\u00e9 Wagner en Afrique de l&rsquo;Ouest en \u00e9voquant<\/p>\n","protected":false},"author":3,"featured_media":37358,"comment_status":"open","ping_status":"closed","sticky":false,"template":"","format":"standard","meta":{"colormag_page_container_layout":"default_layout","colormag_page_sidebar_layout":"default_layout","om_disable_all_campaigns":false,"_monsterinsights_skip_tracking":false,"footnotes":"","_wpscppro_dont_share_socialmedia":false,"_wpscppro_custom_social_share_image":0,"_facebook_share_type":"","_twitter_share_type":"","_linkedin_share_type":"","_pinterest_share_type":"","_linkedin_share_type_page":"","_instagram_share_type":"","_medium_share_type":"","_threads_share_type":"","_google_business_share_type":"","_bluesky_share_type":"","_mastodon_share_type":"","_selected_social_profile":[],"_wpsp_enable_custom_social_template":false,"_wpsp_social_scheduling":{"enabled":false,"datetime":null,"platforms":[],"status":"template_only","dateOption":"today","timeOption":"now","customDays":"","customHours":"","customDate":"","customTime":"","schedulingType":"absolute"},"_wpsp_active_default_template":true},"categories":[37],"tags":[],"class_list":["post-37350","post","type-post","status-publish","format-standard","has-post-thumbnail","hentry","category-monde"],"aioseo_notices":[],"aioseo_head":"\n\t\t<!-- All in One SEO 5.0.0.1 - aioseo.com -->\n\t<meta name=\"description\" content=\"Le pr\u00e9sident du B\u00e9nin Patrice Talon a justifi\u00e9 l&#039;intervention du groupe militaire priv\u00e9 Wagner en Afrique de l&#039;Ouest en \u00e9voquant des \u00abraisons purement s\u00e9curitaires\u00bb. Le recours de certains \u00c9tats africains \u00e0 un groupe paramilitaire comme le russe Wagner n&#039;est \u00abpas condamnable sur le principe\u00bb, a estim\u00e9 dimanche le pr\u00e9sident du B\u00e9nin, Patrice Talon, sur la\" \/>\n\t<meta name=\"robots\" content=\"max-image-preview:large\" \/>\n\t<meta name=\"author\" content=\"La Sentinelle\"\/>\n\t<link rel=\"canonical\" href=\"https:\/\/lasentinelle.dz\/index.php\/2023\/03\/06\/terrorisme-en-afrique-le-benin-defend-la-presence-du-groupe-wagner\/\" \/>\n\t<meta name=\"generator\" content=\"All in One SEO (AIOSEO) 5.0.0.1\" \/>\n\t\t<meta property=\"og:locale\" content=\"fr_FR\" \/>\n\t\t<meta property=\"og:site_name\" content=\"La Sentinelle - Quotidien national d&#039;information\" \/>\n\t\t<meta property=\"og:type\" content=\"article\" \/>\n\t\t<meta property=\"og:title\" content=\"Terrorisme en Afrique : Le B\u00e9nin d\u00e9fend la pr\u00e9sence du groupe Wagner - La Sentinelle\" \/>\n\t\t<meta property=\"og:description\" content=\"Le pr\u00e9sident du B\u00e9nin Patrice Talon a justifi\u00e9 l&#039;intervention du groupe militaire priv\u00e9 Wagner en Afrique de l&#039;Ouest en \u00e9voquant des \u00abraisons purement s\u00e9curitaires\u00bb. Le recours de certains \u00c9tats africains \u00e0 un groupe paramilitaire comme le russe Wagner n&#039;est \u00abpas condamnable sur le principe\u00bb, a estim\u00e9 dimanche le pr\u00e9sident du B\u00e9nin, Patrice Talon, sur la\" \/>\n\t\t<meta property=\"og:url\" content=\"https:\/\/lasentinelle.dz\/index.php\/2023\/03\/06\/terrorisme-en-afrique-le-benin-defend-la-presence-du-groupe-wagner\/\" \/>\n\t\t<meta property=\"og:image\" content=\"https:\/\/lasentinelle.dz\/wp-content\/uploads\/2021\/09\/cropped-la-sentinelle-earth-golden-anima-5.gif\" \/>\n\t\t<meta property=\"og:image:secure_url\" content=\"https:\/\/lasentinelle.dz\/wp-content\/uploads\/2021\/09\/cropped-la-sentinelle-earth-golden-anima-5.gif\" \/>\n\t\t<meta property=\"og:image:width\" content=\"450\" \/>\n\t\t<meta property=\"og:image:height\" content=\"213\" \/>\n\t\t<meta property=\"article:published_time\" content=\"2023-03-06T21:05:00+00:00\" \/>\n\t\t<meta property=\"article:modified_time\" content=\"2023-03-06T16:26:31+00:00\" \/>\n\t\t<meta property=\"article:publisher\" content=\"https:\/\/www.facebook.com\/azzedine.lasentinelle.1\" \/>\n\t\t<meta name=\"twitter:card\" content=\"summary_large_image\" \/>\n\t\t<meta name=\"twitter:title\" content=\"Terrorisme en Afrique : Le B\u00e9nin d\u00e9fend la pr\u00e9sence du groupe Wagner - La Sentinelle\" \/>\n\t\t<meta name=\"twitter:description\" content=\"Le pr\u00e9sident du B\u00e9nin Patrice Talon a justifi\u00e9 l&#039;intervention du groupe militaire priv\u00e9 Wagner en Afrique de l&#039;Ouest en \u00e9voquant des \u00abraisons purement s\u00e9curitaires\u00bb. Le recours de certains \u00c9tats africains \u00e0 un groupe paramilitaire comme le russe Wagner n&#039;est \u00abpas condamnable sur le principe\u00bb, a estim\u00e9 dimanche le pr\u00e9sident du B\u00e9nin, Patrice Talon, sur la\" \/>\n\t\t<meta name=\"twitter:image\" content=\"https:\/\/lasentinelle.dz\/wp-content\/uploads\/2021\/09\/cropped-la-sentinelle-earth-golden-anima-5.gif\" \/>\n\t\t<script type=\"application\/ld+json\" class=\"aioseo-schema\">\n\t\t\t{\"@context\":\"https:\\\/\\\/schema.org\",\"@graph\":[{\"@type\":\"BlogPosting\",\"@id\":\"https:\\\/\\\/lasentinelle.dz\\\/index.php\\\/2023\\\/03\\\/06\\\/terrorisme-en-afrique-le-benin-defend-la-presence-du-groupe-wagner\\\/#blogposting\",\"name\":\"Terrorisme en Afrique : Le B\\u00e9nin d\\u00e9fend la pr\\u00e9sence du groupe Wagner - La Sentinelle\",\"headline\":\"Terrorisme en Afrique\\u00a0: Le B\\u00e9nin d\\u00e9fend la pr\\u00e9sence du groupe Wagner\",\"author\":{\"@id\":\"https:\\\/\\\/lasentinelle.dz\\\/author\\\/redaction\\\/#author\"},\"publisher\":{\"@id\":\"https:\\\/\\\/lasentinelle.dz\\\/#organization\"},\"image\":{\"@type\":\"ImageObject\",\"url\":\"https:\\\/\\\/lasentinelle.dz\\\/wp-content\\\/uploads\\\/2023\\\/03\\\/Sans-titre-1-3.png\",\"width\":1349,\"height\":900},\"datePublished\":\"2023-03-06T22:05:00+01:00\",\"dateModified\":\"2023-03-06T17:26:31+01:00\",\"inLanguage\":\"fr-FR\",\"mainEntityOfPage\":{\"@id\":\"https:\\\/\\\/lasentinelle.dz\\\/index.php\\\/2023\\\/03\\\/06\\\/terrorisme-en-afrique-le-benin-defend-la-presence-du-groupe-wagner\\\/#webpage\"},\"isPartOf\":{\"@id\":\"https:\\\/\\\/lasentinelle.dz\\\/index.php\\\/2023\\\/03\\\/06\\\/terrorisme-en-afrique-le-benin-defend-la-presence-du-groupe-wagner\\\/#webpage\"},\"articleSection\":\"Monde\"},{\"@type\":\"BreadcrumbList\",\"@id\":\"https:\\\/\\\/lasentinelle.dz\\\/index.php\\\/2023\\\/03\\\/06\\\/terrorisme-en-afrique-le-benin-defend-la-presence-du-groupe-wagner\\\/#breadcrumblist\",\"itemListElement\":[{\"@type\":\"ListItem\",\"@id\":\"https:\\\/\\\/lasentinelle.dz#listItem\",\"position\":1,\"name\":\"Home\",\"item\":\"https:\\\/\\\/lasentinelle.dz\",\"nextItem\":{\"@type\":\"ListItem\",\"@id\":\"https:\\\/\\\/lasentinelle.dz\\\/index.php\\\/category\\\/monde\\\/#listItem\",\"name\":\"Monde\"}},{\"@type\":\"ListItem\",\"@id\":\"https:\\\/\\\/lasentinelle.dz\\\/index.php\\\/category\\\/monde\\\/#listItem\",\"position\":2,\"name\":\"Monde\",\"item\":\"https:\\\/\\\/lasentinelle.dz\\\/index.php\\\/category\\\/monde\\\/\",\"nextItem\":{\"@type\":\"ListItem\",\"@id\":\"https:\\\/\\\/lasentinelle.dz\\\/index.php\\\/2023\\\/03\\\/06\\\/terrorisme-en-afrique-le-benin-defend-la-presence-du-groupe-wagner\\\/#listItem\",\"name\":\"Terrorisme en Afrique\\u00a0: Le B\\u00e9nin d\\u00e9fend la pr\\u00e9sence du groupe Wagner\"},\"previousItem\":{\"@type\":\"ListItem\",\"@id\":\"https:\\\/\\\/lasentinelle.dz#listItem\",\"name\":\"Home\"}},{\"@type\":\"ListItem\",\"@id\":\"https:\\\/\\\/lasentinelle.dz\\\/index.php\\\/2023\\\/03\\\/06\\\/terrorisme-en-afrique-le-benin-defend-la-presence-du-groupe-wagner\\\/#listItem\",\"position\":3,\"name\":\"Terrorisme en Afrique\\u00a0: Le B\\u00e9nin d\\u00e9fend la pr\\u00e9sence du groupe Wagner\",\"previousItem\":{\"@type\":\"ListItem\",\"@id\":\"https:\\\/\\\/lasentinelle.dz\\\/index.php\\\/category\\\/monde\\\/#listItem\",\"name\":\"Monde\"}}]},{\"@type\":\"Organization\",\"@id\":\"https:\\\/\\\/lasentinelle.dz\\\/#organization\",\"name\":\"La Sentinelle La Sentinelle\",\"description\":\"Quotidien national d'information\",\"url\":\"https:\\\/\\\/lasentinelle.dz\\\/\",\"logo\":{\"@type\":\"ImageObject\",\"url\":\"https:\\\/\\\/lasentinelle.dz\\\/wp-content\\\/uploads\\\/2021\\\/09\\\/cropped-la-sentinelle-earth-golden-anima-5.gif\",\"@id\":\"https:\\\/\\\/lasentinelle.dz\\\/index.php\\\/2023\\\/03\\\/06\\\/terrorisme-en-afrique-le-benin-defend-la-presence-du-groupe-wagner\\\/#organizationLogo\",\"width\":450,\"height\":213},\"image\":{\"@id\":\"https:\\\/\\\/lasentinelle.dz\\\/index.php\\\/2023\\\/03\\\/06\\\/terrorisme-en-afrique-le-benin-defend-la-presence-du-groupe-wagner\\\/#organizationLogo\"},\"sameAs\":[\"https:\\\/\\\/www.facebook.com\\\/azzedine.lasentinelle.1\"]},{\"@type\":\"Person\",\"@id\":\"https:\\\/\\\/lasentinelle.dz\\\/author\\\/redaction\\\/#author\",\"url\":\"https:\\\/\\\/lasentinelle.dz\\\/author\\\/redaction\\\/\",\"name\":\"La Sentinelle\",\"image\":{\"@type\":\"ImageObject\",\"@id\":\"https:\\\/\\\/lasentinelle.dz\\\/index.php\\\/2023\\\/03\\\/06\\\/terrorisme-en-afrique-le-benin-defend-la-presence-du-groupe-wagner\\\/#authorImage\",\"url\":\"https:\\\/\\\/secure.gravatar.com\\\/avatar\\\/57de8e5d4b15d43fb361a71fbb36338450fe67865b528a43dd10ef7c51a20392?s=96&d=mm&r=g\",\"width\":96,\"height\":96,\"caption\":\"La Sentinelle\"}},{\"@type\":\"WebPage\",\"@id\":\"https:\\\/\\\/lasentinelle.dz\\\/index.php\\\/2023\\\/03\\\/06\\\/terrorisme-en-afrique-le-benin-defend-la-presence-du-groupe-wagner\\\/#webpage\",\"url\":\"https:\\\/\\\/lasentinelle.dz\\\/index.php\\\/2023\\\/03\\\/06\\\/terrorisme-en-afrique-le-benin-defend-la-presence-du-groupe-wagner\\\/\",\"name\":\"Terrorisme en Afrique : Le B\\u00e9nin d\\u00e9fend la pr\\u00e9sence du groupe Wagner - La Sentinelle\",\"description\":\"Le pr\\u00e9sident du B\\u00e9nin Patrice Talon a justifi\\u00e9 l'intervention du groupe militaire priv\\u00e9 Wagner en Afrique de l'Ouest en \\u00e9voquant des \\u00abraisons purement s\\u00e9curitaires\\u00bb. Le recours de certains \\u00c9tats africains \\u00e0 un groupe paramilitaire comme le russe Wagner n'est \\u00abpas condamnable sur le principe\\u00bb, a estim\\u00e9 dimanche le pr\\u00e9sident du B\\u00e9nin, Patrice Talon, sur la\",\"inLanguage\":\"fr-FR\",\"isPartOf\":{\"@id\":\"https:\\\/\\\/lasentinelle.dz\\\/#website\"},\"breadcrumb\":{\"@id\":\"https:\\\/\\\/lasentinelle.dz\\\/index.php\\\/2023\\\/03\\\/06\\\/terrorisme-en-afrique-le-benin-defend-la-presence-du-groupe-wagner\\\/#breadcrumblist\"},\"author\":{\"@id\":\"https:\\\/\\\/lasentinelle.dz\\\/author\\\/redaction\\\/#author\"},\"creator\":{\"@id\":\"https:\\\/\\\/lasentinelle.dz\\\/author\\\/redaction\\\/#author\"},\"image\":{\"@type\":\"ImageObject\",\"url\":\"https:\\\/\\\/lasentinelle.dz\\\/wp-content\\\/uploads\\\/2023\\\/03\\\/Sans-titre-1-3.png\",\"@id\":\"https:\\\/\\\/lasentinelle.dz\\\/index.php\\\/2023\\\/03\\\/06\\\/terrorisme-en-afrique-le-benin-defend-la-presence-du-groupe-wagner\\\/#mainImage\",\"width\":1349,\"height\":900},\"primaryImageOfPage\":{\"@id\":\"https:\\\/\\\/lasentinelle.dz\\\/index.php\\\/2023\\\/03\\\/06\\\/terrorisme-en-afrique-le-benin-defend-la-presence-du-groupe-wagner\\\/#mainImage\"},\"datePublished\":\"2023-03-06T22:05:00+01:00\",\"dateModified\":\"2023-03-06T17:26:31+01:00\"},{\"@type\":\"WebSite\",\"@id\":\"https:\\\/\\\/lasentinelle.dz\\\/#website\",\"url\":\"https:\\\/\\\/lasentinelle.dz\\\/\",\"name\":\"La Sentinelle\",\"description\":\"Quotidien national d'information\",\"inLanguage\":\"fr-FR\",\"publisher\":{\"@id\":\"https:\\\/\\\/lasentinelle.dz\\\/#organization\"}}]}\n\t\t<\/script>\n\t\t<!-- All in One SEO -->\n\n","aioseo_head_json":{"title":"Terrorisme en Afrique : Le B\u00e9nin d\u00e9fend la pr\u00e9sence du groupe Wagner - La Sentinelle","description":"Le pr\u00e9sident du B\u00e9nin Patrice Talon a justifi\u00e9 l'intervention du groupe militaire priv\u00e9 Wagner en Afrique de l'Ouest en \u00e9voquant des \u00abraisons purement s\u00e9curitaires\u00bb. Le recours de certains \u00c9tats africains \u00e0 un groupe paramilitaire comme le russe Wagner n'est \u00abpas condamnable sur le principe\u00bb, a estim\u00e9 dimanche le pr\u00e9sident du B\u00e9nin, Patrice Talon, sur la","canonical_url":"https:\/\/lasentinelle.dz\/index.php\/2023\/03\/06\/terrorisme-en-afrique-le-benin-defend-la-presence-du-groupe-wagner\/","robots":"max-image-preview:large","keywords":"","webmasterTools":{"miscellaneous":""},"schema":{"@context":"https:\/\/schema.org","@graph":[{"@type":"BlogPosting","@id":"https:\/\/lasentinelle.dz\/index.php\/2023\/03\/06\/terrorisme-en-afrique-le-benin-defend-la-presence-du-groupe-wagner\/#blogposting","name":"Terrorisme en Afrique : Le B\u00e9nin d\u00e9fend la pr\u00e9sence du groupe Wagner - La Sentinelle","headline":"Terrorisme en Afrique\u00a0: Le B\u00e9nin d\u00e9fend la pr\u00e9sence du groupe Wagner","author":{"@id":"https:\/\/lasentinelle.dz\/author\/redaction\/#author"},"publisher":{"@id":"https:\/\/lasentinelle.dz\/#organization"},"image":{"@type":"ImageObject","url":"https:\/\/lasentinelle.dz\/wp-content\/uploads\/2023\/03\/Sans-titre-1-3.png","width":1349,"height":900},"datePublished":"2023-03-06T22:05:00+01:00","dateModified":"2023-03-06T17:26:31+01:00","inLanguage":"fr-FR","mainEntityOfPage":{"@id":"https:\/\/lasentinelle.dz\/index.php\/2023\/03\/06\/terrorisme-en-afrique-le-benin-defend-la-presence-du-groupe-wagner\/#webpage"},"isPartOf":{"@id":"https:\/\/lasentinelle.dz\/index.php\/2023\/03\/06\/terrorisme-en-afrique-le-benin-defend-la-presence-du-groupe-wagner\/#webpage"},"articleSection":"Monde"},{"@type":"BreadcrumbList","@id":"https:\/\/lasentinelle.dz\/index.php\/2023\/03\/06\/terrorisme-en-afrique-le-benin-defend-la-presence-du-groupe-wagner\/#breadcrumblist","itemListElement":[{"@type":"ListItem","@id":"https:\/\/lasentinelle.dz#listItem","position":1,"name":"Home","item":"https:\/\/lasentinelle.dz","nextItem":{"@type":"ListItem","@id":"https:\/\/lasentinelle.dz\/index.php\/category\/monde\/#listItem","name":"Monde"}},{"@type":"ListItem","@id":"https:\/\/lasentinelle.dz\/index.php\/category\/monde\/#listItem","position":2,"name":"Monde","item":"https:\/\/lasentinelle.dz\/index.php\/category\/monde\/","nextItem":{"@type":"ListItem","@id":"https:\/\/lasentinelle.dz\/index.php\/2023\/03\/06\/terrorisme-en-afrique-le-benin-defend-la-presence-du-groupe-wagner\/#listItem","name":"Terrorisme en Afrique\u00a0: Le B\u00e9nin d\u00e9fend la pr\u00e9sence du groupe Wagner"},"previousItem":{"@type":"ListItem","@id":"https:\/\/lasentinelle.dz#listItem","name":"Home"}},{"@type":"ListItem","@id":"https:\/\/lasentinelle.dz\/index.php\/2023\/03\/06\/terrorisme-en-afrique-le-benin-defend-la-presence-du-groupe-wagner\/#listItem","position":3,"name":"Terrorisme en Afrique\u00a0: Le B\u00e9nin d\u00e9fend la pr\u00e9sence du groupe Wagner","previousItem":{"@type":"ListItem","@id":"https:\/\/lasentinelle.dz\/index.php\/category\/monde\/#listItem","name":"Monde"}}]},{"@type":"Organization","@id":"https:\/\/lasentinelle.dz\/#organization","name":"La Sentinelle La Sentinelle","description":"Quotidien national d'information","url":"https:\/\/lasentinelle.dz\/","logo":{"@type":"ImageObject","url":"https:\/\/lasentinelle.dz\/wp-content\/uploads\/2021\/09\/cropped-la-sentinelle-earth-golden-anima-5.gif","@id":"https:\/\/lasentinelle.dz\/index.php\/2023\/03\/06\/terrorisme-en-afrique-le-benin-defend-la-presence-du-groupe-wagner\/#organizationLogo","width":450,"height":213},"image":{"@id":"https:\/\/lasentinelle.dz\/index.php\/2023\/03\/06\/terrorisme-en-afrique-le-benin-defend-la-presence-du-groupe-wagner\/#organizationLogo"},"sameAs":["https:\/\/www.facebook.com\/azzedine.lasentinelle.1"]},{"@type":"Person","@id":"https:\/\/lasentinelle.dz\/author\/redaction\/#author","url":"https:\/\/lasentinelle.dz\/author\/redaction\/","name":"La Sentinelle","image":{"@type":"ImageObject","@id":"https:\/\/lasentinelle.dz\/index.php\/2023\/03\/06\/terrorisme-en-afrique-le-benin-defend-la-presence-du-groupe-wagner\/#authorImage","url":"https:\/\/secure.gravatar.com\/avatar\/57de8e5d4b15d43fb361a71fbb36338450fe67865b528a43dd10ef7c51a20392?s=96&d=mm&r=g","width":96,"height":96,"caption":"La Sentinelle"}},{"@type":"WebPage","@id":"https:\/\/lasentinelle.dz\/index.php\/2023\/03\/06\/terrorisme-en-afrique-le-benin-defend-la-presence-du-groupe-wagner\/#webpage","url":"https:\/\/lasentinelle.dz\/index.php\/2023\/03\/06\/terrorisme-en-afrique-le-benin-defend-la-presence-du-groupe-wagner\/","name":"Terrorisme en Afrique : Le B\u00e9nin d\u00e9fend la pr\u00e9sence du groupe Wagner - La Sentinelle","description":"Le pr\u00e9sident du B\u00e9nin Patrice Talon a justifi\u00e9 l'intervention du groupe militaire priv\u00e9 Wagner en Afrique de l'Ouest en \u00e9voquant des \u00abraisons purement s\u00e9curitaires\u00bb. Le recours de certains \u00c9tats africains \u00e0 un groupe paramilitaire comme le russe Wagner n'est \u00abpas condamnable sur le principe\u00bb, a estim\u00e9 dimanche le pr\u00e9sident du B\u00e9nin, Patrice Talon, sur la","inLanguage":"fr-FR","isPartOf":{"@id":"https:\/\/lasentinelle.dz\/#website"},"breadcrumb":{"@id":"https:\/\/lasentinelle.dz\/index.php\/2023\/03\/06\/terrorisme-en-afrique-le-benin-defend-la-presence-du-groupe-wagner\/#breadcrumblist"},"author":{"@id":"https:\/\/lasentinelle.dz\/author\/redaction\/#author"},"creator":{"@id":"https:\/\/lasentinelle.dz\/author\/redaction\/#author"},"image":{"@type":"ImageObject","url":"https:\/\/lasentinelle.dz\/wp-content\/uploads\/2023\/03\/Sans-titre-1-3.png","@id":"https:\/\/lasentinelle.dz\/index.php\/2023\/03\/06\/terrorisme-en-afrique-le-benin-defend-la-presence-du-groupe-wagner\/#mainImage","width":1349,"height":900},"primaryImageOfPage":{"@id":"https:\/\/lasentinelle.dz\/index.php\/2023\/03\/06\/terrorisme-en-afrique-le-benin-defend-la-presence-du-groupe-wagner\/#mainImage"},"datePublished":"2023-03-06T22:05:00+01:00","dateModified":"2023-03-06T17:26:31+01:00"},{"@type":"WebSite","@id":"https:\/\/lasentinelle.dz\/#website","url":"https:\/\/lasentinelle.dz\/","name":"La Sentinelle","description":"Quotidien national d'information","inLanguage":"fr-FR","publisher":{"@id":"https:\/\/lasentinelle.dz\/#organization"}}]},"og:locale":"fr_FR","og:site_name":"La Sentinelle - Quotidien national d'information","og:type":"article","og:title":"Terrorisme en Afrique : Le B\u00e9nin d\u00e9fend la pr\u00e9sence du groupe Wagner - La Sentinelle","og:description":"Le pr\u00e9sident du B\u00e9nin Patrice Talon a justifi\u00e9 l'intervention du groupe militaire priv\u00e9 Wagner en Afrique de l'Ouest en \u00e9voquant des \u00abraisons purement s\u00e9curitaires\u00bb. Le recours de certains \u00c9tats africains \u00e0 un groupe paramilitaire comme le russe Wagner n'est \u00abpas condamnable sur le principe\u00bb, a estim\u00e9 dimanche le pr\u00e9sident du B\u00e9nin, Patrice Talon, sur la","og:url":"https:\/\/lasentinelle.dz\/index.php\/2023\/03\/06\/terrorisme-en-afrique-le-benin-defend-la-presence-du-groupe-wagner\/","og:image":"https:\/\/lasentinelle.dz\/wp-content\/uploads\/2021\/09\/cropped-la-sentinelle-earth-golden-anima-5.gif","og:image:secure_url":"https:\/\/lasentinelle.dz\/wp-content\/uploads\/2021\/09\/cropped-la-sentinelle-earth-golden-anima-5.gif","og:image:width":450,"og:image:height":213,"article:published_time":"2023-03-06T21:05:00+00:00","article:modified_time":"2023-03-06T16:26:31+00:00","article:publisher":"https:\/\/www.facebook.com\/azzedine.lasentinelle.1","twitter:card":"summary_large_image","twitter:title":"Terrorisme en Afrique : Le B\u00e9nin d\u00e9fend la pr\u00e9sence du groupe Wagner - La Sentinelle","twitter:description":"Le pr\u00e9sident du B\u00e9nin Patrice Talon a justifi\u00e9 l'intervention du groupe militaire priv\u00e9 Wagner en Afrique de l'Ouest en \u00e9voquant des \u00abraisons purement s\u00e9curitaires\u00bb. Le recours de certains \u00c9tats africains \u00e0 un groupe paramilitaire comme le russe Wagner n'est \u00abpas condamnable sur le principe\u00bb, a estim\u00e9 dimanche le pr\u00e9sident du B\u00e9nin, Patrice Talon, sur la","twitter:image":"https:\/\/lasentinelle.dz\/wp-content\/uploads\/2021\/09\/cropped-la-sentinelle-earth-golden-anima-5.gif"},"aioseo_meta_data":{"post_id":"37350","title":null,"description":null,"keywords":null,"keyphrases":null,"primary_term":null,"canonical_url":null,"og_title":null,"og_description":null,"og_object_type":"default","og_image_type":"default","og_image_url":null,"og_image_width":null,"og_image_height":null,"og_image_custom_url":null,"og_image_custom_fields":null,"og_video":null,"og_custom_url":null,"og_article_section":null,"og_article_tags":null,"twitter_use_og":false,"twitter_card":"default","twitter_image_type":"default","twitter_image_url":null,"twitter_image_custom_url":null,"twitter_image_custom_fields":null,"twitter_title":null,"twitter_description":null,"schema":{"blockGraphs":[],"customGraphs":[],"default":{"data":{"Article":[],"Course":[],"Dataset":[],"FAQPage":[],"Movie":[],"Person":[],"Product":[],"ProductReview":[],"Car":[],"Recipe":[],"Service":[],"SoftwareApplication":[],"WebPage":[]},"graphName":"","isEnabled":true},"graphs":[]},"schema_type":"default","schema_type_options":null,"pillar_content":false,"robots_default":true,"robots_noindex":false,"robots_noarchive":false,"robots_nosnippet":false,"robots_nofollow":false,"robots_noimageindex":false,"robots_noodp":false,"robots_notranslate":false,"robots_max_snippet":null,"robots_max_videopreview":null,"robots_max_imagepreview":"large","priority":null,"frequency":null,"local_seo":null,"breadcrumb_settings":null,"limit_modified_date":false,"ai":null,"created":"2026-05-01 00:29:52","updated":"2026-05-01 00:29:52","focus_keyword":null,"additional_keywords":null,"truseo_locale":null,"seo_analyzer_scan_date":null},"aioseo_breadcrumb":"<div class=\"aioseo-breadcrumbs\"><span class=\"aioseo-breadcrumb\">\n\t\t\t<a href=\"https:\/\/lasentinelle.dz\" title=\"Home\">Home<\/a>\n\t\t<\/span><span class=\"aioseo-breadcrumb-separator\">&raquo;<\/span><span class=\"aioseo-breadcrumb\">\n\t\t\t<a href=\"https:\/\/lasentinelle.dz\/index.php\/category\/monde\/\" title=\"Monde\">Monde<\/a>\n\t\t<\/span><span class=\"aioseo-breadcrumb-separator\">&raquo;<\/span><span class=\"aioseo-breadcrumb\">\n\t\t\tTerrorisme en Afrique : Le B\u00e9nin d\u00e9fend la pr\u00e9sence du groupe Wagner\n\t\t<\/span><\/div>","aioseo_breadcrumb_json":[{"label":"Home","link":"https:\/\/lasentinelle.dz"},{"label":"Monde","link":"https:\/\/lasentinelle.dz\/index.php\/category\/monde\/"},{"label":"Terrorisme en Afrique\u00a0: Le B\u00e9nin d\u00e9fend la pr\u00e9sence du groupe Wagner","link":"https:\/\/lasentinelle.dz\/index.php\/2023\/03\/06\/terrorisme-en-afrique-le-benin-defend-la-presence-du-groupe-wagner\/"}],"yoast_head":"<!-- This site is optimized with the Yoast SEO plugin v28.3 - https:\/\/yoast.com\/product\/yoast-seo-wordpress\/ -->\n<title>Terrorisme en Afrique\u00a0: Le B\u00e9nin d\u00e9fend la pr\u00e9sence du groupe Wagner - La Sentinelle<\/title>\n<meta name=\"robots\" content=\"index, follow, max-snippet:-1, max-image-preview:large, max-video-preview:-1\" \/>\n<link rel=\"canonical\" href=\"https:\/\/lasentinelle.dz\/index.php\/2023\/03\/06\/terrorisme-en-afrique-le-benin-defend-la-presence-du-groupe-wagner\/\" \/>\n<meta property=\"og:locale\" content=\"fr_FR\" \/>\n<meta property=\"og:type\" content=\"article\" \/>\n<meta property=\"og:title\" content=\"Terrorisme en Afrique\u00a0: Le B\u00e9nin d\u00e9fend la pr\u00e9sence du groupe Wagner - La Sentinelle\" \/>\n<meta property=\"og:description\" content=\"Le pr\u00e9sident du B\u00e9nin Patrice Talon a justifi\u00e9 l&rsquo;intervention du groupe militaire priv\u00e9 Wagner en Afrique de l&rsquo;Ouest en \u00e9voquant\" \/>\n<meta property=\"og:url\" content=\"https:\/\/lasentinelle.dz\/index.php\/2023\/03\/06\/terrorisme-en-afrique-le-benin-defend-la-presence-du-groupe-wagner\/\" \/>\n<meta property=\"og:site_name\" content=\"La Sentinelle\" \/>\n<meta property=\"article:publisher\" content=\"https:\/\/www.facebook.com\/La-Sentinelle-104059864394773\" \/>\n<meta property=\"article:published_time\" content=\"2023-03-06T21:05:00+00:00\" \/>\n<meta property=\"og:image\" content=\"https:\/\/lasentinelle.dz\/wp-content\/uploads\/2023\/03\/Sans-titre-1-3.png\" \/>\n\t<meta property=\"og:image:width\" content=\"1349\" \/>\n\t<meta property=\"og:image:height\" content=\"900\" \/>\n\t<meta property=\"og:image:type\" content=\"image\/png\" \/>\n<meta name=\"author\" content=\"La Sentinelle\" \/>\n<meta name=\"twitter:card\" content=\"summary_large_image\" \/>\n<meta name=\"twitter:label1\" content=\"\u00c9crit par\" \/>\n\t<meta name=\"twitter:data1\" content=\"La Sentinelle\" \/>\n\t<meta name=\"twitter:label2\" content=\"Dur\u00e9e de lecture estim\u00e9e\" \/>\n\t<meta name=\"twitter:data2\" content=\"2 minutes\" \/>\n<script type=\"application\/ld+json\" class=\"yoast-schema-graph\">{\"@context\":\"https:\\\/\\\/schema.org\",\"@graph\":[{\"@type\":\"Article\",\"@id\":\"https:\\\/\\\/lasentinelle.dz\\\/index.php\\\/2023\\\/03\\\/06\\\/terrorisme-en-afrique-le-benin-defend-la-presence-du-groupe-wagner\\\/#article\",\"isPartOf\":{\"@id\":\"https:\\\/\\\/lasentinelle.dz\\\/index.php\\\/2023\\\/03\\\/06\\\/terrorisme-en-afrique-le-benin-defend-la-presence-du-groupe-wagner\\\/\"},\"author\":{\"name\":\"La Sentinelle\",\"@id\":\"https:\\\/\\\/lasentinelle.dz\\\/#\\\/schema\\\/person\\\/d865044e22e70a75174ce8bcad3acfb3\"},\"headline\":\"Terrorisme en Afrique\u00a0: Le B\u00e9nin d\u00e9fend la pr\u00e9sence du groupe Wagner\",\"datePublished\":\"2023-03-06T21:05:00+00:00\",\"mainEntityOfPage\":{\"@id\":\"https:\\\/\\\/lasentinelle.dz\\\/index.php\\\/2023\\\/03\\\/06\\\/terrorisme-en-afrique-le-benin-defend-la-presence-du-groupe-wagner\\\/\"},\"wordCount\":307,\"commentCount\":0,\"publisher\":{\"@id\":\"https:\\\/\\\/lasentinelle.dz\\\/#organization\"},\"image\":{\"@id\":\"https:\\\/\\\/lasentinelle.dz\\\/index.php\\\/2023\\\/03\\\/06\\\/terrorisme-en-afrique-le-benin-defend-la-presence-du-groupe-wagner\\\/#primaryimage\"},\"thumbnailUrl\":\"https:\\\/\\\/lasentinelle.dz\\\/wp-content\\\/uploads\\\/2023\\\/03\\\/Sans-titre-1-3.png\",\"articleSection\":[\"Monde\"],\"inLanguage\":\"fr-FR\",\"potentialAction\":[{\"@type\":\"CommentAction\",\"name\":\"Comment\",\"target\":[\"https:\\\/\\\/lasentinelle.dz\\\/index.php\\\/2023\\\/03\\\/06\\\/terrorisme-en-afrique-le-benin-defend-la-presence-du-groupe-wagner\\\/#respond\"]}]},{\"@type\":\"WebPage\",\"@id\":\"https:\\\/\\\/lasentinelle.dz\\\/index.php\\\/2023\\\/03\\\/06\\\/terrorisme-en-afrique-le-benin-defend-la-presence-du-groupe-wagner\\\/\",\"url\":\"https:\\\/\\\/lasentinelle.dz\\\/index.php\\\/2023\\\/03\\\/06\\\/terrorisme-en-afrique-le-benin-defend-la-presence-du-groupe-wagner\\\/\",\"name\":\"Terrorisme en Afrique\u00a0: Le B\u00e9nin d\u00e9fend la pr\u00e9sence du groupe Wagner - La Sentinelle\",\"isPartOf\":{\"@id\":\"https:\\\/\\\/lasentinelle.dz\\\/#website\"},\"primaryImageOfPage\":{\"@id\":\"https:\\\/\\\/lasentinelle.dz\\\/index.php\\\/2023\\\/03\\\/06\\\/terrorisme-en-afrique-le-benin-defend-la-presence-du-groupe-wagner\\\/#primaryimage\"},\"image\":{\"@id\":\"https:\\\/\\\/lasentinelle.dz\\\/index.php\\\/2023\\\/03\\\/06\\\/terrorisme-en-afrique-le-benin-defend-la-presence-du-groupe-wagner\\\/#primaryimage\"},\"thumbnailUrl\":\"https:\\\/\\\/lasentinelle.dz\\\/wp-content\\\/uploads\\\/2023\\\/03\\\/Sans-titre-1-3.png\",\"datePublished\":\"2023-03-06T21:05:00+00:00\",\"breadcrumb\":{\"@id\":\"https:\\\/\\\/lasentinelle.dz\\\/index.php\\\/2023\\\/03\\\/06\\\/terrorisme-en-afrique-le-benin-defend-la-presence-du-groupe-wagner\\\/#breadcrumb\"},\"inLanguage\":\"fr-FR\",\"potentialAction\":[{\"@type\":\"ReadAction\",\"target\":[\"https:\\\/\\\/lasentinelle.dz\\\/index.php\\\/2023\\\/03\\\/06\\\/terrorisme-en-afrique-le-benin-defend-la-presence-du-groupe-wagner\\\/\"]}]},{\"@type\":\"ImageObject\",\"inLanguage\":\"fr-FR\",\"@id\":\"https:\\\/\\\/lasentinelle.dz\\\/index.php\\\/2023\\\/03\\\/06\\\/terrorisme-en-afrique-le-benin-defend-la-presence-du-groupe-wagner\\\/#primaryimage\",\"url\":\"https:\\\/\\\/lasentinelle.dz\\\/wp-content\\\/uploads\\\/2023\\\/03\\\/Sans-titre-1-3.png\",\"contentUrl\":\"https:\\\/\\\/lasentinelle.dz\\\/wp-content\\\/uploads\\\/2023\\\/03\\\/Sans-titre-1-3.png\",\"width\":1349,\"height\":900},{\"@type\":\"BreadcrumbList\",\"@id\":\"https:\\\/\\\/lasentinelle.dz\\\/index.php\\\/2023\\\/03\\\/06\\\/terrorisme-en-afrique-le-benin-defend-la-presence-du-groupe-wagner\\\/#breadcrumb\",\"itemListElement\":[{\"@type\":\"ListItem\",\"position\":1,\"name\":\"Accueil\",\"item\":\"https:\\\/\\\/lasentinelle.dz\\\/\"},{\"@type\":\"ListItem\",\"position\":2,\"name\":\"Terrorisme en Afrique\u00a0: Le B\u00e9nin d\u00e9fend la pr\u00e9sence du groupe Wagner\"}]},{\"@type\":\"WebSite\",\"@id\":\"https:\\\/\\\/lasentinelle.dz\\\/#website\",\"url\":\"https:\\\/\\\/lasentinelle.dz\\\/\",\"name\":\"La Sentinelle\",\"description\":\"Quotidien national d&#039;information\",\"publisher\":{\"@id\":\"https:\\\/\\\/lasentinelle.dz\\\/#organization\"},\"potentialAction\":[{\"@type\":\"SearchAction\",\"target\":{\"@type\":\"EntryPoint\",\"urlTemplate\":\"https:\\\/\\\/lasentinelle.dz\\\/?s={search_term_string}\"},\"query-input\":{\"@type\":\"PropertyValueSpecification\",\"valueRequired\":true,\"valueName\":\"search_term_string\"}}],\"inLanguage\":\"fr-FR\"},{\"@type\":\"Organization\",\"@id\":\"https:\\\/\\\/lasentinelle.dz\\\/#organization\",\"name\":\"Quotidien La Sentinelle\",\"url\":\"https:\\\/\\\/lasentinelle.dz\\\/\",\"logo\":{\"@type\":\"ImageObject\",\"inLanguage\":\"fr-FR\",\"@id\":\"https:\\\/\\\/lasentinelle.dz\\\/#\\\/schema\\\/logo\\\/image\\\/\",\"url\":\"https:\\\/\\\/lasentinelle.dz\\\/wp-content\\\/uploads\\\/2021\\\/09\\\/logo-sentinelleSLOGAN-1.png\",\"contentUrl\":\"https:\\\/\\\/lasentinelle.dz\\\/wp-content\\\/uploads\\\/2021\\\/09\\\/logo-sentinelleSLOGAN-1.png\",\"width\":615,\"height\":142,\"caption\":\"Quotidien La Sentinelle\"},\"image\":{\"@id\":\"https:\\\/\\\/lasentinelle.dz\\\/#\\\/schema\\\/logo\\\/image\\\/\"},\"sameAs\":[\"https:\\\/\\\/www.facebook.com\\\/La-Sentinelle-104059864394773\"]},{\"@type\":\"Person\",\"@id\":\"https:\\\/\\\/lasentinelle.dz\\\/#\\\/schema\\\/person\\\/d865044e22e70a75174ce8bcad3acfb3\",\"name\":\"La Sentinelle\",\"image\":{\"@type\":\"ImageObject\",\"inLanguage\":\"fr-FR\",\"@id\":\"https:\\\/\\\/secure.gravatar.com\\\/avatar\\\/57de8e5d4b15d43fb361a71fbb36338450fe67865b528a43dd10ef7c51a20392?s=96&d=mm&r=g\",\"url\":\"https:\\\/\\\/secure.gravatar.com\\\/avatar\\\/57de8e5d4b15d43fb361a71fbb36338450fe67865b528a43dd10ef7c51a20392?s=96&d=mm&r=g\",\"contentUrl\":\"https:\\\/\\\/secure.gravatar.com\\\/avatar\\\/57de8e5d4b15d43fb361a71fbb36338450fe67865b528a43dd10ef7c51a20392?s=96&d=mm&r=g\",\"caption\":\"La Sentinelle\"},\"sameAs\":[\"http:\\\/\\\/www.lasentinelle.dz\"],\"url\":\"https:\\\/\\\/lasentinelle.dz\\\/author\\\/redaction\\\/\"}]}<\/script>\n<!-- \/ Yoast SEO plugin. -->","yoast_head_json":{"title":"Terrorisme en Afrique\u00a0: Le B\u00e9nin d\u00e9fend la pr\u00e9sence du groupe Wagner - La Sentinelle","robots":{"index":"index","follow":"follow","max-snippet":"max-snippet:-1","max-image-preview":"max-image-preview:large","max-video-preview":"max-video-preview:-1"},"canonical":"https:\/\/lasentinelle.dz\/index.php\/2023\/03\/06\/terrorisme-en-afrique-le-benin-defend-la-presence-du-groupe-wagner\/","og_locale":"fr_FR","og_type":"article","og_title":"Terrorisme en Afrique\u00a0: Le B\u00e9nin d\u00e9fend la pr\u00e9sence du groupe Wagner - La Sentinelle","og_description":"Le pr\u00e9sident du B\u00e9nin Patrice Talon a justifi\u00e9 l&rsquo;intervention du groupe militaire priv\u00e9 Wagner en Afrique de l&rsquo;Ouest en \u00e9voquant","og_url":"https:\/\/lasentinelle.dz\/index.php\/2023\/03\/06\/terrorisme-en-afrique-le-benin-defend-la-presence-du-groupe-wagner\/","og_site_name":"La Sentinelle","article_publisher":"https:\/\/www.facebook.com\/La-Sentinelle-104059864394773","article_published_time":"2023-03-06T21:05:00+00:00","og_image":[{"width":1349,"height":900,"url":"https:\/\/lasentinelle.dz\/wp-content\/uploads\/2023\/03\/Sans-titre-1-3.png","type":"image\/png"}],"author":"La Sentinelle","twitter_card":"summary_large_image","twitter_misc":{"\u00c9crit par":"La Sentinelle","Dur\u00e9e de lecture estim\u00e9e":"2 minutes"},"schema":{"@context":"https:\/\/schema.org","@graph":[{"@type":"Article","@id":"https:\/\/lasentinelle.dz\/index.php\/2023\/03\/06\/terrorisme-en-afrique-le-benin-defend-la-presence-du-groupe-wagner\/#article","isPartOf":{"@id":"https:\/\/lasentinelle.dz\/index.php\/2023\/03\/06\/terrorisme-en-afrique-le-benin-defend-la-presence-du-groupe-wagner\/"},"author":{"name":"La Sentinelle","@id":"https:\/\/lasentinelle.dz\/#\/schema\/person\/d865044e22e70a75174ce8bcad3acfb3"},"headline":"Terrorisme en Afrique\u00a0: Le B\u00e9nin d\u00e9fend la pr\u00e9sence du groupe Wagner","datePublished":"2023-03-06T21:05:00+00:00","mainEntityOfPage":{"@id":"https:\/\/lasentinelle.dz\/index.php\/2023\/03\/06\/terrorisme-en-afrique-le-benin-defend-la-presence-du-groupe-wagner\/"},"wordCount":307,"commentCount":0,"publisher":{"@id":"https:\/\/lasentinelle.dz\/#organization"},"image":{"@id":"https:\/\/lasentinelle.dz\/index.php\/2023\/03\/06\/terrorisme-en-afrique-le-benin-defend-la-presence-du-groupe-wagner\/#primaryimage"},"thumbnailUrl":"https:\/\/lasentinelle.dz\/wp-content\/uploads\/2023\/03\/Sans-titre-1-3.png","articleSection":["Monde"],"inLanguage":"fr-FR","potentialAction":[{"@type":"CommentAction","name":"Comment","target":["https:\/\/lasentinelle.dz\/index.php\/2023\/03\/06\/terrorisme-en-afrique-le-benin-defend-la-presence-du-groupe-wagner\/#respond"]}]},{"@type":"WebPage","@id":"https:\/\/lasentinelle.dz\/index.php\/2023\/03\/06\/terrorisme-en-afrique-le-benin-defend-la-presence-du-groupe-wagner\/","url":"https:\/\/lasentinelle.dz\/index.php\/2023\/03\/06\/terrorisme-en-afrique-le-benin-defend-la-presence-du-groupe-wagner\/","name":"Terrorisme en Afrique\u00a0: Le B\u00e9nin d\u00e9fend la pr\u00e9sence du groupe Wagner - La Sentinelle","isPartOf":{"@id":"https:\/\/lasentinelle.dz\/#website"},"primaryImageOfPage":{"@id":"https:\/\/lasentinelle.dz\/index.php\/2023\/03\/06\/terrorisme-en-afrique-le-benin-defend-la-presence-du-groupe-wagner\/#primaryimage"},"image":{"@id":"https:\/\/lasentinelle.dz\/index.php\/2023\/03\/06\/terrorisme-en-afrique-le-benin-defend-la-presence-du-groupe-wagner\/#primaryimage"},"thumbnailUrl":"https:\/\/lasentinelle.dz\/wp-content\/uploads\/2023\/03\/Sans-titre-1-3.png","datePublished":"2023-03-06T21:05:00+00:00","breadcrumb":{"@id":"https:\/\/lasentinelle.dz\/index.php\/2023\/03\/06\/terrorisme-en-afrique-le-benin-defend-la-presence-du-groupe-wagner\/#breadcrumb"},"inLanguage":"fr-FR","potentialAction":[{"@type":"ReadAction","target":["https:\/\/lasentinelle.dz\/index.php\/2023\/03\/06\/terrorisme-en-afrique-le-benin-defend-la-presence-du-groupe-wagner\/"]}]},{"@type":"ImageObject","inLanguage":"fr-FR","@id":"https:\/\/lasentinelle.dz\/index.php\/2023\/03\/06\/terrorisme-en-afrique-le-benin-defend-la-presence-du-groupe-wagner\/#primaryimage","url":"https:\/\/lasentinelle.dz\/wp-content\/uploads\/2023\/03\/Sans-titre-1-3.png","contentUrl":"https:\/\/lasentinelle.dz\/wp-content\/uploads\/2023\/03\/Sans-titre-1-3.png","width":1349,"height":900},{"@type":"BreadcrumbList","@id":"https:\/\/lasentinelle.dz\/index.php\/2023\/03\/06\/terrorisme-en-afrique-le-benin-defend-la-presence-du-groupe-wagner\/#breadcrumb","itemListElement":[{"@type":"ListItem","position":1,"name":"Accueil","item":"https:\/\/lasentinelle.dz\/"},{"@type":"ListItem","position":2,"name":"Terrorisme en Afrique\u00a0: Le B\u00e9nin d\u00e9fend la pr\u00e9sence du groupe Wagner"}]},{"@type":"WebSite","@id":"https:\/\/lasentinelle.dz\/#website","url":"https:\/\/lasentinelle.dz\/","name":"La Sentinelle","description":"Quotidien national d&#039;information","publisher":{"@id":"https:\/\/lasentinelle.dz\/#organization"},"potentialAction":[{"@type":"SearchAction","target":{"@type":"EntryPoint","urlTemplate":"https:\/\/lasentinelle.dz\/?s={search_term_string}"},"query-input":{"@type":"PropertyValueSpecification","valueRequired":true,"valueName":"search_term_string"}}],"inLanguage":"fr-FR"},{"@type":"Organization","@id":"https:\/\/lasentinelle.dz\/#organization","name":"Quotidien La Sentinelle","url":"https:\/\/lasentinelle.dz\/","logo":{"@type":"ImageObject","inLanguage":"fr-FR","@id":"https:\/\/lasentinelle.dz\/#\/schema\/logo\/image\/","url":"https:\/\/lasentinelle.dz\/wp-content\/uploads\/2021\/09\/logo-sentinelleSLOGAN-1.png","contentUrl":"https:\/\/lasentinelle.dz\/wp-content\/uploads\/2021\/09\/logo-sentinelleSLOGAN-1.png","width":615,"height":142,"caption":"Quotidien La Sentinelle"},"image":{"@id":"https:\/\/lasentinelle.dz\/#\/schema\/logo\/image\/"},"sameAs":["https:\/\/www.facebook.com\/La-Sentinelle-104059864394773"]},{"@type":"Person","@id":"https:\/\/lasentinelle.dz\/#\/schema\/person\/d865044e22e70a75174ce8bcad3acfb3","name":"La Sentinelle","image":{"@type":"ImageObject","inLanguage":"fr-FR","@id":"https:\/\/secure.gravatar.com\/avatar\/57de8e5d4b15d43fb361a71fbb36338450fe67865b528a43dd10ef7c51a20392?s=96&d=mm&r=g","url":"https:\/\/secure.gravatar.com\/avatar\/57de8e5d4b15d43fb361a71fbb36338450fe67865b528a43dd10ef7c51a20392?s=96&d=mm&r=g","contentUrl":"https:\/\/secure.gravatar.com\/avatar\/57de8e5d4b15d43fb361a71fbb36338450fe67865b528a43dd10ef7c51a20392?s=96&d=mm&r=g","caption":"La Sentinelle"},"sameAs":["http:\/\/www.lasentinelle.dz"],"url":"https:\/\/lasentinelle.dz\/author\/redaction\/"}]}},"_links":{"self":[{"href":"https:\/\/lasentinelle.dz\/index.php\/wp-json\/wp\/v2\/posts\/37350","targetHints":{"allow":["GET"]}}],"collection":[{"href":"https:\/\/lasentinelle.dz\/index.php\/wp-json\/wp\/v2\/posts"}],"about":[{"href":"https:\/\/lasentinelle.dz\/index.php\/wp-json\/wp\/v2\/types\/post"}],"author":[{"embeddable":true,"href":"https:\/\/lasentinelle.dz\/index.php\/wp-json\/wp\/v2\/users\/3"}],"replies":[{"embeddable":true,"href":"https:\/\/lasentinelle.dz\/index.php\/wp-json\/wp\/v2\/comments?post=37350"}],"version-history":[{"count":1,"href":"https:\/\/lasentinelle.dz\/index.php\/wp-json\/wp\/v2\/posts\/37350\/revisions"}],"predecessor-version":[{"id":37359,"href":"https:\/\/lasentinelle.dz\/index.php\/wp-json\/wp\/v2\/posts\/37350\/revisions\/37359"}],"wp:featuredmedia":[{"embeddable":true,"href":"https:\/\/lasentinelle.dz\/index.php\/wp-json\/wp\/v2\/media\/37358"}],"wp:attachment":[{"href":"https:\/\/lasentinelle.dz\/index.php\/wp-json\/wp\/v2\/media?parent=37350"}],"wp:term":[{"taxonomy":"category","embeddable":true,"href":"https:\/\/lasentinelle.dz\/index.php\/wp-json\/wp\/v2\/categories?post=37350"},{"taxonomy":"post_tag","embeddable":true,"href":"https:\/\/lasentinelle.dz\/index.php\/wp-json\/wp\/v2\/tags?post=37350"}],"curies":[{"name":"wp","href":"https:\/\/api.w.org\/{rel}","templated":true}]}}