{"id":37376,"date":"2023-03-06T22:00:00","date_gmt":"2023-03-06T21:00:00","guid":{"rendered":"https:\/\/lasentinelle.dz\/?p=37376"},"modified":"2023-03-06T18:38:41","modified_gmt":"2023-03-06T17:38:41","slug":"ismael-bennacer-gagner-une-can-cest-un-moment-fort","status":"publish","type":"post","link":"https:\/\/lasentinelle.dz\/index.php\/2023\/03\/06\/ismael-bennacer-gagner-une-can-cest-un-moment-fort\/","title":{"rendered":"Isma\u00ebl Bennacer\u00a0: \u00ab\u00a0Gagner une CAN, c\u2019est un moment fort\u00a0!\u00a0\u00bb"},"content":{"rendered":"\n<p class=\"wp-block-paragraph\">Dans une interview accord\u00e9e au site de l&rsquo;UEFA, Isma\u00ebl Bennacer a rappel\u00e9 \u00e0 quel point la CAN a marqu\u00e9 son d\u00e9but de carri\u00e8re.<\/p>\n\n\n\n<p class=\"wp-block-paragraph\">Trois ans et demi plus tard, Isma\u00ebl Bennacer n&rsquo;a pas oubli\u00e9 ce triomphe des Fennecs lors de la Coupe d\u2019Afrique des nations en 2019, un accomplissement \u00e0 la fois collectif et personnel. \u00ab&nbsp;Il y a eu ce sacre \u00e0 la Coupe d&rsquo;Afrique, un moment inoubliable, historique. Je n&rsquo;avais pas fait un seul match en trois ans avec l&rsquo;\u00e9quipe nationale, j&rsquo;ai v\u00e9cu trois ann\u00e9es tr\u00e8s compliqu\u00e9es et je me suis dit qu&rsquo;il fallait que je change quelque chose. Ce n&rsquo;est que gr\u00e2ce au travail et en faisant preuve de patience que j&rsquo;ai r\u00e9ussi \u00e0 inverser la tendance&nbsp;\u00bb, a-t-il indiqu\u00e9. \u00ab&nbsp;On m&rsquo;a donn\u00e9 ma chance, et j&rsquo;ai r\u00e9ussi \u00e0 la saisir. C&rsquo;\u00e9tait un moment tr\u00e8s fort, gagner une Coupe d&rsquo;Afrique, ce n&rsquo;est pas rien, c&rsquo;est tr\u00e8s dur. Cela a permis \u00e0 l&rsquo;Alg\u00e9rie de refaire partie des meilleures \u00e9quipes africaines apr\u00e8s une p\u00e9riode compliqu\u00e9e&nbsp;\u00bb, a-t-il ajout\u00e9.<\/p>\n\n\n\n<p class=\"wp-block-paragraph\">La carri\u00e8re d&rsquo;Isma\u00ebl Bennacer doit beaucoup \u00e0 l&rsquo;\u00e9t\u00e9 2019. R\u00e9v\u00e9lation d&rsquo;Empoli lors de la saison 2018-2019, le milieu alg\u00e9rien avait rejoint l&rsquo;AC Milan en ao\u00fbt de cette m\u00eame ann\u00e9e, quelques jours apr\u00e8s avoir remport\u00e9 le titre supr\u00eame avec sa s\u00e9lection, la Coupe d&rsquo;Afrique des Nations, en battant le S\u00e9n\u00e9gal (1-0). Avec trois passes d\u00e9cisives, le gaucher avait \u00e9t\u00e9 \u00e9lu meilleur joueur de la comp\u00e9tition continentale.Arriv\u00e9 chez les Rossoneri en 2019, apr\u00e8s le sacre africain, l&rsquo;international des Verts avoue que lors de sa signature pour le club lombard, \u00ab j&rsquo;ai demand\u00e9 le num\u00e9ro 6, mais on m&rsquo;a dit que c&rsquo;\u00e9tait impossible, que ce num\u00e9ro \u00e9tait celui de (Franco) Baresi et que plus personne ne pouvait le porter. Je ne savais pas \u00bb.<\/p>\n\n\n\n<p class=\"wp-block-paragraph\">Bennacer est devenu, dans un laps de temps tr\u00e8s court, la pi\u00e8ce ma\u00eetresse de l&rsquo;entrejeu de la formation italienne. S&rsquo;il a d\u00e9j\u00e0 remport\u00e9 le Scudetto, le milieu de terrain ambitionne aujourd&rsquo;hui la Ligue des champions de l\u2019UEFA. \u00ab Quand je vois le chemin effectu\u00e9 depuis trois ans, je pense que ce club peut \u00eatre encore plus haut. C&rsquo;est ce que je veux personnellement. Collectivement nous voulons tous cela&nbsp;\u00bb, a-t-il dit. \u00ab&nbsp;Au d\u00e9but, on voulait juste revenir en Ligue des Champions, mais nous avons atteint cet objectif plus vite que pr\u00e9vu, puis nous avons gagn\u00e9 le Scudetto. Aujourd&rsquo;hui, nous sommes en huiti\u00e8mes, le travail paye mais nous voulons faire plus, il faut essayer d&rsquo;aller chercher la perfection et faire les choses au mieux \u00bb, ajoute-il.<\/p>\n\n\n\n<p class=\"wp-block-paragraph\">R.S.<\/p>\n","protected":false},"excerpt":{"rendered":"<p>Dans une interview accord\u00e9e au site de l&rsquo;UEFA, Isma\u00ebl Bennacer a rappel\u00e9 \u00e0 quel point la CAN a marqu\u00e9 son<\/p>\n","protected":false},"author":3,"featured_media":37380,"comment_status":"open","ping_status":"closed","sticky":false,"template":"","format":"standard","meta":{"colormag_page_container_layout":"default_layout","colormag_page_sidebar_layout":"default_layout","om_disable_all_campaigns":false,"_monsterinsights_skip_tracking":false,"footnotes":"","_wpscppro_dont_share_socialmedia":false,"_wpscppro_custom_social_share_image":0,"_facebook_share_type":"","_twitter_share_type":"","_linkedin_share_type":"","_pinterest_share_type":"","_linkedin_share_type_page":"","_instagram_share_type":"","_medium_share_type":"","_threads_share_type":"","_google_business_share_type":"","_bluesky_share_type":"","_mastodon_share_type":"","_selected_social_profile":[],"_wpsp_enable_custom_social_template":false,"_wpsp_social_scheduling":{"enabled":false,"datetime":null,"platforms":[],"status":"template_only","dateOption":"today","timeOption":"now","customDays":"","customHours":"","customDate":"","customTime":"","schedulingType":"absolute"},"_wpsp_active_default_template":true},"categories":[33],"tags":[],"class_list":["post-37376","post","type-post","status-publish","format-standard","has-post-thumbnail","hentry","category-sports"],"aioseo_notices":[],"aioseo_head":"\n\t\t<!-- All in One SEO 5.0.0.1 - aioseo.com -->\n\t<meta name=\"description\" content=\"Dans une interview accord\u00e9e au site de l&#039;UEFA, Isma\u00ebl Bennacer a rappel\u00e9 \u00e0 quel point la CAN a marqu\u00e9 son d\u00e9but de carri\u00e8re. Trois ans et demi plus tard, Isma\u00ebl Bennacer n&#039;a pas oubli\u00e9 ce triomphe des Fennecs lors de la Coupe d\u2019Afrique des nations en 2019, un accomplissement \u00e0 la fois collectif et personnel.\" \/>\n\t<meta name=\"robots\" content=\"max-image-preview:large\" \/>\n\t<meta name=\"author\" content=\"La Sentinelle\"\/>\n\t<link rel=\"canonical\" href=\"https:\/\/lasentinelle.dz\/index.php\/2023\/03\/06\/ismael-bennacer-gagner-une-can-cest-un-moment-fort\/\" \/>\n\t<meta name=\"generator\" content=\"All in One SEO (AIOSEO) 5.0.0.1\" \/>\n\t\t<meta property=\"og:locale\" content=\"fr_FR\" \/>\n\t\t<meta property=\"og:site_name\" content=\"La Sentinelle - Quotidien national d&#039;information\" \/>\n\t\t<meta property=\"og:type\" content=\"article\" \/>\n\t\t<meta property=\"og:title\" content=\"Isma\u00ebl Bennacer : \u00ab Gagner une CAN, c\u2019est un moment fort ! \u00bb - La Sentinelle\" \/>\n\t\t<meta property=\"og:description\" content=\"Dans une interview accord\u00e9e au site de l&#039;UEFA, Isma\u00ebl Bennacer a rappel\u00e9 \u00e0 quel point la CAN a marqu\u00e9 son d\u00e9but de carri\u00e8re. Trois ans et demi plus tard, Isma\u00ebl Bennacer n&#039;a pas oubli\u00e9 ce triomphe des Fennecs lors de la Coupe d\u2019Afrique des nations en 2019, un accomplissement \u00e0 la fois collectif et personnel.\" \/>\n\t\t<meta property=\"og:url\" content=\"https:\/\/lasentinelle.dz\/index.php\/2023\/03\/06\/ismael-bennacer-gagner-une-can-cest-un-moment-fort\/\" \/>\n\t\t<meta property=\"og:image\" content=\"https:\/\/lasentinelle.dz\/wp-content\/uploads\/2021\/09\/cropped-la-sentinelle-earth-golden-anima-5.gif\" \/>\n\t\t<meta property=\"og:image:secure_url\" content=\"https:\/\/lasentinelle.dz\/wp-content\/uploads\/2021\/09\/cropped-la-sentinelle-earth-golden-anima-5.gif\" \/>\n\t\t<meta property=\"og:image:width\" content=\"450\" \/>\n\t\t<meta property=\"og:image:height\" content=\"213\" \/>\n\t\t<meta property=\"article:published_time\" content=\"2023-03-06T21:00:00+00:00\" \/>\n\t\t<meta property=\"article:modified_time\" content=\"2023-03-06T17:38:41+00:00\" \/>\n\t\t<meta property=\"article:publisher\" content=\"https:\/\/www.facebook.com\/azzedine.lasentinelle.1\" \/>\n\t\t<meta name=\"twitter:card\" content=\"summary_large_image\" \/>\n\t\t<meta name=\"twitter:title\" content=\"Isma\u00ebl Bennacer : \u00ab Gagner une CAN, c\u2019est un moment fort ! \u00bb - La Sentinelle\" \/>\n\t\t<meta name=\"twitter:description\" content=\"Dans une interview accord\u00e9e au site de l&#039;UEFA, Isma\u00ebl Bennacer a rappel\u00e9 \u00e0 quel point la CAN a marqu\u00e9 son d\u00e9but de carri\u00e8re. Trois ans et demi plus tard, Isma\u00ebl Bennacer n&#039;a pas oubli\u00e9 ce triomphe des Fennecs lors de la Coupe d\u2019Afrique des nations en 2019, un accomplissement \u00e0 la fois collectif et personnel.\" \/>\n\t\t<meta name=\"twitter:image\" content=\"https:\/\/lasentinelle.dz\/wp-content\/uploads\/2021\/09\/cropped-la-sentinelle-earth-golden-anima-5.gif\" \/>\n\t\t<script type=\"application\/ld+json\" class=\"aioseo-schema\">\n\t\t\t{\"@context\":\"https:\\\/\\\/schema.org\",\"@graph\":[{\"@type\":\"BlogPosting\",\"@id\":\"https:\\\/\\\/lasentinelle.dz\\\/index.php\\\/2023\\\/03\\\/06\\\/ismael-bennacer-gagner-une-can-cest-un-moment-fort\\\/#blogposting\",\"name\":\"Isma\\u00ebl Bennacer : \\u00ab Gagner une CAN, c\\u2019est un moment fort ! \\u00bb - La Sentinelle\",\"headline\":\"Isma\\u00ebl Bennacer\\u00a0: \\u00ab\\u00a0Gagner une CAN, c\\u2019est un moment fort\\u00a0!\\u00a0\\u00bb\",\"author\":{\"@id\":\"https:\\\/\\\/lasentinelle.dz\\\/author\\\/redaction\\\/#author\"},\"publisher\":{\"@id\":\"https:\\\/\\\/lasentinelle.dz\\\/#organization\"},\"image\":{\"@type\":\"ImageObject\",\"url\":\"https:\\\/\\\/lasentinelle.dz\\\/wp-content\\\/uploads\\\/2023\\\/03\\\/Ismael-Bennacer.png\",\"width\":1920,\"height\":1280},\"datePublished\":\"2023-03-06T22:00:00+01:00\",\"dateModified\":\"2023-03-06T18:38:41+01:00\",\"inLanguage\":\"fr-FR\",\"mainEntityOfPage\":{\"@id\":\"https:\\\/\\\/lasentinelle.dz\\\/index.php\\\/2023\\\/03\\\/06\\\/ismael-bennacer-gagner-une-can-cest-un-moment-fort\\\/#webpage\"},\"isPartOf\":{\"@id\":\"https:\\\/\\\/lasentinelle.dz\\\/index.php\\\/2023\\\/03\\\/06\\\/ismael-bennacer-gagner-une-can-cest-un-moment-fort\\\/#webpage\"},\"articleSection\":\"Sports\"},{\"@type\":\"BreadcrumbList\",\"@id\":\"https:\\\/\\\/lasentinelle.dz\\\/index.php\\\/2023\\\/03\\\/06\\\/ismael-bennacer-gagner-une-can-cest-un-moment-fort\\\/#breadcrumblist\",\"itemListElement\":[{\"@type\":\"ListItem\",\"@id\":\"https:\\\/\\\/lasentinelle.dz#listItem\",\"position\":1,\"name\":\"Home\",\"item\":\"https:\\\/\\\/lasentinelle.dz\",\"nextItem\":{\"@type\":\"ListItem\",\"@id\":\"https:\\\/\\\/lasentinelle.dz\\\/index.php\\\/category\\\/sports\\\/#listItem\",\"name\":\"Sports\"}},{\"@type\":\"ListItem\",\"@id\":\"https:\\\/\\\/lasentinelle.dz\\\/index.php\\\/category\\\/sports\\\/#listItem\",\"position\":2,\"name\":\"Sports\",\"item\":\"https:\\\/\\\/lasentinelle.dz\\\/index.php\\\/category\\\/sports\\\/\",\"nextItem\":{\"@type\":\"ListItem\",\"@id\":\"https:\\\/\\\/lasentinelle.dz\\\/index.php\\\/2023\\\/03\\\/06\\\/ismael-bennacer-gagner-une-can-cest-un-moment-fort\\\/#listItem\",\"name\":\"Isma\\u00ebl Bennacer\\u00a0: \\u00ab\\u00a0Gagner une CAN, c\\u2019est un moment fort\\u00a0!\\u00a0\\u00bb\"},\"previousItem\":{\"@type\":\"ListItem\",\"@id\":\"https:\\\/\\\/lasentinelle.dz#listItem\",\"name\":\"Home\"}},{\"@type\":\"ListItem\",\"@id\":\"https:\\\/\\\/lasentinelle.dz\\\/index.php\\\/2023\\\/03\\\/06\\\/ismael-bennacer-gagner-une-can-cest-un-moment-fort\\\/#listItem\",\"position\":3,\"name\":\"Isma\\u00ebl Bennacer\\u00a0: \\u00ab\\u00a0Gagner une CAN, c\\u2019est un moment fort\\u00a0!\\u00a0\\u00bb\",\"previousItem\":{\"@type\":\"ListItem\",\"@id\":\"https:\\\/\\\/lasentinelle.dz\\\/index.php\\\/category\\\/sports\\\/#listItem\",\"name\":\"Sports\"}}]},{\"@type\":\"Organization\",\"@id\":\"https:\\\/\\\/lasentinelle.dz\\\/#organization\",\"name\":\"La Sentinelle La Sentinelle\",\"description\":\"Quotidien national d'information\",\"url\":\"https:\\\/\\\/lasentinelle.dz\\\/\",\"logo\":{\"@type\":\"ImageObject\",\"url\":\"https:\\\/\\\/lasentinelle.dz\\\/wp-content\\\/uploads\\\/2021\\\/09\\\/cropped-la-sentinelle-earth-golden-anima-5.gif\",\"@id\":\"https:\\\/\\\/lasentinelle.dz\\\/index.php\\\/2023\\\/03\\\/06\\\/ismael-bennacer-gagner-une-can-cest-un-moment-fort\\\/#organizationLogo\",\"width\":450,\"height\":213},\"image\":{\"@id\":\"https:\\\/\\\/lasentinelle.dz\\\/index.php\\\/2023\\\/03\\\/06\\\/ismael-bennacer-gagner-une-can-cest-un-moment-fort\\\/#organizationLogo\"},\"sameAs\":[\"https:\\\/\\\/www.facebook.com\\\/azzedine.lasentinelle.1\"]},{\"@type\":\"Person\",\"@id\":\"https:\\\/\\\/lasentinelle.dz\\\/author\\\/redaction\\\/#author\",\"url\":\"https:\\\/\\\/lasentinelle.dz\\\/author\\\/redaction\\\/\",\"name\":\"La Sentinelle\",\"image\":{\"@type\":\"ImageObject\",\"@id\":\"https:\\\/\\\/lasentinelle.dz\\\/index.php\\\/2023\\\/03\\\/06\\\/ismael-bennacer-gagner-une-can-cest-un-moment-fort\\\/#authorImage\",\"url\":\"https:\\\/\\\/secure.gravatar.com\\\/avatar\\\/57de8e5d4b15d43fb361a71fbb36338450fe67865b528a43dd10ef7c51a20392?s=96&d=mm&r=g\",\"width\":96,\"height\":96,\"caption\":\"La Sentinelle\"}},{\"@type\":\"WebPage\",\"@id\":\"https:\\\/\\\/lasentinelle.dz\\\/index.php\\\/2023\\\/03\\\/06\\\/ismael-bennacer-gagner-une-can-cest-un-moment-fort\\\/#webpage\",\"url\":\"https:\\\/\\\/lasentinelle.dz\\\/index.php\\\/2023\\\/03\\\/06\\\/ismael-bennacer-gagner-une-can-cest-un-moment-fort\\\/\",\"name\":\"Isma\\u00ebl Bennacer : \\u00ab Gagner une CAN, c\\u2019est un moment fort ! \\u00bb - La Sentinelle\",\"description\":\"Dans une interview accord\\u00e9e au site de l'UEFA, Isma\\u00ebl Bennacer a rappel\\u00e9 \\u00e0 quel point la CAN a marqu\\u00e9 son d\\u00e9but de carri\\u00e8re. Trois ans et demi plus tard, Isma\\u00ebl Bennacer n'a pas oubli\\u00e9 ce triomphe des Fennecs lors de la Coupe d\\u2019Afrique des nations en 2019, un accomplissement \\u00e0 la fois collectif et personnel.\",\"inLanguage\":\"fr-FR\",\"isPartOf\":{\"@id\":\"https:\\\/\\\/lasentinelle.dz\\\/#website\"},\"breadcrumb\":{\"@id\":\"https:\\\/\\\/lasentinelle.dz\\\/index.php\\\/2023\\\/03\\\/06\\\/ismael-bennacer-gagner-une-can-cest-un-moment-fort\\\/#breadcrumblist\"},\"author\":{\"@id\":\"https:\\\/\\\/lasentinelle.dz\\\/author\\\/redaction\\\/#author\"},\"creator\":{\"@id\":\"https:\\\/\\\/lasentinelle.dz\\\/author\\\/redaction\\\/#author\"},\"image\":{\"@type\":\"ImageObject\",\"url\":\"https:\\\/\\\/lasentinelle.dz\\\/wp-content\\\/uploads\\\/2023\\\/03\\\/Ismael-Bennacer.png\",\"@id\":\"https:\\\/\\\/lasentinelle.dz\\\/index.php\\\/2023\\\/03\\\/06\\\/ismael-bennacer-gagner-une-can-cest-un-moment-fort\\\/#mainImage\",\"width\":1920,\"height\":1280},\"primaryImageOfPage\":{\"@id\":\"https:\\\/\\\/lasentinelle.dz\\\/index.php\\\/2023\\\/03\\\/06\\\/ismael-bennacer-gagner-une-can-cest-un-moment-fort\\\/#mainImage\"},\"datePublished\":\"2023-03-06T22:00:00+01:00\",\"dateModified\":\"2023-03-06T18:38:41+01:00\"},{\"@type\":\"WebSite\",\"@id\":\"https:\\\/\\\/lasentinelle.dz\\\/#website\",\"url\":\"https:\\\/\\\/lasentinelle.dz\\\/\",\"name\":\"La Sentinelle\",\"description\":\"Quotidien national d'information\",\"inLanguage\":\"fr-FR\",\"publisher\":{\"@id\":\"https:\\\/\\\/lasentinelle.dz\\\/#organization\"}}]}\n\t\t<\/script>\n\t\t<!-- All in One SEO -->\n\n","aioseo_head_json":{"title":"Isma\u00ebl Bennacer : \u00ab Gagner une CAN, c\u2019est un moment fort ! \u00bb - La Sentinelle","description":"Dans une interview accord\u00e9e au site de l'UEFA, Isma\u00ebl Bennacer a rappel\u00e9 \u00e0 quel point la CAN a marqu\u00e9 son d\u00e9but de carri\u00e8re. Trois ans et demi plus tard, Isma\u00ebl Bennacer n'a pas oubli\u00e9 ce triomphe des Fennecs lors de la Coupe d\u2019Afrique des nations en 2019, un accomplissement \u00e0 la fois collectif et personnel.","canonical_url":"https:\/\/lasentinelle.dz\/index.php\/2023\/03\/06\/ismael-bennacer-gagner-une-can-cest-un-moment-fort\/","robots":"max-image-preview:large","keywords":"","webmasterTools":{"miscellaneous":""},"schema":{"@context":"https:\/\/schema.org","@graph":[{"@type":"BlogPosting","@id":"https:\/\/lasentinelle.dz\/index.php\/2023\/03\/06\/ismael-bennacer-gagner-une-can-cest-un-moment-fort\/#blogposting","name":"Isma\u00ebl Bennacer : \u00ab Gagner une CAN, c\u2019est un moment fort ! \u00bb - La Sentinelle","headline":"Isma\u00ebl Bennacer\u00a0: \u00ab\u00a0Gagner une CAN, c\u2019est un moment fort\u00a0!\u00a0\u00bb","author":{"@id":"https:\/\/lasentinelle.dz\/author\/redaction\/#author"},"publisher":{"@id":"https:\/\/lasentinelle.dz\/#organization"},"image":{"@type":"ImageObject","url":"https:\/\/lasentinelle.dz\/wp-content\/uploads\/2023\/03\/Ismael-Bennacer.png","width":1920,"height":1280},"datePublished":"2023-03-06T22:00:00+01:00","dateModified":"2023-03-06T18:38:41+01:00","inLanguage":"fr-FR","mainEntityOfPage":{"@id":"https:\/\/lasentinelle.dz\/index.php\/2023\/03\/06\/ismael-bennacer-gagner-une-can-cest-un-moment-fort\/#webpage"},"isPartOf":{"@id":"https:\/\/lasentinelle.dz\/index.php\/2023\/03\/06\/ismael-bennacer-gagner-une-can-cest-un-moment-fort\/#webpage"},"articleSection":"Sports"},{"@type":"BreadcrumbList","@id":"https:\/\/lasentinelle.dz\/index.php\/2023\/03\/06\/ismael-bennacer-gagner-une-can-cest-un-moment-fort\/#breadcrumblist","itemListElement":[{"@type":"ListItem","@id":"https:\/\/lasentinelle.dz#listItem","position":1,"name":"Home","item":"https:\/\/lasentinelle.dz","nextItem":{"@type":"ListItem","@id":"https:\/\/lasentinelle.dz\/index.php\/category\/sports\/#listItem","name":"Sports"}},{"@type":"ListItem","@id":"https:\/\/lasentinelle.dz\/index.php\/category\/sports\/#listItem","position":2,"name":"Sports","item":"https:\/\/lasentinelle.dz\/index.php\/category\/sports\/","nextItem":{"@type":"ListItem","@id":"https:\/\/lasentinelle.dz\/index.php\/2023\/03\/06\/ismael-bennacer-gagner-une-can-cest-un-moment-fort\/#listItem","name":"Isma\u00ebl Bennacer\u00a0: \u00ab\u00a0Gagner une CAN, c\u2019est un moment fort\u00a0!\u00a0\u00bb"},"previousItem":{"@type":"ListItem","@id":"https:\/\/lasentinelle.dz#listItem","name":"Home"}},{"@type":"ListItem","@id":"https:\/\/lasentinelle.dz\/index.php\/2023\/03\/06\/ismael-bennacer-gagner-une-can-cest-un-moment-fort\/#listItem","position":3,"name":"Isma\u00ebl Bennacer\u00a0: \u00ab\u00a0Gagner une CAN, c\u2019est un moment fort\u00a0!\u00a0\u00bb","previousItem":{"@type":"ListItem","@id":"https:\/\/lasentinelle.dz\/index.php\/category\/sports\/#listItem","name":"Sports"}}]},{"@type":"Organization","@id":"https:\/\/lasentinelle.dz\/#organization","name":"La Sentinelle La Sentinelle","description":"Quotidien national d'information","url":"https:\/\/lasentinelle.dz\/","logo":{"@type":"ImageObject","url":"https:\/\/lasentinelle.dz\/wp-content\/uploads\/2021\/09\/cropped-la-sentinelle-earth-golden-anima-5.gif","@id":"https:\/\/lasentinelle.dz\/index.php\/2023\/03\/06\/ismael-bennacer-gagner-une-can-cest-un-moment-fort\/#organizationLogo","width":450,"height":213},"image":{"@id":"https:\/\/lasentinelle.dz\/index.php\/2023\/03\/06\/ismael-bennacer-gagner-une-can-cest-un-moment-fort\/#organizationLogo"},"sameAs":["https:\/\/www.facebook.com\/azzedine.lasentinelle.1"]},{"@type":"Person","@id":"https:\/\/lasentinelle.dz\/author\/redaction\/#author","url":"https:\/\/lasentinelle.dz\/author\/redaction\/","name":"La Sentinelle","image":{"@type":"ImageObject","@id":"https:\/\/lasentinelle.dz\/index.php\/2023\/03\/06\/ismael-bennacer-gagner-une-can-cest-un-moment-fort\/#authorImage","url":"https:\/\/secure.gravatar.com\/avatar\/57de8e5d4b15d43fb361a71fbb36338450fe67865b528a43dd10ef7c51a20392?s=96&d=mm&r=g","width":96,"height":96,"caption":"La Sentinelle"}},{"@type":"WebPage","@id":"https:\/\/lasentinelle.dz\/index.php\/2023\/03\/06\/ismael-bennacer-gagner-une-can-cest-un-moment-fort\/#webpage","url":"https:\/\/lasentinelle.dz\/index.php\/2023\/03\/06\/ismael-bennacer-gagner-une-can-cest-un-moment-fort\/","name":"Isma\u00ebl Bennacer : \u00ab Gagner une CAN, c\u2019est un moment fort ! \u00bb - La Sentinelle","description":"Dans une interview accord\u00e9e au site de l'UEFA, Isma\u00ebl Bennacer a rappel\u00e9 \u00e0 quel point la CAN a marqu\u00e9 son d\u00e9but de carri\u00e8re. Trois ans et demi plus tard, Isma\u00ebl Bennacer n'a pas oubli\u00e9 ce triomphe des Fennecs lors de la Coupe d\u2019Afrique des nations en 2019, un accomplissement \u00e0 la fois collectif et personnel.","inLanguage":"fr-FR","isPartOf":{"@id":"https:\/\/lasentinelle.dz\/#website"},"breadcrumb":{"@id":"https:\/\/lasentinelle.dz\/index.php\/2023\/03\/06\/ismael-bennacer-gagner-une-can-cest-un-moment-fort\/#breadcrumblist"},"author":{"@id":"https:\/\/lasentinelle.dz\/author\/redaction\/#author"},"creator":{"@id":"https:\/\/lasentinelle.dz\/author\/redaction\/#author"},"image":{"@type":"ImageObject","url":"https:\/\/lasentinelle.dz\/wp-content\/uploads\/2023\/03\/Ismael-Bennacer.png","@id":"https:\/\/lasentinelle.dz\/index.php\/2023\/03\/06\/ismael-bennacer-gagner-une-can-cest-un-moment-fort\/#mainImage","width":1920,"height":1280},"primaryImageOfPage":{"@id":"https:\/\/lasentinelle.dz\/index.php\/2023\/03\/06\/ismael-bennacer-gagner-une-can-cest-un-moment-fort\/#mainImage"},"datePublished":"2023-03-06T22:00:00+01:00","dateModified":"2023-03-06T18:38:41+01:00"},{"@type":"WebSite","@id":"https:\/\/lasentinelle.dz\/#website","url":"https:\/\/lasentinelle.dz\/","name":"La Sentinelle","description":"Quotidien national d'information","inLanguage":"fr-FR","publisher":{"@id":"https:\/\/lasentinelle.dz\/#organization"}}]},"og:locale":"fr_FR","og:site_name":"La Sentinelle - Quotidien national d'information","og:type":"article","og:title":"Isma\u00ebl Bennacer : \u00ab Gagner une CAN, c\u2019est un moment fort ! \u00bb - La Sentinelle","og:description":"Dans une interview accord\u00e9e au site de l'UEFA, Isma\u00ebl Bennacer a rappel\u00e9 \u00e0 quel point la CAN a marqu\u00e9 son d\u00e9but de carri\u00e8re. Trois ans et demi plus tard, Isma\u00ebl Bennacer n'a pas oubli\u00e9 ce triomphe des Fennecs lors de la Coupe d\u2019Afrique des nations en 2019, un accomplissement \u00e0 la fois collectif et personnel.","og:url":"https:\/\/lasentinelle.dz\/index.php\/2023\/03\/06\/ismael-bennacer-gagner-une-can-cest-un-moment-fort\/","og:image":"https:\/\/lasentinelle.dz\/wp-content\/uploads\/2021\/09\/cropped-la-sentinelle-earth-golden-anima-5.gif","og:image:secure_url":"https:\/\/lasentinelle.dz\/wp-content\/uploads\/2021\/09\/cropped-la-sentinelle-earth-golden-anima-5.gif","og:image:width":450,"og:image:height":213,"article:published_time":"2023-03-06T21:00:00+00:00","article:modified_time":"2023-03-06T17:38:41+00:00","article:publisher":"https:\/\/www.facebook.com\/azzedine.lasentinelle.1","twitter:card":"summary_large_image","twitter:title":"Isma\u00ebl Bennacer : \u00ab Gagner une CAN, c\u2019est un moment fort ! \u00bb - La Sentinelle","twitter:description":"Dans une interview accord\u00e9e au site de l'UEFA, Isma\u00ebl Bennacer a rappel\u00e9 \u00e0 quel point la CAN a marqu\u00e9 son d\u00e9but de carri\u00e8re. Trois ans et demi plus tard, Isma\u00ebl Bennacer n'a pas oubli\u00e9 ce triomphe des Fennecs lors de la Coupe d\u2019Afrique des nations en 2019, un accomplissement \u00e0 la fois collectif et personnel.","twitter:image":"https:\/\/lasentinelle.dz\/wp-content\/uploads\/2021\/09\/cropped-la-sentinelle-earth-golden-anima-5.gif"},"aioseo_meta_data":{"post_id":"37376","title":null,"description":null,"keywords":null,"keyphrases":null,"primary_term":null,"canonical_url":null,"og_title":null,"og_description":null,"og_object_type":"default","og_image_type":"default","og_image_url":null,"og_image_width":null,"og_image_height":null,"og_image_custom_url":null,"og_image_custom_fields":null,"og_video":null,"og_custom_url":null,"og_article_section":null,"og_article_tags":null,"twitter_use_og":false,"twitter_card":"default","twitter_image_type":"default","twitter_image_url":null,"twitter_image_custom_url":null,"twitter_image_custom_fields":null,"twitter_title":null,"twitter_description":null,"schema":{"blockGraphs":[],"customGraphs":[],"default":{"data":{"Article":[],"Course":[],"Dataset":[],"FAQPage":[],"Movie":[],"Person":[],"Product":[],"ProductReview":[],"Car":[],"Recipe":[],"Service":[],"SoftwareApplication":[],"WebPage":[]},"graphName":"","isEnabled":true},"graphs":[]},"schema_type":"default","schema_type_options":null,"pillar_content":false,"robots_default":true,"robots_noindex":false,"robots_noarchive":false,"robots_nosnippet":false,"robots_nofollow":false,"robots_noimageindex":false,"robots_noodp":false,"robots_notranslate":false,"robots_max_snippet":null,"robots_max_videopreview":null,"robots_max_imagepreview":"large","priority":null,"frequency":null,"local_seo":null,"breadcrumb_settings":null,"limit_modified_date":false,"ai":null,"created":"2026-05-01 00:40:04","updated":"2026-05-01 00:40:04","focus_keyword":null,"additional_keywords":null,"truseo_locale":null,"seo_analyzer_scan_date":null},"aioseo_breadcrumb":"<div class=\"aioseo-breadcrumbs\"><span class=\"aioseo-breadcrumb\">\n\t\t\t<a href=\"https:\/\/lasentinelle.dz\" title=\"Home\">Home<\/a>\n\t\t<\/span><span class=\"aioseo-breadcrumb-separator\">&raquo;<\/span><span class=\"aioseo-breadcrumb\">\n\t\t\t<a href=\"https:\/\/lasentinelle.dz\/index.php\/category\/sports\/\" title=\"Sports\">Sports<\/a>\n\t\t<\/span><span class=\"aioseo-breadcrumb-separator\">&raquo;<\/span><span class=\"aioseo-breadcrumb\">\n\t\t\tIsma\u00ebl Bennacer : \u00ab Gagner une CAN, c\u2019est un moment fort ! \u00bb\n\t\t<\/span><\/div>","aioseo_breadcrumb_json":[{"label":"Home","link":"https:\/\/lasentinelle.dz"},{"label":"Sports","link":"https:\/\/lasentinelle.dz\/index.php\/category\/sports\/"},{"label":"Isma\u00ebl Bennacer\u00a0: \u00ab\u00a0Gagner une CAN, c\u2019est un moment fort\u00a0!\u00a0\u00bb","link":"https:\/\/lasentinelle.dz\/index.php\/2023\/03\/06\/ismael-bennacer-gagner-une-can-cest-un-moment-fort\/"}],"yoast_head":"<!-- This site is optimized with the Yoast SEO plugin v28.3 - https:\/\/yoast.com\/product\/yoast-seo-wordpress\/ -->\n<title>Isma\u00ebl Bennacer\u00a0: \u00ab\u00a0Gagner une CAN, c\u2019est un moment fort\u00a0!\u00a0\u00bb - La Sentinelle<\/title>\n<meta name=\"robots\" content=\"index, follow, max-snippet:-1, max-image-preview:large, max-video-preview:-1\" \/>\n<link rel=\"canonical\" href=\"https:\/\/lasentinelle.dz\/index.php\/2023\/03\/06\/ismael-bennacer-gagner-une-can-cest-un-moment-fort\/\" \/>\n<meta property=\"og:locale\" content=\"fr_FR\" \/>\n<meta property=\"og:type\" content=\"article\" \/>\n<meta property=\"og:title\" content=\"Isma\u00ebl Bennacer\u00a0: \u00ab\u00a0Gagner une CAN, c\u2019est un moment fort\u00a0!\u00a0\u00bb - La Sentinelle\" \/>\n<meta property=\"og:description\" content=\"Dans une interview accord\u00e9e au site de l&rsquo;UEFA, Isma\u00ebl Bennacer a rappel\u00e9 \u00e0 quel point la CAN a marqu\u00e9 son\" \/>\n<meta property=\"og:url\" content=\"https:\/\/lasentinelle.dz\/index.php\/2023\/03\/06\/ismael-bennacer-gagner-une-can-cest-un-moment-fort\/\" \/>\n<meta property=\"og:site_name\" content=\"La Sentinelle\" \/>\n<meta property=\"article:publisher\" content=\"https:\/\/www.facebook.com\/La-Sentinelle-104059864394773\" \/>\n<meta property=\"article:published_time\" content=\"2023-03-06T21:00:00+00:00\" \/>\n<meta property=\"og:image\" content=\"https:\/\/lasentinelle.dz\/wp-content\/uploads\/2023\/03\/Ismael-Bennacer.png\" \/>\n\t<meta property=\"og:image:width\" content=\"1920\" \/>\n\t<meta property=\"og:image:height\" content=\"1280\" \/>\n\t<meta property=\"og:image:type\" content=\"image\/png\" \/>\n<meta name=\"author\" content=\"La Sentinelle\" \/>\n<meta name=\"twitter:card\" content=\"summary_large_image\" \/>\n<meta name=\"twitter:label1\" content=\"\u00c9crit par\" \/>\n\t<meta name=\"twitter:data1\" content=\"La Sentinelle\" \/>\n\t<meta name=\"twitter:label2\" content=\"Dur\u00e9e de lecture estim\u00e9e\" \/>\n\t<meta name=\"twitter:data2\" content=\"3 minutes\" \/>\n<script type=\"application\/ld+json\" class=\"yoast-schema-graph\">{\"@context\":\"https:\\\/\\\/schema.org\",\"@graph\":[{\"@type\":\"Article\",\"@id\":\"https:\\\/\\\/lasentinelle.dz\\\/index.php\\\/2023\\\/03\\\/06\\\/ismael-bennacer-gagner-une-can-cest-un-moment-fort\\\/#article\",\"isPartOf\":{\"@id\":\"https:\\\/\\\/lasentinelle.dz\\\/index.php\\\/2023\\\/03\\\/06\\\/ismael-bennacer-gagner-une-can-cest-un-moment-fort\\\/\"},\"author\":{\"name\":\"La Sentinelle\",\"@id\":\"https:\\\/\\\/lasentinelle.dz\\\/#\\\/schema\\\/person\\\/d865044e22e70a75174ce8bcad3acfb3\"},\"headline\":\"Isma\u00ebl Bennacer\u00a0: \u00ab\u00a0Gagner une CAN, c\u2019est un moment fort\u00a0!\u00a0\u00bb\",\"datePublished\":\"2023-03-06T21:00:00+00:00\",\"mainEntityOfPage\":{\"@id\":\"https:\\\/\\\/lasentinelle.dz\\\/index.php\\\/2023\\\/03\\\/06\\\/ismael-bennacer-gagner-une-can-cest-un-moment-fort\\\/\"},\"wordCount\":492,\"commentCount\":0,\"publisher\":{\"@id\":\"https:\\\/\\\/lasentinelle.dz\\\/#organization\"},\"image\":{\"@id\":\"https:\\\/\\\/lasentinelle.dz\\\/index.php\\\/2023\\\/03\\\/06\\\/ismael-bennacer-gagner-une-can-cest-un-moment-fort\\\/#primaryimage\"},\"thumbnailUrl\":\"https:\\\/\\\/lasentinelle.dz\\\/wp-content\\\/uploads\\\/2023\\\/03\\\/Ismael-Bennacer.png\",\"articleSection\":[\"Sports\"],\"inLanguage\":\"fr-FR\",\"potentialAction\":[{\"@type\":\"CommentAction\",\"name\":\"Comment\",\"target\":[\"https:\\\/\\\/lasentinelle.dz\\\/index.php\\\/2023\\\/03\\\/06\\\/ismael-bennacer-gagner-une-can-cest-un-moment-fort\\\/#respond\"]}]},{\"@type\":\"WebPage\",\"@id\":\"https:\\\/\\\/lasentinelle.dz\\\/index.php\\\/2023\\\/03\\\/06\\\/ismael-bennacer-gagner-une-can-cest-un-moment-fort\\\/\",\"url\":\"https:\\\/\\\/lasentinelle.dz\\\/index.php\\\/2023\\\/03\\\/06\\\/ismael-bennacer-gagner-une-can-cest-un-moment-fort\\\/\",\"name\":\"Isma\u00ebl Bennacer\u00a0: \u00ab\u00a0Gagner une CAN, c\u2019est un moment fort\u00a0!\u00a0\u00bb - La Sentinelle\",\"isPartOf\":{\"@id\":\"https:\\\/\\\/lasentinelle.dz\\\/#website\"},\"primaryImageOfPage\":{\"@id\":\"https:\\\/\\\/lasentinelle.dz\\\/index.php\\\/2023\\\/03\\\/06\\\/ismael-bennacer-gagner-une-can-cest-un-moment-fort\\\/#primaryimage\"},\"image\":{\"@id\":\"https:\\\/\\\/lasentinelle.dz\\\/index.php\\\/2023\\\/03\\\/06\\\/ismael-bennacer-gagner-une-can-cest-un-moment-fort\\\/#primaryimage\"},\"thumbnailUrl\":\"https:\\\/\\\/lasentinelle.dz\\\/wp-content\\\/uploads\\\/2023\\\/03\\\/Ismael-Bennacer.png\",\"datePublished\":\"2023-03-06T21:00:00+00:00\",\"breadcrumb\":{\"@id\":\"https:\\\/\\\/lasentinelle.dz\\\/index.php\\\/2023\\\/03\\\/06\\\/ismael-bennacer-gagner-une-can-cest-un-moment-fort\\\/#breadcrumb\"},\"inLanguage\":\"fr-FR\",\"potentialAction\":[{\"@type\":\"ReadAction\",\"target\":[\"https:\\\/\\\/lasentinelle.dz\\\/index.php\\\/2023\\\/03\\\/06\\\/ismael-bennacer-gagner-une-can-cest-un-moment-fort\\\/\"]}]},{\"@type\":\"ImageObject\",\"inLanguage\":\"fr-FR\",\"@id\":\"https:\\\/\\\/lasentinelle.dz\\\/index.php\\\/2023\\\/03\\\/06\\\/ismael-bennacer-gagner-une-can-cest-un-moment-fort\\\/#primaryimage\",\"url\":\"https:\\\/\\\/lasentinelle.dz\\\/wp-content\\\/uploads\\\/2023\\\/03\\\/Ismael-Bennacer.png\",\"contentUrl\":\"https:\\\/\\\/lasentinelle.dz\\\/wp-content\\\/uploads\\\/2023\\\/03\\\/Ismael-Bennacer.png\",\"width\":1920,\"height\":1280},{\"@type\":\"BreadcrumbList\",\"@id\":\"https:\\\/\\\/lasentinelle.dz\\\/index.php\\\/2023\\\/03\\\/06\\\/ismael-bennacer-gagner-une-can-cest-un-moment-fort\\\/#breadcrumb\",\"itemListElement\":[{\"@type\":\"ListItem\",\"position\":1,\"name\":\"Accueil\",\"item\":\"https:\\\/\\\/lasentinelle.dz\\\/\"},{\"@type\":\"ListItem\",\"position\":2,\"name\":\"Isma\u00ebl Bennacer\u00a0: \u00ab\u00a0Gagner une CAN, c\u2019est un moment fort\u00a0!\u00a0\u00bb\"}]},{\"@type\":\"WebSite\",\"@id\":\"https:\\\/\\\/lasentinelle.dz\\\/#website\",\"url\":\"https:\\\/\\\/lasentinelle.dz\\\/\",\"name\":\"La Sentinelle\",\"description\":\"Quotidien national d&#039;information\",\"publisher\":{\"@id\":\"https:\\\/\\\/lasentinelle.dz\\\/#organization\"},\"potentialAction\":[{\"@type\":\"SearchAction\",\"target\":{\"@type\":\"EntryPoint\",\"urlTemplate\":\"https:\\\/\\\/lasentinelle.dz\\\/?s={search_term_string}\"},\"query-input\":{\"@type\":\"PropertyValueSpecification\",\"valueRequired\":true,\"valueName\":\"search_term_string\"}}],\"inLanguage\":\"fr-FR\"},{\"@type\":\"Organization\",\"@id\":\"https:\\\/\\\/lasentinelle.dz\\\/#organization\",\"name\":\"Quotidien La Sentinelle\",\"url\":\"https:\\\/\\\/lasentinelle.dz\\\/\",\"logo\":{\"@type\":\"ImageObject\",\"inLanguage\":\"fr-FR\",\"@id\":\"https:\\\/\\\/lasentinelle.dz\\\/#\\\/schema\\\/logo\\\/image\\\/\",\"url\":\"https:\\\/\\\/lasentinelle.dz\\\/wp-content\\\/uploads\\\/2021\\\/09\\\/logo-sentinelleSLOGAN-1.png\",\"contentUrl\":\"https:\\\/\\\/lasentinelle.dz\\\/wp-content\\\/uploads\\\/2021\\\/09\\\/logo-sentinelleSLOGAN-1.png\",\"width\":615,\"height\":142,\"caption\":\"Quotidien La Sentinelle\"},\"image\":{\"@id\":\"https:\\\/\\\/lasentinelle.dz\\\/#\\\/schema\\\/logo\\\/image\\\/\"},\"sameAs\":[\"https:\\\/\\\/www.facebook.com\\\/La-Sentinelle-104059864394773\"]},{\"@type\":\"Person\",\"@id\":\"https:\\\/\\\/lasentinelle.dz\\\/#\\\/schema\\\/person\\\/d865044e22e70a75174ce8bcad3acfb3\",\"name\":\"La Sentinelle\",\"image\":{\"@type\":\"ImageObject\",\"inLanguage\":\"fr-FR\",\"@id\":\"https:\\\/\\\/secure.gravatar.com\\\/avatar\\\/57de8e5d4b15d43fb361a71fbb36338450fe67865b528a43dd10ef7c51a20392?s=96&d=mm&r=g\",\"url\":\"https:\\\/\\\/secure.gravatar.com\\\/avatar\\\/57de8e5d4b15d43fb361a71fbb36338450fe67865b528a43dd10ef7c51a20392?s=96&d=mm&r=g\",\"contentUrl\":\"https:\\\/\\\/secure.gravatar.com\\\/avatar\\\/57de8e5d4b15d43fb361a71fbb36338450fe67865b528a43dd10ef7c51a20392?s=96&d=mm&r=g\",\"caption\":\"La Sentinelle\"},\"sameAs\":[\"http:\\\/\\\/www.lasentinelle.dz\"],\"url\":\"https:\\\/\\\/lasentinelle.dz\\\/author\\\/redaction\\\/\"}]}<\/script>\n<!-- \/ Yoast SEO plugin. -->","yoast_head_json":{"title":"Isma\u00ebl Bennacer\u00a0: \u00ab\u00a0Gagner une CAN, c\u2019est un moment fort\u00a0!\u00a0\u00bb - La Sentinelle","robots":{"index":"index","follow":"follow","max-snippet":"max-snippet:-1","max-image-preview":"max-image-preview:large","max-video-preview":"max-video-preview:-1"},"canonical":"https:\/\/lasentinelle.dz\/index.php\/2023\/03\/06\/ismael-bennacer-gagner-une-can-cest-un-moment-fort\/","og_locale":"fr_FR","og_type":"article","og_title":"Isma\u00ebl Bennacer\u00a0: \u00ab\u00a0Gagner une CAN, c\u2019est un moment fort\u00a0!\u00a0\u00bb - La Sentinelle","og_description":"Dans une interview accord\u00e9e au site de l&rsquo;UEFA, Isma\u00ebl Bennacer a rappel\u00e9 \u00e0 quel point la CAN a marqu\u00e9 son","og_url":"https:\/\/lasentinelle.dz\/index.php\/2023\/03\/06\/ismael-bennacer-gagner-une-can-cest-un-moment-fort\/","og_site_name":"La Sentinelle","article_publisher":"https:\/\/www.facebook.com\/La-Sentinelle-104059864394773","article_published_time":"2023-03-06T21:00:00+00:00","og_image":[{"width":1920,"height":1280,"url":"https:\/\/lasentinelle.dz\/wp-content\/uploads\/2023\/03\/Ismael-Bennacer.png","type":"image\/png"}],"author":"La Sentinelle","twitter_card":"summary_large_image","twitter_misc":{"\u00c9crit par":"La Sentinelle","Dur\u00e9e de lecture estim\u00e9e":"3 minutes"},"schema":{"@context":"https:\/\/schema.org","@graph":[{"@type":"Article","@id":"https:\/\/lasentinelle.dz\/index.php\/2023\/03\/06\/ismael-bennacer-gagner-une-can-cest-un-moment-fort\/#article","isPartOf":{"@id":"https:\/\/lasentinelle.dz\/index.php\/2023\/03\/06\/ismael-bennacer-gagner-une-can-cest-un-moment-fort\/"},"author":{"name":"La Sentinelle","@id":"https:\/\/lasentinelle.dz\/#\/schema\/person\/d865044e22e70a75174ce8bcad3acfb3"},"headline":"Isma\u00ebl Bennacer\u00a0: \u00ab\u00a0Gagner une CAN, c\u2019est un moment fort\u00a0!\u00a0\u00bb","datePublished":"2023-03-06T21:00:00+00:00","mainEntityOfPage":{"@id":"https:\/\/lasentinelle.dz\/index.php\/2023\/03\/06\/ismael-bennacer-gagner-une-can-cest-un-moment-fort\/"},"wordCount":492,"commentCount":0,"publisher":{"@id":"https:\/\/lasentinelle.dz\/#organization"},"image":{"@id":"https:\/\/lasentinelle.dz\/index.php\/2023\/03\/06\/ismael-bennacer-gagner-une-can-cest-un-moment-fort\/#primaryimage"},"thumbnailUrl":"https:\/\/lasentinelle.dz\/wp-content\/uploads\/2023\/03\/Ismael-Bennacer.png","articleSection":["Sports"],"inLanguage":"fr-FR","potentialAction":[{"@type":"CommentAction","name":"Comment","target":["https:\/\/lasentinelle.dz\/index.php\/2023\/03\/06\/ismael-bennacer-gagner-une-can-cest-un-moment-fort\/#respond"]}]},{"@type":"WebPage","@id":"https:\/\/lasentinelle.dz\/index.php\/2023\/03\/06\/ismael-bennacer-gagner-une-can-cest-un-moment-fort\/","url":"https:\/\/lasentinelle.dz\/index.php\/2023\/03\/06\/ismael-bennacer-gagner-une-can-cest-un-moment-fort\/","name":"Isma\u00ebl Bennacer\u00a0: \u00ab\u00a0Gagner une CAN, c\u2019est un moment fort\u00a0!\u00a0\u00bb - La Sentinelle","isPartOf":{"@id":"https:\/\/lasentinelle.dz\/#website"},"primaryImageOfPage":{"@id":"https:\/\/lasentinelle.dz\/index.php\/2023\/03\/06\/ismael-bennacer-gagner-une-can-cest-un-moment-fort\/#primaryimage"},"image":{"@id":"https:\/\/lasentinelle.dz\/index.php\/2023\/03\/06\/ismael-bennacer-gagner-une-can-cest-un-moment-fort\/#primaryimage"},"thumbnailUrl":"https:\/\/lasentinelle.dz\/wp-content\/uploads\/2023\/03\/Ismael-Bennacer.png","datePublished":"2023-03-06T21:00:00+00:00","breadcrumb":{"@id":"https:\/\/lasentinelle.dz\/index.php\/2023\/03\/06\/ismael-bennacer-gagner-une-can-cest-un-moment-fort\/#breadcrumb"},"inLanguage":"fr-FR","potentialAction":[{"@type":"ReadAction","target":["https:\/\/lasentinelle.dz\/index.php\/2023\/03\/06\/ismael-bennacer-gagner-une-can-cest-un-moment-fort\/"]}]},{"@type":"ImageObject","inLanguage":"fr-FR","@id":"https:\/\/lasentinelle.dz\/index.php\/2023\/03\/06\/ismael-bennacer-gagner-une-can-cest-un-moment-fort\/#primaryimage","url":"https:\/\/lasentinelle.dz\/wp-content\/uploads\/2023\/03\/Ismael-Bennacer.png","contentUrl":"https:\/\/lasentinelle.dz\/wp-content\/uploads\/2023\/03\/Ismael-Bennacer.png","width":1920,"height":1280},{"@type":"BreadcrumbList","@id":"https:\/\/lasentinelle.dz\/index.php\/2023\/03\/06\/ismael-bennacer-gagner-une-can-cest-un-moment-fort\/#breadcrumb","itemListElement":[{"@type":"ListItem","position":1,"name":"Accueil","item":"https:\/\/lasentinelle.dz\/"},{"@type":"ListItem","position":2,"name":"Isma\u00ebl Bennacer\u00a0: \u00ab\u00a0Gagner une CAN, c\u2019est un moment fort\u00a0!\u00a0\u00bb"}]},{"@type":"WebSite","@id":"https:\/\/lasentinelle.dz\/#website","url":"https:\/\/lasentinelle.dz\/","name":"La Sentinelle","description":"Quotidien national d&#039;information","publisher":{"@id":"https:\/\/lasentinelle.dz\/#organization"},"potentialAction":[{"@type":"SearchAction","target":{"@type":"EntryPoint","urlTemplate":"https:\/\/lasentinelle.dz\/?s={search_term_string}"},"query-input":{"@type":"PropertyValueSpecification","valueRequired":true,"valueName":"search_term_string"}}],"inLanguage":"fr-FR"},{"@type":"Organization","@id":"https:\/\/lasentinelle.dz\/#organization","name":"Quotidien La Sentinelle","url":"https:\/\/lasentinelle.dz\/","logo":{"@type":"ImageObject","inLanguage":"fr-FR","@id":"https:\/\/lasentinelle.dz\/#\/schema\/logo\/image\/","url":"https:\/\/lasentinelle.dz\/wp-content\/uploads\/2021\/09\/logo-sentinelleSLOGAN-1.png","contentUrl":"https:\/\/lasentinelle.dz\/wp-content\/uploads\/2021\/09\/logo-sentinelleSLOGAN-1.png","width":615,"height":142,"caption":"Quotidien La Sentinelle"},"image":{"@id":"https:\/\/lasentinelle.dz\/#\/schema\/logo\/image\/"},"sameAs":["https:\/\/www.facebook.com\/La-Sentinelle-104059864394773"]},{"@type":"Person","@id":"https:\/\/lasentinelle.dz\/#\/schema\/person\/d865044e22e70a75174ce8bcad3acfb3","name":"La Sentinelle","image":{"@type":"ImageObject","inLanguage":"fr-FR","@id":"https:\/\/secure.gravatar.com\/avatar\/57de8e5d4b15d43fb361a71fbb36338450fe67865b528a43dd10ef7c51a20392?s=96&d=mm&r=g","url":"https:\/\/secure.gravatar.com\/avatar\/57de8e5d4b15d43fb361a71fbb36338450fe67865b528a43dd10ef7c51a20392?s=96&d=mm&r=g","contentUrl":"https:\/\/secure.gravatar.com\/avatar\/57de8e5d4b15d43fb361a71fbb36338450fe67865b528a43dd10ef7c51a20392?s=96&d=mm&r=g","caption":"La Sentinelle"},"sameAs":["http:\/\/www.lasentinelle.dz"],"url":"https:\/\/lasentinelle.dz\/author\/redaction\/"}]}},"_links":{"self":[{"href":"https:\/\/lasentinelle.dz\/index.php\/wp-json\/wp\/v2\/posts\/37376","targetHints":{"allow":["GET"]}}],"collection":[{"href":"https:\/\/lasentinelle.dz\/index.php\/wp-json\/wp\/v2\/posts"}],"about":[{"href":"https:\/\/lasentinelle.dz\/index.php\/wp-json\/wp\/v2\/types\/post"}],"author":[{"embeddable":true,"href":"https:\/\/lasentinelle.dz\/index.php\/wp-json\/wp\/v2\/users\/3"}],"replies":[{"embeddable":true,"href":"https:\/\/lasentinelle.dz\/index.php\/wp-json\/wp\/v2\/comments?post=37376"}],"version-history":[{"count":1,"href":"https:\/\/lasentinelle.dz\/index.php\/wp-json\/wp\/v2\/posts\/37376\/revisions"}],"predecessor-version":[{"id":37381,"href":"https:\/\/lasentinelle.dz\/index.php\/wp-json\/wp\/v2\/posts\/37376\/revisions\/37381"}],"wp:featuredmedia":[{"embeddable":true,"href":"https:\/\/lasentinelle.dz\/index.php\/wp-json\/wp\/v2\/media\/37380"}],"wp:attachment":[{"href":"https:\/\/lasentinelle.dz\/index.php\/wp-json\/wp\/v2\/media?parent=37376"}],"wp:term":[{"taxonomy":"category","embeddable":true,"href":"https:\/\/lasentinelle.dz\/index.php\/wp-json\/wp\/v2\/categories?post=37376"},{"taxonomy":"post_tag","embeddable":true,"href":"https:\/\/lasentinelle.dz\/index.php\/wp-json\/wp\/v2\/tags?post=37376"}],"curies":[{"name":"wp","href":"https:\/\/api.w.org\/{rel}","templated":true}]}}