{"id":37404,"date":"2023-03-06T22:10:00","date_gmt":"2023-03-06T21:10:00","guid":{"rendered":"https:\/\/lasentinelle.dz\/?p=37404"},"modified":"2023-03-06T21:35:49","modified_gmt":"2023-03-06T20:35:49","slug":"le-general-darmee-said-chanegriha-hier-devant-les-cadres-de-la-4e-region-militaire-lalgerie-est-un-acteur-principal-dans-lespace-vital-africain","status":"publish","type":"post","link":"https:\/\/lasentinelle.dz\/index.php\/2023\/03\/06\/le-general-darmee-said-chanegriha-hier-devant-les-cadres-de-la-4e-region-militaire-lalgerie-est-un-acteur-principal-dans-lespace-vital-africain\/","title":{"rendered":"Le g\u00e9n\u00e9ral d\u2019arm\u00e9e Sa\u00efd Chanegriha, hier, devant les cadres de la 4e r\u00e9gion militaire\u00a0: \u00abL\u2019Alg\u00e9rie est un acteur principal dans l\u2019espace vital africain\u00bb"},"content":{"rendered":"\n<p>Le chef de l\u2019\u00c9tat-major de l\u2019Arm\u00e9e nationale populaire a assur\u00e9, hier, que \u00ab l&rsquo;Alg\u00e9rie a toujours pr\u00eat\u00e9 main forte aux pays africains, en vue de pr\u00e9server leur stabilit\u00e9 et leur s\u00e9curit\u00e9, et de les accompagner dans la consolidation de leur situation s\u00e9curitaire, en privil\u00e9giant les solutions internes, le respect de la souverainet\u00e9 des pays et le refus de toute forme d\u2019ing\u00e9rence dans leurs affaires internes.<\/p>\n\n\n\n<p>&nbsp;Le chef de l\u2019\u00c9tat-major de l\u2019Arm\u00e9e nationale populaire (EM-ANP), le G\u00e9n\u00e9ral d\u2019Arm\u00e9e Sa\u00efd Chanegriha, a salu\u00e9, hierdans un discours prononc\u00e9 devant les cadres de la 4e r\u00e9gion militaire, \u00ab les louables initiatives du Pr\u00e9sident de la R\u00e9publique visant \u00e0 consolider le r\u00f4le r\u00e9gional et continental de l&rsquo;Alg\u00e9rie qui \u0153uvre constamment \u00e0 \u00eatre un facteur de stabilisation dans la r\u00e9gion et contribuer au d\u00e9veloppement durable des pays du voisinage \u00bb. \u00ab L\u2019Alg\u00e9rie, consciente des retomb\u00e9es de l\u2019instabilit\u00e9 dans son environnement imm\u00e9diat, sur sa s\u00e9curit\u00e9 et sur les constantes de son peuple, \u0153uvre constamment \u00e0 \u00eatre un facteur de stabilisation dans la r\u00e9gion et \u00e0 contribuer au d\u00e9veloppement durable des pays du voisinage \u00bb, a-t-il assur\u00e9 selon un communiqu\u00e9 rendu public par le minist\u00e8re de la D\u00e9fense.<\/p>\n\n\n\n<p>Le chef d\u2019\u00c9tat-major de l\u2019ANP qui effectuait une visite de travail et d&rsquo;inspection aux unit\u00e9s de la 4\u00e8me R\u00e9gion militaire a soulign\u00e9 que \u00ab c\u2019est dans ce cadre que s\u2019inscrivent les efforts constants du Pr\u00e9sident de la R\u00e9publique, Chef supr\u00eame des Forces arm\u00e9es, ministre de la D\u00e9fense nationale. Ces efforts, a-t-il pr\u00e9cis\u00e9, visent \u00ab \u00e0 conforter le r\u00f4le r\u00e9gional de l&rsquo;Alg\u00e9rie et \u00e0 pr\u00e9server sa place sur la sc\u00e8ne africaine, celle-ci \u00e9tant traduite par le respect que lui porte la majorit\u00e9 des pays du continent et leurs peuples, et ce, au regard des approches avis\u00e9es adopt\u00e9es par l&rsquo;Etat alg\u00e9rien depuis l\u2019ind\u00e9pendance en faveur des causes justes sur ce continent et dans le monde et du soutien ind\u00e9fectible apport\u00e9 aux peuples pour faire valoir leur droit \u00e0 l&rsquo;autod\u00e9termination\u00bb.<\/p>\n\n\n\n<p>Le G\u00e9n\u00e9ral d&rsquo;Arm\u00e9e a assur\u00e9 que \u00ab l&rsquo;Alg\u00e9rie a toujours pr\u00eat\u00e9 main forte aux pays africains, en vue de pr\u00e9server leur stabilit\u00e9 et leur s\u00e9curit\u00e9, et de les accompagner dans la consolidation de leur situation s\u00e9curitaire, en privil\u00e9giant les solutions internes, le respect de la souverainet\u00e9 des pays et le refus de toute forme d\u2019ing\u00e9rence dans leurs affaires internes, en sus des aides qu\u2019elle apporte dans les diff\u00e9rents domaines, militaires, \u00e9conomiques et humanitaires \u00bb. C&rsquo;est dans cette optique, a-t-il expliqu\u00e9, \u00abqu&rsquo;intervient la d\u00e9cision clairvoyante que le Pr\u00e9sident de la R\u00e9publique, annonc\u00e9e lors du 36e Sommet des chefs d&rsquo;Etat et de gouvernement de l&rsquo;Union africaine, tenu il y a quelques jours \u00e0 Addis-Abeba, qui consiste \u00e0 allouer un milliard de dollars \u00e0 la redynamisation des m\u00e9canismes de solidarit\u00e9 africaine et \u00e0 la promotion du d\u00e9veloppement du continent, partant du principe que la s\u00e9curit\u00e9 et la paix ne peuvent \u00eatre instaur\u00e9es en Afrique sans un d\u00e9veloppement effectif\u00bb. \u00ab A ce titre, l&rsquo;Alg\u00e9rie, en d\u00e9pit des vaines tentatives visant \u00e0 discr\u00e9diter son r\u00f4le et sa position dans le continent, demeure un facteur important dans l\u2019\u00e9quation africaine et un acteur principal dans son espace vital \u00bb, a fait valoir le chef d\u2019\u00e9tat-major de l\u2019ANP.<\/p>\n\n\n\n<p><strong>Khider Larbi<\/strong><\/p>\n","protected":false},"excerpt":{"rendered":"<p>Le chef de l\u2019\u00c9tat-major de l\u2019Arm\u00e9e nationale populaire a assur\u00e9, hier, que \u00ab l&rsquo;Alg\u00e9rie a toujours pr\u00eat\u00e9 main forte aux<\/p>\n","protected":false},"author":3,"featured_media":37405,"comment_status":"open","ping_status":"closed","sticky":false,"template":"","format":"standard","meta":{"colormag_page_container_layout":"default_layout","colormag_page_sidebar_layout":"default_layout","om_disable_all_campaigns":false,"_monsterinsights_skip_tracking":false,"_monsterinsights_sitenote_active":false,"_monsterinsights_sitenote_note":"","_monsterinsights_sitenote_category":0,"footnotes":"","_wpscppro_dont_share_socialmedia":false,"_wpscppro_custom_social_share_image":0,"_facebook_share_type":"","_twitter_share_type":"","_linkedin_share_type":"","_pinterest_share_type":"","_linkedin_share_type_page":"","_instagram_share_type":"","_medium_share_type":"","_threads_share_type":"","_google_business_share_type":"","_selected_social_profile":[],"_wpsp_enable_custom_social_template":false,"_wpsp_social_scheduling":{"enabled":false,"datetime":null,"platforms":[],"status":"template_only","dateOption":"today","timeOption":"now","customDays":"","customHours":"","customDate":"","customTime":"","schedulingType":"absolute"},"_wpsp_active_default_template":true},"categories":[52,27],"tags":[],"class_list":["post-37404","post","type-post","status-publish","format-standard","has-post-thumbnail","hentry","category-a-la-une","category-actualite"],"aioseo_notices":[],"yoast_head":"<!-- This site is optimized with the Yoast SEO plugin v27.4 - https:\/\/yoast.com\/product\/yoast-seo-wordpress\/ -->\n<title>Le g\u00e9n\u00e9ral d\u2019arm\u00e9e Sa\u00efd Chanegriha, hier, devant les cadres de la 4e r\u00e9gion militaire\u00a0: \u00abL\u2019Alg\u00e9rie est un acteur principal dans l\u2019espace vital africain\u00bb - La Sentinelle<\/title>\n<meta name=\"robots\" content=\"index, follow, max-snippet:-1, max-image-preview:large, max-video-preview:-1\" \/>\n<link rel=\"canonical\" href=\"https:\/\/lasentinelle.dz\/index.php\/2023\/03\/06\/le-general-darmee-said-chanegriha-hier-devant-les-cadres-de-la-4e-region-militaire-lalgerie-est-un-acteur-principal-dans-lespace-vital-africain\/\" \/>\n<meta property=\"og:locale\" content=\"fr_FR\" \/>\n<meta property=\"og:type\" content=\"article\" \/>\n<meta property=\"og:title\" content=\"Le g\u00e9n\u00e9ral d\u2019arm\u00e9e Sa\u00efd Chanegriha, hier, devant les cadres de la 4e r\u00e9gion militaire\u00a0: \u00abL\u2019Alg\u00e9rie est un acteur principal dans l\u2019espace vital africain\u00bb - La Sentinelle\" \/>\n<meta property=\"og:description\" content=\"Le chef de l\u2019\u00c9tat-major de l\u2019Arm\u00e9e nationale populaire a assur\u00e9, hier, que \u00ab l&rsquo;Alg\u00e9rie a toujours pr\u00eat\u00e9 main forte aux\" \/>\n<meta property=\"og:url\" content=\"https:\/\/lasentinelle.dz\/index.php\/2023\/03\/06\/le-general-darmee-said-chanegriha-hier-devant-les-cadres-de-la-4e-region-militaire-lalgerie-est-un-acteur-principal-dans-lespace-vital-africain\/\" \/>\n<meta property=\"og:site_name\" content=\"La Sentinelle\" \/>\n<meta property=\"article:publisher\" content=\"https:\/\/www.facebook.com\/La-Sentinelle-104059864394773\" \/>\n<meta property=\"article:published_time\" content=\"2023-03-06T21:10:00+00:00\" \/>\n<meta property=\"og:image\" content=\"https:\/\/lasentinelle.dz\/wp-content\/uploads\/2023\/03\/chane-1.png\" \/>\n\t<meta property=\"og:image:width\" content=\"1349\" \/>\n\t<meta property=\"og:image:height\" content=\"900\" \/>\n\t<meta property=\"og:image:type\" content=\"image\/png\" \/>\n<meta name=\"author\" content=\"La Sentinelle\" \/>\n<meta name=\"twitter:card\" content=\"summary_large_image\" \/>\n<meta name=\"twitter:label1\" content=\"\u00c9crit par\" \/>\n\t<meta name=\"twitter:data1\" content=\"La Sentinelle\" \/>\n\t<meta name=\"twitter:label2\" content=\"Dur\u00e9e de lecture estim\u00e9e\" \/>\n\t<meta name=\"twitter:data2\" content=\"3 minutes\" \/>\n<script type=\"application\/ld+json\" class=\"yoast-schema-graph\">{\"@context\":\"https:\\\/\\\/schema.org\",\"@graph\":[{\"@type\":\"Article\",\"@id\":\"https:\\\/\\\/lasentinelle.dz\\\/index.php\\\/2023\\\/03\\\/06\\\/le-general-darmee-said-chanegriha-hier-devant-les-cadres-de-la-4e-region-militaire-lalgerie-est-un-acteur-principal-dans-lespace-vital-africain\\\/#article\",\"isPartOf\":{\"@id\":\"https:\\\/\\\/lasentinelle.dz\\\/index.php\\\/2023\\\/03\\\/06\\\/le-general-darmee-said-chanegriha-hier-devant-les-cadres-de-la-4e-region-militaire-lalgerie-est-un-acteur-principal-dans-lespace-vital-africain\\\/\"},\"author\":{\"name\":\"La Sentinelle\",\"@id\":\"https:\\\/\\\/lasentinelle.dz\\\/#\\\/schema\\\/person\\\/d865044e22e70a75174ce8bcad3acfb3\"},\"headline\":\"Le g\u00e9n\u00e9ral d\u2019arm\u00e9e Sa\u00efd Chanegriha, hier, devant les cadres de la 4e r\u00e9gion militaire\u00a0: \u00abL\u2019Alg\u00e9rie est un acteur principal dans l\u2019espace vital africain\u00bb\",\"datePublished\":\"2023-03-06T21:10:00+00:00\",\"mainEntityOfPage\":{\"@id\":\"https:\\\/\\\/lasentinelle.dz\\\/index.php\\\/2023\\\/03\\\/06\\\/le-general-darmee-said-chanegriha-hier-devant-les-cadres-de-la-4e-region-militaire-lalgerie-est-un-acteur-principal-dans-lespace-vital-africain\\\/\"},\"wordCount\":632,\"commentCount\":0,\"publisher\":{\"@id\":\"https:\\\/\\\/lasentinelle.dz\\\/#organization\"},\"image\":{\"@id\":\"https:\\\/\\\/lasentinelle.dz\\\/index.php\\\/2023\\\/03\\\/06\\\/le-general-darmee-said-chanegriha-hier-devant-les-cadres-de-la-4e-region-militaire-lalgerie-est-un-acteur-principal-dans-lespace-vital-africain\\\/#primaryimage\"},\"thumbnailUrl\":\"https:\\\/\\\/lasentinelle.dz\\\/wp-content\\\/uploads\\\/2023\\\/03\\\/chane-1.png\",\"articleSection\":[\"\u00c0 la Une\",\"Actualit\u00e9\"],\"inLanguage\":\"fr-FR\",\"potentialAction\":[{\"@type\":\"CommentAction\",\"name\":\"Comment\",\"target\":[\"https:\\\/\\\/lasentinelle.dz\\\/index.php\\\/2023\\\/03\\\/06\\\/le-general-darmee-said-chanegriha-hier-devant-les-cadres-de-la-4e-region-militaire-lalgerie-est-un-acteur-principal-dans-lespace-vital-africain\\\/#respond\"]}]},{\"@type\":\"WebPage\",\"@id\":\"https:\\\/\\\/lasentinelle.dz\\\/index.php\\\/2023\\\/03\\\/06\\\/le-general-darmee-said-chanegriha-hier-devant-les-cadres-de-la-4e-region-militaire-lalgerie-est-un-acteur-principal-dans-lespace-vital-africain\\\/\",\"url\":\"https:\\\/\\\/lasentinelle.dz\\\/index.php\\\/2023\\\/03\\\/06\\\/le-general-darmee-said-chanegriha-hier-devant-les-cadres-de-la-4e-region-militaire-lalgerie-est-un-acteur-principal-dans-lespace-vital-africain\\\/\",\"name\":\"Le g\u00e9n\u00e9ral d\u2019arm\u00e9e Sa\u00efd Chanegriha, hier, devant les cadres de la 4e r\u00e9gion militaire\u00a0: \u00abL\u2019Alg\u00e9rie est un acteur principal dans l\u2019espace vital africain\u00bb - La Sentinelle\",\"isPartOf\":{\"@id\":\"https:\\\/\\\/lasentinelle.dz\\\/#website\"},\"primaryImageOfPage\":{\"@id\":\"https:\\\/\\\/lasentinelle.dz\\\/index.php\\\/2023\\\/03\\\/06\\\/le-general-darmee-said-chanegriha-hier-devant-les-cadres-de-la-4e-region-militaire-lalgerie-est-un-acteur-principal-dans-lespace-vital-africain\\\/#primaryimage\"},\"image\":{\"@id\":\"https:\\\/\\\/lasentinelle.dz\\\/index.php\\\/2023\\\/03\\\/06\\\/le-general-darmee-said-chanegriha-hier-devant-les-cadres-de-la-4e-region-militaire-lalgerie-est-un-acteur-principal-dans-lespace-vital-africain\\\/#primaryimage\"},\"thumbnailUrl\":\"https:\\\/\\\/lasentinelle.dz\\\/wp-content\\\/uploads\\\/2023\\\/03\\\/chane-1.png\",\"datePublished\":\"2023-03-06T21:10:00+00:00\",\"breadcrumb\":{\"@id\":\"https:\\\/\\\/lasentinelle.dz\\\/index.php\\\/2023\\\/03\\\/06\\\/le-general-darmee-said-chanegriha-hier-devant-les-cadres-de-la-4e-region-militaire-lalgerie-est-un-acteur-principal-dans-lespace-vital-africain\\\/#breadcrumb\"},\"inLanguage\":\"fr-FR\",\"potentialAction\":[{\"@type\":\"ReadAction\",\"target\":[\"https:\\\/\\\/lasentinelle.dz\\\/index.php\\\/2023\\\/03\\\/06\\\/le-general-darmee-said-chanegriha-hier-devant-les-cadres-de-la-4e-region-militaire-lalgerie-est-un-acteur-principal-dans-lespace-vital-africain\\\/\"]}]},{\"@type\":\"ImageObject\",\"inLanguage\":\"fr-FR\",\"@id\":\"https:\\\/\\\/lasentinelle.dz\\\/index.php\\\/2023\\\/03\\\/06\\\/le-general-darmee-said-chanegriha-hier-devant-les-cadres-de-la-4e-region-militaire-lalgerie-est-un-acteur-principal-dans-lespace-vital-africain\\\/#primaryimage\",\"url\":\"https:\\\/\\\/lasentinelle.dz\\\/wp-content\\\/uploads\\\/2023\\\/03\\\/chane-1.png\",\"contentUrl\":\"https:\\\/\\\/lasentinelle.dz\\\/wp-content\\\/uploads\\\/2023\\\/03\\\/chane-1.png\",\"width\":1349,\"height\":900},{\"@type\":\"BreadcrumbList\",\"@id\":\"https:\\\/\\\/lasentinelle.dz\\\/index.php\\\/2023\\\/03\\\/06\\\/le-general-darmee-said-chanegriha-hier-devant-les-cadres-de-la-4e-region-militaire-lalgerie-est-un-acteur-principal-dans-lespace-vital-africain\\\/#breadcrumb\",\"itemListElement\":[{\"@type\":\"ListItem\",\"position\":1,\"name\":\"Accueil\",\"item\":\"https:\\\/\\\/lasentinelle.dz\\\/\"},{\"@type\":\"ListItem\",\"position\":2,\"name\":\"Le g\u00e9n\u00e9ral d\u2019arm\u00e9e Sa\u00efd Chanegriha, hier, devant les cadres de la 4e r\u00e9gion militaire\u00a0: \u00abL\u2019Alg\u00e9rie est un acteur principal dans l\u2019espace vital africain\u00bb\"}]},{\"@type\":\"WebSite\",\"@id\":\"https:\\\/\\\/lasentinelle.dz\\\/#website\",\"url\":\"https:\\\/\\\/lasentinelle.dz\\\/\",\"name\":\"La Sentinelle\",\"description\":\"Quotidien national d&#039;information\",\"publisher\":{\"@id\":\"https:\\\/\\\/lasentinelle.dz\\\/#organization\"},\"potentialAction\":[{\"@type\":\"SearchAction\",\"target\":{\"@type\":\"EntryPoint\",\"urlTemplate\":\"https:\\\/\\\/lasentinelle.dz\\\/?s={search_term_string}\"},\"query-input\":{\"@type\":\"PropertyValueSpecification\",\"valueRequired\":true,\"valueName\":\"search_term_string\"}}],\"inLanguage\":\"fr-FR\"},{\"@type\":\"Organization\",\"@id\":\"https:\\\/\\\/lasentinelle.dz\\\/#organization\",\"name\":\"Quotidien La Sentinelle\",\"url\":\"https:\\\/\\\/lasentinelle.dz\\\/\",\"logo\":{\"@type\":\"ImageObject\",\"inLanguage\":\"fr-FR\",\"@id\":\"https:\\\/\\\/lasentinelle.dz\\\/#\\\/schema\\\/logo\\\/image\\\/\",\"url\":\"https:\\\/\\\/lasentinelle.dz\\\/wp-content\\\/uploads\\\/2021\\\/09\\\/logo-sentinelleSLOGAN-1.png\",\"contentUrl\":\"https:\\\/\\\/lasentinelle.dz\\\/wp-content\\\/uploads\\\/2021\\\/09\\\/logo-sentinelleSLOGAN-1.png\",\"width\":615,\"height\":142,\"caption\":\"Quotidien La Sentinelle\"},\"image\":{\"@id\":\"https:\\\/\\\/lasentinelle.dz\\\/#\\\/schema\\\/logo\\\/image\\\/\"},\"sameAs\":[\"https:\\\/\\\/www.facebook.com\\\/La-Sentinelle-104059864394773\"]},{\"@type\":\"Person\",\"@id\":\"https:\\\/\\\/lasentinelle.dz\\\/#\\\/schema\\\/person\\\/d865044e22e70a75174ce8bcad3acfb3\",\"name\":\"La Sentinelle\",\"image\":{\"@type\":\"ImageObject\",\"inLanguage\":\"fr-FR\",\"@id\":\"https:\\\/\\\/secure.gravatar.com\\\/avatar\\\/57de8e5d4b15d43fb361a71fbb36338450fe67865b528a43dd10ef7c51a20392?s=96&d=mm&r=g\",\"url\":\"https:\\\/\\\/secure.gravatar.com\\\/avatar\\\/57de8e5d4b15d43fb361a71fbb36338450fe67865b528a43dd10ef7c51a20392?s=96&d=mm&r=g\",\"contentUrl\":\"https:\\\/\\\/secure.gravatar.com\\\/avatar\\\/57de8e5d4b15d43fb361a71fbb36338450fe67865b528a43dd10ef7c51a20392?s=96&d=mm&r=g\",\"caption\":\"La Sentinelle\"},\"sameAs\":[\"http:\\\/\\\/www.lasentinelle.dz\"],\"url\":\"https:\\\/\\\/lasentinelle.dz\\\/author\\\/redaction\\\/\"}]}<\/script>\n<!-- \/ Yoast SEO plugin. -->","yoast_head_json":{"title":"Le g\u00e9n\u00e9ral d\u2019arm\u00e9e Sa\u00efd Chanegriha, hier, devant les cadres de la 4e r\u00e9gion militaire\u00a0: \u00abL\u2019Alg\u00e9rie est un acteur principal dans l\u2019espace vital africain\u00bb - La Sentinelle","robots":{"index":"index","follow":"follow","max-snippet":"max-snippet:-1","max-image-preview":"max-image-preview:large","max-video-preview":"max-video-preview:-1"},"canonical":"https:\/\/lasentinelle.dz\/index.php\/2023\/03\/06\/le-general-darmee-said-chanegriha-hier-devant-les-cadres-de-la-4e-region-militaire-lalgerie-est-un-acteur-principal-dans-lespace-vital-africain\/","og_locale":"fr_FR","og_type":"article","og_title":"Le g\u00e9n\u00e9ral d\u2019arm\u00e9e Sa\u00efd Chanegriha, hier, devant les cadres de la 4e r\u00e9gion militaire\u00a0: \u00abL\u2019Alg\u00e9rie est un acteur principal dans l\u2019espace vital africain\u00bb - La Sentinelle","og_description":"Le chef de l\u2019\u00c9tat-major de l\u2019Arm\u00e9e nationale populaire a assur\u00e9, hier, que \u00ab l&rsquo;Alg\u00e9rie a toujours pr\u00eat\u00e9 main forte aux","og_url":"https:\/\/lasentinelle.dz\/index.php\/2023\/03\/06\/le-general-darmee-said-chanegriha-hier-devant-les-cadres-de-la-4e-region-militaire-lalgerie-est-un-acteur-principal-dans-lespace-vital-africain\/","og_site_name":"La Sentinelle","article_publisher":"https:\/\/www.facebook.com\/La-Sentinelle-104059864394773","article_published_time":"2023-03-06T21:10:00+00:00","og_image":[{"width":1349,"height":900,"url":"https:\/\/lasentinelle.dz\/wp-content\/uploads\/2023\/03\/chane-1.png","type":"image\/png"}],"author":"La Sentinelle","twitter_card":"summary_large_image","twitter_misc":{"\u00c9crit par":"La Sentinelle","Dur\u00e9e de lecture estim\u00e9e":"3 minutes"},"schema":{"@context":"https:\/\/schema.org","@graph":[{"@type":"Article","@id":"https:\/\/lasentinelle.dz\/index.php\/2023\/03\/06\/le-general-darmee-said-chanegriha-hier-devant-les-cadres-de-la-4e-region-militaire-lalgerie-est-un-acteur-principal-dans-lespace-vital-africain\/#article","isPartOf":{"@id":"https:\/\/lasentinelle.dz\/index.php\/2023\/03\/06\/le-general-darmee-said-chanegriha-hier-devant-les-cadres-de-la-4e-region-militaire-lalgerie-est-un-acteur-principal-dans-lespace-vital-africain\/"},"author":{"name":"La Sentinelle","@id":"https:\/\/lasentinelle.dz\/#\/schema\/person\/d865044e22e70a75174ce8bcad3acfb3"},"headline":"Le g\u00e9n\u00e9ral d\u2019arm\u00e9e Sa\u00efd Chanegriha, hier, devant les cadres de la 4e r\u00e9gion militaire\u00a0: \u00abL\u2019Alg\u00e9rie est un acteur principal dans l\u2019espace vital africain\u00bb","datePublished":"2023-03-06T21:10:00+00:00","mainEntityOfPage":{"@id":"https:\/\/lasentinelle.dz\/index.php\/2023\/03\/06\/le-general-darmee-said-chanegriha-hier-devant-les-cadres-de-la-4e-region-militaire-lalgerie-est-un-acteur-principal-dans-lespace-vital-africain\/"},"wordCount":632,"commentCount":0,"publisher":{"@id":"https:\/\/lasentinelle.dz\/#organization"},"image":{"@id":"https:\/\/lasentinelle.dz\/index.php\/2023\/03\/06\/le-general-darmee-said-chanegriha-hier-devant-les-cadres-de-la-4e-region-militaire-lalgerie-est-un-acteur-principal-dans-lespace-vital-africain\/#primaryimage"},"thumbnailUrl":"https:\/\/lasentinelle.dz\/wp-content\/uploads\/2023\/03\/chane-1.png","articleSection":["\u00c0 la Une","Actualit\u00e9"],"inLanguage":"fr-FR","potentialAction":[{"@type":"CommentAction","name":"Comment","target":["https:\/\/lasentinelle.dz\/index.php\/2023\/03\/06\/le-general-darmee-said-chanegriha-hier-devant-les-cadres-de-la-4e-region-militaire-lalgerie-est-un-acteur-principal-dans-lespace-vital-africain\/#respond"]}]},{"@type":"WebPage","@id":"https:\/\/lasentinelle.dz\/index.php\/2023\/03\/06\/le-general-darmee-said-chanegriha-hier-devant-les-cadres-de-la-4e-region-militaire-lalgerie-est-un-acteur-principal-dans-lespace-vital-africain\/","url":"https:\/\/lasentinelle.dz\/index.php\/2023\/03\/06\/le-general-darmee-said-chanegriha-hier-devant-les-cadres-de-la-4e-region-militaire-lalgerie-est-un-acteur-principal-dans-lespace-vital-africain\/","name":"Le g\u00e9n\u00e9ral d\u2019arm\u00e9e Sa\u00efd Chanegriha, hier, devant les cadres de la 4e r\u00e9gion militaire\u00a0: \u00abL\u2019Alg\u00e9rie est un acteur principal dans l\u2019espace vital africain\u00bb - La Sentinelle","isPartOf":{"@id":"https:\/\/lasentinelle.dz\/#website"},"primaryImageOfPage":{"@id":"https:\/\/lasentinelle.dz\/index.php\/2023\/03\/06\/le-general-darmee-said-chanegriha-hier-devant-les-cadres-de-la-4e-region-militaire-lalgerie-est-un-acteur-principal-dans-lespace-vital-africain\/#primaryimage"},"image":{"@id":"https:\/\/lasentinelle.dz\/index.php\/2023\/03\/06\/le-general-darmee-said-chanegriha-hier-devant-les-cadres-de-la-4e-region-militaire-lalgerie-est-un-acteur-principal-dans-lespace-vital-africain\/#primaryimage"},"thumbnailUrl":"https:\/\/lasentinelle.dz\/wp-content\/uploads\/2023\/03\/chane-1.png","datePublished":"2023-03-06T21:10:00+00:00","breadcrumb":{"@id":"https:\/\/lasentinelle.dz\/index.php\/2023\/03\/06\/le-general-darmee-said-chanegriha-hier-devant-les-cadres-de-la-4e-region-militaire-lalgerie-est-un-acteur-principal-dans-lespace-vital-africain\/#breadcrumb"},"inLanguage":"fr-FR","potentialAction":[{"@type":"ReadAction","target":["https:\/\/lasentinelle.dz\/index.php\/2023\/03\/06\/le-general-darmee-said-chanegriha-hier-devant-les-cadres-de-la-4e-region-militaire-lalgerie-est-un-acteur-principal-dans-lespace-vital-africain\/"]}]},{"@type":"ImageObject","inLanguage":"fr-FR","@id":"https:\/\/lasentinelle.dz\/index.php\/2023\/03\/06\/le-general-darmee-said-chanegriha-hier-devant-les-cadres-de-la-4e-region-militaire-lalgerie-est-un-acteur-principal-dans-lespace-vital-africain\/#primaryimage","url":"https:\/\/lasentinelle.dz\/wp-content\/uploads\/2023\/03\/chane-1.png","contentUrl":"https:\/\/lasentinelle.dz\/wp-content\/uploads\/2023\/03\/chane-1.png","width":1349,"height":900},{"@type":"BreadcrumbList","@id":"https:\/\/lasentinelle.dz\/index.php\/2023\/03\/06\/le-general-darmee-said-chanegriha-hier-devant-les-cadres-de-la-4e-region-militaire-lalgerie-est-un-acteur-principal-dans-lespace-vital-africain\/#breadcrumb","itemListElement":[{"@type":"ListItem","position":1,"name":"Accueil","item":"https:\/\/lasentinelle.dz\/"},{"@type":"ListItem","position":2,"name":"Le g\u00e9n\u00e9ral d\u2019arm\u00e9e Sa\u00efd Chanegriha, hier, devant les cadres de la 4e r\u00e9gion militaire\u00a0: \u00abL\u2019Alg\u00e9rie est un acteur principal dans l\u2019espace vital africain\u00bb"}]},{"@type":"WebSite","@id":"https:\/\/lasentinelle.dz\/#website","url":"https:\/\/lasentinelle.dz\/","name":"La Sentinelle","description":"Quotidien national d&#039;information","publisher":{"@id":"https:\/\/lasentinelle.dz\/#organization"},"potentialAction":[{"@type":"SearchAction","target":{"@type":"EntryPoint","urlTemplate":"https:\/\/lasentinelle.dz\/?s={search_term_string}"},"query-input":{"@type":"PropertyValueSpecification","valueRequired":true,"valueName":"search_term_string"}}],"inLanguage":"fr-FR"},{"@type":"Organization","@id":"https:\/\/lasentinelle.dz\/#organization","name":"Quotidien La Sentinelle","url":"https:\/\/lasentinelle.dz\/","logo":{"@type":"ImageObject","inLanguage":"fr-FR","@id":"https:\/\/lasentinelle.dz\/#\/schema\/logo\/image\/","url":"https:\/\/lasentinelle.dz\/wp-content\/uploads\/2021\/09\/logo-sentinelleSLOGAN-1.png","contentUrl":"https:\/\/lasentinelle.dz\/wp-content\/uploads\/2021\/09\/logo-sentinelleSLOGAN-1.png","width":615,"height":142,"caption":"Quotidien La Sentinelle"},"image":{"@id":"https:\/\/lasentinelle.dz\/#\/schema\/logo\/image\/"},"sameAs":["https:\/\/www.facebook.com\/La-Sentinelle-104059864394773"]},{"@type":"Person","@id":"https:\/\/lasentinelle.dz\/#\/schema\/person\/d865044e22e70a75174ce8bcad3acfb3","name":"La Sentinelle","image":{"@type":"ImageObject","inLanguage":"fr-FR","@id":"https:\/\/secure.gravatar.com\/avatar\/57de8e5d4b15d43fb361a71fbb36338450fe67865b528a43dd10ef7c51a20392?s=96&d=mm&r=g","url":"https:\/\/secure.gravatar.com\/avatar\/57de8e5d4b15d43fb361a71fbb36338450fe67865b528a43dd10ef7c51a20392?s=96&d=mm&r=g","contentUrl":"https:\/\/secure.gravatar.com\/avatar\/57de8e5d4b15d43fb361a71fbb36338450fe67865b528a43dd10ef7c51a20392?s=96&d=mm&r=g","caption":"La Sentinelle"},"sameAs":["http:\/\/www.lasentinelle.dz"],"url":"https:\/\/lasentinelle.dz\/author\/redaction\/"}]}},"_links":{"self":[{"href":"https:\/\/lasentinelle.dz\/index.php\/wp-json\/wp\/v2\/posts\/37404","targetHints":{"allow":["GET"]}}],"collection":[{"href":"https:\/\/lasentinelle.dz\/index.php\/wp-json\/wp\/v2\/posts"}],"about":[{"href":"https:\/\/lasentinelle.dz\/index.php\/wp-json\/wp\/v2\/types\/post"}],"author":[{"embeddable":true,"href":"https:\/\/lasentinelle.dz\/index.php\/wp-json\/wp\/v2\/users\/3"}],"replies":[{"embeddable":true,"href":"https:\/\/lasentinelle.dz\/index.php\/wp-json\/wp\/v2\/comments?post=37404"}],"version-history":[{"count":2,"href":"https:\/\/lasentinelle.dz\/index.php\/wp-json\/wp\/v2\/posts\/37404\/revisions"}],"predecessor-version":[{"id":37419,"href":"https:\/\/lasentinelle.dz\/index.php\/wp-json\/wp\/v2\/posts\/37404\/revisions\/37419"}],"wp:featuredmedia":[{"embeddable":true,"href":"https:\/\/lasentinelle.dz\/index.php\/wp-json\/wp\/v2\/media\/37405"}],"wp:attachment":[{"href":"https:\/\/lasentinelle.dz\/index.php\/wp-json\/wp\/v2\/media?parent=37404"}],"wp:term":[{"taxonomy":"category","embeddable":true,"href":"https:\/\/lasentinelle.dz\/index.php\/wp-json\/wp\/v2\/categories?post=37404"},{"taxonomy":"post_tag","embeddable":true,"href":"https:\/\/lasentinelle.dz\/index.php\/wp-json\/wp\/v2\/tags?post=37404"}],"curies":[{"name":"wp","href":"https:\/\/api.w.org\/{rel}","templated":true}]}}