{"id":37434,"date":"2023-03-07T22:05:00","date_gmt":"2023-03-07T21:05:00","guid":{"rendered":"https:\/\/lasentinelle.dz\/?p=37434"},"modified":"2023-03-07T18:06:41","modified_gmt":"2023-03-07T17:06:41","slug":"peninsule-coreenne-la-coree-du-nord-menace","status":"publish","type":"post","link":"https:\/\/lasentinelle.dz\/index.php\/2023\/03\/07\/peninsule-coreenne-la-coree-du-nord-menace\/","title":{"rendered":"P\u00e9ninsule cor\u00e9enne\u00a0: La Cor\u00e9e du Nord menace"},"content":{"rendered":"\n<p>La Cor\u00e9e du Nord a pr\u00e9venu hier qu&rsquo;elle interpr\u00e9terait comme \u00abune claire d\u00e9claration de guerre\u00bb toute interception de ses missiles pendant ses tirs d&rsquo;essai au-dessus de l&rsquo;oc\u00e9an Pacifique, a d\u00e9clar\u00e9 la tr\u00e8s puissante s\u0153ur du dirigeant nord-cor\u00e9en, Kim Yo-jong. \u00abCela sera consid\u00e9r\u00e9 comme une claire d\u00e9claration de guerre contre la RPDC (R\u00e9publique populaire d\u00e9mocratique de Cor\u00e9e, NDLR), au cas o\u00f9 une r\u00e9ponse militaire telle qu&rsquo;une interception (de nos missiles) aurait lieu lors de nos essais d&rsquo;armes strat\u00e9giques\u00bb, a d\u00e9clar\u00e9 Kim Yo-jong, cit\u00e9e par l&rsquo;agence officielle nord-cor\u00e9enne KCNA.&nbsp; \u00abL&rsquo;oc\u00e9an Pacifique n&rsquo;appartient pas au dominium des \u00c9tats-Unis ou du Japon\u00bb, a-t-elle pr\u00e9venu, alors que les \u00c9tats-Unis et la Cor\u00e9e du Sud voisine s&rsquo;appr\u00eatent \u00e0 mener leurs plus importantes man\u0153uvres militaires conjointes en cinq ans. La Cor\u00e9e du Nord \u00abse tient toujours pr\u00eate \u00e0 prendre des mesures appropri\u00e9es, rapides et \u00e9crasantes \u00e0 tout moment\u00bb, a-t-elle ajout\u00e9, dans un communiqu\u00e9, qualifiant les r\u00e9cents exercices militaires de Washington et S\u00e9oul \u00abd&rsquo;extr\u00eamement fr\u00e9n\u00e9tiques\u00bb. Cette d\u00e9claration intervient apr\u00e8s que les deux alli\u00e9s ont annonc\u00e9 vendredi qu&rsquo;ils organiseraient ce mois-ci leurs plus grands exercices militaires conjoints depuis 2018 afin d&rsquo;am\u00e9liorer leur r\u00e9action en cas d&rsquo;attaque nucl\u00e9aire nord-cor\u00e9enne. Dans un autre communiqu\u00e9, le ministre nord-cor\u00e9en des Affaires \u00e9trang\u00e8res a accus\u00e9 hier les \u00c9tats-Unis de faire \u00abintentionnellement\u00bb monter les tensions dans la r\u00e9gion. \u00abLes r\u00e9cents exercices a\u00e9riens conjoints (&#8230;) montrent clairement que le projet d&rsquo;utiliser des armes nucl\u00e9aires contre la RPDC suit son cours au rythme d&rsquo;une vraie guerre\u00bb, a-t-il d\u00e9nonc\u00e9. \u00abNous regrettons profond\u00e9ment les gesticulations irresponsables et inqui\u00e9tantes des \u00c9tats-Unis et de la Cor\u00e9e du Sud, qui poussent constamment vers l&rsquo;instabilit\u00e9 de la situation dans la p\u00e9ninsule cor\u00e9enne\u00bb, a d\u00e9clar\u00e9 le minist\u00e8re, \u00e9galement cit\u00e9 par KCNA. Outre les man\u0153uvres \u00abUlchi Freedom Shield\u00bb entre les forces am\u00e9ricaines et sud-cor\u00e9ennes, qui d\u00e9buteront le 13 mars pour au moins 10 jours, Washington et S\u00e9oul ont organis\u00e9 cette semaine des exercices a\u00e9riens conjoints avec un bombardier lourd am\u00e9ricain B-52 \u00e0 capacit\u00e9 nucl\u00e9aire. Washington et S\u00e9oul affirment qu&rsquo;il s&rsquo;agit d&rsquo;exercices de d\u00e9fense, mais Pyongyang les consid\u00e8re comme des r\u00e9p\u00e9titions g\u00e9n\u00e9rales \u00e0 une invasion de son territoire ou \u00e0 un renversement de son r\u00e9gime. Le ministre nord-cor\u00e9en des Affaires \u00e9trang\u00e8res a accus\u00e9 mardi les \u00c9tats-Unis de faire \u00abintentionnellement\u00bb monter les tensions dans la r\u00e9gion. \u00abLes r\u00e9cents exercices a\u00e9riens conjoints (&#8230;) montrent clairement que le projet d&rsquo;utiliser des armes nucl\u00e9aires contre la RPDC suit son cours au rythme d&rsquo;une vraie guerre\u00bb, a-t-il d\u00e9nonc\u00e9, dans un communiqu\u00e9 distinct. \u00abNous regrettons profond\u00e9ment les gesticulations irresponsables et inqui\u00e9tantes des \u00c9tats-Unis et de la Cor\u00e9e du Sud, qui poussent constamment vers l&rsquo;instabilit\u00e9 la situation dans la p\u00e9ninsule cor\u00e9enne\u00bb, a d\u00e9clar\u00e9 le minist\u00e8re \u00e9galement cit\u00e9 par KCNA. Les relations entre Pyongyang et S\u00e9oul sont au plus bas depuis plusieurs ann\u00e9es, avec des pourparlers au point mort. En 2022, le Nord a qualifi\u00e9 d&rsquo;\u00abirr\u00e9versible\u00bb son statut de puissance nucl\u00e9aire et a conduit une s\u00e9rie d&rsquo;essais balistiques et de missiles en violation de r\u00e9solutions de l&rsquo;ONU. Pour leur part, S\u00e9oul et Washington ont d\u00e9cid\u00e9 d&rsquo;intensifier leurs exercices conjoints et de red\u00e9ployer les ressources strat\u00e9giques am\u00e9ricaines dans la r\u00e9gion. Ces exercices suscitent immanquablement l&rsquo;ire de la Cor\u00e9e du Nord voisine. Le dirigeant nord-cor\u00e9en Kim Jong Un a r\u00e9cemment appel\u00e9 \u00e0 une augmentation \u00abexponentielle\u00bb de la production d&rsquo;armes nord-cor\u00e9ennes, notamment d&rsquo;armes nucl\u00e9aires tactiques, et sa s\u0153ur a d\u00e9crit le Pacifique comme le \u00abchamp de tir\u00bb de son pays. Dimanche 5 mars, Pyongyang a appel\u00e9 les Nations unies \u00e0 exiger de S\u00e9oul et Washington la fin de leurs man\u0153uvres militaires conjointes, d\u00e9clarant que ses armes nucl\u00e9aires garantissaient l&rsquo;\u00e9quilibre des forces dans la r\u00e9gion. La Cor\u00e9e du Nord avait \u00e9galement annonc\u00e9 le 24 f\u00e9vrier avoir tir\u00e9 la veille des missiles de croisi\u00e8re, apr\u00e8s que la Cor\u00e9e du Sud et les \u00c9tats-Unis avaient men\u00e9 \u00e0 Washington un exercice de simulation d&rsquo;un conflit nucl\u00e9aire avec Pyongyang. Les \u00c9tats-Unis ont r\u00e9cemment cherch\u00e9 \u00e0 rassurer la Cor\u00e9e du Sud quant \u00e0 leur capacit\u00e9 de dissuasion \u00e9largie \u00e0 leurs alli\u00e9s. S\u00e9oul, qui ne d\u00e9tient pas l&rsquo;arme nucl\u00e9aire, reste officiellement engag\u00e9 en faveur de la non-prolif\u00e9ration nucl\u00e9aire, m\u00eame si les appels se multiplient au niveau national pour envisager d&rsquo;obtenir ses propres armes nucl\u00e9aires.<\/p>\n\n\n\n<p><strong>K. L. et agences<\/strong><\/p>\n","protected":false},"excerpt":{"rendered":"<p>La Cor\u00e9e du Nord a pr\u00e9venu hier qu&rsquo;elle interpr\u00e9terait comme \u00abune claire d\u00e9claration de guerre\u00bb toute interception de ses missiles<\/p>\n","protected":false},"author":3,"featured_media":37447,"comment_status":"open","ping_status":"closed","sticky":false,"template":"","format":"standard","meta":{"colormag_page_container_layout":"default_layout","colormag_page_sidebar_layout":"default_layout","om_disable_all_campaigns":false,"_monsterinsights_skip_tracking":false,"_monsterinsights_sitenote_active":false,"_monsterinsights_sitenote_note":"","_monsterinsights_sitenote_category":0,"footnotes":"","_wpscppro_dont_share_socialmedia":false,"_wpscppro_custom_social_share_image":0,"_facebook_share_type":"","_twitter_share_type":"","_linkedin_share_type":"","_pinterest_share_type":"","_linkedin_share_type_page":"","_instagram_share_type":"","_medium_share_type":"","_threads_share_type":"","_google_business_share_type":"","_selected_social_profile":[],"_wpsp_enable_custom_social_template":false,"_wpsp_social_scheduling":{"enabled":false,"datetime":null,"platforms":[],"status":"template_only","dateOption":"today","timeOption":"now","customDays":"","customHours":"","customDate":"","customTime":"","schedulingType":"absolute"},"_wpsp_active_default_template":true},"categories":[37],"tags":[],"class_list":["post-37434","post","type-post","status-publish","format-standard","has-post-thumbnail","hentry","category-monde"],"aioseo_notices":[],"yoast_head":"<!-- This site is optimized with the Yoast SEO plugin v27.5 - https:\/\/yoast.com\/product\/yoast-seo-wordpress\/ -->\n<title>P\u00e9ninsule cor\u00e9enne\u00a0: La Cor\u00e9e du Nord menace - La Sentinelle<\/title>\n<meta name=\"robots\" content=\"index, follow, max-snippet:-1, max-image-preview:large, max-video-preview:-1\" \/>\n<link rel=\"canonical\" href=\"https:\/\/lasentinelle.dz\/index.php\/2023\/03\/07\/peninsule-coreenne-la-coree-du-nord-menace\/\" \/>\n<meta property=\"og:locale\" content=\"fr_FR\" \/>\n<meta property=\"og:type\" content=\"article\" \/>\n<meta property=\"og:title\" content=\"P\u00e9ninsule cor\u00e9enne\u00a0: La Cor\u00e9e du Nord menace - La Sentinelle\" \/>\n<meta property=\"og:description\" content=\"La Cor\u00e9e du Nord a pr\u00e9venu hier qu&rsquo;elle interpr\u00e9terait comme \u00abune claire d\u00e9claration de guerre\u00bb toute interception de ses missiles\" \/>\n<meta property=\"og:url\" content=\"https:\/\/lasentinelle.dz\/index.php\/2023\/03\/07\/peninsule-coreenne-la-coree-du-nord-menace\/\" \/>\n<meta property=\"og:site_name\" content=\"La Sentinelle\" \/>\n<meta property=\"article:publisher\" content=\"https:\/\/www.facebook.com\/La-Sentinelle-104059864394773\" \/>\n<meta property=\"article:published_time\" content=\"2023-03-07T21:05:00+00:00\" \/>\n<meta property=\"og:image\" content=\"https:\/\/lasentinelle.dz\/wp-content\/uploads\/2023\/03\/Sans-titre-1-4.png\" \/>\n\t<meta property=\"og:image:width\" content=\"1352\" \/>\n\t<meta property=\"og:image:height\" content=\"900\" \/>\n\t<meta property=\"og:image:type\" content=\"image\/png\" \/>\n<meta name=\"author\" content=\"La Sentinelle\" \/>\n<meta name=\"twitter:card\" content=\"summary_large_image\" \/>\n<meta name=\"twitter:label1\" content=\"\u00c9crit par\" \/>\n\t<meta name=\"twitter:data1\" content=\"La Sentinelle\" \/>\n\t<meta name=\"twitter:label2\" content=\"Dur\u00e9e de lecture estim\u00e9e\" \/>\n\t<meta name=\"twitter:data2\" content=\"4 minutes\" \/>\n<script type=\"application\/ld+json\" class=\"yoast-schema-graph\">{\"@context\":\"https:\\\/\\\/schema.org\",\"@graph\":[{\"@type\":\"Article\",\"@id\":\"https:\\\/\\\/lasentinelle.dz\\\/index.php\\\/2023\\\/03\\\/07\\\/peninsule-coreenne-la-coree-du-nord-menace\\\/#article\",\"isPartOf\":{\"@id\":\"https:\\\/\\\/lasentinelle.dz\\\/index.php\\\/2023\\\/03\\\/07\\\/peninsule-coreenne-la-coree-du-nord-menace\\\/\"},\"author\":{\"name\":\"La Sentinelle\",\"@id\":\"https:\\\/\\\/lasentinelle.dz\\\/#\\\/schema\\\/person\\\/d865044e22e70a75174ce8bcad3acfb3\"},\"headline\":\"P\u00e9ninsule cor\u00e9enne\u00a0: La Cor\u00e9e du Nord menace\",\"datePublished\":\"2023-03-07T21:05:00+00:00\",\"mainEntityOfPage\":{\"@id\":\"https:\\\/\\\/lasentinelle.dz\\\/index.php\\\/2023\\\/03\\\/07\\\/peninsule-coreenne-la-coree-du-nord-menace\\\/\"},\"wordCount\":831,\"commentCount\":0,\"publisher\":{\"@id\":\"https:\\\/\\\/lasentinelle.dz\\\/#organization\"},\"image\":{\"@id\":\"https:\\\/\\\/lasentinelle.dz\\\/index.php\\\/2023\\\/03\\\/07\\\/peninsule-coreenne-la-coree-du-nord-menace\\\/#primaryimage\"},\"thumbnailUrl\":\"https:\\\/\\\/lasentinelle.dz\\\/wp-content\\\/uploads\\\/2023\\\/03\\\/Sans-titre-1-4.png\",\"articleSection\":[\"Monde\"],\"inLanguage\":\"fr-FR\",\"potentialAction\":[{\"@type\":\"CommentAction\",\"name\":\"Comment\",\"target\":[\"https:\\\/\\\/lasentinelle.dz\\\/index.php\\\/2023\\\/03\\\/07\\\/peninsule-coreenne-la-coree-du-nord-menace\\\/#respond\"]}]},{\"@type\":\"WebPage\",\"@id\":\"https:\\\/\\\/lasentinelle.dz\\\/index.php\\\/2023\\\/03\\\/07\\\/peninsule-coreenne-la-coree-du-nord-menace\\\/\",\"url\":\"https:\\\/\\\/lasentinelle.dz\\\/index.php\\\/2023\\\/03\\\/07\\\/peninsule-coreenne-la-coree-du-nord-menace\\\/\",\"name\":\"P\u00e9ninsule cor\u00e9enne\u00a0: La Cor\u00e9e du Nord menace - La Sentinelle\",\"isPartOf\":{\"@id\":\"https:\\\/\\\/lasentinelle.dz\\\/#website\"},\"primaryImageOfPage\":{\"@id\":\"https:\\\/\\\/lasentinelle.dz\\\/index.php\\\/2023\\\/03\\\/07\\\/peninsule-coreenne-la-coree-du-nord-menace\\\/#primaryimage\"},\"image\":{\"@id\":\"https:\\\/\\\/lasentinelle.dz\\\/index.php\\\/2023\\\/03\\\/07\\\/peninsule-coreenne-la-coree-du-nord-menace\\\/#primaryimage\"},\"thumbnailUrl\":\"https:\\\/\\\/lasentinelle.dz\\\/wp-content\\\/uploads\\\/2023\\\/03\\\/Sans-titre-1-4.png\",\"datePublished\":\"2023-03-07T21:05:00+00:00\",\"breadcrumb\":{\"@id\":\"https:\\\/\\\/lasentinelle.dz\\\/index.php\\\/2023\\\/03\\\/07\\\/peninsule-coreenne-la-coree-du-nord-menace\\\/#breadcrumb\"},\"inLanguage\":\"fr-FR\",\"potentialAction\":[{\"@type\":\"ReadAction\",\"target\":[\"https:\\\/\\\/lasentinelle.dz\\\/index.php\\\/2023\\\/03\\\/07\\\/peninsule-coreenne-la-coree-du-nord-menace\\\/\"]}]},{\"@type\":\"ImageObject\",\"inLanguage\":\"fr-FR\",\"@id\":\"https:\\\/\\\/lasentinelle.dz\\\/index.php\\\/2023\\\/03\\\/07\\\/peninsule-coreenne-la-coree-du-nord-menace\\\/#primaryimage\",\"url\":\"https:\\\/\\\/lasentinelle.dz\\\/wp-content\\\/uploads\\\/2023\\\/03\\\/Sans-titre-1-4.png\",\"contentUrl\":\"https:\\\/\\\/lasentinelle.dz\\\/wp-content\\\/uploads\\\/2023\\\/03\\\/Sans-titre-1-4.png\",\"width\":1352,\"height\":900},{\"@type\":\"BreadcrumbList\",\"@id\":\"https:\\\/\\\/lasentinelle.dz\\\/index.php\\\/2023\\\/03\\\/07\\\/peninsule-coreenne-la-coree-du-nord-menace\\\/#breadcrumb\",\"itemListElement\":[{\"@type\":\"ListItem\",\"position\":1,\"name\":\"Accueil\",\"item\":\"https:\\\/\\\/lasentinelle.dz\\\/\"},{\"@type\":\"ListItem\",\"position\":2,\"name\":\"P\u00e9ninsule cor\u00e9enne\u00a0: La Cor\u00e9e du Nord menace\"}]},{\"@type\":\"WebSite\",\"@id\":\"https:\\\/\\\/lasentinelle.dz\\\/#website\",\"url\":\"https:\\\/\\\/lasentinelle.dz\\\/\",\"name\":\"La Sentinelle\",\"description\":\"Quotidien national d&#039;information\",\"publisher\":{\"@id\":\"https:\\\/\\\/lasentinelle.dz\\\/#organization\"},\"potentialAction\":[{\"@type\":\"SearchAction\",\"target\":{\"@type\":\"EntryPoint\",\"urlTemplate\":\"https:\\\/\\\/lasentinelle.dz\\\/?s={search_term_string}\"},\"query-input\":{\"@type\":\"PropertyValueSpecification\",\"valueRequired\":true,\"valueName\":\"search_term_string\"}}],\"inLanguage\":\"fr-FR\"},{\"@type\":\"Organization\",\"@id\":\"https:\\\/\\\/lasentinelle.dz\\\/#organization\",\"name\":\"Quotidien La Sentinelle\",\"url\":\"https:\\\/\\\/lasentinelle.dz\\\/\",\"logo\":{\"@type\":\"ImageObject\",\"inLanguage\":\"fr-FR\",\"@id\":\"https:\\\/\\\/lasentinelle.dz\\\/#\\\/schema\\\/logo\\\/image\\\/\",\"url\":\"https:\\\/\\\/lasentinelle.dz\\\/wp-content\\\/uploads\\\/2021\\\/09\\\/logo-sentinelleSLOGAN-1.png\",\"contentUrl\":\"https:\\\/\\\/lasentinelle.dz\\\/wp-content\\\/uploads\\\/2021\\\/09\\\/logo-sentinelleSLOGAN-1.png\",\"width\":615,\"height\":142,\"caption\":\"Quotidien La Sentinelle\"},\"image\":{\"@id\":\"https:\\\/\\\/lasentinelle.dz\\\/#\\\/schema\\\/logo\\\/image\\\/\"},\"sameAs\":[\"https:\\\/\\\/www.facebook.com\\\/La-Sentinelle-104059864394773\"]},{\"@type\":\"Person\",\"@id\":\"https:\\\/\\\/lasentinelle.dz\\\/#\\\/schema\\\/person\\\/d865044e22e70a75174ce8bcad3acfb3\",\"name\":\"La Sentinelle\",\"image\":{\"@type\":\"ImageObject\",\"inLanguage\":\"fr-FR\",\"@id\":\"https:\\\/\\\/secure.gravatar.com\\\/avatar\\\/57de8e5d4b15d43fb361a71fbb36338450fe67865b528a43dd10ef7c51a20392?s=96&d=mm&r=g\",\"url\":\"https:\\\/\\\/secure.gravatar.com\\\/avatar\\\/57de8e5d4b15d43fb361a71fbb36338450fe67865b528a43dd10ef7c51a20392?s=96&d=mm&r=g\",\"contentUrl\":\"https:\\\/\\\/secure.gravatar.com\\\/avatar\\\/57de8e5d4b15d43fb361a71fbb36338450fe67865b528a43dd10ef7c51a20392?s=96&d=mm&r=g\",\"caption\":\"La Sentinelle\"},\"sameAs\":[\"http:\\\/\\\/www.lasentinelle.dz\"],\"url\":\"https:\\\/\\\/lasentinelle.dz\\\/author\\\/redaction\\\/\"}]}<\/script>\n<!-- \/ Yoast SEO plugin. -->","yoast_head_json":{"title":"P\u00e9ninsule cor\u00e9enne\u00a0: La Cor\u00e9e du Nord menace - La Sentinelle","robots":{"index":"index","follow":"follow","max-snippet":"max-snippet:-1","max-image-preview":"max-image-preview:large","max-video-preview":"max-video-preview:-1"},"canonical":"https:\/\/lasentinelle.dz\/index.php\/2023\/03\/07\/peninsule-coreenne-la-coree-du-nord-menace\/","og_locale":"fr_FR","og_type":"article","og_title":"P\u00e9ninsule cor\u00e9enne\u00a0: La Cor\u00e9e du Nord menace - La Sentinelle","og_description":"La Cor\u00e9e du Nord a pr\u00e9venu hier qu&rsquo;elle interpr\u00e9terait comme \u00abune claire d\u00e9claration de guerre\u00bb toute interception de ses missiles","og_url":"https:\/\/lasentinelle.dz\/index.php\/2023\/03\/07\/peninsule-coreenne-la-coree-du-nord-menace\/","og_site_name":"La Sentinelle","article_publisher":"https:\/\/www.facebook.com\/La-Sentinelle-104059864394773","article_published_time":"2023-03-07T21:05:00+00:00","og_image":[{"width":1352,"height":900,"url":"https:\/\/lasentinelle.dz\/wp-content\/uploads\/2023\/03\/Sans-titre-1-4.png","type":"image\/png"}],"author":"La Sentinelle","twitter_card":"summary_large_image","twitter_misc":{"\u00c9crit par":"La Sentinelle","Dur\u00e9e de lecture estim\u00e9e":"4 minutes"},"schema":{"@context":"https:\/\/schema.org","@graph":[{"@type":"Article","@id":"https:\/\/lasentinelle.dz\/index.php\/2023\/03\/07\/peninsule-coreenne-la-coree-du-nord-menace\/#article","isPartOf":{"@id":"https:\/\/lasentinelle.dz\/index.php\/2023\/03\/07\/peninsule-coreenne-la-coree-du-nord-menace\/"},"author":{"name":"La Sentinelle","@id":"https:\/\/lasentinelle.dz\/#\/schema\/person\/d865044e22e70a75174ce8bcad3acfb3"},"headline":"P\u00e9ninsule cor\u00e9enne\u00a0: La Cor\u00e9e du Nord menace","datePublished":"2023-03-07T21:05:00+00:00","mainEntityOfPage":{"@id":"https:\/\/lasentinelle.dz\/index.php\/2023\/03\/07\/peninsule-coreenne-la-coree-du-nord-menace\/"},"wordCount":831,"commentCount":0,"publisher":{"@id":"https:\/\/lasentinelle.dz\/#organization"},"image":{"@id":"https:\/\/lasentinelle.dz\/index.php\/2023\/03\/07\/peninsule-coreenne-la-coree-du-nord-menace\/#primaryimage"},"thumbnailUrl":"https:\/\/lasentinelle.dz\/wp-content\/uploads\/2023\/03\/Sans-titre-1-4.png","articleSection":["Monde"],"inLanguage":"fr-FR","potentialAction":[{"@type":"CommentAction","name":"Comment","target":["https:\/\/lasentinelle.dz\/index.php\/2023\/03\/07\/peninsule-coreenne-la-coree-du-nord-menace\/#respond"]}]},{"@type":"WebPage","@id":"https:\/\/lasentinelle.dz\/index.php\/2023\/03\/07\/peninsule-coreenne-la-coree-du-nord-menace\/","url":"https:\/\/lasentinelle.dz\/index.php\/2023\/03\/07\/peninsule-coreenne-la-coree-du-nord-menace\/","name":"P\u00e9ninsule cor\u00e9enne\u00a0: La Cor\u00e9e du Nord menace - La Sentinelle","isPartOf":{"@id":"https:\/\/lasentinelle.dz\/#website"},"primaryImageOfPage":{"@id":"https:\/\/lasentinelle.dz\/index.php\/2023\/03\/07\/peninsule-coreenne-la-coree-du-nord-menace\/#primaryimage"},"image":{"@id":"https:\/\/lasentinelle.dz\/index.php\/2023\/03\/07\/peninsule-coreenne-la-coree-du-nord-menace\/#primaryimage"},"thumbnailUrl":"https:\/\/lasentinelle.dz\/wp-content\/uploads\/2023\/03\/Sans-titre-1-4.png","datePublished":"2023-03-07T21:05:00+00:00","breadcrumb":{"@id":"https:\/\/lasentinelle.dz\/index.php\/2023\/03\/07\/peninsule-coreenne-la-coree-du-nord-menace\/#breadcrumb"},"inLanguage":"fr-FR","potentialAction":[{"@type":"ReadAction","target":["https:\/\/lasentinelle.dz\/index.php\/2023\/03\/07\/peninsule-coreenne-la-coree-du-nord-menace\/"]}]},{"@type":"ImageObject","inLanguage":"fr-FR","@id":"https:\/\/lasentinelle.dz\/index.php\/2023\/03\/07\/peninsule-coreenne-la-coree-du-nord-menace\/#primaryimage","url":"https:\/\/lasentinelle.dz\/wp-content\/uploads\/2023\/03\/Sans-titre-1-4.png","contentUrl":"https:\/\/lasentinelle.dz\/wp-content\/uploads\/2023\/03\/Sans-titre-1-4.png","width":1352,"height":900},{"@type":"BreadcrumbList","@id":"https:\/\/lasentinelle.dz\/index.php\/2023\/03\/07\/peninsule-coreenne-la-coree-du-nord-menace\/#breadcrumb","itemListElement":[{"@type":"ListItem","position":1,"name":"Accueil","item":"https:\/\/lasentinelle.dz\/"},{"@type":"ListItem","position":2,"name":"P\u00e9ninsule cor\u00e9enne\u00a0: La Cor\u00e9e du Nord menace"}]},{"@type":"WebSite","@id":"https:\/\/lasentinelle.dz\/#website","url":"https:\/\/lasentinelle.dz\/","name":"La Sentinelle","description":"Quotidien national d&#039;information","publisher":{"@id":"https:\/\/lasentinelle.dz\/#organization"},"potentialAction":[{"@type":"SearchAction","target":{"@type":"EntryPoint","urlTemplate":"https:\/\/lasentinelle.dz\/?s={search_term_string}"},"query-input":{"@type":"PropertyValueSpecification","valueRequired":true,"valueName":"search_term_string"}}],"inLanguage":"fr-FR"},{"@type":"Organization","@id":"https:\/\/lasentinelle.dz\/#organization","name":"Quotidien La Sentinelle","url":"https:\/\/lasentinelle.dz\/","logo":{"@type":"ImageObject","inLanguage":"fr-FR","@id":"https:\/\/lasentinelle.dz\/#\/schema\/logo\/image\/","url":"https:\/\/lasentinelle.dz\/wp-content\/uploads\/2021\/09\/logo-sentinelleSLOGAN-1.png","contentUrl":"https:\/\/lasentinelle.dz\/wp-content\/uploads\/2021\/09\/logo-sentinelleSLOGAN-1.png","width":615,"height":142,"caption":"Quotidien La Sentinelle"},"image":{"@id":"https:\/\/lasentinelle.dz\/#\/schema\/logo\/image\/"},"sameAs":["https:\/\/www.facebook.com\/La-Sentinelle-104059864394773"]},{"@type":"Person","@id":"https:\/\/lasentinelle.dz\/#\/schema\/person\/d865044e22e70a75174ce8bcad3acfb3","name":"La Sentinelle","image":{"@type":"ImageObject","inLanguage":"fr-FR","@id":"https:\/\/secure.gravatar.com\/avatar\/57de8e5d4b15d43fb361a71fbb36338450fe67865b528a43dd10ef7c51a20392?s=96&d=mm&r=g","url":"https:\/\/secure.gravatar.com\/avatar\/57de8e5d4b15d43fb361a71fbb36338450fe67865b528a43dd10ef7c51a20392?s=96&d=mm&r=g","contentUrl":"https:\/\/secure.gravatar.com\/avatar\/57de8e5d4b15d43fb361a71fbb36338450fe67865b528a43dd10ef7c51a20392?s=96&d=mm&r=g","caption":"La Sentinelle"},"sameAs":["http:\/\/www.lasentinelle.dz"],"url":"https:\/\/lasentinelle.dz\/author\/redaction\/"}]}},"_links":{"self":[{"href":"https:\/\/lasentinelle.dz\/index.php\/wp-json\/wp\/v2\/posts\/37434","targetHints":{"allow":["GET"]}}],"collection":[{"href":"https:\/\/lasentinelle.dz\/index.php\/wp-json\/wp\/v2\/posts"}],"about":[{"href":"https:\/\/lasentinelle.dz\/index.php\/wp-json\/wp\/v2\/types\/post"}],"author":[{"embeddable":true,"href":"https:\/\/lasentinelle.dz\/index.php\/wp-json\/wp\/v2\/users\/3"}],"replies":[{"embeddable":true,"href":"https:\/\/lasentinelle.dz\/index.php\/wp-json\/wp\/v2\/comments?post=37434"}],"version-history":[{"count":1,"href":"https:\/\/lasentinelle.dz\/index.php\/wp-json\/wp\/v2\/posts\/37434\/revisions"}],"predecessor-version":[{"id":37451,"href":"https:\/\/lasentinelle.dz\/index.php\/wp-json\/wp\/v2\/posts\/37434\/revisions\/37451"}],"wp:featuredmedia":[{"embeddable":true,"href":"https:\/\/lasentinelle.dz\/index.php\/wp-json\/wp\/v2\/media\/37447"}],"wp:attachment":[{"href":"https:\/\/lasentinelle.dz\/index.php\/wp-json\/wp\/v2\/media?parent=37434"}],"wp:term":[{"taxonomy":"category","embeddable":true,"href":"https:\/\/lasentinelle.dz\/index.php\/wp-json\/wp\/v2\/categories?post=37434"},{"taxonomy":"post_tag","embeddable":true,"href":"https:\/\/lasentinelle.dz\/index.php\/wp-json\/wp\/v2\/tags?post=37434"}],"curies":[{"name":"wp","href":"https:\/\/api.w.org\/{rel}","templated":true}]}}