{"id":37435,"date":"2023-03-07T22:00:00","date_gmt":"2023-03-07T21:00:00","guid":{"rendered":"https:\/\/lasentinelle.dz\/?p=37435"},"modified":"2023-03-07T18:38:14","modified_gmt":"2023-03-07T17:38:14","slug":"asie-xi-jinping-condamne-lendiguement-occidentaux-visant-la-chine","status":"publish","type":"post","link":"https:\/\/lasentinelle.dz\/index.php\/2023\/03\/07\/asie-xi-jinping-condamne-lendiguement-occidentaux-visant-la-chine\/","title":{"rendered":"Asie\u00a0: Xi Jinping condamne \u00abl&rsquo;endiguement\u00bb occidental visant la Chine"},"content":{"rendered":"\n<p>Le pr\u00e9sident chinois Xi Jinping a condamn\u00e9 lors d&rsquo;une session parlementaire \u00e0 P\u00e9kin \u00abl&rsquo;endiguement\u00bb et la \u00abr\u00e9pression\u00bb de son pays par les Occidentaux et notamment par les \u00c9tats-Unis, selon un m\u00e9dia d&rsquo;\u00c9tat. Les sujets de frictions se sont multipli\u00e9s ces derni\u00e8res ann\u00e9es, du traitement des musulmans ou\u00efghours au d\u00e9s\u00e9quilibre de la balance commerciale, en passant par Ta\u00efwan, la domination dans les technologies de pointe ou les accusations d&rsquo;espionnage. Elles se sont traduites par des sanctions occidentales et notamment am\u00e9ricaines visant la Chine, auxquelles P\u00e9kin a r\u00e9pliqu\u00e9. \u00abL&rsquo;environnement externe du d\u00e9veloppement de la Chine a connu des changements rapides. Les facteurs incertains et impr\u00e9visibles ont consid\u00e9rablement augment\u00e9\u00bb, a d\u00e9clar\u00e9 Xi Jinping selon un compte-rendu de l&rsquo;agence de presse Chine nouvelle publi\u00e9 lundi soir. \u00abDes pays occidentaux, men\u00e9s par les \u00c9tats-Unis, ont mis en \u0153uvre une politique d&rsquo;endiguement, d&rsquo;encerclement et de r\u00e9pression contre la Chine, ce qui a entra\u00een\u00e9 des d\u00e9fis sans pr\u00e9c\u00e9dent pour le d\u00e9veloppement de notre pays\u00bb, a-t-il ajout\u00e9. Le dirigeant de 69 ans, qui s&rsquo;appr\u00eate \u00e0 obtenir un in\u00e9dit troisi\u00e8me mandat pr\u00e9sidentiel dans quelques jours, s&rsquo;exprimait devant des membres d&rsquo;un comit\u00e9 consultatif durant la session parlementaire annuelle. Xi Jinping a par ailleurs d\u00e9clar\u00e9 que les cinq derni\u00e8res ann\u00e9es ont \u00e9t\u00e9 marqu\u00e9es par une nouvelle s\u00e9rie d&rsquo;obstacles, lesquels menacent de freiner l&rsquo;essor \u00e9conomique de la Chine. Les relations sino-am\u00e9ricaines ont connu une p\u00e9riode particuli\u00e8rement tendue le mois dernier, apr\u00e8s qu&rsquo;un a\u00e9rostat chinois a \u00e9t\u00e9 abattu par l&rsquo;arm\u00e9e am\u00e9ricaine car accus\u00e9 d&rsquo;espionner des installations militaires am\u00e9ricaines. L&rsquo;affaire a contraint le secr\u00e9taire d&rsquo;\u00c9tat am\u00e9ricain Antony Blinken \u00e0 reporter une visite en Chine qui aurait permis de d\u00e9samorcer certains sujets sensibles comme la position chinoise sur la guerre en Ukraine, la concurrence en mati\u00e8re de technologies et la question de Ta\u00efwan. La Chine et les \u00c9tats-Unis se livrent une bataille f\u00e9roce pour la fabrication des semi-conducteurs, les Am\u00e9ricains ayant perdu leur position dominante au profit du g\u00e9ant asiatique. Au nom d&rsquo;une menace suppos\u00e9e \u00e0 sa s\u00e9curit\u00e9 nationale, les \u00c9tats-Unis ont multipli\u00e9 ces derniers mois les sanctions \u00e0 l&rsquo;encontre des fabricants de puces chinois, d\u00e9sormais entrav\u00e9s pour s&rsquo;approvisionner en technologies am\u00e9ricaines. Les visites de parlementaires occidentaux, notamment am\u00e9ricains, \u00e0 Ta\u00efwan, \u00eele dont P\u00e9kin revendique la souverainet\u00e9 et entend rattacher \u00e0 la Chine continentale, a \u00e9galement contribu\u00e9 \u00e0 tendre les relations.<\/p>\n\n\n\n<p>R.I.<\/p>\n","protected":false},"excerpt":{"rendered":"<p>Le pr\u00e9sident chinois Xi Jinping a condamn\u00e9 lors d&rsquo;une session parlementaire \u00e0 P\u00e9kin \u00abl&rsquo;endiguement\u00bb et la \u00abr\u00e9pression\u00bb de son pays<\/p>\n","protected":false},"author":3,"featured_media":37448,"comment_status":"open","ping_status":"closed","sticky":false,"template":"","format":"standard","meta":{"colormag_page_container_layout":"default_layout","colormag_page_sidebar_layout":"default_layout","om_disable_all_campaigns":false,"_monsterinsights_skip_tracking":false,"_monsterinsights_sitenote_active":false,"_monsterinsights_sitenote_note":"","_monsterinsights_sitenote_category":0,"footnotes":"","_wpscppro_dont_share_socialmedia":false,"_wpscppro_custom_social_share_image":0,"_facebook_share_type":"","_twitter_share_type":"","_linkedin_share_type":"","_pinterest_share_type":"","_linkedin_share_type_page":"","_instagram_share_type":"","_medium_share_type":"","_threads_share_type":"","_google_business_share_type":"","_selected_social_profile":[],"_wpsp_enable_custom_social_template":false,"_wpsp_social_scheduling":{"enabled":false,"datetime":null,"platforms":[],"status":"template_only","dateOption":"today","timeOption":"now","customDays":"","customHours":"","customDate":"","customTime":"","schedulingType":"absolute"},"_wpsp_active_default_template":true},"categories":[37],"tags":[],"class_list":["post-37435","post","type-post","status-publish","format-standard","has-post-thumbnail","hentry","category-monde"],"aioseo_notices":[],"yoast_head":"<!-- This site is optimized with the Yoast SEO plugin v27.5 - https:\/\/yoast.com\/product\/yoast-seo-wordpress\/ -->\n<title>Asie\u00a0: Xi Jinping condamne \u00abl&rsquo;endiguement\u00bb occidental visant la Chine - La Sentinelle<\/title>\n<meta name=\"robots\" content=\"index, follow, max-snippet:-1, max-image-preview:large, max-video-preview:-1\" \/>\n<link rel=\"canonical\" href=\"https:\/\/lasentinelle.dz\/index.php\/2023\/03\/07\/asie-xi-jinping-condamne-lendiguement-occidentaux-visant-la-chine\/\" \/>\n<meta property=\"og:locale\" content=\"fr_FR\" \/>\n<meta property=\"og:type\" content=\"article\" \/>\n<meta property=\"og:title\" content=\"Asie\u00a0: Xi Jinping condamne \u00abl&rsquo;endiguement\u00bb occidental visant la Chine - La Sentinelle\" \/>\n<meta property=\"og:description\" content=\"Le pr\u00e9sident chinois Xi Jinping a condamn\u00e9 lors d&rsquo;une session parlementaire \u00e0 P\u00e9kin \u00abl&rsquo;endiguement\u00bb et la \u00abr\u00e9pression\u00bb de son pays\" \/>\n<meta property=\"og:url\" content=\"https:\/\/lasentinelle.dz\/index.php\/2023\/03\/07\/asie-xi-jinping-condamne-lendiguement-occidentaux-visant-la-chine\/\" \/>\n<meta property=\"og:site_name\" content=\"La Sentinelle\" \/>\n<meta property=\"article:publisher\" content=\"https:\/\/www.facebook.com\/La-Sentinelle-104059864394773\" \/>\n<meta property=\"article:published_time\" content=\"2023-03-07T21:00:00+00:00\" \/>\n<meta property=\"og:image\" content=\"https:\/\/lasentinelle.dz\/wp-content\/uploads\/2023\/03\/image_2023-03-07_180422423.png\" \/>\n\t<meta property=\"og:image:width\" content=\"768\" \/>\n\t<meta property=\"og:image:height\" content=\"511\" \/>\n\t<meta property=\"og:image:type\" content=\"image\/png\" \/>\n<meta name=\"author\" content=\"La Sentinelle\" \/>\n<meta name=\"twitter:card\" content=\"summary_large_image\" \/>\n<meta name=\"twitter:label1\" content=\"\u00c9crit par\" \/>\n\t<meta name=\"twitter:data1\" content=\"La Sentinelle\" \/>\n\t<meta name=\"twitter:label2\" content=\"Dur\u00e9e de lecture estim\u00e9e\" \/>\n\t<meta name=\"twitter:data2\" content=\"2 minutes\" \/>\n<script type=\"application\/ld+json\" class=\"yoast-schema-graph\">{\"@context\":\"https:\\\/\\\/schema.org\",\"@graph\":[{\"@type\":\"Article\",\"@id\":\"https:\\\/\\\/lasentinelle.dz\\\/index.php\\\/2023\\\/03\\\/07\\\/asie-xi-jinping-condamne-lendiguement-occidentaux-visant-la-chine\\\/#article\",\"isPartOf\":{\"@id\":\"https:\\\/\\\/lasentinelle.dz\\\/index.php\\\/2023\\\/03\\\/07\\\/asie-xi-jinping-condamne-lendiguement-occidentaux-visant-la-chine\\\/\"},\"author\":{\"name\":\"La Sentinelle\",\"@id\":\"https:\\\/\\\/lasentinelle.dz\\\/#\\\/schema\\\/person\\\/d865044e22e70a75174ce8bcad3acfb3\"},\"headline\":\"Asie\u00a0: Xi Jinping condamne \u00abl&rsquo;endiguement\u00bb occidental visant la Chine\",\"datePublished\":\"2023-03-07T21:00:00+00:00\",\"mainEntityOfPage\":{\"@id\":\"https:\\\/\\\/lasentinelle.dz\\\/index.php\\\/2023\\\/03\\\/07\\\/asie-xi-jinping-condamne-lendiguement-occidentaux-visant-la-chine\\\/\"},\"wordCount\":459,\"commentCount\":0,\"publisher\":{\"@id\":\"https:\\\/\\\/lasentinelle.dz\\\/#organization\"},\"image\":{\"@id\":\"https:\\\/\\\/lasentinelle.dz\\\/index.php\\\/2023\\\/03\\\/07\\\/asie-xi-jinping-condamne-lendiguement-occidentaux-visant-la-chine\\\/#primaryimage\"},\"thumbnailUrl\":\"https:\\\/\\\/lasentinelle.dz\\\/wp-content\\\/uploads\\\/2023\\\/03\\\/image_2023-03-07_180422423.png\",\"articleSection\":[\"Monde\"],\"inLanguage\":\"fr-FR\",\"potentialAction\":[{\"@type\":\"CommentAction\",\"name\":\"Comment\",\"target\":[\"https:\\\/\\\/lasentinelle.dz\\\/index.php\\\/2023\\\/03\\\/07\\\/asie-xi-jinping-condamne-lendiguement-occidentaux-visant-la-chine\\\/#respond\"]}]},{\"@type\":\"WebPage\",\"@id\":\"https:\\\/\\\/lasentinelle.dz\\\/index.php\\\/2023\\\/03\\\/07\\\/asie-xi-jinping-condamne-lendiguement-occidentaux-visant-la-chine\\\/\",\"url\":\"https:\\\/\\\/lasentinelle.dz\\\/index.php\\\/2023\\\/03\\\/07\\\/asie-xi-jinping-condamne-lendiguement-occidentaux-visant-la-chine\\\/\",\"name\":\"Asie\u00a0: Xi Jinping condamne \u00abl&rsquo;endiguement\u00bb occidental visant la Chine - La Sentinelle\",\"isPartOf\":{\"@id\":\"https:\\\/\\\/lasentinelle.dz\\\/#website\"},\"primaryImageOfPage\":{\"@id\":\"https:\\\/\\\/lasentinelle.dz\\\/index.php\\\/2023\\\/03\\\/07\\\/asie-xi-jinping-condamne-lendiguement-occidentaux-visant-la-chine\\\/#primaryimage\"},\"image\":{\"@id\":\"https:\\\/\\\/lasentinelle.dz\\\/index.php\\\/2023\\\/03\\\/07\\\/asie-xi-jinping-condamne-lendiguement-occidentaux-visant-la-chine\\\/#primaryimage\"},\"thumbnailUrl\":\"https:\\\/\\\/lasentinelle.dz\\\/wp-content\\\/uploads\\\/2023\\\/03\\\/image_2023-03-07_180422423.png\",\"datePublished\":\"2023-03-07T21:00:00+00:00\",\"breadcrumb\":{\"@id\":\"https:\\\/\\\/lasentinelle.dz\\\/index.php\\\/2023\\\/03\\\/07\\\/asie-xi-jinping-condamne-lendiguement-occidentaux-visant-la-chine\\\/#breadcrumb\"},\"inLanguage\":\"fr-FR\",\"potentialAction\":[{\"@type\":\"ReadAction\",\"target\":[\"https:\\\/\\\/lasentinelle.dz\\\/index.php\\\/2023\\\/03\\\/07\\\/asie-xi-jinping-condamne-lendiguement-occidentaux-visant-la-chine\\\/\"]}]},{\"@type\":\"ImageObject\",\"inLanguage\":\"fr-FR\",\"@id\":\"https:\\\/\\\/lasentinelle.dz\\\/index.php\\\/2023\\\/03\\\/07\\\/asie-xi-jinping-condamne-lendiguement-occidentaux-visant-la-chine\\\/#primaryimage\",\"url\":\"https:\\\/\\\/lasentinelle.dz\\\/wp-content\\\/uploads\\\/2023\\\/03\\\/image_2023-03-07_180422423.png\",\"contentUrl\":\"https:\\\/\\\/lasentinelle.dz\\\/wp-content\\\/uploads\\\/2023\\\/03\\\/image_2023-03-07_180422423.png\",\"width\":768,\"height\":511},{\"@type\":\"BreadcrumbList\",\"@id\":\"https:\\\/\\\/lasentinelle.dz\\\/index.php\\\/2023\\\/03\\\/07\\\/asie-xi-jinping-condamne-lendiguement-occidentaux-visant-la-chine\\\/#breadcrumb\",\"itemListElement\":[{\"@type\":\"ListItem\",\"position\":1,\"name\":\"Accueil\",\"item\":\"https:\\\/\\\/lasentinelle.dz\\\/\"},{\"@type\":\"ListItem\",\"position\":2,\"name\":\"Asie\u00a0: Xi Jinping condamne \u00abl&rsquo;endiguement\u00bb occidental visant la Chine\"}]},{\"@type\":\"WebSite\",\"@id\":\"https:\\\/\\\/lasentinelle.dz\\\/#website\",\"url\":\"https:\\\/\\\/lasentinelle.dz\\\/\",\"name\":\"La Sentinelle\",\"description\":\"Quotidien national d&#039;information\",\"publisher\":{\"@id\":\"https:\\\/\\\/lasentinelle.dz\\\/#organization\"},\"potentialAction\":[{\"@type\":\"SearchAction\",\"target\":{\"@type\":\"EntryPoint\",\"urlTemplate\":\"https:\\\/\\\/lasentinelle.dz\\\/?s={search_term_string}\"},\"query-input\":{\"@type\":\"PropertyValueSpecification\",\"valueRequired\":true,\"valueName\":\"search_term_string\"}}],\"inLanguage\":\"fr-FR\"},{\"@type\":\"Organization\",\"@id\":\"https:\\\/\\\/lasentinelle.dz\\\/#organization\",\"name\":\"Quotidien La Sentinelle\",\"url\":\"https:\\\/\\\/lasentinelle.dz\\\/\",\"logo\":{\"@type\":\"ImageObject\",\"inLanguage\":\"fr-FR\",\"@id\":\"https:\\\/\\\/lasentinelle.dz\\\/#\\\/schema\\\/logo\\\/image\\\/\",\"url\":\"https:\\\/\\\/lasentinelle.dz\\\/wp-content\\\/uploads\\\/2021\\\/09\\\/logo-sentinelleSLOGAN-1.png\",\"contentUrl\":\"https:\\\/\\\/lasentinelle.dz\\\/wp-content\\\/uploads\\\/2021\\\/09\\\/logo-sentinelleSLOGAN-1.png\",\"width\":615,\"height\":142,\"caption\":\"Quotidien La Sentinelle\"},\"image\":{\"@id\":\"https:\\\/\\\/lasentinelle.dz\\\/#\\\/schema\\\/logo\\\/image\\\/\"},\"sameAs\":[\"https:\\\/\\\/www.facebook.com\\\/La-Sentinelle-104059864394773\"]},{\"@type\":\"Person\",\"@id\":\"https:\\\/\\\/lasentinelle.dz\\\/#\\\/schema\\\/person\\\/d865044e22e70a75174ce8bcad3acfb3\",\"name\":\"La Sentinelle\",\"image\":{\"@type\":\"ImageObject\",\"inLanguage\":\"fr-FR\",\"@id\":\"https:\\\/\\\/secure.gravatar.com\\\/avatar\\\/57de8e5d4b15d43fb361a71fbb36338450fe67865b528a43dd10ef7c51a20392?s=96&d=mm&r=g\",\"url\":\"https:\\\/\\\/secure.gravatar.com\\\/avatar\\\/57de8e5d4b15d43fb361a71fbb36338450fe67865b528a43dd10ef7c51a20392?s=96&d=mm&r=g\",\"contentUrl\":\"https:\\\/\\\/secure.gravatar.com\\\/avatar\\\/57de8e5d4b15d43fb361a71fbb36338450fe67865b528a43dd10ef7c51a20392?s=96&d=mm&r=g\",\"caption\":\"La Sentinelle\"},\"sameAs\":[\"http:\\\/\\\/www.lasentinelle.dz\"],\"url\":\"https:\\\/\\\/lasentinelle.dz\\\/author\\\/redaction\\\/\"}]}<\/script>\n<!-- \/ Yoast SEO plugin. -->","yoast_head_json":{"title":"Asie\u00a0: Xi Jinping condamne \u00abl&rsquo;endiguement\u00bb occidental visant la Chine - La Sentinelle","robots":{"index":"index","follow":"follow","max-snippet":"max-snippet:-1","max-image-preview":"max-image-preview:large","max-video-preview":"max-video-preview:-1"},"canonical":"https:\/\/lasentinelle.dz\/index.php\/2023\/03\/07\/asie-xi-jinping-condamne-lendiguement-occidentaux-visant-la-chine\/","og_locale":"fr_FR","og_type":"article","og_title":"Asie\u00a0: Xi Jinping condamne \u00abl&rsquo;endiguement\u00bb occidental visant la Chine - La Sentinelle","og_description":"Le pr\u00e9sident chinois Xi Jinping a condamn\u00e9 lors d&rsquo;une session parlementaire \u00e0 P\u00e9kin \u00abl&rsquo;endiguement\u00bb et la \u00abr\u00e9pression\u00bb de son pays","og_url":"https:\/\/lasentinelle.dz\/index.php\/2023\/03\/07\/asie-xi-jinping-condamne-lendiguement-occidentaux-visant-la-chine\/","og_site_name":"La Sentinelle","article_publisher":"https:\/\/www.facebook.com\/La-Sentinelle-104059864394773","article_published_time":"2023-03-07T21:00:00+00:00","og_image":[{"width":768,"height":511,"url":"https:\/\/lasentinelle.dz\/wp-content\/uploads\/2023\/03\/image_2023-03-07_180422423.png","type":"image\/png"}],"author":"La Sentinelle","twitter_card":"summary_large_image","twitter_misc":{"\u00c9crit par":"La Sentinelle","Dur\u00e9e de lecture estim\u00e9e":"2 minutes"},"schema":{"@context":"https:\/\/schema.org","@graph":[{"@type":"Article","@id":"https:\/\/lasentinelle.dz\/index.php\/2023\/03\/07\/asie-xi-jinping-condamne-lendiguement-occidentaux-visant-la-chine\/#article","isPartOf":{"@id":"https:\/\/lasentinelle.dz\/index.php\/2023\/03\/07\/asie-xi-jinping-condamne-lendiguement-occidentaux-visant-la-chine\/"},"author":{"name":"La Sentinelle","@id":"https:\/\/lasentinelle.dz\/#\/schema\/person\/d865044e22e70a75174ce8bcad3acfb3"},"headline":"Asie\u00a0: Xi Jinping condamne \u00abl&rsquo;endiguement\u00bb occidental visant la Chine","datePublished":"2023-03-07T21:00:00+00:00","mainEntityOfPage":{"@id":"https:\/\/lasentinelle.dz\/index.php\/2023\/03\/07\/asie-xi-jinping-condamne-lendiguement-occidentaux-visant-la-chine\/"},"wordCount":459,"commentCount":0,"publisher":{"@id":"https:\/\/lasentinelle.dz\/#organization"},"image":{"@id":"https:\/\/lasentinelle.dz\/index.php\/2023\/03\/07\/asie-xi-jinping-condamne-lendiguement-occidentaux-visant-la-chine\/#primaryimage"},"thumbnailUrl":"https:\/\/lasentinelle.dz\/wp-content\/uploads\/2023\/03\/image_2023-03-07_180422423.png","articleSection":["Monde"],"inLanguage":"fr-FR","potentialAction":[{"@type":"CommentAction","name":"Comment","target":["https:\/\/lasentinelle.dz\/index.php\/2023\/03\/07\/asie-xi-jinping-condamne-lendiguement-occidentaux-visant-la-chine\/#respond"]}]},{"@type":"WebPage","@id":"https:\/\/lasentinelle.dz\/index.php\/2023\/03\/07\/asie-xi-jinping-condamne-lendiguement-occidentaux-visant-la-chine\/","url":"https:\/\/lasentinelle.dz\/index.php\/2023\/03\/07\/asie-xi-jinping-condamne-lendiguement-occidentaux-visant-la-chine\/","name":"Asie\u00a0: Xi Jinping condamne \u00abl&rsquo;endiguement\u00bb occidental visant la Chine - La Sentinelle","isPartOf":{"@id":"https:\/\/lasentinelle.dz\/#website"},"primaryImageOfPage":{"@id":"https:\/\/lasentinelle.dz\/index.php\/2023\/03\/07\/asie-xi-jinping-condamne-lendiguement-occidentaux-visant-la-chine\/#primaryimage"},"image":{"@id":"https:\/\/lasentinelle.dz\/index.php\/2023\/03\/07\/asie-xi-jinping-condamne-lendiguement-occidentaux-visant-la-chine\/#primaryimage"},"thumbnailUrl":"https:\/\/lasentinelle.dz\/wp-content\/uploads\/2023\/03\/image_2023-03-07_180422423.png","datePublished":"2023-03-07T21:00:00+00:00","breadcrumb":{"@id":"https:\/\/lasentinelle.dz\/index.php\/2023\/03\/07\/asie-xi-jinping-condamne-lendiguement-occidentaux-visant-la-chine\/#breadcrumb"},"inLanguage":"fr-FR","potentialAction":[{"@type":"ReadAction","target":["https:\/\/lasentinelle.dz\/index.php\/2023\/03\/07\/asie-xi-jinping-condamne-lendiguement-occidentaux-visant-la-chine\/"]}]},{"@type":"ImageObject","inLanguage":"fr-FR","@id":"https:\/\/lasentinelle.dz\/index.php\/2023\/03\/07\/asie-xi-jinping-condamne-lendiguement-occidentaux-visant-la-chine\/#primaryimage","url":"https:\/\/lasentinelle.dz\/wp-content\/uploads\/2023\/03\/image_2023-03-07_180422423.png","contentUrl":"https:\/\/lasentinelle.dz\/wp-content\/uploads\/2023\/03\/image_2023-03-07_180422423.png","width":768,"height":511},{"@type":"BreadcrumbList","@id":"https:\/\/lasentinelle.dz\/index.php\/2023\/03\/07\/asie-xi-jinping-condamne-lendiguement-occidentaux-visant-la-chine\/#breadcrumb","itemListElement":[{"@type":"ListItem","position":1,"name":"Accueil","item":"https:\/\/lasentinelle.dz\/"},{"@type":"ListItem","position":2,"name":"Asie\u00a0: Xi Jinping condamne \u00abl&rsquo;endiguement\u00bb occidental visant la Chine"}]},{"@type":"WebSite","@id":"https:\/\/lasentinelle.dz\/#website","url":"https:\/\/lasentinelle.dz\/","name":"La Sentinelle","description":"Quotidien national d&#039;information","publisher":{"@id":"https:\/\/lasentinelle.dz\/#organization"},"potentialAction":[{"@type":"SearchAction","target":{"@type":"EntryPoint","urlTemplate":"https:\/\/lasentinelle.dz\/?s={search_term_string}"},"query-input":{"@type":"PropertyValueSpecification","valueRequired":true,"valueName":"search_term_string"}}],"inLanguage":"fr-FR"},{"@type":"Organization","@id":"https:\/\/lasentinelle.dz\/#organization","name":"Quotidien La Sentinelle","url":"https:\/\/lasentinelle.dz\/","logo":{"@type":"ImageObject","inLanguage":"fr-FR","@id":"https:\/\/lasentinelle.dz\/#\/schema\/logo\/image\/","url":"https:\/\/lasentinelle.dz\/wp-content\/uploads\/2021\/09\/logo-sentinelleSLOGAN-1.png","contentUrl":"https:\/\/lasentinelle.dz\/wp-content\/uploads\/2021\/09\/logo-sentinelleSLOGAN-1.png","width":615,"height":142,"caption":"Quotidien La Sentinelle"},"image":{"@id":"https:\/\/lasentinelle.dz\/#\/schema\/logo\/image\/"},"sameAs":["https:\/\/www.facebook.com\/La-Sentinelle-104059864394773"]},{"@type":"Person","@id":"https:\/\/lasentinelle.dz\/#\/schema\/person\/d865044e22e70a75174ce8bcad3acfb3","name":"La Sentinelle","image":{"@type":"ImageObject","inLanguage":"fr-FR","@id":"https:\/\/secure.gravatar.com\/avatar\/57de8e5d4b15d43fb361a71fbb36338450fe67865b528a43dd10ef7c51a20392?s=96&d=mm&r=g","url":"https:\/\/secure.gravatar.com\/avatar\/57de8e5d4b15d43fb361a71fbb36338450fe67865b528a43dd10ef7c51a20392?s=96&d=mm&r=g","contentUrl":"https:\/\/secure.gravatar.com\/avatar\/57de8e5d4b15d43fb361a71fbb36338450fe67865b528a43dd10ef7c51a20392?s=96&d=mm&r=g","caption":"La Sentinelle"},"sameAs":["http:\/\/www.lasentinelle.dz"],"url":"https:\/\/lasentinelle.dz\/author\/redaction\/"}]}},"_links":{"self":[{"href":"https:\/\/lasentinelle.dz\/index.php\/wp-json\/wp\/v2\/posts\/37435","targetHints":{"allow":["GET"]}}],"collection":[{"href":"https:\/\/lasentinelle.dz\/index.php\/wp-json\/wp\/v2\/posts"}],"about":[{"href":"https:\/\/lasentinelle.dz\/index.php\/wp-json\/wp\/v2\/types\/post"}],"author":[{"embeddable":true,"href":"https:\/\/lasentinelle.dz\/index.php\/wp-json\/wp\/v2\/users\/3"}],"replies":[{"embeddable":true,"href":"https:\/\/lasentinelle.dz\/index.php\/wp-json\/wp\/v2\/comments?post=37435"}],"version-history":[{"count":2,"href":"https:\/\/lasentinelle.dz\/index.php\/wp-json\/wp\/v2\/posts\/37435\/revisions"}],"predecessor-version":[{"id":37469,"href":"https:\/\/lasentinelle.dz\/index.php\/wp-json\/wp\/v2\/posts\/37435\/revisions\/37469"}],"wp:featuredmedia":[{"embeddable":true,"href":"https:\/\/lasentinelle.dz\/index.php\/wp-json\/wp\/v2\/media\/37448"}],"wp:attachment":[{"href":"https:\/\/lasentinelle.dz\/index.php\/wp-json\/wp\/v2\/media?parent=37435"}],"wp:term":[{"taxonomy":"category","embeddable":true,"href":"https:\/\/lasentinelle.dz\/index.php\/wp-json\/wp\/v2\/categories?post=37435"},{"taxonomy":"post_tag","embeddable":true,"href":"https:\/\/lasentinelle.dz\/index.php\/wp-json\/wp\/v2\/tags?post=37435"}],"curies":[{"name":"wp","href":"https:\/\/api.w.org\/{rel}","templated":true}]}}