{"id":37436,"date":"2023-03-07T22:00:00","date_gmt":"2023-03-07T21:00:00","guid":{"rendered":"https:\/\/lasentinelle.dz\/?p=37436"},"modified":"2023-03-07T18:06:51","modified_gmt":"2023-03-07T17:06:51","slug":"prisons-sionistes-les-detenus-palestiniens-poursuivent-leur-mouvement-de-desobeissance","status":"publish","type":"post","link":"https:\/\/lasentinelle.dz\/index.php\/2023\/03\/07\/prisons-sionistes-les-detenus-palestiniens-poursuivent-leur-mouvement-de-desobeissance\/","title":{"rendered":"Prisons sionistes\u00a0: Les d\u00e9tenus palestiniens poursuivent leur mouvement de d\u00e9sob\u00e9issance\u00a0\u00a0\u00a0"},"content":{"rendered":"\n<p>Les d\u00e9tenus palestiniens poursuivaient mardi pour le 22\u00e8me jour cons\u00e9cutif, la \u00ab\u00a0d\u00e9sob\u00e9issance\u00a0\u00bb collective contre l&rsquo;administration p\u00e9nitentiaire de&nbsp;&nbsp; l&rsquo;occupation sioniste qui avait annonc\u00e9 le d\u00e9but de l&rsquo;application de mesures arbitraires visant \u00e0 les harceler, rapporte l&rsquo;agence palestinienne&nbsp;&nbsp; de presse, Wafa. Selon la Commission palestinienne des affaires des d\u00e9tenus, cit\u00e9e par Wafa, le mouvement de d\u00e9sob\u00e9issance qui a d\u00e9but\u00e9 le 14 f\u00e9vrier dernier, va d\u00e9g\u00e9n\u00e9rer en une gr\u00e8ve de la faim illimit\u00e9e \u00e0 partir du premier jour du mois du Ramadan.&nbsp; Fin f\u00e9vrier, le Comit\u00e9 supr\u00eame d&rsquo;urgence du Mouvement national des prisonniers, avait fait savoir que les d\u00e9marches initi\u00e9es par les&nbsp; prisonniers palestiniens dans les ge\u00f4les de l&rsquo;occupation \u00ab\u00a0ne s&rsquo;arr\u00eateront pas tant que leur libert\u00e9 ne sera pas obtenue\u00a0\u00bb. L&rsquo;occupation avait adopt\u00e9 de nouvelles mesures. Ainsi, par exemple, \u00ab\u00a0la&nbsp;&nbsp; p\u00e9riode pendant laquelle les d\u00e9tenus peuvent se doucher sera r\u00e9duite, de&nbsp;&nbsp; sorte que chaque section dispose d&rsquo;une heure pendant la journ\u00e9e, en plus de&nbsp;&nbsp; la r\u00e9duction de la quantit\u00e9 d&rsquo;eau\u00a0\u00bb. Le nombre de prisonniers et d\u00e9tenus palestiniens atteignait fin janvier dernier environ 4.780, dont 29 femmes, environ 160 mineurs et 914 d\u00e9tenus&nbsp;&nbsp; administratifs, selon les organisations en charge du dossier des&nbsp; prisonniers.<\/p>\n\n\n\n<p>APS&nbsp;&nbsp;&nbsp;&nbsp;&nbsp;&nbsp;&nbsp;&nbsp;&nbsp;&nbsp;&nbsp;&nbsp;&nbsp;&nbsp;&nbsp; &nbsp;&nbsp;<\/p>\n","protected":false},"excerpt":{"rendered":"<p>Les d\u00e9tenus palestiniens poursuivaient mardi pour le 22\u00e8me jour cons\u00e9cutif, la \u00ab\u00a0d\u00e9sob\u00e9issance\u00a0\u00bb collective contre l&rsquo;administration p\u00e9nitentiaire de&nbsp;&nbsp; l&rsquo;occupation sioniste qui<\/p>\n","protected":false},"author":3,"featured_media":37449,"comment_status":"open","ping_status":"closed","sticky":false,"template":"","format":"standard","meta":{"colormag_page_container_layout":"default_layout","colormag_page_sidebar_layout":"default_layout","om_disable_all_campaigns":false,"_monsterinsights_skip_tracking":false,"_monsterinsights_sitenote_active":false,"_monsterinsights_sitenote_note":"","_monsterinsights_sitenote_category":0,"footnotes":"","_wpscppro_dont_share_socialmedia":false,"_wpscppro_custom_social_share_image":0,"_facebook_share_type":"","_twitter_share_type":"","_linkedin_share_type":"","_pinterest_share_type":"","_linkedin_share_type_page":"","_instagram_share_type":"","_medium_share_type":"","_threads_share_type":"","_google_business_share_type":"","_selected_social_profile":[],"_wpsp_enable_custom_social_template":false,"_wpsp_social_scheduling":{"enabled":false,"datetime":null,"platforms":[],"status":"template_only","dateOption":"today","timeOption":"now","customDays":"","customHours":"","customDate":"","customTime":"","schedulingType":"absolute"},"_wpsp_active_default_template":true},"categories":[37],"tags":[],"class_list":["post-37436","post","type-post","status-publish","format-standard","has-post-thumbnail","hentry","category-monde"],"aioseo_notices":[],"yoast_head":"<!-- This site is optimized with the Yoast SEO plugin v27.5 - https:\/\/yoast.com\/product\/yoast-seo-wordpress\/ -->\n<title>Prisons sionistes\u00a0: Les d\u00e9tenus palestiniens poursuivent leur mouvement de d\u00e9sob\u00e9issance\u00a0\u00a0\u00a0 - La Sentinelle<\/title>\n<meta name=\"robots\" content=\"index, follow, max-snippet:-1, max-image-preview:large, max-video-preview:-1\" \/>\n<link rel=\"canonical\" href=\"https:\/\/lasentinelle.dz\/index.php\/2023\/03\/07\/prisons-sionistes-les-detenus-palestiniens-poursuivent-leur-mouvement-de-desobeissance\/\" \/>\n<meta property=\"og:locale\" content=\"fr_FR\" \/>\n<meta property=\"og:type\" content=\"article\" \/>\n<meta property=\"og:title\" content=\"Prisons sionistes\u00a0: Les d\u00e9tenus palestiniens poursuivent leur mouvement de d\u00e9sob\u00e9issance\u00a0\u00a0\u00a0 - La Sentinelle\" \/>\n<meta property=\"og:description\" content=\"Les d\u00e9tenus palestiniens poursuivaient mardi pour le 22\u00e8me jour cons\u00e9cutif, la \u00ab\u00a0d\u00e9sob\u00e9issance\u00a0\u00bb collective contre l&rsquo;administration p\u00e9nitentiaire de&nbsp;&nbsp; l&rsquo;occupation sioniste qui\" \/>\n<meta property=\"og:url\" content=\"https:\/\/lasentinelle.dz\/index.php\/2023\/03\/07\/prisons-sionistes-les-detenus-palestiniens-poursuivent-leur-mouvement-de-desobeissance\/\" \/>\n<meta property=\"og:site_name\" content=\"La Sentinelle\" \/>\n<meta property=\"article:publisher\" content=\"https:\/\/www.facebook.com\/La-Sentinelle-104059864394773\" \/>\n<meta property=\"article:published_time\" content=\"2023-03-07T21:00:00+00:00\" \/>\n<meta property=\"og:image\" content=\"https:\/\/lasentinelle.dz\/wp-content\/uploads\/2023\/03\/image_2023-03-07_180502388.png\" \/>\n\t<meta property=\"og:image:width\" content=\"1000\" \/>\n\t<meta property=\"og:image:height\" content=\"667\" \/>\n\t<meta property=\"og:image:type\" content=\"image\/png\" \/>\n<meta name=\"author\" content=\"La Sentinelle\" \/>\n<meta name=\"twitter:card\" content=\"summary_large_image\" \/>\n<meta name=\"twitter:label1\" content=\"\u00c9crit par\" \/>\n\t<meta name=\"twitter:data1\" content=\"La Sentinelle\" \/>\n\t<meta name=\"twitter:label2\" content=\"Dur\u00e9e de lecture estim\u00e9e\" \/>\n\t<meta name=\"twitter:data2\" content=\"1 minute\" \/>\n<script type=\"application\/ld+json\" class=\"yoast-schema-graph\">{\"@context\":\"https:\\\/\\\/schema.org\",\"@graph\":[{\"@type\":\"Article\",\"@id\":\"https:\\\/\\\/lasentinelle.dz\\\/index.php\\\/2023\\\/03\\\/07\\\/prisons-sionistes-les-detenus-palestiniens-poursuivent-leur-mouvement-de-desobeissance\\\/#article\",\"isPartOf\":{\"@id\":\"https:\\\/\\\/lasentinelle.dz\\\/index.php\\\/2023\\\/03\\\/07\\\/prisons-sionistes-les-detenus-palestiniens-poursuivent-leur-mouvement-de-desobeissance\\\/\"},\"author\":{\"name\":\"La Sentinelle\",\"@id\":\"https:\\\/\\\/lasentinelle.dz\\\/#\\\/schema\\\/person\\\/d865044e22e70a75174ce8bcad3acfb3\"},\"headline\":\"Prisons sionistes\u00a0: Les d\u00e9tenus palestiniens poursuivent leur mouvement de d\u00e9sob\u00e9issance\u00a0\u00a0\u00a0\",\"datePublished\":\"2023-03-07T21:00:00+00:00\",\"mainEntityOfPage\":{\"@id\":\"https:\\\/\\\/lasentinelle.dz\\\/index.php\\\/2023\\\/03\\\/07\\\/prisons-sionistes-les-detenus-palestiniens-poursuivent-leur-mouvement-de-desobeissance\\\/\"},\"wordCount\":268,\"commentCount\":0,\"publisher\":{\"@id\":\"https:\\\/\\\/lasentinelle.dz\\\/#organization\"},\"image\":{\"@id\":\"https:\\\/\\\/lasentinelle.dz\\\/index.php\\\/2023\\\/03\\\/07\\\/prisons-sionistes-les-detenus-palestiniens-poursuivent-leur-mouvement-de-desobeissance\\\/#primaryimage\"},\"thumbnailUrl\":\"https:\\\/\\\/lasentinelle.dz\\\/wp-content\\\/uploads\\\/2023\\\/03\\\/image_2023-03-07_180502388.png\",\"articleSection\":[\"Monde\"],\"inLanguage\":\"fr-FR\",\"potentialAction\":[{\"@type\":\"CommentAction\",\"name\":\"Comment\",\"target\":[\"https:\\\/\\\/lasentinelle.dz\\\/index.php\\\/2023\\\/03\\\/07\\\/prisons-sionistes-les-detenus-palestiniens-poursuivent-leur-mouvement-de-desobeissance\\\/#respond\"]}]},{\"@type\":\"WebPage\",\"@id\":\"https:\\\/\\\/lasentinelle.dz\\\/index.php\\\/2023\\\/03\\\/07\\\/prisons-sionistes-les-detenus-palestiniens-poursuivent-leur-mouvement-de-desobeissance\\\/\",\"url\":\"https:\\\/\\\/lasentinelle.dz\\\/index.php\\\/2023\\\/03\\\/07\\\/prisons-sionistes-les-detenus-palestiniens-poursuivent-leur-mouvement-de-desobeissance\\\/\",\"name\":\"Prisons sionistes\u00a0: Les d\u00e9tenus palestiniens poursuivent leur mouvement de d\u00e9sob\u00e9issance\u00a0\u00a0\u00a0 - La Sentinelle\",\"isPartOf\":{\"@id\":\"https:\\\/\\\/lasentinelle.dz\\\/#website\"},\"primaryImageOfPage\":{\"@id\":\"https:\\\/\\\/lasentinelle.dz\\\/index.php\\\/2023\\\/03\\\/07\\\/prisons-sionistes-les-detenus-palestiniens-poursuivent-leur-mouvement-de-desobeissance\\\/#primaryimage\"},\"image\":{\"@id\":\"https:\\\/\\\/lasentinelle.dz\\\/index.php\\\/2023\\\/03\\\/07\\\/prisons-sionistes-les-detenus-palestiniens-poursuivent-leur-mouvement-de-desobeissance\\\/#primaryimage\"},\"thumbnailUrl\":\"https:\\\/\\\/lasentinelle.dz\\\/wp-content\\\/uploads\\\/2023\\\/03\\\/image_2023-03-07_180502388.png\",\"datePublished\":\"2023-03-07T21:00:00+00:00\",\"breadcrumb\":{\"@id\":\"https:\\\/\\\/lasentinelle.dz\\\/index.php\\\/2023\\\/03\\\/07\\\/prisons-sionistes-les-detenus-palestiniens-poursuivent-leur-mouvement-de-desobeissance\\\/#breadcrumb\"},\"inLanguage\":\"fr-FR\",\"potentialAction\":[{\"@type\":\"ReadAction\",\"target\":[\"https:\\\/\\\/lasentinelle.dz\\\/index.php\\\/2023\\\/03\\\/07\\\/prisons-sionistes-les-detenus-palestiniens-poursuivent-leur-mouvement-de-desobeissance\\\/\"]}]},{\"@type\":\"ImageObject\",\"inLanguage\":\"fr-FR\",\"@id\":\"https:\\\/\\\/lasentinelle.dz\\\/index.php\\\/2023\\\/03\\\/07\\\/prisons-sionistes-les-detenus-palestiniens-poursuivent-leur-mouvement-de-desobeissance\\\/#primaryimage\",\"url\":\"https:\\\/\\\/lasentinelle.dz\\\/wp-content\\\/uploads\\\/2023\\\/03\\\/image_2023-03-07_180502388.png\",\"contentUrl\":\"https:\\\/\\\/lasentinelle.dz\\\/wp-content\\\/uploads\\\/2023\\\/03\\\/image_2023-03-07_180502388.png\",\"width\":1000,\"height\":667},{\"@type\":\"BreadcrumbList\",\"@id\":\"https:\\\/\\\/lasentinelle.dz\\\/index.php\\\/2023\\\/03\\\/07\\\/prisons-sionistes-les-detenus-palestiniens-poursuivent-leur-mouvement-de-desobeissance\\\/#breadcrumb\",\"itemListElement\":[{\"@type\":\"ListItem\",\"position\":1,\"name\":\"Accueil\",\"item\":\"https:\\\/\\\/lasentinelle.dz\\\/\"},{\"@type\":\"ListItem\",\"position\":2,\"name\":\"Prisons sionistes\u00a0: Les d\u00e9tenus palestiniens poursuivent leur mouvement de d\u00e9sob\u00e9issance\u00a0\u00a0\u00a0\"}]},{\"@type\":\"WebSite\",\"@id\":\"https:\\\/\\\/lasentinelle.dz\\\/#website\",\"url\":\"https:\\\/\\\/lasentinelle.dz\\\/\",\"name\":\"La Sentinelle\",\"description\":\"Quotidien national d&#039;information\",\"publisher\":{\"@id\":\"https:\\\/\\\/lasentinelle.dz\\\/#organization\"},\"potentialAction\":[{\"@type\":\"SearchAction\",\"target\":{\"@type\":\"EntryPoint\",\"urlTemplate\":\"https:\\\/\\\/lasentinelle.dz\\\/?s={search_term_string}\"},\"query-input\":{\"@type\":\"PropertyValueSpecification\",\"valueRequired\":true,\"valueName\":\"search_term_string\"}}],\"inLanguage\":\"fr-FR\"},{\"@type\":\"Organization\",\"@id\":\"https:\\\/\\\/lasentinelle.dz\\\/#organization\",\"name\":\"Quotidien La Sentinelle\",\"url\":\"https:\\\/\\\/lasentinelle.dz\\\/\",\"logo\":{\"@type\":\"ImageObject\",\"inLanguage\":\"fr-FR\",\"@id\":\"https:\\\/\\\/lasentinelle.dz\\\/#\\\/schema\\\/logo\\\/image\\\/\",\"url\":\"https:\\\/\\\/lasentinelle.dz\\\/wp-content\\\/uploads\\\/2021\\\/09\\\/logo-sentinelleSLOGAN-1.png\",\"contentUrl\":\"https:\\\/\\\/lasentinelle.dz\\\/wp-content\\\/uploads\\\/2021\\\/09\\\/logo-sentinelleSLOGAN-1.png\",\"width\":615,\"height\":142,\"caption\":\"Quotidien La Sentinelle\"},\"image\":{\"@id\":\"https:\\\/\\\/lasentinelle.dz\\\/#\\\/schema\\\/logo\\\/image\\\/\"},\"sameAs\":[\"https:\\\/\\\/www.facebook.com\\\/La-Sentinelle-104059864394773\"]},{\"@type\":\"Person\",\"@id\":\"https:\\\/\\\/lasentinelle.dz\\\/#\\\/schema\\\/person\\\/d865044e22e70a75174ce8bcad3acfb3\",\"name\":\"La Sentinelle\",\"image\":{\"@type\":\"ImageObject\",\"inLanguage\":\"fr-FR\",\"@id\":\"https:\\\/\\\/secure.gravatar.com\\\/avatar\\\/57de8e5d4b15d43fb361a71fbb36338450fe67865b528a43dd10ef7c51a20392?s=96&d=mm&r=g\",\"url\":\"https:\\\/\\\/secure.gravatar.com\\\/avatar\\\/57de8e5d4b15d43fb361a71fbb36338450fe67865b528a43dd10ef7c51a20392?s=96&d=mm&r=g\",\"contentUrl\":\"https:\\\/\\\/secure.gravatar.com\\\/avatar\\\/57de8e5d4b15d43fb361a71fbb36338450fe67865b528a43dd10ef7c51a20392?s=96&d=mm&r=g\",\"caption\":\"La Sentinelle\"},\"sameAs\":[\"http:\\\/\\\/www.lasentinelle.dz\"],\"url\":\"https:\\\/\\\/lasentinelle.dz\\\/author\\\/redaction\\\/\"}]}<\/script>\n<!-- \/ Yoast SEO plugin. -->","yoast_head_json":{"title":"Prisons sionistes\u00a0: Les d\u00e9tenus palestiniens poursuivent leur mouvement de d\u00e9sob\u00e9issance\u00a0\u00a0\u00a0 - La Sentinelle","robots":{"index":"index","follow":"follow","max-snippet":"max-snippet:-1","max-image-preview":"max-image-preview:large","max-video-preview":"max-video-preview:-1"},"canonical":"https:\/\/lasentinelle.dz\/index.php\/2023\/03\/07\/prisons-sionistes-les-detenus-palestiniens-poursuivent-leur-mouvement-de-desobeissance\/","og_locale":"fr_FR","og_type":"article","og_title":"Prisons sionistes\u00a0: Les d\u00e9tenus palestiniens poursuivent leur mouvement de d\u00e9sob\u00e9issance\u00a0\u00a0\u00a0 - La Sentinelle","og_description":"Les d\u00e9tenus palestiniens poursuivaient mardi pour le 22\u00e8me jour cons\u00e9cutif, la \u00ab\u00a0d\u00e9sob\u00e9issance\u00a0\u00bb collective contre l&rsquo;administration p\u00e9nitentiaire de&nbsp;&nbsp; l&rsquo;occupation sioniste qui","og_url":"https:\/\/lasentinelle.dz\/index.php\/2023\/03\/07\/prisons-sionistes-les-detenus-palestiniens-poursuivent-leur-mouvement-de-desobeissance\/","og_site_name":"La Sentinelle","article_publisher":"https:\/\/www.facebook.com\/La-Sentinelle-104059864394773","article_published_time":"2023-03-07T21:00:00+00:00","og_image":[{"width":1000,"height":667,"url":"https:\/\/lasentinelle.dz\/wp-content\/uploads\/2023\/03\/image_2023-03-07_180502388.png","type":"image\/png"}],"author":"La Sentinelle","twitter_card":"summary_large_image","twitter_misc":{"\u00c9crit par":"La Sentinelle","Dur\u00e9e de lecture estim\u00e9e":"1 minute"},"schema":{"@context":"https:\/\/schema.org","@graph":[{"@type":"Article","@id":"https:\/\/lasentinelle.dz\/index.php\/2023\/03\/07\/prisons-sionistes-les-detenus-palestiniens-poursuivent-leur-mouvement-de-desobeissance\/#article","isPartOf":{"@id":"https:\/\/lasentinelle.dz\/index.php\/2023\/03\/07\/prisons-sionistes-les-detenus-palestiniens-poursuivent-leur-mouvement-de-desobeissance\/"},"author":{"name":"La Sentinelle","@id":"https:\/\/lasentinelle.dz\/#\/schema\/person\/d865044e22e70a75174ce8bcad3acfb3"},"headline":"Prisons sionistes\u00a0: Les d\u00e9tenus palestiniens poursuivent leur mouvement de d\u00e9sob\u00e9issance\u00a0\u00a0\u00a0","datePublished":"2023-03-07T21:00:00+00:00","mainEntityOfPage":{"@id":"https:\/\/lasentinelle.dz\/index.php\/2023\/03\/07\/prisons-sionistes-les-detenus-palestiniens-poursuivent-leur-mouvement-de-desobeissance\/"},"wordCount":268,"commentCount":0,"publisher":{"@id":"https:\/\/lasentinelle.dz\/#organization"},"image":{"@id":"https:\/\/lasentinelle.dz\/index.php\/2023\/03\/07\/prisons-sionistes-les-detenus-palestiniens-poursuivent-leur-mouvement-de-desobeissance\/#primaryimage"},"thumbnailUrl":"https:\/\/lasentinelle.dz\/wp-content\/uploads\/2023\/03\/image_2023-03-07_180502388.png","articleSection":["Monde"],"inLanguage":"fr-FR","potentialAction":[{"@type":"CommentAction","name":"Comment","target":["https:\/\/lasentinelle.dz\/index.php\/2023\/03\/07\/prisons-sionistes-les-detenus-palestiniens-poursuivent-leur-mouvement-de-desobeissance\/#respond"]}]},{"@type":"WebPage","@id":"https:\/\/lasentinelle.dz\/index.php\/2023\/03\/07\/prisons-sionistes-les-detenus-palestiniens-poursuivent-leur-mouvement-de-desobeissance\/","url":"https:\/\/lasentinelle.dz\/index.php\/2023\/03\/07\/prisons-sionistes-les-detenus-palestiniens-poursuivent-leur-mouvement-de-desobeissance\/","name":"Prisons sionistes\u00a0: Les d\u00e9tenus palestiniens poursuivent leur mouvement de d\u00e9sob\u00e9issance\u00a0\u00a0\u00a0 - La Sentinelle","isPartOf":{"@id":"https:\/\/lasentinelle.dz\/#website"},"primaryImageOfPage":{"@id":"https:\/\/lasentinelle.dz\/index.php\/2023\/03\/07\/prisons-sionistes-les-detenus-palestiniens-poursuivent-leur-mouvement-de-desobeissance\/#primaryimage"},"image":{"@id":"https:\/\/lasentinelle.dz\/index.php\/2023\/03\/07\/prisons-sionistes-les-detenus-palestiniens-poursuivent-leur-mouvement-de-desobeissance\/#primaryimage"},"thumbnailUrl":"https:\/\/lasentinelle.dz\/wp-content\/uploads\/2023\/03\/image_2023-03-07_180502388.png","datePublished":"2023-03-07T21:00:00+00:00","breadcrumb":{"@id":"https:\/\/lasentinelle.dz\/index.php\/2023\/03\/07\/prisons-sionistes-les-detenus-palestiniens-poursuivent-leur-mouvement-de-desobeissance\/#breadcrumb"},"inLanguage":"fr-FR","potentialAction":[{"@type":"ReadAction","target":["https:\/\/lasentinelle.dz\/index.php\/2023\/03\/07\/prisons-sionistes-les-detenus-palestiniens-poursuivent-leur-mouvement-de-desobeissance\/"]}]},{"@type":"ImageObject","inLanguage":"fr-FR","@id":"https:\/\/lasentinelle.dz\/index.php\/2023\/03\/07\/prisons-sionistes-les-detenus-palestiniens-poursuivent-leur-mouvement-de-desobeissance\/#primaryimage","url":"https:\/\/lasentinelle.dz\/wp-content\/uploads\/2023\/03\/image_2023-03-07_180502388.png","contentUrl":"https:\/\/lasentinelle.dz\/wp-content\/uploads\/2023\/03\/image_2023-03-07_180502388.png","width":1000,"height":667},{"@type":"BreadcrumbList","@id":"https:\/\/lasentinelle.dz\/index.php\/2023\/03\/07\/prisons-sionistes-les-detenus-palestiniens-poursuivent-leur-mouvement-de-desobeissance\/#breadcrumb","itemListElement":[{"@type":"ListItem","position":1,"name":"Accueil","item":"https:\/\/lasentinelle.dz\/"},{"@type":"ListItem","position":2,"name":"Prisons sionistes\u00a0: Les d\u00e9tenus palestiniens poursuivent leur mouvement de d\u00e9sob\u00e9issance\u00a0\u00a0\u00a0"}]},{"@type":"WebSite","@id":"https:\/\/lasentinelle.dz\/#website","url":"https:\/\/lasentinelle.dz\/","name":"La Sentinelle","description":"Quotidien national d&#039;information","publisher":{"@id":"https:\/\/lasentinelle.dz\/#organization"},"potentialAction":[{"@type":"SearchAction","target":{"@type":"EntryPoint","urlTemplate":"https:\/\/lasentinelle.dz\/?s={search_term_string}"},"query-input":{"@type":"PropertyValueSpecification","valueRequired":true,"valueName":"search_term_string"}}],"inLanguage":"fr-FR"},{"@type":"Organization","@id":"https:\/\/lasentinelle.dz\/#organization","name":"Quotidien La Sentinelle","url":"https:\/\/lasentinelle.dz\/","logo":{"@type":"ImageObject","inLanguage":"fr-FR","@id":"https:\/\/lasentinelle.dz\/#\/schema\/logo\/image\/","url":"https:\/\/lasentinelle.dz\/wp-content\/uploads\/2021\/09\/logo-sentinelleSLOGAN-1.png","contentUrl":"https:\/\/lasentinelle.dz\/wp-content\/uploads\/2021\/09\/logo-sentinelleSLOGAN-1.png","width":615,"height":142,"caption":"Quotidien La Sentinelle"},"image":{"@id":"https:\/\/lasentinelle.dz\/#\/schema\/logo\/image\/"},"sameAs":["https:\/\/www.facebook.com\/La-Sentinelle-104059864394773"]},{"@type":"Person","@id":"https:\/\/lasentinelle.dz\/#\/schema\/person\/d865044e22e70a75174ce8bcad3acfb3","name":"La Sentinelle","image":{"@type":"ImageObject","inLanguage":"fr-FR","@id":"https:\/\/secure.gravatar.com\/avatar\/57de8e5d4b15d43fb361a71fbb36338450fe67865b528a43dd10ef7c51a20392?s=96&d=mm&r=g","url":"https:\/\/secure.gravatar.com\/avatar\/57de8e5d4b15d43fb361a71fbb36338450fe67865b528a43dd10ef7c51a20392?s=96&d=mm&r=g","contentUrl":"https:\/\/secure.gravatar.com\/avatar\/57de8e5d4b15d43fb361a71fbb36338450fe67865b528a43dd10ef7c51a20392?s=96&d=mm&r=g","caption":"La Sentinelle"},"sameAs":["http:\/\/www.lasentinelle.dz"],"url":"https:\/\/lasentinelle.dz\/author\/redaction\/"}]}},"_links":{"self":[{"href":"https:\/\/lasentinelle.dz\/index.php\/wp-json\/wp\/v2\/posts\/37436","targetHints":{"allow":["GET"]}}],"collection":[{"href":"https:\/\/lasentinelle.dz\/index.php\/wp-json\/wp\/v2\/posts"}],"about":[{"href":"https:\/\/lasentinelle.dz\/index.php\/wp-json\/wp\/v2\/types\/post"}],"author":[{"embeddable":true,"href":"https:\/\/lasentinelle.dz\/index.php\/wp-json\/wp\/v2\/users\/3"}],"replies":[{"embeddable":true,"href":"https:\/\/lasentinelle.dz\/index.php\/wp-json\/wp\/v2\/comments?post=37436"}],"version-history":[{"count":1,"href":"https:\/\/lasentinelle.dz\/index.php\/wp-json\/wp\/v2\/posts\/37436\/revisions"}],"predecessor-version":[{"id":37453,"href":"https:\/\/lasentinelle.dz\/index.php\/wp-json\/wp\/v2\/posts\/37436\/revisions\/37453"}],"wp:featuredmedia":[{"embeddable":true,"href":"https:\/\/lasentinelle.dz\/index.php\/wp-json\/wp\/v2\/media\/37449"}],"wp:attachment":[{"href":"https:\/\/lasentinelle.dz\/index.php\/wp-json\/wp\/v2\/media?parent=37436"}],"wp:term":[{"taxonomy":"category","embeddable":true,"href":"https:\/\/lasentinelle.dz\/index.php\/wp-json\/wp\/v2\/categories?post=37436"},{"taxonomy":"post_tag","embeddable":true,"href":"https:\/\/lasentinelle.dz\/index.php\/wp-json\/wp\/v2\/tags?post=37436"}],"curies":[{"name":"wp","href":"https:\/\/api.w.org\/{rel}","templated":true}]}}