{"id":37467,"date":"2023-03-07T22:05:00","date_gmt":"2023-03-07T21:05:00","guid":{"rendered":"https:\/\/lasentinelle.dz\/?p=37467"},"modified":"2023-03-07T21:55:07","modified_gmt":"2023-03-07T20:55:07","slug":"construction-automobile-les-vehicules-fiat-algerie-commercialises-a-partir-du-1er-decembre-prochain","status":"publish","type":"post","link":"https:\/\/lasentinelle.dz\/index.php\/2023\/03\/07\/construction-automobile-les-vehicules-fiat-algerie-commercialises-a-partir-du-1er-decembre-prochain\/","title":{"rendered":"Construction automobile\u00a0: Les v\u00e9hicules Fiat Alg\u00e9rie commercialis\u00e9s \u00e0 partir du 1er d\u00e9cembre prochain"},"content":{"rendered":"\n<p>Le Directeur des Industries sid\u00e9rurgiques, m\u00e9caniques a\u00e9ronautiques et navales au minist\u00e8re de l\u2019Industrie a indiqu\u00e9 hier sur les ondes de la Radio alg\u00e9rienne que \u00ab les premiers v\u00e9hicules FIAT produits en Alg\u00e9rie seront commercialis\u00e9s \u00e0 partir du 1er d\u00e9cembre 2023 \u00bb. Le m\u00eame responsable a pr\u00e9cis\u00e9 que \u00ab l\u2019usine Fiat d\u2019Alg\u00e9rie sera r\u00e9ceptionn\u00e9e d\u00e9finitivement d\u2019ici le 31 ao\u00fbt de l\u2019ann\u00e9e en cours. Elle entamera les essais du mois de septembre \u00e0 octobre pour entrer en production le 1er d\u00e9cembre 2023. \u00bb celui-ci a \u00e9galement soulign\u00e9 la n\u00e9cessit\u00e9 de d\u00e9velopper un r\u00e9seaux de PME alg\u00e9rienne de sous-traitance pour augmenter les taux d\u2019int\u00e9gration. \u00ab Nous devons faire aboutir les projets de sous-traitance et l\u2019alimentation des constructeurs automobiles en pi\u00e8ces et composants \u00e0 travers les PME alg\u00e9riennes qui vont fortement contribuer \u00e0 cette industrie \u00bb, a affirme\u00e9M. Djebili qui a d\u2019ailleurs annonc\u00e9 qu&rsquo;\u00ab une trentaine de PME sont d\u00e9j\u00e0 en contact avec le constructeur FIAT. \u00bb&nbsp;&nbsp; \u00c0 ce propos, encha\u00eene le cadre au minist\u00e8re de l\u2019Industrie, \u00ab je lance un appel aux sous-traitants int\u00e9ress\u00e9s par la production de la pi\u00e8ce de rechange \u00e0 rejoindre notre minist\u00e8re. Nous allons organiser une rencontre avec le constructeur FIAT, et \u00e9ventuellement d\u2019autres constructeurs, qui vont parler de leurs ambitions d\u2019int\u00e9gration au court, moyen et long termes. \u00bbRevenant sur le sujet relatif \u00e0 l\u2019usine Renault \u00e0 Oran, qui poursuit toujours son activit\u00e9 pour l\u2019assemblage des v\u00e9hicules avec&nbsp; les collections qu\u2019elle d\u00e9tient en stocks, le repr\u00e9sentant du minist\u00e8re de l\u2019Industrie \u00e9voque \u00ab les ajustements n\u00e9cessaires sont en cours pour passer \u00e0 l\u2019activit\u00e9 de construction au lieu de l\u2019assemblage exerc\u00e9 auparavant. \u00bb<\/p>\n\n\n\n<p><strong>R.N.<\/strong><\/p>\n","protected":false},"excerpt":{"rendered":"<p>Le Directeur des Industries sid\u00e9rurgiques, m\u00e9caniques a\u00e9ronautiques et navales au minist\u00e8re de l\u2019Industrie a indiqu\u00e9 hier sur les ondes de<\/p>\n","protected":false},"author":3,"featured_media":37511,"comment_status":"open","ping_status":"closed","sticky":false,"template":"","format":"standard","meta":{"colormag_page_container_layout":"default_layout","colormag_page_sidebar_layout":"default_layout","om_disable_all_campaigns":false,"_monsterinsights_skip_tracking":false,"_monsterinsights_sitenote_active":false,"_monsterinsights_sitenote_note":"","_monsterinsights_sitenote_category":0,"footnotes":"","_wpscppro_dont_share_socialmedia":false,"_wpscppro_custom_social_share_image":0,"_facebook_share_type":"","_twitter_share_type":"","_linkedin_share_type":"","_pinterest_share_type":"","_linkedin_share_type_page":"","_instagram_share_type":"","_medium_share_type":"","_threads_share_type":"","_google_business_share_type":"","_selected_social_profile":[],"_wpsp_enable_custom_social_template":false,"_wpsp_social_scheduling":{"enabled":false,"datetime":null,"platforms":[],"status":"template_only","dateOption":"today","timeOption":"now","customDays":"","customHours":"","customDate":"","customTime":"","schedulingType":"absolute"},"_wpsp_active_default_template":true},"categories":[27],"tags":[],"class_list":["post-37467","post","type-post","status-publish","format-standard","has-post-thumbnail","hentry","category-actualite"],"aioseo_notices":[],"yoast_head":"<!-- This site is optimized with the Yoast SEO plugin v27.5 - https:\/\/yoast.com\/product\/yoast-seo-wordpress\/ -->\n<title>Construction automobile\u00a0: Les v\u00e9hicules Fiat Alg\u00e9rie commercialis\u00e9s \u00e0 partir du 1er d\u00e9cembre prochain - La Sentinelle<\/title>\n<meta name=\"robots\" content=\"index, follow, max-snippet:-1, max-image-preview:large, max-video-preview:-1\" \/>\n<link rel=\"canonical\" href=\"https:\/\/lasentinelle.dz\/index.php\/2023\/03\/07\/construction-automobile-les-vehicules-fiat-algerie-commercialises-a-partir-du-1er-decembre-prochain\/\" \/>\n<meta property=\"og:locale\" content=\"fr_FR\" \/>\n<meta property=\"og:type\" content=\"article\" \/>\n<meta property=\"og:title\" content=\"Construction automobile\u00a0: Les v\u00e9hicules Fiat Alg\u00e9rie commercialis\u00e9s \u00e0 partir du 1er d\u00e9cembre prochain - La Sentinelle\" \/>\n<meta property=\"og:description\" content=\"Le Directeur des Industries sid\u00e9rurgiques, m\u00e9caniques a\u00e9ronautiques et navales au minist\u00e8re de l\u2019Industrie a indiqu\u00e9 hier sur les ondes de\" \/>\n<meta property=\"og:url\" content=\"https:\/\/lasentinelle.dz\/index.php\/2023\/03\/07\/construction-automobile-les-vehicules-fiat-algerie-commercialises-a-partir-du-1er-decembre-prochain\/\" \/>\n<meta property=\"og:site_name\" content=\"La Sentinelle\" \/>\n<meta property=\"article:publisher\" content=\"https:\/\/www.facebook.com\/La-Sentinelle-104059864394773\" \/>\n<meta property=\"article:published_time\" content=\"2023-03-07T21:05:00+00:00\" \/>\n<meta property=\"og:image\" content=\"https:\/\/lasentinelle.dz\/wp-content\/uploads\/2023\/03\/image_2023-03-07_215439039.png\" \/>\n\t<meta property=\"og:image:width\" content=\"800\" \/>\n\t<meta property=\"og:image:height\" content=\"533\" \/>\n\t<meta property=\"og:image:type\" content=\"image\/png\" \/>\n<meta name=\"author\" content=\"La Sentinelle\" \/>\n<meta name=\"twitter:card\" content=\"summary_large_image\" \/>\n<meta name=\"twitter:label1\" content=\"\u00c9crit par\" \/>\n\t<meta name=\"twitter:data1\" content=\"La Sentinelle\" \/>\n\t<meta name=\"twitter:label2\" content=\"Dur\u00e9e de lecture estim\u00e9e\" \/>\n\t<meta name=\"twitter:data2\" content=\"2 minutes\" \/>\n<script type=\"application\/ld+json\" class=\"yoast-schema-graph\">{\"@context\":\"https:\\\/\\\/schema.org\",\"@graph\":[{\"@type\":\"Article\",\"@id\":\"https:\\\/\\\/lasentinelle.dz\\\/index.php\\\/2023\\\/03\\\/07\\\/construction-automobile-les-vehicules-fiat-algerie-commercialises-a-partir-du-1er-decembre-prochain\\\/#article\",\"isPartOf\":{\"@id\":\"https:\\\/\\\/lasentinelle.dz\\\/index.php\\\/2023\\\/03\\\/07\\\/construction-automobile-les-vehicules-fiat-algerie-commercialises-a-partir-du-1er-decembre-prochain\\\/\"},\"author\":{\"name\":\"La Sentinelle\",\"@id\":\"https:\\\/\\\/lasentinelle.dz\\\/#\\\/schema\\\/person\\\/d865044e22e70a75174ce8bcad3acfb3\"},\"headline\":\"Construction automobile\u00a0: Les v\u00e9hicules Fiat Alg\u00e9rie commercialis\u00e9s \u00e0 partir du 1er d\u00e9cembre prochain\",\"datePublished\":\"2023-03-07T21:05:00+00:00\",\"mainEntityOfPage\":{\"@id\":\"https:\\\/\\\/lasentinelle.dz\\\/index.php\\\/2023\\\/03\\\/07\\\/construction-automobile-les-vehicules-fiat-algerie-commercialises-a-partir-du-1er-decembre-prochain\\\/\"},\"wordCount\":317,\"commentCount\":0,\"publisher\":{\"@id\":\"https:\\\/\\\/lasentinelle.dz\\\/#organization\"},\"image\":{\"@id\":\"https:\\\/\\\/lasentinelle.dz\\\/index.php\\\/2023\\\/03\\\/07\\\/construction-automobile-les-vehicules-fiat-algerie-commercialises-a-partir-du-1er-decembre-prochain\\\/#primaryimage\"},\"thumbnailUrl\":\"https:\\\/\\\/lasentinelle.dz\\\/wp-content\\\/uploads\\\/2023\\\/03\\\/image_2023-03-07_215439039.png\",\"articleSection\":[\"Actualit\u00e9\"],\"inLanguage\":\"fr-FR\",\"potentialAction\":[{\"@type\":\"CommentAction\",\"name\":\"Comment\",\"target\":[\"https:\\\/\\\/lasentinelle.dz\\\/index.php\\\/2023\\\/03\\\/07\\\/construction-automobile-les-vehicules-fiat-algerie-commercialises-a-partir-du-1er-decembre-prochain\\\/#respond\"]}]},{\"@type\":\"WebPage\",\"@id\":\"https:\\\/\\\/lasentinelle.dz\\\/index.php\\\/2023\\\/03\\\/07\\\/construction-automobile-les-vehicules-fiat-algerie-commercialises-a-partir-du-1er-decembre-prochain\\\/\",\"url\":\"https:\\\/\\\/lasentinelle.dz\\\/index.php\\\/2023\\\/03\\\/07\\\/construction-automobile-les-vehicules-fiat-algerie-commercialises-a-partir-du-1er-decembre-prochain\\\/\",\"name\":\"Construction automobile\u00a0: Les v\u00e9hicules Fiat Alg\u00e9rie commercialis\u00e9s \u00e0 partir du 1er d\u00e9cembre prochain - La Sentinelle\",\"isPartOf\":{\"@id\":\"https:\\\/\\\/lasentinelle.dz\\\/#website\"},\"primaryImageOfPage\":{\"@id\":\"https:\\\/\\\/lasentinelle.dz\\\/index.php\\\/2023\\\/03\\\/07\\\/construction-automobile-les-vehicules-fiat-algerie-commercialises-a-partir-du-1er-decembre-prochain\\\/#primaryimage\"},\"image\":{\"@id\":\"https:\\\/\\\/lasentinelle.dz\\\/index.php\\\/2023\\\/03\\\/07\\\/construction-automobile-les-vehicules-fiat-algerie-commercialises-a-partir-du-1er-decembre-prochain\\\/#primaryimage\"},\"thumbnailUrl\":\"https:\\\/\\\/lasentinelle.dz\\\/wp-content\\\/uploads\\\/2023\\\/03\\\/image_2023-03-07_215439039.png\",\"datePublished\":\"2023-03-07T21:05:00+00:00\",\"breadcrumb\":{\"@id\":\"https:\\\/\\\/lasentinelle.dz\\\/index.php\\\/2023\\\/03\\\/07\\\/construction-automobile-les-vehicules-fiat-algerie-commercialises-a-partir-du-1er-decembre-prochain\\\/#breadcrumb\"},\"inLanguage\":\"fr-FR\",\"potentialAction\":[{\"@type\":\"ReadAction\",\"target\":[\"https:\\\/\\\/lasentinelle.dz\\\/index.php\\\/2023\\\/03\\\/07\\\/construction-automobile-les-vehicules-fiat-algerie-commercialises-a-partir-du-1er-decembre-prochain\\\/\"]}]},{\"@type\":\"ImageObject\",\"inLanguage\":\"fr-FR\",\"@id\":\"https:\\\/\\\/lasentinelle.dz\\\/index.php\\\/2023\\\/03\\\/07\\\/construction-automobile-les-vehicules-fiat-algerie-commercialises-a-partir-du-1er-decembre-prochain\\\/#primaryimage\",\"url\":\"https:\\\/\\\/lasentinelle.dz\\\/wp-content\\\/uploads\\\/2023\\\/03\\\/image_2023-03-07_215439039.png\",\"contentUrl\":\"https:\\\/\\\/lasentinelle.dz\\\/wp-content\\\/uploads\\\/2023\\\/03\\\/image_2023-03-07_215439039.png\",\"width\":800,\"height\":533},{\"@type\":\"BreadcrumbList\",\"@id\":\"https:\\\/\\\/lasentinelle.dz\\\/index.php\\\/2023\\\/03\\\/07\\\/construction-automobile-les-vehicules-fiat-algerie-commercialises-a-partir-du-1er-decembre-prochain\\\/#breadcrumb\",\"itemListElement\":[{\"@type\":\"ListItem\",\"position\":1,\"name\":\"Accueil\",\"item\":\"https:\\\/\\\/lasentinelle.dz\\\/\"},{\"@type\":\"ListItem\",\"position\":2,\"name\":\"Construction automobile\u00a0: Les v\u00e9hicules Fiat Alg\u00e9rie commercialis\u00e9s \u00e0 partir du 1er d\u00e9cembre prochain\"}]},{\"@type\":\"WebSite\",\"@id\":\"https:\\\/\\\/lasentinelle.dz\\\/#website\",\"url\":\"https:\\\/\\\/lasentinelle.dz\\\/\",\"name\":\"La Sentinelle\",\"description\":\"Quotidien national d&#039;information\",\"publisher\":{\"@id\":\"https:\\\/\\\/lasentinelle.dz\\\/#organization\"},\"potentialAction\":[{\"@type\":\"SearchAction\",\"target\":{\"@type\":\"EntryPoint\",\"urlTemplate\":\"https:\\\/\\\/lasentinelle.dz\\\/?s={search_term_string}\"},\"query-input\":{\"@type\":\"PropertyValueSpecification\",\"valueRequired\":true,\"valueName\":\"search_term_string\"}}],\"inLanguage\":\"fr-FR\"},{\"@type\":\"Organization\",\"@id\":\"https:\\\/\\\/lasentinelle.dz\\\/#organization\",\"name\":\"Quotidien La Sentinelle\",\"url\":\"https:\\\/\\\/lasentinelle.dz\\\/\",\"logo\":{\"@type\":\"ImageObject\",\"inLanguage\":\"fr-FR\",\"@id\":\"https:\\\/\\\/lasentinelle.dz\\\/#\\\/schema\\\/logo\\\/image\\\/\",\"url\":\"https:\\\/\\\/lasentinelle.dz\\\/wp-content\\\/uploads\\\/2021\\\/09\\\/logo-sentinelleSLOGAN-1.png\",\"contentUrl\":\"https:\\\/\\\/lasentinelle.dz\\\/wp-content\\\/uploads\\\/2021\\\/09\\\/logo-sentinelleSLOGAN-1.png\",\"width\":615,\"height\":142,\"caption\":\"Quotidien La Sentinelle\"},\"image\":{\"@id\":\"https:\\\/\\\/lasentinelle.dz\\\/#\\\/schema\\\/logo\\\/image\\\/\"},\"sameAs\":[\"https:\\\/\\\/www.facebook.com\\\/La-Sentinelle-104059864394773\"]},{\"@type\":\"Person\",\"@id\":\"https:\\\/\\\/lasentinelle.dz\\\/#\\\/schema\\\/person\\\/d865044e22e70a75174ce8bcad3acfb3\",\"name\":\"La Sentinelle\",\"image\":{\"@type\":\"ImageObject\",\"inLanguage\":\"fr-FR\",\"@id\":\"https:\\\/\\\/secure.gravatar.com\\\/avatar\\\/57de8e5d4b15d43fb361a71fbb36338450fe67865b528a43dd10ef7c51a20392?s=96&d=mm&r=g\",\"url\":\"https:\\\/\\\/secure.gravatar.com\\\/avatar\\\/57de8e5d4b15d43fb361a71fbb36338450fe67865b528a43dd10ef7c51a20392?s=96&d=mm&r=g\",\"contentUrl\":\"https:\\\/\\\/secure.gravatar.com\\\/avatar\\\/57de8e5d4b15d43fb361a71fbb36338450fe67865b528a43dd10ef7c51a20392?s=96&d=mm&r=g\",\"caption\":\"La Sentinelle\"},\"sameAs\":[\"http:\\\/\\\/www.lasentinelle.dz\"],\"url\":\"https:\\\/\\\/lasentinelle.dz\\\/author\\\/redaction\\\/\"}]}<\/script>\n<!-- \/ Yoast SEO plugin. -->","yoast_head_json":{"title":"Construction automobile\u00a0: Les v\u00e9hicules Fiat Alg\u00e9rie commercialis\u00e9s \u00e0 partir du 1er d\u00e9cembre prochain - La Sentinelle","robots":{"index":"index","follow":"follow","max-snippet":"max-snippet:-1","max-image-preview":"max-image-preview:large","max-video-preview":"max-video-preview:-1"},"canonical":"https:\/\/lasentinelle.dz\/index.php\/2023\/03\/07\/construction-automobile-les-vehicules-fiat-algerie-commercialises-a-partir-du-1er-decembre-prochain\/","og_locale":"fr_FR","og_type":"article","og_title":"Construction automobile\u00a0: Les v\u00e9hicules Fiat Alg\u00e9rie commercialis\u00e9s \u00e0 partir du 1er d\u00e9cembre prochain - La Sentinelle","og_description":"Le Directeur des Industries sid\u00e9rurgiques, m\u00e9caniques a\u00e9ronautiques et navales au minist\u00e8re de l\u2019Industrie a indiqu\u00e9 hier sur les ondes de","og_url":"https:\/\/lasentinelle.dz\/index.php\/2023\/03\/07\/construction-automobile-les-vehicules-fiat-algerie-commercialises-a-partir-du-1er-decembre-prochain\/","og_site_name":"La Sentinelle","article_publisher":"https:\/\/www.facebook.com\/La-Sentinelle-104059864394773","article_published_time":"2023-03-07T21:05:00+00:00","og_image":[{"width":800,"height":533,"url":"https:\/\/lasentinelle.dz\/wp-content\/uploads\/2023\/03\/image_2023-03-07_215439039.png","type":"image\/png"}],"author":"La Sentinelle","twitter_card":"summary_large_image","twitter_misc":{"\u00c9crit par":"La Sentinelle","Dur\u00e9e de lecture estim\u00e9e":"2 minutes"},"schema":{"@context":"https:\/\/schema.org","@graph":[{"@type":"Article","@id":"https:\/\/lasentinelle.dz\/index.php\/2023\/03\/07\/construction-automobile-les-vehicules-fiat-algerie-commercialises-a-partir-du-1er-decembre-prochain\/#article","isPartOf":{"@id":"https:\/\/lasentinelle.dz\/index.php\/2023\/03\/07\/construction-automobile-les-vehicules-fiat-algerie-commercialises-a-partir-du-1er-decembre-prochain\/"},"author":{"name":"La Sentinelle","@id":"https:\/\/lasentinelle.dz\/#\/schema\/person\/d865044e22e70a75174ce8bcad3acfb3"},"headline":"Construction automobile\u00a0: Les v\u00e9hicules Fiat Alg\u00e9rie commercialis\u00e9s \u00e0 partir du 1er d\u00e9cembre prochain","datePublished":"2023-03-07T21:05:00+00:00","mainEntityOfPage":{"@id":"https:\/\/lasentinelle.dz\/index.php\/2023\/03\/07\/construction-automobile-les-vehicules-fiat-algerie-commercialises-a-partir-du-1er-decembre-prochain\/"},"wordCount":317,"commentCount":0,"publisher":{"@id":"https:\/\/lasentinelle.dz\/#organization"},"image":{"@id":"https:\/\/lasentinelle.dz\/index.php\/2023\/03\/07\/construction-automobile-les-vehicules-fiat-algerie-commercialises-a-partir-du-1er-decembre-prochain\/#primaryimage"},"thumbnailUrl":"https:\/\/lasentinelle.dz\/wp-content\/uploads\/2023\/03\/image_2023-03-07_215439039.png","articleSection":["Actualit\u00e9"],"inLanguage":"fr-FR","potentialAction":[{"@type":"CommentAction","name":"Comment","target":["https:\/\/lasentinelle.dz\/index.php\/2023\/03\/07\/construction-automobile-les-vehicules-fiat-algerie-commercialises-a-partir-du-1er-decembre-prochain\/#respond"]}]},{"@type":"WebPage","@id":"https:\/\/lasentinelle.dz\/index.php\/2023\/03\/07\/construction-automobile-les-vehicules-fiat-algerie-commercialises-a-partir-du-1er-decembre-prochain\/","url":"https:\/\/lasentinelle.dz\/index.php\/2023\/03\/07\/construction-automobile-les-vehicules-fiat-algerie-commercialises-a-partir-du-1er-decembre-prochain\/","name":"Construction automobile\u00a0: Les v\u00e9hicules Fiat Alg\u00e9rie commercialis\u00e9s \u00e0 partir du 1er d\u00e9cembre prochain - La Sentinelle","isPartOf":{"@id":"https:\/\/lasentinelle.dz\/#website"},"primaryImageOfPage":{"@id":"https:\/\/lasentinelle.dz\/index.php\/2023\/03\/07\/construction-automobile-les-vehicules-fiat-algerie-commercialises-a-partir-du-1er-decembre-prochain\/#primaryimage"},"image":{"@id":"https:\/\/lasentinelle.dz\/index.php\/2023\/03\/07\/construction-automobile-les-vehicules-fiat-algerie-commercialises-a-partir-du-1er-decembre-prochain\/#primaryimage"},"thumbnailUrl":"https:\/\/lasentinelle.dz\/wp-content\/uploads\/2023\/03\/image_2023-03-07_215439039.png","datePublished":"2023-03-07T21:05:00+00:00","breadcrumb":{"@id":"https:\/\/lasentinelle.dz\/index.php\/2023\/03\/07\/construction-automobile-les-vehicules-fiat-algerie-commercialises-a-partir-du-1er-decembre-prochain\/#breadcrumb"},"inLanguage":"fr-FR","potentialAction":[{"@type":"ReadAction","target":["https:\/\/lasentinelle.dz\/index.php\/2023\/03\/07\/construction-automobile-les-vehicules-fiat-algerie-commercialises-a-partir-du-1er-decembre-prochain\/"]}]},{"@type":"ImageObject","inLanguage":"fr-FR","@id":"https:\/\/lasentinelle.dz\/index.php\/2023\/03\/07\/construction-automobile-les-vehicules-fiat-algerie-commercialises-a-partir-du-1er-decembre-prochain\/#primaryimage","url":"https:\/\/lasentinelle.dz\/wp-content\/uploads\/2023\/03\/image_2023-03-07_215439039.png","contentUrl":"https:\/\/lasentinelle.dz\/wp-content\/uploads\/2023\/03\/image_2023-03-07_215439039.png","width":800,"height":533},{"@type":"BreadcrumbList","@id":"https:\/\/lasentinelle.dz\/index.php\/2023\/03\/07\/construction-automobile-les-vehicules-fiat-algerie-commercialises-a-partir-du-1er-decembre-prochain\/#breadcrumb","itemListElement":[{"@type":"ListItem","position":1,"name":"Accueil","item":"https:\/\/lasentinelle.dz\/"},{"@type":"ListItem","position":2,"name":"Construction automobile\u00a0: Les v\u00e9hicules Fiat Alg\u00e9rie commercialis\u00e9s \u00e0 partir du 1er d\u00e9cembre prochain"}]},{"@type":"WebSite","@id":"https:\/\/lasentinelle.dz\/#website","url":"https:\/\/lasentinelle.dz\/","name":"La Sentinelle","description":"Quotidien national d&#039;information","publisher":{"@id":"https:\/\/lasentinelle.dz\/#organization"},"potentialAction":[{"@type":"SearchAction","target":{"@type":"EntryPoint","urlTemplate":"https:\/\/lasentinelle.dz\/?s={search_term_string}"},"query-input":{"@type":"PropertyValueSpecification","valueRequired":true,"valueName":"search_term_string"}}],"inLanguage":"fr-FR"},{"@type":"Organization","@id":"https:\/\/lasentinelle.dz\/#organization","name":"Quotidien La Sentinelle","url":"https:\/\/lasentinelle.dz\/","logo":{"@type":"ImageObject","inLanguage":"fr-FR","@id":"https:\/\/lasentinelle.dz\/#\/schema\/logo\/image\/","url":"https:\/\/lasentinelle.dz\/wp-content\/uploads\/2021\/09\/logo-sentinelleSLOGAN-1.png","contentUrl":"https:\/\/lasentinelle.dz\/wp-content\/uploads\/2021\/09\/logo-sentinelleSLOGAN-1.png","width":615,"height":142,"caption":"Quotidien La Sentinelle"},"image":{"@id":"https:\/\/lasentinelle.dz\/#\/schema\/logo\/image\/"},"sameAs":["https:\/\/www.facebook.com\/La-Sentinelle-104059864394773"]},{"@type":"Person","@id":"https:\/\/lasentinelle.dz\/#\/schema\/person\/d865044e22e70a75174ce8bcad3acfb3","name":"La Sentinelle","image":{"@type":"ImageObject","inLanguage":"fr-FR","@id":"https:\/\/secure.gravatar.com\/avatar\/57de8e5d4b15d43fb361a71fbb36338450fe67865b528a43dd10ef7c51a20392?s=96&d=mm&r=g","url":"https:\/\/secure.gravatar.com\/avatar\/57de8e5d4b15d43fb361a71fbb36338450fe67865b528a43dd10ef7c51a20392?s=96&d=mm&r=g","contentUrl":"https:\/\/secure.gravatar.com\/avatar\/57de8e5d4b15d43fb361a71fbb36338450fe67865b528a43dd10ef7c51a20392?s=96&d=mm&r=g","caption":"La Sentinelle"},"sameAs":["http:\/\/www.lasentinelle.dz"],"url":"https:\/\/lasentinelle.dz\/author\/redaction\/"}]}},"_links":{"self":[{"href":"https:\/\/lasentinelle.dz\/index.php\/wp-json\/wp\/v2\/posts\/37467","targetHints":{"allow":["GET"]}}],"collection":[{"href":"https:\/\/lasentinelle.dz\/index.php\/wp-json\/wp\/v2\/posts"}],"about":[{"href":"https:\/\/lasentinelle.dz\/index.php\/wp-json\/wp\/v2\/types\/post"}],"author":[{"embeddable":true,"href":"https:\/\/lasentinelle.dz\/index.php\/wp-json\/wp\/v2\/users\/3"}],"replies":[{"embeddable":true,"href":"https:\/\/lasentinelle.dz\/index.php\/wp-json\/wp\/v2\/comments?post=37467"}],"version-history":[{"count":1,"href":"https:\/\/lasentinelle.dz\/index.php\/wp-json\/wp\/v2\/posts\/37467\/revisions"}],"predecessor-version":[{"id":37512,"href":"https:\/\/lasentinelle.dz\/index.php\/wp-json\/wp\/v2\/posts\/37467\/revisions\/37512"}],"wp:featuredmedia":[{"embeddable":true,"href":"https:\/\/lasentinelle.dz\/index.php\/wp-json\/wp\/v2\/media\/37511"}],"wp:attachment":[{"href":"https:\/\/lasentinelle.dz\/index.php\/wp-json\/wp\/v2\/media?parent=37467"}],"wp:term":[{"taxonomy":"category","embeddable":true,"href":"https:\/\/lasentinelle.dz\/index.php\/wp-json\/wp\/v2\/categories?post=37467"},{"taxonomy":"post_tag","embeddable":true,"href":"https:\/\/lasentinelle.dz\/index.php\/wp-json\/wp\/v2\/tags?post=37467"}],"curies":[{"name":"wp","href":"https:\/\/api.w.org\/{rel}","templated":true}]}}