{"id":37474,"date":"2023-03-07T22:05:00","date_gmt":"2023-03-07T21:05:00","guid":{"rendered":"https:\/\/lasentinelle.dz\/?p=37474"},"modified":"2023-03-07T19:57:10","modified_gmt":"2023-03-07T18:57:10","slug":"reglement-de-la-crise-malienne-les-mouvements-du-nord-sen-remettent-a-lalgerie","status":"publish","type":"post","link":"https:\/\/lasentinelle.dz\/index.php\/2023\/03\/07\/reglement-de-la-crise-malienne-les-mouvements-du-nord-sen-remettent-a-lalgerie\/","title":{"rendered":"R\u00e8glement de la crise malienne\u00a0: Les mouvements du Nord s\u2019en remettent \u00e0 l\u2019Alg\u00e9rie"},"content":{"rendered":"\n<p>Le Cadre strat\u00e9gique permanent (CSP-PSD), coalition de mouvements politiques et militaires du nord du Mali form\u00e9e le 6 mai 2021 et qui r\u00e9unit la Coordination des mouvements de l&rsquo;Azawad (CMA) et la Plateforme des mouvements du 14 juin 2014, a appel\u00e9 Alger \u00e0 \u00ab consentir ses efforts pour la mobilisation et l&rsquo;accompagnement de la communaut\u00e9 internationale afin de transcender les difficult\u00e9s li\u00e9es \u00e0 la mise en \u0153uvre de l&rsquo;accord pour la paix \u00bb<\/p>\n\n\n\n<p>Les mouvements politico-militaires du Nord du Mali comptent beaucoup sur l\u2019Alg\u00e9rie pour d\u00e9samorcer la crise qui couve entre eux et les autorit\u00e9s maliennes de transition. Dans un communiqu\u00e9 rendu public lundi soir, le Cadre strat\u00e9gique permanent (CSP-PSD), coalition de mouvements politiques et militaires du nord du Mali form\u00e9e le 6 mai 2021 et qui r\u00e9unit la Coordination des mouvements de l&rsquo;Azawad (CMA) et la Plateforme des mouvements du 14 juin 2014, a appel\u00e9 Alger \u00e0 \u00ab consentir ses efforts pour la mobilisation et l&rsquo;accompagnement de la communaut\u00e9 internationale afin de transcender les difficult\u00e9s li\u00e9es \u00e0 la mise en \u0153uvre de l&rsquo;accord pour la paix \u00bb.La CSP-PSD, rappelle-t-on, se fixe pour objectif de \u00ab concr\u00e9tiser la mise en synergie des efforts en faveur de la mise en \u0153uvre diligente de l&rsquo;Accord pour la paix et la r\u00e9conciliation au Mali issu du processus d&rsquo;Alger\u00bb et \u00ab d&rsquo;op\u00e9rationnaliser les m\u00e9canismes conjoints de lutte contre l&rsquo;ins\u00e9curit\u00e9 sous toutes ses formes afin de garantir la libre circulation des personnes et de leurs biens \u00bb. Le rapprochement entre la CMA et la Plate-forme des mouvements du 14 juin 2014 est guid\u00e9 par un souci commun de faire face \u00e0 la d\u00e9t\u00e9rioration de la situation s\u00e9curitaire au Sahel en g\u00e9n\u00e9ral et au Mali en particulier, singuli\u00e8rement dans les r\u00e9gions du Nord du Mali.<\/p>\n\n\n\n<p>Le communiqu\u00e9 sign\u00e9 par son porte-parole, Mohamed Elmaouloud Romadane, revient par ailleurs sur le s\u00e9jour d\u2019une d\u00e9l\u00e9gation du CSP-PSD \u00e0 Alger.&nbsp; \u00ab Sur invitation des Autorit\u00e9s de l&rsquo;Alg\u00e9rie, Chef de File de la M\u00e9diation Internationale, une d\u00e9l\u00e9gation des mouvements signataires de l&rsquo;accord pour la paix (CMA- Plateforme-inclusivit\u00e9) regroup\u00e9s au sein du CSP-PSD, conduite par son Pr\u00e9sident Monsieur Alghabass Ag Inatalla, \u00e0 s\u00e9journ\u00e9 \u00e0 Alger du 20 f\u00e9vrier au 03 mars 2023 \u00bb, indique-t-on.&nbsp; La d\u00e9l\u00e9gation a \u00e9t\u00e9 re\u00e7ue en audience par le pr\u00e9sident Tebboune. La m\u00eame source pr\u00e9cise que \u00ab cette importante rencontre, premi\u00e8re du genre avec les responsables des mouvements politico-militaires de l&rsquo;Azawad, a permis \u00e0 la d\u00e9l\u00e9gation du CSP-PSD de lui exposer ses pr\u00e9occupations par rapport \u00e0 l\u00e0 situation s\u00e9curitaire et l&rsquo;impasse dans lequel se trouve le processus de paix \u00bb.<\/p>\n\n\n\n<p>La d\u00e9l\u00e9gation, mentionne le communiqu\u00e9 du CSP-PSD, \u00ab a obtenu de la part de son excellence monsieur le pr\u00e9sident, l&rsquo;assurance d\u2019\u00eatre entendue et comprise, il a \u00e9galement r\u00e9it\u00e9r\u00e9 l&rsquo;attachement de l&rsquo;Alg\u00e9rie \u00e0 la mise en \u0153uvre de l&rsquo;Accord pour la Paix et la R\u00e9conciliation au Mali issu du Processus d&rsquo;Alger, gage d&rsquo;une paix durable \u00bb. Durant ce s\u00e9jour \u00e0 Alger, la d\u00e9l\u00e9gation du CSP \u2013PSD, ajoute la m\u00eame source, a tenu avec son le ministre des Affaires \u00e9trang\u00e8res, Ramtane Lamamra, \u00ab deux r\u00e9unions fructueuses avec des d\u00e9bats francs et courtois qui ont permis une convergence de points de vue d&rsquo;une part sur la gravit\u00e9 de la situation actuelle et d&rsquo;autre part sur la n\u00e9cessit\u00e9 de la reprise du processus de paix \u00bb. Pour ce faire, la CSP-PSD indique avoir soumis aux autorit\u00e9s alg\u00e9riennes un certain nombre de points comme proposition de sortie de crise.<\/p>\n\n\n\n<p>Il est important de le signaler, le communiqu\u00e9 du CSP intervient dans un contexte d\u2019extr\u00eame tension entre Bamako et les mouvements politico-militaires de l\u2019Azawad (Nord Mali). Les autorit\u00e9s de transition malienne et les anciens groupes rebelles du nord continuent \u00e0 s\u2019accuser mutuellement de l\u2019\u00e9chec de l\u2019application de l\u2019accord de paix et de r\u00e9conciliation issu du processus d\u2019Alger. L&rsquo;accord sign\u00e9 en 2015 par l&rsquo;\u00c9tat malien et des groupes loyalistes avec la Coordination des mouvements de l\u2019Azawad (CMA) a mis fin aux hostilit\u00e9s enclench\u00e9es avec l\u2019insurrection de 2012 dans le Nord. Depuis quelques jours, les \u00e9changes d\u2019accusations sont m\u00eame mont\u00e9s en intensit\u00e9. Le ministre malien de la R\u00e9conciliation nationale, le colonel major Isma\u00ebl Wagu\u00e9, a accus\u00e9 l\u2019un des principaux groupes signataires de violations r\u00e9p\u00e9t\u00e9es de l&rsquo;accord.<\/p>\n\n\n\n<p>De leur c\u00f4t\u00e9, les groupes politico-militaires du nord-malien soup\u00e7onnent fortement Bamako de vouloir renier ses engagements et de vouloir reconqu\u00e9rir le terrain par la force. Leurs soup\u00e7ons se fondent sur le fait que les autorit\u00e9s maliennes n\u2019ont pas avanc\u00e9 du tout dans l\u2019application des principales dispositions de l\u2019accord. La situation de blocage a conduit le mouvement \u00e0 annoncer en d\u00e9cembre suspendre sa participation \u00e0 sa mise en \u0153uvre. Depuis, une forme de guerre froide s\u2019est instaur\u00e9e entre les deux anciens bellig\u00e9rants. Les observateurs craignent fortement une aggravation de la crise. D\u2019o\u00f9 l\u2019urgence de sauver l\u2019accord de paix d\u2019Alger.<\/p>\n\n\n\n<p><strong>Khider Larbi<\/strong><\/p>\n","protected":false},"excerpt":{"rendered":"<p>Le Cadre strat\u00e9gique permanent (CSP-PSD), coalition de mouvements politiques et militaires du nord du Mali form\u00e9e le 6 mai 2021<\/p>\n","protected":false},"author":3,"featured_media":37475,"comment_status":"open","ping_status":"closed","sticky":false,"template":"","format":"standard","meta":{"colormag_page_container_layout":"default_layout","colormag_page_sidebar_layout":"default_layout","om_disable_all_campaigns":false,"_monsterinsights_skip_tracking":false,"_monsterinsights_sitenote_active":false,"_monsterinsights_sitenote_note":"","_monsterinsights_sitenote_category":0,"footnotes":"","_wpscppro_dont_share_socialmedia":false,"_wpscppro_custom_social_share_image":0,"_facebook_share_type":"","_twitter_share_type":"","_linkedin_share_type":"","_pinterest_share_type":"","_linkedin_share_type_page":"","_instagram_share_type":"","_medium_share_type":"","_threads_share_type":"","_google_business_share_type":"","_selected_social_profile":[],"_wpsp_enable_custom_social_template":false,"_wpsp_social_scheduling":{"enabled":false,"datetime":null,"platforms":[],"status":"template_only","dateOption":"today","timeOption":"now","customDays":"","customHours":"","customDate":"","customTime":"","schedulingType":"absolute"},"_wpsp_active_default_template":true},"categories":[27],"tags":[],"class_list":["post-37474","post","type-post","status-publish","format-standard","has-post-thumbnail","hentry","category-actualite"],"aioseo_notices":[],"yoast_head":"<!-- This site is optimized with the Yoast SEO plugin v27.5 - https:\/\/yoast.com\/product\/yoast-seo-wordpress\/ -->\n<title>R\u00e8glement de la crise malienne\u00a0: Les mouvements du Nord s\u2019en remettent \u00e0 l\u2019Alg\u00e9rie - La Sentinelle<\/title>\n<meta name=\"robots\" content=\"index, follow, max-snippet:-1, max-image-preview:large, max-video-preview:-1\" \/>\n<link rel=\"canonical\" href=\"https:\/\/lasentinelle.dz\/index.php\/2023\/03\/07\/reglement-de-la-crise-malienne-les-mouvements-du-nord-sen-remettent-a-lalgerie\/\" \/>\n<meta property=\"og:locale\" content=\"fr_FR\" \/>\n<meta property=\"og:type\" content=\"article\" \/>\n<meta property=\"og:title\" content=\"R\u00e8glement de la crise malienne\u00a0: Les mouvements du Nord s\u2019en remettent \u00e0 l\u2019Alg\u00e9rie - La Sentinelle\" \/>\n<meta property=\"og:description\" content=\"Le Cadre strat\u00e9gique permanent (CSP-PSD), coalition de mouvements politiques et militaires du nord du Mali form\u00e9e le 6 mai 2021\" \/>\n<meta property=\"og:url\" content=\"https:\/\/lasentinelle.dz\/index.php\/2023\/03\/07\/reglement-de-la-crise-malienne-les-mouvements-du-nord-sen-remettent-a-lalgerie\/\" \/>\n<meta property=\"og:site_name\" content=\"La Sentinelle\" \/>\n<meta property=\"article:publisher\" content=\"https:\/\/www.facebook.com\/La-Sentinelle-104059864394773\" \/>\n<meta property=\"article:published_time\" content=\"2023-03-07T21:05:00+00:00\" \/>\n<meta property=\"og:image\" content=\"https:\/\/lasentinelle.dz\/wp-content\/uploads\/2023\/03\/image_2023-03-07_195525877.png\" \/>\n\t<meta property=\"og:image:width\" content=\"1600\" \/>\n\t<meta property=\"og:image:height\" content=\"900\" \/>\n\t<meta property=\"og:image:type\" content=\"image\/png\" \/>\n<meta name=\"author\" content=\"La Sentinelle\" \/>\n<meta name=\"twitter:card\" content=\"summary_large_image\" \/>\n<meta name=\"twitter:label1\" content=\"\u00c9crit par\" \/>\n\t<meta name=\"twitter:data1\" content=\"La Sentinelle\" \/>\n\t<meta name=\"twitter:label2\" content=\"Dur\u00e9e de lecture estim\u00e9e\" \/>\n\t<meta name=\"twitter:data2\" content=\"4 minutes\" \/>\n<script type=\"application\/ld+json\" class=\"yoast-schema-graph\">{\"@context\":\"https:\\\/\\\/schema.org\",\"@graph\":[{\"@type\":\"Article\",\"@id\":\"https:\\\/\\\/lasentinelle.dz\\\/index.php\\\/2023\\\/03\\\/07\\\/reglement-de-la-crise-malienne-les-mouvements-du-nord-sen-remettent-a-lalgerie\\\/#article\",\"isPartOf\":{\"@id\":\"https:\\\/\\\/lasentinelle.dz\\\/index.php\\\/2023\\\/03\\\/07\\\/reglement-de-la-crise-malienne-les-mouvements-du-nord-sen-remettent-a-lalgerie\\\/\"},\"author\":{\"name\":\"La Sentinelle\",\"@id\":\"https:\\\/\\\/lasentinelle.dz\\\/#\\\/schema\\\/person\\\/d865044e22e70a75174ce8bcad3acfb3\"},\"headline\":\"R\u00e8glement de la crise malienne\u00a0: Les mouvements du Nord s\u2019en remettent \u00e0 l\u2019Alg\u00e9rie\",\"datePublished\":\"2023-03-07T21:05:00+00:00\",\"mainEntityOfPage\":{\"@id\":\"https:\\\/\\\/lasentinelle.dz\\\/index.php\\\/2023\\\/03\\\/07\\\/reglement-de-la-crise-malienne-les-mouvements-du-nord-sen-remettent-a-lalgerie\\\/\"},\"wordCount\":896,\"commentCount\":0,\"publisher\":{\"@id\":\"https:\\\/\\\/lasentinelle.dz\\\/#organization\"},\"image\":{\"@id\":\"https:\\\/\\\/lasentinelle.dz\\\/index.php\\\/2023\\\/03\\\/07\\\/reglement-de-la-crise-malienne-les-mouvements-du-nord-sen-remettent-a-lalgerie\\\/#primaryimage\"},\"thumbnailUrl\":\"https:\\\/\\\/lasentinelle.dz\\\/wp-content\\\/uploads\\\/2023\\\/03\\\/image_2023-03-07_195525877.png\",\"articleSection\":[\"Actualit\u00e9\"],\"inLanguage\":\"fr-FR\",\"potentialAction\":[{\"@type\":\"CommentAction\",\"name\":\"Comment\",\"target\":[\"https:\\\/\\\/lasentinelle.dz\\\/index.php\\\/2023\\\/03\\\/07\\\/reglement-de-la-crise-malienne-les-mouvements-du-nord-sen-remettent-a-lalgerie\\\/#respond\"]}]},{\"@type\":\"WebPage\",\"@id\":\"https:\\\/\\\/lasentinelle.dz\\\/index.php\\\/2023\\\/03\\\/07\\\/reglement-de-la-crise-malienne-les-mouvements-du-nord-sen-remettent-a-lalgerie\\\/\",\"url\":\"https:\\\/\\\/lasentinelle.dz\\\/index.php\\\/2023\\\/03\\\/07\\\/reglement-de-la-crise-malienne-les-mouvements-du-nord-sen-remettent-a-lalgerie\\\/\",\"name\":\"R\u00e8glement de la crise malienne\u00a0: Les mouvements du Nord s\u2019en remettent \u00e0 l\u2019Alg\u00e9rie - La Sentinelle\",\"isPartOf\":{\"@id\":\"https:\\\/\\\/lasentinelle.dz\\\/#website\"},\"primaryImageOfPage\":{\"@id\":\"https:\\\/\\\/lasentinelle.dz\\\/index.php\\\/2023\\\/03\\\/07\\\/reglement-de-la-crise-malienne-les-mouvements-du-nord-sen-remettent-a-lalgerie\\\/#primaryimage\"},\"image\":{\"@id\":\"https:\\\/\\\/lasentinelle.dz\\\/index.php\\\/2023\\\/03\\\/07\\\/reglement-de-la-crise-malienne-les-mouvements-du-nord-sen-remettent-a-lalgerie\\\/#primaryimage\"},\"thumbnailUrl\":\"https:\\\/\\\/lasentinelle.dz\\\/wp-content\\\/uploads\\\/2023\\\/03\\\/image_2023-03-07_195525877.png\",\"datePublished\":\"2023-03-07T21:05:00+00:00\",\"breadcrumb\":{\"@id\":\"https:\\\/\\\/lasentinelle.dz\\\/index.php\\\/2023\\\/03\\\/07\\\/reglement-de-la-crise-malienne-les-mouvements-du-nord-sen-remettent-a-lalgerie\\\/#breadcrumb\"},\"inLanguage\":\"fr-FR\",\"potentialAction\":[{\"@type\":\"ReadAction\",\"target\":[\"https:\\\/\\\/lasentinelle.dz\\\/index.php\\\/2023\\\/03\\\/07\\\/reglement-de-la-crise-malienne-les-mouvements-du-nord-sen-remettent-a-lalgerie\\\/\"]}]},{\"@type\":\"ImageObject\",\"inLanguage\":\"fr-FR\",\"@id\":\"https:\\\/\\\/lasentinelle.dz\\\/index.php\\\/2023\\\/03\\\/07\\\/reglement-de-la-crise-malienne-les-mouvements-du-nord-sen-remettent-a-lalgerie\\\/#primaryimage\",\"url\":\"https:\\\/\\\/lasentinelle.dz\\\/wp-content\\\/uploads\\\/2023\\\/03\\\/image_2023-03-07_195525877.png\",\"contentUrl\":\"https:\\\/\\\/lasentinelle.dz\\\/wp-content\\\/uploads\\\/2023\\\/03\\\/image_2023-03-07_195525877.png\",\"width\":1600,\"height\":900},{\"@type\":\"BreadcrumbList\",\"@id\":\"https:\\\/\\\/lasentinelle.dz\\\/index.php\\\/2023\\\/03\\\/07\\\/reglement-de-la-crise-malienne-les-mouvements-du-nord-sen-remettent-a-lalgerie\\\/#breadcrumb\",\"itemListElement\":[{\"@type\":\"ListItem\",\"position\":1,\"name\":\"Accueil\",\"item\":\"https:\\\/\\\/lasentinelle.dz\\\/\"},{\"@type\":\"ListItem\",\"position\":2,\"name\":\"R\u00e8glement de la crise malienne\u00a0: Les mouvements du Nord s\u2019en remettent \u00e0 l\u2019Alg\u00e9rie\"}]},{\"@type\":\"WebSite\",\"@id\":\"https:\\\/\\\/lasentinelle.dz\\\/#website\",\"url\":\"https:\\\/\\\/lasentinelle.dz\\\/\",\"name\":\"La Sentinelle\",\"description\":\"Quotidien national d&#039;information\",\"publisher\":{\"@id\":\"https:\\\/\\\/lasentinelle.dz\\\/#organization\"},\"potentialAction\":[{\"@type\":\"SearchAction\",\"target\":{\"@type\":\"EntryPoint\",\"urlTemplate\":\"https:\\\/\\\/lasentinelle.dz\\\/?s={search_term_string}\"},\"query-input\":{\"@type\":\"PropertyValueSpecification\",\"valueRequired\":true,\"valueName\":\"search_term_string\"}}],\"inLanguage\":\"fr-FR\"},{\"@type\":\"Organization\",\"@id\":\"https:\\\/\\\/lasentinelle.dz\\\/#organization\",\"name\":\"Quotidien La Sentinelle\",\"url\":\"https:\\\/\\\/lasentinelle.dz\\\/\",\"logo\":{\"@type\":\"ImageObject\",\"inLanguage\":\"fr-FR\",\"@id\":\"https:\\\/\\\/lasentinelle.dz\\\/#\\\/schema\\\/logo\\\/image\\\/\",\"url\":\"https:\\\/\\\/lasentinelle.dz\\\/wp-content\\\/uploads\\\/2021\\\/09\\\/logo-sentinelleSLOGAN-1.png\",\"contentUrl\":\"https:\\\/\\\/lasentinelle.dz\\\/wp-content\\\/uploads\\\/2021\\\/09\\\/logo-sentinelleSLOGAN-1.png\",\"width\":615,\"height\":142,\"caption\":\"Quotidien La Sentinelle\"},\"image\":{\"@id\":\"https:\\\/\\\/lasentinelle.dz\\\/#\\\/schema\\\/logo\\\/image\\\/\"},\"sameAs\":[\"https:\\\/\\\/www.facebook.com\\\/La-Sentinelle-104059864394773\"]},{\"@type\":\"Person\",\"@id\":\"https:\\\/\\\/lasentinelle.dz\\\/#\\\/schema\\\/person\\\/d865044e22e70a75174ce8bcad3acfb3\",\"name\":\"La Sentinelle\",\"image\":{\"@type\":\"ImageObject\",\"inLanguage\":\"fr-FR\",\"@id\":\"https:\\\/\\\/secure.gravatar.com\\\/avatar\\\/57de8e5d4b15d43fb361a71fbb36338450fe67865b528a43dd10ef7c51a20392?s=96&d=mm&r=g\",\"url\":\"https:\\\/\\\/secure.gravatar.com\\\/avatar\\\/57de8e5d4b15d43fb361a71fbb36338450fe67865b528a43dd10ef7c51a20392?s=96&d=mm&r=g\",\"contentUrl\":\"https:\\\/\\\/secure.gravatar.com\\\/avatar\\\/57de8e5d4b15d43fb361a71fbb36338450fe67865b528a43dd10ef7c51a20392?s=96&d=mm&r=g\",\"caption\":\"La Sentinelle\"},\"sameAs\":[\"http:\\\/\\\/www.lasentinelle.dz\"],\"url\":\"https:\\\/\\\/lasentinelle.dz\\\/author\\\/redaction\\\/\"}]}<\/script>\n<!-- \/ Yoast SEO plugin. -->","yoast_head_json":{"title":"R\u00e8glement de la crise malienne\u00a0: Les mouvements du Nord s\u2019en remettent \u00e0 l\u2019Alg\u00e9rie - La Sentinelle","robots":{"index":"index","follow":"follow","max-snippet":"max-snippet:-1","max-image-preview":"max-image-preview:large","max-video-preview":"max-video-preview:-1"},"canonical":"https:\/\/lasentinelle.dz\/index.php\/2023\/03\/07\/reglement-de-la-crise-malienne-les-mouvements-du-nord-sen-remettent-a-lalgerie\/","og_locale":"fr_FR","og_type":"article","og_title":"R\u00e8glement de la crise malienne\u00a0: Les mouvements du Nord s\u2019en remettent \u00e0 l\u2019Alg\u00e9rie - La Sentinelle","og_description":"Le Cadre strat\u00e9gique permanent (CSP-PSD), coalition de mouvements politiques et militaires du nord du Mali form\u00e9e le 6 mai 2021","og_url":"https:\/\/lasentinelle.dz\/index.php\/2023\/03\/07\/reglement-de-la-crise-malienne-les-mouvements-du-nord-sen-remettent-a-lalgerie\/","og_site_name":"La Sentinelle","article_publisher":"https:\/\/www.facebook.com\/La-Sentinelle-104059864394773","article_published_time":"2023-03-07T21:05:00+00:00","og_image":[{"width":1600,"height":900,"url":"https:\/\/lasentinelle.dz\/wp-content\/uploads\/2023\/03\/image_2023-03-07_195525877.png","type":"image\/png"}],"author":"La Sentinelle","twitter_card":"summary_large_image","twitter_misc":{"\u00c9crit par":"La Sentinelle","Dur\u00e9e de lecture estim\u00e9e":"4 minutes"},"schema":{"@context":"https:\/\/schema.org","@graph":[{"@type":"Article","@id":"https:\/\/lasentinelle.dz\/index.php\/2023\/03\/07\/reglement-de-la-crise-malienne-les-mouvements-du-nord-sen-remettent-a-lalgerie\/#article","isPartOf":{"@id":"https:\/\/lasentinelle.dz\/index.php\/2023\/03\/07\/reglement-de-la-crise-malienne-les-mouvements-du-nord-sen-remettent-a-lalgerie\/"},"author":{"name":"La Sentinelle","@id":"https:\/\/lasentinelle.dz\/#\/schema\/person\/d865044e22e70a75174ce8bcad3acfb3"},"headline":"R\u00e8glement de la crise malienne\u00a0: Les mouvements du Nord s\u2019en remettent \u00e0 l\u2019Alg\u00e9rie","datePublished":"2023-03-07T21:05:00+00:00","mainEntityOfPage":{"@id":"https:\/\/lasentinelle.dz\/index.php\/2023\/03\/07\/reglement-de-la-crise-malienne-les-mouvements-du-nord-sen-remettent-a-lalgerie\/"},"wordCount":896,"commentCount":0,"publisher":{"@id":"https:\/\/lasentinelle.dz\/#organization"},"image":{"@id":"https:\/\/lasentinelle.dz\/index.php\/2023\/03\/07\/reglement-de-la-crise-malienne-les-mouvements-du-nord-sen-remettent-a-lalgerie\/#primaryimage"},"thumbnailUrl":"https:\/\/lasentinelle.dz\/wp-content\/uploads\/2023\/03\/image_2023-03-07_195525877.png","articleSection":["Actualit\u00e9"],"inLanguage":"fr-FR","potentialAction":[{"@type":"CommentAction","name":"Comment","target":["https:\/\/lasentinelle.dz\/index.php\/2023\/03\/07\/reglement-de-la-crise-malienne-les-mouvements-du-nord-sen-remettent-a-lalgerie\/#respond"]}]},{"@type":"WebPage","@id":"https:\/\/lasentinelle.dz\/index.php\/2023\/03\/07\/reglement-de-la-crise-malienne-les-mouvements-du-nord-sen-remettent-a-lalgerie\/","url":"https:\/\/lasentinelle.dz\/index.php\/2023\/03\/07\/reglement-de-la-crise-malienne-les-mouvements-du-nord-sen-remettent-a-lalgerie\/","name":"R\u00e8glement de la crise malienne\u00a0: Les mouvements du Nord s\u2019en remettent \u00e0 l\u2019Alg\u00e9rie - La Sentinelle","isPartOf":{"@id":"https:\/\/lasentinelle.dz\/#website"},"primaryImageOfPage":{"@id":"https:\/\/lasentinelle.dz\/index.php\/2023\/03\/07\/reglement-de-la-crise-malienne-les-mouvements-du-nord-sen-remettent-a-lalgerie\/#primaryimage"},"image":{"@id":"https:\/\/lasentinelle.dz\/index.php\/2023\/03\/07\/reglement-de-la-crise-malienne-les-mouvements-du-nord-sen-remettent-a-lalgerie\/#primaryimage"},"thumbnailUrl":"https:\/\/lasentinelle.dz\/wp-content\/uploads\/2023\/03\/image_2023-03-07_195525877.png","datePublished":"2023-03-07T21:05:00+00:00","breadcrumb":{"@id":"https:\/\/lasentinelle.dz\/index.php\/2023\/03\/07\/reglement-de-la-crise-malienne-les-mouvements-du-nord-sen-remettent-a-lalgerie\/#breadcrumb"},"inLanguage":"fr-FR","potentialAction":[{"@type":"ReadAction","target":["https:\/\/lasentinelle.dz\/index.php\/2023\/03\/07\/reglement-de-la-crise-malienne-les-mouvements-du-nord-sen-remettent-a-lalgerie\/"]}]},{"@type":"ImageObject","inLanguage":"fr-FR","@id":"https:\/\/lasentinelle.dz\/index.php\/2023\/03\/07\/reglement-de-la-crise-malienne-les-mouvements-du-nord-sen-remettent-a-lalgerie\/#primaryimage","url":"https:\/\/lasentinelle.dz\/wp-content\/uploads\/2023\/03\/image_2023-03-07_195525877.png","contentUrl":"https:\/\/lasentinelle.dz\/wp-content\/uploads\/2023\/03\/image_2023-03-07_195525877.png","width":1600,"height":900},{"@type":"BreadcrumbList","@id":"https:\/\/lasentinelle.dz\/index.php\/2023\/03\/07\/reglement-de-la-crise-malienne-les-mouvements-du-nord-sen-remettent-a-lalgerie\/#breadcrumb","itemListElement":[{"@type":"ListItem","position":1,"name":"Accueil","item":"https:\/\/lasentinelle.dz\/"},{"@type":"ListItem","position":2,"name":"R\u00e8glement de la crise malienne\u00a0: Les mouvements du Nord s\u2019en remettent \u00e0 l\u2019Alg\u00e9rie"}]},{"@type":"WebSite","@id":"https:\/\/lasentinelle.dz\/#website","url":"https:\/\/lasentinelle.dz\/","name":"La Sentinelle","description":"Quotidien national d&#039;information","publisher":{"@id":"https:\/\/lasentinelle.dz\/#organization"},"potentialAction":[{"@type":"SearchAction","target":{"@type":"EntryPoint","urlTemplate":"https:\/\/lasentinelle.dz\/?s={search_term_string}"},"query-input":{"@type":"PropertyValueSpecification","valueRequired":true,"valueName":"search_term_string"}}],"inLanguage":"fr-FR"},{"@type":"Organization","@id":"https:\/\/lasentinelle.dz\/#organization","name":"Quotidien La Sentinelle","url":"https:\/\/lasentinelle.dz\/","logo":{"@type":"ImageObject","inLanguage":"fr-FR","@id":"https:\/\/lasentinelle.dz\/#\/schema\/logo\/image\/","url":"https:\/\/lasentinelle.dz\/wp-content\/uploads\/2021\/09\/logo-sentinelleSLOGAN-1.png","contentUrl":"https:\/\/lasentinelle.dz\/wp-content\/uploads\/2021\/09\/logo-sentinelleSLOGAN-1.png","width":615,"height":142,"caption":"Quotidien La Sentinelle"},"image":{"@id":"https:\/\/lasentinelle.dz\/#\/schema\/logo\/image\/"},"sameAs":["https:\/\/www.facebook.com\/La-Sentinelle-104059864394773"]},{"@type":"Person","@id":"https:\/\/lasentinelle.dz\/#\/schema\/person\/d865044e22e70a75174ce8bcad3acfb3","name":"La Sentinelle","image":{"@type":"ImageObject","inLanguage":"fr-FR","@id":"https:\/\/secure.gravatar.com\/avatar\/57de8e5d4b15d43fb361a71fbb36338450fe67865b528a43dd10ef7c51a20392?s=96&d=mm&r=g","url":"https:\/\/secure.gravatar.com\/avatar\/57de8e5d4b15d43fb361a71fbb36338450fe67865b528a43dd10ef7c51a20392?s=96&d=mm&r=g","contentUrl":"https:\/\/secure.gravatar.com\/avatar\/57de8e5d4b15d43fb361a71fbb36338450fe67865b528a43dd10ef7c51a20392?s=96&d=mm&r=g","caption":"La Sentinelle"},"sameAs":["http:\/\/www.lasentinelle.dz"],"url":"https:\/\/lasentinelle.dz\/author\/redaction\/"}]}},"_links":{"self":[{"href":"https:\/\/lasentinelle.dz\/index.php\/wp-json\/wp\/v2\/posts\/37474","targetHints":{"allow":["GET"]}}],"collection":[{"href":"https:\/\/lasentinelle.dz\/index.php\/wp-json\/wp\/v2\/posts"}],"about":[{"href":"https:\/\/lasentinelle.dz\/index.php\/wp-json\/wp\/v2\/types\/post"}],"author":[{"embeddable":true,"href":"https:\/\/lasentinelle.dz\/index.php\/wp-json\/wp\/v2\/users\/3"}],"replies":[{"embeddable":true,"href":"https:\/\/lasentinelle.dz\/index.php\/wp-json\/wp\/v2\/comments?post=37474"}],"version-history":[{"count":1,"href":"https:\/\/lasentinelle.dz\/index.php\/wp-json\/wp\/v2\/posts\/37474\/revisions"}],"predecessor-version":[{"id":37478,"href":"https:\/\/lasentinelle.dz\/index.php\/wp-json\/wp\/v2\/posts\/37474\/revisions\/37478"}],"wp:featuredmedia":[{"embeddable":true,"href":"https:\/\/lasentinelle.dz\/index.php\/wp-json\/wp\/v2\/media\/37475"}],"wp:attachment":[{"href":"https:\/\/lasentinelle.dz\/index.php\/wp-json\/wp\/v2\/media?parent=37474"}],"wp:term":[{"taxonomy":"category","embeddable":true,"href":"https:\/\/lasentinelle.dz\/index.php\/wp-json\/wp\/v2\/categories?post=37474"},{"taxonomy":"post_tag","embeddable":true,"href":"https:\/\/lasentinelle.dz\/index.php\/wp-json\/wp\/v2\/tags?post=37474"}],"curies":[{"name":"wp","href":"https:\/\/api.w.org\/{rel}","templated":true}]}}