{"id":37480,"date":"2023-03-07T22:05:00","date_gmt":"2023-03-07T21:05:00","guid":{"rendered":"https:\/\/lasentinelle.dz\/?p=37480"},"modified":"2023-03-07T20:32:09","modified_gmt":"2023-03-07T19:32:09","slug":"sans-salaires-depuis-plus-de-huit-mois-les-travailleurs-a-africaver-observent-un-sit-in","status":"publish","type":"post","link":"https:\/\/lasentinelle.dz\/index.php\/2023\/03\/07\/sans-salaires-depuis-plus-de-huit-mois-les-travailleurs-a-africaver-observent-un-sit-in\/","title":{"rendered":"Sans salaires depuis plus de huit mois\u00a0: Les travailleurs d&rsquo;Africaver observent un sit-in"},"content":{"rendered":"\n<p>Loin du plan de relance annonc\u00e9 par les pouvoirs publics et des derni\u00e8res&nbsp; assurances du minist\u00e8re de truelle, l\u2019entreprise Africaver est \u00e0 l\u2019agonie.La tension persiste au sein des travailleurs de la soci\u00e9t\u00e9 Africaver, entreprise implant\u00e9e dans la zone industrielle de Ouled Salah (Taher, wilaya de Jijel), qui ne cessent de revendiquer leurs salaires impay\u00e9s depuis plus de huit mois. Selon une source interne \u00e0 ladite entreprise, les 192 travailleurs n\u2019ont pas per\u00e7u leurs salaires depuis juin&nbsp; dernier, soit 8 mois sans salaire, ajoutant que la situation pr\u00e9valant actuellement au sein de l&rsquo; entreprise est inqui\u00e9tante notamment&nbsp; en cette conjoncture \u00e9conomique tr\u00e8s difficile. Notre source a ajout\u00e9 que&nbsp; sur les trois fours de production dont dispose Africaver, il n\u2019y a qu\u2019un four qui est op\u00e9rationnel avec un faible taux d\u2019exploitation. Ainsi,&nbsp; la capacit\u00e9 d\u2019exploitation pour le b\u00e2timent de verre de s\u00e9curit\u00e9 demeure en de\u00e7\u00e0 de sa capacit\u00e9, ce qui influe sur le rendement de l\u2019outil de production de l\u2019entreprise confront\u00e9e \u00e0 de s\u00e9rieux probl\u00e8mes financiers. La m\u00eame source \u00e0 soulign\u00e9 que l\u2019entreprise paie les \u00e9ch\u00e9ances des cr\u00e9ances, les redevances de la Sonelgaz, et des services des imp\u00f4ts ainsi que les cotisations de la CNAS qui sont d\u2019un montant d\u2019un milliard de centimes. Ce qui constitue un fardeau pour la tr\u00e9sorerie d\u2019Africaver dont les responsables ont \u00e9t\u00e9 interpell\u00e9s par le ministre de l\u2019Industrie afin de chercher d\u2019autres cr\u00e9neaux porteurs, et compter sur soi dans la qu\u00eate de nouveaux march\u00e9s, notamment avec la future industrie de l\u2019automobile. Il est \u00e0 noter que faute d\u2019une strat\u00e9gie industrielle salvatrice pour un tissu industriel moribond, le dernier four d\u2019Africaver risque de s\u2019\u00e9teindre \u00e0 tout moment, mettant ainsi pas moins de 192 travailleurs au ch\u00f4mage. En attendant une bou\u00e9e de sauvetage pour cette entreprise et ses 192 travailleurs, il est utile de rappeler que, la soci\u00e9t\u00e9 Africaver (Soci\u00e9t\u00e9 africaine du verre) est sp\u00e9cialis\u00e9e dans la production et la commercialisation de produits en verre.<\/p>\n\n\n\n<p><strong>Sofia Chahine<\/strong><\/p>\n","protected":false},"excerpt":{"rendered":"<p>Loin du plan de relance annonc\u00e9 par les pouvoirs publics et des derni\u00e8res&nbsp; assurances du minist\u00e8re de truelle, l\u2019entreprise Africaver<\/p>\n","protected":false},"author":3,"featured_media":37487,"comment_status":"open","ping_status":"closed","sticky":false,"template":"","format":"standard","meta":{"colormag_page_container_layout":"default_layout","colormag_page_sidebar_layout":"default_layout","om_disable_all_campaigns":false,"_monsterinsights_skip_tracking":false,"_monsterinsights_sitenote_active":false,"_monsterinsights_sitenote_note":"","_monsterinsights_sitenote_category":0,"footnotes":"","_wpscppro_dont_share_socialmedia":false,"_wpscppro_custom_social_share_image":0,"_facebook_share_type":"","_twitter_share_type":"","_linkedin_share_type":"","_pinterest_share_type":"","_linkedin_share_type_page":"","_instagram_share_type":"","_medium_share_type":"","_threads_share_type":"","_google_business_share_type":"","_selected_social_profile":[],"_wpsp_enable_custom_social_template":false,"_wpsp_social_scheduling":{"enabled":false,"datetime":null,"platforms":[],"status":"template_only","dateOption":"today","timeOption":"now","customDays":"","customHours":"","customDate":"","customTime":"","schedulingType":"absolute"},"_wpsp_active_default_template":true},"categories":[27],"tags":[],"class_list":["post-37480","post","type-post","status-publish","format-standard","has-post-thumbnail","hentry","category-actualite"],"aioseo_notices":[],"yoast_head":"<!-- This site is optimized with the Yoast SEO plugin v27.5 - https:\/\/yoast.com\/product\/yoast-seo-wordpress\/ -->\n<title>Sans salaires depuis plus de huit mois\u00a0: Les travailleurs d&#039;Africaver observent un sit-in - La Sentinelle<\/title>\n<meta name=\"robots\" content=\"index, follow, max-snippet:-1, max-image-preview:large, max-video-preview:-1\" \/>\n<link rel=\"canonical\" href=\"https:\/\/lasentinelle.dz\/index.php\/2023\/03\/07\/sans-salaires-depuis-plus-de-huit-mois-les-travailleurs-a-africaver-observent-un-sit-in\/\" \/>\n<meta property=\"og:locale\" content=\"fr_FR\" \/>\n<meta property=\"og:type\" content=\"article\" \/>\n<meta property=\"og:title\" content=\"Sans salaires depuis plus de huit mois\u00a0: Les travailleurs d&#039;Africaver observent un sit-in - La Sentinelle\" \/>\n<meta property=\"og:description\" content=\"Loin du plan de relance annonc\u00e9 par les pouvoirs publics et des derni\u00e8res&nbsp; assurances du minist\u00e8re de truelle, l\u2019entreprise Africaver\" \/>\n<meta property=\"og:url\" content=\"https:\/\/lasentinelle.dz\/index.php\/2023\/03\/07\/sans-salaires-depuis-plus-de-huit-mois-les-travailleurs-a-africaver-observent-un-sit-in\/\" \/>\n<meta property=\"og:site_name\" content=\"La Sentinelle\" \/>\n<meta property=\"article:publisher\" content=\"https:\/\/www.facebook.com\/La-Sentinelle-104059864394773\" \/>\n<meta property=\"article:published_time\" content=\"2023-03-07T21:05:00+00:00\" \/>\n<meta property=\"og:image\" content=\"https:\/\/lasentinelle.dz\/wp-content\/uploads\/2023\/03\/Sans-titre-3-6.png\" \/>\n\t<meta property=\"og:image:width\" content=\"1592\" \/>\n\t<meta property=\"og:image:height\" content=\"900\" \/>\n\t<meta property=\"og:image:type\" content=\"image\/png\" \/>\n<meta name=\"author\" content=\"La Sentinelle\" \/>\n<meta name=\"twitter:card\" content=\"summary_large_image\" \/>\n<meta name=\"twitter:label1\" content=\"\u00c9crit par\" \/>\n\t<meta name=\"twitter:data1\" content=\"La Sentinelle\" \/>\n\t<meta name=\"twitter:label2\" content=\"Dur\u00e9e de lecture estim\u00e9e\" \/>\n\t<meta name=\"twitter:data2\" content=\"2 minutes\" \/>\n<script type=\"application\/ld+json\" class=\"yoast-schema-graph\">{\"@context\":\"https:\\\/\\\/schema.org\",\"@graph\":[{\"@type\":\"Article\",\"@id\":\"https:\\\/\\\/lasentinelle.dz\\\/index.php\\\/2023\\\/03\\\/07\\\/sans-salaires-depuis-plus-de-huit-mois-les-travailleurs-a-africaver-observent-un-sit-in\\\/#article\",\"isPartOf\":{\"@id\":\"https:\\\/\\\/lasentinelle.dz\\\/index.php\\\/2023\\\/03\\\/07\\\/sans-salaires-depuis-plus-de-huit-mois-les-travailleurs-a-africaver-observent-un-sit-in\\\/\"},\"author\":{\"name\":\"La Sentinelle\",\"@id\":\"https:\\\/\\\/lasentinelle.dz\\\/#\\\/schema\\\/person\\\/d865044e22e70a75174ce8bcad3acfb3\"},\"headline\":\"Sans salaires depuis plus de huit mois\u00a0: Les travailleurs d&rsquo;Africaver observent un sit-in\",\"datePublished\":\"2023-03-07T21:05:00+00:00\",\"mainEntityOfPage\":{\"@id\":\"https:\\\/\\\/lasentinelle.dz\\\/index.php\\\/2023\\\/03\\\/07\\\/sans-salaires-depuis-plus-de-huit-mois-les-travailleurs-a-africaver-observent-un-sit-in\\\/\"},\"wordCount\":378,\"commentCount\":0,\"publisher\":{\"@id\":\"https:\\\/\\\/lasentinelle.dz\\\/#organization\"},\"image\":{\"@id\":\"https:\\\/\\\/lasentinelle.dz\\\/index.php\\\/2023\\\/03\\\/07\\\/sans-salaires-depuis-plus-de-huit-mois-les-travailleurs-a-africaver-observent-un-sit-in\\\/#primaryimage\"},\"thumbnailUrl\":\"https:\\\/\\\/lasentinelle.dz\\\/wp-content\\\/uploads\\\/2023\\\/03\\\/Sans-titre-3-6.png\",\"articleSection\":[\"Actualit\u00e9\"],\"inLanguage\":\"fr-FR\",\"potentialAction\":[{\"@type\":\"CommentAction\",\"name\":\"Comment\",\"target\":[\"https:\\\/\\\/lasentinelle.dz\\\/index.php\\\/2023\\\/03\\\/07\\\/sans-salaires-depuis-plus-de-huit-mois-les-travailleurs-a-africaver-observent-un-sit-in\\\/#respond\"]}]},{\"@type\":\"WebPage\",\"@id\":\"https:\\\/\\\/lasentinelle.dz\\\/index.php\\\/2023\\\/03\\\/07\\\/sans-salaires-depuis-plus-de-huit-mois-les-travailleurs-a-africaver-observent-un-sit-in\\\/\",\"url\":\"https:\\\/\\\/lasentinelle.dz\\\/index.php\\\/2023\\\/03\\\/07\\\/sans-salaires-depuis-plus-de-huit-mois-les-travailleurs-a-africaver-observent-un-sit-in\\\/\",\"name\":\"Sans salaires depuis plus de huit mois\u00a0: Les travailleurs d'Africaver observent un sit-in - La Sentinelle\",\"isPartOf\":{\"@id\":\"https:\\\/\\\/lasentinelle.dz\\\/#website\"},\"primaryImageOfPage\":{\"@id\":\"https:\\\/\\\/lasentinelle.dz\\\/index.php\\\/2023\\\/03\\\/07\\\/sans-salaires-depuis-plus-de-huit-mois-les-travailleurs-a-africaver-observent-un-sit-in\\\/#primaryimage\"},\"image\":{\"@id\":\"https:\\\/\\\/lasentinelle.dz\\\/index.php\\\/2023\\\/03\\\/07\\\/sans-salaires-depuis-plus-de-huit-mois-les-travailleurs-a-africaver-observent-un-sit-in\\\/#primaryimage\"},\"thumbnailUrl\":\"https:\\\/\\\/lasentinelle.dz\\\/wp-content\\\/uploads\\\/2023\\\/03\\\/Sans-titre-3-6.png\",\"datePublished\":\"2023-03-07T21:05:00+00:00\",\"breadcrumb\":{\"@id\":\"https:\\\/\\\/lasentinelle.dz\\\/index.php\\\/2023\\\/03\\\/07\\\/sans-salaires-depuis-plus-de-huit-mois-les-travailleurs-a-africaver-observent-un-sit-in\\\/#breadcrumb\"},\"inLanguage\":\"fr-FR\",\"potentialAction\":[{\"@type\":\"ReadAction\",\"target\":[\"https:\\\/\\\/lasentinelle.dz\\\/index.php\\\/2023\\\/03\\\/07\\\/sans-salaires-depuis-plus-de-huit-mois-les-travailleurs-a-africaver-observent-un-sit-in\\\/\"]}]},{\"@type\":\"ImageObject\",\"inLanguage\":\"fr-FR\",\"@id\":\"https:\\\/\\\/lasentinelle.dz\\\/index.php\\\/2023\\\/03\\\/07\\\/sans-salaires-depuis-plus-de-huit-mois-les-travailleurs-a-africaver-observent-un-sit-in\\\/#primaryimage\",\"url\":\"https:\\\/\\\/lasentinelle.dz\\\/wp-content\\\/uploads\\\/2023\\\/03\\\/Sans-titre-3-6.png\",\"contentUrl\":\"https:\\\/\\\/lasentinelle.dz\\\/wp-content\\\/uploads\\\/2023\\\/03\\\/Sans-titre-3-6.png\",\"width\":1592,\"height\":900},{\"@type\":\"BreadcrumbList\",\"@id\":\"https:\\\/\\\/lasentinelle.dz\\\/index.php\\\/2023\\\/03\\\/07\\\/sans-salaires-depuis-plus-de-huit-mois-les-travailleurs-a-africaver-observent-un-sit-in\\\/#breadcrumb\",\"itemListElement\":[{\"@type\":\"ListItem\",\"position\":1,\"name\":\"Accueil\",\"item\":\"https:\\\/\\\/lasentinelle.dz\\\/\"},{\"@type\":\"ListItem\",\"position\":2,\"name\":\"Sans salaires depuis plus de huit mois\u00a0: Les travailleurs d&rsquo;Africaver observent un sit-in\"}]},{\"@type\":\"WebSite\",\"@id\":\"https:\\\/\\\/lasentinelle.dz\\\/#website\",\"url\":\"https:\\\/\\\/lasentinelle.dz\\\/\",\"name\":\"La Sentinelle\",\"description\":\"Quotidien national d&#039;information\",\"publisher\":{\"@id\":\"https:\\\/\\\/lasentinelle.dz\\\/#organization\"},\"potentialAction\":[{\"@type\":\"SearchAction\",\"target\":{\"@type\":\"EntryPoint\",\"urlTemplate\":\"https:\\\/\\\/lasentinelle.dz\\\/?s={search_term_string}\"},\"query-input\":{\"@type\":\"PropertyValueSpecification\",\"valueRequired\":true,\"valueName\":\"search_term_string\"}}],\"inLanguage\":\"fr-FR\"},{\"@type\":\"Organization\",\"@id\":\"https:\\\/\\\/lasentinelle.dz\\\/#organization\",\"name\":\"Quotidien La Sentinelle\",\"url\":\"https:\\\/\\\/lasentinelle.dz\\\/\",\"logo\":{\"@type\":\"ImageObject\",\"inLanguage\":\"fr-FR\",\"@id\":\"https:\\\/\\\/lasentinelle.dz\\\/#\\\/schema\\\/logo\\\/image\\\/\",\"url\":\"https:\\\/\\\/lasentinelle.dz\\\/wp-content\\\/uploads\\\/2021\\\/09\\\/logo-sentinelleSLOGAN-1.png\",\"contentUrl\":\"https:\\\/\\\/lasentinelle.dz\\\/wp-content\\\/uploads\\\/2021\\\/09\\\/logo-sentinelleSLOGAN-1.png\",\"width\":615,\"height\":142,\"caption\":\"Quotidien La Sentinelle\"},\"image\":{\"@id\":\"https:\\\/\\\/lasentinelle.dz\\\/#\\\/schema\\\/logo\\\/image\\\/\"},\"sameAs\":[\"https:\\\/\\\/www.facebook.com\\\/La-Sentinelle-104059864394773\"]},{\"@type\":\"Person\",\"@id\":\"https:\\\/\\\/lasentinelle.dz\\\/#\\\/schema\\\/person\\\/d865044e22e70a75174ce8bcad3acfb3\",\"name\":\"La Sentinelle\",\"image\":{\"@type\":\"ImageObject\",\"inLanguage\":\"fr-FR\",\"@id\":\"https:\\\/\\\/secure.gravatar.com\\\/avatar\\\/57de8e5d4b15d43fb361a71fbb36338450fe67865b528a43dd10ef7c51a20392?s=96&d=mm&r=g\",\"url\":\"https:\\\/\\\/secure.gravatar.com\\\/avatar\\\/57de8e5d4b15d43fb361a71fbb36338450fe67865b528a43dd10ef7c51a20392?s=96&d=mm&r=g\",\"contentUrl\":\"https:\\\/\\\/secure.gravatar.com\\\/avatar\\\/57de8e5d4b15d43fb361a71fbb36338450fe67865b528a43dd10ef7c51a20392?s=96&d=mm&r=g\",\"caption\":\"La Sentinelle\"},\"sameAs\":[\"http:\\\/\\\/www.lasentinelle.dz\"],\"url\":\"https:\\\/\\\/lasentinelle.dz\\\/author\\\/redaction\\\/\"}]}<\/script>\n<!-- \/ Yoast SEO plugin. -->","yoast_head_json":{"title":"Sans salaires depuis plus de huit mois\u00a0: Les travailleurs d'Africaver observent un sit-in - La Sentinelle","robots":{"index":"index","follow":"follow","max-snippet":"max-snippet:-1","max-image-preview":"max-image-preview:large","max-video-preview":"max-video-preview:-1"},"canonical":"https:\/\/lasentinelle.dz\/index.php\/2023\/03\/07\/sans-salaires-depuis-plus-de-huit-mois-les-travailleurs-a-africaver-observent-un-sit-in\/","og_locale":"fr_FR","og_type":"article","og_title":"Sans salaires depuis plus de huit mois\u00a0: Les travailleurs d'Africaver observent un sit-in - La Sentinelle","og_description":"Loin du plan de relance annonc\u00e9 par les pouvoirs publics et des derni\u00e8res&nbsp; assurances du minist\u00e8re de truelle, l\u2019entreprise Africaver","og_url":"https:\/\/lasentinelle.dz\/index.php\/2023\/03\/07\/sans-salaires-depuis-plus-de-huit-mois-les-travailleurs-a-africaver-observent-un-sit-in\/","og_site_name":"La Sentinelle","article_publisher":"https:\/\/www.facebook.com\/La-Sentinelle-104059864394773","article_published_time":"2023-03-07T21:05:00+00:00","og_image":[{"width":1592,"height":900,"url":"https:\/\/lasentinelle.dz\/wp-content\/uploads\/2023\/03\/Sans-titre-3-6.png","type":"image\/png"}],"author":"La Sentinelle","twitter_card":"summary_large_image","twitter_misc":{"\u00c9crit par":"La Sentinelle","Dur\u00e9e de lecture estim\u00e9e":"2 minutes"},"schema":{"@context":"https:\/\/schema.org","@graph":[{"@type":"Article","@id":"https:\/\/lasentinelle.dz\/index.php\/2023\/03\/07\/sans-salaires-depuis-plus-de-huit-mois-les-travailleurs-a-africaver-observent-un-sit-in\/#article","isPartOf":{"@id":"https:\/\/lasentinelle.dz\/index.php\/2023\/03\/07\/sans-salaires-depuis-plus-de-huit-mois-les-travailleurs-a-africaver-observent-un-sit-in\/"},"author":{"name":"La Sentinelle","@id":"https:\/\/lasentinelle.dz\/#\/schema\/person\/d865044e22e70a75174ce8bcad3acfb3"},"headline":"Sans salaires depuis plus de huit mois\u00a0: Les travailleurs d&rsquo;Africaver observent un sit-in","datePublished":"2023-03-07T21:05:00+00:00","mainEntityOfPage":{"@id":"https:\/\/lasentinelle.dz\/index.php\/2023\/03\/07\/sans-salaires-depuis-plus-de-huit-mois-les-travailleurs-a-africaver-observent-un-sit-in\/"},"wordCount":378,"commentCount":0,"publisher":{"@id":"https:\/\/lasentinelle.dz\/#organization"},"image":{"@id":"https:\/\/lasentinelle.dz\/index.php\/2023\/03\/07\/sans-salaires-depuis-plus-de-huit-mois-les-travailleurs-a-africaver-observent-un-sit-in\/#primaryimage"},"thumbnailUrl":"https:\/\/lasentinelle.dz\/wp-content\/uploads\/2023\/03\/Sans-titre-3-6.png","articleSection":["Actualit\u00e9"],"inLanguage":"fr-FR","potentialAction":[{"@type":"CommentAction","name":"Comment","target":["https:\/\/lasentinelle.dz\/index.php\/2023\/03\/07\/sans-salaires-depuis-plus-de-huit-mois-les-travailleurs-a-africaver-observent-un-sit-in\/#respond"]}]},{"@type":"WebPage","@id":"https:\/\/lasentinelle.dz\/index.php\/2023\/03\/07\/sans-salaires-depuis-plus-de-huit-mois-les-travailleurs-a-africaver-observent-un-sit-in\/","url":"https:\/\/lasentinelle.dz\/index.php\/2023\/03\/07\/sans-salaires-depuis-plus-de-huit-mois-les-travailleurs-a-africaver-observent-un-sit-in\/","name":"Sans salaires depuis plus de huit mois\u00a0: Les travailleurs d'Africaver observent un sit-in - La Sentinelle","isPartOf":{"@id":"https:\/\/lasentinelle.dz\/#website"},"primaryImageOfPage":{"@id":"https:\/\/lasentinelle.dz\/index.php\/2023\/03\/07\/sans-salaires-depuis-plus-de-huit-mois-les-travailleurs-a-africaver-observent-un-sit-in\/#primaryimage"},"image":{"@id":"https:\/\/lasentinelle.dz\/index.php\/2023\/03\/07\/sans-salaires-depuis-plus-de-huit-mois-les-travailleurs-a-africaver-observent-un-sit-in\/#primaryimage"},"thumbnailUrl":"https:\/\/lasentinelle.dz\/wp-content\/uploads\/2023\/03\/Sans-titre-3-6.png","datePublished":"2023-03-07T21:05:00+00:00","breadcrumb":{"@id":"https:\/\/lasentinelle.dz\/index.php\/2023\/03\/07\/sans-salaires-depuis-plus-de-huit-mois-les-travailleurs-a-africaver-observent-un-sit-in\/#breadcrumb"},"inLanguage":"fr-FR","potentialAction":[{"@type":"ReadAction","target":["https:\/\/lasentinelle.dz\/index.php\/2023\/03\/07\/sans-salaires-depuis-plus-de-huit-mois-les-travailleurs-a-africaver-observent-un-sit-in\/"]}]},{"@type":"ImageObject","inLanguage":"fr-FR","@id":"https:\/\/lasentinelle.dz\/index.php\/2023\/03\/07\/sans-salaires-depuis-plus-de-huit-mois-les-travailleurs-a-africaver-observent-un-sit-in\/#primaryimage","url":"https:\/\/lasentinelle.dz\/wp-content\/uploads\/2023\/03\/Sans-titre-3-6.png","contentUrl":"https:\/\/lasentinelle.dz\/wp-content\/uploads\/2023\/03\/Sans-titre-3-6.png","width":1592,"height":900},{"@type":"BreadcrumbList","@id":"https:\/\/lasentinelle.dz\/index.php\/2023\/03\/07\/sans-salaires-depuis-plus-de-huit-mois-les-travailleurs-a-africaver-observent-un-sit-in\/#breadcrumb","itemListElement":[{"@type":"ListItem","position":1,"name":"Accueil","item":"https:\/\/lasentinelle.dz\/"},{"@type":"ListItem","position":2,"name":"Sans salaires depuis plus de huit mois\u00a0: Les travailleurs d&rsquo;Africaver observent un sit-in"}]},{"@type":"WebSite","@id":"https:\/\/lasentinelle.dz\/#website","url":"https:\/\/lasentinelle.dz\/","name":"La Sentinelle","description":"Quotidien national d&#039;information","publisher":{"@id":"https:\/\/lasentinelle.dz\/#organization"},"potentialAction":[{"@type":"SearchAction","target":{"@type":"EntryPoint","urlTemplate":"https:\/\/lasentinelle.dz\/?s={search_term_string}"},"query-input":{"@type":"PropertyValueSpecification","valueRequired":true,"valueName":"search_term_string"}}],"inLanguage":"fr-FR"},{"@type":"Organization","@id":"https:\/\/lasentinelle.dz\/#organization","name":"Quotidien La Sentinelle","url":"https:\/\/lasentinelle.dz\/","logo":{"@type":"ImageObject","inLanguage":"fr-FR","@id":"https:\/\/lasentinelle.dz\/#\/schema\/logo\/image\/","url":"https:\/\/lasentinelle.dz\/wp-content\/uploads\/2021\/09\/logo-sentinelleSLOGAN-1.png","contentUrl":"https:\/\/lasentinelle.dz\/wp-content\/uploads\/2021\/09\/logo-sentinelleSLOGAN-1.png","width":615,"height":142,"caption":"Quotidien La Sentinelle"},"image":{"@id":"https:\/\/lasentinelle.dz\/#\/schema\/logo\/image\/"},"sameAs":["https:\/\/www.facebook.com\/La-Sentinelle-104059864394773"]},{"@type":"Person","@id":"https:\/\/lasentinelle.dz\/#\/schema\/person\/d865044e22e70a75174ce8bcad3acfb3","name":"La Sentinelle","image":{"@type":"ImageObject","inLanguage":"fr-FR","@id":"https:\/\/secure.gravatar.com\/avatar\/57de8e5d4b15d43fb361a71fbb36338450fe67865b528a43dd10ef7c51a20392?s=96&d=mm&r=g","url":"https:\/\/secure.gravatar.com\/avatar\/57de8e5d4b15d43fb361a71fbb36338450fe67865b528a43dd10ef7c51a20392?s=96&d=mm&r=g","contentUrl":"https:\/\/secure.gravatar.com\/avatar\/57de8e5d4b15d43fb361a71fbb36338450fe67865b528a43dd10ef7c51a20392?s=96&d=mm&r=g","caption":"La Sentinelle"},"sameAs":["http:\/\/www.lasentinelle.dz"],"url":"https:\/\/lasentinelle.dz\/author\/redaction\/"}]}},"_links":{"self":[{"href":"https:\/\/lasentinelle.dz\/index.php\/wp-json\/wp\/v2\/posts\/37480","targetHints":{"allow":["GET"]}}],"collection":[{"href":"https:\/\/lasentinelle.dz\/index.php\/wp-json\/wp\/v2\/posts"}],"about":[{"href":"https:\/\/lasentinelle.dz\/index.php\/wp-json\/wp\/v2\/types\/post"}],"author":[{"embeddable":true,"href":"https:\/\/lasentinelle.dz\/index.php\/wp-json\/wp\/v2\/users\/3"}],"replies":[{"embeddable":true,"href":"https:\/\/lasentinelle.dz\/index.php\/wp-json\/wp\/v2\/comments?post=37480"}],"version-history":[{"count":2,"href":"https:\/\/lasentinelle.dz\/index.php\/wp-json\/wp\/v2\/posts\/37480\/revisions"}],"predecessor-version":[{"id":37491,"href":"https:\/\/lasentinelle.dz\/index.php\/wp-json\/wp\/v2\/posts\/37480\/revisions\/37491"}],"wp:featuredmedia":[{"embeddable":true,"href":"https:\/\/lasentinelle.dz\/index.php\/wp-json\/wp\/v2\/media\/37487"}],"wp:attachment":[{"href":"https:\/\/lasentinelle.dz\/index.php\/wp-json\/wp\/v2\/media?parent=37480"}],"wp:term":[{"taxonomy":"category","embeddable":true,"href":"https:\/\/lasentinelle.dz\/index.php\/wp-json\/wp\/v2\/categories?post=37480"},{"taxonomy":"post_tag","embeddable":true,"href":"https:\/\/lasentinelle.dz\/index.php\/wp-json\/wp\/v2\/tags?post=37480"}],"curies":[{"name":"wp","href":"https:\/\/api.w.org\/{rel}","templated":true}]}}