{"id":37481,"date":"2023-03-07T22:08:00","date_gmt":"2023-03-07T21:08:00","guid":{"rendered":"https:\/\/lasentinelle.dz\/?p=37481"},"modified":"2023-03-07T21:08:13","modified_gmt":"2023-03-07T20:08:13","slug":"projet-de-loi-sur-lexercice-du-droit-syndical-le-quitus-de-lapn","status":"publish","type":"post","link":"https:\/\/lasentinelle.dz\/index.php\/2023\/03\/07\/projet-de-loi-sur-lexercice-du-droit-syndical-le-quitus-de-lapn\/","title":{"rendered":"Projet de loi sur l\u2019exercice du droit syndical\u00a0: Le quitus de l\u2019APN"},"content":{"rendered":"\n<p>Apr\u00e8s quatre jours de d\u00e9bats l\u2019Assembl\u00e9e populaire nationale et avant cela des semaines de pol\u00e9mique, le projet de loi relatif \u00e0 l\u2019exercice du droit syndical a \u00e9t\u00e9 adopt\u00e9 hier de la s\u00e9ance pl\u00e9ni\u00e8re par la Chambre basse du Parlement. Il est vrai que le texte avait suscit\u00e9 l\u2019opposition des syndicalistes \u00e0 certaines dispositions et suscit\u00e9 des discussions nourries au sein du Parlement. D\u2019ailleurs, la commission de la sant\u00e9, des affaires sociales, du travail et de la formation professionnelle s\u2019est pench\u00e9e sur pas moins de 56 propositions d\u2019amendement, tout en ayant elle-m\u00eame propos\u00e9e 16 allant dans le sens des pr\u00e9occupations des syndicats, notamment en ce qui concerne le taux de repr\u00e9sentation des syndicats, ainsi que les liens entre les syndicats et le monde politique.<\/p>\n\n\n\n<p>Rappelons que le ministre du Travail, de l\u2019Emploi et de la S\u00e9curit\u00e9 sociale, Youcef Chorfa a insist\u00e9 lors des d\u00e9bats sur le fait que le nouveau texte a pour objectif de renforcer l\u2019action syndicale et de consolider la repr\u00e9sentativit\u00e9 des syndicats.<\/p>\n\n\n\n<p>Auparavant, les d\u00e9put\u00e9s ont adopt\u00e9, \u00e0 la majorit\u00e9, le projet de loi organique modifiant et compl\u00e9tant la loi organique n\u00b0 16-12 du 25 ao\u00fbt 2016, qui fixe l&rsquo;organisation de l&rsquo;Assembl\u00e9e populaire nationale et du Conseil de la Nation, leur fonctionnement ainsi que leus relations avec l\u2019Ex\u00e9cutif. Un autre texte qui a \u00e9galement suscit\u00e9 de vives r\u00e9actions au sein de l\u2019H\u00e9micycle les d\u00e9put\u00e9s ayant saisi l\u2019occasion pour tancer certains ministres qui ne prennent pas la peine de r\u00e9pondre aux invitations des parlementaire \u00e0 r\u00e9pondre \u00e0 leurs questions. Un texte dont certaines dispositions n\u2019ont pas \u00e9t\u00e9 avalis\u00e9es par les parlementaires. D\u2019ailleurs 36 propositions d\u2019amendements ont \u00e9t\u00e9 soumises \u00e0 la commission sp\u00e9cialis\u00e9e laquelle en a adopt\u00e9 8 et est parvenue \u00e0 une formulation consensuelle pour plusieurs d&rsquo;entre eux, tout en retirant 11 amendements.Le texte de loi a introduit un nouveau mode de vote des projets de loi par voie \u00e9lectronique, outre le parach\u00e8vement des proc\u00e9dures de convocation de la commission paritaire, en \u00ab\u00a0signalant au Premier ministre ou au Chef du gouvernement, imm\u00e9diatement et selon le cas, un d\u00e9saccord entre les deux chambres du Parlement sur les dispositions du texte de loi, objet de d\u00e9saccord, et ce par le pr\u00e9sident de la chambre o\u00f9 il y a eu d\u00e9saccord\u00a0\u00bb.Conform\u00e9ment au projet de loi, la dur\u00e9e de la session parlementaire ordinaire est fix\u00e9e \u00e0 10 mois au maximum.<\/p>\n\n\n\n<p>Enfin, l\u2019H\u00e9micycle a vot\u00e9 le projet de loi portant r\u00e8glement budg\u00e9taire de l\u2019exercice 2020.Selon le projet de loi, l&rsquo;ex\u00e9cution du budget de l&rsquo;ann\u00e9e 2020 a enregistr\u00e9 un solde n\u00e9gatif de 1 739 milliards de dinars, contre -1 952 milliards de dinars en 2019, soit une augmentation de -213 milliards de dinars. Ceci est d\u00fb \u00e0 la diminution des recettes de cette ann\u00e9e qui ont atteint 5 183 milliards de dinars \u00e0 la fin de 2020, soit un taux de r\u00e9alisation estim\u00e9 \u00e0 96 % par rapport aux pr\u00e9visions de la loi de finances compl\u00e9mentaire de l&rsquo;ann\u00e9e 2020 (5 395 milliards de dinars).<\/p>\n\n\n\n<p><strong>Chokri Hafed<\/strong><\/p>\n","protected":false},"excerpt":{"rendered":"<p>Apr\u00e8s quatre jours de d\u00e9bats l\u2019Assembl\u00e9e populaire nationale et avant cela des semaines de pol\u00e9mique, le projet de loi relatif<\/p>\n","protected":false},"author":3,"featured_media":1386,"comment_status":"open","ping_status":"closed","sticky":false,"template":"","format":"standard","meta":{"colormag_page_container_layout":"default_layout","colormag_page_sidebar_layout":"default_layout","om_disable_all_campaigns":false,"_monsterinsights_skip_tracking":false,"_monsterinsights_sitenote_active":false,"_monsterinsights_sitenote_note":"","_monsterinsights_sitenote_category":0,"footnotes":"","_wpscppro_dont_share_socialmedia":false,"_wpscppro_custom_social_share_image":0,"_facebook_share_type":"","_twitter_share_type":"","_linkedin_share_type":"","_pinterest_share_type":"","_linkedin_share_type_page":"","_instagram_share_type":"","_medium_share_type":"","_threads_share_type":"","_google_business_share_type":"","_selected_social_profile":[],"_wpsp_enable_custom_social_template":false,"_wpsp_social_scheduling":{"enabled":false,"datetime":null,"platforms":[],"status":"template_only","dateOption":"today","timeOption":"now","customDays":"","customHours":"","customDate":"","customTime":"","schedulingType":"absolute"},"_wpsp_active_default_template":true},"categories":[52,27],"tags":[],"class_list":["post-37481","post","type-post","status-publish","format-standard","has-post-thumbnail","hentry","category-a-la-une","category-actualite"],"aioseo_notices":[],"yoast_head":"<!-- This site is optimized with the Yoast SEO plugin v27.5 - https:\/\/yoast.com\/product\/yoast-seo-wordpress\/ -->\n<title>Projet de loi sur l\u2019exercice du droit syndical\u00a0: Le quitus de l\u2019APN - La Sentinelle<\/title>\n<meta name=\"robots\" content=\"index, follow, max-snippet:-1, max-image-preview:large, max-video-preview:-1\" \/>\n<link rel=\"canonical\" href=\"https:\/\/lasentinelle.dz\/index.php\/2023\/03\/07\/projet-de-loi-sur-lexercice-du-droit-syndical-le-quitus-de-lapn\/\" \/>\n<meta property=\"og:locale\" content=\"fr_FR\" \/>\n<meta property=\"og:type\" content=\"article\" \/>\n<meta property=\"og:title\" content=\"Projet de loi sur l\u2019exercice du droit syndical\u00a0: Le quitus de l\u2019APN - La Sentinelle\" \/>\n<meta property=\"og:description\" content=\"Apr\u00e8s quatre jours de d\u00e9bats l\u2019Assembl\u00e9e populaire nationale et avant cela des semaines de pol\u00e9mique, le projet de loi relatif\" \/>\n<meta property=\"og:url\" content=\"https:\/\/lasentinelle.dz\/index.php\/2023\/03\/07\/projet-de-loi-sur-lexercice-du-droit-syndical-le-quitus-de-lapn\/\" \/>\n<meta property=\"og:site_name\" content=\"La Sentinelle\" \/>\n<meta property=\"article:publisher\" content=\"https:\/\/www.facebook.com\/La-Sentinelle-104059864394773\" \/>\n<meta property=\"article:published_time\" content=\"2023-03-07T21:08:00+00:00\" \/>\n<meta property=\"og:image\" content=\"https:\/\/lasentinelle.dz\/wp-content\/uploads\/2021\/07\/APN.png\" \/>\n\t<meta property=\"og:image:width\" content=\"1607\" \/>\n\t<meta property=\"og:image:height\" content=\"900\" \/>\n\t<meta property=\"og:image:type\" content=\"image\/png\" \/>\n<meta name=\"author\" content=\"La Sentinelle\" \/>\n<meta name=\"twitter:card\" content=\"summary_large_image\" \/>\n<meta name=\"twitter:label1\" content=\"\u00c9crit par\" \/>\n\t<meta name=\"twitter:data1\" content=\"La Sentinelle\" \/>\n\t<meta name=\"twitter:label2\" content=\"Dur\u00e9e de lecture estim\u00e9e\" \/>\n\t<meta name=\"twitter:data2\" content=\"3 minutes\" \/>\n<script type=\"application\/ld+json\" class=\"yoast-schema-graph\">{\"@context\":\"https:\\\/\\\/schema.org\",\"@graph\":[{\"@type\":\"Article\",\"@id\":\"https:\\\/\\\/lasentinelle.dz\\\/index.php\\\/2023\\\/03\\\/07\\\/projet-de-loi-sur-lexercice-du-droit-syndical-le-quitus-de-lapn\\\/#article\",\"isPartOf\":{\"@id\":\"https:\\\/\\\/lasentinelle.dz\\\/index.php\\\/2023\\\/03\\\/07\\\/projet-de-loi-sur-lexercice-du-droit-syndical-le-quitus-de-lapn\\\/\"},\"author\":{\"name\":\"La Sentinelle\",\"@id\":\"https:\\\/\\\/lasentinelle.dz\\\/#\\\/schema\\\/person\\\/d865044e22e70a75174ce8bcad3acfb3\"},\"headline\":\"Projet de loi sur l\u2019exercice du droit syndical\u00a0: Le quitus de l\u2019APN\",\"datePublished\":\"2023-03-07T21:08:00+00:00\",\"mainEntityOfPage\":{\"@id\":\"https:\\\/\\\/lasentinelle.dz\\\/index.php\\\/2023\\\/03\\\/07\\\/projet-de-loi-sur-lexercice-du-droit-syndical-le-quitus-de-lapn\\\/\"},\"wordCount\":548,\"commentCount\":0,\"publisher\":{\"@id\":\"https:\\\/\\\/lasentinelle.dz\\\/#organization\"},\"image\":{\"@id\":\"https:\\\/\\\/lasentinelle.dz\\\/index.php\\\/2023\\\/03\\\/07\\\/projet-de-loi-sur-lexercice-du-droit-syndical-le-quitus-de-lapn\\\/#primaryimage\"},\"thumbnailUrl\":\"https:\\\/\\\/lasentinelle.dz\\\/wp-content\\\/uploads\\\/2021\\\/07\\\/APN.png\",\"articleSection\":[\"\u00c0 la Une\",\"Actualit\u00e9\"],\"inLanguage\":\"fr-FR\",\"potentialAction\":[{\"@type\":\"CommentAction\",\"name\":\"Comment\",\"target\":[\"https:\\\/\\\/lasentinelle.dz\\\/index.php\\\/2023\\\/03\\\/07\\\/projet-de-loi-sur-lexercice-du-droit-syndical-le-quitus-de-lapn\\\/#respond\"]}]},{\"@type\":\"WebPage\",\"@id\":\"https:\\\/\\\/lasentinelle.dz\\\/index.php\\\/2023\\\/03\\\/07\\\/projet-de-loi-sur-lexercice-du-droit-syndical-le-quitus-de-lapn\\\/\",\"url\":\"https:\\\/\\\/lasentinelle.dz\\\/index.php\\\/2023\\\/03\\\/07\\\/projet-de-loi-sur-lexercice-du-droit-syndical-le-quitus-de-lapn\\\/\",\"name\":\"Projet de loi sur l\u2019exercice du droit syndical\u00a0: Le quitus de l\u2019APN - La Sentinelle\",\"isPartOf\":{\"@id\":\"https:\\\/\\\/lasentinelle.dz\\\/#website\"},\"primaryImageOfPage\":{\"@id\":\"https:\\\/\\\/lasentinelle.dz\\\/index.php\\\/2023\\\/03\\\/07\\\/projet-de-loi-sur-lexercice-du-droit-syndical-le-quitus-de-lapn\\\/#primaryimage\"},\"image\":{\"@id\":\"https:\\\/\\\/lasentinelle.dz\\\/index.php\\\/2023\\\/03\\\/07\\\/projet-de-loi-sur-lexercice-du-droit-syndical-le-quitus-de-lapn\\\/#primaryimage\"},\"thumbnailUrl\":\"https:\\\/\\\/lasentinelle.dz\\\/wp-content\\\/uploads\\\/2021\\\/07\\\/APN.png\",\"datePublished\":\"2023-03-07T21:08:00+00:00\",\"breadcrumb\":{\"@id\":\"https:\\\/\\\/lasentinelle.dz\\\/index.php\\\/2023\\\/03\\\/07\\\/projet-de-loi-sur-lexercice-du-droit-syndical-le-quitus-de-lapn\\\/#breadcrumb\"},\"inLanguage\":\"fr-FR\",\"potentialAction\":[{\"@type\":\"ReadAction\",\"target\":[\"https:\\\/\\\/lasentinelle.dz\\\/index.php\\\/2023\\\/03\\\/07\\\/projet-de-loi-sur-lexercice-du-droit-syndical-le-quitus-de-lapn\\\/\"]}]},{\"@type\":\"ImageObject\",\"inLanguage\":\"fr-FR\",\"@id\":\"https:\\\/\\\/lasentinelle.dz\\\/index.php\\\/2023\\\/03\\\/07\\\/projet-de-loi-sur-lexercice-du-droit-syndical-le-quitus-de-lapn\\\/#primaryimage\",\"url\":\"https:\\\/\\\/lasentinelle.dz\\\/wp-content\\\/uploads\\\/2021\\\/07\\\/APN.png\",\"contentUrl\":\"https:\\\/\\\/lasentinelle.dz\\\/wp-content\\\/uploads\\\/2021\\\/07\\\/APN.png\",\"width\":1607,\"height\":900},{\"@type\":\"BreadcrumbList\",\"@id\":\"https:\\\/\\\/lasentinelle.dz\\\/index.php\\\/2023\\\/03\\\/07\\\/projet-de-loi-sur-lexercice-du-droit-syndical-le-quitus-de-lapn\\\/#breadcrumb\",\"itemListElement\":[{\"@type\":\"ListItem\",\"position\":1,\"name\":\"Accueil\",\"item\":\"https:\\\/\\\/lasentinelle.dz\\\/\"},{\"@type\":\"ListItem\",\"position\":2,\"name\":\"Projet de loi sur l\u2019exercice du droit syndical\u00a0: Le quitus de l\u2019APN\"}]},{\"@type\":\"WebSite\",\"@id\":\"https:\\\/\\\/lasentinelle.dz\\\/#website\",\"url\":\"https:\\\/\\\/lasentinelle.dz\\\/\",\"name\":\"La Sentinelle\",\"description\":\"Quotidien national d&#039;information\",\"publisher\":{\"@id\":\"https:\\\/\\\/lasentinelle.dz\\\/#organization\"},\"potentialAction\":[{\"@type\":\"SearchAction\",\"target\":{\"@type\":\"EntryPoint\",\"urlTemplate\":\"https:\\\/\\\/lasentinelle.dz\\\/?s={search_term_string}\"},\"query-input\":{\"@type\":\"PropertyValueSpecification\",\"valueRequired\":true,\"valueName\":\"search_term_string\"}}],\"inLanguage\":\"fr-FR\"},{\"@type\":\"Organization\",\"@id\":\"https:\\\/\\\/lasentinelle.dz\\\/#organization\",\"name\":\"Quotidien La Sentinelle\",\"url\":\"https:\\\/\\\/lasentinelle.dz\\\/\",\"logo\":{\"@type\":\"ImageObject\",\"inLanguage\":\"fr-FR\",\"@id\":\"https:\\\/\\\/lasentinelle.dz\\\/#\\\/schema\\\/logo\\\/image\\\/\",\"url\":\"https:\\\/\\\/lasentinelle.dz\\\/wp-content\\\/uploads\\\/2021\\\/09\\\/logo-sentinelleSLOGAN-1.png\",\"contentUrl\":\"https:\\\/\\\/lasentinelle.dz\\\/wp-content\\\/uploads\\\/2021\\\/09\\\/logo-sentinelleSLOGAN-1.png\",\"width\":615,\"height\":142,\"caption\":\"Quotidien La Sentinelle\"},\"image\":{\"@id\":\"https:\\\/\\\/lasentinelle.dz\\\/#\\\/schema\\\/logo\\\/image\\\/\"},\"sameAs\":[\"https:\\\/\\\/www.facebook.com\\\/La-Sentinelle-104059864394773\"]},{\"@type\":\"Person\",\"@id\":\"https:\\\/\\\/lasentinelle.dz\\\/#\\\/schema\\\/person\\\/d865044e22e70a75174ce8bcad3acfb3\",\"name\":\"La Sentinelle\",\"image\":{\"@type\":\"ImageObject\",\"inLanguage\":\"fr-FR\",\"@id\":\"https:\\\/\\\/secure.gravatar.com\\\/avatar\\\/57de8e5d4b15d43fb361a71fbb36338450fe67865b528a43dd10ef7c51a20392?s=96&d=mm&r=g\",\"url\":\"https:\\\/\\\/secure.gravatar.com\\\/avatar\\\/57de8e5d4b15d43fb361a71fbb36338450fe67865b528a43dd10ef7c51a20392?s=96&d=mm&r=g\",\"contentUrl\":\"https:\\\/\\\/secure.gravatar.com\\\/avatar\\\/57de8e5d4b15d43fb361a71fbb36338450fe67865b528a43dd10ef7c51a20392?s=96&d=mm&r=g\",\"caption\":\"La Sentinelle\"},\"sameAs\":[\"http:\\\/\\\/www.lasentinelle.dz\"],\"url\":\"https:\\\/\\\/lasentinelle.dz\\\/author\\\/redaction\\\/\"}]}<\/script>\n<!-- \/ Yoast SEO plugin. -->","yoast_head_json":{"title":"Projet de loi sur l\u2019exercice du droit syndical\u00a0: Le quitus de l\u2019APN - La Sentinelle","robots":{"index":"index","follow":"follow","max-snippet":"max-snippet:-1","max-image-preview":"max-image-preview:large","max-video-preview":"max-video-preview:-1"},"canonical":"https:\/\/lasentinelle.dz\/index.php\/2023\/03\/07\/projet-de-loi-sur-lexercice-du-droit-syndical-le-quitus-de-lapn\/","og_locale":"fr_FR","og_type":"article","og_title":"Projet de loi sur l\u2019exercice du droit syndical\u00a0: Le quitus de l\u2019APN - La Sentinelle","og_description":"Apr\u00e8s quatre jours de d\u00e9bats l\u2019Assembl\u00e9e populaire nationale et avant cela des semaines de pol\u00e9mique, le projet de loi relatif","og_url":"https:\/\/lasentinelle.dz\/index.php\/2023\/03\/07\/projet-de-loi-sur-lexercice-du-droit-syndical-le-quitus-de-lapn\/","og_site_name":"La Sentinelle","article_publisher":"https:\/\/www.facebook.com\/La-Sentinelle-104059864394773","article_published_time":"2023-03-07T21:08:00+00:00","og_image":[{"width":1607,"height":900,"url":"https:\/\/lasentinelle.dz\/wp-content\/uploads\/2021\/07\/APN.png","type":"image\/png"}],"author":"La Sentinelle","twitter_card":"summary_large_image","twitter_misc":{"\u00c9crit par":"La Sentinelle","Dur\u00e9e de lecture estim\u00e9e":"3 minutes"},"schema":{"@context":"https:\/\/schema.org","@graph":[{"@type":"Article","@id":"https:\/\/lasentinelle.dz\/index.php\/2023\/03\/07\/projet-de-loi-sur-lexercice-du-droit-syndical-le-quitus-de-lapn\/#article","isPartOf":{"@id":"https:\/\/lasentinelle.dz\/index.php\/2023\/03\/07\/projet-de-loi-sur-lexercice-du-droit-syndical-le-quitus-de-lapn\/"},"author":{"name":"La Sentinelle","@id":"https:\/\/lasentinelle.dz\/#\/schema\/person\/d865044e22e70a75174ce8bcad3acfb3"},"headline":"Projet de loi sur l\u2019exercice du droit syndical\u00a0: Le quitus de l\u2019APN","datePublished":"2023-03-07T21:08:00+00:00","mainEntityOfPage":{"@id":"https:\/\/lasentinelle.dz\/index.php\/2023\/03\/07\/projet-de-loi-sur-lexercice-du-droit-syndical-le-quitus-de-lapn\/"},"wordCount":548,"commentCount":0,"publisher":{"@id":"https:\/\/lasentinelle.dz\/#organization"},"image":{"@id":"https:\/\/lasentinelle.dz\/index.php\/2023\/03\/07\/projet-de-loi-sur-lexercice-du-droit-syndical-le-quitus-de-lapn\/#primaryimage"},"thumbnailUrl":"https:\/\/lasentinelle.dz\/wp-content\/uploads\/2021\/07\/APN.png","articleSection":["\u00c0 la Une","Actualit\u00e9"],"inLanguage":"fr-FR","potentialAction":[{"@type":"CommentAction","name":"Comment","target":["https:\/\/lasentinelle.dz\/index.php\/2023\/03\/07\/projet-de-loi-sur-lexercice-du-droit-syndical-le-quitus-de-lapn\/#respond"]}]},{"@type":"WebPage","@id":"https:\/\/lasentinelle.dz\/index.php\/2023\/03\/07\/projet-de-loi-sur-lexercice-du-droit-syndical-le-quitus-de-lapn\/","url":"https:\/\/lasentinelle.dz\/index.php\/2023\/03\/07\/projet-de-loi-sur-lexercice-du-droit-syndical-le-quitus-de-lapn\/","name":"Projet de loi sur l\u2019exercice du droit syndical\u00a0: Le quitus de l\u2019APN - La Sentinelle","isPartOf":{"@id":"https:\/\/lasentinelle.dz\/#website"},"primaryImageOfPage":{"@id":"https:\/\/lasentinelle.dz\/index.php\/2023\/03\/07\/projet-de-loi-sur-lexercice-du-droit-syndical-le-quitus-de-lapn\/#primaryimage"},"image":{"@id":"https:\/\/lasentinelle.dz\/index.php\/2023\/03\/07\/projet-de-loi-sur-lexercice-du-droit-syndical-le-quitus-de-lapn\/#primaryimage"},"thumbnailUrl":"https:\/\/lasentinelle.dz\/wp-content\/uploads\/2021\/07\/APN.png","datePublished":"2023-03-07T21:08:00+00:00","breadcrumb":{"@id":"https:\/\/lasentinelle.dz\/index.php\/2023\/03\/07\/projet-de-loi-sur-lexercice-du-droit-syndical-le-quitus-de-lapn\/#breadcrumb"},"inLanguage":"fr-FR","potentialAction":[{"@type":"ReadAction","target":["https:\/\/lasentinelle.dz\/index.php\/2023\/03\/07\/projet-de-loi-sur-lexercice-du-droit-syndical-le-quitus-de-lapn\/"]}]},{"@type":"ImageObject","inLanguage":"fr-FR","@id":"https:\/\/lasentinelle.dz\/index.php\/2023\/03\/07\/projet-de-loi-sur-lexercice-du-droit-syndical-le-quitus-de-lapn\/#primaryimage","url":"https:\/\/lasentinelle.dz\/wp-content\/uploads\/2021\/07\/APN.png","contentUrl":"https:\/\/lasentinelle.dz\/wp-content\/uploads\/2021\/07\/APN.png","width":1607,"height":900},{"@type":"BreadcrumbList","@id":"https:\/\/lasentinelle.dz\/index.php\/2023\/03\/07\/projet-de-loi-sur-lexercice-du-droit-syndical-le-quitus-de-lapn\/#breadcrumb","itemListElement":[{"@type":"ListItem","position":1,"name":"Accueil","item":"https:\/\/lasentinelle.dz\/"},{"@type":"ListItem","position":2,"name":"Projet de loi sur l\u2019exercice du droit syndical\u00a0: Le quitus de l\u2019APN"}]},{"@type":"WebSite","@id":"https:\/\/lasentinelle.dz\/#website","url":"https:\/\/lasentinelle.dz\/","name":"La Sentinelle","description":"Quotidien national d&#039;information","publisher":{"@id":"https:\/\/lasentinelle.dz\/#organization"},"potentialAction":[{"@type":"SearchAction","target":{"@type":"EntryPoint","urlTemplate":"https:\/\/lasentinelle.dz\/?s={search_term_string}"},"query-input":{"@type":"PropertyValueSpecification","valueRequired":true,"valueName":"search_term_string"}}],"inLanguage":"fr-FR"},{"@type":"Organization","@id":"https:\/\/lasentinelle.dz\/#organization","name":"Quotidien La Sentinelle","url":"https:\/\/lasentinelle.dz\/","logo":{"@type":"ImageObject","inLanguage":"fr-FR","@id":"https:\/\/lasentinelle.dz\/#\/schema\/logo\/image\/","url":"https:\/\/lasentinelle.dz\/wp-content\/uploads\/2021\/09\/logo-sentinelleSLOGAN-1.png","contentUrl":"https:\/\/lasentinelle.dz\/wp-content\/uploads\/2021\/09\/logo-sentinelleSLOGAN-1.png","width":615,"height":142,"caption":"Quotidien La Sentinelle"},"image":{"@id":"https:\/\/lasentinelle.dz\/#\/schema\/logo\/image\/"},"sameAs":["https:\/\/www.facebook.com\/La-Sentinelle-104059864394773"]},{"@type":"Person","@id":"https:\/\/lasentinelle.dz\/#\/schema\/person\/d865044e22e70a75174ce8bcad3acfb3","name":"La Sentinelle","image":{"@type":"ImageObject","inLanguage":"fr-FR","@id":"https:\/\/secure.gravatar.com\/avatar\/57de8e5d4b15d43fb361a71fbb36338450fe67865b528a43dd10ef7c51a20392?s=96&d=mm&r=g","url":"https:\/\/secure.gravatar.com\/avatar\/57de8e5d4b15d43fb361a71fbb36338450fe67865b528a43dd10ef7c51a20392?s=96&d=mm&r=g","contentUrl":"https:\/\/secure.gravatar.com\/avatar\/57de8e5d4b15d43fb361a71fbb36338450fe67865b528a43dd10ef7c51a20392?s=96&d=mm&r=g","caption":"La Sentinelle"},"sameAs":["http:\/\/www.lasentinelle.dz"],"url":"https:\/\/lasentinelle.dz\/author\/redaction\/"}]}},"_links":{"self":[{"href":"https:\/\/lasentinelle.dz\/index.php\/wp-json\/wp\/v2\/posts\/37481","targetHints":{"allow":["GET"]}}],"collection":[{"href":"https:\/\/lasentinelle.dz\/index.php\/wp-json\/wp\/v2\/posts"}],"about":[{"href":"https:\/\/lasentinelle.dz\/index.php\/wp-json\/wp\/v2\/types\/post"}],"author":[{"embeddable":true,"href":"https:\/\/lasentinelle.dz\/index.php\/wp-json\/wp\/v2\/users\/3"}],"replies":[{"embeddable":true,"href":"https:\/\/lasentinelle.dz\/index.php\/wp-json\/wp\/v2\/comments?post=37481"}],"version-history":[{"count":2,"href":"https:\/\/lasentinelle.dz\/index.php\/wp-json\/wp\/v2\/posts\/37481\/revisions"}],"predecessor-version":[{"id":37504,"href":"https:\/\/lasentinelle.dz\/index.php\/wp-json\/wp\/v2\/posts\/37481\/revisions\/37504"}],"wp:featuredmedia":[{"embeddable":true,"href":"https:\/\/lasentinelle.dz\/index.php\/wp-json\/wp\/v2\/media\/1386"}],"wp:attachment":[{"href":"https:\/\/lasentinelle.dz\/index.php\/wp-json\/wp\/v2\/media?parent=37481"}],"wp:term":[{"taxonomy":"category","embeddable":true,"href":"https:\/\/lasentinelle.dz\/index.php\/wp-json\/wp\/v2\/categories?post=37481"},{"taxonomy":"post_tag","embeddable":true,"href":"https:\/\/lasentinelle.dz\/index.php\/wp-json\/wp\/v2\/tags?post=37481"}],"curies":[{"name":"wp","href":"https:\/\/api.w.org\/{rel}","templated":true}]}}